{"id":62225,"date":"2025-01-02T08:15:10","date_gmt":"2025-01-02T11:15:10","guid":{"rendered":"https:\/\/afogadosfm.com.br\/afogadosfm\/?p=62225"},"modified":"2025-01-02T08:15:11","modified_gmt":"2025-01-02T11:15:11","slug":"sandrinho-toma-posse-em-clima-de-muita-emocao-quase-metade-do-novo-secretariado-e-composto-por-mulheres","status":"publish","type":"post","link":"https:\/\/afogadosfm.com.br\/afogadosfm\/2025\/01\/02\/sandrinho-toma-posse-em-clima-de-muita-emocao-quase-metade-do-novo-secretariado-e-composto-por-mulheres\/","title":{"rendered":"Sandrinho toma posse em clima de muita emo\u00e7\u00e3o. Quase metade do novo secretariado \u00e9 composto por mulheres"},"content":{"rendered":"\n<p>Em um ambiente marcado pela emo\u00e7\u00e3o e com o cineteatro S\u00e3o Jos\u00e9 lotado, o Prefeito reeleito Sandrinho Palmeira tomou posse na noite de ontem (01), ao lado do vice-prefeito Daniel Valadares e dos novos vereadores de Afogados da Ingazeira para o mandato 2025-2028.<\/p>\n\n\n\n<p>A sess\u00e3o foi formalmente iniciada pelo vereador Jos\u00e9 \u00c9dson, mais votado no \u00faltimo pleito. Ele conduziu a posse dos novos vereadores e vereadoras, coordenando a elei\u00e7\u00e3o para a nova mesa diretora da c\u00e2mara.<\/p>\n\n\n\n<p>Tomaram posse os vereadores e vereadoras Gal Mariano, Lucineide do Sindicato, Raimundo Lima, Simone da Feira, Douglas Eletricista, C\u00e9sar Ten\u00f3rio, Jos\u00e9 Edson, C\u00edcero Miguel, Reinaldo Lima, Vicentinho, Edson dos Cosm\u00e9ticos, Agnaldo Rodrigues e M\u00e1rio Martins.<\/p>\n\n\n\n<p>Eleitos por unanimidade, a mesa diretora do poder legislativo para o bi\u00eanio 2025-2026 ficou assim composta:<br>Presidente &#8211; Vicentinho<br>1\u00aa Secretaria &#8211; Gal Mariano<br>2\u00aa Secretaria &#8211; C\u00e9sar Ten\u00f3rio<br>Suplente: Douglas Eletricista<\/p>\n\n\n\n<p>A cerim\u00f4nia de posse contou ainda com as presen\u00e7as do Bispo Diocesano Dom Limac\u00eado Ant\u00f4nio, promotor L\u00facio Luiz de Almeida, ex-prefeito Totonho Valadares, Adriana Nascimento, diretora da FETAPE, e do advogado T\u00falio Mascena, representante da OAB.<\/p>\n\n\n\n<p>A posse do poder executivo foi comandada pelo Presidente da C\u00e2mara, vereador Vicentinho. Usando da palavra, o bispo Dom Limac\u00eado Ant\u00f4nio falou sobre a import\u00e2ncia da esperan\u00e7a na luta contra o medo. \u201cN\u00e3o queremos nunca mais ver prosperar golpes contra a democracia. A sociedade precisa abra\u00e7ar a justi\u00e7a e a paz. Que os empossados hoje possam, em sua jornada, atuar com base em tr\u00eas conceitos: o bom, o belo e o verdadeiro,\u201d finalizou Dom Limac\u00eado.<\/p>\n\n\n\n<p>O segundo da noite a falar foi o vereador mais votado no \u00faltimo pleito, Jos\u00e9 Edson, que narrou sua trajet\u00f3ria desde a sua primeira elei\u00e7\u00e3o como vereador, em 2004. Enalteceu a sua perseveran\u00e7a e disposi\u00e7\u00e3o em lutar pelo povo de Afogados da Ingazeira.<\/p>\n\n\n\n<p>J\u00e1 como Presidente empossado do legislativo, o vereador Vicentinho relembrou as suas tr\u00eas tentativas para presidir a c\u00e2mara e agradeceu aos pares pela unanimidade na vota\u00e7\u00e3o. Relembrou sua trajet\u00f3ria pol\u00edtica e destacou que ir\u00e1 trabalhar bastante para honrar a miss\u00e3o que lhe foi dada. Concluiu citando, em homenagem, uma frase dita pelo ex-prefeito e ex-deputado Jos\u00e9 Patriota: \u201ceu penei, mas aqui cheguei.\u201d<\/p>\n\n\n\n<p>Ap\u00f3s a posse do executivo, o vice-prefeito Daniel Valadares se emocionou ao falar dos seus pais e ao relembrar dos momento pol\u00edticos vivenciados no cinema. \u201cN\u00e3o d\u00e1 pra gente vir aqui e n\u00e3o lembrar de Padre Jo\u00e3o (Acioly), de Anchieta Santos, de Dom Francisco, de Jos\u00e9 Patriota. A vontade de trabalhar, de lutar pelo nosso povo est\u00e1 refor\u00e7ada, tendo eles como inspira\u00e7\u00e3o. Tendo as necessidades do nosso povo como orienta\u00e7\u00e3o. Minha palavra hoje \u00e9 gratid\u00e3o a Deus e ao nosso povo pelo reconhecimento. Quero, por fim agradecer a esse cara diferenciado, com um jeito todo especial de ouvir, de abra\u00e7ar, de acolher, que \u00e9 meu amigo Sandrinho Palmeira,\u201d afirmou Daniel.<\/p>\n\n\n\n<p>\u00daltimo da noite a usar da palavra, o Prefeito Sandrinho Palmeira fez quest\u00e3o de destacar os compromissos assumidos em sua recente campanha, como ampliar os investimentos direcionados \u00e0 zona rural, trabalhando com equidade, buscando corrigir injusti\u00e7as e levar qualidade de vida para os que mais precisam. \u201cVou trabalhar incansavelmente para fazer um mandato ainda melhor do que o primeiro. Nosso povo \u00e9 muito exigente e isso \u00e9 muito importante. Por isso que Afogados \u00e9 t\u00e3o diferenciada e cresce tanto,\u201d destacou. Sandrinho se emocionou ao lembrar do legado, da conviv\u00eancia e do aprendizado com Jos\u00e9 Patriota. \u201cEle estar\u00e1 sempre presente onde eu estiver, porque carregarei ele sempre no meu cora\u00e7\u00e3o\u201d, finalizou.<\/p>\n\n\n\n<p>Nesta segunda (02) acontece a primeira reuni\u00e3o de monitoramento e trabalho j\u00e1 com toda a nova equipe anunciada pelo Prefeito Sandrinho Palmeira, no centro de log\u00edstica, \u00e0s 8h. Ap\u00f3s a reuni\u00e3o de trabalho, Sandrinho ir\u00e1 a S\u00e3o Jos\u00e9 do Egito, apresentar o modelo de gest\u00e3o de Afogados da Ingazeira ao prefeito eleito daquela cidade, Fredson Brito. A reuni\u00e3o est\u00e1 programada para as 15h.<\/p>\n\n\n\n<p>O novo Secretariado anunciado pelo Prefeito Sandrinho Palmeira traz uma forte presen\u00e7a feminina. Das 14 secretarias, quase metade (06) ser\u00e1 ocupada por mulheres. Confira os nomes anunciados:<\/p>\n\n\n\n<p>Administra\u00e7\u00e3o e Desenvolvimento Econ\u00f4mico: Ney Quidute<\/p>\n\n\n\n<p>Agricultura: Valberto Amaral<\/p>\n\n\n\n<p>Assist\u00eancia Social: Madalena Patriota<\/p>\n\n\n\n<p>Controle Interno: Miguel G\u00f3es<\/p>\n\n\n\n<p>Cultura e Esportes: Augusto Martins<\/p>\n\n\n\n<p>Educa\u00e7\u00e3o: Wivianne Fonseca<\/p>\n\n\n\n<p>Finan\u00e7as: L\u00facia Gomes<\/p>\n\n\n\n<p>Governo: C\u00edcero Rubens (Rubinho do S\u00e3o Jo\u00e3o)<\/p>\n\n\n\n<p>Infraestrutura: Od\u00edlio Lopes<\/p>\n\n\n\n<p>Meio-ambiente e bem-estar animal: Adelmo Santos<\/p>\n\n\n\n<p>Mulher: Eriv\u00e2nia Barros<\/p>\n\n\n\n<p>Planejamento e Gest\u00e3o: Taynnara Queiroz<\/p>\n\n\n\n<p>Sa\u00fade: Artur Amorim<\/p>\n\n\n\n<p>Transportes e Tr\u00e2nsito: Flaviana Rosa<\/p>\n\n\n\n<p>Tamb\u00e9m foram confirmados nomes como o de Alysson Nascimento (Chefe de Gabinete), Socorro Dias (FASP), Rodrigo Lima (Comunica\u00e7\u00e3o), Alberto Seabra e Elias Silva (Assessores especiais).<\/p>\n","protected":false},"excerpt":{"rendered":"<p>Em um ambiente marcado pela emo\u00e7\u00e3o e com o cineteatro S\u00e3o Jos\u00e9 lotado, o Prefeito reeleito Sandrinho Palmeira tomou posse<\/p>\n","protected":false},"author":2,"featured_media":62226,"comment_status":"open","ping_status":"open","sticky":false,"template":"","format":"standard","meta":{"jetpack_post_was_ever_published":false,"_jetpack_newsletter_access":"","_jetpack_dont_email_post_to_subs":false,"_jetpack_newsletter_tier_id":0,"_jetpack_memberships_contains_paywalled_content":false,"_jetpack_memberships_contains_paid_content":false,"footnotes":"","jetpack_publicize_message":"","jetpack_publicize_feature_enabled":true,"jetpack_social_post_already_shared":true,"jetpack_social_options":{"image_generator_settings":{"template":"highway","default_image_id":0,"font":"","enabled":false},"version":2}},"categories":[14],"tags":[],"class_list":["post-62225","post","type-post","status-publish","format-standard","has-post-thumbnail","hentry","category-afogados-da-ingazeira"],"yoast_head":"<!-- This site is optimized with the Yoast SEO plugin v27.4 - https:\/\/yoast.com\/product\/yoast-seo-wordpress\/ -->\n<title>Sandrinho toma posse em clima de muita emo\u00e7\u00e3o. Quase metade do novo secretariado \u00e9 composto por mulheres - Afogados FM<\/title>\n<meta name=\"robots\" content=\"index, follow, max-snippet:-1, max-image-preview:large, max-video-preview:-1\" \/>\n<link rel=\"canonical\" href=\"https:\/\/afogadosfm.com.br\/afogadosfm\/2025\/01\/02\/sandrinho-toma-posse-em-clima-de-muita-emocao-quase-metade-do-novo-secretariado-e-composto-por-mulheres\/\" \/>\n<meta property=\"og:locale\" content=\"pt_BR\" \/>\n<meta property=\"og:type\" content=\"article\" \/>\n<meta property=\"og:title\" content=\"Sandrinho toma posse em clima de muita emo\u00e7\u00e3o. Quase metade do novo secretariado \u00e9 composto por mulheres - Afogados FM\" \/>\n<meta property=\"og:description\" content=\"Em um ambiente marcado pela emo\u00e7\u00e3o e com o cineteatro S\u00e3o Jos\u00e9 lotado, o Prefeito reeleito Sandrinho Palmeira tomou posse\" \/>\n<meta property=\"og:url\" content=\"https:\/\/afogadosfm.com.br\/afogadosfm\/2025\/01\/02\/sandrinho-toma-posse-em-clima-de-muita-emocao-quase-metade-do-novo-secretariado-e-composto-por-mulheres\/\" \/>\n<meta property=\"og:site_name\" content=\"Afogados FM\" \/>\n<meta property=\"article:published_time\" content=\"2025-01-02T11:15:10+00:00\" \/>\n<meta property=\"article:modified_time\" content=\"2025-01-02T11:15:11+00:00\" \/>\n<meta property=\"og:image\" content=\"https:\/\/afogadosfm.com.br\/afogadosfm\/wp-content\/uploads\/2025\/01\/Imagem-do-WhatsApp-de-2025-01-02-as-08.12.40_c280b68d.jpg\" \/>\n\t<meta property=\"og:image:width\" content=\"1600\" \/>\n\t<meta property=\"og:image:height\" content=\"1066\" \/>\n\t<meta property=\"og:image:type\" content=\"image\/jpeg\" \/>\n<meta name=\"author\" content=\"afogadosfm\" \/>\n<meta name=\"twitter:card\" content=\"summary_large_image\" \/>\n<meta name=\"twitter:label1\" content=\"Escrito por\" \/>\n\t<meta name=\"twitter:data1\" content=\"afogadosfm\" \/>\n\t<meta name=\"twitter:label2\" content=\"Est. tempo de leitura\" \/>\n\t<meta name=\"twitter:data2\" content=\"5 minutos\" \/>\n<script type=\"application\/ld+json\" class=\"yoast-schema-graph\">{\"@context\":\"https:\\\/\\\/schema.org\",\"@graph\":[{\"@type\":\"Article\",\"@id\":\"https:\\\/\\\/afogadosfm.com.br\\\/afogadosfm\\\/2025\\\/01\\\/02\\\/sandrinho-toma-posse-em-clima-de-muita-emocao-quase-metade-do-novo-secretariado-e-composto-por-mulheres\\\/#article\",\"isPartOf\":{\"@id\":\"https:\\\/\\\/afogadosfm.com.br\\\/afogadosfm\\\/2025\\\/01\\\/02\\\/sandrinho-toma-posse-em-clima-de-muita-emocao-quase-metade-do-novo-secretariado-e-composto-por-mulheres\\\/\"},\"author\":{\"name\":\"afogadosfm\",\"@id\":\"https:\\\/\\\/afogadosfm.com.br\\\/afogadosfm\\\/#\\\/schema\\\/person\\\/60e56f2cf5dc960fc093fe093d9e9057\"},\"headline\":\"Sandrinho toma posse em clima de muita emo\u00e7\u00e3o. Quase metade do novo secretariado \u00e9 composto por mulheres\",\"datePublished\":\"2025-01-02T11:15:10+00:00\",\"dateModified\":\"2025-01-02T11:15:11+00:00\",\"mainEntityOfPage\":{\"@id\":\"https:\\\/\\\/afogadosfm.com.br\\\/afogadosfm\\\/2025\\\/01\\\/02\\\/sandrinho-toma-posse-em-clima-de-muita-emocao-quase-metade-do-novo-secretariado-e-composto-por-mulheres\\\/\"},\"wordCount\":836,\"commentCount\":0,\"publisher\":{\"@id\":\"https:\\\/\\\/afogadosfm.com.br\\\/afogadosfm\\\/#organization\"},\"image\":{\"@id\":\"https:\\\/\\\/afogadosfm.com.br\\\/afogadosfm\\\/2025\\\/01\\\/02\\\/sandrinho-toma-posse-em-clima-de-muita-emocao-quase-metade-do-novo-secretariado-e-composto-por-mulheres\\\/#primaryimage\"},\"thumbnailUrl\":\"https:\\\/\\\/i0.wp.com\\\/afogadosfm.com.br\\\/afogadosfm\\\/wp-content\\\/uploads\\\/2025\\\/01\\\/Imagem-do-WhatsApp-de-2025-01-02-as-08.12.40_c280b68d.jpg?fit=1600%2C1066&ssl=1\",\"articleSection\":[\"Afogados da Ingazeira\"],\"inLanguage\":\"pt-BR\",\"potentialAction\":[{\"@type\":\"CommentAction\",\"name\":\"Comment\",\"target\":[\"https:\\\/\\\/afogadosfm.com.br\\\/afogadosfm\\\/2025\\\/01\\\/02\\\/sandrinho-toma-posse-em-clima-de-muita-emocao-quase-metade-do-novo-secretariado-e-composto-por-mulheres\\\/#respond\"]}]},{\"@type\":\"WebPage\",\"@id\":\"https:\\\/\\\/afogadosfm.com.br\\\/afogadosfm\\\/2025\\\/01\\\/02\\\/sandrinho-toma-posse-em-clima-de-muita-emocao-quase-metade-do-novo-secretariado-e-composto-por-mulheres\\\/\",\"url\":\"https:\\\/\\\/afogadosfm.com.br\\\/afogadosfm\\\/2025\\\/01\\\/02\\\/sandrinho-toma-posse-em-clima-de-muita-emocao-quase-metade-do-novo-secretariado-e-composto-por-mulheres\\\/\",\"name\":\"Sandrinho toma posse em clima de muita emo\u00e7\u00e3o. Quase metade do novo secretariado \u00e9 composto por mulheres - Afogados FM\",\"isPartOf\":{\"@id\":\"https:\\\/\\\/afogadosfm.com.br\\\/afogadosfm\\\/#website\"},\"primaryImageOfPage\":{\"@id\":\"https:\\\/\\\/afogadosfm.com.br\\\/afogadosfm\\\/2025\\\/01\\\/02\\\/sandrinho-toma-posse-em-clima-de-muita-emocao-quase-metade-do-novo-secretariado-e-composto-por-mulheres\\\/#primaryimage\"},\"image\":{\"@id\":\"https:\\\/\\\/afogadosfm.com.br\\\/afogadosfm\\\/2025\\\/01\\\/02\\\/sandrinho-toma-posse-em-clima-de-muita-emocao-quase-metade-do-novo-secretariado-e-composto-por-mulheres\\\/#primaryimage\"},\"thumbnailUrl\":\"https:\\\/\\\/i0.wp.com\\\/afogadosfm.com.br\\\/afogadosfm\\\/wp-content\\\/uploads\\\/2025\\\/01\\\/Imagem-do-WhatsApp-de-2025-01-02-as-08.12.40_c280b68d.jpg?fit=1600%2C1066&ssl=1\",\"datePublished\":\"2025-01-02T11:15:10+00:00\",\"dateModified\":\"2025-01-02T11:15:11+00:00\",\"breadcrumb\":{\"@id\":\"https:\\\/\\\/afogadosfm.com.br\\\/afogadosfm\\\/2025\\\/01\\\/02\\\/sandrinho-toma-posse-em-clima-de-muita-emocao-quase-metade-do-novo-secretariado-e-composto-por-mulheres\\\/#breadcrumb\"},\"inLanguage\":\"pt-BR\",\"potentialAction\":[{\"@type\":\"ReadAction\",\"target\":[\"https:\\\/\\\/afogadosfm.com.br\\\/afogadosfm\\\/2025\\\/01\\\/02\\\/sandrinho-toma-posse-em-clima-de-muita-emocao-quase-metade-do-novo-secretariado-e-composto-por-mulheres\\\/\"]}]},{\"@type\":\"ImageObject\",\"inLanguage\":\"pt-BR\",\"@id\":\"https:\\\/\\\/afogadosfm.com.br\\\/afogadosfm\\\/2025\\\/01\\\/02\\\/sandrinho-toma-posse-em-clima-de-muita-emocao-quase-metade-do-novo-secretariado-e-composto-por-mulheres\\\/#primaryimage\",\"url\":\"https:\\\/\\\/i0.wp.com\\\/afogadosfm.com.br\\\/afogadosfm\\\/wp-content\\\/uploads\\\/2025\\\/01\\\/Imagem-do-WhatsApp-de-2025-01-02-as-08.12.40_c280b68d.jpg?fit=1600%2C1066&ssl=1\",\"contentUrl\":\"https:\\\/\\\/i0.wp.com\\\/afogadosfm.com.br\\\/afogadosfm\\\/wp-content\\\/uploads\\\/2025\\\/01\\\/Imagem-do-WhatsApp-de-2025-01-02-as-08.12.40_c280b68d.jpg?fit=1600%2C1066&ssl=1\",\"width\":1600,\"height\":1066},{\"@type\":\"BreadcrumbList\",\"@id\":\"https:\\\/\\\/afogadosfm.com.br\\\/afogadosfm\\\/2025\\\/01\\\/02\\\/sandrinho-toma-posse-em-clima-de-muita-emocao-quase-metade-do-novo-secretariado-e-composto-por-mulheres\\\/#breadcrumb\",\"itemListElement\":[{\"@type\":\"ListItem\",\"position\":1,\"name\":\"In\u00edcio\",\"item\":\"https:\\\/\\\/afogadosfm.com.br\\\/afogadosfm\\\/\"},{\"@type\":\"ListItem\",\"position\":2,\"name\":\"Sandrinho toma posse em clima de muita emo\u00e7\u00e3o. Quase metade do novo secretariado \u00e9 composto por mulheres\"}]},{\"@type\":\"WebSite\",\"@id\":\"https:\\\/\\\/afogadosfm.com.br\\\/afogadosfm\\\/#website\",\"url\":\"https:\\\/\\\/afogadosfm.com.br\\\/afogadosfm\\\/\",\"name\":\"Afogados FM\",\"description\":\"Um site completo!\",\"publisher\":{\"@id\":\"https:\\\/\\\/afogadosfm.com.br\\\/afogadosfm\\\/#organization\"},\"potentialAction\":[{\"@type\":\"SearchAction\",\"target\":{\"@type\":\"EntryPoint\",\"urlTemplate\":\"https:\\\/\\\/afogadosfm.com.br\\\/afogadosfm\\\/?s={search_term_string}\"},\"query-input\":{\"@type\":\"PropertyValueSpecification\",\"valueRequired\":true,\"valueName\":\"search_term_string\"}}],\"inLanguage\":\"pt-BR\"},{\"@type\":\"Organization\",\"@id\":\"https:\\\/\\\/afogadosfm.com.br\\\/afogadosfm\\\/#organization\",\"name\":\"Afogados FM\",\"url\":\"https:\\\/\\\/afogadosfm.com.br\\\/afogadosfm\\\/\",\"logo\":{\"@type\":\"ImageObject\",\"inLanguage\":\"pt-BR\",\"@id\":\"https:\\\/\\\/afogadosfm.com.br\\\/afogadosfm\\\/#\\\/schema\\\/logo\\\/image\\\/\",\"url\":\"https:\\\/\\\/i0.wp.com\\\/afogadosfm.com.br\\\/afogadosfm\\\/wp-content\\\/uploads\\\/2020\\\/06\\\/cropped-banner-afogados-4.jpg?fit=369%2C137&ssl=1\",\"contentUrl\":\"https:\\\/\\\/i0.wp.com\\\/afogadosfm.com.br\\\/afogadosfm\\\/wp-content\\\/uploads\\\/2020\\\/06\\\/cropped-banner-afogados-4.jpg?fit=369%2C137&ssl=1\",\"width\":369,\"height\":137,\"caption\":\"Afogados FM\"},\"image\":{\"@id\":\"https:\\\/\\\/afogadosfm.com.br\\\/afogadosfm\\\/#\\\/schema\\\/logo\\\/image\\\/\"}},{\"@type\":\"Person\",\"@id\":\"https:\\\/\\\/afogadosfm.com.br\\\/afogadosfm\\\/#\\\/schema\\\/person\\\/60e56f2cf5dc960fc093fe093d9e9057\",\"name\":\"afogadosfm\",\"image\":{\"@type\":\"ImageObject\",\"inLanguage\":\"pt-BR\",\"@id\":\"https:\\\/\\\/secure.gravatar.com\\\/avatar\\\/e0359add7ed5dc3560906d861b52c6a8cf5c1e199d3a7dd85070998f49bd4701?s=96&d=mm&r=g\",\"url\":\"https:\\\/\\\/secure.gravatar.com\\\/avatar\\\/e0359add7ed5dc3560906d861b52c6a8cf5c1e199d3a7dd85070998f49bd4701?s=96&d=mm&r=g\",\"contentUrl\":\"https:\\\/\\\/secure.gravatar.com\\\/avatar\\\/e0359add7ed5dc3560906d861b52c6a8cf5c1e199d3a7dd85070998f49bd4701?s=96&d=mm&r=g\",\"caption\":\"afogadosfm\"},\"url\":\"https:\\\/\\\/afogadosfm.com.br\\\/afogadosfm\\\/author\\\/afogadosfm\\\/\"}]}<\/script>\n<!-- \/ Yoast SEO plugin. -->","yoast_head_json":{"title":"Sandrinho toma posse em clima de muita emo\u00e7\u00e3o. Quase metade do novo secretariado \u00e9 composto por mulheres - Afogados FM","robots":{"index":"index","follow":"follow","max-snippet":"max-snippet:-1","max-image-preview":"max-image-preview:large","max-video-preview":"max-video-preview:-1"},"canonical":"https:\/\/afogadosfm.com.br\/afogadosfm\/2025\/01\/02\/sandrinho-toma-posse-em-clima-de-muita-emocao-quase-metade-do-novo-secretariado-e-composto-por-mulheres\/","og_locale":"pt_BR","og_type":"article","og_title":"Sandrinho toma posse em clima de muita emo\u00e7\u00e3o. Quase metade do novo secretariado \u00e9 composto por mulheres - Afogados FM","og_description":"Em um ambiente marcado pela emo\u00e7\u00e3o e com o cineteatro S\u00e3o Jos\u00e9 lotado, o Prefeito reeleito Sandrinho Palmeira tomou posse","og_url":"https:\/\/afogadosfm.com.br\/afogadosfm\/2025\/01\/02\/sandrinho-toma-posse-em-clima-de-muita-emocao-quase-metade-do-novo-secretariado-e-composto-por-mulheres\/","og_site_name":"Afogados FM","article_published_time":"2025-01-02T11:15:10+00:00","article_modified_time":"2025-01-02T11:15:11+00:00","og_image":[{"width":1600,"height":1066,"url":"https:\/\/afogadosfm.com.br\/afogadosfm\/wp-content\/uploads\/2025\/01\/Imagem-do-WhatsApp-de-2025-01-02-as-08.12.40_c280b68d.jpg","type":"image\/jpeg"}],"author":"afogadosfm","twitter_card":"summary_large_image","twitter_misc":{"Escrito por":"afogadosfm","Est. tempo de leitura":"5 minutos"},"schema":{"@context":"https:\/\/schema.org","@graph":[{"@type":"Article","@id":"https:\/\/afogadosfm.com.br\/afogadosfm\/2025\/01\/02\/sandrinho-toma-posse-em-clima-de-muita-emocao-quase-metade-do-novo-secretariado-e-composto-por-mulheres\/#article","isPartOf":{"@id":"https:\/\/afogadosfm.com.br\/afogadosfm\/2025\/01\/02\/sandrinho-toma-posse-em-clima-de-muita-emocao-quase-metade-do-novo-secretariado-e-composto-por-mulheres\/"},"author":{"name":"afogadosfm","@id":"https:\/\/afogadosfm.com.br\/afogadosfm\/#\/schema\/person\/60e56f2cf5dc960fc093fe093d9e9057"},"headline":"Sandrinho toma posse em clima de muita emo\u00e7\u00e3o. Quase metade do novo secretariado \u00e9 composto por mulheres","datePublished":"2025-01-02T11:15:10+00:00","dateModified":"2025-01-02T11:15:11+00:00","mainEntityOfPage":{"@id":"https:\/\/afogadosfm.com.br\/afogadosfm\/2025\/01\/02\/sandrinho-toma-posse-em-clima-de-muita-emocao-quase-metade-do-novo-secretariado-e-composto-por-mulheres\/"},"wordCount":836,"commentCount":0,"publisher":{"@id":"https:\/\/afogadosfm.com.br\/afogadosfm\/#organization"},"image":{"@id":"https:\/\/afogadosfm.com.br\/afogadosfm\/2025\/01\/02\/sandrinho-toma-posse-em-clima-de-muita-emocao-quase-metade-do-novo-secretariado-e-composto-por-mulheres\/#primaryimage"},"thumbnailUrl":"https:\/\/i0.wp.com\/afogadosfm.com.br\/afogadosfm\/wp-content\/uploads\/2025\/01\/Imagem-do-WhatsApp-de-2025-01-02-as-08.12.40_c280b68d.jpg?fit=1600%2C1066&ssl=1","articleSection":["Afogados da Ingazeira"],"inLanguage":"pt-BR","potentialAction":[{"@type":"CommentAction","name":"Comment","target":["https:\/\/afogadosfm.com.br\/afogadosfm\/2025\/01\/02\/sandrinho-toma-posse-em-clima-de-muita-emocao-quase-metade-do-novo-secretariado-e-composto-por-mulheres\/#respond"]}]},{"@type":"WebPage","@id":"https:\/\/afogadosfm.com.br\/afogadosfm\/2025\/01\/02\/sandrinho-toma-posse-em-clima-de-muita-emocao-quase-metade-do-novo-secretariado-e-composto-por-mulheres\/","url":"https:\/\/afogadosfm.com.br\/afogadosfm\/2025\/01\/02\/sandrinho-toma-posse-em-clima-de-muita-emocao-quase-metade-do-novo-secretariado-e-composto-por-mulheres\/","name":"Sandrinho toma posse em clima de muita emo\u00e7\u00e3o. Quase metade do novo secretariado \u00e9 composto por mulheres - Afogados FM","isPartOf":{"@id":"https:\/\/afogadosfm.com.br\/afogadosfm\/#website"},"primaryImageOfPage":{"@id":"https:\/\/afogadosfm.com.br\/afogadosfm\/2025\/01\/02\/sandrinho-toma-posse-em-clima-de-muita-emocao-quase-metade-do-novo-secretariado-e-composto-por-mulheres\/#primaryimage"},"image":{"@id":"https:\/\/afogadosfm.com.br\/afogadosfm\/2025\/01\/02\/sandrinho-toma-posse-em-clima-de-muita-emocao-quase-metade-do-novo-secretariado-e-composto-por-mulheres\/#primaryimage"},"thumbnailUrl":"https:\/\/i0.wp.com\/afogadosfm.com.br\/afogadosfm\/wp-content\/uploads\/2025\/01\/Imagem-do-WhatsApp-de-2025-01-02-as-08.12.40_c280b68d.jpg?fit=1600%2C1066&ssl=1","datePublished":"2025-01-02T11:15:10+00:00","dateModified":"2025-01-02T11:15:11+00:00","breadcrumb":{"@id":"https:\/\/afogadosfm.com.br\/afogadosfm\/2025\/01\/02\/sandrinho-toma-posse-em-clima-de-muita-emocao-quase-metade-do-novo-secretariado-e-composto-por-mulheres\/#breadcrumb"},"inLanguage":"pt-BR","potentialAction":[{"@type":"ReadAction","target":["https:\/\/afogadosfm.com.br\/afogadosfm\/2025\/01\/02\/sandrinho-toma-posse-em-clima-de-muita-emocao-quase-metade-do-novo-secretariado-e-composto-por-mulheres\/"]}]},{"@type":"ImageObject","inLanguage":"pt-BR","@id":"https:\/\/afogadosfm.com.br\/afogadosfm\/2025\/01\/02\/sandrinho-toma-posse-em-clima-de-muita-emocao-quase-metade-do-novo-secretariado-e-composto-por-mulheres\/#primaryimage","url":"https:\/\/i0.wp.com\/afogadosfm.com.br\/afogadosfm\/wp-content\/uploads\/2025\/01\/Imagem-do-WhatsApp-de-2025-01-02-as-08.12.40_c280b68d.jpg?fit=1600%2C1066&ssl=1","contentUrl":"https:\/\/i0.wp.com\/afogadosfm.com.br\/afogadosfm\/wp-content\/uploads\/2025\/01\/Imagem-do-WhatsApp-de-2025-01-02-as-08.12.40_c280b68d.jpg?fit=1600%2C1066&ssl=1","width":1600,"height":1066},{"@type":"BreadcrumbList","@id":"https:\/\/afogadosfm.com.br\/afogadosfm\/2025\/01\/02\/sandrinho-toma-posse-em-clima-de-muita-emocao-quase-metade-do-novo-secretariado-e-composto-por-mulheres\/#breadcrumb","itemListElement":[{"@type":"ListItem","position":1,"name":"In\u00edcio","item":"https:\/\/afogadosfm.com.br\/afogadosfm\/"},{"@type":"ListItem","position":2,"name":"Sandrinho toma posse em clima de muita emo\u00e7\u00e3o. Quase metade do novo secretariado \u00e9 composto por mulheres"}]},{"@type":"WebSite","@id":"https:\/\/afogadosfm.com.br\/afogadosfm\/#website","url":"https:\/\/afogadosfm.com.br\/afogadosfm\/","name":"Afogados FM","description":"Um site completo!","publisher":{"@id":"https:\/\/afogadosfm.com.br\/afogadosfm\/#organization"},"potentialAction":[{"@type":"SearchAction","target":{"@type":"EntryPoint","urlTemplate":"https:\/\/afogadosfm.com.br\/afogadosfm\/?s={search_term_string}"},"query-input":{"@type":"PropertyValueSpecification","valueRequired":true,"valueName":"search_term_string"}}],"inLanguage":"pt-BR"},{"@type":"Organization","@id":"https:\/\/afogadosfm.com.br\/afogadosfm\/#organization","name":"Afogados FM","url":"https:\/\/afogadosfm.com.br\/afogadosfm\/","logo":{"@type":"ImageObject","inLanguage":"pt-BR","@id":"https:\/\/afogadosfm.com.br\/afogadosfm\/#\/schema\/logo\/image\/","url":"https:\/\/i0.wp.com\/afogadosfm.com.br\/afogadosfm\/wp-content\/uploads\/2020\/06\/cropped-banner-afogados-4.jpg?fit=369%2C137&ssl=1","contentUrl":"https:\/\/i0.wp.com\/afogadosfm.com.br\/afogadosfm\/wp-content\/uploads\/2020\/06\/cropped-banner-afogados-4.jpg?fit=369%2C137&ssl=1","width":369,"height":137,"caption":"Afogados FM"},"image":{"@id":"https:\/\/afogadosfm.com.br\/afogadosfm\/#\/schema\/logo\/image\/"}},{"@type":"Person","@id":"https:\/\/afogadosfm.com.br\/afogadosfm\/#\/schema\/person\/60e56f2cf5dc960fc093fe093d9e9057","name":"afogadosfm","image":{"@type":"ImageObject","inLanguage":"pt-BR","@id":"https:\/\/secure.gravatar.com\/avatar\/e0359add7ed5dc3560906d861b52c6a8cf5c1e199d3a7dd85070998f49bd4701?s=96&d=mm&r=g","url":"https:\/\/secure.gravatar.com\/avatar\/e0359add7ed5dc3560906d861b52c6a8cf5c1e199d3a7dd85070998f49bd4701?s=96&d=mm&r=g","contentUrl":"https:\/\/secure.gravatar.com\/avatar\/e0359add7ed5dc3560906d861b52c6a8cf5c1e199d3a7dd85070998f49bd4701?s=96&d=mm&r=g","caption":"afogadosfm"},"url":"https:\/\/afogadosfm.com.br\/afogadosfm\/author\/afogadosfm\/"}]}},"jetpack_publicize_connections":[],"jetpack_featured_media_url":"https:\/\/i0.wp.com\/afogadosfm.com.br\/afogadosfm\/wp-content\/uploads\/2025\/01\/Imagem-do-WhatsApp-de-2025-01-02-as-08.12.40_c280b68d.jpg?fit=1600%2C1066&ssl=1","jetpack-related-posts":[],"jetpack_sharing_enabled":true,"jetpack_likes_enabled":true,"_links":{"self":[{"href":"https:\/\/afogadosfm.com.br\/afogadosfm\/wp-json\/wp\/v2\/posts\/62225","targetHints":{"allow":["GET"]}}],"collection":[{"href":"https:\/\/afogadosfm.com.br\/afogadosfm\/wp-json\/wp\/v2\/posts"}],"about":[{"href":"https:\/\/afogadosfm.com.br\/afogadosfm\/wp-json\/wp\/v2\/types\/post"}],"author":[{"embeddable":true,"href":"https:\/\/afogadosfm.com.br\/afogadosfm\/wp-json\/wp\/v2\/users\/2"}],"replies":[{"embeddable":true,"href":"https:\/\/afogadosfm.com.br\/afogadosfm\/wp-json\/wp\/v2\/comments?post=62225"}],"version-history":[{"count":1,"href":"https:\/\/afogadosfm.com.br\/afogadosfm\/wp-json\/wp\/v2\/posts\/62225\/revisions"}],"predecessor-version":[{"id":62227,"href":"https:\/\/afogadosfm.com.br\/afogadosfm\/wp-json\/wp\/v2\/posts\/62225\/revisions\/62227"}],"wp:featuredmedia":[{"embeddable":true,"href":"https:\/\/afogadosfm.com.br\/afogadosfm\/wp-json\/wp\/v2\/media\/62226"}],"wp:attachment":[{"href":"https:\/\/afogadosfm.com.br\/afogadosfm\/wp-json\/wp\/v2\/media?parent=62225"}],"wp:term":[{"taxonomy":"category","embeddable":true,"href":"https:\/\/afogadosfm.com.br\/afogadosfm\/wp-json\/wp\/v2\/categories?post=62225"},{"taxonomy":"post_tag","embeddable":true,"href":"https:\/\/afogadosfm.com.br\/afogadosfm\/wp-json\/wp\/v2\/tags?post=62225"}],"curies":[{"name":"wp","href":"https:\/\/api.w.org\/{rel}","templated":true}]}}