{"id":62347,"date":"2025-01-07T03:54:49","date_gmt":"2025-01-07T06:54:49","guid":{"rendered":"https:\/\/afogadosfm.com.br\/afogadosfm\/?p=62347"},"modified":"2025-01-07T03:54:52","modified_gmt":"2025-01-07T06:54:52","slug":"novos-gestores-de-sao-jose-do-egito-vieram-em-afogados-conhecer-experiencias-inovadoras","status":"publish","type":"post","link":"https:\/\/afogadosfm.com.br\/afogadosfm\/2025\/01\/07\/novos-gestores-de-sao-jose-do-egito-vieram-em-afogados-conhecer-experiencias-inovadoras\/","title":{"rendered":"Novos gestores de S\u00e3o Jos\u00e9 do Egito vieram em Afogados conhecer experi\u00eancias inovadoras"},"content":{"rendered":"\n<p>O interc\u00e2mbio e as parcerias entre as gest\u00f5es municipais tem sido mecanismos importantes de dissemina\u00e7\u00e3o das boas pr\u00e1ticas na gest\u00e3o p\u00fablica.<\/p>\n\n\n\n<p>Na \u00faltima quinta (02), o Prefeito Sandrinho Palmeira esteve em S\u00e3o Jos\u00e9 do Egito, com parte de sua equipe, apresentando ao Prefeito Fredson Brito o modelo de monitoramento de gest\u00e3o de Afogados da Ingazeira.<\/p>\n\n\n\n<p>Na manh\u00e3 desta segunda (06), os secret\u00e1rios municipais de S\u00e3o Jos\u00e9 nas \u00e1reas de Infraestrutura, Jackson Brito; de Planejamento, Mois\u00e9s Freitas; e a de Meio-ambiente, Ros\u00e2ngela Viana vieram conhecer algumas das experi\u00eancias exitosas implantadas em Afogados. Eles foram acompanhados pelos Secret\u00e1rios de Afogados, Od\u00edlio Lopes (Infraestrutura), Adelmo Santos (Meio-ambiente) e pelo assessor especial Elias Silva.<\/p>\n\n\n\n<p>Os novos gestores conheceram o funcionamento do projeto \u201cfarm\u00e1cia viva\u201d, tanto a sementeira quanto \u00e0 farm\u00e1cia em si, onde a popula\u00e7\u00e3o tem acesso aos medicamentos, bem como a usina de asfalto, onde tamb\u00e9m s\u00e3o produzidos tijolos intertravados, bueiros e blocos para meio-fio, utilizados nas obras p\u00fablicas. Os novos gestores egipcienses tamb\u00e9m conheceram o funcionamento do sistema de reuso, que transforma esgoto bruto em \u00e1gua para a irriga\u00e7\u00e3o do gramado do vian\u00e3o.<\/p>\n\n\n\n<p>\u201cVivemos no mesmo territ\u00f3rio, nossos munic\u00edpios enfrentam dificuldades semelhantes, e esse interc\u00e2mbio ajuda a disseminar solu\u00e7\u00f5es conjuntas para os nossos problemas, valorizando sempre a criatividade e a economicidade das boas pr\u00e1ticas,\u201d destacou o Prefeito de Afogados Sandrinho Palmeira.<\/p>\n","protected":false},"excerpt":{"rendered":"<p>O interc\u00e2mbio e as parcerias entre as gest\u00f5es municipais tem sido mecanismos importantes de dissemina\u00e7\u00e3o das boas pr\u00e1ticas na gest\u00e3o<\/p>\n","protected":false},"author":2,"featured_media":62348,"comment_status":"open","ping_status":"open","sticky":false,"template":"","format":"standard","meta":{"jetpack_post_was_ever_published":false,"_jetpack_newsletter_access":"","_jetpack_dont_email_post_to_subs":false,"_jetpack_newsletter_tier_id":0,"_jetpack_memberships_contains_paywalled_content":false,"_jetpack_memberships_contains_paid_content":false,"footnotes":"","jetpack_publicize_message":"","jetpack_publicize_feature_enabled":true,"jetpack_social_post_already_shared":true,"jetpack_social_options":{"image_generator_settings":{"template":"highway","default_image_id":0,"font":"","enabled":false},"version":2}},"categories":[14],"tags":[],"class_list":["post-62347","post","type-post","status-publish","format-standard","has-post-thumbnail","hentry","category-afogados-da-ingazeira"],"yoast_head":"<!-- This site is optimized with the Yoast SEO plugin v27.5 - https:\/\/yoast.com\/product\/yoast-seo-wordpress\/ -->\n<title>Novos gestores de S\u00e3o Jos\u00e9 do Egito vieram em Afogados conhecer experi\u00eancias inovadoras - Afogados FM<\/title>\n<meta name=\"robots\" content=\"index, follow, max-snippet:-1, max-image-preview:large, max-video-preview:-1\" \/>\n<link rel=\"canonical\" href=\"https:\/\/afogadosfm.com.br\/afogadosfm\/2025\/01\/07\/novos-gestores-de-sao-jose-do-egito-vieram-em-afogados-conhecer-experiencias-inovadoras\/\" \/>\n<meta property=\"og:locale\" content=\"pt_BR\" \/>\n<meta property=\"og:type\" content=\"article\" \/>\n<meta property=\"og:title\" content=\"Novos gestores de S\u00e3o Jos\u00e9 do Egito vieram em Afogados conhecer experi\u00eancias inovadoras - Afogados FM\" \/>\n<meta property=\"og:description\" content=\"O interc\u00e2mbio e as parcerias entre as gest\u00f5es municipais tem sido mecanismos importantes de dissemina\u00e7\u00e3o das boas pr\u00e1ticas na gest\u00e3o\" \/>\n<meta property=\"og:url\" content=\"https:\/\/afogadosfm.com.br\/afogadosfm\/2025\/01\/07\/novos-gestores-de-sao-jose-do-egito-vieram-em-afogados-conhecer-experiencias-inovadoras\/\" \/>\n<meta property=\"og:site_name\" content=\"Afogados FM\" \/>\n<meta property=\"article:published_time\" content=\"2025-01-07T06:54:49+00:00\" \/>\n<meta property=\"article:modified_time\" content=\"2025-01-07T06:54:52+00:00\" \/>\n<meta property=\"og:image\" content=\"https:\/\/afogadosfm.com.br\/afogadosfm\/wp-content\/uploads\/2025\/01\/8e659d7b-9f30-4a17-8cf0-b0f14cb19029.jpeg\" \/>\n\t<meta property=\"og:image:width\" content=\"1600\" \/>\n\t<meta property=\"og:image:height\" content=\"900\" \/>\n\t<meta property=\"og:image:type\" content=\"image\/jpeg\" \/>\n<meta name=\"author\" content=\"afogadosfm\" \/>\n<meta name=\"twitter:card\" content=\"summary_large_image\" \/>\n<meta name=\"twitter:label1\" content=\"Escrito por\" \/>\n\t<meta name=\"twitter:data1\" content=\"afogadosfm\" \/>\n\t<meta name=\"twitter:label2\" content=\"Est. tempo de leitura\" \/>\n\t<meta name=\"twitter:data2\" content=\"2 minutos\" \/>\n<script type=\"application\/ld+json\" class=\"yoast-schema-graph\">{\"@context\":\"https:\\\/\\\/schema.org\",\"@graph\":[{\"@type\":\"Article\",\"@id\":\"https:\\\/\\\/afogadosfm.com.br\\\/afogadosfm\\\/2025\\\/01\\\/07\\\/novos-gestores-de-sao-jose-do-egito-vieram-em-afogados-conhecer-experiencias-inovadoras\\\/#article\",\"isPartOf\":{\"@id\":\"https:\\\/\\\/afogadosfm.com.br\\\/afogadosfm\\\/2025\\\/01\\\/07\\\/novos-gestores-de-sao-jose-do-egito-vieram-em-afogados-conhecer-experiencias-inovadoras\\\/\"},\"author\":{\"name\":\"afogadosfm\",\"@id\":\"https:\\\/\\\/afogadosfm.com.br\\\/afogadosfm\\\/#\\\/schema\\\/person\\\/60e56f2cf5dc960fc093fe093d9e9057\"},\"headline\":\"Novos gestores de S\u00e3o Jos\u00e9 do Egito vieram em Afogados conhecer experi\u00eancias inovadoras\",\"datePublished\":\"2025-01-07T06:54:49+00:00\",\"dateModified\":\"2025-01-07T06:54:52+00:00\",\"mainEntityOfPage\":{\"@id\":\"https:\\\/\\\/afogadosfm.com.br\\\/afogadosfm\\\/2025\\\/01\\\/07\\\/novos-gestores-de-sao-jose-do-egito-vieram-em-afogados-conhecer-experiencias-inovadoras\\\/\"},\"wordCount\":260,\"commentCount\":0,\"publisher\":{\"@id\":\"https:\\\/\\\/afogadosfm.com.br\\\/afogadosfm\\\/#organization\"},\"image\":{\"@id\":\"https:\\\/\\\/afogadosfm.com.br\\\/afogadosfm\\\/2025\\\/01\\\/07\\\/novos-gestores-de-sao-jose-do-egito-vieram-em-afogados-conhecer-experiencias-inovadoras\\\/#primaryimage\"},\"thumbnailUrl\":\"https:\\\/\\\/i0.wp.com\\\/afogadosfm.com.br\\\/afogadosfm\\\/wp-content\\\/uploads\\\/2025\\\/01\\\/8e659d7b-9f30-4a17-8cf0-b0f14cb19029.jpeg?fit=1600%2C900&ssl=1\",\"articleSection\":[\"Afogados da Ingazeira\"],\"inLanguage\":\"pt-BR\",\"potentialAction\":[{\"@type\":\"CommentAction\",\"name\":\"Comment\",\"target\":[\"https:\\\/\\\/afogadosfm.com.br\\\/afogadosfm\\\/2025\\\/01\\\/07\\\/novos-gestores-de-sao-jose-do-egito-vieram-em-afogados-conhecer-experiencias-inovadoras\\\/#respond\"]}]},{\"@type\":\"WebPage\",\"@id\":\"https:\\\/\\\/afogadosfm.com.br\\\/afogadosfm\\\/2025\\\/01\\\/07\\\/novos-gestores-de-sao-jose-do-egito-vieram-em-afogados-conhecer-experiencias-inovadoras\\\/\",\"url\":\"https:\\\/\\\/afogadosfm.com.br\\\/afogadosfm\\\/2025\\\/01\\\/07\\\/novos-gestores-de-sao-jose-do-egito-vieram-em-afogados-conhecer-experiencias-inovadoras\\\/\",\"name\":\"Novos gestores de S\u00e3o Jos\u00e9 do Egito vieram em Afogados conhecer experi\u00eancias inovadoras - Afogados FM\",\"isPartOf\":{\"@id\":\"https:\\\/\\\/afogadosfm.com.br\\\/afogadosfm\\\/#website\"},\"primaryImageOfPage\":{\"@id\":\"https:\\\/\\\/afogadosfm.com.br\\\/afogadosfm\\\/2025\\\/01\\\/07\\\/novos-gestores-de-sao-jose-do-egito-vieram-em-afogados-conhecer-experiencias-inovadoras\\\/#primaryimage\"},\"image\":{\"@id\":\"https:\\\/\\\/afogadosfm.com.br\\\/afogadosfm\\\/2025\\\/01\\\/07\\\/novos-gestores-de-sao-jose-do-egito-vieram-em-afogados-conhecer-experiencias-inovadoras\\\/#primaryimage\"},\"thumbnailUrl\":\"https:\\\/\\\/i0.wp.com\\\/afogadosfm.com.br\\\/afogadosfm\\\/wp-content\\\/uploads\\\/2025\\\/01\\\/8e659d7b-9f30-4a17-8cf0-b0f14cb19029.jpeg?fit=1600%2C900&ssl=1\",\"datePublished\":\"2025-01-07T06:54:49+00:00\",\"dateModified\":\"2025-01-07T06:54:52+00:00\",\"breadcrumb\":{\"@id\":\"https:\\\/\\\/afogadosfm.com.br\\\/afogadosfm\\\/2025\\\/01\\\/07\\\/novos-gestores-de-sao-jose-do-egito-vieram-em-afogados-conhecer-experiencias-inovadoras\\\/#breadcrumb\"},\"inLanguage\":\"pt-BR\",\"potentialAction\":[{\"@type\":\"ReadAction\",\"target\":[\"https:\\\/\\\/afogadosfm.com.br\\\/afogadosfm\\\/2025\\\/01\\\/07\\\/novos-gestores-de-sao-jose-do-egito-vieram-em-afogados-conhecer-experiencias-inovadoras\\\/\"]}]},{\"@type\":\"ImageObject\",\"inLanguage\":\"pt-BR\",\"@id\":\"https:\\\/\\\/afogadosfm.com.br\\\/afogadosfm\\\/2025\\\/01\\\/07\\\/novos-gestores-de-sao-jose-do-egito-vieram-em-afogados-conhecer-experiencias-inovadoras\\\/#primaryimage\",\"url\":\"https:\\\/\\\/i0.wp.com\\\/afogadosfm.com.br\\\/afogadosfm\\\/wp-content\\\/uploads\\\/2025\\\/01\\\/8e659d7b-9f30-4a17-8cf0-b0f14cb19029.jpeg?fit=1600%2C900&ssl=1\",\"contentUrl\":\"https:\\\/\\\/i0.wp.com\\\/afogadosfm.com.br\\\/afogadosfm\\\/wp-content\\\/uploads\\\/2025\\\/01\\\/8e659d7b-9f30-4a17-8cf0-b0f14cb19029.jpeg?fit=1600%2C900&ssl=1\",\"width\":1600,\"height\":900},{\"@type\":\"BreadcrumbList\",\"@id\":\"https:\\\/\\\/afogadosfm.com.br\\\/afogadosfm\\\/2025\\\/01\\\/07\\\/novos-gestores-de-sao-jose-do-egito-vieram-em-afogados-conhecer-experiencias-inovadoras\\\/#breadcrumb\",\"itemListElement\":[{\"@type\":\"ListItem\",\"position\":1,\"name\":\"In\u00edcio\",\"item\":\"https:\\\/\\\/afogadosfm.com.br\\\/afogadosfm\\\/\"},{\"@type\":\"ListItem\",\"position\":2,\"name\":\"Novos gestores de S\u00e3o Jos\u00e9 do Egito vieram em Afogados conhecer experi\u00eancias inovadoras\"}]},{\"@type\":\"WebSite\",\"@id\":\"https:\\\/\\\/afogadosfm.com.br\\\/afogadosfm\\\/#website\",\"url\":\"https:\\\/\\\/afogadosfm.com.br\\\/afogadosfm\\\/\",\"name\":\"Afogados FM\",\"description\":\"Um site completo!\",\"publisher\":{\"@id\":\"https:\\\/\\\/afogadosfm.com.br\\\/afogadosfm\\\/#organization\"},\"potentialAction\":[{\"@type\":\"SearchAction\",\"target\":{\"@type\":\"EntryPoint\",\"urlTemplate\":\"https:\\\/\\\/afogadosfm.com.br\\\/afogadosfm\\\/?s={search_term_string}\"},\"query-input\":{\"@type\":\"PropertyValueSpecification\",\"valueRequired\":true,\"valueName\":\"search_term_string\"}}],\"inLanguage\":\"pt-BR\"},{\"@type\":\"Organization\",\"@id\":\"https:\\\/\\\/afogadosfm.com.br\\\/afogadosfm\\\/#organization\",\"name\":\"Afogados FM\",\"url\":\"https:\\\/\\\/afogadosfm.com.br\\\/afogadosfm\\\/\",\"logo\":{\"@type\":\"ImageObject\",\"inLanguage\":\"pt-BR\",\"@id\":\"https:\\\/\\\/afogadosfm.com.br\\\/afogadosfm\\\/#\\\/schema\\\/logo\\\/image\\\/\",\"url\":\"https:\\\/\\\/i0.wp.com\\\/afogadosfm.com.br\\\/afogadosfm\\\/wp-content\\\/uploads\\\/2020\\\/06\\\/cropped-banner-afogados-4.jpg?fit=369%2C137&ssl=1\",\"contentUrl\":\"https:\\\/\\\/i0.wp.com\\\/afogadosfm.com.br\\\/afogadosfm\\\/wp-content\\\/uploads\\\/2020\\\/06\\\/cropped-banner-afogados-4.jpg?fit=369%2C137&ssl=1\",\"width\":369,\"height\":137,\"caption\":\"Afogados FM\"},\"image\":{\"@id\":\"https:\\\/\\\/afogadosfm.com.br\\\/afogadosfm\\\/#\\\/schema\\\/logo\\\/image\\\/\"}},{\"@type\":\"Person\",\"@id\":\"https:\\\/\\\/afogadosfm.com.br\\\/afogadosfm\\\/#\\\/schema\\\/person\\\/60e56f2cf5dc960fc093fe093d9e9057\",\"name\":\"afogadosfm\",\"image\":{\"@type\":\"ImageObject\",\"inLanguage\":\"pt-BR\",\"@id\":\"https:\\\/\\\/secure.gravatar.com\\\/avatar\\\/e0359add7ed5dc3560906d861b52c6a8cf5c1e199d3a7dd85070998f49bd4701?s=96&d=mm&r=g\",\"url\":\"https:\\\/\\\/secure.gravatar.com\\\/avatar\\\/e0359add7ed5dc3560906d861b52c6a8cf5c1e199d3a7dd85070998f49bd4701?s=96&d=mm&r=g\",\"contentUrl\":\"https:\\\/\\\/secure.gravatar.com\\\/avatar\\\/e0359add7ed5dc3560906d861b52c6a8cf5c1e199d3a7dd85070998f49bd4701?s=96&d=mm&r=g\",\"caption\":\"afogadosfm\"},\"url\":\"https:\\\/\\\/afogadosfm.com.br\\\/afogadosfm\\\/author\\\/afogadosfm\\\/\"}]}<\/script>\n<!-- \/ Yoast SEO plugin. -->","yoast_head_json":{"title":"Novos gestores de S\u00e3o Jos\u00e9 do Egito vieram em Afogados conhecer experi\u00eancias inovadoras - Afogados FM","robots":{"index":"index","follow":"follow","max-snippet":"max-snippet:-1","max-image-preview":"max-image-preview:large","max-video-preview":"max-video-preview:-1"},"canonical":"https:\/\/afogadosfm.com.br\/afogadosfm\/2025\/01\/07\/novos-gestores-de-sao-jose-do-egito-vieram-em-afogados-conhecer-experiencias-inovadoras\/","og_locale":"pt_BR","og_type":"article","og_title":"Novos gestores de S\u00e3o Jos\u00e9 do Egito vieram em Afogados conhecer experi\u00eancias inovadoras - Afogados FM","og_description":"O interc\u00e2mbio e as parcerias entre as gest\u00f5es municipais tem sido mecanismos importantes de dissemina\u00e7\u00e3o das boas pr\u00e1ticas na gest\u00e3o","og_url":"https:\/\/afogadosfm.com.br\/afogadosfm\/2025\/01\/07\/novos-gestores-de-sao-jose-do-egito-vieram-em-afogados-conhecer-experiencias-inovadoras\/","og_site_name":"Afogados FM","article_published_time":"2025-01-07T06:54:49+00:00","article_modified_time":"2025-01-07T06:54:52+00:00","og_image":[{"width":1600,"height":900,"url":"https:\/\/afogadosfm.com.br\/afogadosfm\/wp-content\/uploads\/2025\/01\/8e659d7b-9f30-4a17-8cf0-b0f14cb19029.jpeg","type":"image\/jpeg"}],"author":"afogadosfm","twitter_card":"summary_large_image","twitter_misc":{"Escrito por":"afogadosfm","Est. tempo de leitura":"2 minutos"},"schema":{"@context":"https:\/\/schema.org","@graph":[{"@type":"Article","@id":"https:\/\/afogadosfm.com.br\/afogadosfm\/2025\/01\/07\/novos-gestores-de-sao-jose-do-egito-vieram-em-afogados-conhecer-experiencias-inovadoras\/#article","isPartOf":{"@id":"https:\/\/afogadosfm.com.br\/afogadosfm\/2025\/01\/07\/novos-gestores-de-sao-jose-do-egito-vieram-em-afogados-conhecer-experiencias-inovadoras\/"},"author":{"name":"afogadosfm","@id":"https:\/\/afogadosfm.com.br\/afogadosfm\/#\/schema\/person\/60e56f2cf5dc960fc093fe093d9e9057"},"headline":"Novos gestores de S\u00e3o Jos\u00e9 do Egito vieram em Afogados conhecer experi\u00eancias inovadoras","datePublished":"2025-01-07T06:54:49+00:00","dateModified":"2025-01-07T06:54:52+00:00","mainEntityOfPage":{"@id":"https:\/\/afogadosfm.com.br\/afogadosfm\/2025\/01\/07\/novos-gestores-de-sao-jose-do-egito-vieram-em-afogados-conhecer-experiencias-inovadoras\/"},"wordCount":260,"commentCount":0,"publisher":{"@id":"https:\/\/afogadosfm.com.br\/afogadosfm\/#organization"},"image":{"@id":"https:\/\/afogadosfm.com.br\/afogadosfm\/2025\/01\/07\/novos-gestores-de-sao-jose-do-egito-vieram-em-afogados-conhecer-experiencias-inovadoras\/#primaryimage"},"thumbnailUrl":"https:\/\/i0.wp.com\/afogadosfm.com.br\/afogadosfm\/wp-content\/uploads\/2025\/01\/8e659d7b-9f30-4a17-8cf0-b0f14cb19029.jpeg?fit=1600%2C900&ssl=1","articleSection":["Afogados da Ingazeira"],"inLanguage":"pt-BR","potentialAction":[{"@type":"CommentAction","name":"Comment","target":["https:\/\/afogadosfm.com.br\/afogadosfm\/2025\/01\/07\/novos-gestores-de-sao-jose-do-egito-vieram-em-afogados-conhecer-experiencias-inovadoras\/#respond"]}]},{"@type":"WebPage","@id":"https:\/\/afogadosfm.com.br\/afogadosfm\/2025\/01\/07\/novos-gestores-de-sao-jose-do-egito-vieram-em-afogados-conhecer-experiencias-inovadoras\/","url":"https:\/\/afogadosfm.com.br\/afogadosfm\/2025\/01\/07\/novos-gestores-de-sao-jose-do-egito-vieram-em-afogados-conhecer-experiencias-inovadoras\/","name":"Novos gestores de S\u00e3o Jos\u00e9 do Egito vieram em Afogados conhecer experi\u00eancias inovadoras - Afogados FM","isPartOf":{"@id":"https:\/\/afogadosfm.com.br\/afogadosfm\/#website"},"primaryImageOfPage":{"@id":"https:\/\/afogadosfm.com.br\/afogadosfm\/2025\/01\/07\/novos-gestores-de-sao-jose-do-egito-vieram-em-afogados-conhecer-experiencias-inovadoras\/#primaryimage"},"image":{"@id":"https:\/\/afogadosfm.com.br\/afogadosfm\/2025\/01\/07\/novos-gestores-de-sao-jose-do-egito-vieram-em-afogados-conhecer-experiencias-inovadoras\/#primaryimage"},"thumbnailUrl":"https:\/\/i0.wp.com\/afogadosfm.com.br\/afogadosfm\/wp-content\/uploads\/2025\/01\/8e659d7b-9f30-4a17-8cf0-b0f14cb19029.jpeg?fit=1600%2C900&ssl=1","datePublished":"2025-01-07T06:54:49+00:00","dateModified":"2025-01-07T06:54:52+00:00","breadcrumb":{"@id":"https:\/\/afogadosfm.com.br\/afogadosfm\/2025\/01\/07\/novos-gestores-de-sao-jose-do-egito-vieram-em-afogados-conhecer-experiencias-inovadoras\/#breadcrumb"},"inLanguage":"pt-BR","potentialAction":[{"@type":"ReadAction","target":["https:\/\/afogadosfm.com.br\/afogadosfm\/2025\/01\/07\/novos-gestores-de-sao-jose-do-egito-vieram-em-afogados-conhecer-experiencias-inovadoras\/"]}]},{"@type":"ImageObject","inLanguage":"pt-BR","@id":"https:\/\/afogadosfm.com.br\/afogadosfm\/2025\/01\/07\/novos-gestores-de-sao-jose-do-egito-vieram-em-afogados-conhecer-experiencias-inovadoras\/#primaryimage","url":"https:\/\/i0.wp.com\/afogadosfm.com.br\/afogadosfm\/wp-content\/uploads\/2025\/01\/8e659d7b-9f30-4a17-8cf0-b0f14cb19029.jpeg?fit=1600%2C900&ssl=1","contentUrl":"https:\/\/i0.wp.com\/afogadosfm.com.br\/afogadosfm\/wp-content\/uploads\/2025\/01\/8e659d7b-9f30-4a17-8cf0-b0f14cb19029.jpeg?fit=1600%2C900&ssl=1","width":1600,"height":900},{"@type":"BreadcrumbList","@id":"https:\/\/afogadosfm.com.br\/afogadosfm\/2025\/01\/07\/novos-gestores-de-sao-jose-do-egito-vieram-em-afogados-conhecer-experiencias-inovadoras\/#breadcrumb","itemListElement":[{"@type":"ListItem","position":1,"name":"In\u00edcio","item":"https:\/\/afogadosfm.com.br\/afogadosfm\/"},{"@type":"ListItem","position":2,"name":"Novos gestores de S\u00e3o Jos\u00e9 do Egito vieram em Afogados conhecer experi\u00eancias inovadoras"}]},{"@type":"WebSite","@id":"https:\/\/afogadosfm.com.br\/afogadosfm\/#website","url":"https:\/\/afogadosfm.com.br\/afogadosfm\/","name":"Afogados FM","description":"Um site completo!","publisher":{"@id":"https:\/\/afogadosfm.com.br\/afogadosfm\/#organization"},"potentialAction":[{"@type":"SearchAction","target":{"@type":"EntryPoint","urlTemplate":"https:\/\/afogadosfm.com.br\/afogadosfm\/?s={search_term_string}"},"query-input":{"@type":"PropertyValueSpecification","valueRequired":true,"valueName":"search_term_string"}}],"inLanguage":"pt-BR"},{"@type":"Organization","@id":"https:\/\/afogadosfm.com.br\/afogadosfm\/#organization","name":"Afogados FM","url":"https:\/\/afogadosfm.com.br\/afogadosfm\/","logo":{"@type":"ImageObject","inLanguage":"pt-BR","@id":"https:\/\/afogadosfm.com.br\/afogadosfm\/#\/schema\/logo\/image\/","url":"https:\/\/i0.wp.com\/afogadosfm.com.br\/afogadosfm\/wp-content\/uploads\/2020\/06\/cropped-banner-afogados-4.jpg?fit=369%2C137&ssl=1","contentUrl":"https:\/\/i0.wp.com\/afogadosfm.com.br\/afogadosfm\/wp-content\/uploads\/2020\/06\/cropped-banner-afogados-4.jpg?fit=369%2C137&ssl=1","width":369,"height":137,"caption":"Afogados FM"},"image":{"@id":"https:\/\/afogadosfm.com.br\/afogadosfm\/#\/schema\/logo\/image\/"}},{"@type":"Person","@id":"https:\/\/afogadosfm.com.br\/afogadosfm\/#\/schema\/person\/60e56f2cf5dc960fc093fe093d9e9057","name":"afogadosfm","image":{"@type":"ImageObject","inLanguage":"pt-BR","@id":"https:\/\/secure.gravatar.com\/avatar\/e0359add7ed5dc3560906d861b52c6a8cf5c1e199d3a7dd85070998f49bd4701?s=96&d=mm&r=g","url":"https:\/\/secure.gravatar.com\/avatar\/e0359add7ed5dc3560906d861b52c6a8cf5c1e199d3a7dd85070998f49bd4701?s=96&d=mm&r=g","contentUrl":"https:\/\/secure.gravatar.com\/avatar\/e0359add7ed5dc3560906d861b52c6a8cf5c1e199d3a7dd85070998f49bd4701?s=96&d=mm&r=g","caption":"afogadosfm"},"url":"https:\/\/afogadosfm.com.br\/afogadosfm\/author\/afogadosfm\/"}]}},"jetpack_publicize_connections":[],"jetpack_featured_media_url":"https:\/\/i0.wp.com\/afogadosfm.com.br\/afogadosfm\/wp-content\/uploads\/2025\/01\/8e659d7b-9f30-4a17-8cf0-b0f14cb19029.jpeg?fit=1600%2C900&ssl=1","jetpack-related-posts":[],"jetpack_sharing_enabled":true,"jetpack_likes_enabled":true,"_links":{"self":[{"href":"https:\/\/afogadosfm.com.br\/afogadosfm\/wp-json\/wp\/v2\/posts\/62347","targetHints":{"allow":["GET"]}}],"collection":[{"href":"https:\/\/afogadosfm.com.br\/afogadosfm\/wp-json\/wp\/v2\/posts"}],"about":[{"href":"https:\/\/afogadosfm.com.br\/afogadosfm\/wp-json\/wp\/v2\/types\/post"}],"author":[{"embeddable":true,"href":"https:\/\/afogadosfm.com.br\/afogadosfm\/wp-json\/wp\/v2\/users\/2"}],"replies":[{"embeddable":true,"href":"https:\/\/afogadosfm.com.br\/afogadosfm\/wp-json\/wp\/v2\/comments?post=62347"}],"version-history":[{"count":1,"href":"https:\/\/afogadosfm.com.br\/afogadosfm\/wp-json\/wp\/v2\/posts\/62347\/revisions"}],"predecessor-version":[{"id":62349,"href":"https:\/\/afogadosfm.com.br\/afogadosfm\/wp-json\/wp\/v2\/posts\/62347\/revisions\/62349"}],"wp:featuredmedia":[{"embeddable":true,"href":"https:\/\/afogadosfm.com.br\/afogadosfm\/wp-json\/wp\/v2\/media\/62348"}],"wp:attachment":[{"href":"https:\/\/afogadosfm.com.br\/afogadosfm\/wp-json\/wp\/v2\/media?parent=62347"}],"wp:term":[{"taxonomy":"category","embeddable":true,"href":"https:\/\/afogadosfm.com.br\/afogadosfm\/wp-json\/wp\/v2\/categories?post=62347"},{"taxonomy":"post_tag","embeddable":true,"href":"https:\/\/afogadosfm.com.br\/afogadosfm\/wp-json\/wp\/v2\/tags?post=62347"}],"curies":[{"name":"wp","href":"https:\/\/api.w.org\/{rel}","templated":true}]}}