{"id":62354,"date":"2025-01-07T04:44:55","date_gmt":"2025-01-07T07:44:55","guid":{"rendered":"https:\/\/afogadosfm.com.br\/afogadosfm\/?p=62354"},"modified":"2025-01-07T04:44:58","modified_gmt":"2025-01-07T07:44:58","slug":"bolsonaro-devera-ser-julgado-por-tentativa-de-golpe-pela-primeira-turma-do-stf","status":"publish","type":"post","link":"https:\/\/afogadosfm.com.br\/afogadosfm\/2025\/01\/07\/bolsonaro-devera-ser-julgado-por-tentativa-de-golpe-pela-primeira-turma-do-stf\/","title":{"rendered":"Bolsonaro dever\u00e1 ser julgado por tentativa de golpe pela Primeira Turma do STF"},"content":{"rendered":"\n<p>Indiciado pela Pol\u00edcia Federal pelos crimes de aboli\u00e7\u00e3o violenta do Estado Democr\u00e1tico de Direito, golpe de Estado e organiza\u00e7\u00e3o criminosa, o ex-presidente Jair Bolsonaro (PL) aguarda uma prov\u00e1vel den\u00fancia da Procuradoria-Geral da Rep\u00fablica (PGR) sob a acusa\u00e7\u00e3o de conspira\u00e7\u00e3o contra o sistema democr\u00e1tico do Pa\u00eds para se defender das imputa\u00e7\u00f5es perante o Supremo Tribunal Federal (STF).<\/p>\n\n\n\n<p>Como mostrou o Estad\u00e3o, a PGR pretende apresentar mais de uma den\u00fancia ao STF contra os 40 indiciados no inqu\u00e9rito do golpe. A ideia \u00e9 dividir as acusa\u00e7\u00f5es que atingem o ex-presidente Jair Bolsonaro, os ex-ministros Braga Netto e Augusto Heleno e outros 37 envolvidos no caso de acordo com os \u201cn\u00facleos\u201d da organiza\u00e7\u00e3o criminosa, mas n\u00e3o necessariamente com os nomes usados pela PF para batizar esses grupos.<\/p>\n\n\n\n<p>Ministro Alexandre de Moraes integra a Primeira Turma do Supremo Tribunal Federal (STF) Foto: Wilton Junior\/ESTADAO<br>Ministro Alexandre de Moraes integra a Primeira Turma do Supremo Tribunal Federal (STF) Foto: Wilton Junior\/ESTADAO<br>O indiciamento \u00e9 a imputa\u00e7\u00e3o a algu\u00e9m, por parte da autoridade policial, da pr\u00e1tica de um il\u00edcito. Assim, significa que, para a PF, Bolsonaro cometeu tais crimes. Com isso, o ex-presidente passa da condi\u00e7\u00e3o de \u201csuspeito\u201d para a de \u201cprov\u00e1vel autor da infra\u00e7\u00e3o penal\u201d. Contudo, continua gozando da presun\u00e7\u00e3o de inoc\u00eancia. Procurada pelo Estad\u00e3o, a defesa do ex-presidente n\u00e3o se manifestou.<\/p>\n\n\n\n<p>O pr\u00f3ximo passo ser\u00e1 a manifesta\u00e7\u00e3o da PGR. A prov\u00e1vel den\u00fancia dever\u00e1 ser encaminhada ao ministro Alexandre de Moraes, relator do inqu\u00e9rito sobre a suposta tentativa de golpe de Estado. O caminho natural \u00e9 que a den\u00fancia seja apreciada pela Primeira Turma do tribunal composta por Moraes, C\u00e1rmen L\u00facia, Cristiano Zanin, atual presidente, Fl\u00e1vio Dino e Luiz Fux.<\/p>\n\n\n\n<p>Em dezembro de 2023, o STF acolheu uma proposta do ministro Lu\u00eds Roberto Barroso, presidente da Corte, e restabeleceu a compet\u00eancia das Turmas para processar e julgar a\u00e7\u00f5es penais (APs) contra autoridades com foro no Tribunal, como \u00e9 o caso de Bolsonaro. As altera\u00e7\u00f5es no Regimento Interno do STF visam \u201cracionalizar a distribui\u00e7\u00e3o dos processos criminais e reduzir a sobrecarga do Plen\u00e1rio\u201d.<\/p>\n\n\n\n<p>Aliados do ex-presidente entendem que a defesa de Bolsonaro deve pedir que o caso seja analisado no plen\u00e1rio da Corte, em uma tentativa de buscar votos \u201cmais favor\u00e1veis\u201d ao ex-mandat\u00e1rio, como os ministros indicados durante a gest\u00e3o Bolsonaro, Nunes Marques e Andr\u00e9 Mendon\u00e7a. Caber\u00e1 ao relator decidir de mant\u00e9m o tramite natural do processo ou convoca o plen\u00e1rio.<\/p>\n\n\n\n<p>O ex-presidente e mais 36 aliados foram indiciados pela Pol\u00edcia Federal, em novembro de 2024, pelos crimes de aboli\u00e7\u00e3o violenta do Estado Democr\u00e1tico de Direito, golpe de Estado e organiza\u00e7\u00e3o criminosa. Pela primeira vez na hist\u00f3ria democr\u00e1tica do Brasil, um presidente eleito enfrenta indiciamento sob a acusa\u00e7\u00e3o de conspirar contra o sistema democr\u00e1tico do Pa\u00eds. Em dezembro, mais tr\u00eas foram indiciados.<\/p>\n\n\n\n<p>O relat\u00f3rio aponta que Bolsonaro sabia do plano para matar o presidente Luiz In\u00e1cio Lula da Silva (PT), o vice-presidente, Geraldo Alckmin (PSB), e o ministro Alexandre de Moraes em 2022. Al\u00e9m de mensagens de celular, v\u00eddeos, grava\u00e7\u00f5es, depoimentos da dela\u00e7\u00e3o premiada de Mauro Cid, h\u00e1 uma minuta de um decreto golpista, que, de acordo com a PF, foi redigida e ajustada por Bolsonaro.<\/p>\n\n\n\n<p>Do Estad\u00e3o<\/p>\n","protected":false},"excerpt":{"rendered":"<p>Indiciado pela Pol\u00edcia Federal pelos crimes de aboli\u00e7\u00e3o violenta do Estado Democr\u00e1tico de Direito, golpe de Estado e organiza\u00e7\u00e3o criminosa,<\/p>\n","protected":false},"author":2,"featured_media":41515,"comment_status":"open","ping_status":"open","sticky":false,"template":"","format":"standard","meta":{"jetpack_post_was_ever_published":false,"_jetpack_newsletter_access":"","_jetpack_dont_email_post_to_subs":false,"_jetpack_newsletter_tier_id":0,"_jetpack_memberships_contains_paywalled_content":false,"_jetpack_memberships_contains_paid_content":false,"footnotes":"","jetpack_publicize_message":"","jetpack_publicize_feature_enabled":true,"jetpack_social_post_already_shared":true,"jetpack_social_options":{"image_generator_settings":{"template":"highway","default_image_id":0,"font":"","enabled":false},"version":2}},"categories":[12],"tags":[],"class_list":["post-62354","post","type-post","status-publish","format-standard","has-post-thumbnail","hentry","category-brasil"],"yoast_head":"<!-- This site is optimized with the Yoast SEO plugin v27.5 - https:\/\/yoast.com\/product\/yoast-seo-wordpress\/ -->\n<title>Bolsonaro dever\u00e1 ser julgado por tentativa de golpe pela Primeira Turma do STF - Afogados FM<\/title>\n<meta name=\"robots\" content=\"index, follow, max-snippet:-1, max-image-preview:large, max-video-preview:-1\" \/>\n<link rel=\"canonical\" href=\"https:\/\/afogadosfm.com.br\/afogadosfm\/2025\/01\/07\/bolsonaro-devera-ser-julgado-por-tentativa-de-golpe-pela-primeira-turma-do-stf\/\" \/>\n<meta property=\"og:locale\" content=\"pt_BR\" \/>\n<meta property=\"og:type\" content=\"article\" \/>\n<meta property=\"og:title\" content=\"Bolsonaro dever\u00e1 ser julgado por tentativa de golpe pela Primeira Turma do STF - Afogados FM\" \/>\n<meta property=\"og:description\" content=\"Indiciado pela Pol\u00edcia Federal pelos crimes de aboli\u00e7\u00e3o violenta do Estado Democr\u00e1tico de Direito, golpe de Estado e organiza\u00e7\u00e3o criminosa,\" \/>\n<meta property=\"og:url\" content=\"https:\/\/afogadosfm.com.br\/afogadosfm\/2025\/01\/07\/bolsonaro-devera-ser-julgado-por-tentativa-de-golpe-pela-primeira-turma-do-stf\/\" \/>\n<meta property=\"og:site_name\" content=\"Afogados FM\" \/>\n<meta property=\"article:published_time\" content=\"2025-01-07T07:44:55+00:00\" \/>\n<meta property=\"article:modified_time\" content=\"2025-01-07T07:44:58+00:00\" \/>\n<meta property=\"og:image\" content=\"https:\/\/afogadosfm.com.br\/afogadosfm\/wp-content\/uploads\/2022\/10\/bolso02.jpeg\" \/>\n\t<meta property=\"og:image:width\" content=\"1059\" \/>\n\t<meta property=\"og:image:height\" content=\"599\" \/>\n\t<meta property=\"og:image:type\" content=\"image\/jpeg\" \/>\n<meta name=\"author\" content=\"afogadosfm\" \/>\n<meta name=\"twitter:card\" content=\"summary_large_image\" \/>\n<meta name=\"twitter:label1\" content=\"Escrito por\" \/>\n\t<meta name=\"twitter:data1\" content=\"afogadosfm\" \/>\n\t<meta name=\"twitter:label2\" content=\"Est. tempo de leitura\" \/>\n\t<meta name=\"twitter:data2\" content=\"4 minutos\" \/>\n<script type=\"application\/ld+json\" class=\"yoast-schema-graph\">{\"@context\":\"https:\\\/\\\/schema.org\",\"@graph\":[{\"@type\":\"Article\",\"@id\":\"https:\\\/\\\/afogadosfm.com.br\\\/afogadosfm\\\/2025\\\/01\\\/07\\\/bolsonaro-devera-ser-julgado-por-tentativa-de-golpe-pela-primeira-turma-do-stf\\\/#article\",\"isPartOf\":{\"@id\":\"https:\\\/\\\/afogadosfm.com.br\\\/afogadosfm\\\/2025\\\/01\\\/07\\\/bolsonaro-devera-ser-julgado-por-tentativa-de-golpe-pela-primeira-turma-do-stf\\\/\"},\"author\":{\"name\":\"afogadosfm\",\"@id\":\"https:\\\/\\\/afogadosfm.com.br\\\/afogadosfm\\\/#\\\/schema\\\/person\\\/60e56f2cf5dc960fc093fe093d9e9057\"},\"headline\":\"Bolsonaro dever\u00e1 ser julgado por tentativa de golpe pela Primeira Turma do STF\",\"datePublished\":\"2025-01-07T07:44:55+00:00\",\"dateModified\":\"2025-01-07T07:44:58+00:00\",\"mainEntityOfPage\":{\"@id\":\"https:\\\/\\\/afogadosfm.com.br\\\/afogadosfm\\\/2025\\\/01\\\/07\\\/bolsonaro-devera-ser-julgado-por-tentativa-de-golpe-pela-primeira-turma-do-stf\\\/\"},\"wordCount\":594,\"commentCount\":0,\"publisher\":{\"@id\":\"https:\\\/\\\/afogadosfm.com.br\\\/afogadosfm\\\/#organization\"},\"image\":{\"@id\":\"https:\\\/\\\/afogadosfm.com.br\\\/afogadosfm\\\/2025\\\/01\\\/07\\\/bolsonaro-devera-ser-julgado-por-tentativa-de-golpe-pela-primeira-turma-do-stf\\\/#primaryimage\"},\"thumbnailUrl\":\"https:\\\/\\\/i0.wp.com\\\/afogadosfm.com.br\\\/afogadosfm\\\/wp-content\\\/uploads\\\/2022\\\/10\\\/bolso02.jpeg?fit=1059%2C599&ssl=1\",\"articleSection\":[\"Brasil\"],\"inLanguage\":\"pt-BR\",\"potentialAction\":[{\"@type\":\"CommentAction\",\"name\":\"Comment\",\"target\":[\"https:\\\/\\\/afogadosfm.com.br\\\/afogadosfm\\\/2025\\\/01\\\/07\\\/bolsonaro-devera-ser-julgado-por-tentativa-de-golpe-pela-primeira-turma-do-stf\\\/#respond\"]}]},{\"@type\":\"WebPage\",\"@id\":\"https:\\\/\\\/afogadosfm.com.br\\\/afogadosfm\\\/2025\\\/01\\\/07\\\/bolsonaro-devera-ser-julgado-por-tentativa-de-golpe-pela-primeira-turma-do-stf\\\/\",\"url\":\"https:\\\/\\\/afogadosfm.com.br\\\/afogadosfm\\\/2025\\\/01\\\/07\\\/bolsonaro-devera-ser-julgado-por-tentativa-de-golpe-pela-primeira-turma-do-stf\\\/\",\"name\":\"Bolsonaro dever\u00e1 ser julgado por tentativa de golpe pela Primeira Turma do STF - Afogados FM\",\"isPartOf\":{\"@id\":\"https:\\\/\\\/afogadosfm.com.br\\\/afogadosfm\\\/#website\"},\"primaryImageOfPage\":{\"@id\":\"https:\\\/\\\/afogadosfm.com.br\\\/afogadosfm\\\/2025\\\/01\\\/07\\\/bolsonaro-devera-ser-julgado-por-tentativa-de-golpe-pela-primeira-turma-do-stf\\\/#primaryimage\"},\"image\":{\"@id\":\"https:\\\/\\\/afogadosfm.com.br\\\/afogadosfm\\\/2025\\\/01\\\/07\\\/bolsonaro-devera-ser-julgado-por-tentativa-de-golpe-pela-primeira-turma-do-stf\\\/#primaryimage\"},\"thumbnailUrl\":\"https:\\\/\\\/i0.wp.com\\\/afogadosfm.com.br\\\/afogadosfm\\\/wp-content\\\/uploads\\\/2022\\\/10\\\/bolso02.jpeg?fit=1059%2C599&ssl=1\",\"datePublished\":\"2025-01-07T07:44:55+00:00\",\"dateModified\":\"2025-01-07T07:44:58+00:00\",\"breadcrumb\":{\"@id\":\"https:\\\/\\\/afogadosfm.com.br\\\/afogadosfm\\\/2025\\\/01\\\/07\\\/bolsonaro-devera-ser-julgado-por-tentativa-de-golpe-pela-primeira-turma-do-stf\\\/#breadcrumb\"},\"inLanguage\":\"pt-BR\",\"potentialAction\":[{\"@type\":\"ReadAction\",\"target\":[\"https:\\\/\\\/afogadosfm.com.br\\\/afogadosfm\\\/2025\\\/01\\\/07\\\/bolsonaro-devera-ser-julgado-por-tentativa-de-golpe-pela-primeira-turma-do-stf\\\/\"]}]},{\"@type\":\"ImageObject\",\"inLanguage\":\"pt-BR\",\"@id\":\"https:\\\/\\\/afogadosfm.com.br\\\/afogadosfm\\\/2025\\\/01\\\/07\\\/bolsonaro-devera-ser-julgado-por-tentativa-de-golpe-pela-primeira-turma-do-stf\\\/#primaryimage\",\"url\":\"https:\\\/\\\/i0.wp.com\\\/afogadosfm.com.br\\\/afogadosfm\\\/wp-content\\\/uploads\\\/2022\\\/10\\\/bolso02.jpeg?fit=1059%2C599&ssl=1\",\"contentUrl\":\"https:\\\/\\\/i0.wp.com\\\/afogadosfm.com.br\\\/afogadosfm\\\/wp-content\\\/uploads\\\/2022\\\/10\\\/bolso02.jpeg?fit=1059%2C599&ssl=1\",\"width\":1059,\"height\":599},{\"@type\":\"BreadcrumbList\",\"@id\":\"https:\\\/\\\/afogadosfm.com.br\\\/afogadosfm\\\/2025\\\/01\\\/07\\\/bolsonaro-devera-ser-julgado-por-tentativa-de-golpe-pela-primeira-turma-do-stf\\\/#breadcrumb\",\"itemListElement\":[{\"@type\":\"ListItem\",\"position\":1,\"name\":\"In\u00edcio\",\"item\":\"https:\\\/\\\/afogadosfm.com.br\\\/afogadosfm\\\/\"},{\"@type\":\"ListItem\",\"position\":2,\"name\":\"Bolsonaro dever\u00e1 ser julgado por tentativa de golpe pela Primeira Turma do STF\"}]},{\"@type\":\"WebSite\",\"@id\":\"https:\\\/\\\/afogadosfm.com.br\\\/afogadosfm\\\/#website\",\"url\":\"https:\\\/\\\/afogadosfm.com.br\\\/afogadosfm\\\/\",\"name\":\"Afogados FM\",\"description\":\"Um site completo!\",\"publisher\":{\"@id\":\"https:\\\/\\\/afogadosfm.com.br\\\/afogadosfm\\\/#organization\"},\"potentialAction\":[{\"@type\":\"SearchAction\",\"target\":{\"@type\":\"EntryPoint\",\"urlTemplate\":\"https:\\\/\\\/afogadosfm.com.br\\\/afogadosfm\\\/?s={search_term_string}\"},\"query-input\":{\"@type\":\"PropertyValueSpecification\",\"valueRequired\":true,\"valueName\":\"search_term_string\"}}],\"inLanguage\":\"pt-BR\"},{\"@type\":\"Organization\",\"@id\":\"https:\\\/\\\/afogadosfm.com.br\\\/afogadosfm\\\/#organization\",\"name\":\"Afogados FM\",\"url\":\"https:\\\/\\\/afogadosfm.com.br\\\/afogadosfm\\\/\",\"logo\":{\"@type\":\"ImageObject\",\"inLanguage\":\"pt-BR\",\"@id\":\"https:\\\/\\\/afogadosfm.com.br\\\/afogadosfm\\\/#\\\/schema\\\/logo\\\/image\\\/\",\"url\":\"https:\\\/\\\/i0.wp.com\\\/afogadosfm.com.br\\\/afogadosfm\\\/wp-content\\\/uploads\\\/2020\\\/06\\\/cropped-banner-afogados-4.jpg?fit=369%2C137&ssl=1\",\"contentUrl\":\"https:\\\/\\\/i0.wp.com\\\/afogadosfm.com.br\\\/afogadosfm\\\/wp-content\\\/uploads\\\/2020\\\/06\\\/cropped-banner-afogados-4.jpg?fit=369%2C137&ssl=1\",\"width\":369,\"height\":137,\"caption\":\"Afogados FM\"},\"image\":{\"@id\":\"https:\\\/\\\/afogadosfm.com.br\\\/afogadosfm\\\/#\\\/schema\\\/logo\\\/image\\\/\"}},{\"@type\":\"Person\",\"@id\":\"https:\\\/\\\/afogadosfm.com.br\\\/afogadosfm\\\/#\\\/schema\\\/person\\\/60e56f2cf5dc960fc093fe093d9e9057\",\"name\":\"afogadosfm\",\"image\":{\"@type\":\"ImageObject\",\"inLanguage\":\"pt-BR\",\"@id\":\"https:\\\/\\\/secure.gravatar.com\\\/avatar\\\/e0359add7ed5dc3560906d861b52c6a8cf5c1e199d3a7dd85070998f49bd4701?s=96&d=mm&r=g\",\"url\":\"https:\\\/\\\/secure.gravatar.com\\\/avatar\\\/e0359add7ed5dc3560906d861b52c6a8cf5c1e199d3a7dd85070998f49bd4701?s=96&d=mm&r=g\",\"contentUrl\":\"https:\\\/\\\/secure.gravatar.com\\\/avatar\\\/e0359add7ed5dc3560906d861b52c6a8cf5c1e199d3a7dd85070998f49bd4701?s=96&d=mm&r=g\",\"caption\":\"afogadosfm\"},\"url\":\"https:\\\/\\\/afogadosfm.com.br\\\/afogadosfm\\\/author\\\/afogadosfm\\\/\"}]}<\/script>\n<!-- \/ Yoast SEO plugin. -->","yoast_head_json":{"title":"Bolsonaro dever\u00e1 ser julgado por tentativa de golpe pela Primeira Turma do STF - Afogados FM","robots":{"index":"index","follow":"follow","max-snippet":"max-snippet:-1","max-image-preview":"max-image-preview:large","max-video-preview":"max-video-preview:-1"},"canonical":"https:\/\/afogadosfm.com.br\/afogadosfm\/2025\/01\/07\/bolsonaro-devera-ser-julgado-por-tentativa-de-golpe-pela-primeira-turma-do-stf\/","og_locale":"pt_BR","og_type":"article","og_title":"Bolsonaro dever\u00e1 ser julgado por tentativa de golpe pela Primeira Turma do STF - Afogados FM","og_description":"Indiciado pela Pol\u00edcia Federal pelos crimes de aboli\u00e7\u00e3o violenta do Estado Democr\u00e1tico de Direito, golpe de Estado e organiza\u00e7\u00e3o criminosa,","og_url":"https:\/\/afogadosfm.com.br\/afogadosfm\/2025\/01\/07\/bolsonaro-devera-ser-julgado-por-tentativa-de-golpe-pela-primeira-turma-do-stf\/","og_site_name":"Afogados FM","article_published_time":"2025-01-07T07:44:55+00:00","article_modified_time":"2025-01-07T07:44:58+00:00","og_image":[{"width":1059,"height":599,"url":"https:\/\/afogadosfm.com.br\/afogadosfm\/wp-content\/uploads\/2022\/10\/bolso02.jpeg","type":"image\/jpeg"}],"author":"afogadosfm","twitter_card":"summary_large_image","twitter_misc":{"Escrito por":"afogadosfm","Est. tempo de leitura":"4 minutos"},"schema":{"@context":"https:\/\/schema.org","@graph":[{"@type":"Article","@id":"https:\/\/afogadosfm.com.br\/afogadosfm\/2025\/01\/07\/bolsonaro-devera-ser-julgado-por-tentativa-de-golpe-pela-primeira-turma-do-stf\/#article","isPartOf":{"@id":"https:\/\/afogadosfm.com.br\/afogadosfm\/2025\/01\/07\/bolsonaro-devera-ser-julgado-por-tentativa-de-golpe-pela-primeira-turma-do-stf\/"},"author":{"name":"afogadosfm","@id":"https:\/\/afogadosfm.com.br\/afogadosfm\/#\/schema\/person\/60e56f2cf5dc960fc093fe093d9e9057"},"headline":"Bolsonaro dever\u00e1 ser julgado por tentativa de golpe pela Primeira Turma do STF","datePublished":"2025-01-07T07:44:55+00:00","dateModified":"2025-01-07T07:44:58+00:00","mainEntityOfPage":{"@id":"https:\/\/afogadosfm.com.br\/afogadosfm\/2025\/01\/07\/bolsonaro-devera-ser-julgado-por-tentativa-de-golpe-pela-primeira-turma-do-stf\/"},"wordCount":594,"commentCount":0,"publisher":{"@id":"https:\/\/afogadosfm.com.br\/afogadosfm\/#organization"},"image":{"@id":"https:\/\/afogadosfm.com.br\/afogadosfm\/2025\/01\/07\/bolsonaro-devera-ser-julgado-por-tentativa-de-golpe-pela-primeira-turma-do-stf\/#primaryimage"},"thumbnailUrl":"https:\/\/i0.wp.com\/afogadosfm.com.br\/afogadosfm\/wp-content\/uploads\/2022\/10\/bolso02.jpeg?fit=1059%2C599&ssl=1","articleSection":["Brasil"],"inLanguage":"pt-BR","potentialAction":[{"@type":"CommentAction","name":"Comment","target":["https:\/\/afogadosfm.com.br\/afogadosfm\/2025\/01\/07\/bolsonaro-devera-ser-julgado-por-tentativa-de-golpe-pela-primeira-turma-do-stf\/#respond"]}]},{"@type":"WebPage","@id":"https:\/\/afogadosfm.com.br\/afogadosfm\/2025\/01\/07\/bolsonaro-devera-ser-julgado-por-tentativa-de-golpe-pela-primeira-turma-do-stf\/","url":"https:\/\/afogadosfm.com.br\/afogadosfm\/2025\/01\/07\/bolsonaro-devera-ser-julgado-por-tentativa-de-golpe-pela-primeira-turma-do-stf\/","name":"Bolsonaro dever\u00e1 ser julgado por tentativa de golpe pela Primeira Turma do STF - Afogados FM","isPartOf":{"@id":"https:\/\/afogadosfm.com.br\/afogadosfm\/#website"},"primaryImageOfPage":{"@id":"https:\/\/afogadosfm.com.br\/afogadosfm\/2025\/01\/07\/bolsonaro-devera-ser-julgado-por-tentativa-de-golpe-pela-primeira-turma-do-stf\/#primaryimage"},"image":{"@id":"https:\/\/afogadosfm.com.br\/afogadosfm\/2025\/01\/07\/bolsonaro-devera-ser-julgado-por-tentativa-de-golpe-pela-primeira-turma-do-stf\/#primaryimage"},"thumbnailUrl":"https:\/\/i0.wp.com\/afogadosfm.com.br\/afogadosfm\/wp-content\/uploads\/2022\/10\/bolso02.jpeg?fit=1059%2C599&ssl=1","datePublished":"2025-01-07T07:44:55+00:00","dateModified":"2025-01-07T07:44:58+00:00","breadcrumb":{"@id":"https:\/\/afogadosfm.com.br\/afogadosfm\/2025\/01\/07\/bolsonaro-devera-ser-julgado-por-tentativa-de-golpe-pela-primeira-turma-do-stf\/#breadcrumb"},"inLanguage":"pt-BR","potentialAction":[{"@type":"ReadAction","target":["https:\/\/afogadosfm.com.br\/afogadosfm\/2025\/01\/07\/bolsonaro-devera-ser-julgado-por-tentativa-de-golpe-pela-primeira-turma-do-stf\/"]}]},{"@type":"ImageObject","inLanguage":"pt-BR","@id":"https:\/\/afogadosfm.com.br\/afogadosfm\/2025\/01\/07\/bolsonaro-devera-ser-julgado-por-tentativa-de-golpe-pela-primeira-turma-do-stf\/#primaryimage","url":"https:\/\/i0.wp.com\/afogadosfm.com.br\/afogadosfm\/wp-content\/uploads\/2022\/10\/bolso02.jpeg?fit=1059%2C599&ssl=1","contentUrl":"https:\/\/i0.wp.com\/afogadosfm.com.br\/afogadosfm\/wp-content\/uploads\/2022\/10\/bolso02.jpeg?fit=1059%2C599&ssl=1","width":1059,"height":599},{"@type":"BreadcrumbList","@id":"https:\/\/afogadosfm.com.br\/afogadosfm\/2025\/01\/07\/bolsonaro-devera-ser-julgado-por-tentativa-de-golpe-pela-primeira-turma-do-stf\/#breadcrumb","itemListElement":[{"@type":"ListItem","position":1,"name":"In\u00edcio","item":"https:\/\/afogadosfm.com.br\/afogadosfm\/"},{"@type":"ListItem","position":2,"name":"Bolsonaro dever\u00e1 ser julgado por tentativa de golpe pela Primeira Turma do STF"}]},{"@type":"WebSite","@id":"https:\/\/afogadosfm.com.br\/afogadosfm\/#website","url":"https:\/\/afogadosfm.com.br\/afogadosfm\/","name":"Afogados FM","description":"Um site completo!","publisher":{"@id":"https:\/\/afogadosfm.com.br\/afogadosfm\/#organization"},"potentialAction":[{"@type":"SearchAction","target":{"@type":"EntryPoint","urlTemplate":"https:\/\/afogadosfm.com.br\/afogadosfm\/?s={search_term_string}"},"query-input":{"@type":"PropertyValueSpecification","valueRequired":true,"valueName":"search_term_string"}}],"inLanguage":"pt-BR"},{"@type":"Organization","@id":"https:\/\/afogadosfm.com.br\/afogadosfm\/#organization","name":"Afogados FM","url":"https:\/\/afogadosfm.com.br\/afogadosfm\/","logo":{"@type":"ImageObject","inLanguage":"pt-BR","@id":"https:\/\/afogadosfm.com.br\/afogadosfm\/#\/schema\/logo\/image\/","url":"https:\/\/i0.wp.com\/afogadosfm.com.br\/afogadosfm\/wp-content\/uploads\/2020\/06\/cropped-banner-afogados-4.jpg?fit=369%2C137&ssl=1","contentUrl":"https:\/\/i0.wp.com\/afogadosfm.com.br\/afogadosfm\/wp-content\/uploads\/2020\/06\/cropped-banner-afogados-4.jpg?fit=369%2C137&ssl=1","width":369,"height":137,"caption":"Afogados FM"},"image":{"@id":"https:\/\/afogadosfm.com.br\/afogadosfm\/#\/schema\/logo\/image\/"}},{"@type":"Person","@id":"https:\/\/afogadosfm.com.br\/afogadosfm\/#\/schema\/person\/60e56f2cf5dc960fc093fe093d9e9057","name":"afogadosfm","image":{"@type":"ImageObject","inLanguage":"pt-BR","@id":"https:\/\/secure.gravatar.com\/avatar\/e0359add7ed5dc3560906d861b52c6a8cf5c1e199d3a7dd85070998f49bd4701?s=96&d=mm&r=g","url":"https:\/\/secure.gravatar.com\/avatar\/e0359add7ed5dc3560906d861b52c6a8cf5c1e199d3a7dd85070998f49bd4701?s=96&d=mm&r=g","contentUrl":"https:\/\/secure.gravatar.com\/avatar\/e0359add7ed5dc3560906d861b52c6a8cf5c1e199d3a7dd85070998f49bd4701?s=96&d=mm&r=g","caption":"afogadosfm"},"url":"https:\/\/afogadosfm.com.br\/afogadosfm\/author\/afogadosfm\/"}]}},"jetpack_publicize_connections":[],"jetpack_featured_media_url":"https:\/\/i0.wp.com\/afogadosfm.com.br\/afogadosfm\/wp-content\/uploads\/2022\/10\/bolso02.jpeg?fit=1059%2C599&ssl=1","jetpack-related-posts":[],"jetpack_sharing_enabled":true,"jetpack_likes_enabled":true,"_links":{"self":[{"href":"https:\/\/afogadosfm.com.br\/afogadosfm\/wp-json\/wp\/v2\/posts\/62354","targetHints":{"allow":["GET"]}}],"collection":[{"href":"https:\/\/afogadosfm.com.br\/afogadosfm\/wp-json\/wp\/v2\/posts"}],"about":[{"href":"https:\/\/afogadosfm.com.br\/afogadosfm\/wp-json\/wp\/v2\/types\/post"}],"author":[{"embeddable":true,"href":"https:\/\/afogadosfm.com.br\/afogadosfm\/wp-json\/wp\/v2\/users\/2"}],"replies":[{"embeddable":true,"href":"https:\/\/afogadosfm.com.br\/afogadosfm\/wp-json\/wp\/v2\/comments?post=62354"}],"version-history":[{"count":1,"href":"https:\/\/afogadosfm.com.br\/afogadosfm\/wp-json\/wp\/v2\/posts\/62354\/revisions"}],"predecessor-version":[{"id":62355,"href":"https:\/\/afogadosfm.com.br\/afogadosfm\/wp-json\/wp\/v2\/posts\/62354\/revisions\/62355"}],"wp:featuredmedia":[{"embeddable":true,"href":"https:\/\/afogadosfm.com.br\/afogadosfm\/wp-json\/wp\/v2\/media\/41515"}],"wp:attachment":[{"href":"https:\/\/afogadosfm.com.br\/afogadosfm\/wp-json\/wp\/v2\/media?parent=62354"}],"wp:term":[{"taxonomy":"category","embeddable":true,"href":"https:\/\/afogadosfm.com.br\/afogadosfm\/wp-json\/wp\/v2\/categories?post=62354"},{"taxonomy":"post_tag","embeddable":true,"href":"https:\/\/afogadosfm.com.br\/afogadosfm\/wp-json\/wp\/v2\/tags?post=62354"}],"curies":[{"name":"wp","href":"https:\/\/api.w.org\/{rel}","templated":true}]}}