{"id":62356,"date":"2025-01-07T04:46:17","date_gmt":"2025-01-07T07:46:17","guid":{"rendered":"https:\/\/afogadosfm.com.br\/afogadosfm\/?p=62356"},"modified":"2025-01-07T04:46:20","modified_gmt":"2025-01-07T07:46:20","slug":"pernambuco-fechou-2024-com-queda-de-55-nas-mortes-violentas-aponta-sds","status":"publish","type":"post","link":"https:\/\/afogadosfm.com.br\/afogadosfm\/2025\/01\/07\/pernambuco-fechou-2024-com-queda-de-55-nas-mortes-violentas-aponta-sds\/","title":{"rendered":"Pernambuco fechou 2024 com queda de 5,5% nas mortes violentas aponta SDS"},"content":{"rendered":"\n<p>Ap\u00f3s dois anos registrando alta, Pernambuco fechou o ano de 2024 com queda no n\u00famero de mortes violentas intencionais. De acordo com a Secretaria de Defesa Social (SDS), 3.441 vidas foram perdidas. A redu\u00e7\u00e3o foi de 5,5% em rela\u00e7\u00e3o a 2023, quando foram contabilizadas 3.639 mortes.<\/p>\n\n\n\n<p>O resultado foi impulsionado pela queda dos crimes contra a vida na Regi\u00e3o Metropolitana e no interior. A capital pernambucana apresentou aumento nos n\u00fameros.<\/p>\n\n\n\n<p>Nas mortes violentas intencionais, como s\u00e3o classificadas nacionalmente, est\u00e3o inseridos os homic\u00eddios, feminic\u00eddios, latroc\u00ednios, les\u00f5es corporais seguidas de morte e os \u00f3bitos decorrentes de a\u00e7\u00f5es das for\u00e7as de seguran\u00e7a.<\/p>\n\n\n\n<p>Em 2024, Pernambuco registrou uma taxa de 36,08 mortes por 100 mil habitantes. No ano anterior, esse \u00edndice era de 38,25.<\/p>\n\n\n\n<p>A redu\u00e7\u00e3o nos n\u00fameros da viol\u00eancia no Estado come\u00e7ou a ser observada a partir de maio, ap\u00f3s, segundo o governo estadual, haver um incremento na quantidade de opera\u00e7\u00f5es de repress\u00e3o qualificada e no isolamento de l\u00edderes de fac\u00e7\u00f5es criminosas no sistema prisional.<\/p>\n\n\n\n<p>O Estado seguiu uma sequ\u00eancia de queda durante cinco meses, at\u00e9 que em outubro, com 274 mortes, houve um empate nos n\u00fameros comparando com o mesmo per\u00edodo de 2023. Em novembro e dezembro, houve novamente redu\u00e7\u00e3o.<\/p>\n\n\n\n<p>Em rela\u00e7\u00e3o aos feminic\u00eddios no Estado, houve queda de 8,6% em 2024. Ao todo, 75 casos foram registrados \u2013 sete a menos em compara\u00e7\u00e3o com 2023.<\/p>\n","protected":false},"excerpt":{"rendered":"<p>Ap\u00f3s dois anos registrando alta, Pernambuco fechou o ano de 2024 com queda no n\u00famero de mortes violentas intencionais. De<\/p>\n","protected":false},"author":2,"featured_media":54331,"comment_status":"open","ping_status":"open","sticky":false,"template":"","format":"standard","meta":{"jetpack_post_was_ever_published":false,"_jetpack_newsletter_access":"","_jetpack_dont_email_post_to_subs":false,"_jetpack_newsletter_tier_id":0,"_jetpack_memberships_contains_paywalled_content":false,"_jetpack_memberships_contains_paid_content":false,"footnotes":"","jetpack_publicize_message":"","jetpack_publicize_feature_enabled":true,"jetpack_social_post_already_shared":true,"jetpack_social_options":{"image_generator_settings":{"template":"highway","default_image_id":0,"font":"","enabled":false},"version":2}},"categories":[13],"tags":[],"class_list":["post-62356","post","type-post","status-publish","format-standard","has-post-thumbnail","hentry","category-pernambuco"],"yoast_head":"<!-- This site is optimized with the Yoast SEO plugin v27.5 - https:\/\/yoast.com\/product\/yoast-seo-wordpress\/ -->\n<title>Pernambuco fechou 2024 com queda de 5,5% nas mortes violentas aponta SDS - Afogados FM<\/title>\n<meta name=\"robots\" content=\"index, follow, max-snippet:-1, max-image-preview:large, max-video-preview:-1\" \/>\n<link rel=\"canonical\" href=\"https:\/\/afogadosfm.com.br\/afogadosfm\/2025\/01\/07\/pernambuco-fechou-2024-com-queda-de-55-nas-mortes-violentas-aponta-sds\/\" \/>\n<meta property=\"og:locale\" content=\"pt_BR\" \/>\n<meta property=\"og:type\" content=\"article\" \/>\n<meta property=\"og:title\" content=\"Pernambuco fechou 2024 com queda de 5,5% nas mortes violentas aponta SDS - Afogados FM\" \/>\n<meta property=\"og:description\" content=\"Ap\u00f3s dois anos registrando alta, Pernambuco fechou o ano de 2024 com queda no n\u00famero de mortes violentas intencionais. De\" \/>\n<meta property=\"og:url\" content=\"https:\/\/afogadosfm.com.br\/afogadosfm\/2025\/01\/07\/pernambuco-fechou-2024-com-queda-de-55-nas-mortes-violentas-aponta-sds\/\" \/>\n<meta property=\"og:site_name\" content=\"Afogados FM\" \/>\n<meta property=\"article:published_time\" content=\"2025-01-07T07:46:17+00:00\" \/>\n<meta property=\"article:modified_time\" content=\"2025-01-07T07:46:20+00:00\" \/>\n<meta property=\"og:image\" content=\"https:\/\/afogadosfm.com.br\/afogadosfm\/wp-content\/uploads\/2024\/02\/sds.jpeg\" \/>\n\t<meta property=\"og:image:width\" content=\"200\" \/>\n\t<meta property=\"og:image:height\" content=\"200\" \/>\n\t<meta property=\"og:image:type\" content=\"image\/jpeg\" \/>\n<meta name=\"author\" content=\"afogadosfm\" \/>\n<meta name=\"twitter:card\" content=\"summary_large_image\" \/>\n<meta name=\"twitter:label1\" content=\"Escrito por\" \/>\n\t<meta name=\"twitter:data1\" content=\"afogadosfm\" \/>\n\t<meta name=\"twitter:label2\" content=\"Est. tempo de leitura\" \/>\n\t<meta name=\"twitter:data2\" content=\"2 minutos\" \/>\n<script type=\"application\/ld+json\" class=\"yoast-schema-graph\">{\"@context\":\"https:\\\/\\\/schema.org\",\"@graph\":[{\"@type\":\"Article\",\"@id\":\"https:\\\/\\\/afogadosfm.com.br\\\/afogadosfm\\\/2025\\\/01\\\/07\\\/pernambuco-fechou-2024-com-queda-de-55-nas-mortes-violentas-aponta-sds\\\/#article\",\"isPartOf\":{\"@id\":\"https:\\\/\\\/afogadosfm.com.br\\\/afogadosfm\\\/2025\\\/01\\\/07\\\/pernambuco-fechou-2024-com-queda-de-55-nas-mortes-violentas-aponta-sds\\\/\"},\"author\":{\"name\":\"afogadosfm\",\"@id\":\"https:\\\/\\\/afogadosfm.com.br\\\/afogadosfm\\\/#\\\/schema\\\/person\\\/60e56f2cf5dc960fc093fe093d9e9057\"},\"headline\":\"Pernambuco fechou 2024 com queda de 5,5% nas mortes violentas aponta SDS\",\"datePublished\":\"2025-01-07T07:46:17+00:00\",\"dateModified\":\"2025-01-07T07:46:20+00:00\",\"mainEntityOfPage\":{\"@id\":\"https:\\\/\\\/afogadosfm.com.br\\\/afogadosfm\\\/2025\\\/01\\\/07\\\/pernambuco-fechou-2024-com-queda-de-55-nas-mortes-violentas-aponta-sds\\\/\"},\"wordCount\":249,\"commentCount\":0,\"publisher\":{\"@id\":\"https:\\\/\\\/afogadosfm.com.br\\\/afogadosfm\\\/#organization\"},\"image\":{\"@id\":\"https:\\\/\\\/afogadosfm.com.br\\\/afogadosfm\\\/2025\\\/01\\\/07\\\/pernambuco-fechou-2024-com-queda-de-55-nas-mortes-violentas-aponta-sds\\\/#primaryimage\"},\"thumbnailUrl\":\"https:\\\/\\\/i0.wp.com\\\/afogadosfm.com.br\\\/afogadosfm\\\/wp-content\\\/uploads\\\/2024\\\/02\\\/sds.jpeg?fit=200%2C200&ssl=1\",\"articleSection\":[\"Pernambuco\"],\"inLanguage\":\"pt-BR\",\"potentialAction\":[{\"@type\":\"CommentAction\",\"name\":\"Comment\",\"target\":[\"https:\\\/\\\/afogadosfm.com.br\\\/afogadosfm\\\/2025\\\/01\\\/07\\\/pernambuco-fechou-2024-com-queda-de-55-nas-mortes-violentas-aponta-sds\\\/#respond\"]}]},{\"@type\":\"WebPage\",\"@id\":\"https:\\\/\\\/afogadosfm.com.br\\\/afogadosfm\\\/2025\\\/01\\\/07\\\/pernambuco-fechou-2024-com-queda-de-55-nas-mortes-violentas-aponta-sds\\\/\",\"url\":\"https:\\\/\\\/afogadosfm.com.br\\\/afogadosfm\\\/2025\\\/01\\\/07\\\/pernambuco-fechou-2024-com-queda-de-55-nas-mortes-violentas-aponta-sds\\\/\",\"name\":\"Pernambuco fechou 2024 com queda de 5,5% nas mortes violentas aponta SDS - Afogados FM\",\"isPartOf\":{\"@id\":\"https:\\\/\\\/afogadosfm.com.br\\\/afogadosfm\\\/#website\"},\"primaryImageOfPage\":{\"@id\":\"https:\\\/\\\/afogadosfm.com.br\\\/afogadosfm\\\/2025\\\/01\\\/07\\\/pernambuco-fechou-2024-com-queda-de-55-nas-mortes-violentas-aponta-sds\\\/#primaryimage\"},\"image\":{\"@id\":\"https:\\\/\\\/afogadosfm.com.br\\\/afogadosfm\\\/2025\\\/01\\\/07\\\/pernambuco-fechou-2024-com-queda-de-55-nas-mortes-violentas-aponta-sds\\\/#primaryimage\"},\"thumbnailUrl\":\"https:\\\/\\\/i0.wp.com\\\/afogadosfm.com.br\\\/afogadosfm\\\/wp-content\\\/uploads\\\/2024\\\/02\\\/sds.jpeg?fit=200%2C200&ssl=1\",\"datePublished\":\"2025-01-07T07:46:17+00:00\",\"dateModified\":\"2025-01-07T07:46:20+00:00\",\"breadcrumb\":{\"@id\":\"https:\\\/\\\/afogadosfm.com.br\\\/afogadosfm\\\/2025\\\/01\\\/07\\\/pernambuco-fechou-2024-com-queda-de-55-nas-mortes-violentas-aponta-sds\\\/#breadcrumb\"},\"inLanguage\":\"pt-BR\",\"potentialAction\":[{\"@type\":\"ReadAction\",\"target\":[\"https:\\\/\\\/afogadosfm.com.br\\\/afogadosfm\\\/2025\\\/01\\\/07\\\/pernambuco-fechou-2024-com-queda-de-55-nas-mortes-violentas-aponta-sds\\\/\"]}]},{\"@type\":\"ImageObject\",\"inLanguage\":\"pt-BR\",\"@id\":\"https:\\\/\\\/afogadosfm.com.br\\\/afogadosfm\\\/2025\\\/01\\\/07\\\/pernambuco-fechou-2024-com-queda-de-55-nas-mortes-violentas-aponta-sds\\\/#primaryimage\",\"url\":\"https:\\\/\\\/i0.wp.com\\\/afogadosfm.com.br\\\/afogadosfm\\\/wp-content\\\/uploads\\\/2024\\\/02\\\/sds.jpeg?fit=200%2C200&ssl=1\",\"contentUrl\":\"https:\\\/\\\/i0.wp.com\\\/afogadosfm.com.br\\\/afogadosfm\\\/wp-content\\\/uploads\\\/2024\\\/02\\\/sds.jpeg?fit=200%2C200&ssl=1\",\"width\":200,\"height\":200},{\"@type\":\"BreadcrumbList\",\"@id\":\"https:\\\/\\\/afogadosfm.com.br\\\/afogadosfm\\\/2025\\\/01\\\/07\\\/pernambuco-fechou-2024-com-queda-de-55-nas-mortes-violentas-aponta-sds\\\/#breadcrumb\",\"itemListElement\":[{\"@type\":\"ListItem\",\"position\":1,\"name\":\"In\u00edcio\",\"item\":\"https:\\\/\\\/afogadosfm.com.br\\\/afogadosfm\\\/\"},{\"@type\":\"ListItem\",\"position\":2,\"name\":\"Pernambuco fechou 2024 com queda de 5,5% nas mortes violentas aponta SDS\"}]},{\"@type\":\"WebSite\",\"@id\":\"https:\\\/\\\/afogadosfm.com.br\\\/afogadosfm\\\/#website\",\"url\":\"https:\\\/\\\/afogadosfm.com.br\\\/afogadosfm\\\/\",\"name\":\"Afogados FM\",\"description\":\"Um site completo!\",\"publisher\":{\"@id\":\"https:\\\/\\\/afogadosfm.com.br\\\/afogadosfm\\\/#organization\"},\"potentialAction\":[{\"@type\":\"SearchAction\",\"target\":{\"@type\":\"EntryPoint\",\"urlTemplate\":\"https:\\\/\\\/afogadosfm.com.br\\\/afogadosfm\\\/?s={search_term_string}\"},\"query-input\":{\"@type\":\"PropertyValueSpecification\",\"valueRequired\":true,\"valueName\":\"search_term_string\"}}],\"inLanguage\":\"pt-BR\"},{\"@type\":\"Organization\",\"@id\":\"https:\\\/\\\/afogadosfm.com.br\\\/afogadosfm\\\/#organization\",\"name\":\"Afogados FM\",\"url\":\"https:\\\/\\\/afogadosfm.com.br\\\/afogadosfm\\\/\",\"logo\":{\"@type\":\"ImageObject\",\"inLanguage\":\"pt-BR\",\"@id\":\"https:\\\/\\\/afogadosfm.com.br\\\/afogadosfm\\\/#\\\/schema\\\/logo\\\/image\\\/\",\"url\":\"https:\\\/\\\/i0.wp.com\\\/afogadosfm.com.br\\\/afogadosfm\\\/wp-content\\\/uploads\\\/2020\\\/06\\\/cropped-banner-afogados-4.jpg?fit=369%2C137&ssl=1\",\"contentUrl\":\"https:\\\/\\\/i0.wp.com\\\/afogadosfm.com.br\\\/afogadosfm\\\/wp-content\\\/uploads\\\/2020\\\/06\\\/cropped-banner-afogados-4.jpg?fit=369%2C137&ssl=1\",\"width\":369,\"height\":137,\"caption\":\"Afogados FM\"},\"image\":{\"@id\":\"https:\\\/\\\/afogadosfm.com.br\\\/afogadosfm\\\/#\\\/schema\\\/logo\\\/image\\\/\"}},{\"@type\":\"Person\",\"@id\":\"https:\\\/\\\/afogadosfm.com.br\\\/afogadosfm\\\/#\\\/schema\\\/person\\\/60e56f2cf5dc960fc093fe093d9e9057\",\"name\":\"afogadosfm\",\"image\":{\"@type\":\"ImageObject\",\"inLanguage\":\"pt-BR\",\"@id\":\"https:\\\/\\\/secure.gravatar.com\\\/avatar\\\/e0359add7ed5dc3560906d861b52c6a8cf5c1e199d3a7dd85070998f49bd4701?s=96&d=mm&r=g\",\"url\":\"https:\\\/\\\/secure.gravatar.com\\\/avatar\\\/e0359add7ed5dc3560906d861b52c6a8cf5c1e199d3a7dd85070998f49bd4701?s=96&d=mm&r=g\",\"contentUrl\":\"https:\\\/\\\/secure.gravatar.com\\\/avatar\\\/e0359add7ed5dc3560906d861b52c6a8cf5c1e199d3a7dd85070998f49bd4701?s=96&d=mm&r=g\",\"caption\":\"afogadosfm\"},\"url\":\"https:\\\/\\\/afogadosfm.com.br\\\/afogadosfm\\\/author\\\/afogadosfm\\\/\"}]}<\/script>\n<!-- \/ Yoast SEO plugin. -->","yoast_head_json":{"title":"Pernambuco fechou 2024 com queda de 5,5% nas mortes violentas aponta SDS - Afogados FM","robots":{"index":"index","follow":"follow","max-snippet":"max-snippet:-1","max-image-preview":"max-image-preview:large","max-video-preview":"max-video-preview:-1"},"canonical":"https:\/\/afogadosfm.com.br\/afogadosfm\/2025\/01\/07\/pernambuco-fechou-2024-com-queda-de-55-nas-mortes-violentas-aponta-sds\/","og_locale":"pt_BR","og_type":"article","og_title":"Pernambuco fechou 2024 com queda de 5,5% nas mortes violentas aponta SDS - Afogados FM","og_description":"Ap\u00f3s dois anos registrando alta, Pernambuco fechou o ano de 2024 com queda no n\u00famero de mortes violentas intencionais. De","og_url":"https:\/\/afogadosfm.com.br\/afogadosfm\/2025\/01\/07\/pernambuco-fechou-2024-com-queda-de-55-nas-mortes-violentas-aponta-sds\/","og_site_name":"Afogados FM","article_published_time":"2025-01-07T07:46:17+00:00","article_modified_time":"2025-01-07T07:46:20+00:00","og_image":[{"width":200,"height":200,"url":"https:\/\/afogadosfm.com.br\/afogadosfm\/wp-content\/uploads\/2024\/02\/sds.jpeg","type":"image\/jpeg"}],"author":"afogadosfm","twitter_card":"summary_large_image","twitter_misc":{"Escrito por":"afogadosfm","Est. tempo de leitura":"2 minutos"},"schema":{"@context":"https:\/\/schema.org","@graph":[{"@type":"Article","@id":"https:\/\/afogadosfm.com.br\/afogadosfm\/2025\/01\/07\/pernambuco-fechou-2024-com-queda-de-55-nas-mortes-violentas-aponta-sds\/#article","isPartOf":{"@id":"https:\/\/afogadosfm.com.br\/afogadosfm\/2025\/01\/07\/pernambuco-fechou-2024-com-queda-de-55-nas-mortes-violentas-aponta-sds\/"},"author":{"name":"afogadosfm","@id":"https:\/\/afogadosfm.com.br\/afogadosfm\/#\/schema\/person\/60e56f2cf5dc960fc093fe093d9e9057"},"headline":"Pernambuco fechou 2024 com queda de 5,5% nas mortes violentas aponta SDS","datePublished":"2025-01-07T07:46:17+00:00","dateModified":"2025-01-07T07:46:20+00:00","mainEntityOfPage":{"@id":"https:\/\/afogadosfm.com.br\/afogadosfm\/2025\/01\/07\/pernambuco-fechou-2024-com-queda-de-55-nas-mortes-violentas-aponta-sds\/"},"wordCount":249,"commentCount":0,"publisher":{"@id":"https:\/\/afogadosfm.com.br\/afogadosfm\/#organization"},"image":{"@id":"https:\/\/afogadosfm.com.br\/afogadosfm\/2025\/01\/07\/pernambuco-fechou-2024-com-queda-de-55-nas-mortes-violentas-aponta-sds\/#primaryimage"},"thumbnailUrl":"https:\/\/i0.wp.com\/afogadosfm.com.br\/afogadosfm\/wp-content\/uploads\/2024\/02\/sds.jpeg?fit=200%2C200&ssl=1","articleSection":["Pernambuco"],"inLanguage":"pt-BR","potentialAction":[{"@type":"CommentAction","name":"Comment","target":["https:\/\/afogadosfm.com.br\/afogadosfm\/2025\/01\/07\/pernambuco-fechou-2024-com-queda-de-55-nas-mortes-violentas-aponta-sds\/#respond"]}]},{"@type":"WebPage","@id":"https:\/\/afogadosfm.com.br\/afogadosfm\/2025\/01\/07\/pernambuco-fechou-2024-com-queda-de-55-nas-mortes-violentas-aponta-sds\/","url":"https:\/\/afogadosfm.com.br\/afogadosfm\/2025\/01\/07\/pernambuco-fechou-2024-com-queda-de-55-nas-mortes-violentas-aponta-sds\/","name":"Pernambuco fechou 2024 com queda de 5,5% nas mortes violentas aponta SDS - Afogados FM","isPartOf":{"@id":"https:\/\/afogadosfm.com.br\/afogadosfm\/#website"},"primaryImageOfPage":{"@id":"https:\/\/afogadosfm.com.br\/afogadosfm\/2025\/01\/07\/pernambuco-fechou-2024-com-queda-de-55-nas-mortes-violentas-aponta-sds\/#primaryimage"},"image":{"@id":"https:\/\/afogadosfm.com.br\/afogadosfm\/2025\/01\/07\/pernambuco-fechou-2024-com-queda-de-55-nas-mortes-violentas-aponta-sds\/#primaryimage"},"thumbnailUrl":"https:\/\/i0.wp.com\/afogadosfm.com.br\/afogadosfm\/wp-content\/uploads\/2024\/02\/sds.jpeg?fit=200%2C200&ssl=1","datePublished":"2025-01-07T07:46:17+00:00","dateModified":"2025-01-07T07:46:20+00:00","breadcrumb":{"@id":"https:\/\/afogadosfm.com.br\/afogadosfm\/2025\/01\/07\/pernambuco-fechou-2024-com-queda-de-55-nas-mortes-violentas-aponta-sds\/#breadcrumb"},"inLanguage":"pt-BR","potentialAction":[{"@type":"ReadAction","target":["https:\/\/afogadosfm.com.br\/afogadosfm\/2025\/01\/07\/pernambuco-fechou-2024-com-queda-de-55-nas-mortes-violentas-aponta-sds\/"]}]},{"@type":"ImageObject","inLanguage":"pt-BR","@id":"https:\/\/afogadosfm.com.br\/afogadosfm\/2025\/01\/07\/pernambuco-fechou-2024-com-queda-de-55-nas-mortes-violentas-aponta-sds\/#primaryimage","url":"https:\/\/i0.wp.com\/afogadosfm.com.br\/afogadosfm\/wp-content\/uploads\/2024\/02\/sds.jpeg?fit=200%2C200&ssl=1","contentUrl":"https:\/\/i0.wp.com\/afogadosfm.com.br\/afogadosfm\/wp-content\/uploads\/2024\/02\/sds.jpeg?fit=200%2C200&ssl=1","width":200,"height":200},{"@type":"BreadcrumbList","@id":"https:\/\/afogadosfm.com.br\/afogadosfm\/2025\/01\/07\/pernambuco-fechou-2024-com-queda-de-55-nas-mortes-violentas-aponta-sds\/#breadcrumb","itemListElement":[{"@type":"ListItem","position":1,"name":"In\u00edcio","item":"https:\/\/afogadosfm.com.br\/afogadosfm\/"},{"@type":"ListItem","position":2,"name":"Pernambuco fechou 2024 com queda de 5,5% nas mortes violentas aponta SDS"}]},{"@type":"WebSite","@id":"https:\/\/afogadosfm.com.br\/afogadosfm\/#website","url":"https:\/\/afogadosfm.com.br\/afogadosfm\/","name":"Afogados FM","description":"Um site completo!","publisher":{"@id":"https:\/\/afogadosfm.com.br\/afogadosfm\/#organization"},"potentialAction":[{"@type":"SearchAction","target":{"@type":"EntryPoint","urlTemplate":"https:\/\/afogadosfm.com.br\/afogadosfm\/?s={search_term_string}"},"query-input":{"@type":"PropertyValueSpecification","valueRequired":true,"valueName":"search_term_string"}}],"inLanguage":"pt-BR"},{"@type":"Organization","@id":"https:\/\/afogadosfm.com.br\/afogadosfm\/#organization","name":"Afogados FM","url":"https:\/\/afogadosfm.com.br\/afogadosfm\/","logo":{"@type":"ImageObject","inLanguage":"pt-BR","@id":"https:\/\/afogadosfm.com.br\/afogadosfm\/#\/schema\/logo\/image\/","url":"https:\/\/i0.wp.com\/afogadosfm.com.br\/afogadosfm\/wp-content\/uploads\/2020\/06\/cropped-banner-afogados-4.jpg?fit=369%2C137&ssl=1","contentUrl":"https:\/\/i0.wp.com\/afogadosfm.com.br\/afogadosfm\/wp-content\/uploads\/2020\/06\/cropped-banner-afogados-4.jpg?fit=369%2C137&ssl=1","width":369,"height":137,"caption":"Afogados FM"},"image":{"@id":"https:\/\/afogadosfm.com.br\/afogadosfm\/#\/schema\/logo\/image\/"}},{"@type":"Person","@id":"https:\/\/afogadosfm.com.br\/afogadosfm\/#\/schema\/person\/60e56f2cf5dc960fc093fe093d9e9057","name":"afogadosfm","image":{"@type":"ImageObject","inLanguage":"pt-BR","@id":"https:\/\/secure.gravatar.com\/avatar\/e0359add7ed5dc3560906d861b52c6a8cf5c1e199d3a7dd85070998f49bd4701?s=96&d=mm&r=g","url":"https:\/\/secure.gravatar.com\/avatar\/e0359add7ed5dc3560906d861b52c6a8cf5c1e199d3a7dd85070998f49bd4701?s=96&d=mm&r=g","contentUrl":"https:\/\/secure.gravatar.com\/avatar\/e0359add7ed5dc3560906d861b52c6a8cf5c1e199d3a7dd85070998f49bd4701?s=96&d=mm&r=g","caption":"afogadosfm"},"url":"https:\/\/afogadosfm.com.br\/afogadosfm\/author\/afogadosfm\/"}]}},"jetpack_publicize_connections":[],"jetpack_featured_media_url":"https:\/\/i0.wp.com\/afogadosfm.com.br\/afogadosfm\/wp-content\/uploads\/2024\/02\/sds.jpeg?fit=200%2C200&ssl=1","jetpack-related-posts":[],"jetpack_sharing_enabled":true,"jetpack_likes_enabled":true,"_links":{"self":[{"href":"https:\/\/afogadosfm.com.br\/afogadosfm\/wp-json\/wp\/v2\/posts\/62356","targetHints":{"allow":["GET"]}}],"collection":[{"href":"https:\/\/afogadosfm.com.br\/afogadosfm\/wp-json\/wp\/v2\/posts"}],"about":[{"href":"https:\/\/afogadosfm.com.br\/afogadosfm\/wp-json\/wp\/v2\/types\/post"}],"author":[{"embeddable":true,"href":"https:\/\/afogadosfm.com.br\/afogadosfm\/wp-json\/wp\/v2\/users\/2"}],"replies":[{"embeddable":true,"href":"https:\/\/afogadosfm.com.br\/afogadosfm\/wp-json\/wp\/v2\/comments?post=62356"}],"version-history":[{"count":1,"href":"https:\/\/afogadosfm.com.br\/afogadosfm\/wp-json\/wp\/v2\/posts\/62356\/revisions"}],"predecessor-version":[{"id":62357,"href":"https:\/\/afogadosfm.com.br\/afogadosfm\/wp-json\/wp\/v2\/posts\/62356\/revisions\/62357"}],"wp:featuredmedia":[{"embeddable":true,"href":"https:\/\/afogadosfm.com.br\/afogadosfm\/wp-json\/wp\/v2\/media\/54331"}],"wp:attachment":[{"href":"https:\/\/afogadosfm.com.br\/afogadosfm\/wp-json\/wp\/v2\/media?parent=62356"}],"wp:term":[{"taxonomy":"category","embeddable":true,"href":"https:\/\/afogadosfm.com.br\/afogadosfm\/wp-json\/wp\/v2\/categories?post=62356"},{"taxonomy":"post_tag","embeddable":true,"href":"https:\/\/afogadosfm.com.br\/afogadosfm\/wp-json\/wp\/v2\/tags?post=62356"}],"curies":[{"name":"wp","href":"https:\/\/api.w.org\/{rel}","templated":true}]}}