{"id":62360,"date":"2025-01-07T04:53:01","date_gmt":"2025-01-07T07:53:01","guid":{"rendered":"https:\/\/afogadosfm.com.br\/afogadosfm\/?p=62360"},"modified":"2025-01-07T04:53:04","modified_gmt":"2025-01-07T07:53:04","slug":"r-84-00000-saiba-qual-e-o-carro-que-paga-o-maior-valor-de-ipva-em-pernambuco","status":"publish","type":"post","link":"https:\/\/afogadosfm.com.br\/afogadosfm\/2025\/01\/07\/r-84-00000-saiba-qual-e-o-carro-que-paga-o-maior-valor-de-ipva-em-pernambuco\/","title":{"rendered":"R$ 84.000,00: Saiba qual \u00e9 o carro que paga o maior valor de IPVA em Pernambuco"},"content":{"rendered":"\n<p>O Imposto sobre a Propriedade de Ve\u00edculos Automotores (IPVA) mais caro de Pernambuco em 2025 \u00e9 de uma Lamborghini Hurac\u00e1n TE. Segundo a Secretaria da Fazenda (Sefaz), o dono do modelo ter\u00e1 que pagar o valor de R$ 84.000 pelo tributo do carro, avaliado em R$ 3.854.223,00, no modelo de 2023.<\/p>\n\n\n\n<p>De acordo com a Sefaz, a al\u00edquota do tributo varia entre 1% a 2,4% do valor do autom\u00f3vel, dependendo de caracter\u00edsticas como porte do autom\u00f3vel, modelo, ano de fabrica\u00e7\u00e3o e utiliza\u00e7\u00e3o. O c\u00e1lculo \u00e9 feito com base nos valores dos ve\u00edculos no mercado, que s\u00e3o estipulados pela Funda\u00e7\u00e3o Instituto de Pesquisas Econ\u00f4micas (Fipe). No estado, a Ferrari 296 GTB, de 2023, \u00e9 considerado o carro com o segundo IPVA mais caro, no valor de R$ 79.920,00.<\/p>\n\n\n\n<p>Deve pagar esse imposto todo propriet\u00e1rio de ve\u00edculo, seja ele pessoa f\u00edsica ou jur\u00eddica. Caso seja pessoa jur\u00eddica, cada um dos seus estabelecimentos s\u00e3o considerados como contribuintes.<\/p>\n\n\n\n<p>A partir do ano de 2024, com o decreto N\u00ba 55.937, DE 22 DE DEZEMBRO DE 2023, o IPVA passou a ser parcelado em dez vezes, com um calend\u00e1rio fixo e datas de fevereiro at\u00e9 novembro. De acordo com o gerente de IPVA da Secretaria da Fazenda, Cristiano Torres, por falta de dados oficiais, ainda n\u00e3o \u00e9 poss\u00edvel estimar se o aumento das parcelas reduziu a inadimpl\u00eancia dos contribuintes no estado.<\/p>\n\n\n\n<p>\u201cSe a pessoa optou pelo parcelamento em dez vezes, pagou a primeira, a segunda e a terceira, mas alguma parcela ela deixou de pagar. Se for pagar hoje, essa parcela \u00e9 atualizada com juros e multa\u201d, afirma Cristiano.<\/p>\n\n\n\n<p>J\u00e1 o propriet\u00e1rio que decide pagar a parcela \u00fanica at\u00e9 fevereiro, ter\u00e1 um desconto de 7% no valor total do IPVA. Caso a pessoa escolha pagar o valor total em outro m\u00eas, n\u00e3o receber\u00e1 o desconto, e o valor ser\u00e1 atualizado conforme a Selic. A partir do momento que a pessoa opta pelo parcelamento, a parcela \u00fanica \u00e9 cancelada.<\/p>\n","protected":false},"excerpt":{"rendered":"<p>O Imposto sobre a Propriedade de Ve\u00edculos Automotores (IPVA) mais caro de Pernambuco em 2025 \u00e9 de uma Lamborghini Hurac\u00e1n<\/p>\n","protected":false},"author":2,"featured_media":13978,"comment_status":"open","ping_status":"open","sticky":false,"template":"","format":"standard","meta":{"jetpack_post_was_ever_published":false,"_jetpack_newsletter_access":"","_jetpack_dont_email_post_to_subs":false,"_jetpack_newsletter_tier_id":0,"_jetpack_memberships_contains_paywalled_content":false,"_jetpack_memberships_contains_paid_content":false,"footnotes":"","jetpack_publicize_message":"","jetpack_publicize_feature_enabled":true,"jetpack_social_post_already_shared":true,"jetpack_social_options":{"image_generator_settings":{"template":"highway","default_image_id":0,"font":"","enabled":false},"version":2}},"categories":[13],"tags":[],"class_list":["post-62360","post","type-post","status-publish","format-standard","has-post-thumbnail","hentry","category-pernambuco"],"yoast_head":"<!-- This site is optimized with the Yoast SEO plugin v27.5 - https:\/\/yoast.com\/product\/yoast-seo-wordpress\/ -->\n<title>R$ 84.000,00: Saiba qual \u00e9 o carro que paga o maior valor de IPVA em Pernambuco - Afogados FM<\/title>\n<meta name=\"robots\" content=\"index, follow, max-snippet:-1, max-image-preview:large, max-video-preview:-1\" \/>\n<link rel=\"canonical\" href=\"https:\/\/afogadosfm.com.br\/afogadosfm\/2025\/01\/07\/r-84-00000-saiba-qual-e-o-carro-que-paga-o-maior-valor-de-ipva-em-pernambuco\/\" \/>\n<meta property=\"og:locale\" content=\"pt_BR\" \/>\n<meta property=\"og:type\" content=\"article\" \/>\n<meta property=\"og:title\" content=\"R$ 84.000,00: Saiba qual \u00e9 o carro que paga o maior valor de IPVA em Pernambuco - Afogados FM\" \/>\n<meta property=\"og:description\" content=\"O Imposto sobre a Propriedade de Ve\u00edculos Automotores (IPVA) mais caro de Pernambuco em 2025 \u00e9 de uma Lamborghini Hurac\u00e1n\" \/>\n<meta property=\"og:url\" content=\"https:\/\/afogadosfm.com.br\/afogadosfm\/2025\/01\/07\/r-84-00000-saiba-qual-e-o-carro-que-paga-o-maior-valor-de-ipva-em-pernambuco\/\" \/>\n<meta property=\"og:site_name\" content=\"Afogados FM\" \/>\n<meta property=\"article:published_time\" content=\"2025-01-07T07:53:01+00:00\" \/>\n<meta property=\"article:modified_time\" content=\"2025-01-07T07:53:04+00:00\" \/>\n<meta property=\"og:image\" content=\"https:\/\/afogadosfm.com.br\/afogadosfm\/wp-content\/uploads\/2019\/12\/ipva.jpg\" \/>\n\t<meta property=\"og:image:width\" content=\"338\" \/>\n\t<meta property=\"og:image:height\" content=\"149\" \/>\n\t<meta property=\"og:image:type\" content=\"image\/jpeg\" \/>\n<meta name=\"author\" content=\"afogadosfm\" \/>\n<meta name=\"twitter:card\" content=\"summary_large_image\" \/>\n<meta name=\"twitter:label1\" content=\"Escrito por\" \/>\n\t<meta name=\"twitter:data1\" content=\"afogadosfm\" \/>\n\t<meta name=\"twitter:label2\" content=\"Est. tempo de leitura\" \/>\n\t<meta name=\"twitter:data2\" content=\"2 minutos\" \/>\n<script type=\"application\/ld+json\" class=\"yoast-schema-graph\">{\"@context\":\"https:\\\/\\\/schema.org\",\"@graph\":[{\"@type\":\"Article\",\"@id\":\"https:\\\/\\\/afogadosfm.com.br\\\/afogadosfm\\\/2025\\\/01\\\/07\\\/r-84-00000-saiba-qual-e-o-carro-que-paga-o-maior-valor-de-ipva-em-pernambuco\\\/#article\",\"isPartOf\":{\"@id\":\"https:\\\/\\\/afogadosfm.com.br\\\/afogadosfm\\\/2025\\\/01\\\/07\\\/r-84-00000-saiba-qual-e-o-carro-que-paga-o-maior-valor-de-ipva-em-pernambuco\\\/\"},\"author\":{\"name\":\"afogadosfm\",\"@id\":\"https:\\\/\\\/afogadosfm.com.br\\\/afogadosfm\\\/#\\\/schema\\\/person\\\/60e56f2cf5dc960fc093fe093d9e9057\"},\"headline\":\"R$ 84.000,00: Saiba qual \u00e9 o carro que paga o maior valor de IPVA em Pernambuco\",\"datePublished\":\"2025-01-07T07:53:01+00:00\",\"dateModified\":\"2025-01-07T07:53:04+00:00\",\"mainEntityOfPage\":{\"@id\":\"https:\\\/\\\/afogadosfm.com.br\\\/afogadosfm\\\/2025\\\/01\\\/07\\\/r-84-00000-saiba-qual-e-o-carro-que-paga-o-maior-valor-de-ipva-em-pernambuco\\\/\"},\"wordCount\":342,\"commentCount\":0,\"publisher\":{\"@id\":\"https:\\\/\\\/afogadosfm.com.br\\\/afogadosfm\\\/#organization\"},\"image\":{\"@id\":\"https:\\\/\\\/afogadosfm.com.br\\\/afogadosfm\\\/2025\\\/01\\\/07\\\/r-84-00000-saiba-qual-e-o-carro-que-paga-o-maior-valor-de-ipva-em-pernambuco\\\/#primaryimage\"},\"thumbnailUrl\":\"https:\\\/\\\/i0.wp.com\\\/afogadosfm.com.br\\\/afogadosfm\\\/wp-content\\\/uploads\\\/2019\\\/12\\\/ipva.jpg?fit=338%2C149&ssl=1\",\"articleSection\":[\"Pernambuco\"],\"inLanguage\":\"pt-BR\",\"potentialAction\":[{\"@type\":\"CommentAction\",\"name\":\"Comment\",\"target\":[\"https:\\\/\\\/afogadosfm.com.br\\\/afogadosfm\\\/2025\\\/01\\\/07\\\/r-84-00000-saiba-qual-e-o-carro-que-paga-o-maior-valor-de-ipva-em-pernambuco\\\/#respond\"]}]},{\"@type\":\"WebPage\",\"@id\":\"https:\\\/\\\/afogadosfm.com.br\\\/afogadosfm\\\/2025\\\/01\\\/07\\\/r-84-00000-saiba-qual-e-o-carro-que-paga-o-maior-valor-de-ipva-em-pernambuco\\\/\",\"url\":\"https:\\\/\\\/afogadosfm.com.br\\\/afogadosfm\\\/2025\\\/01\\\/07\\\/r-84-00000-saiba-qual-e-o-carro-que-paga-o-maior-valor-de-ipva-em-pernambuco\\\/\",\"name\":\"R$ 84.000,00: Saiba qual \u00e9 o carro que paga o maior valor de IPVA em Pernambuco - Afogados FM\",\"isPartOf\":{\"@id\":\"https:\\\/\\\/afogadosfm.com.br\\\/afogadosfm\\\/#website\"},\"primaryImageOfPage\":{\"@id\":\"https:\\\/\\\/afogadosfm.com.br\\\/afogadosfm\\\/2025\\\/01\\\/07\\\/r-84-00000-saiba-qual-e-o-carro-que-paga-o-maior-valor-de-ipva-em-pernambuco\\\/#primaryimage\"},\"image\":{\"@id\":\"https:\\\/\\\/afogadosfm.com.br\\\/afogadosfm\\\/2025\\\/01\\\/07\\\/r-84-00000-saiba-qual-e-o-carro-que-paga-o-maior-valor-de-ipva-em-pernambuco\\\/#primaryimage\"},\"thumbnailUrl\":\"https:\\\/\\\/i0.wp.com\\\/afogadosfm.com.br\\\/afogadosfm\\\/wp-content\\\/uploads\\\/2019\\\/12\\\/ipva.jpg?fit=338%2C149&ssl=1\",\"datePublished\":\"2025-01-07T07:53:01+00:00\",\"dateModified\":\"2025-01-07T07:53:04+00:00\",\"breadcrumb\":{\"@id\":\"https:\\\/\\\/afogadosfm.com.br\\\/afogadosfm\\\/2025\\\/01\\\/07\\\/r-84-00000-saiba-qual-e-o-carro-que-paga-o-maior-valor-de-ipva-em-pernambuco\\\/#breadcrumb\"},\"inLanguage\":\"pt-BR\",\"potentialAction\":[{\"@type\":\"ReadAction\",\"target\":[\"https:\\\/\\\/afogadosfm.com.br\\\/afogadosfm\\\/2025\\\/01\\\/07\\\/r-84-00000-saiba-qual-e-o-carro-que-paga-o-maior-valor-de-ipva-em-pernambuco\\\/\"]}]},{\"@type\":\"ImageObject\",\"inLanguage\":\"pt-BR\",\"@id\":\"https:\\\/\\\/afogadosfm.com.br\\\/afogadosfm\\\/2025\\\/01\\\/07\\\/r-84-00000-saiba-qual-e-o-carro-que-paga-o-maior-valor-de-ipva-em-pernambuco\\\/#primaryimage\",\"url\":\"https:\\\/\\\/i0.wp.com\\\/afogadosfm.com.br\\\/afogadosfm\\\/wp-content\\\/uploads\\\/2019\\\/12\\\/ipva.jpg?fit=338%2C149&ssl=1\",\"contentUrl\":\"https:\\\/\\\/i0.wp.com\\\/afogadosfm.com.br\\\/afogadosfm\\\/wp-content\\\/uploads\\\/2019\\\/12\\\/ipva.jpg?fit=338%2C149&ssl=1\",\"width\":338,\"height\":149},{\"@type\":\"BreadcrumbList\",\"@id\":\"https:\\\/\\\/afogadosfm.com.br\\\/afogadosfm\\\/2025\\\/01\\\/07\\\/r-84-00000-saiba-qual-e-o-carro-que-paga-o-maior-valor-de-ipva-em-pernambuco\\\/#breadcrumb\",\"itemListElement\":[{\"@type\":\"ListItem\",\"position\":1,\"name\":\"In\u00edcio\",\"item\":\"https:\\\/\\\/afogadosfm.com.br\\\/afogadosfm\\\/\"},{\"@type\":\"ListItem\",\"position\":2,\"name\":\"R$ 84.000,00: Saiba qual \u00e9 o carro que paga o maior valor de IPVA em Pernambuco\"}]},{\"@type\":\"WebSite\",\"@id\":\"https:\\\/\\\/afogadosfm.com.br\\\/afogadosfm\\\/#website\",\"url\":\"https:\\\/\\\/afogadosfm.com.br\\\/afogadosfm\\\/\",\"name\":\"Afogados FM\",\"description\":\"Um site completo!\",\"publisher\":{\"@id\":\"https:\\\/\\\/afogadosfm.com.br\\\/afogadosfm\\\/#organization\"},\"potentialAction\":[{\"@type\":\"SearchAction\",\"target\":{\"@type\":\"EntryPoint\",\"urlTemplate\":\"https:\\\/\\\/afogadosfm.com.br\\\/afogadosfm\\\/?s={search_term_string}\"},\"query-input\":{\"@type\":\"PropertyValueSpecification\",\"valueRequired\":true,\"valueName\":\"search_term_string\"}}],\"inLanguage\":\"pt-BR\"},{\"@type\":\"Organization\",\"@id\":\"https:\\\/\\\/afogadosfm.com.br\\\/afogadosfm\\\/#organization\",\"name\":\"Afogados FM\",\"url\":\"https:\\\/\\\/afogadosfm.com.br\\\/afogadosfm\\\/\",\"logo\":{\"@type\":\"ImageObject\",\"inLanguage\":\"pt-BR\",\"@id\":\"https:\\\/\\\/afogadosfm.com.br\\\/afogadosfm\\\/#\\\/schema\\\/logo\\\/image\\\/\",\"url\":\"https:\\\/\\\/i0.wp.com\\\/afogadosfm.com.br\\\/afogadosfm\\\/wp-content\\\/uploads\\\/2020\\\/06\\\/cropped-banner-afogados-4.jpg?fit=369%2C137&ssl=1\",\"contentUrl\":\"https:\\\/\\\/i0.wp.com\\\/afogadosfm.com.br\\\/afogadosfm\\\/wp-content\\\/uploads\\\/2020\\\/06\\\/cropped-banner-afogados-4.jpg?fit=369%2C137&ssl=1\",\"width\":369,\"height\":137,\"caption\":\"Afogados FM\"},\"image\":{\"@id\":\"https:\\\/\\\/afogadosfm.com.br\\\/afogadosfm\\\/#\\\/schema\\\/logo\\\/image\\\/\"}},{\"@type\":\"Person\",\"@id\":\"https:\\\/\\\/afogadosfm.com.br\\\/afogadosfm\\\/#\\\/schema\\\/person\\\/60e56f2cf5dc960fc093fe093d9e9057\",\"name\":\"afogadosfm\",\"image\":{\"@type\":\"ImageObject\",\"inLanguage\":\"pt-BR\",\"@id\":\"https:\\\/\\\/secure.gravatar.com\\\/avatar\\\/e0359add7ed5dc3560906d861b52c6a8cf5c1e199d3a7dd85070998f49bd4701?s=96&d=mm&r=g\",\"url\":\"https:\\\/\\\/secure.gravatar.com\\\/avatar\\\/e0359add7ed5dc3560906d861b52c6a8cf5c1e199d3a7dd85070998f49bd4701?s=96&d=mm&r=g\",\"contentUrl\":\"https:\\\/\\\/secure.gravatar.com\\\/avatar\\\/e0359add7ed5dc3560906d861b52c6a8cf5c1e199d3a7dd85070998f49bd4701?s=96&d=mm&r=g\",\"caption\":\"afogadosfm\"},\"url\":\"https:\\\/\\\/afogadosfm.com.br\\\/afogadosfm\\\/author\\\/afogadosfm\\\/\"}]}<\/script>\n<!-- \/ Yoast SEO plugin. -->","yoast_head_json":{"title":"R$ 84.000,00: Saiba qual \u00e9 o carro que paga o maior valor de IPVA em Pernambuco - Afogados FM","robots":{"index":"index","follow":"follow","max-snippet":"max-snippet:-1","max-image-preview":"max-image-preview:large","max-video-preview":"max-video-preview:-1"},"canonical":"https:\/\/afogadosfm.com.br\/afogadosfm\/2025\/01\/07\/r-84-00000-saiba-qual-e-o-carro-que-paga-o-maior-valor-de-ipva-em-pernambuco\/","og_locale":"pt_BR","og_type":"article","og_title":"R$ 84.000,00: Saiba qual \u00e9 o carro que paga o maior valor de IPVA em Pernambuco - Afogados FM","og_description":"O Imposto sobre a Propriedade de Ve\u00edculos Automotores (IPVA) mais caro de Pernambuco em 2025 \u00e9 de uma Lamborghini Hurac\u00e1n","og_url":"https:\/\/afogadosfm.com.br\/afogadosfm\/2025\/01\/07\/r-84-00000-saiba-qual-e-o-carro-que-paga-o-maior-valor-de-ipva-em-pernambuco\/","og_site_name":"Afogados FM","article_published_time":"2025-01-07T07:53:01+00:00","article_modified_time":"2025-01-07T07:53:04+00:00","og_image":[{"width":338,"height":149,"url":"https:\/\/afogadosfm.com.br\/afogadosfm\/wp-content\/uploads\/2019\/12\/ipva.jpg","type":"image\/jpeg"}],"author":"afogadosfm","twitter_card":"summary_large_image","twitter_misc":{"Escrito por":"afogadosfm","Est. tempo de leitura":"2 minutos"},"schema":{"@context":"https:\/\/schema.org","@graph":[{"@type":"Article","@id":"https:\/\/afogadosfm.com.br\/afogadosfm\/2025\/01\/07\/r-84-00000-saiba-qual-e-o-carro-que-paga-o-maior-valor-de-ipva-em-pernambuco\/#article","isPartOf":{"@id":"https:\/\/afogadosfm.com.br\/afogadosfm\/2025\/01\/07\/r-84-00000-saiba-qual-e-o-carro-que-paga-o-maior-valor-de-ipva-em-pernambuco\/"},"author":{"name":"afogadosfm","@id":"https:\/\/afogadosfm.com.br\/afogadosfm\/#\/schema\/person\/60e56f2cf5dc960fc093fe093d9e9057"},"headline":"R$ 84.000,00: Saiba qual \u00e9 o carro que paga o maior valor de IPVA em Pernambuco","datePublished":"2025-01-07T07:53:01+00:00","dateModified":"2025-01-07T07:53:04+00:00","mainEntityOfPage":{"@id":"https:\/\/afogadosfm.com.br\/afogadosfm\/2025\/01\/07\/r-84-00000-saiba-qual-e-o-carro-que-paga-o-maior-valor-de-ipva-em-pernambuco\/"},"wordCount":342,"commentCount":0,"publisher":{"@id":"https:\/\/afogadosfm.com.br\/afogadosfm\/#organization"},"image":{"@id":"https:\/\/afogadosfm.com.br\/afogadosfm\/2025\/01\/07\/r-84-00000-saiba-qual-e-o-carro-que-paga-o-maior-valor-de-ipva-em-pernambuco\/#primaryimage"},"thumbnailUrl":"https:\/\/i0.wp.com\/afogadosfm.com.br\/afogadosfm\/wp-content\/uploads\/2019\/12\/ipva.jpg?fit=338%2C149&ssl=1","articleSection":["Pernambuco"],"inLanguage":"pt-BR","potentialAction":[{"@type":"CommentAction","name":"Comment","target":["https:\/\/afogadosfm.com.br\/afogadosfm\/2025\/01\/07\/r-84-00000-saiba-qual-e-o-carro-que-paga-o-maior-valor-de-ipva-em-pernambuco\/#respond"]}]},{"@type":"WebPage","@id":"https:\/\/afogadosfm.com.br\/afogadosfm\/2025\/01\/07\/r-84-00000-saiba-qual-e-o-carro-que-paga-o-maior-valor-de-ipva-em-pernambuco\/","url":"https:\/\/afogadosfm.com.br\/afogadosfm\/2025\/01\/07\/r-84-00000-saiba-qual-e-o-carro-que-paga-o-maior-valor-de-ipva-em-pernambuco\/","name":"R$ 84.000,00: Saiba qual \u00e9 o carro que paga o maior valor de IPVA em Pernambuco - Afogados FM","isPartOf":{"@id":"https:\/\/afogadosfm.com.br\/afogadosfm\/#website"},"primaryImageOfPage":{"@id":"https:\/\/afogadosfm.com.br\/afogadosfm\/2025\/01\/07\/r-84-00000-saiba-qual-e-o-carro-que-paga-o-maior-valor-de-ipva-em-pernambuco\/#primaryimage"},"image":{"@id":"https:\/\/afogadosfm.com.br\/afogadosfm\/2025\/01\/07\/r-84-00000-saiba-qual-e-o-carro-que-paga-o-maior-valor-de-ipva-em-pernambuco\/#primaryimage"},"thumbnailUrl":"https:\/\/i0.wp.com\/afogadosfm.com.br\/afogadosfm\/wp-content\/uploads\/2019\/12\/ipva.jpg?fit=338%2C149&ssl=1","datePublished":"2025-01-07T07:53:01+00:00","dateModified":"2025-01-07T07:53:04+00:00","breadcrumb":{"@id":"https:\/\/afogadosfm.com.br\/afogadosfm\/2025\/01\/07\/r-84-00000-saiba-qual-e-o-carro-que-paga-o-maior-valor-de-ipva-em-pernambuco\/#breadcrumb"},"inLanguage":"pt-BR","potentialAction":[{"@type":"ReadAction","target":["https:\/\/afogadosfm.com.br\/afogadosfm\/2025\/01\/07\/r-84-00000-saiba-qual-e-o-carro-que-paga-o-maior-valor-de-ipva-em-pernambuco\/"]}]},{"@type":"ImageObject","inLanguage":"pt-BR","@id":"https:\/\/afogadosfm.com.br\/afogadosfm\/2025\/01\/07\/r-84-00000-saiba-qual-e-o-carro-que-paga-o-maior-valor-de-ipva-em-pernambuco\/#primaryimage","url":"https:\/\/i0.wp.com\/afogadosfm.com.br\/afogadosfm\/wp-content\/uploads\/2019\/12\/ipva.jpg?fit=338%2C149&ssl=1","contentUrl":"https:\/\/i0.wp.com\/afogadosfm.com.br\/afogadosfm\/wp-content\/uploads\/2019\/12\/ipva.jpg?fit=338%2C149&ssl=1","width":338,"height":149},{"@type":"BreadcrumbList","@id":"https:\/\/afogadosfm.com.br\/afogadosfm\/2025\/01\/07\/r-84-00000-saiba-qual-e-o-carro-que-paga-o-maior-valor-de-ipva-em-pernambuco\/#breadcrumb","itemListElement":[{"@type":"ListItem","position":1,"name":"In\u00edcio","item":"https:\/\/afogadosfm.com.br\/afogadosfm\/"},{"@type":"ListItem","position":2,"name":"R$ 84.000,00: Saiba qual \u00e9 o carro que paga o maior valor de IPVA em Pernambuco"}]},{"@type":"WebSite","@id":"https:\/\/afogadosfm.com.br\/afogadosfm\/#website","url":"https:\/\/afogadosfm.com.br\/afogadosfm\/","name":"Afogados FM","description":"Um site completo!","publisher":{"@id":"https:\/\/afogadosfm.com.br\/afogadosfm\/#organization"},"potentialAction":[{"@type":"SearchAction","target":{"@type":"EntryPoint","urlTemplate":"https:\/\/afogadosfm.com.br\/afogadosfm\/?s={search_term_string}"},"query-input":{"@type":"PropertyValueSpecification","valueRequired":true,"valueName":"search_term_string"}}],"inLanguage":"pt-BR"},{"@type":"Organization","@id":"https:\/\/afogadosfm.com.br\/afogadosfm\/#organization","name":"Afogados FM","url":"https:\/\/afogadosfm.com.br\/afogadosfm\/","logo":{"@type":"ImageObject","inLanguage":"pt-BR","@id":"https:\/\/afogadosfm.com.br\/afogadosfm\/#\/schema\/logo\/image\/","url":"https:\/\/i0.wp.com\/afogadosfm.com.br\/afogadosfm\/wp-content\/uploads\/2020\/06\/cropped-banner-afogados-4.jpg?fit=369%2C137&ssl=1","contentUrl":"https:\/\/i0.wp.com\/afogadosfm.com.br\/afogadosfm\/wp-content\/uploads\/2020\/06\/cropped-banner-afogados-4.jpg?fit=369%2C137&ssl=1","width":369,"height":137,"caption":"Afogados FM"},"image":{"@id":"https:\/\/afogadosfm.com.br\/afogadosfm\/#\/schema\/logo\/image\/"}},{"@type":"Person","@id":"https:\/\/afogadosfm.com.br\/afogadosfm\/#\/schema\/person\/60e56f2cf5dc960fc093fe093d9e9057","name":"afogadosfm","image":{"@type":"ImageObject","inLanguage":"pt-BR","@id":"https:\/\/secure.gravatar.com\/avatar\/e0359add7ed5dc3560906d861b52c6a8cf5c1e199d3a7dd85070998f49bd4701?s=96&d=mm&r=g","url":"https:\/\/secure.gravatar.com\/avatar\/e0359add7ed5dc3560906d861b52c6a8cf5c1e199d3a7dd85070998f49bd4701?s=96&d=mm&r=g","contentUrl":"https:\/\/secure.gravatar.com\/avatar\/e0359add7ed5dc3560906d861b52c6a8cf5c1e199d3a7dd85070998f49bd4701?s=96&d=mm&r=g","caption":"afogadosfm"},"url":"https:\/\/afogadosfm.com.br\/afogadosfm\/author\/afogadosfm\/"}]}},"jetpack_publicize_connections":[],"jetpack_featured_media_url":"https:\/\/i0.wp.com\/afogadosfm.com.br\/afogadosfm\/wp-content\/uploads\/2019\/12\/ipva.jpg?fit=338%2C149&ssl=1","jetpack-related-posts":[],"jetpack_sharing_enabled":true,"jetpack_likes_enabled":true,"_links":{"self":[{"href":"https:\/\/afogadosfm.com.br\/afogadosfm\/wp-json\/wp\/v2\/posts\/62360","targetHints":{"allow":["GET"]}}],"collection":[{"href":"https:\/\/afogadosfm.com.br\/afogadosfm\/wp-json\/wp\/v2\/posts"}],"about":[{"href":"https:\/\/afogadosfm.com.br\/afogadosfm\/wp-json\/wp\/v2\/types\/post"}],"author":[{"embeddable":true,"href":"https:\/\/afogadosfm.com.br\/afogadosfm\/wp-json\/wp\/v2\/users\/2"}],"replies":[{"embeddable":true,"href":"https:\/\/afogadosfm.com.br\/afogadosfm\/wp-json\/wp\/v2\/comments?post=62360"}],"version-history":[{"count":1,"href":"https:\/\/afogadosfm.com.br\/afogadosfm\/wp-json\/wp\/v2\/posts\/62360\/revisions"}],"predecessor-version":[{"id":62361,"href":"https:\/\/afogadosfm.com.br\/afogadosfm\/wp-json\/wp\/v2\/posts\/62360\/revisions\/62361"}],"wp:featuredmedia":[{"embeddable":true,"href":"https:\/\/afogadosfm.com.br\/afogadosfm\/wp-json\/wp\/v2\/media\/13978"}],"wp:attachment":[{"href":"https:\/\/afogadosfm.com.br\/afogadosfm\/wp-json\/wp\/v2\/media?parent=62360"}],"wp:term":[{"taxonomy":"category","embeddable":true,"href":"https:\/\/afogadosfm.com.br\/afogadosfm\/wp-json\/wp\/v2\/categories?post=62360"},{"taxonomy":"post_tag","embeddable":true,"href":"https:\/\/afogadosfm.com.br\/afogadosfm\/wp-json\/wp\/v2\/tags?post=62360"}],"curies":[{"name":"wp","href":"https:\/\/api.w.org\/{rel}","templated":true}]}}