{"id":62367,"date":"2025-01-07T05:00:26","date_gmt":"2025-01-07T08:00:26","guid":{"rendered":"https:\/\/afogadosfm.com.br\/afogadosfm\/?p=62367"},"modified":"2025-01-07T05:00:30","modified_gmt":"2025-01-07T08:00:30","slug":"policia-civil-descobriu-esconderijo-de-5-mil-celulares-roubados-em-sp","status":"publish","type":"post","link":"https:\/\/afogadosfm.com.br\/afogadosfm\/2025\/01\/07\/policia-civil-descobriu-esconderijo-de-5-mil-celulares-roubados-em-sp\/","title":{"rendered":"Pol\u00edcia Civil descobriu esconderijo de 5 mil celulares roubados em SP"},"content":{"rendered":"\n<p>A Pol\u00edcia Civil de S\u00e3o Paulo apreendeu nesta segunda-feira, 6, cerca de 5 mil celulares, frutos de roubo e furto, e prendeu 14 pessoas suspeitas de praticarem a recepta\u00e7\u00e3o dos aparelhos.<\/p>\n\n\n\n<p>A a\u00e7\u00e3o, que se deu por meio da Opera\u00e7\u00e3o Big Mobile, foi deflagrada em toda a capital paulista, mas a maioria dos dispositivos foi localizada em lojas e com\u00e9rcio do centro.<\/p>\n\n\n\n<p>A a\u00e7\u00e3o, conforme a pol\u00edcia, tem o objetivo de reprimir crimes patrimoniais, com foco no roubo, furto e recepta\u00e7\u00e3o de celulares de origem il\u00edcita. A opera\u00e7\u00e3o segue em andamento e n\u00e3o h\u00e1 ainda a confirma\u00e7\u00e3o de que os suspeitos detidos atuem de forma organizada.<\/p>\n\n\n\n<p>A Opera\u00e7\u00e3o Big Mobile est\u00e1 na sua segunda fase. A primeira parte da opera\u00e7\u00e3o foi deflagrada no s\u00e1bado, 4, quando a pol\u00edcia apreendeu cerca de 275 celulares e prendeu sete suspeitos em flagrante, tamb\u00e9m pelo crime de recepta\u00e7\u00e3o.<\/p>\n\n\n\n<p>O Brasil registrou quase 2 roubos ou furtos de celular por minuto. Al\u00e9m do aparelho em si, os telefones se tornaram mais atrativos com o Pix e a populariza\u00e7\u00e3o dos aplicativos banc\u00e1rios, o que permite aos ladr\u00f5es fazerem transfer\u00eancias de dinheiro. O Minist\u00e9rio da Justi\u00e7a quer replicar um programa que teve bons resultados no Piau\u00ed, que permite rastrear os celulares roubados e coibir a recepta\u00e7\u00e3o desses produtos.<\/p>\n\n\n\n<p>Como \u00e9 o programa que rastreia celulares roubados e que deve ser replicado em todo o Pa\u00eds<br>Arrast\u00f5es e turistas baleados assustam Guaruj\u00e1 no ver\u00e3o; mapa mostra praias mais perigosas de SP<br>Tem muito roubo de celular na sua rua? Veja em mapa interativo<br>Para localizar os celulares, a pol\u00edcia se apoiou nas informa\u00e7\u00f5es fornecidas pelas v\u00edtimas, como localiza\u00e7\u00e3o em tempo real do aparelho e o n\u00famero do Imei, sigla que identifica o eletr\u00f4nico.<\/p>\n\n\n\n<p>Conforme o delegado-geral, Artur Dian, a maior parte dos aparelhos foi encontrada em locais de com\u00e9rcios e consertos de celulares. Investiga\u00e7\u00f5es apontam tamb\u00e9m que parte dos dispositivos est\u00e1 em habita\u00e7\u00f5es coletivas, o que torna mais dif\u00edcil a apreens\u00e3o pela necessidade de mandado expedido pela Justi\u00e7a.<\/p>\n\n\n\n<p>\u201cA deflagra\u00e7\u00e3o da opera\u00e7\u00e3o foi em S\u00e3o Paulo inteira. Hoje, tivemos uma concentra\u00e7\u00e3o maior no centro\u201d, disse Dian, que n\u00e3o especificou os bairros mais visados.<\/p>\n\n\n\n<p>Ele afirma que foram \u201ccentenas\u201d de estabelecimentos fiscalizados nesta segunda e diz que esse tipo de a\u00e7\u00e3o n\u00e3o deve ficar restrita \u00e0 capital. \u201cNossa ideia \u00e9 expandir para todo o Estado rotineiramente\u201d.<\/p>\n\n\n\n<p>\u00c9 cedo ainda apontar uma liga\u00e7\u00e3o entre os detidos que configure uma organiza\u00e7\u00e3o criminosa, conforme o delegado-geral. \u201cAlguns (suspeitos) se conhecem, s\u00e3o do ramo, mas n\u00e3o foi poss\u00edvel (estabelecer) conex\u00e3o t\u00e9cnica ainda. Mas vamos apurar e, se constatada essa conex\u00e3o, enquadr\u00e1-los em organiza\u00e7\u00e3o criminosa\u201d.<\/p>\n\n\n\n<p>Segundo a Secretaria de Seguran\u00e7a P\u00fablica do Estado, a pol\u00edcia recuperou mais de 39 mil celulares de origem il\u00edcita ao longo de 2024, em toda a capital. Deste total, quase 36 mil foram devolvidos \u00e0s v\u00edtimas. Ao todo, mais 370 suspeitos foram presos ao longo do ano passado.<\/p>\n\n\n\n<p>A pol\u00edcia pede para que as pessoas continuem fazendo o registro de boletins de ocorr\u00eancias para ajudar nas buscas de outros aparelhos interceptados. Os donos dos celulares recuperados ser\u00e3o chamados para reaver os aparelhos.<\/p>\n\n\n\n<p>Do Estad\u00e3o<\/p>\n","protected":false},"excerpt":{"rendered":"<p>A Pol\u00edcia Civil de S\u00e3o Paulo apreendeu nesta segunda-feira, 6, cerca de 5 mil celulares, frutos de roubo e furto,<\/p>\n","protected":false},"author":2,"featured_media":62368,"comment_status":"open","ping_status":"open","sticky":false,"template":"","format":"standard","meta":{"jetpack_post_was_ever_published":false,"_jetpack_newsletter_access":"","_jetpack_dont_email_post_to_subs":false,"_jetpack_newsletter_tier_id":0,"_jetpack_memberships_contains_paywalled_content":false,"_jetpack_memberships_contains_paid_content":false,"footnotes":"","jetpack_publicize_message":"","jetpack_publicize_feature_enabled":true,"jetpack_social_post_already_shared":true,"jetpack_social_options":{"image_generator_settings":{"template":"highway","default_image_id":0,"font":"","enabled":false},"version":2}},"categories":[12],"tags":[],"class_list":["post-62367","post","type-post","status-publish","format-standard","has-post-thumbnail","hentry","category-brasil"],"yoast_head":"<!-- This site is optimized with the Yoast SEO plugin v27.5 - https:\/\/yoast.com\/product\/yoast-seo-wordpress\/ -->\n<title>Pol\u00edcia Civil descobriu esconderijo de 5 mil celulares roubados em SP - Afogados FM<\/title>\n<meta name=\"robots\" content=\"index, follow, max-snippet:-1, max-image-preview:large, max-video-preview:-1\" \/>\n<link rel=\"canonical\" href=\"https:\/\/afogadosfm.com.br\/afogadosfm\/2025\/01\/07\/policia-civil-descobriu-esconderijo-de-5-mil-celulares-roubados-em-sp\/\" \/>\n<meta property=\"og:locale\" content=\"pt_BR\" \/>\n<meta property=\"og:type\" content=\"article\" \/>\n<meta property=\"og:title\" content=\"Pol\u00edcia Civil descobriu esconderijo de 5 mil celulares roubados em SP - Afogados FM\" \/>\n<meta property=\"og:description\" content=\"A Pol\u00edcia Civil de S\u00e3o Paulo apreendeu nesta segunda-feira, 6, cerca de 5 mil celulares, frutos de roubo e furto,\" \/>\n<meta property=\"og:url\" content=\"https:\/\/afogadosfm.com.br\/afogadosfm\/2025\/01\/07\/policia-civil-descobriu-esconderijo-de-5-mil-celulares-roubados-em-sp\/\" \/>\n<meta property=\"og:site_name\" content=\"Afogados FM\" \/>\n<meta property=\"article:published_time\" content=\"2025-01-07T08:00:26+00:00\" \/>\n<meta property=\"article:modified_time\" content=\"2025-01-07T08:00:30+00:00\" \/>\n<meta property=\"og:image\" content=\"https:\/\/afogadosfm.com.br\/afogadosfm\/wp-content\/uploads\/2025\/01\/AA1x4htN.jpg\" \/>\n\t<meta property=\"og:image:width\" content=\"710\" \/>\n\t<meta property=\"og:image:height\" content=\"533\" \/>\n\t<meta property=\"og:image:type\" content=\"image\/jpeg\" \/>\n<meta name=\"author\" content=\"afogadosfm\" \/>\n<meta name=\"twitter:card\" content=\"summary_large_image\" \/>\n<meta name=\"twitter:label1\" content=\"Escrito por\" \/>\n\t<meta name=\"twitter:data1\" content=\"afogadosfm\" \/>\n\t<meta name=\"twitter:label2\" content=\"Est. tempo de leitura\" \/>\n\t<meta name=\"twitter:data2\" content=\"4 minutos\" \/>\n<script type=\"application\/ld+json\" class=\"yoast-schema-graph\">{\"@context\":\"https:\\\/\\\/schema.org\",\"@graph\":[{\"@type\":\"Article\",\"@id\":\"https:\\\/\\\/afogadosfm.com.br\\\/afogadosfm\\\/2025\\\/01\\\/07\\\/policia-civil-descobriu-esconderijo-de-5-mil-celulares-roubados-em-sp\\\/#article\",\"isPartOf\":{\"@id\":\"https:\\\/\\\/afogadosfm.com.br\\\/afogadosfm\\\/2025\\\/01\\\/07\\\/policia-civil-descobriu-esconderijo-de-5-mil-celulares-roubados-em-sp\\\/\"},\"author\":{\"name\":\"afogadosfm\",\"@id\":\"https:\\\/\\\/afogadosfm.com.br\\\/afogadosfm\\\/#\\\/schema\\\/person\\\/60e56f2cf5dc960fc093fe093d9e9057\"},\"headline\":\"Pol\u00edcia Civil descobriu esconderijo de 5 mil celulares roubados em SP\",\"datePublished\":\"2025-01-07T08:00:26+00:00\",\"dateModified\":\"2025-01-07T08:00:30+00:00\",\"mainEntityOfPage\":{\"@id\":\"https:\\\/\\\/afogadosfm.com.br\\\/afogadosfm\\\/2025\\\/01\\\/07\\\/policia-civil-descobriu-esconderijo-de-5-mil-celulares-roubados-em-sp\\\/\"},\"wordCount\":578,\"commentCount\":0,\"publisher\":{\"@id\":\"https:\\\/\\\/afogadosfm.com.br\\\/afogadosfm\\\/#organization\"},\"image\":{\"@id\":\"https:\\\/\\\/afogadosfm.com.br\\\/afogadosfm\\\/2025\\\/01\\\/07\\\/policia-civil-descobriu-esconderijo-de-5-mil-celulares-roubados-em-sp\\\/#primaryimage\"},\"thumbnailUrl\":\"https:\\\/\\\/i0.wp.com\\\/afogadosfm.com.br\\\/afogadosfm\\\/wp-content\\\/uploads\\\/2025\\\/01\\\/AA1x4htN.jpg?fit=710%2C533&ssl=1\",\"articleSection\":[\"Brasil\"],\"inLanguage\":\"pt-BR\",\"potentialAction\":[{\"@type\":\"CommentAction\",\"name\":\"Comment\",\"target\":[\"https:\\\/\\\/afogadosfm.com.br\\\/afogadosfm\\\/2025\\\/01\\\/07\\\/policia-civil-descobriu-esconderijo-de-5-mil-celulares-roubados-em-sp\\\/#respond\"]}]},{\"@type\":\"WebPage\",\"@id\":\"https:\\\/\\\/afogadosfm.com.br\\\/afogadosfm\\\/2025\\\/01\\\/07\\\/policia-civil-descobriu-esconderijo-de-5-mil-celulares-roubados-em-sp\\\/\",\"url\":\"https:\\\/\\\/afogadosfm.com.br\\\/afogadosfm\\\/2025\\\/01\\\/07\\\/policia-civil-descobriu-esconderijo-de-5-mil-celulares-roubados-em-sp\\\/\",\"name\":\"Pol\u00edcia Civil descobriu esconderijo de 5 mil celulares roubados em SP - Afogados FM\",\"isPartOf\":{\"@id\":\"https:\\\/\\\/afogadosfm.com.br\\\/afogadosfm\\\/#website\"},\"primaryImageOfPage\":{\"@id\":\"https:\\\/\\\/afogadosfm.com.br\\\/afogadosfm\\\/2025\\\/01\\\/07\\\/policia-civil-descobriu-esconderijo-de-5-mil-celulares-roubados-em-sp\\\/#primaryimage\"},\"image\":{\"@id\":\"https:\\\/\\\/afogadosfm.com.br\\\/afogadosfm\\\/2025\\\/01\\\/07\\\/policia-civil-descobriu-esconderijo-de-5-mil-celulares-roubados-em-sp\\\/#primaryimage\"},\"thumbnailUrl\":\"https:\\\/\\\/i0.wp.com\\\/afogadosfm.com.br\\\/afogadosfm\\\/wp-content\\\/uploads\\\/2025\\\/01\\\/AA1x4htN.jpg?fit=710%2C533&ssl=1\",\"datePublished\":\"2025-01-07T08:00:26+00:00\",\"dateModified\":\"2025-01-07T08:00:30+00:00\",\"breadcrumb\":{\"@id\":\"https:\\\/\\\/afogadosfm.com.br\\\/afogadosfm\\\/2025\\\/01\\\/07\\\/policia-civil-descobriu-esconderijo-de-5-mil-celulares-roubados-em-sp\\\/#breadcrumb\"},\"inLanguage\":\"pt-BR\",\"potentialAction\":[{\"@type\":\"ReadAction\",\"target\":[\"https:\\\/\\\/afogadosfm.com.br\\\/afogadosfm\\\/2025\\\/01\\\/07\\\/policia-civil-descobriu-esconderijo-de-5-mil-celulares-roubados-em-sp\\\/\"]}]},{\"@type\":\"ImageObject\",\"inLanguage\":\"pt-BR\",\"@id\":\"https:\\\/\\\/afogadosfm.com.br\\\/afogadosfm\\\/2025\\\/01\\\/07\\\/policia-civil-descobriu-esconderijo-de-5-mil-celulares-roubados-em-sp\\\/#primaryimage\",\"url\":\"https:\\\/\\\/i0.wp.com\\\/afogadosfm.com.br\\\/afogadosfm\\\/wp-content\\\/uploads\\\/2025\\\/01\\\/AA1x4htN.jpg?fit=710%2C533&ssl=1\",\"contentUrl\":\"https:\\\/\\\/i0.wp.com\\\/afogadosfm.com.br\\\/afogadosfm\\\/wp-content\\\/uploads\\\/2025\\\/01\\\/AA1x4htN.jpg?fit=710%2C533&ssl=1\",\"width\":710,\"height\":533},{\"@type\":\"BreadcrumbList\",\"@id\":\"https:\\\/\\\/afogadosfm.com.br\\\/afogadosfm\\\/2025\\\/01\\\/07\\\/policia-civil-descobriu-esconderijo-de-5-mil-celulares-roubados-em-sp\\\/#breadcrumb\",\"itemListElement\":[{\"@type\":\"ListItem\",\"position\":1,\"name\":\"In\u00edcio\",\"item\":\"https:\\\/\\\/afogadosfm.com.br\\\/afogadosfm\\\/\"},{\"@type\":\"ListItem\",\"position\":2,\"name\":\"Pol\u00edcia Civil descobriu esconderijo de 5 mil celulares roubados em SP\"}]},{\"@type\":\"WebSite\",\"@id\":\"https:\\\/\\\/afogadosfm.com.br\\\/afogadosfm\\\/#website\",\"url\":\"https:\\\/\\\/afogadosfm.com.br\\\/afogadosfm\\\/\",\"name\":\"Afogados FM\",\"description\":\"Um site completo!\",\"publisher\":{\"@id\":\"https:\\\/\\\/afogadosfm.com.br\\\/afogadosfm\\\/#organization\"},\"potentialAction\":[{\"@type\":\"SearchAction\",\"target\":{\"@type\":\"EntryPoint\",\"urlTemplate\":\"https:\\\/\\\/afogadosfm.com.br\\\/afogadosfm\\\/?s={search_term_string}\"},\"query-input\":{\"@type\":\"PropertyValueSpecification\",\"valueRequired\":true,\"valueName\":\"search_term_string\"}}],\"inLanguage\":\"pt-BR\"},{\"@type\":\"Organization\",\"@id\":\"https:\\\/\\\/afogadosfm.com.br\\\/afogadosfm\\\/#organization\",\"name\":\"Afogados FM\",\"url\":\"https:\\\/\\\/afogadosfm.com.br\\\/afogadosfm\\\/\",\"logo\":{\"@type\":\"ImageObject\",\"inLanguage\":\"pt-BR\",\"@id\":\"https:\\\/\\\/afogadosfm.com.br\\\/afogadosfm\\\/#\\\/schema\\\/logo\\\/image\\\/\",\"url\":\"https:\\\/\\\/i0.wp.com\\\/afogadosfm.com.br\\\/afogadosfm\\\/wp-content\\\/uploads\\\/2020\\\/06\\\/cropped-banner-afogados-4.jpg?fit=369%2C137&ssl=1\",\"contentUrl\":\"https:\\\/\\\/i0.wp.com\\\/afogadosfm.com.br\\\/afogadosfm\\\/wp-content\\\/uploads\\\/2020\\\/06\\\/cropped-banner-afogados-4.jpg?fit=369%2C137&ssl=1\",\"width\":369,\"height\":137,\"caption\":\"Afogados FM\"},\"image\":{\"@id\":\"https:\\\/\\\/afogadosfm.com.br\\\/afogadosfm\\\/#\\\/schema\\\/logo\\\/image\\\/\"}},{\"@type\":\"Person\",\"@id\":\"https:\\\/\\\/afogadosfm.com.br\\\/afogadosfm\\\/#\\\/schema\\\/person\\\/60e56f2cf5dc960fc093fe093d9e9057\",\"name\":\"afogadosfm\",\"image\":{\"@type\":\"ImageObject\",\"inLanguage\":\"pt-BR\",\"@id\":\"https:\\\/\\\/secure.gravatar.com\\\/avatar\\\/e0359add7ed5dc3560906d861b52c6a8cf5c1e199d3a7dd85070998f49bd4701?s=96&d=mm&r=g\",\"url\":\"https:\\\/\\\/secure.gravatar.com\\\/avatar\\\/e0359add7ed5dc3560906d861b52c6a8cf5c1e199d3a7dd85070998f49bd4701?s=96&d=mm&r=g\",\"contentUrl\":\"https:\\\/\\\/secure.gravatar.com\\\/avatar\\\/e0359add7ed5dc3560906d861b52c6a8cf5c1e199d3a7dd85070998f49bd4701?s=96&d=mm&r=g\",\"caption\":\"afogadosfm\"},\"url\":\"https:\\\/\\\/afogadosfm.com.br\\\/afogadosfm\\\/author\\\/afogadosfm\\\/\"}]}<\/script>\n<!-- \/ Yoast SEO plugin. -->","yoast_head_json":{"title":"Pol\u00edcia Civil descobriu esconderijo de 5 mil celulares roubados em SP - Afogados FM","robots":{"index":"index","follow":"follow","max-snippet":"max-snippet:-1","max-image-preview":"max-image-preview:large","max-video-preview":"max-video-preview:-1"},"canonical":"https:\/\/afogadosfm.com.br\/afogadosfm\/2025\/01\/07\/policia-civil-descobriu-esconderijo-de-5-mil-celulares-roubados-em-sp\/","og_locale":"pt_BR","og_type":"article","og_title":"Pol\u00edcia Civil descobriu esconderijo de 5 mil celulares roubados em SP - Afogados FM","og_description":"A Pol\u00edcia Civil de S\u00e3o Paulo apreendeu nesta segunda-feira, 6, cerca de 5 mil celulares, frutos de roubo e furto,","og_url":"https:\/\/afogadosfm.com.br\/afogadosfm\/2025\/01\/07\/policia-civil-descobriu-esconderijo-de-5-mil-celulares-roubados-em-sp\/","og_site_name":"Afogados FM","article_published_time":"2025-01-07T08:00:26+00:00","article_modified_time":"2025-01-07T08:00:30+00:00","og_image":[{"width":710,"height":533,"url":"https:\/\/afogadosfm.com.br\/afogadosfm\/wp-content\/uploads\/2025\/01\/AA1x4htN.jpg","type":"image\/jpeg"}],"author":"afogadosfm","twitter_card":"summary_large_image","twitter_misc":{"Escrito por":"afogadosfm","Est. tempo de leitura":"4 minutos"},"schema":{"@context":"https:\/\/schema.org","@graph":[{"@type":"Article","@id":"https:\/\/afogadosfm.com.br\/afogadosfm\/2025\/01\/07\/policia-civil-descobriu-esconderijo-de-5-mil-celulares-roubados-em-sp\/#article","isPartOf":{"@id":"https:\/\/afogadosfm.com.br\/afogadosfm\/2025\/01\/07\/policia-civil-descobriu-esconderijo-de-5-mil-celulares-roubados-em-sp\/"},"author":{"name":"afogadosfm","@id":"https:\/\/afogadosfm.com.br\/afogadosfm\/#\/schema\/person\/60e56f2cf5dc960fc093fe093d9e9057"},"headline":"Pol\u00edcia Civil descobriu esconderijo de 5 mil celulares roubados em SP","datePublished":"2025-01-07T08:00:26+00:00","dateModified":"2025-01-07T08:00:30+00:00","mainEntityOfPage":{"@id":"https:\/\/afogadosfm.com.br\/afogadosfm\/2025\/01\/07\/policia-civil-descobriu-esconderijo-de-5-mil-celulares-roubados-em-sp\/"},"wordCount":578,"commentCount":0,"publisher":{"@id":"https:\/\/afogadosfm.com.br\/afogadosfm\/#organization"},"image":{"@id":"https:\/\/afogadosfm.com.br\/afogadosfm\/2025\/01\/07\/policia-civil-descobriu-esconderijo-de-5-mil-celulares-roubados-em-sp\/#primaryimage"},"thumbnailUrl":"https:\/\/i0.wp.com\/afogadosfm.com.br\/afogadosfm\/wp-content\/uploads\/2025\/01\/AA1x4htN.jpg?fit=710%2C533&ssl=1","articleSection":["Brasil"],"inLanguage":"pt-BR","potentialAction":[{"@type":"CommentAction","name":"Comment","target":["https:\/\/afogadosfm.com.br\/afogadosfm\/2025\/01\/07\/policia-civil-descobriu-esconderijo-de-5-mil-celulares-roubados-em-sp\/#respond"]}]},{"@type":"WebPage","@id":"https:\/\/afogadosfm.com.br\/afogadosfm\/2025\/01\/07\/policia-civil-descobriu-esconderijo-de-5-mil-celulares-roubados-em-sp\/","url":"https:\/\/afogadosfm.com.br\/afogadosfm\/2025\/01\/07\/policia-civil-descobriu-esconderijo-de-5-mil-celulares-roubados-em-sp\/","name":"Pol\u00edcia Civil descobriu esconderijo de 5 mil celulares roubados em SP - Afogados FM","isPartOf":{"@id":"https:\/\/afogadosfm.com.br\/afogadosfm\/#website"},"primaryImageOfPage":{"@id":"https:\/\/afogadosfm.com.br\/afogadosfm\/2025\/01\/07\/policia-civil-descobriu-esconderijo-de-5-mil-celulares-roubados-em-sp\/#primaryimage"},"image":{"@id":"https:\/\/afogadosfm.com.br\/afogadosfm\/2025\/01\/07\/policia-civil-descobriu-esconderijo-de-5-mil-celulares-roubados-em-sp\/#primaryimage"},"thumbnailUrl":"https:\/\/i0.wp.com\/afogadosfm.com.br\/afogadosfm\/wp-content\/uploads\/2025\/01\/AA1x4htN.jpg?fit=710%2C533&ssl=1","datePublished":"2025-01-07T08:00:26+00:00","dateModified":"2025-01-07T08:00:30+00:00","breadcrumb":{"@id":"https:\/\/afogadosfm.com.br\/afogadosfm\/2025\/01\/07\/policia-civil-descobriu-esconderijo-de-5-mil-celulares-roubados-em-sp\/#breadcrumb"},"inLanguage":"pt-BR","potentialAction":[{"@type":"ReadAction","target":["https:\/\/afogadosfm.com.br\/afogadosfm\/2025\/01\/07\/policia-civil-descobriu-esconderijo-de-5-mil-celulares-roubados-em-sp\/"]}]},{"@type":"ImageObject","inLanguage":"pt-BR","@id":"https:\/\/afogadosfm.com.br\/afogadosfm\/2025\/01\/07\/policia-civil-descobriu-esconderijo-de-5-mil-celulares-roubados-em-sp\/#primaryimage","url":"https:\/\/i0.wp.com\/afogadosfm.com.br\/afogadosfm\/wp-content\/uploads\/2025\/01\/AA1x4htN.jpg?fit=710%2C533&ssl=1","contentUrl":"https:\/\/i0.wp.com\/afogadosfm.com.br\/afogadosfm\/wp-content\/uploads\/2025\/01\/AA1x4htN.jpg?fit=710%2C533&ssl=1","width":710,"height":533},{"@type":"BreadcrumbList","@id":"https:\/\/afogadosfm.com.br\/afogadosfm\/2025\/01\/07\/policia-civil-descobriu-esconderijo-de-5-mil-celulares-roubados-em-sp\/#breadcrumb","itemListElement":[{"@type":"ListItem","position":1,"name":"In\u00edcio","item":"https:\/\/afogadosfm.com.br\/afogadosfm\/"},{"@type":"ListItem","position":2,"name":"Pol\u00edcia Civil descobriu esconderijo de 5 mil celulares roubados em SP"}]},{"@type":"WebSite","@id":"https:\/\/afogadosfm.com.br\/afogadosfm\/#website","url":"https:\/\/afogadosfm.com.br\/afogadosfm\/","name":"Afogados FM","description":"Um site completo!","publisher":{"@id":"https:\/\/afogadosfm.com.br\/afogadosfm\/#organization"},"potentialAction":[{"@type":"SearchAction","target":{"@type":"EntryPoint","urlTemplate":"https:\/\/afogadosfm.com.br\/afogadosfm\/?s={search_term_string}"},"query-input":{"@type":"PropertyValueSpecification","valueRequired":true,"valueName":"search_term_string"}}],"inLanguage":"pt-BR"},{"@type":"Organization","@id":"https:\/\/afogadosfm.com.br\/afogadosfm\/#organization","name":"Afogados FM","url":"https:\/\/afogadosfm.com.br\/afogadosfm\/","logo":{"@type":"ImageObject","inLanguage":"pt-BR","@id":"https:\/\/afogadosfm.com.br\/afogadosfm\/#\/schema\/logo\/image\/","url":"https:\/\/i0.wp.com\/afogadosfm.com.br\/afogadosfm\/wp-content\/uploads\/2020\/06\/cropped-banner-afogados-4.jpg?fit=369%2C137&ssl=1","contentUrl":"https:\/\/i0.wp.com\/afogadosfm.com.br\/afogadosfm\/wp-content\/uploads\/2020\/06\/cropped-banner-afogados-4.jpg?fit=369%2C137&ssl=1","width":369,"height":137,"caption":"Afogados FM"},"image":{"@id":"https:\/\/afogadosfm.com.br\/afogadosfm\/#\/schema\/logo\/image\/"}},{"@type":"Person","@id":"https:\/\/afogadosfm.com.br\/afogadosfm\/#\/schema\/person\/60e56f2cf5dc960fc093fe093d9e9057","name":"afogadosfm","image":{"@type":"ImageObject","inLanguage":"pt-BR","@id":"https:\/\/secure.gravatar.com\/avatar\/e0359add7ed5dc3560906d861b52c6a8cf5c1e199d3a7dd85070998f49bd4701?s=96&d=mm&r=g","url":"https:\/\/secure.gravatar.com\/avatar\/e0359add7ed5dc3560906d861b52c6a8cf5c1e199d3a7dd85070998f49bd4701?s=96&d=mm&r=g","contentUrl":"https:\/\/secure.gravatar.com\/avatar\/e0359add7ed5dc3560906d861b52c6a8cf5c1e199d3a7dd85070998f49bd4701?s=96&d=mm&r=g","caption":"afogadosfm"},"url":"https:\/\/afogadosfm.com.br\/afogadosfm\/author\/afogadosfm\/"}]}},"jetpack_publicize_connections":[],"jetpack_featured_media_url":"https:\/\/i0.wp.com\/afogadosfm.com.br\/afogadosfm\/wp-content\/uploads\/2025\/01\/AA1x4htN.jpg?fit=710%2C533&ssl=1","jetpack-related-posts":[],"jetpack_sharing_enabled":true,"jetpack_likes_enabled":true,"_links":{"self":[{"href":"https:\/\/afogadosfm.com.br\/afogadosfm\/wp-json\/wp\/v2\/posts\/62367","targetHints":{"allow":["GET"]}}],"collection":[{"href":"https:\/\/afogadosfm.com.br\/afogadosfm\/wp-json\/wp\/v2\/posts"}],"about":[{"href":"https:\/\/afogadosfm.com.br\/afogadosfm\/wp-json\/wp\/v2\/types\/post"}],"author":[{"embeddable":true,"href":"https:\/\/afogadosfm.com.br\/afogadosfm\/wp-json\/wp\/v2\/users\/2"}],"replies":[{"embeddable":true,"href":"https:\/\/afogadosfm.com.br\/afogadosfm\/wp-json\/wp\/v2\/comments?post=62367"}],"version-history":[{"count":1,"href":"https:\/\/afogadosfm.com.br\/afogadosfm\/wp-json\/wp\/v2\/posts\/62367\/revisions"}],"predecessor-version":[{"id":62369,"href":"https:\/\/afogadosfm.com.br\/afogadosfm\/wp-json\/wp\/v2\/posts\/62367\/revisions\/62369"}],"wp:featuredmedia":[{"embeddable":true,"href":"https:\/\/afogadosfm.com.br\/afogadosfm\/wp-json\/wp\/v2\/media\/62368"}],"wp:attachment":[{"href":"https:\/\/afogadosfm.com.br\/afogadosfm\/wp-json\/wp\/v2\/media?parent=62367"}],"wp:term":[{"taxonomy":"category","embeddable":true,"href":"https:\/\/afogadosfm.com.br\/afogadosfm\/wp-json\/wp\/v2\/categories?post=62367"},{"taxonomy":"post_tag","embeddable":true,"href":"https:\/\/afogadosfm.com.br\/afogadosfm\/wp-json\/wp\/v2\/tags?post=62367"}],"curies":[{"name":"wp","href":"https:\/\/api.w.org\/{rel}","templated":true}]}}