{"id":62375,"date":"2025-01-07T12:33:38","date_gmt":"2025-01-07T15:33:38","guid":{"rendered":"https:\/\/afogadosfm.com.br\/afogadosfm\/?p=62375"},"modified":"2025-01-07T12:33:41","modified_gmt":"2025-01-07T15:33:41","slug":"secretaria-de-agricultura-em-afogados-debateu-com-comunidades-sobre-aracao-de-terras-no-municipio","status":"publish","type":"post","link":"https:\/\/afogadosfm.com.br\/afogadosfm\/2025\/01\/07\/secretaria-de-agricultura-em-afogados-debateu-com-comunidades-sobre-aracao-de-terras-no-municipio\/","title":{"rendered":"Secretaria de Agricultura em Afogados debateu com comunidades sobre ara\u00e7\u00e3o de terras no munic\u00edpio"},"content":{"rendered":"\n<p>Tendo em vista a proximidade do per\u00edodo de chuvas em nossa regi\u00e3o, o Secret\u00e1rio de Agricultura de Afogados, Valberto Amaral, esteve reunido na sede do Sindicato dos trabalhadores e trabalhadoras rurais de Afogados da Ingazeira, para ouvir das comunidades rurais as demandas e os crit\u00e9rios para a execu\u00e7\u00e3o do programa municipal de ara\u00e7\u00e3o de terras.<\/p>\n\n\n\n<p>Participaram representantes do Sindicato, do conselho municipal de desenvolvimento urbano e rural de Afogados e do IPA, que apresentou a perspectiva de ara\u00e7\u00e3o de 180 hectares no munic\u00edpio, com recursos do governo do Estado.<\/p>\n\n\n\n<p>De acordo com o secret\u00e1rio de agricultura de Afogados, Valberto Amaral, ganhou esta semana o refor\u00e7o de mais um trator e uma grade aradora, doado ao munic\u00edpio pela Coodevasf, fruto de emenda da Senadora Tereza leit\u00e3o, no valor de 138 mil Reais. O equipamento se soma aos outros dois tratores que a Prefeitura j\u00e1 tem, totalizando tr\u00eas m\u00e1quinas dispon\u00edveis para ser utilizada na ara\u00e7\u00e3o.<\/p>\n\n\n\n<p>\u201cVimos discutir com as comunidades e suas associa\u00e7\u00f5es e um dos crit\u00e9rios ser\u00e1 a demanda coletiva, encaminhada pelas associa\u00e7\u00f5es rurais. At\u00e9 a pr\u00f3xima sexta, cada associa\u00e7\u00e3o ir\u00e1 nos encaminhar as rela\u00e7\u00f5es dos agricultores que ser\u00e3o contemplados pelo programa. Isso fortalece o di\u00e1logo com as associa\u00e7\u00f5es e a organiza\u00e7\u00e3o comunit\u00e1ria,\u201d destacou o Secret\u00e1rio de Agricultura de Afogados, Valberto Amaral.<\/p>\n\n\n\n<p>O secret\u00e1rio ainda destacou que ser\u00e3o atendidas apenas as demandas coletivas, com a participa\u00e7\u00e3o das associa\u00e7\u00f5es.<\/p>\n","protected":false},"excerpt":{"rendered":"<p>Tendo em vista a proximidade do per\u00edodo de chuvas em nossa regi\u00e3o, o Secret\u00e1rio de Agricultura de Afogados, Valberto Amaral,<\/p>\n","protected":false},"author":2,"featured_media":62377,"comment_status":"open","ping_status":"open","sticky":false,"template":"","format":"standard","meta":{"jetpack_post_was_ever_published":false,"_jetpack_newsletter_access":"","_jetpack_dont_email_post_to_subs":false,"_jetpack_newsletter_tier_id":0,"_jetpack_memberships_contains_paywalled_content":false,"_jetpack_memberships_contains_paid_content":false,"footnotes":"","jetpack_publicize_message":"","jetpack_publicize_feature_enabled":true,"jetpack_social_post_already_shared":true,"jetpack_social_options":{"image_generator_settings":{"template":"highway","default_image_id":0,"font":"","enabled":false},"version":2}},"categories":[14],"tags":[],"class_list":["post-62375","post","type-post","status-publish","format-standard","has-post-thumbnail","hentry","category-afogados-da-ingazeira"],"yoast_head":"<!-- This site is optimized with the Yoast SEO plugin v27.5 - https:\/\/yoast.com\/product\/yoast-seo-wordpress\/ -->\n<title>Secretaria de Agricultura em Afogados debateu com comunidades sobre ara\u00e7\u00e3o de terras no munic\u00edpio - Afogados FM<\/title>\n<meta name=\"robots\" content=\"index, follow, max-snippet:-1, max-image-preview:large, max-video-preview:-1\" \/>\n<link rel=\"canonical\" href=\"https:\/\/afogadosfm.com.br\/afogadosfm\/2025\/01\/07\/secretaria-de-agricultura-em-afogados-debateu-com-comunidades-sobre-aracao-de-terras-no-municipio\/\" \/>\n<meta property=\"og:locale\" content=\"pt_BR\" \/>\n<meta property=\"og:type\" content=\"article\" \/>\n<meta property=\"og:title\" content=\"Secretaria de Agricultura em Afogados debateu com comunidades sobre ara\u00e7\u00e3o de terras no munic\u00edpio - Afogados FM\" \/>\n<meta property=\"og:description\" content=\"Tendo em vista a proximidade do per\u00edodo de chuvas em nossa regi\u00e3o, o Secret\u00e1rio de Agricultura de Afogados, Valberto Amaral,\" \/>\n<meta property=\"og:url\" content=\"https:\/\/afogadosfm.com.br\/afogadosfm\/2025\/01\/07\/secretaria-de-agricultura-em-afogados-debateu-com-comunidades-sobre-aracao-de-terras-no-municipio\/\" \/>\n<meta property=\"og:site_name\" content=\"Afogados FM\" \/>\n<meta property=\"article:published_time\" content=\"2025-01-07T15:33:38+00:00\" \/>\n<meta property=\"article:modified_time\" content=\"2025-01-07T15:33:41+00:00\" \/>\n<meta property=\"og:image\" content=\"https:\/\/afogadosfm.com.br\/afogadosfm\/wp-content\/uploads\/2025\/01\/f060fb5d-e477-4d27-abb7-305d820a555d-1.jpeg\" \/>\n\t<meta property=\"og:image:width\" content=\"1600\" \/>\n\t<meta property=\"og:image:height\" content=\"1200\" \/>\n\t<meta property=\"og:image:type\" content=\"image\/jpeg\" \/>\n<meta name=\"author\" content=\"afogadosfm\" \/>\n<meta name=\"twitter:card\" content=\"summary_large_image\" \/>\n<meta name=\"twitter:label1\" content=\"Escrito por\" \/>\n\t<meta name=\"twitter:data1\" content=\"afogadosfm\" \/>\n\t<meta name=\"twitter:label2\" content=\"Est. tempo de leitura\" \/>\n\t<meta name=\"twitter:data2\" content=\"2 minutos\" \/>\n<script type=\"application\/ld+json\" class=\"yoast-schema-graph\">{\"@context\":\"https:\\\/\\\/schema.org\",\"@graph\":[{\"@type\":\"Article\",\"@id\":\"https:\\\/\\\/afogadosfm.com.br\\\/afogadosfm\\\/2025\\\/01\\\/07\\\/secretaria-de-agricultura-em-afogados-debateu-com-comunidades-sobre-aracao-de-terras-no-municipio\\\/#article\",\"isPartOf\":{\"@id\":\"https:\\\/\\\/afogadosfm.com.br\\\/afogadosfm\\\/2025\\\/01\\\/07\\\/secretaria-de-agricultura-em-afogados-debateu-com-comunidades-sobre-aracao-de-terras-no-municipio\\\/\"},\"author\":{\"name\":\"afogadosfm\",\"@id\":\"https:\\\/\\\/afogadosfm.com.br\\\/afogadosfm\\\/#\\\/schema\\\/person\\\/60e56f2cf5dc960fc093fe093d9e9057\"},\"headline\":\"Secretaria de Agricultura em Afogados debateu com comunidades sobre ara\u00e7\u00e3o de terras no munic\u00edpio\",\"datePublished\":\"2025-01-07T15:33:38+00:00\",\"dateModified\":\"2025-01-07T15:33:41+00:00\",\"mainEntityOfPage\":{\"@id\":\"https:\\\/\\\/afogadosfm.com.br\\\/afogadosfm\\\/2025\\\/01\\\/07\\\/secretaria-de-agricultura-em-afogados-debateu-com-comunidades-sobre-aracao-de-terras-no-municipio\\\/\"},\"wordCount\":273,\"commentCount\":0,\"publisher\":{\"@id\":\"https:\\\/\\\/afogadosfm.com.br\\\/afogadosfm\\\/#organization\"},\"image\":{\"@id\":\"https:\\\/\\\/afogadosfm.com.br\\\/afogadosfm\\\/2025\\\/01\\\/07\\\/secretaria-de-agricultura-em-afogados-debateu-com-comunidades-sobre-aracao-de-terras-no-municipio\\\/#primaryimage\"},\"thumbnailUrl\":\"https:\\\/\\\/i0.wp.com\\\/afogadosfm.com.br\\\/afogadosfm\\\/wp-content\\\/uploads\\\/2025\\\/01\\\/f060fb5d-e477-4d27-abb7-305d820a555d-1.jpeg?fit=1600%2C1200&ssl=1\",\"articleSection\":[\"Afogados da Ingazeira\"],\"inLanguage\":\"pt-BR\",\"potentialAction\":[{\"@type\":\"CommentAction\",\"name\":\"Comment\",\"target\":[\"https:\\\/\\\/afogadosfm.com.br\\\/afogadosfm\\\/2025\\\/01\\\/07\\\/secretaria-de-agricultura-em-afogados-debateu-com-comunidades-sobre-aracao-de-terras-no-municipio\\\/#respond\"]}]},{\"@type\":\"WebPage\",\"@id\":\"https:\\\/\\\/afogadosfm.com.br\\\/afogadosfm\\\/2025\\\/01\\\/07\\\/secretaria-de-agricultura-em-afogados-debateu-com-comunidades-sobre-aracao-de-terras-no-municipio\\\/\",\"url\":\"https:\\\/\\\/afogadosfm.com.br\\\/afogadosfm\\\/2025\\\/01\\\/07\\\/secretaria-de-agricultura-em-afogados-debateu-com-comunidades-sobre-aracao-de-terras-no-municipio\\\/\",\"name\":\"Secretaria de Agricultura em Afogados debateu com comunidades sobre ara\u00e7\u00e3o de terras no munic\u00edpio - Afogados FM\",\"isPartOf\":{\"@id\":\"https:\\\/\\\/afogadosfm.com.br\\\/afogadosfm\\\/#website\"},\"primaryImageOfPage\":{\"@id\":\"https:\\\/\\\/afogadosfm.com.br\\\/afogadosfm\\\/2025\\\/01\\\/07\\\/secretaria-de-agricultura-em-afogados-debateu-com-comunidades-sobre-aracao-de-terras-no-municipio\\\/#primaryimage\"},\"image\":{\"@id\":\"https:\\\/\\\/afogadosfm.com.br\\\/afogadosfm\\\/2025\\\/01\\\/07\\\/secretaria-de-agricultura-em-afogados-debateu-com-comunidades-sobre-aracao-de-terras-no-municipio\\\/#primaryimage\"},\"thumbnailUrl\":\"https:\\\/\\\/i0.wp.com\\\/afogadosfm.com.br\\\/afogadosfm\\\/wp-content\\\/uploads\\\/2025\\\/01\\\/f060fb5d-e477-4d27-abb7-305d820a555d-1.jpeg?fit=1600%2C1200&ssl=1\",\"datePublished\":\"2025-01-07T15:33:38+00:00\",\"dateModified\":\"2025-01-07T15:33:41+00:00\",\"breadcrumb\":{\"@id\":\"https:\\\/\\\/afogadosfm.com.br\\\/afogadosfm\\\/2025\\\/01\\\/07\\\/secretaria-de-agricultura-em-afogados-debateu-com-comunidades-sobre-aracao-de-terras-no-municipio\\\/#breadcrumb\"},\"inLanguage\":\"pt-BR\",\"potentialAction\":[{\"@type\":\"ReadAction\",\"target\":[\"https:\\\/\\\/afogadosfm.com.br\\\/afogadosfm\\\/2025\\\/01\\\/07\\\/secretaria-de-agricultura-em-afogados-debateu-com-comunidades-sobre-aracao-de-terras-no-municipio\\\/\"]}]},{\"@type\":\"ImageObject\",\"inLanguage\":\"pt-BR\",\"@id\":\"https:\\\/\\\/afogadosfm.com.br\\\/afogadosfm\\\/2025\\\/01\\\/07\\\/secretaria-de-agricultura-em-afogados-debateu-com-comunidades-sobre-aracao-de-terras-no-municipio\\\/#primaryimage\",\"url\":\"https:\\\/\\\/i0.wp.com\\\/afogadosfm.com.br\\\/afogadosfm\\\/wp-content\\\/uploads\\\/2025\\\/01\\\/f060fb5d-e477-4d27-abb7-305d820a555d-1.jpeg?fit=1600%2C1200&ssl=1\",\"contentUrl\":\"https:\\\/\\\/i0.wp.com\\\/afogadosfm.com.br\\\/afogadosfm\\\/wp-content\\\/uploads\\\/2025\\\/01\\\/f060fb5d-e477-4d27-abb7-305d820a555d-1.jpeg?fit=1600%2C1200&ssl=1\",\"width\":1600,\"height\":1200},{\"@type\":\"BreadcrumbList\",\"@id\":\"https:\\\/\\\/afogadosfm.com.br\\\/afogadosfm\\\/2025\\\/01\\\/07\\\/secretaria-de-agricultura-em-afogados-debateu-com-comunidades-sobre-aracao-de-terras-no-municipio\\\/#breadcrumb\",\"itemListElement\":[{\"@type\":\"ListItem\",\"position\":1,\"name\":\"In\u00edcio\",\"item\":\"https:\\\/\\\/afogadosfm.com.br\\\/afogadosfm\\\/\"},{\"@type\":\"ListItem\",\"position\":2,\"name\":\"Secretaria de Agricultura em Afogados debateu com comunidades sobre ara\u00e7\u00e3o de terras no munic\u00edpio\"}]},{\"@type\":\"WebSite\",\"@id\":\"https:\\\/\\\/afogadosfm.com.br\\\/afogadosfm\\\/#website\",\"url\":\"https:\\\/\\\/afogadosfm.com.br\\\/afogadosfm\\\/\",\"name\":\"Afogados FM\",\"description\":\"Um site completo!\",\"publisher\":{\"@id\":\"https:\\\/\\\/afogadosfm.com.br\\\/afogadosfm\\\/#organization\"},\"potentialAction\":[{\"@type\":\"SearchAction\",\"target\":{\"@type\":\"EntryPoint\",\"urlTemplate\":\"https:\\\/\\\/afogadosfm.com.br\\\/afogadosfm\\\/?s={search_term_string}\"},\"query-input\":{\"@type\":\"PropertyValueSpecification\",\"valueRequired\":true,\"valueName\":\"search_term_string\"}}],\"inLanguage\":\"pt-BR\"},{\"@type\":\"Organization\",\"@id\":\"https:\\\/\\\/afogadosfm.com.br\\\/afogadosfm\\\/#organization\",\"name\":\"Afogados FM\",\"url\":\"https:\\\/\\\/afogadosfm.com.br\\\/afogadosfm\\\/\",\"logo\":{\"@type\":\"ImageObject\",\"inLanguage\":\"pt-BR\",\"@id\":\"https:\\\/\\\/afogadosfm.com.br\\\/afogadosfm\\\/#\\\/schema\\\/logo\\\/image\\\/\",\"url\":\"https:\\\/\\\/i0.wp.com\\\/afogadosfm.com.br\\\/afogadosfm\\\/wp-content\\\/uploads\\\/2020\\\/06\\\/cropped-banner-afogados-4.jpg?fit=369%2C137&ssl=1\",\"contentUrl\":\"https:\\\/\\\/i0.wp.com\\\/afogadosfm.com.br\\\/afogadosfm\\\/wp-content\\\/uploads\\\/2020\\\/06\\\/cropped-banner-afogados-4.jpg?fit=369%2C137&ssl=1\",\"width\":369,\"height\":137,\"caption\":\"Afogados FM\"},\"image\":{\"@id\":\"https:\\\/\\\/afogadosfm.com.br\\\/afogadosfm\\\/#\\\/schema\\\/logo\\\/image\\\/\"}},{\"@type\":\"Person\",\"@id\":\"https:\\\/\\\/afogadosfm.com.br\\\/afogadosfm\\\/#\\\/schema\\\/person\\\/60e56f2cf5dc960fc093fe093d9e9057\",\"name\":\"afogadosfm\",\"image\":{\"@type\":\"ImageObject\",\"inLanguage\":\"pt-BR\",\"@id\":\"https:\\\/\\\/secure.gravatar.com\\\/avatar\\\/e0359add7ed5dc3560906d861b52c6a8cf5c1e199d3a7dd85070998f49bd4701?s=96&d=mm&r=g\",\"url\":\"https:\\\/\\\/secure.gravatar.com\\\/avatar\\\/e0359add7ed5dc3560906d861b52c6a8cf5c1e199d3a7dd85070998f49bd4701?s=96&d=mm&r=g\",\"contentUrl\":\"https:\\\/\\\/secure.gravatar.com\\\/avatar\\\/e0359add7ed5dc3560906d861b52c6a8cf5c1e199d3a7dd85070998f49bd4701?s=96&d=mm&r=g\",\"caption\":\"afogadosfm\"},\"url\":\"https:\\\/\\\/afogadosfm.com.br\\\/afogadosfm\\\/author\\\/afogadosfm\\\/\"}]}<\/script>\n<!-- \/ Yoast SEO plugin. -->","yoast_head_json":{"title":"Secretaria de Agricultura em Afogados debateu com comunidades sobre ara\u00e7\u00e3o de terras no munic\u00edpio - Afogados FM","robots":{"index":"index","follow":"follow","max-snippet":"max-snippet:-1","max-image-preview":"max-image-preview:large","max-video-preview":"max-video-preview:-1"},"canonical":"https:\/\/afogadosfm.com.br\/afogadosfm\/2025\/01\/07\/secretaria-de-agricultura-em-afogados-debateu-com-comunidades-sobre-aracao-de-terras-no-municipio\/","og_locale":"pt_BR","og_type":"article","og_title":"Secretaria de Agricultura em Afogados debateu com comunidades sobre ara\u00e7\u00e3o de terras no munic\u00edpio - Afogados FM","og_description":"Tendo em vista a proximidade do per\u00edodo de chuvas em nossa regi\u00e3o, o Secret\u00e1rio de Agricultura de Afogados, Valberto Amaral,","og_url":"https:\/\/afogadosfm.com.br\/afogadosfm\/2025\/01\/07\/secretaria-de-agricultura-em-afogados-debateu-com-comunidades-sobre-aracao-de-terras-no-municipio\/","og_site_name":"Afogados FM","article_published_time":"2025-01-07T15:33:38+00:00","article_modified_time":"2025-01-07T15:33:41+00:00","og_image":[{"width":1600,"height":1200,"url":"https:\/\/afogadosfm.com.br\/afogadosfm\/wp-content\/uploads\/2025\/01\/f060fb5d-e477-4d27-abb7-305d820a555d-1.jpeg","type":"image\/jpeg"}],"author":"afogadosfm","twitter_card":"summary_large_image","twitter_misc":{"Escrito por":"afogadosfm","Est. tempo de leitura":"2 minutos"},"schema":{"@context":"https:\/\/schema.org","@graph":[{"@type":"Article","@id":"https:\/\/afogadosfm.com.br\/afogadosfm\/2025\/01\/07\/secretaria-de-agricultura-em-afogados-debateu-com-comunidades-sobre-aracao-de-terras-no-municipio\/#article","isPartOf":{"@id":"https:\/\/afogadosfm.com.br\/afogadosfm\/2025\/01\/07\/secretaria-de-agricultura-em-afogados-debateu-com-comunidades-sobre-aracao-de-terras-no-municipio\/"},"author":{"name":"afogadosfm","@id":"https:\/\/afogadosfm.com.br\/afogadosfm\/#\/schema\/person\/60e56f2cf5dc960fc093fe093d9e9057"},"headline":"Secretaria de Agricultura em Afogados debateu com comunidades sobre ara\u00e7\u00e3o de terras no munic\u00edpio","datePublished":"2025-01-07T15:33:38+00:00","dateModified":"2025-01-07T15:33:41+00:00","mainEntityOfPage":{"@id":"https:\/\/afogadosfm.com.br\/afogadosfm\/2025\/01\/07\/secretaria-de-agricultura-em-afogados-debateu-com-comunidades-sobre-aracao-de-terras-no-municipio\/"},"wordCount":273,"commentCount":0,"publisher":{"@id":"https:\/\/afogadosfm.com.br\/afogadosfm\/#organization"},"image":{"@id":"https:\/\/afogadosfm.com.br\/afogadosfm\/2025\/01\/07\/secretaria-de-agricultura-em-afogados-debateu-com-comunidades-sobre-aracao-de-terras-no-municipio\/#primaryimage"},"thumbnailUrl":"https:\/\/i0.wp.com\/afogadosfm.com.br\/afogadosfm\/wp-content\/uploads\/2025\/01\/f060fb5d-e477-4d27-abb7-305d820a555d-1.jpeg?fit=1600%2C1200&ssl=1","articleSection":["Afogados da Ingazeira"],"inLanguage":"pt-BR","potentialAction":[{"@type":"CommentAction","name":"Comment","target":["https:\/\/afogadosfm.com.br\/afogadosfm\/2025\/01\/07\/secretaria-de-agricultura-em-afogados-debateu-com-comunidades-sobre-aracao-de-terras-no-municipio\/#respond"]}]},{"@type":"WebPage","@id":"https:\/\/afogadosfm.com.br\/afogadosfm\/2025\/01\/07\/secretaria-de-agricultura-em-afogados-debateu-com-comunidades-sobre-aracao-de-terras-no-municipio\/","url":"https:\/\/afogadosfm.com.br\/afogadosfm\/2025\/01\/07\/secretaria-de-agricultura-em-afogados-debateu-com-comunidades-sobre-aracao-de-terras-no-municipio\/","name":"Secretaria de Agricultura em Afogados debateu com comunidades sobre ara\u00e7\u00e3o de terras no munic\u00edpio - Afogados FM","isPartOf":{"@id":"https:\/\/afogadosfm.com.br\/afogadosfm\/#website"},"primaryImageOfPage":{"@id":"https:\/\/afogadosfm.com.br\/afogadosfm\/2025\/01\/07\/secretaria-de-agricultura-em-afogados-debateu-com-comunidades-sobre-aracao-de-terras-no-municipio\/#primaryimage"},"image":{"@id":"https:\/\/afogadosfm.com.br\/afogadosfm\/2025\/01\/07\/secretaria-de-agricultura-em-afogados-debateu-com-comunidades-sobre-aracao-de-terras-no-municipio\/#primaryimage"},"thumbnailUrl":"https:\/\/i0.wp.com\/afogadosfm.com.br\/afogadosfm\/wp-content\/uploads\/2025\/01\/f060fb5d-e477-4d27-abb7-305d820a555d-1.jpeg?fit=1600%2C1200&ssl=1","datePublished":"2025-01-07T15:33:38+00:00","dateModified":"2025-01-07T15:33:41+00:00","breadcrumb":{"@id":"https:\/\/afogadosfm.com.br\/afogadosfm\/2025\/01\/07\/secretaria-de-agricultura-em-afogados-debateu-com-comunidades-sobre-aracao-de-terras-no-municipio\/#breadcrumb"},"inLanguage":"pt-BR","potentialAction":[{"@type":"ReadAction","target":["https:\/\/afogadosfm.com.br\/afogadosfm\/2025\/01\/07\/secretaria-de-agricultura-em-afogados-debateu-com-comunidades-sobre-aracao-de-terras-no-municipio\/"]}]},{"@type":"ImageObject","inLanguage":"pt-BR","@id":"https:\/\/afogadosfm.com.br\/afogadosfm\/2025\/01\/07\/secretaria-de-agricultura-em-afogados-debateu-com-comunidades-sobre-aracao-de-terras-no-municipio\/#primaryimage","url":"https:\/\/i0.wp.com\/afogadosfm.com.br\/afogadosfm\/wp-content\/uploads\/2025\/01\/f060fb5d-e477-4d27-abb7-305d820a555d-1.jpeg?fit=1600%2C1200&ssl=1","contentUrl":"https:\/\/i0.wp.com\/afogadosfm.com.br\/afogadosfm\/wp-content\/uploads\/2025\/01\/f060fb5d-e477-4d27-abb7-305d820a555d-1.jpeg?fit=1600%2C1200&ssl=1","width":1600,"height":1200},{"@type":"BreadcrumbList","@id":"https:\/\/afogadosfm.com.br\/afogadosfm\/2025\/01\/07\/secretaria-de-agricultura-em-afogados-debateu-com-comunidades-sobre-aracao-de-terras-no-municipio\/#breadcrumb","itemListElement":[{"@type":"ListItem","position":1,"name":"In\u00edcio","item":"https:\/\/afogadosfm.com.br\/afogadosfm\/"},{"@type":"ListItem","position":2,"name":"Secretaria de Agricultura em Afogados debateu com comunidades sobre ara\u00e7\u00e3o de terras no munic\u00edpio"}]},{"@type":"WebSite","@id":"https:\/\/afogadosfm.com.br\/afogadosfm\/#website","url":"https:\/\/afogadosfm.com.br\/afogadosfm\/","name":"Afogados FM","description":"Um site completo!","publisher":{"@id":"https:\/\/afogadosfm.com.br\/afogadosfm\/#organization"},"potentialAction":[{"@type":"SearchAction","target":{"@type":"EntryPoint","urlTemplate":"https:\/\/afogadosfm.com.br\/afogadosfm\/?s={search_term_string}"},"query-input":{"@type":"PropertyValueSpecification","valueRequired":true,"valueName":"search_term_string"}}],"inLanguage":"pt-BR"},{"@type":"Organization","@id":"https:\/\/afogadosfm.com.br\/afogadosfm\/#organization","name":"Afogados FM","url":"https:\/\/afogadosfm.com.br\/afogadosfm\/","logo":{"@type":"ImageObject","inLanguage":"pt-BR","@id":"https:\/\/afogadosfm.com.br\/afogadosfm\/#\/schema\/logo\/image\/","url":"https:\/\/i0.wp.com\/afogadosfm.com.br\/afogadosfm\/wp-content\/uploads\/2020\/06\/cropped-banner-afogados-4.jpg?fit=369%2C137&ssl=1","contentUrl":"https:\/\/i0.wp.com\/afogadosfm.com.br\/afogadosfm\/wp-content\/uploads\/2020\/06\/cropped-banner-afogados-4.jpg?fit=369%2C137&ssl=1","width":369,"height":137,"caption":"Afogados FM"},"image":{"@id":"https:\/\/afogadosfm.com.br\/afogadosfm\/#\/schema\/logo\/image\/"}},{"@type":"Person","@id":"https:\/\/afogadosfm.com.br\/afogadosfm\/#\/schema\/person\/60e56f2cf5dc960fc093fe093d9e9057","name":"afogadosfm","image":{"@type":"ImageObject","inLanguage":"pt-BR","@id":"https:\/\/secure.gravatar.com\/avatar\/e0359add7ed5dc3560906d861b52c6a8cf5c1e199d3a7dd85070998f49bd4701?s=96&d=mm&r=g","url":"https:\/\/secure.gravatar.com\/avatar\/e0359add7ed5dc3560906d861b52c6a8cf5c1e199d3a7dd85070998f49bd4701?s=96&d=mm&r=g","contentUrl":"https:\/\/secure.gravatar.com\/avatar\/e0359add7ed5dc3560906d861b52c6a8cf5c1e199d3a7dd85070998f49bd4701?s=96&d=mm&r=g","caption":"afogadosfm"},"url":"https:\/\/afogadosfm.com.br\/afogadosfm\/author\/afogadosfm\/"}]}},"jetpack_publicize_connections":[],"jetpack_featured_media_url":"https:\/\/i0.wp.com\/afogadosfm.com.br\/afogadosfm\/wp-content\/uploads\/2025\/01\/f060fb5d-e477-4d27-abb7-305d820a555d-1.jpeg?fit=1600%2C1200&ssl=1","jetpack-related-posts":[],"jetpack_sharing_enabled":true,"jetpack_likes_enabled":true,"_links":{"self":[{"href":"https:\/\/afogadosfm.com.br\/afogadosfm\/wp-json\/wp\/v2\/posts\/62375","targetHints":{"allow":["GET"]}}],"collection":[{"href":"https:\/\/afogadosfm.com.br\/afogadosfm\/wp-json\/wp\/v2\/posts"}],"about":[{"href":"https:\/\/afogadosfm.com.br\/afogadosfm\/wp-json\/wp\/v2\/types\/post"}],"author":[{"embeddable":true,"href":"https:\/\/afogadosfm.com.br\/afogadosfm\/wp-json\/wp\/v2\/users\/2"}],"replies":[{"embeddable":true,"href":"https:\/\/afogadosfm.com.br\/afogadosfm\/wp-json\/wp\/v2\/comments?post=62375"}],"version-history":[{"count":1,"href":"https:\/\/afogadosfm.com.br\/afogadosfm\/wp-json\/wp\/v2\/posts\/62375\/revisions"}],"predecessor-version":[{"id":62378,"href":"https:\/\/afogadosfm.com.br\/afogadosfm\/wp-json\/wp\/v2\/posts\/62375\/revisions\/62378"}],"wp:featuredmedia":[{"embeddable":true,"href":"https:\/\/afogadosfm.com.br\/afogadosfm\/wp-json\/wp\/v2\/media\/62377"}],"wp:attachment":[{"href":"https:\/\/afogadosfm.com.br\/afogadosfm\/wp-json\/wp\/v2\/media?parent=62375"}],"wp:term":[{"taxonomy":"category","embeddable":true,"href":"https:\/\/afogadosfm.com.br\/afogadosfm\/wp-json\/wp\/v2\/categories?post=62375"},{"taxonomy":"post_tag","embeddable":true,"href":"https:\/\/afogadosfm.com.br\/afogadosfm\/wp-json\/wp\/v2\/tags?post=62375"}],"curies":[{"name":"wp","href":"https:\/\/api.w.org\/{rel}","templated":true}]}}