{"id":62382,"date":"2025-01-08T04:49:22","date_gmt":"2025-01-08T07:49:22","guid":{"rendered":"https:\/\/afogadosfm.com.br\/afogadosfm\/?p=62382"},"modified":"2025-01-08T04:49:34","modified_gmt":"2025-01-08T07:49:34","slug":"cbf-muda-regra-e-jogadores-poderao-atuar-por-mais-de-um-clube-na-copa-do-brasil-2025","status":"publish","type":"post","link":"https:\/\/afogadosfm.com.br\/afogadosfm\/2025\/01\/08\/cbf-muda-regra-e-jogadores-poderao-atuar-por-mais-de-um-clube-na-copa-do-brasil-2025\/","title":{"rendered":"CBF muda regra, e jogadores poder\u00e3o atuar por mais de um clube na Copa do Brasil 2025"},"content":{"rendered":"\n<p>Contratado no in\u00edcio de agosto pelo Atl\u00e9tico-MG, o atacante Deyverson, decisivo para levar o Galo \u00e0 final da Libertadores, n\u00e3o p\u00f4de defender o Galo na final da Copa do Brasil do ano passado, contra o Flamengo. Isso porque j\u00e1 havia atuado pelo Cuiab\u00e1 nas duas primeiras fases da competi\u00e7\u00e3o. Situa\u00e7\u00e3o que, para a edi\u00e7\u00e3o de 2025, n\u00e3o ir\u00e1 mais acontecer.<\/p>\n\n\n\n<p>Isso porque, al\u00e9m de determinar o fim da vantagem do empate aos times visitantes (melhores ranqueados) no jogo \u00fanico da primeira fase, a CBF tamb\u00e9m autorizou que um jogador atue por mais de um clube na Copa do Brasil. Por\u00e9m, h\u00e1 limites para isso.<\/p>\n\n\n\n<p>A primeira restri\u00e7\u00e3o \u00e9 que essa libera\u00e7\u00e3o s\u00f3 ser\u00e1 aplicada aos jogadores que tenham atuado pelo primeiro time apenas nas duas primeiras fases da competi\u00e7\u00e3o, como foi o caso de Deyverson no ano passado. O Cuiab\u00e1 foi eliminado na terceira fase pelo Goi\u00e1s, mas o atacante n\u00e3o entrou em campo.<\/p>\n\n\n\n<p>A CBF, por sinal, fez quest\u00e3o de frisar que, por \u201catuar\u201d, se entende apenas o ato do jogador, de fato, ter entrado em campo, seja desde o in\u00edcio, ou entrando no decorrer do jogo. Assim, um atleta que tenha atuado nas duas primeiras fases, mas que ficou no banco de reservas na terceira sem ser acionado, segue livre para defender outro clube ao longo da competi\u00e7\u00e3o.<\/p>\n\n\n\n<p>Al\u00e9m disso, um jogador s\u00f3 poder\u00e1 defender, no m\u00e1ximo, dois clubes na Copa do Brasil. Com as equipes ficando liberadas para inscrever, no m\u00e1ximo, tr\u00eas atletas que j\u00e1 tenham defendido outras equipes na competi\u00e7\u00e3o.<\/p>\n\n\n\n<p>Ao todo, 80 clubes ir\u00e3o participar da primeira fase da Copa do Brasil 2025. A divis\u00e3o dos potes da competi\u00e7\u00e3o segue o posicionamento dos clubes no Ranking Nacional de Clubes (RNC) da CBF.<\/p>\n\n\n\n<p><strong>Veja o que diz o regulamento:<\/strong><\/p>\n\n\n\n<p><strong>Art. 7\u00ba<\/strong>&nbsp;\u2013 Um atleta poder\u00e1 ser inscrito por outro Clube da COPA DO BRASIL, ap\u00f3s o in\u00edcio da competi\u00e7\u00e3o, se tiver atuado pelo Clube de origem antes do in\u00edcio da 3\u00aa Fase da competi\u00e7\u00e3o.<\/p>\n\n\n\n<ul class=\"wp-block-list\">\n<li><strong>1\u00ba<\/strong>\u00a0\u2013 Entende-se por atuar o ato do atleta entrar em campo para a disputa da partida, desde o in\u00edcio ou no decorrer da mesma.<\/li>\n\n\n\n<li><strong>2\u00ba<\/strong>\u00a0\u2013 O atleta que tenha atuado por um Clube na COPA DO BRASIL somente poder\u00e1 atuar por mais um Clube na COPA DO BRASIL.<\/li>\n\n\n\n<li><strong>3\u00ba<\/strong>\u00a0\u2013 Uma vez iniciada a COPA DO BRASIL, cada Clube poder\u00e1 inscrever at\u00e9 3 (tr\u00eas) atletas que tenham anteriormente atuado por outros Clubes antes do in\u00edcio da 3\u00aa fase da Competi\u00e7\u00e3o.<\/li>\n<\/ul>\n","protected":false},"excerpt":{"rendered":"<p>Contratado no in\u00edcio de agosto pelo Atl\u00e9tico-MG, o atacante Deyverson, decisivo para levar o Galo \u00e0 final da Libertadores, n\u00e3o<\/p>\n","protected":false},"author":2,"featured_media":62383,"comment_status":"open","ping_status":"open","sticky":false,"template":"","format":"standard","meta":{"jetpack_post_was_ever_published":false,"_jetpack_newsletter_access":"","_jetpack_dont_email_post_to_subs":false,"_jetpack_newsletter_tier_id":0,"_jetpack_memberships_contains_paywalled_content":false,"_jetpack_memberships_contains_paid_content":false,"footnotes":"","jetpack_publicize_message":"","jetpack_publicize_feature_enabled":true,"jetpack_social_post_already_shared":true,"jetpack_social_options":{"image_generator_settings":{"template":"highway","default_image_id":0,"font":"","enabled":false},"version":2}},"categories":[8],"tags":[],"class_list":["post-62382","post","type-post","status-publish","format-standard","has-post-thumbnail","hentry","category-esporte"],"yoast_head":"<!-- This site is optimized with the Yoast SEO plugin v27.5 - https:\/\/yoast.com\/product\/yoast-seo-wordpress\/ -->\n<title>CBF muda regra, e jogadores poder\u00e3o atuar por mais de um clube na Copa do Brasil 2025 - Afogados FM<\/title>\n<meta name=\"robots\" content=\"index, follow, max-snippet:-1, max-image-preview:large, max-video-preview:-1\" \/>\n<link rel=\"canonical\" href=\"https:\/\/afogadosfm.com.br\/afogadosfm\/2025\/01\/08\/cbf-muda-regra-e-jogadores-poderao-atuar-por-mais-de-um-clube-na-copa-do-brasil-2025\/\" \/>\n<meta property=\"og:locale\" content=\"pt_BR\" \/>\n<meta property=\"og:type\" content=\"article\" \/>\n<meta property=\"og:title\" content=\"CBF muda regra, e jogadores poder\u00e3o atuar por mais de um clube na Copa do Brasil 2025 - Afogados FM\" \/>\n<meta property=\"og:description\" content=\"Contratado no in\u00edcio de agosto pelo Atl\u00e9tico-MG, o atacante Deyverson, decisivo para levar o Galo \u00e0 final da Libertadores, n\u00e3o\" \/>\n<meta property=\"og:url\" content=\"https:\/\/afogadosfm.com.br\/afogadosfm\/2025\/01\/08\/cbf-muda-regra-e-jogadores-poderao-atuar-por-mais-de-um-clube-na-copa-do-brasil-2025\/\" \/>\n<meta property=\"og:site_name\" content=\"Afogados FM\" \/>\n<meta property=\"article:published_time\" content=\"2025-01-08T07:49:22+00:00\" \/>\n<meta property=\"article:modified_time\" content=\"2025-01-08T07:49:34+00:00\" \/>\n<meta name=\"author\" content=\"afogadosfm\" \/>\n<meta name=\"twitter:card\" content=\"summary_large_image\" \/>\n<meta name=\"twitter:label1\" content=\"Escrito por\" \/>\n\t<meta name=\"twitter:data1\" content=\"afogadosfm\" \/>\n\t<meta name=\"twitter:label2\" content=\"Est. tempo de leitura\" \/>\n\t<meta name=\"twitter:data2\" content=\"3 minutos\" \/>\n<script type=\"application\/ld+json\" class=\"yoast-schema-graph\">{\"@context\":\"https:\\\/\\\/schema.org\",\"@graph\":[{\"@type\":\"Article\",\"@id\":\"https:\\\/\\\/afogadosfm.com.br\\\/afogadosfm\\\/2025\\\/01\\\/08\\\/cbf-muda-regra-e-jogadores-poderao-atuar-por-mais-de-um-clube-na-copa-do-brasil-2025\\\/#article\",\"isPartOf\":{\"@id\":\"https:\\\/\\\/afogadosfm.com.br\\\/afogadosfm\\\/2025\\\/01\\\/08\\\/cbf-muda-regra-e-jogadores-poderao-atuar-por-mais-de-um-clube-na-copa-do-brasil-2025\\\/\"},\"author\":{\"name\":\"afogadosfm\",\"@id\":\"https:\\\/\\\/afogadosfm.com.br\\\/afogadosfm\\\/#\\\/schema\\\/person\\\/60e56f2cf5dc960fc093fe093d9e9057\"},\"headline\":\"CBF muda regra, e jogadores poder\u00e3o atuar por mais de um clube na Copa do Brasil 2025\",\"datePublished\":\"2025-01-08T07:49:22+00:00\",\"dateModified\":\"2025-01-08T07:49:34+00:00\",\"mainEntityOfPage\":{\"@id\":\"https:\\\/\\\/afogadosfm.com.br\\\/afogadosfm\\\/2025\\\/01\\\/08\\\/cbf-muda-regra-e-jogadores-poderao-atuar-por-mais-de-um-clube-na-copa-do-brasil-2025\\\/\"},\"wordCount\":448,\"commentCount\":0,\"publisher\":{\"@id\":\"https:\\\/\\\/afogadosfm.com.br\\\/afogadosfm\\\/#organization\"},\"image\":{\"@id\":\"https:\\\/\\\/afogadosfm.com.br\\\/afogadosfm\\\/2025\\\/01\\\/08\\\/cbf-muda-regra-e-jogadores-poderao-atuar-por-mais-de-um-clube-na-copa-do-brasil-2025\\\/#primaryimage\"},\"thumbnailUrl\":\"https:\\\/\\\/afogadosfm.com.br\\\/afogadosfm\\\/wp-content\\\/uploads\\\/2025\\\/01\\\/copadobrasil.avif\",\"articleSection\":[\"Esporte\"],\"inLanguage\":\"pt-BR\",\"potentialAction\":[{\"@type\":\"CommentAction\",\"name\":\"Comment\",\"target\":[\"https:\\\/\\\/afogadosfm.com.br\\\/afogadosfm\\\/2025\\\/01\\\/08\\\/cbf-muda-regra-e-jogadores-poderao-atuar-por-mais-de-um-clube-na-copa-do-brasil-2025\\\/#respond\"]}]},{\"@type\":\"WebPage\",\"@id\":\"https:\\\/\\\/afogadosfm.com.br\\\/afogadosfm\\\/2025\\\/01\\\/08\\\/cbf-muda-regra-e-jogadores-poderao-atuar-por-mais-de-um-clube-na-copa-do-brasil-2025\\\/\",\"url\":\"https:\\\/\\\/afogadosfm.com.br\\\/afogadosfm\\\/2025\\\/01\\\/08\\\/cbf-muda-regra-e-jogadores-poderao-atuar-por-mais-de-um-clube-na-copa-do-brasil-2025\\\/\",\"name\":\"CBF muda regra, e jogadores poder\u00e3o atuar por mais de um clube na Copa do Brasil 2025 - Afogados FM\",\"isPartOf\":{\"@id\":\"https:\\\/\\\/afogadosfm.com.br\\\/afogadosfm\\\/#website\"},\"primaryImageOfPage\":{\"@id\":\"https:\\\/\\\/afogadosfm.com.br\\\/afogadosfm\\\/2025\\\/01\\\/08\\\/cbf-muda-regra-e-jogadores-poderao-atuar-por-mais-de-um-clube-na-copa-do-brasil-2025\\\/#primaryimage\"},\"image\":{\"@id\":\"https:\\\/\\\/afogadosfm.com.br\\\/afogadosfm\\\/2025\\\/01\\\/08\\\/cbf-muda-regra-e-jogadores-poderao-atuar-por-mais-de-um-clube-na-copa-do-brasil-2025\\\/#primaryimage\"},\"thumbnailUrl\":\"https:\\\/\\\/afogadosfm.com.br\\\/afogadosfm\\\/wp-content\\\/uploads\\\/2025\\\/01\\\/copadobrasil.avif\",\"datePublished\":\"2025-01-08T07:49:22+00:00\",\"dateModified\":\"2025-01-08T07:49:34+00:00\",\"breadcrumb\":{\"@id\":\"https:\\\/\\\/afogadosfm.com.br\\\/afogadosfm\\\/2025\\\/01\\\/08\\\/cbf-muda-regra-e-jogadores-poderao-atuar-por-mais-de-um-clube-na-copa-do-brasil-2025\\\/#breadcrumb\"},\"inLanguage\":\"pt-BR\",\"potentialAction\":[{\"@type\":\"ReadAction\",\"target\":[\"https:\\\/\\\/afogadosfm.com.br\\\/afogadosfm\\\/2025\\\/01\\\/08\\\/cbf-muda-regra-e-jogadores-poderao-atuar-por-mais-de-um-clube-na-copa-do-brasil-2025\\\/\"]}]},{\"@type\":\"ImageObject\",\"inLanguage\":\"pt-BR\",\"@id\":\"https:\\\/\\\/afogadosfm.com.br\\\/afogadosfm\\\/2025\\\/01\\\/08\\\/cbf-muda-regra-e-jogadores-poderao-atuar-por-mais-de-um-clube-na-copa-do-brasil-2025\\\/#primaryimage\",\"url\":\"https:\\\/\\\/afogadosfm.com.br\\\/afogadosfm\\\/wp-content\\\/uploads\\\/2025\\\/01\\\/copadobrasil.avif\",\"contentUrl\":\"https:\\\/\\\/afogadosfm.com.br\\\/afogadosfm\\\/wp-content\\\/uploads\\\/2025\\\/01\\\/copadobrasil.avif\",\"width\":984,\"height\":615},{\"@type\":\"BreadcrumbList\",\"@id\":\"https:\\\/\\\/afogadosfm.com.br\\\/afogadosfm\\\/2025\\\/01\\\/08\\\/cbf-muda-regra-e-jogadores-poderao-atuar-por-mais-de-um-clube-na-copa-do-brasil-2025\\\/#breadcrumb\",\"itemListElement\":[{\"@type\":\"ListItem\",\"position\":1,\"name\":\"In\u00edcio\",\"item\":\"https:\\\/\\\/afogadosfm.com.br\\\/afogadosfm\\\/\"},{\"@type\":\"ListItem\",\"position\":2,\"name\":\"CBF muda regra, e jogadores poder\u00e3o atuar por mais de um clube na Copa do Brasil 2025\"}]},{\"@type\":\"WebSite\",\"@id\":\"https:\\\/\\\/afogadosfm.com.br\\\/afogadosfm\\\/#website\",\"url\":\"https:\\\/\\\/afogadosfm.com.br\\\/afogadosfm\\\/\",\"name\":\"Afogados FM\",\"description\":\"Um site completo!\",\"publisher\":{\"@id\":\"https:\\\/\\\/afogadosfm.com.br\\\/afogadosfm\\\/#organization\"},\"potentialAction\":[{\"@type\":\"SearchAction\",\"target\":{\"@type\":\"EntryPoint\",\"urlTemplate\":\"https:\\\/\\\/afogadosfm.com.br\\\/afogadosfm\\\/?s={search_term_string}\"},\"query-input\":{\"@type\":\"PropertyValueSpecification\",\"valueRequired\":true,\"valueName\":\"search_term_string\"}}],\"inLanguage\":\"pt-BR\"},{\"@type\":\"Organization\",\"@id\":\"https:\\\/\\\/afogadosfm.com.br\\\/afogadosfm\\\/#organization\",\"name\":\"Afogados FM\",\"url\":\"https:\\\/\\\/afogadosfm.com.br\\\/afogadosfm\\\/\",\"logo\":{\"@type\":\"ImageObject\",\"inLanguage\":\"pt-BR\",\"@id\":\"https:\\\/\\\/afogadosfm.com.br\\\/afogadosfm\\\/#\\\/schema\\\/logo\\\/image\\\/\",\"url\":\"https:\\\/\\\/i0.wp.com\\\/afogadosfm.com.br\\\/afogadosfm\\\/wp-content\\\/uploads\\\/2020\\\/06\\\/cropped-banner-afogados-4.jpg?fit=369%2C137&ssl=1\",\"contentUrl\":\"https:\\\/\\\/i0.wp.com\\\/afogadosfm.com.br\\\/afogadosfm\\\/wp-content\\\/uploads\\\/2020\\\/06\\\/cropped-banner-afogados-4.jpg?fit=369%2C137&ssl=1\",\"width\":369,\"height\":137,\"caption\":\"Afogados FM\"},\"image\":{\"@id\":\"https:\\\/\\\/afogadosfm.com.br\\\/afogadosfm\\\/#\\\/schema\\\/logo\\\/image\\\/\"}},{\"@type\":\"Person\",\"@id\":\"https:\\\/\\\/afogadosfm.com.br\\\/afogadosfm\\\/#\\\/schema\\\/person\\\/60e56f2cf5dc960fc093fe093d9e9057\",\"name\":\"afogadosfm\",\"image\":{\"@type\":\"ImageObject\",\"inLanguage\":\"pt-BR\",\"@id\":\"https:\\\/\\\/secure.gravatar.com\\\/avatar\\\/e0359add7ed5dc3560906d861b52c6a8cf5c1e199d3a7dd85070998f49bd4701?s=96&d=mm&r=g\",\"url\":\"https:\\\/\\\/secure.gravatar.com\\\/avatar\\\/e0359add7ed5dc3560906d861b52c6a8cf5c1e199d3a7dd85070998f49bd4701?s=96&d=mm&r=g\",\"contentUrl\":\"https:\\\/\\\/secure.gravatar.com\\\/avatar\\\/e0359add7ed5dc3560906d861b52c6a8cf5c1e199d3a7dd85070998f49bd4701?s=96&d=mm&r=g\",\"caption\":\"afogadosfm\"},\"url\":\"https:\\\/\\\/afogadosfm.com.br\\\/afogadosfm\\\/author\\\/afogadosfm\\\/\"}]}<\/script>\n<!-- \/ Yoast SEO plugin. -->","yoast_head_json":{"title":"CBF muda regra, e jogadores poder\u00e3o atuar por mais de um clube na Copa do Brasil 2025 - Afogados FM","robots":{"index":"index","follow":"follow","max-snippet":"max-snippet:-1","max-image-preview":"max-image-preview:large","max-video-preview":"max-video-preview:-1"},"canonical":"https:\/\/afogadosfm.com.br\/afogadosfm\/2025\/01\/08\/cbf-muda-regra-e-jogadores-poderao-atuar-por-mais-de-um-clube-na-copa-do-brasil-2025\/","og_locale":"pt_BR","og_type":"article","og_title":"CBF muda regra, e jogadores poder\u00e3o atuar por mais de um clube na Copa do Brasil 2025 - Afogados FM","og_description":"Contratado no in\u00edcio de agosto pelo Atl\u00e9tico-MG, o atacante Deyverson, decisivo para levar o Galo \u00e0 final da Libertadores, n\u00e3o","og_url":"https:\/\/afogadosfm.com.br\/afogadosfm\/2025\/01\/08\/cbf-muda-regra-e-jogadores-poderao-atuar-por-mais-de-um-clube-na-copa-do-brasil-2025\/","og_site_name":"Afogados FM","article_published_time":"2025-01-08T07:49:22+00:00","article_modified_time":"2025-01-08T07:49:34+00:00","author":"afogadosfm","twitter_card":"summary_large_image","twitter_misc":{"Escrito por":"afogadosfm","Est. tempo de leitura":"3 minutos"},"schema":{"@context":"https:\/\/schema.org","@graph":[{"@type":"Article","@id":"https:\/\/afogadosfm.com.br\/afogadosfm\/2025\/01\/08\/cbf-muda-regra-e-jogadores-poderao-atuar-por-mais-de-um-clube-na-copa-do-brasil-2025\/#article","isPartOf":{"@id":"https:\/\/afogadosfm.com.br\/afogadosfm\/2025\/01\/08\/cbf-muda-regra-e-jogadores-poderao-atuar-por-mais-de-um-clube-na-copa-do-brasil-2025\/"},"author":{"name":"afogadosfm","@id":"https:\/\/afogadosfm.com.br\/afogadosfm\/#\/schema\/person\/60e56f2cf5dc960fc093fe093d9e9057"},"headline":"CBF muda regra, e jogadores poder\u00e3o atuar por mais de um clube na Copa do Brasil 2025","datePublished":"2025-01-08T07:49:22+00:00","dateModified":"2025-01-08T07:49:34+00:00","mainEntityOfPage":{"@id":"https:\/\/afogadosfm.com.br\/afogadosfm\/2025\/01\/08\/cbf-muda-regra-e-jogadores-poderao-atuar-por-mais-de-um-clube-na-copa-do-brasil-2025\/"},"wordCount":448,"commentCount":0,"publisher":{"@id":"https:\/\/afogadosfm.com.br\/afogadosfm\/#organization"},"image":{"@id":"https:\/\/afogadosfm.com.br\/afogadosfm\/2025\/01\/08\/cbf-muda-regra-e-jogadores-poderao-atuar-por-mais-de-um-clube-na-copa-do-brasil-2025\/#primaryimage"},"thumbnailUrl":"https:\/\/afogadosfm.com.br\/afogadosfm\/wp-content\/uploads\/2025\/01\/copadobrasil.avif","articleSection":["Esporte"],"inLanguage":"pt-BR","potentialAction":[{"@type":"CommentAction","name":"Comment","target":["https:\/\/afogadosfm.com.br\/afogadosfm\/2025\/01\/08\/cbf-muda-regra-e-jogadores-poderao-atuar-por-mais-de-um-clube-na-copa-do-brasil-2025\/#respond"]}]},{"@type":"WebPage","@id":"https:\/\/afogadosfm.com.br\/afogadosfm\/2025\/01\/08\/cbf-muda-regra-e-jogadores-poderao-atuar-por-mais-de-um-clube-na-copa-do-brasil-2025\/","url":"https:\/\/afogadosfm.com.br\/afogadosfm\/2025\/01\/08\/cbf-muda-regra-e-jogadores-poderao-atuar-por-mais-de-um-clube-na-copa-do-brasil-2025\/","name":"CBF muda regra, e jogadores poder\u00e3o atuar por mais de um clube na Copa do Brasil 2025 - Afogados FM","isPartOf":{"@id":"https:\/\/afogadosfm.com.br\/afogadosfm\/#website"},"primaryImageOfPage":{"@id":"https:\/\/afogadosfm.com.br\/afogadosfm\/2025\/01\/08\/cbf-muda-regra-e-jogadores-poderao-atuar-por-mais-de-um-clube-na-copa-do-brasil-2025\/#primaryimage"},"image":{"@id":"https:\/\/afogadosfm.com.br\/afogadosfm\/2025\/01\/08\/cbf-muda-regra-e-jogadores-poderao-atuar-por-mais-de-um-clube-na-copa-do-brasil-2025\/#primaryimage"},"thumbnailUrl":"https:\/\/afogadosfm.com.br\/afogadosfm\/wp-content\/uploads\/2025\/01\/copadobrasil.avif","datePublished":"2025-01-08T07:49:22+00:00","dateModified":"2025-01-08T07:49:34+00:00","breadcrumb":{"@id":"https:\/\/afogadosfm.com.br\/afogadosfm\/2025\/01\/08\/cbf-muda-regra-e-jogadores-poderao-atuar-por-mais-de-um-clube-na-copa-do-brasil-2025\/#breadcrumb"},"inLanguage":"pt-BR","potentialAction":[{"@type":"ReadAction","target":["https:\/\/afogadosfm.com.br\/afogadosfm\/2025\/01\/08\/cbf-muda-regra-e-jogadores-poderao-atuar-por-mais-de-um-clube-na-copa-do-brasil-2025\/"]}]},{"@type":"ImageObject","inLanguage":"pt-BR","@id":"https:\/\/afogadosfm.com.br\/afogadosfm\/2025\/01\/08\/cbf-muda-regra-e-jogadores-poderao-atuar-por-mais-de-um-clube-na-copa-do-brasil-2025\/#primaryimage","url":"https:\/\/afogadosfm.com.br\/afogadosfm\/wp-content\/uploads\/2025\/01\/copadobrasil.avif","contentUrl":"https:\/\/afogadosfm.com.br\/afogadosfm\/wp-content\/uploads\/2025\/01\/copadobrasil.avif","width":984,"height":615},{"@type":"BreadcrumbList","@id":"https:\/\/afogadosfm.com.br\/afogadosfm\/2025\/01\/08\/cbf-muda-regra-e-jogadores-poderao-atuar-por-mais-de-um-clube-na-copa-do-brasil-2025\/#breadcrumb","itemListElement":[{"@type":"ListItem","position":1,"name":"In\u00edcio","item":"https:\/\/afogadosfm.com.br\/afogadosfm\/"},{"@type":"ListItem","position":2,"name":"CBF muda regra, e jogadores poder\u00e3o atuar por mais de um clube na Copa do Brasil 2025"}]},{"@type":"WebSite","@id":"https:\/\/afogadosfm.com.br\/afogadosfm\/#website","url":"https:\/\/afogadosfm.com.br\/afogadosfm\/","name":"Afogados FM","description":"Um site completo!","publisher":{"@id":"https:\/\/afogadosfm.com.br\/afogadosfm\/#organization"},"potentialAction":[{"@type":"SearchAction","target":{"@type":"EntryPoint","urlTemplate":"https:\/\/afogadosfm.com.br\/afogadosfm\/?s={search_term_string}"},"query-input":{"@type":"PropertyValueSpecification","valueRequired":true,"valueName":"search_term_string"}}],"inLanguage":"pt-BR"},{"@type":"Organization","@id":"https:\/\/afogadosfm.com.br\/afogadosfm\/#organization","name":"Afogados FM","url":"https:\/\/afogadosfm.com.br\/afogadosfm\/","logo":{"@type":"ImageObject","inLanguage":"pt-BR","@id":"https:\/\/afogadosfm.com.br\/afogadosfm\/#\/schema\/logo\/image\/","url":"https:\/\/i0.wp.com\/afogadosfm.com.br\/afogadosfm\/wp-content\/uploads\/2020\/06\/cropped-banner-afogados-4.jpg?fit=369%2C137&ssl=1","contentUrl":"https:\/\/i0.wp.com\/afogadosfm.com.br\/afogadosfm\/wp-content\/uploads\/2020\/06\/cropped-banner-afogados-4.jpg?fit=369%2C137&ssl=1","width":369,"height":137,"caption":"Afogados FM"},"image":{"@id":"https:\/\/afogadosfm.com.br\/afogadosfm\/#\/schema\/logo\/image\/"}},{"@type":"Person","@id":"https:\/\/afogadosfm.com.br\/afogadosfm\/#\/schema\/person\/60e56f2cf5dc960fc093fe093d9e9057","name":"afogadosfm","image":{"@type":"ImageObject","inLanguage":"pt-BR","@id":"https:\/\/secure.gravatar.com\/avatar\/e0359add7ed5dc3560906d861b52c6a8cf5c1e199d3a7dd85070998f49bd4701?s=96&d=mm&r=g","url":"https:\/\/secure.gravatar.com\/avatar\/e0359add7ed5dc3560906d861b52c6a8cf5c1e199d3a7dd85070998f49bd4701?s=96&d=mm&r=g","contentUrl":"https:\/\/secure.gravatar.com\/avatar\/e0359add7ed5dc3560906d861b52c6a8cf5c1e199d3a7dd85070998f49bd4701?s=96&d=mm&r=g","caption":"afogadosfm"},"url":"https:\/\/afogadosfm.com.br\/afogadosfm\/author\/afogadosfm\/"}]}},"jetpack_publicize_connections":[],"jetpack_featured_media_url":"https:\/\/afogadosfm.com.br\/afogadosfm\/wp-content\/uploads\/2025\/01\/copadobrasil.avif","jetpack-related-posts":[],"jetpack_sharing_enabled":true,"jetpack_likes_enabled":true,"_links":{"self":[{"href":"https:\/\/afogadosfm.com.br\/afogadosfm\/wp-json\/wp\/v2\/posts\/62382","targetHints":{"allow":["GET"]}}],"collection":[{"href":"https:\/\/afogadosfm.com.br\/afogadosfm\/wp-json\/wp\/v2\/posts"}],"about":[{"href":"https:\/\/afogadosfm.com.br\/afogadosfm\/wp-json\/wp\/v2\/types\/post"}],"author":[{"embeddable":true,"href":"https:\/\/afogadosfm.com.br\/afogadosfm\/wp-json\/wp\/v2\/users\/2"}],"replies":[{"embeddable":true,"href":"https:\/\/afogadosfm.com.br\/afogadosfm\/wp-json\/wp\/v2\/comments?post=62382"}],"version-history":[{"count":1,"href":"https:\/\/afogadosfm.com.br\/afogadosfm\/wp-json\/wp\/v2\/posts\/62382\/revisions"}],"predecessor-version":[{"id":62384,"href":"https:\/\/afogadosfm.com.br\/afogadosfm\/wp-json\/wp\/v2\/posts\/62382\/revisions\/62384"}],"wp:featuredmedia":[{"embeddable":true,"href":"https:\/\/afogadosfm.com.br\/afogadosfm\/wp-json\/wp\/v2\/media\/62383"}],"wp:attachment":[{"href":"https:\/\/afogadosfm.com.br\/afogadosfm\/wp-json\/wp\/v2\/media?parent=62382"}],"wp:term":[{"taxonomy":"category","embeddable":true,"href":"https:\/\/afogadosfm.com.br\/afogadosfm\/wp-json\/wp\/v2\/categories?post=62382"},{"taxonomy":"post_tag","embeddable":true,"href":"https:\/\/afogadosfm.com.br\/afogadosfm\/wp-json\/wp\/v2\/tags?post=62382"}],"curies":[{"name":"wp","href":"https:\/\/api.w.org\/{rel}","templated":true}]}}