{"id":62392,"date":"2025-01-08T04:58:55","date_gmt":"2025-01-08T07:58:55","guid":{"rendered":"https:\/\/afogadosfm.com.br\/afogadosfm\/?p=62392"},"modified":"2025-01-08T04:59:02","modified_gmt":"2025-01-08T07:59:02","slug":"brasil-tera-chuva-intensa-em-varias-regioes-saiba-onde","status":"publish","type":"post","link":"https:\/\/afogadosfm.com.br\/afogadosfm\/2025\/01\/08\/brasil-tera-chuva-intensa-em-varias-regioes-saiba-onde\/","title":{"rendered":"\u00a0Brasil ter\u00e1 chuva intensa em v\u00e1rias regi\u00f5es. Saiba onde"},"content":{"rendered":"\n<p>A segunda semana do ano promete ser chuvosa em boa parte do pa\u00eds. A previs\u00e3o do tempo do&nbsp;Instituto Nacional de Meteorologia&nbsp;(Inmet) indica que uma faixa que vai do sudeste do Amazonas, Regi\u00e3o Centro-Oeste e Sudeste deve registrar at\u00e9 a pr\u00f3xima segunda-feira (13\/1) volumes de chuva que podem ultrapassar os 80 mm.<\/p>\n\n\n\n<p>Todavia, em Roraima, e em grande parte do leste da regi\u00e3o Nordeste e Sul do Brasil, as chuvas dever\u00e3o ficar abaixo de 20 mm.<\/p>\n\n\n\n<p>A previs\u00e3o do Inmet \u00e9 para per\u00edodo de 6 a 13 de janeiro.<\/p>\n\n\n\n<p>Para a regi\u00e3o Norte, a&nbsp;meteorologia&nbsp;aponta que \u00e1reas de instabilidade associadas ao calor e \u00e0 alta umidade provocar\u00e3o pancadas de chuva ao longo da semana, com acumulados acima de 30 mm em grande parte da regi\u00e3o. As fortes precipita\u00e7\u00f5es de 80 mm podem acontecer em \u00e1reas pontuais do sudeste do Amazonas, sul e leste do Par\u00e1 e Tocantins.<\/p>\n\n\n\n<p>No Centro-Oeste, a semana ser\u00e1 chuvosa em&nbsp;Goi\u00e1s&nbsp;e Mato Grosso do Sul. \u00c9 esperado acumulados acima de 80 mm em \u00e1reas do centro-leste do Mato Grosso e do Goi\u00e1s, podendo atingir 150 mm em algumas localidades. No Mato Grosso do Sul as chuvas acima de 40 mm se concentrar\u00e3o no norte do Estado, com tend\u00eancia a ficar firme no centro-leste.<\/p>\n\n\n\n<p>As chuvas no Sudeste ficar\u00e3o posicionadas na por\u00e7\u00e3o mais ao norte do estado, proporcionando chuvas com acumulados acima e 40 mm no centro-norte de Minas Gerais, Esp\u00edrito Santo e Rio de Janeiro, podendo ultrapassar 100 em algumas localidades. Em S\u00e3o Paulo e sul de Minas Gerais os acumulados de chuva ficar\u00e3o abaixo de 20 mm.<\/p>\n\n\n\n<p><strong>Tempo firme<\/strong><\/p>\n\n\n\n<p>O tempo deve ficar firme no Nordeste e Sul. A previs\u00e3o aponta que a faixa leste e norte do Nordeste, h\u00e1 possibilidade de chuvas fracas ao longo da semana, enquanto na maior parte do interior, o tempo permanecer\u00e1 quente e com baixa probabilidade de chuva.<\/p>\n\n\n\n<p>Fonte: Metr\u00f3poles<\/p>\n","protected":false},"excerpt":{"rendered":"<p>A segunda semana do ano promete ser chuvosa em boa parte do pa\u00eds. A previs\u00e3o do tempo do&nbsp;Instituto Nacional de<\/p>\n","protected":false},"author":2,"featured_media":8877,"comment_status":"open","ping_status":"open","sticky":false,"template":"","format":"standard","meta":{"jetpack_post_was_ever_published":false,"_jetpack_newsletter_access":"","_jetpack_dont_email_post_to_subs":false,"_jetpack_newsletter_tier_id":0,"_jetpack_memberships_contains_paywalled_content":false,"_jetpack_memberships_contains_paid_content":false,"footnotes":"","jetpack_publicize_message":"","jetpack_publicize_feature_enabled":true,"jetpack_social_post_already_shared":true,"jetpack_social_options":{"image_generator_settings":{"template":"highway","default_image_id":0,"font":"","enabled":false},"version":2}},"categories":[12],"tags":[],"class_list":["post-62392","post","type-post","status-publish","format-standard","has-post-thumbnail","hentry","category-brasil"],"yoast_head":"<!-- This site is optimized with the Yoast SEO plugin v27.5 - https:\/\/yoast.com\/product\/yoast-seo-wordpress\/ -->\n<title>\u00a0Brasil ter\u00e1 chuva intensa em v\u00e1rias regi\u00f5es. Saiba onde - Afogados FM<\/title>\n<meta name=\"robots\" content=\"index, follow, max-snippet:-1, max-image-preview:large, max-video-preview:-1\" \/>\n<link rel=\"canonical\" href=\"https:\/\/afogadosfm.com.br\/afogadosfm\/2025\/01\/08\/brasil-tera-chuva-intensa-em-varias-regioes-saiba-onde\/\" \/>\n<meta property=\"og:locale\" content=\"pt_BR\" \/>\n<meta property=\"og:type\" content=\"article\" \/>\n<meta property=\"og:title\" content=\"\u00a0Brasil ter\u00e1 chuva intensa em v\u00e1rias regi\u00f5es. Saiba onde - Afogados FM\" \/>\n<meta property=\"og:description\" content=\"A segunda semana do ano promete ser chuvosa em boa parte do pa\u00eds. A previs\u00e3o do tempo do&nbsp;Instituto Nacional de\" \/>\n<meta property=\"og:url\" content=\"https:\/\/afogadosfm.com.br\/afogadosfm\/2025\/01\/08\/brasil-tera-chuva-intensa-em-varias-regioes-saiba-onde\/\" \/>\n<meta property=\"og:site_name\" content=\"Afogados FM\" \/>\n<meta property=\"article:published_time\" content=\"2025-01-08T07:58:55+00:00\" \/>\n<meta property=\"article:modified_time\" content=\"2025-01-08T07:59:02+00:00\" \/>\n<meta property=\"og:image\" content=\"https:\/\/afogadosfm.com.br\/afogadosfm\/wp-content\/uploads\/2019\/02\/chuva.jpg\" \/>\n\t<meta property=\"og:image:width\" content=\"269\" \/>\n\t<meta property=\"og:image:height\" content=\"178\" \/>\n\t<meta property=\"og:image:type\" content=\"image\/jpeg\" \/>\n<meta name=\"author\" content=\"afogadosfm\" \/>\n<meta name=\"twitter:card\" content=\"summary_large_image\" \/>\n<meta name=\"twitter:label1\" content=\"Escrito por\" \/>\n\t<meta name=\"twitter:data1\" content=\"afogadosfm\" \/>\n\t<meta name=\"twitter:label2\" content=\"Est. tempo de leitura\" \/>\n\t<meta name=\"twitter:data2\" content=\"2 minutos\" \/>\n<script type=\"application\/ld+json\" class=\"yoast-schema-graph\">{\"@context\":\"https:\\\/\\\/schema.org\",\"@graph\":[{\"@type\":\"Article\",\"@id\":\"https:\\\/\\\/afogadosfm.com.br\\\/afogadosfm\\\/2025\\\/01\\\/08\\\/brasil-tera-chuva-intensa-em-varias-regioes-saiba-onde\\\/#article\",\"isPartOf\":{\"@id\":\"https:\\\/\\\/afogadosfm.com.br\\\/afogadosfm\\\/2025\\\/01\\\/08\\\/brasil-tera-chuva-intensa-em-varias-regioes-saiba-onde\\\/\"},\"author\":{\"name\":\"afogadosfm\",\"@id\":\"https:\\\/\\\/afogadosfm.com.br\\\/afogadosfm\\\/#\\\/schema\\\/person\\\/60e56f2cf5dc960fc093fe093d9e9057\"},\"headline\":\"\u00a0Brasil ter\u00e1 chuva intensa em v\u00e1rias regi\u00f5es. Saiba onde\",\"datePublished\":\"2025-01-08T07:58:55+00:00\",\"dateModified\":\"2025-01-08T07:59:02+00:00\",\"mainEntityOfPage\":{\"@id\":\"https:\\\/\\\/afogadosfm.com.br\\\/afogadosfm\\\/2025\\\/01\\\/08\\\/brasil-tera-chuva-intensa-em-varias-regioes-saiba-onde\\\/\"},\"wordCount\":338,\"commentCount\":0,\"publisher\":{\"@id\":\"https:\\\/\\\/afogadosfm.com.br\\\/afogadosfm\\\/#organization\"},\"image\":{\"@id\":\"https:\\\/\\\/afogadosfm.com.br\\\/afogadosfm\\\/2025\\\/01\\\/08\\\/brasil-tera-chuva-intensa-em-varias-regioes-saiba-onde\\\/#primaryimage\"},\"thumbnailUrl\":\"https:\\\/\\\/i0.wp.com\\\/afogadosfm.com.br\\\/afogadosfm\\\/wp-content\\\/uploads\\\/2019\\\/02\\\/chuva.jpg?fit=269%2C178&ssl=1\",\"articleSection\":[\"Brasil\"],\"inLanguage\":\"pt-BR\",\"potentialAction\":[{\"@type\":\"CommentAction\",\"name\":\"Comment\",\"target\":[\"https:\\\/\\\/afogadosfm.com.br\\\/afogadosfm\\\/2025\\\/01\\\/08\\\/brasil-tera-chuva-intensa-em-varias-regioes-saiba-onde\\\/#respond\"]}]},{\"@type\":\"WebPage\",\"@id\":\"https:\\\/\\\/afogadosfm.com.br\\\/afogadosfm\\\/2025\\\/01\\\/08\\\/brasil-tera-chuva-intensa-em-varias-regioes-saiba-onde\\\/\",\"url\":\"https:\\\/\\\/afogadosfm.com.br\\\/afogadosfm\\\/2025\\\/01\\\/08\\\/brasil-tera-chuva-intensa-em-varias-regioes-saiba-onde\\\/\",\"name\":\"\u00a0Brasil ter\u00e1 chuva intensa em v\u00e1rias regi\u00f5es. Saiba onde - Afogados FM\",\"isPartOf\":{\"@id\":\"https:\\\/\\\/afogadosfm.com.br\\\/afogadosfm\\\/#website\"},\"primaryImageOfPage\":{\"@id\":\"https:\\\/\\\/afogadosfm.com.br\\\/afogadosfm\\\/2025\\\/01\\\/08\\\/brasil-tera-chuva-intensa-em-varias-regioes-saiba-onde\\\/#primaryimage\"},\"image\":{\"@id\":\"https:\\\/\\\/afogadosfm.com.br\\\/afogadosfm\\\/2025\\\/01\\\/08\\\/brasil-tera-chuva-intensa-em-varias-regioes-saiba-onde\\\/#primaryimage\"},\"thumbnailUrl\":\"https:\\\/\\\/i0.wp.com\\\/afogadosfm.com.br\\\/afogadosfm\\\/wp-content\\\/uploads\\\/2019\\\/02\\\/chuva.jpg?fit=269%2C178&ssl=1\",\"datePublished\":\"2025-01-08T07:58:55+00:00\",\"dateModified\":\"2025-01-08T07:59:02+00:00\",\"breadcrumb\":{\"@id\":\"https:\\\/\\\/afogadosfm.com.br\\\/afogadosfm\\\/2025\\\/01\\\/08\\\/brasil-tera-chuva-intensa-em-varias-regioes-saiba-onde\\\/#breadcrumb\"},\"inLanguage\":\"pt-BR\",\"potentialAction\":[{\"@type\":\"ReadAction\",\"target\":[\"https:\\\/\\\/afogadosfm.com.br\\\/afogadosfm\\\/2025\\\/01\\\/08\\\/brasil-tera-chuva-intensa-em-varias-regioes-saiba-onde\\\/\"]}]},{\"@type\":\"ImageObject\",\"inLanguage\":\"pt-BR\",\"@id\":\"https:\\\/\\\/afogadosfm.com.br\\\/afogadosfm\\\/2025\\\/01\\\/08\\\/brasil-tera-chuva-intensa-em-varias-regioes-saiba-onde\\\/#primaryimage\",\"url\":\"https:\\\/\\\/i0.wp.com\\\/afogadosfm.com.br\\\/afogadosfm\\\/wp-content\\\/uploads\\\/2019\\\/02\\\/chuva.jpg?fit=269%2C178&ssl=1\",\"contentUrl\":\"https:\\\/\\\/i0.wp.com\\\/afogadosfm.com.br\\\/afogadosfm\\\/wp-content\\\/uploads\\\/2019\\\/02\\\/chuva.jpg?fit=269%2C178&ssl=1\",\"width\":269,\"height\":178},{\"@type\":\"BreadcrumbList\",\"@id\":\"https:\\\/\\\/afogadosfm.com.br\\\/afogadosfm\\\/2025\\\/01\\\/08\\\/brasil-tera-chuva-intensa-em-varias-regioes-saiba-onde\\\/#breadcrumb\",\"itemListElement\":[{\"@type\":\"ListItem\",\"position\":1,\"name\":\"In\u00edcio\",\"item\":\"https:\\\/\\\/afogadosfm.com.br\\\/afogadosfm\\\/\"},{\"@type\":\"ListItem\",\"position\":2,\"name\":\"\u00a0Brasil ter\u00e1 chuva intensa em v\u00e1rias regi\u00f5es. Saiba onde\"}]},{\"@type\":\"WebSite\",\"@id\":\"https:\\\/\\\/afogadosfm.com.br\\\/afogadosfm\\\/#website\",\"url\":\"https:\\\/\\\/afogadosfm.com.br\\\/afogadosfm\\\/\",\"name\":\"Afogados FM\",\"description\":\"Um site completo!\",\"publisher\":{\"@id\":\"https:\\\/\\\/afogadosfm.com.br\\\/afogadosfm\\\/#organization\"},\"potentialAction\":[{\"@type\":\"SearchAction\",\"target\":{\"@type\":\"EntryPoint\",\"urlTemplate\":\"https:\\\/\\\/afogadosfm.com.br\\\/afogadosfm\\\/?s={search_term_string}\"},\"query-input\":{\"@type\":\"PropertyValueSpecification\",\"valueRequired\":true,\"valueName\":\"search_term_string\"}}],\"inLanguage\":\"pt-BR\"},{\"@type\":\"Organization\",\"@id\":\"https:\\\/\\\/afogadosfm.com.br\\\/afogadosfm\\\/#organization\",\"name\":\"Afogados FM\",\"url\":\"https:\\\/\\\/afogadosfm.com.br\\\/afogadosfm\\\/\",\"logo\":{\"@type\":\"ImageObject\",\"inLanguage\":\"pt-BR\",\"@id\":\"https:\\\/\\\/afogadosfm.com.br\\\/afogadosfm\\\/#\\\/schema\\\/logo\\\/image\\\/\",\"url\":\"https:\\\/\\\/i0.wp.com\\\/afogadosfm.com.br\\\/afogadosfm\\\/wp-content\\\/uploads\\\/2020\\\/06\\\/cropped-banner-afogados-4.jpg?fit=369%2C137&ssl=1\",\"contentUrl\":\"https:\\\/\\\/i0.wp.com\\\/afogadosfm.com.br\\\/afogadosfm\\\/wp-content\\\/uploads\\\/2020\\\/06\\\/cropped-banner-afogados-4.jpg?fit=369%2C137&ssl=1\",\"width\":369,\"height\":137,\"caption\":\"Afogados FM\"},\"image\":{\"@id\":\"https:\\\/\\\/afogadosfm.com.br\\\/afogadosfm\\\/#\\\/schema\\\/logo\\\/image\\\/\"}},{\"@type\":\"Person\",\"@id\":\"https:\\\/\\\/afogadosfm.com.br\\\/afogadosfm\\\/#\\\/schema\\\/person\\\/60e56f2cf5dc960fc093fe093d9e9057\",\"name\":\"afogadosfm\",\"image\":{\"@type\":\"ImageObject\",\"inLanguage\":\"pt-BR\",\"@id\":\"https:\\\/\\\/secure.gravatar.com\\\/avatar\\\/e0359add7ed5dc3560906d861b52c6a8cf5c1e199d3a7dd85070998f49bd4701?s=96&d=mm&r=g\",\"url\":\"https:\\\/\\\/secure.gravatar.com\\\/avatar\\\/e0359add7ed5dc3560906d861b52c6a8cf5c1e199d3a7dd85070998f49bd4701?s=96&d=mm&r=g\",\"contentUrl\":\"https:\\\/\\\/secure.gravatar.com\\\/avatar\\\/e0359add7ed5dc3560906d861b52c6a8cf5c1e199d3a7dd85070998f49bd4701?s=96&d=mm&r=g\",\"caption\":\"afogadosfm\"},\"url\":\"https:\\\/\\\/afogadosfm.com.br\\\/afogadosfm\\\/author\\\/afogadosfm\\\/\"}]}<\/script>\n<!-- \/ Yoast SEO plugin. -->","yoast_head_json":{"title":"\u00a0Brasil ter\u00e1 chuva intensa em v\u00e1rias regi\u00f5es. Saiba onde - Afogados FM","robots":{"index":"index","follow":"follow","max-snippet":"max-snippet:-1","max-image-preview":"max-image-preview:large","max-video-preview":"max-video-preview:-1"},"canonical":"https:\/\/afogadosfm.com.br\/afogadosfm\/2025\/01\/08\/brasil-tera-chuva-intensa-em-varias-regioes-saiba-onde\/","og_locale":"pt_BR","og_type":"article","og_title":"\u00a0Brasil ter\u00e1 chuva intensa em v\u00e1rias regi\u00f5es. Saiba onde - Afogados FM","og_description":"A segunda semana do ano promete ser chuvosa em boa parte do pa\u00eds. A previs\u00e3o do tempo do&nbsp;Instituto Nacional de","og_url":"https:\/\/afogadosfm.com.br\/afogadosfm\/2025\/01\/08\/brasil-tera-chuva-intensa-em-varias-regioes-saiba-onde\/","og_site_name":"Afogados FM","article_published_time":"2025-01-08T07:58:55+00:00","article_modified_time":"2025-01-08T07:59:02+00:00","og_image":[{"width":269,"height":178,"url":"https:\/\/afogadosfm.com.br\/afogadosfm\/wp-content\/uploads\/2019\/02\/chuva.jpg","type":"image\/jpeg"}],"author":"afogadosfm","twitter_card":"summary_large_image","twitter_misc":{"Escrito por":"afogadosfm","Est. tempo de leitura":"2 minutos"},"schema":{"@context":"https:\/\/schema.org","@graph":[{"@type":"Article","@id":"https:\/\/afogadosfm.com.br\/afogadosfm\/2025\/01\/08\/brasil-tera-chuva-intensa-em-varias-regioes-saiba-onde\/#article","isPartOf":{"@id":"https:\/\/afogadosfm.com.br\/afogadosfm\/2025\/01\/08\/brasil-tera-chuva-intensa-em-varias-regioes-saiba-onde\/"},"author":{"name":"afogadosfm","@id":"https:\/\/afogadosfm.com.br\/afogadosfm\/#\/schema\/person\/60e56f2cf5dc960fc093fe093d9e9057"},"headline":"\u00a0Brasil ter\u00e1 chuva intensa em v\u00e1rias regi\u00f5es. Saiba onde","datePublished":"2025-01-08T07:58:55+00:00","dateModified":"2025-01-08T07:59:02+00:00","mainEntityOfPage":{"@id":"https:\/\/afogadosfm.com.br\/afogadosfm\/2025\/01\/08\/brasil-tera-chuva-intensa-em-varias-regioes-saiba-onde\/"},"wordCount":338,"commentCount":0,"publisher":{"@id":"https:\/\/afogadosfm.com.br\/afogadosfm\/#organization"},"image":{"@id":"https:\/\/afogadosfm.com.br\/afogadosfm\/2025\/01\/08\/brasil-tera-chuva-intensa-em-varias-regioes-saiba-onde\/#primaryimage"},"thumbnailUrl":"https:\/\/i0.wp.com\/afogadosfm.com.br\/afogadosfm\/wp-content\/uploads\/2019\/02\/chuva.jpg?fit=269%2C178&ssl=1","articleSection":["Brasil"],"inLanguage":"pt-BR","potentialAction":[{"@type":"CommentAction","name":"Comment","target":["https:\/\/afogadosfm.com.br\/afogadosfm\/2025\/01\/08\/brasil-tera-chuva-intensa-em-varias-regioes-saiba-onde\/#respond"]}]},{"@type":"WebPage","@id":"https:\/\/afogadosfm.com.br\/afogadosfm\/2025\/01\/08\/brasil-tera-chuva-intensa-em-varias-regioes-saiba-onde\/","url":"https:\/\/afogadosfm.com.br\/afogadosfm\/2025\/01\/08\/brasil-tera-chuva-intensa-em-varias-regioes-saiba-onde\/","name":"\u00a0Brasil ter\u00e1 chuva intensa em v\u00e1rias regi\u00f5es. Saiba onde - Afogados FM","isPartOf":{"@id":"https:\/\/afogadosfm.com.br\/afogadosfm\/#website"},"primaryImageOfPage":{"@id":"https:\/\/afogadosfm.com.br\/afogadosfm\/2025\/01\/08\/brasil-tera-chuva-intensa-em-varias-regioes-saiba-onde\/#primaryimage"},"image":{"@id":"https:\/\/afogadosfm.com.br\/afogadosfm\/2025\/01\/08\/brasil-tera-chuva-intensa-em-varias-regioes-saiba-onde\/#primaryimage"},"thumbnailUrl":"https:\/\/i0.wp.com\/afogadosfm.com.br\/afogadosfm\/wp-content\/uploads\/2019\/02\/chuva.jpg?fit=269%2C178&ssl=1","datePublished":"2025-01-08T07:58:55+00:00","dateModified":"2025-01-08T07:59:02+00:00","breadcrumb":{"@id":"https:\/\/afogadosfm.com.br\/afogadosfm\/2025\/01\/08\/brasil-tera-chuva-intensa-em-varias-regioes-saiba-onde\/#breadcrumb"},"inLanguage":"pt-BR","potentialAction":[{"@type":"ReadAction","target":["https:\/\/afogadosfm.com.br\/afogadosfm\/2025\/01\/08\/brasil-tera-chuva-intensa-em-varias-regioes-saiba-onde\/"]}]},{"@type":"ImageObject","inLanguage":"pt-BR","@id":"https:\/\/afogadosfm.com.br\/afogadosfm\/2025\/01\/08\/brasil-tera-chuva-intensa-em-varias-regioes-saiba-onde\/#primaryimage","url":"https:\/\/i0.wp.com\/afogadosfm.com.br\/afogadosfm\/wp-content\/uploads\/2019\/02\/chuva.jpg?fit=269%2C178&ssl=1","contentUrl":"https:\/\/i0.wp.com\/afogadosfm.com.br\/afogadosfm\/wp-content\/uploads\/2019\/02\/chuva.jpg?fit=269%2C178&ssl=1","width":269,"height":178},{"@type":"BreadcrumbList","@id":"https:\/\/afogadosfm.com.br\/afogadosfm\/2025\/01\/08\/brasil-tera-chuva-intensa-em-varias-regioes-saiba-onde\/#breadcrumb","itemListElement":[{"@type":"ListItem","position":1,"name":"In\u00edcio","item":"https:\/\/afogadosfm.com.br\/afogadosfm\/"},{"@type":"ListItem","position":2,"name":"\u00a0Brasil ter\u00e1 chuva intensa em v\u00e1rias regi\u00f5es. Saiba onde"}]},{"@type":"WebSite","@id":"https:\/\/afogadosfm.com.br\/afogadosfm\/#website","url":"https:\/\/afogadosfm.com.br\/afogadosfm\/","name":"Afogados FM","description":"Um site completo!","publisher":{"@id":"https:\/\/afogadosfm.com.br\/afogadosfm\/#organization"},"potentialAction":[{"@type":"SearchAction","target":{"@type":"EntryPoint","urlTemplate":"https:\/\/afogadosfm.com.br\/afogadosfm\/?s={search_term_string}"},"query-input":{"@type":"PropertyValueSpecification","valueRequired":true,"valueName":"search_term_string"}}],"inLanguage":"pt-BR"},{"@type":"Organization","@id":"https:\/\/afogadosfm.com.br\/afogadosfm\/#organization","name":"Afogados FM","url":"https:\/\/afogadosfm.com.br\/afogadosfm\/","logo":{"@type":"ImageObject","inLanguage":"pt-BR","@id":"https:\/\/afogadosfm.com.br\/afogadosfm\/#\/schema\/logo\/image\/","url":"https:\/\/i0.wp.com\/afogadosfm.com.br\/afogadosfm\/wp-content\/uploads\/2020\/06\/cropped-banner-afogados-4.jpg?fit=369%2C137&ssl=1","contentUrl":"https:\/\/i0.wp.com\/afogadosfm.com.br\/afogadosfm\/wp-content\/uploads\/2020\/06\/cropped-banner-afogados-4.jpg?fit=369%2C137&ssl=1","width":369,"height":137,"caption":"Afogados FM"},"image":{"@id":"https:\/\/afogadosfm.com.br\/afogadosfm\/#\/schema\/logo\/image\/"}},{"@type":"Person","@id":"https:\/\/afogadosfm.com.br\/afogadosfm\/#\/schema\/person\/60e56f2cf5dc960fc093fe093d9e9057","name":"afogadosfm","image":{"@type":"ImageObject","inLanguage":"pt-BR","@id":"https:\/\/secure.gravatar.com\/avatar\/e0359add7ed5dc3560906d861b52c6a8cf5c1e199d3a7dd85070998f49bd4701?s=96&d=mm&r=g","url":"https:\/\/secure.gravatar.com\/avatar\/e0359add7ed5dc3560906d861b52c6a8cf5c1e199d3a7dd85070998f49bd4701?s=96&d=mm&r=g","contentUrl":"https:\/\/secure.gravatar.com\/avatar\/e0359add7ed5dc3560906d861b52c6a8cf5c1e199d3a7dd85070998f49bd4701?s=96&d=mm&r=g","caption":"afogadosfm"},"url":"https:\/\/afogadosfm.com.br\/afogadosfm\/author\/afogadosfm\/"}]}},"jetpack_publicize_connections":[],"jetpack_featured_media_url":"https:\/\/i0.wp.com\/afogadosfm.com.br\/afogadosfm\/wp-content\/uploads\/2019\/02\/chuva.jpg?fit=269%2C178&ssl=1","jetpack-related-posts":[],"jetpack_sharing_enabled":true,"jetpack_likes_enabled":true,"_links":{"self":[{"href":"https:\/\/afogadosfm.com.br\/afogadosfm\/wp-json\/wp\/v2\/posts\/62392","targetHints":{"allow":["GET"]}}],"collection":[{"href":"https:\/\/afogadosfm.com.br\/afogadosfm\/wp-json\/wp\/v2\/posts"}],"about":[{"href":"https:\/\/afogadosfm.com.br\/afogadosfm\/wp-json\/wp\/v2\/types\/post"}],"author":[{"embeddable":true,"href":"https:\/\/afogadosfm.com.br\/afogadosfm\/wp-json\/wp\/v2\/users\/2"}],"replies":[{"embeddable":true,"href":"https:\/\/afogadosfm.com.br\/afogadosfm\/wp-json\/wp\/v2\/comments?post=62392"}],"version-history":[{"count":1,"href":"https:\/\/afogadosfm.com.br\/afogadosfm\/wp-json\/wp\/v2\/posts\/62392\/revisions"}],"predecessor-version":[{"id":62393,"href":"https:\/\/afogadosfm.com.br\/afogadosfm\/wp-json\/wp\/v2\/posts\/62392\/revisions\/62393"}],"wp:featuredmedia":[{"embeddable":true,"href":"https:\/\/afogadosfm.com.br\/afogadosfm\/wp-json\/wp\/v2\/media\/8877"}],"wp:attachment":[{"href":"https:\/\/afogadosfm.com.br\/afogadosfm\/wp-json\/wp\/v2\/media?parent=62392"}],"wp:term":[{"taxonomy":"category","embeddable":true,"href":"https:\/\/afogadosfm.com.br\/afogadosfm\/wp-json\/wp\/v2\/categories?post=62392"},{"taxonomy":"post_tag","embeddable":true,"href":"https:\/\/afogadosfm.com.br\/afogadosfm\/wp-json\/wp\/v2\/tags?post=62392"}],"curies":[{"name":"wp","href":"https:\/\/api.w.org\/{rel}","templated":true}]}}