{"id":62396,"date":"2025-01-08T05:06:01","date_gmt":"2025-01-08T08:06:01","guid":{"rendered":"https:\/\/afogadosfm.com.br\/afogadosfm\/?p=62396"},"modified":"2025-01-08T05:06:07","modified_gmt":"2025-01-08T08:06:07","slug":"jose-paulo-cavalcanti-xavier-filho-e-escolhido-por-raquel-lyra-como-novo-procurador-geral-de-justica-do-mppe","status":"publish","type":"post","link":"https:\/\/afogadosfm.com.br\/afogadosfm\/2025\/01\/08\/jose-paulo-cavalcanti-xavier-filho-e-escolhido-por-raquel-lyra-como-novo-procurador-geral-de-justica-do-mppe\/","title":{"rendered":"Jos\u00e9 Paulo Cavalcanti Xavier Filho \u00e9 escolhido por Raquel Lyra como novo Procurador-Geral de Justi\u00e7a do MPPE"},"content":{"rendered":"\n<p>O Promotor de Justi\u00e7a Jos\u00e9 Paulo Cavalcanti Xavier Filho \u00e9 o escolhido pela governadora do Estado, Raquel Lyra, como novo Procurador-Geral de Justi\u00e7a do Minist\u00e9rio P\u00fablico de Pernambuco (MPPE). Ap\u00f3s a elei\u00e7\u00e3o entre os membros do MPPE, que ocorreu nesta ter\u00e7a-feira (7), Jos\u00e9 Paulo obteve 262 votos e foi o primeiro da lista tr\u00edplice apresentada \u00e0 governadora.<\/p>\n\n\n\n<p>\u201cRecebo com muita alegria e gratid\u00e3o o resultado da elei\u00e7\u00e3o pela classe e a decis\u00e3o da governadora do Estado pela minha nomea\u00e7\u00e3o como Procurador Geral de Justi\u00e7a de Pernambuco. Agrade\u00e7o toda a confian\u00e7a depositada por parte de todos e todas, ao mesmo tempo que ratifico meu compromisso e a responsabilidade no cumprimento dos objetivos e atribui\u00e7\u00f5es do Minist\u00e9rio P\u00fablico, especialmente no combate ao crime organizado e na defesa dos interesses sociais, sobretudo na garantia do direito \u00e0 educa\u00e7\u00e3o, sa\u00fade, habita\u00e7\u00e3o, alimenta\u00e7\u00e3o e outros t\u00e3o necess\u00e1rios\u201d, afirmou Jos\u00e9 Paulo Cavalcanti Xavier Filho.<\/p>\n\n\n\n<p>Segundo o novo PGJ escolhido para o MPPE, durante o bi\u00eanio 2025-207 ser\u00e3o fortalecidas as a\u00e7\u00f5es do Grupo de Atua\u00e7\u00e3o Especial em Combate ao Crime Organizado (GAECO) e expandidos os projetos de centros de apoio nas diversas \u00e1reas de atua\u00e7\u00e3o. \u201cPermaneceremos sempre atentos \u00e0 manuten\u00e7\u00e3o das nossas prerrogativas e vigilantes \u00e0 Constitui\u00e7\u00e3o Federal\u201d, completou.<\/p>\n\n\n\n<p>PERFIL \u2013 Natural do Recife (PE), ele tem 50 anos de idade e 25 anos de carreira no MPPE. Tomou posse em 1\u00ba de julho de 1999, quando assumiu a Promotoria de Justi\u00e7a de Ouricuri. Ao longo da carreira, tamb\u00e9m foi titular de Promotorias de Justi\u00e7a em Lagoa dos Gatos, Caruaru, Cabo de Santo Agostinho, Abreu e Lima e Recife.<\/p>\n\n\n\n<p>\u00c9 titular da 39\u00aa Promotoria de Justi\u00e7a de Defesa da Cidadania da Capital (inf\u00e2ncia e juventude) e exerceu a fun\u00e7\u00e3o de Chefe de Gabinete da Procuradoria-Geral de Justi\u00e7a desde novembro de 2022, na gest\u00e3o de Marcos Carvalho como Procurador-Geral de Justi\u00e7a. Tamb\u00e9m foi assessor da Corregedoria-Geral do MPPE , coordenador do CAO Criminal, integrante do N\u00facleo Integrado de Repress\u00e3o ao Crime Organizado (NIRCO, atual GAECO) e do Conselho Penitenci\u00e1rio.<\/p>\n","protected":false},"excerpt":{"rendered":"<p>O Promotor de Justi\u00e7a Jos\u00e9 Paulo Cavalcanti Xavier Filho \u00e9 o escolhido pela governadora do Estado, Raquel Lyra, como novo<\/p>\n","protected":false},"author":2,"featured_media":62397,"comment_status":"open","ping_status":"open","sticky":false,"template":"","format":"standard","meta":{"jetpack_post_was_ever_published":false,"_jetpack_newsletter_access":"","_jetpack_dont_email_post_to_subs":false,"_jetpack_newsletter_tier_id":0,"_jetpack_memberships_contains_paywalled_content":false,"_jetpack_memberships_contains_paid_content":false,"footnotes":"","jetpack_publicize_message":"","jetpack_publicize_feature_enabled":true,"jetpack_social_post_already_shared":true,"jetpack_social_options":{"image_generator_settings":{"template":"highway","default_image_id":0,"font":"","enabled":false},"version":2}},"categories":[13],"tags":[],"class_list":["post-62396","post","type-post","status-publish","format-standard","has-post-thumbnail","hentry","category-pernambuco"],"yoast_head":"<!-- This site is optimized with the Yoast SEO plugin v27.5 - https:\/\/yoast.com\/product\/yoast-seo-wordpress\/ -->\n<title>Jos\u00e9 Paulo Cavalcanti Xavier Filho \u00e9 escolhido por Raquel Lyra como novo Procurador-Geral de Justi\u00e7a do MPPE - Afogados FM<\/title>\n<meta name=\"robots\" content=\"index, follow, max-snippet:-1, max-image-preview:large, max-video-preview:-1\" \/>\n<link rel=\"canonical\" href=\"https:\/\/afogadosfm.com.br\/afogadosfm\/2025\/01\/08\/jose-paulo-cavalcanti-xavier-filho-e-escolhido-por-raquel-lyra-como-novo-procurador-geral-de-justica-do-mppe\/\" \/>\n<meta property=\"og:locale\" content=\"pt_BR\" \/>\n<meta property=\"og:type\" content=\"article\" \/>\n<meta property=\"og:title\" content=\"Jos\u00e9 Paulo Cavalcanti Xavier Filho \u00e9 escolhido por Raquel Lyra como novo Procurador-Geral de Justi\u00e7a do MPPE - Afogados FM\" \/>\n<meta property=\"og:description\" content=\"O Promotor de Justi\u00e7a Jos\u00e9 Paulo Cavalcanti Xavier Filho \u00e9 o escolhido pela governadora do Estado, Raquel Lyra, como novo\" \/>\n<meta property=\"og:url\" content=\"https:\/\/afogadosfm.com.br\/afogadosfm\/2025\/01\/08\/jose-paulo-cavalcanti-xavier-filho-e-escolhido-por-raquel-lyra-como-novo-procurador-geral-de-justica-do-mppe\/\" \/>\n<meta property=\"og:site_name\" content=\"Afogados FM\" \/>\n<meta property=\"article:published_time\" content=\"2025-01-08T08:06:01+00:00\" \/>\n<meta property=\"article:modified_time\" content=\"2025-01-08T08:06:07+00:00\" \/>\n<meta property=\"og:image\" content=\"https:\/\/afogadosfm.com.br\/afogadosfm\/wp-content\/uploads\/2025\/01\/mppegovernadora.jpg\" \/>\n\t<meta property=\"og:image:width\" content=\"399\" \/>\n\t<meta property=\"og:image:height\" content=\"266\" \/>\n\t<meta property=\"og:image:type\" content=\"image\/jpeg\" \/>\n<meta name=\"author\" content=\"afogadosfm\" \/>\n<meta name=\"twitter:card\" content=\"summary_large_image\" \/>\n<meta name=\"twitter:label1\" content=\"Escrito por\" \/>\n\t<meta name=\"twitter:data1\" content=\"afogadosfm\" \/>\n\t<meta name=\"twitter:label2\" content=\"Est. tempo de leitura\" \/>\n\t<meta name=\"twitter:data2\" content=\"3 minutos\" \/>\n<script type=\"application\/ld+json\" class=\"yoast-schema-graph\">{\"@context\":\"https:\\\/\\\/schema.org\",\"@graph\":[{\"@type\":\"Article\",\"@id\":\"https:\\\/\\\/afogadosfm.com.br\\\/afogadosfm\\\/2025\\\/01\\\/08\\\/jose-paulo-cavalcanti-xavier-filho-e-escolhido-por-raquel-lyra-como-novo-procurador-geral-de-justica-do-mppe\\\/#article\",\"isPartOf\":{\"@id\":\"https:\\\/\\\/afogadosfm.com.br\\\/afogadosfm\\\/2025\\\/01\\\/08\\\/jose-paulo-cavalcanti-xavier-filho-e-escolhido-por-raquel-lyra-como-novo-procurador-geral-de-justica-do-mppe\\\/\"},\"author\":{\"name\":\"afogadosfm\",\"@id\":\"https:\\\/\\\/afogadosfm.com.br\\\/afogadosfm\\\/#\\\/schema\\\/person\\\/60e56f2cf5dc960fc093fe093d9e9057\"},\"headline\":\"Jos\u00e9 Paulo Cavalcanti Xavier Filho \u00e9 escolhido por Raquel Lyra como novo Procurador-Geral de Justi\u00e7a do MPPE\",\"datePublished\":\"2025-01-08T08:06:01+00:00\",\"dateModified\":\"2025-01-08T08:06:07+00:00\",\"mainEntityOfPage\":{\"@id\":\"https:\\\/\\\/afogadosfm.com.br\\\/afogadosfm\\\/2025\\\/01\\\/08\\\/jose-paulo-cavalcanti-xavier-filho-e-escolhido-por-raquel-lyra-como-novo-procurador-geral-de-justica-do-mppe\\\/\"},\"wordCount\":376,\"commentCount\":0,\"publisher\":{\"@id\":\"https:\\\/\\\/afogadosfm.com.br\\\/afogadosfm\\\/#organization\"},\"image\":{\"@id\":\"https:\\\/\\\/afogadosfm.com.br\\\/afogadosfm\\\/2025\\\/01\\\/08\\\/jose-paulo-cavalcanti-xavier-filho-e-escolhido-por-raquel-lyra-como-novo-procurador-geral-de-justica-do-mppe\\\/#primaryimage\"},\"thumbnailUrl\":\"https:\\\/\\\/i0.wp.com\\\/afogadosfm.com.br\\\/afogadosfm\\\/wp-content\\\/uploads\\\/2025\\\/01\\\/mppegovernadora.jpg?fit=399%2C266&ssl=1\",\"articleSection\":[\"Pernambuco\"],\"inLanguage\":\"pt-BR\",\"potentialAction\":[{\"@type\":\"CommentAction\",\"name\":\"Comment\",\"target\":[\"https:\\\/\\\/afogadosfm.com.br\\\/afogadosfm\\\/2025\\\/01\\\/08\\\/jose-paulo-cavalcanti-xavier-filho-e-escolhido-por-raquel-lyra-como-novo-procurador-geral-de-justica-do-mppe\\\/#respond\"]}]},{\"@type\":\"WebPage\",\"@id\":\"https:\\\/\\\/afogadosfm.com.br\\\/afogadosfm\\\/2025\\\/01\\\/08\\\/jose-paulo-cavalcanti-xavier-filho-e-escolhido-por-raquel-lyra-como-novo-procurador-geral-de-justica-do-mppe\\\/\",\"url\":\"https:\\\/\\\/afogadosfm.com.br\\\/afogadosfm\\\/2025\\\/01\\\/08\\\/jose-paulo-cavalcanti-xavier-filho-e-escolhido-por-raquel-lyra-como-novo-procurador-geral-de-justica-do-mppe\\\/\",\"name\":\"Jos\u00e9 Paulo Cavalcanti Xavier Filho \u00e9 escolhido por Raquel Lyra como novo Procurador-Geral de Justi\u00e7a do MPPE - Afogados FM\",\"isPartOf\":{\"@id\":\"https:\\\/\\\/afogadosfm.com.br\\\/afogadosfm\\\/#website\"},\"primaryImageOfPage\":{\"@id\":\"https:\\\/\\\/afogadosfm.com.br\\\/afogadosfm\\\/2025\\\/01\\\/08\\\/jose-paulo-cavalcanti-xavier-filho-e-escolhido-por-raquel-lyra-como-novo-procurador-geral-de-justica-do-mppe\\\/#primaryimage\"},\"image\":{\"@id\":\"https:\\\/\\\/afogadosfm.com.br\\\/afogadosfm\\\/2025\\\/01\\\/08\\\/jose-paulo-cavalcanti-xavier-filho-e-escolhido-por-raquel-lyra-como-novo-procurador-geral-de-justica-do-mppe\\\/#primaryimage\"},\"thumbnailUrl\":\"https:\\\/\\\/i0.wp.com\\\/afogadosfm.com.br\\\/afogadosfm\\\/wp-content\\\/uploads\\\/2025\\\/01\\\/mppegovernadora.jpg?fit=399%2C266&ssl=1\",\"datePublished\":\"2025-01-08T08:06:01+00:00\",\"dateModified\":\"2025-01-08T08:06:07+00:00\",\"breadcrumb\":{\"@id\":\"https:\\\/\\\/afogadosfm.com.br\\\/afogadosfm\\\/2025\\\/01\\\/08\\\/jose-paulo-cavalcanti-xavier-filho-e-escolhido-por-raquel-lyra-como-novo-procurador-geral-de-justica-do-mppe\\\/#breadcrumb\"},\"inLanguage\":\"pt-BR\",\"potentialAction\":[{\"@type\":\"ReadAction\",\"target\":[\"https:\\\/\\\/afogadosfm.com.br\\\/afogadosfm\\\/2025\\\/01\\\/08\\\/jose-paulo-cavalcanti-xavier-filho-e-escolhido-por-raquel-lyra-como-novo-procurador-geral-de-justica-do-mppe\\\/\"]}]},{\"@type\":\"ImageObject\",\"inLanguage\":\"pt-BR\",\"@id\":\"https:\\\/\\\/afogadosfm.com.br\\\/afogadosfm\\\/2025\\\/01\\\/08\\\/jose-paulo-cavalcanti-xavier-filho-e-escolhido-por-raquel-lyra-como-novo-procurador-geral-de-justica-do-mppe\\\/#primaryimage\",\"url\":\"https:\\\/\\\/i0.wp.com\\\/afogadosfm.com.br\\\/afogadosfm\\\/wp-content\\\/uploads\\\/2025\\\/01\\\/mppegovernadora.jpg?fit=399%2C266&ssl=1\",\"contentUrl\":\"https:\\\/\\\/i0.wp.com\\\/afogadosfm.com.br\\\/afogadosfm\\\/wp-content\\\/uploads\\\/2025\\\/01\\\/mppegovernadora.jpg?fit=399%2C266&ssl=1\",\"width\":399,\"height\":266},{\"@type\":\"BreadcrumbList\",\"@id\":\"https:\\\/\\\/afogadosfm.com.br\\\/afogadosfm\\\/2025\\\/01\\\/08\\\/jose-paulo-cavalcanti-xavier-filho-e-escolhido-por-raquel-lyra-como-novo-procurador-geral-de-justica-do-mppe\\\/#breadcrumb\",\"itemListElement\":[{\"@type\":\"ListItem\",\"position\":1,\"name\":\"In\u00edcio\",\"item\":\"https:\\\/\\\/afogadosfm.com.br\\\/afogadosfm\\\/\"},{\"@type\":\"ListItem\",\"position\":2,\"name\":\"Jos\u00e9 Paulo Cavalcanti Xavier Filho \u00e9 escolhido por Raquel Lyra como novo Procurador-Geral de Justi\u00e7a do MPPE\"}]},{\"@type\":\"WebSite\",\"@id\":\"https:\\\/\\\/afogadosfm.com.br\\\/afogadosfm\\\/#website\",\"url\":\"https:\\\/\\\/afogadosfm.com.br\\\/afogadosfm\\\/\",\"name\":\"Afogados FM\",\"description\":\"Um site completo!\",\"publisher\":{\"@id\":\"https:\\\/\\\/afogadosfm.com.br\\\/afogadosfm\\\/#organization\"},\"potentialAction\":[{\"@type\":\"SearchAction\",\"target\":{\"@type\":\"EntryPoint\",\"urlTemplate\":\"https:\\\/\\\/afogadosfm.com.br\\\/afogadosfm\\\/?s={search_term_string}\"},\"query-input\":{\"@type\":\"PropertyValueSpecification\",\"valueRequired\":true,\"valueName\":\"search_term_string\"}}],\"inLanguage\":\"pt-BR\"},{\"@type\":\"Organization\",\"@id\":\"https:\\\/\\\/afogadosfm.com.br\\\/afogadosfm\\\/#organization\",\"name\":\"Afogados FM\",\"url\":\"https:\\\/\\\/afogadosfm.com.br\\\/afogadosfm\\\/\",\"logo\":{\"@type\":\"ImageObject\",\"inLanguage\":\"pt-BR\",\"@id\":\"https:\\\/\\\/afogadosfm.com.br\\\/afogadosfm\\\/#\\\/schema\\\/logo\\\/image\\\/\",\"url\":\"https:\\\/\\\/i0.wp.com\\\/afogadosfm.com.br\\\/afogadosfm\\\/wp-content\\\/uploads\\\/2020\\\/06\\\/cropped-banner-afogados-4.jpg?fit=369%2C137&ssl=1\",\"contentUrl\":\"https:\\\/\\\/i0.wp.com\\\/afogadosfm.com.br\\\/afogadosfm\\\/wp-content\\\/uploads\\\/2020\\\/06\\\/cropped-banner-afogados-4.jpg?fit=369%2C137&ssl=1\",\"width\":369,\"height\":137,\"caption\":\"Afogados FM\"},\"image\":{\"@id\":\"https:\\\/\\\/afogadosfm.com.br\\\/afogadosfm\\\/#\\\/schema\\\/logo\\\/image\\\/\"}},{\"@type\":\"Person\",\"@id\":\"https:\\\/\\\/afogadosfm.com.br\\\/afogadosfm\\\/#\\\/schema\\\/person\\\/60e56f2cf5dc960fc093fe093d9e9057\",\"name\":\"afogadosfm\",\"image\":{\"@type\":\"ImageObject\",\"inLanguage\":\"pt-BR\",\"@id\":\"https:\\\/\\\/secure.gravatar.com\\\/avatar\\\/e0359add7ed5dc3560906d861b52c6a8cf5c1e199d3a7dd85070998f49bd4701?s=96&d=mm&r=g\",\"url\":\"https:\\\/\\\/secure.gravatar.com\\\/avatar\\\/e0359add7ed5dc3560906d861b52c6a8cf5c1e199d3a7dd85070998f49bd4701?s=96&d=mm&r=g\",\"contentUrl\":\"https:\\\/\\\/secure.gravatar.com\\\/avatar\\\/e0359add7ed5dc3560906d861b52c6a8cf5c1e199d3a7dd85070998f49bd4701?s=96&d=mm&r=g\",\"caption\":\"afogadosfm\"},\"url\":\"https:\\\/\\\/afogadosfm.com.br\\\/afogadosfm\\\/author\\\/afogadosfm\\\/\"}]}<\/script>\n<!-- \/ Yoast SEO plugin. -->","yoast_head_json":{"title":"Jos\u00e9 Paulo Cavalcanti Xavier Filho \u00e9 escolhido por Raquel Lyra como novo Procurador-Geral de Justi\u00e7a do MPPE - Afogados FM","robots":{"index":"index","follow":"follow","max-snippet":"max-snippet:-1","max-image-preview":"max-image-preview:large","max-video-preview":"max-video-preview:-1"},"canonical":"https:\/\/afogadosfm.com.br\/afogadosfm\/2025\/01\/08\/jose-paulo-cavalcanti-xavier-filho-e-escolhido-por-raquel-lyra-como-novo-procurador-geral-de-justica-do-mppe\/","og_locale":"pt_BR","og_type":"article","og_title":"Jos\u00e9 Paulo Cavalcanti Xavier Filho \u00e9 escolhido por Raquel Lyra como novo Procurador-Geral de Justi\u00e7a do MPPE - Afogados FM","og_description":"O Promotor de Justi\u00e7a Jos\u00e9 Paulo Cavalcanti Xavier Filho \u00e9 o escolhido pela governadora do Estado, Raquel Lyra, como novo","og_url":"https:\/\/afogadosfm.com.br\/afogadosfm\/2025\/01\/08\/jose-paulo-cavalcanti-xavier-filho-e-escolhido-por-raquel-lyra-como-novo-procurador-geral-de-justica-do-mppe\/","og_site_name":"Afogados FM","article_published_time":"2025-01-08T08:06:01+00:00","article_modified_time":"2025-01-08T08:06:07+00:00","og_image":[{"width":399,"height":266,"url":"https:\/\/afogadosfm.com.br\/afogadosfm\/wp-content\/uploads\/2025\/01\/mppegovernadora.jpg","type":"image\/jpeg"}],"author":"afogadosfm","twitter_card":"summary_large_image","twitter_misc":{"Escrito por":"afogadosfm","Est. tempo de leitura":"3 minutos"},"schema":{"@context":"https:\/\/schema.org","@graph":[{"@type":"Article","@id":"https:\/\/afogadosfm.com.br\/afogadosfm\/2025\/01\/08\/jose-paulo-cavalcanti-xavier-filho-e-escolhido-por-raquel-lyra-como-novo-procurador-geral-de-justica-do-mppe\/#article","isPartOf":{"@id":"https:\/\/afogadosfm.com.br\/afogadosfm\/2025\/01\/08\/jose-paulo-cavalcanti-xavier-filho-e-escolhido-por-raquel-lyra-como-novo-procurador-geral-de-justica-do-mppe\/"},"author":{"name":"afogadosfm","@id":"https:\/\/afogadosfm.com.br\/afogadosfm\/#\/schema\/person\/60e56f2cf5dc960fc093fe093d9e9057"},"headline":"Jos\u00e9 Paulo Cavalcanti Xavier Filho \u00e9 escolhido por Raquel Lyra como novo Procurador-Geral de Justi\u00e7a do MPPE","datePublished":"2025-01-08T08:06:01+00:00","dateModified":"2025-01-08T08:06:07+00:00","mainEntityOfPage":{"@id":"https:\/\/afogadosfm.com.br\/afogadosfm\/2025\/01\/08\/jose-paulo-cavalcanti-xavier-filho-e-escolhido-por-raquel-lyra-como-novo-procurador-geral-de-justica-do-mppe\/"},"wordCount":376,"commentCount":0,"publisher":{"@id":"https:\/\/afogadosfm.com.br\/afogadosfm\/#organization"},"image":{"@id":"https:\/\/afogadosfm.com.br\/afogadosfm\/2025\/01\/08\/jose-paulo-cavalcanti-xavier-filho-e-escolhido-por-raquel-lyra-como-novo-procurador-geral-de-justica-do-mppe\/#primaryimage"},"thumbnailUrl":"https:\/\/i0.wp.com\/afogadosfm.com.br\/afogadosfm\/wp-content\/uploads\/2025\/01\/mppegovernadora.jpg?fit=399%2C266&ssl=1","articleSection":["Pernambuco"],"inLanguage":"pt-BR","potentialAction":[{"@type":"CommentAction","name":"Comment","target":["https:\/\/afogadosfm.com.br\/afogadosfm\/2025\/01\/08\/jose-paulo-cavalcanti-xavier-filho-e-escolhido-por-raquel-lyra-como-novo-procurador-geral-de-justica-do-mppe\/#respond"]}]},{"@type":"WebPage","@id":"https:\/\/afogadosfm.com.br\/afogadosfm\/2025\/01\/08\/jose-paulo-cavalcanti-xavier-filho-e-escolhido-por-raquel-lyra-como-novo-procurador-geral-de-justica-do-mppe\/","url":"https:\/\/afogadosfm.com.br\/afogadosfm\/2025\/01\/08\/jose-paulo-cavalcanti-xavier-filho-e-escolhido-por-raquel-lyra-como-novo-procurador-geral-de-justica-do-mppe\/","name":"Jos\u00e9 Paulo Cavalcanti Xavier Filho \u00e9 escolhido por Raquel Lyra como novo Procurador-Geral de Justi\u00e7a do MPPE - Afogados FM","isPartOf":{"@id":"https:\/\/afogadosfm.com.br\/afogadosfm\/#website"},"primaryImageOfPage":{"@id":"https:\/\/afogadosfm.com.br\/afogadosfm\/2025\/01\/08\/jose-paulo-cavalcanti-xavier-filho-e-escolhido-por-raquel-lyra-como-novo-procurador-geral-de-justica-do-mppe\/#primaryimage"},"image":{"@id":"https:\/\/afogadosfm.com.br\/afogadosfm\/2025\/01\/08\/jose-paulo-cavalcanti-xavier-filho-e-escolhido-por-raquel-lyra-como-novo-procurador-geral-de-justica-do-mppe\/#primaryimage"},"thumbnailUrl":"https:\/\/i0.wp.com\/afogadosfm.com.br\/afogadosfm\/wp-content\/uploads\/2025\/01\/mppegovernadora.jpg?fit=399%2C266&ssl=1","datePublished":"2025-01-08T08:06:01+00:00","dateModified":"2025-01-08T08:06:07+00:00","breadcrumb":{"@id":"https:\/\/afogadosfm.com.br\/afogadosfm\/2025\/01\/08\/jose-paulo-cavalcanti-xavier-filho-e-escolhido-por-raquel-lyra-como-novo-procurador-geral-de-justica-do-mppe\/#breadcrumb"},"inLanguage":"pt-BR","potentialAction":[{"@type":"ReadAction","target":["https:\/\/afogadosfm.com.br\/afogadosfm\/2025\/01\/08\/jose-paulo-cavalcanti-xavier-filho-e-escolhido-por-raquel-lyra-como-novo-procurador-geral-de-justica-do-mppe\/"]}]},{"@type":"ImageObject","inLanguage":"pt-BR","@id":"https:\/\/afogadosfm.com.br\/afogadosfm\/2025\/01\/08\/jose-paulo-cavalcanti-xavier-filho-e-escolhido-por-raquel-lyra-como-novo-procurador-geral-de-justica-do-mppe\/#primaryimage","url":"https:\/\/i0.wp.com\/afogadosfm.com.br\/afogadosfm\/wp-content\/uploads\/2025\/01\/mppegovernadora.jpg?fit=399%2C266&ssl=1","contentUrl":"https:\/\/i0.wp.com\/afogadosfm.com.br\/afogadosfm\/wp-content\/uploads\/2025\/01\/mppegovernadora.jpg?fit=399%2C266&ssl=1","width":399,"height":266},{"@type":"BreadcrumbList","@id":"https:\/\/afogadosfm.com.br\/afogadosfm\/2025\/01\/08\/jose-paulo-cavalcanti-xavier-filho-e-escolhido-por-raquel-lyra-como-novo-procurador-geral-de-justica-do-mppe\/#breadcrumb","itemListElement":[{"@type":"ListItem","position":1,"name":"In\u00edcio","item":"https:\/\/afogadosfm.com.br\/afogadosfm\/"},{"@type":"ListItem","position":2,"name":"Jos\u00e9 Paulo Cavalcanti Xavier Filho \u00e9 escolhido por Raquel Lyra como novo Procurador-Geral de Justi\u00e7a do MPPE"}]},{"@type":"WebSite","@id":"https:\/\/afogadosfm.com.br\/afogadosfm\/#website","url":"https:\/\/afogadosfm.com.br\/afogadosfm\/","name":"Afogados FM","description":"Um site completo!","publisher":{"@id":"https:\/\/afogadosfm.com.br\/afogadosfm\/#organization"},"potentialAction":[{"@type":"SearchAction","target":{"@type":"EntryPoint","urlTemplate":"https:\/\/afogadosfm.com.br\/afogadosfm\/?s={search_term_string}"},"query-input":{"@type":"PropertyValueSpecification","valueRequired":true,"valueName":"search_term_string"}}],"inLanguage":"pt-BR"},{"@type":"Organization","@id":"https:\/\/afogadosfm.com.br\/afogadosfm\/#organization","name":"Afogados FM","url":"https:\/\/afogadosfm.com.br\/afogadosfm\/","logo":{"@type":"ImageObject","inLanguage":"pt-BR","@id":"https:\/\/afogadosfm.com.br\/afogadosfm\/#\/schema\/logo\/image\/","url":"https:\/\/i0.wp.com\/afogadosfm.com.br\/afogadosfm\/wp-content\/uploads\/2020\/06\/cropped-banner-afogados-4.jpg?fit=369%2C137&ssl=1","contentUrl":"https:\/\/i0.wp.com\/afogadosfm.com.br\/afogadosfm\/wp-content\/uploads\/2020\/06\/cropped-banner-afogados-4.jpg?fit=369%2C137&ssl=1","width":369,"height":137,"caption":"Afogados FM"},"image":{"@id":"https:\/\/afogadosfm.com.br\/afogadosfm\/#\/schema\/logo\/image\/"}},{"@type":"Person","@id":"https:\/\/afogadosfm.com.br\/afogadosfm\/#\/schema\/person\/60e56f2cf5dc960fc093fe093d9e9057","name":"afogadosfm","image":{"@type":"ImageObject","inLanguage":"pt-BR","@id":"https:\/\/secure.gravatar.com\/avatar\/e0359add7ed5dc3560906d861b52c6a8cf5c1e199d3a7dd85070998f49bd4701?s=96&d=mm&r=g","url":"https:\/\/secure.gravatar.com\/avatar\/e0359add7ed5dc3560906d861b52c6a8cf5c1e199d3a7dd85070998f49bd4701?s=96&d=mm&r=g","contentUrl":"https:\/\/secure.gravatar.com\/avatar\/e0359add7ed5dc3560906d861b52c6a8cf5c1e199d3a7dd85070998f49bd4701?s=96&d=mm&r=g","caption":"afogadosfm"},"url":"https:\/\/afogadosfm.com.br\/afogadosfm\/author\/afogadosfm\/"}]}},"jetpack_publicize_connections":[],"jetpack_featured_media_url":"https:\/\/i0.wp.com\/afogadosfm.com.br\/afogadosfm\/wp-content\/uploads\/2025\/01\/mppegovernadora.jpg?fit=399%2C266&ssl=1","jetpack-related-posts":[],"jetpack_sharing_enabled":true,"jetpack_likes_enabled":true,"_links":{"self":[{"href":"https:\/\/afogadosfm.com.br\/afogadosfm\/wp-json\/wp\/v2\/posts\/62396","targetHints":{"allow":["GET"]}}],"collection":[{"href":"https:\/\/afogadosfm.com.br\/afogadosfm\/wp-json\/wp\/v2\/posts"}],"about":[{"href":"https:\/\/afogadosfm.com.br\/afogadosfm\/wp-json\/wp\/v2\/types\/post"}],"author":[{"embeddable":true,"href":"https:\/\/afogadosfm.com.br\/afogadosfm\/wp-json\/wp\/v2\/users\/2"}],"replies":[{"embeddable":true,"href":"https:\/\/afogadosfm.com.br\/afogadosfm\/wp-json\/wp\/v2\/comments?post=62396"}],"version-history":[{"count":1,"href":"https:\/\/afogadosfm.com.br\/afogadosfm\/wp-json\/wp\/v2\/posts\/62396\/revisions"}],"predecessor-version":[{"id":62398,"href":"https:\/\/afogadosfm.com.br\/afogadosfm\/wp-json\/wp\/v2\/posts\/62396\/revisions\/62398"}],"wp:featuredmedia":[{"embeddable":true,"href":"https:\/\/afogadosfm.com.br\/afogadosfm\/wp-json\/wp\/v2\/media\/62397"}],"wp:attachment":[{"href":"https:\/\/afogadosfm.com.br\/afogadosfm\/wp-json\/wp\/v2\/media?parent=62396"}],"wp:term":[{"taxonomy":"category","embeddable":true,"href":"https:\/\/afogadosfm.com.br\/afogadosfm\/wp-json\/wp\/v2\/categories?post=62396"},{"taxonomy":"post_tag","embeddable":true,"href":"https:\/\/afogadosfm.com.br\/afogadosfm\/wp-json\/wp\/v2\/tags?post=62396"}],"curies":[{"name":"wp","href":"https:\/\/api.w.org\/{rel}","templated":true}]}}