{"id":62635,"date":"2025-01-16T07:28:27","date_gmt":"2025-01-16T10:28:27","guid":{"rendered":"https:\/\/afogadosfm.com.br\/afogadosfm\/?p=62635"},"modified":"2025-01-16T07:28:32","modified_gmt":"2025-01-16T10:28:32","slug":"sul-e-sudeste-do-pais-tera-onda-de-calor-no-fim-de-semana","status":"publish","type":"post","link":"https:\/\/afogadosfm.com.br\/afogadosfm\/2025\/01\/16\/sul-e-sudeste-do-pais-tera-onda-de-calor-no-fim-de-semana\/","title":{"rendered":"Sul e Sudeste do pa\u00eds ter\u00e1 onda de calor no fim de semana"},"content":{"rendered":"\n<p>Uma onda de calor deve chegar ao Brasil nos pr\u00f3ximos dias. A regi\u00e3o Sul e partes de Mato Grosso do Sul e de S\u00e3o Paulo podem registrar temperaturas pr\u00f3ximas aos 40\u00baC, segundo o Climatempo. O fen\u00f4meno deve come\u00e7ar a partir do s\u00e1bado (18).<\/p>\n\n\n\n<p>Ventos fortes devem dificultar a passagem de massas de ar entre o norte da Argentina e o Uruguai. Com isso, massas polares n\u00e3o poder\u00e3o chegar \u00e0 regi\u00e3o, levando \u00e0 cria\u00e7\u00e3o de uma bolha de ar quente.<\/p>\n\n\n\n<p>As temperaturas mais elevadas devem ser registradas no oeste do Rio Grande do Sul, na fronteira com a Argentina e tamb\u00e9m no oeste de Mato Grosso do Sul, na divisa com o Paraguai. Nessas localidades, o calor pode passar dos 40\u00baC.<\/p>\n\n\n\n<p>O restante do territ\u00f3rio ga\u00facho tamb\u00e9m ser\u00e1 afetado, com temperaturas de at\u00e9 38\u00baC. Como tamb\u00e9m no oeste de Santa Catarina, Paran\u00e1 e S\u00e3o Paulo. O centro-sul de Mato Grosso do Sul tamb\u00e9m ter\u00e1 calor intenso.<\/p>\n\n\n\n<p>Segundo o Climatempo, as altas devem passar a partir de 19 de janeiro, quando j\u00e1 h\u00e1 indicativos de entrada de uma frente fria sobre o Rio Grande do Sul.<\/p>\n\n\n\n<p><strong>Inmet emite alerta para chuvas<\/strong><\/p>\n\n\n\n<p>Al\u00e9m da expectativa da onda de calor, o Instituto Nacional de Metrologia (Inmet) emitiu alertas para chuvas intensas em quase todo o territ\u00f3rio nacional.<\/p>\n\n\n\n<p>O alerta de \u201cperigo\u201d para precipita\u00e7\u00f5es se estende entre o leste do Maranh\u00e3o e o norte de S\u00e3o Paulo. Chuvas intensas tamb\u00e9m est\u00e3o previstas para boa parte do centro-oeste e parte de Mato Grosso. Ao todo, 14 Estados e o Distrito Federal podem registrar chuvas de at\u00e9 60 mm\/h esta quinta-feira (16).<\/p>\n\n\n\n<p>H\u00e1 tamb\u00e9m previs\u00e3o de ventos intensos que podem chegar aos 100km\/h. H\u00e1 risco de cortes de energia, queda de galhos, alagamentos e descargas el\u00e9tricas.<\/p>\n\n\n\n<p>Um 2\u00ba alerta de \u201cperigo potencial\u201d se estende para o Amazonas, Par\u00e1 e Rond\u00f4nia. H\u00e1 tamb\u00e9m um alerta para o leste catarinense e as regi\u00f5es norte e central do Rio Grande do Sul. Chuvas podem chegar a 30 mm\/h e os ventos a 60 km\/h, com baixo risco de queda de energia, estragos a planta\u00e7\u00f5es e alagamentos.<\/p>\n","protected":false},"excerpt":{"rendered":"<p>Uma onda de calor deve chegar ao Brasil nos pr\u00f3ximos dias. A regi\u00e3o Sul e partes de Mato Grosso do<\/p>\n","protected":false},"author":2,"featured_media":28315,"comment_status":"open","ping_status":"open","sticky":false,"template":"","format":"standard","meta":{"jetpack_post_was_ever_published":false,"_jetpack_newsletter_access":"","_jetpack_dont_email_post_to_subs":false,"_jetpack_newsletter_tier_id":0,"_jetpack_memberships_contains_paywalled_content":false,"_jetpack_memberships_contains_paid_content":false,"footnotes":"","jetpack_publicize_message":"","jetpack_publicize_feature_enabled":true,"jetpack_social_post_already_shared":true,"jetpack_social_options":{"image_generator_settings":{"template":"highway","default_image_id":0,"font":"","enabled":false},"version":2}},"categories":[12],"tags":[],"class_list":["post-62635","post","type-post","status-publish","format-standard","has-post-thumbnail","hentry","category-brasil"],"yoast_head":"<!-- This site is optimized with the Yoast SEO plugin v27.5 - https:\/\/yoast.com\/product\/yoast-seo-wordpress\/ -->\n<title>Sul e Sudeste do pa\u00eds ter\u00e1 onda de calor no fim de semana - Afogados FM<\/title>\n<meta name=\"robots\" content=\"index, follow, max-snippet:-1, max-image-preview:large, max-video-preview:-1\" \/>\n<link rel=\"canonical\" href=\"https:\/\/afogadosfm.com.br\/afogadosfm\/2025\/01\/16\/sul-e-sudeste-do-pais-tera-onda-de-calor-no-fim-de-semana\/\" \/>\n<meta property=\"og:locale\" content=\"pt_BR\" \/>\n<meta property=\"og:type\" content=\"article\" \/>\n<meta property=\"og:title\" content=\"Sul e Sudeste do pa\u00eds ter\u00e1 onda de calor no fim de semana - Afogados FM\" \/>\n<meta property=\"og:description\" content=\"Uma onda de calor deve chegar ao Brasil nos pr\u00f3ximos dias. A regi\u00e3o Sul e partes de Mato Grosso do\" \/>\n<meta property=\"og:url\" content=\"https:\/\/afogadosfm.com.br\/afogadosfm\/2025\/01\/16\/sul-e-sudeste-do-pais-tera-onda-de-calor-no-fim-de-semana\/\" \/>\n<meta property=\"og:site_name\" content=\"Afogados FM\" \/>\n<meta property=\"article:published_time\" content=\"2025-01-16T10:28:27+00:00\" \/>\n<meta property=\"article:modified_time\" content=\"2025-01-16T10:28:32+00:00\" \/>\n<meta property=\"og:image\" content=\"https:\/\/afogadosfm.com.br\/afogadosfm\/wp-content\/uploads\/2021\/06\/calor.jpg\" \/>\n\t<meta property=\"og:image:width\" content=\"2500\" \/>\n\t<meta property=\"og:image:height\" content=\"1667\" \/>\n\t<meta property=\"og:image:type\" content=\"image\/jpeg\" \/>\n<meta name=\"author\" content=\"afogadosfm\" \/>\n<meta name=\"twitter:card\" content=\"summary_large_image\" \/>\n<meta name=\"twitter:label1\" content=\"Escrito por\" \/>\n\t<meta name=\"twitter:data1\" content=\"afogadosfm\" \/>\n\t<meta name=\"twitter:label2\" content=\"Est. tempo de leitura\" \/>\n\t<meta name=\"twitter:data2\" content=\"3 minutos\" \/>\n<script type=\"application\/ld+json\" class=\"yoast-schema-graph\">{\"@context\":\"https:\\\/\\\/schema.org\",\"@graph\":[{\"@type\":\"Article\",\"@id\":\"https:\\\/\\\/afogadosfm.com.br\\\/afogadosfm\\\/2025\\\/01\\\/16\\\/sul-e-sudeste-do-pais-tera-onda-de-calor-no-fim-de-semana\\\/#article\",\"isPartOf\":{\"@id\":\"https:\\\/\\\/afogadosfm.com.br\\\/afogadosfm\\\/2025\\\/01\\\/16\\\/sul-e-sudeste-do-pais-tera-onda-de-calor-no-fim-de-semana\\\/\"},\"author\":{\"name\":\"afogadosfm\",\"@id\":\"https:\\\/\\\/afogadosfm.com.br\\\/afogadosfm\\\/#\\\/schema\\\/person\\\/60e56f2cf5dc960fc093fe093d9e9057\"},\"headline\":\"Sul e Sudeste do pa\u00eds ter\u00e1 onda de calor no fim de semana\",\"datePublished\":\"2025-01-16T10:28:27+00:00\",\"dateModified\":\"2025-01-16T10:28:32+00:00\",\"mainEntityOfPage\":{\"@id\":\"https:\\\/\\\/afogadosfm.com.br\\\/afogadosfm\\\/2025\\\/01\\\/16\\\/sul-e-sudeste-do-pais-tera-onda-de-calor-no-fim-de-semana\\\/\"},\"wordCount\":386,\"commentCount\":0,\"publisher\":{\"@id\":\"https:\\\/\\\/afogadosfm.com.br\\\/afogadosfm\\\/#organization\"},\"image\":{\"@id\":\"https:\\\/\\\/afogadosfm.com.br\\\/afogadosfm\\\/2025\\\/01\\\/16\\\/sul-e-sudeste-do-pais-tera-onda-de-calor-no-fim-de-semana\\\/#primaryimage\"},\"thumbnailUrl\":\"https:\\\/\\\/i0.wp.com\\\/afogadosfm.com.br\\\/afogadosfm\\\/wp-content\\\/uploads\\\/2021\\\/06\\\/calor.jpg?fit=2500%2C1667&ssl=1\",\"articleSection\":[\"Brasil\"],\"inLanguage\":\"pt-BR\",\"potentialAction\":[{\"@type\":\"CommentAction\",\"name\":\"Comment\",\"target\":[\"https:\\\/\\\/afogadosfm.com.br\\\/afogadosfm\\\/2025\\\/01\\\/16\\\/sul-e-sudeste-do-pais-tera-onda-de-calor-no-fim-de-semana\\\/#respond\"]}]},{\"@type\":\"WebPage\",\"@id\":\"https:\\\/\\\/afogadosfm.com.br\\\/afogadosfm\\\/2025\\\/01\\\/16\\\/sul-e-sudeste-do-pais-tera-onda-de-calor-no-fim-de-semana\\\/\",\"url\":\"https:\\\/\\\/afogadosfm.com.br\\\/afogadosfm\\\/2025\\\/01\\\/16\\\/sul-e-sudeste-do-pais-tera-onda-de-calor-no-fim-de-semana\\\/\",\"name\":\"Sul e Sudeste do pa\u00eds ter\u00e1 onda de calor no fim de semana - Afogados FM\",\"isPartOf\":{\"@id\":\"https:\\\/\\\/afogadosfm.com.br\\\/afogadosfm\\\/#website\"},\"primaryImageOfPage\":{\"@id\":\"https:\\\/\\\/afogadosfm.com.br\\\/afogadosfm\\\/2025\\\/01\\\/16\\\/sul-e-sudeste-do-pais-tera-onda-de-calor-no-fim-de-semana\\\/#primaryimage\"},\"image\":{\"@id\":\"https:\\\/\\\/afogadosfm.com.br\\\/afogadosfm\\\/2025\\\/01\\\/16\\\/sul-e-sudeste-do-pais-tera-onda-de-calor-no-fim-de-semana\\\/#primaryimage\"},\"thumbnailUrl\":\"https:\\\/\\\/i0.wp.com\\\/afogadosfm.com.br\\\/afogadosfm\\\/wp-content\\\/uploads\\\/2021\\\/06\\\/calor.jpg?fit=2500%2C1667&ssl=1\",\"datePublished\":\"2025-01-16T10:28:27+00:00\",\"dateModified\":\"2025-01-16T10:28:32+00:00\",\"breadcrumb\":{\"@id\":\"https:\\\/\\\/afogadosfm.com.br\\\/afogadosfm\\\/2025\\\/01\\\/16\\\/sul-e-sudeste-do-pais-tera-onda-de-calor-no-fim-de-semana\\\/#breadcrumb\"},\"inLanguage\":\"pt-BR\",\"potentialAction\":[{\"@type\":\"ReadAction\",\"target\":[\"https:\\\/\\\/afogadosfm.com.br\\\/afogadosfm\\\/2025\\\/01\\\/16\\\/sul-e-sudeste-do-pais-tera-onda-de-calor-no-fim-de-semana\\\/\"]}]},{\"@type\":\"ImageObject\",\"inLanguage\":\"pt-BR\",\"@id\":\"https:\\\/\\\/afogadosfm.com.br\\\/afogadosfm\\\/2025\\\/01\\\/16\\\/sul-e-sudeste-do-pais-tera-onda-de-calor-no-fim-de-semana\\\/#primaryimage\",\"url\":\"https:\\\/\\\/i0.wp.com\\\/afogadosfm.com.br\\\/afogadosfm\\\/wp-content\\\/uploads\\\/2021\\\/06\\\/calor.jpg?fit=2500%2C1667&ssl=1\",\"contentUrl\":\"https:\\\/\\\/i0.wp.com\\\/afogadosfm.com.br\\\/afogadosfm\\\/wp-content\\\/uploads\\\/2021\\\/06\\\/calor.jpg?fit=2500%2C1667&ssl=1\",\"width\":2500,\"height\":1667},{\"@type\":\"BreadcrumbList\",\"@id\":\"https:\\\/\\\/afogadosfm.com.br\\\/afogadosfm\\\/2025\\\/01\\\/16\\\/sul-e-sudeste-do-pais-tera-onda-de-calor-no-fim-de-semana\\\/#breadcrumb\",\"itemListElement\":[{\"@type\":\"ListItem\",\"position\":1,\"name\":\"In\u00edcio\",\"item\":\"https:\\\/\\\/afogadosfm.com.br\\\/afogadosfm\\\/\"},{\"@type\":\"ListItem\",\"position\":2,\"name\":\"Sul e Sudeste do pa\u00eds ter\u00e1 onda de calor no fim de semana\"}]},{\"@type\":\"WebSite\",\"@id\":\"https:\\\/\\\/afogadosfm.com.br\\\/afogadosfm\\\/#website\",\"url\":\"https:\\\/\\\/afogadosfm.com.br\\\/afogadosfm\\\/\",\"name\":\"Afogados FM\",\"description\":\"Um site completo!\",\"publisher\":{\"@id\":\"https:\\\/\\\/afogadosfm.com.br\\\/afogadosfm\\\/#organization\"},\"potentialAction\":[{\"@type\":\"SearchAction\",\"target\":{\"@type\":\"EntryPoint\",\"urlTemplate\":\"https:\\\/\\\/afogadosfm.com.br\\\/afogadosfm\\\/?s={search_term_string}\"},\"query-input\":{\"@type\":\"PropertyValueSpecification\",\"valueRequired\":true,\"valueName\":\"search_term_string\"}}],\"inLanguage\":\"pt-BR\"},{\"@type\":\"Organization\",\"@id\":\"https:\\\/\\\/afogadosfm.com.br\\\/afogadosfm\\\/#organization\",\"name\":\"Afogados FM\",\"url\":\"https:\\\/\\\/afogadosfm.com.br\\\/afogadosfm\\\/\",\"logo\":{\"@type\":\"ImageObject\",\"inLanguage\":\"pt-BR\",\"@id\":\"https:\\\/\\\/afogadosfm.com.br\\\/afogadosfm\\\/#\\\/schema\\\/logo\\\/image\\\/\",\"url\":\"https:\\\/\\\/i0.wp.com\\\/afogadosfm.com.br\\\/afogadosfm\\\/wp-content\\\/uploads\\\/2020\\\/06\\\/cropped-banner-afogados-4.jpg?fit=369%2C137&ssl=1\",\"contentUrl\":\"https:\\\/\\\/i0.wp.com\\\/afogadosfm.com.br\\\/afogadosfm\\\/wp-content\\\/uploads\\\/2020\\\/06\\\/cropped-banner-afogados-4.jpg?fit=369%2C137&ssl=1\",\"width\":369,\"height\":137,\"caption\":\"Afogados FM\"},\"image\":{\"@id\":\"https:\\\/\\\/afogadosfm.com.br\\\/afogadosfm\\\/#\\\/schema\\\/logo\\\/image\\\/\"}},{\"@type\":\"Person\",\"@id\":\"https:\\\/\\\/afogadosfm.com.br\\\/afogadosfm\\\/#\\\/schema\\\/person\\\/60e56f2cf5dc960fc093fe093d9e9057\",\"name\":\"afogadosfm\",\"image\":{\"@type\":\"ImageObject\",\"inLanguage\":\"pt-BR\",\"@id\":\"https:\\\/\\\/secure.gravatar.com\\\/avatar\\\/e0359add7ed5dc3560906d861b52c6a8cf5c1e199d3a7dd85070998f49bd4701?s=96&d=mm&r=g\",\"url\":\"https:\\\/\\\/secure.gravatar.com\\\/avatar\\\/e0359add7ed5dc3560906d861b52c6a8cf5c1e199d3a7dd85070998f49bd4701?s=96&d=mm&r=g\",\"contentUrl\":\"https:\\\/\\\/secure.gravatar.com\\\/avatar\\\/e0359add7ed5dc3560906d861b52c6a8cf5c1e199d3a7dd85070998f49bd4701?s=96&d=mm&r=g\",\"caption\":\"afogadosfm\"},\"url\":\"https:\\\/\\\/afogadosfm.com.br\\\/afogadosfm\\\/author\\\/afogadosfm\\\/\"}]}<\/script>\n<!-- \/ Yoast SEO plugin. -->","yoast_head_json":{"title":"Sul e Sudeste do pa\u00eds ter\u00e1 onda de calor no fim de semana - Afogados FM","robots":{"index":"index","follow":"follow","max-snippet":"max-snippet:-1","max-image-preview":"max-image-preview:large","max-video-preview":"max-video-preview:-1"},"canonical":"https:\/\/afogadosfm.com.br\/afogadosfm\/2025\/01\/16\/sul-e-sudeste-do-pais-tera-onda-de-calor-no-fim-de-semana\/","og_locale":"pt_BR","og_type":"article","og_title":"Sul e Sudeste do pa\u00eds ter\u00e1 onda de calor no fim de semana - Afogados FM","og_description":"Uma onda de calor deve chegar ao Brasil nos pr\u00f3ximos dias. A regi\u00e3o Sul e partes de Mato Grosso do","og_url":"https:\/\/afogadosfm.com.br\/afogadosfm\/2025\/01\/16\/sul-e-sudeste-do-pais-tera-onda-de-calor-no-fim-de-semana\/","og_site_name":"Afogados FM","article_published_time":"2025-01-16T10:28:27+00:00","article_modified_time":"2025-01-16T10:28:32+00:00","og_image":[{"width":2500,"height":1667,"url":"https:\/\/afogadosfm.com.br\/afogadosfm\/wp-content\/uploads\/2021\/06\/calor.jpg","type":"image\/jpeg"}],"author":"afogadosfm","twitter_card":"summary_large_image","twitter_misc":{"Escrito por":"afogadosfm","Est. tempo de leitura":"3 minutos"},"schema":{"@context":"https:\/\/schema.org","@graph":[{"@type":"Article","@id":"https:\/\/afogadosfm.com.br\/afogadosfm\/2025\/01\/16\/sul-e-sudeste-do-pais-tera-onda-de-calor-no-fim-de-semana\/#article","isPartOf":{"@id":"https:\/\/afogadosfm.com.br\/afogadosfm\/2025\/01\/16\/sul-e-sudeste-do-pais-tera-onda-de-calor-no-fim-de-semana\/"},"author":{"name":"afogadosfm","@id":"https:\/\/afogadosfm.com.br\/afogadosfm\/#\/schema\/person\/60e56f2cf5dc960fc093fe093d9e9057"},"headline":"Sul e Sudeste do pa\u00eds ter\u00e1 onda de calor no fim de semana","datePublished":"2025-01-16T10:28:27+00:00","dateModified":"2025-01-16T10:28:32+00:00","mainEntityOfPage":{"@id":"https:\/\/afogadosfm.com.br\/afogadosfm\/2025\/01\/16\/sul-e-sudeste-do-pais-tera-onda-de-calor-no-fim-de-semana\/"},"wordCount":386,"commentCount":0,"publisher":{"@id":"https:\/\/afogadosfm.com.br\/afogadosfm\/#organization"},"image":{"@id":"https:\/\/afogadosfm.com.br\/afogadosfm\/2025\/01\/16\/sul-e-sudeste-do-pais-tera-onda-de-calor-no-fim-de-semana\/#primaryimage"},"thumbnailUrl":"https:\/\/i0.wp.com\/afogadosfm.com.br\/afogadosfm\/wp-content\/uploads\/2021\/06\/calor.jpg?fit=2500%2C1667&ssl=1","articleSection":["Brasil"],"inLanguage":"pt-BR","potentialAction":[{"@type":"CommentAction","name":"Comment","target":["https:\/\/afogadosfm.com.br\/afogadosfm\/2025\/01\/16\/sul-e-sudeste-do-pais-tera-onda-de-calor-no-fim-de-semana\/#respond"]}]},{"@type":"WebPage","@id":"https:\/\/afogadosfm.com.br\/afogadosfm\/2025\/01\/16\/sul-e-sudeste-do-pais-tera-onda-de-calor-no-fim-de-semana\/","url":"https:\/\/afogadosfm.com.br\/afogadosfm\/2025\/01\/16\/sul-e-sudeste-do-pais-tera-onda-de-calor-no-fim-de-semana\/","name":"Sul e Sudeste do pa\u00eds ter\u00e1 onda de calor no fim de semana - Afogados FM","isPartOf":{"@id":"https:\/\/afogadosfm.com.br\/afogadosfm\/#website"},"primaryImageOfPage":{"@id":"https:\/\/afogadosfm.com.br\/afogadosfm\/2025\/01\/16\/sul-e-sudeste-do-pais-tera-onda-de-calor-no-fim-de-semana\/#primaryimage"},"image":{"@id":"https:\/\/afogadosfm.com.br\/afogadosfm\/2025\/01\/16\/sul-e-sudeste-do-pais-tera-onda-de-calor-no-fim-de-semana\/#primaryimage"},"thumbnailUrl":"https:\/\/i0.wp.com\/afogadosfm.com.br\/afogadosfm\/wp-content\/uploads\/2021\/06\/calor.jpg?fit=2500%2C1667&ssl=1","datePublished":"2025-01-16T10:28:27+00:00","dateModified":"2025-01-16T10:28:32+00:00","breadcrumb":{"@id":"https:\/\/afogadosfm.com.br\/afogadosfm\/2025\/01\/16\/sul-e-sudeste-do-pais-tera-onda-de-calor-no-fim-de-semana\/#breadcrumb"},"inLanguage":"pt-BR","potentialAction":[{"@type":"ReadAction","target":["https:\/\/afogadosfm.com.br\/afogadosfm\/2025\/01\/16\/sul-e-sudeste-do-pais-tera-onda-de-calor-no-fim-de-semana\/"]}]},{"@type":"ImageObject","inLanguage":"pt-BR","@id":"https:\/\/afogadosfm.com.br\/afogadosfm\/2025\/01\/16\/sul-e-sudeste-do-pais-tera-onda-de-calor-no-fim-de-semana\/#primaryimage","url":"https:\/\/i0.wp.com\/afogadosfm.com.br\/afogadosfm\/wp-content\/uploads\/2021\/06\/calor.jpg?fit=2500%2C1667&ssl=1","contentUrl":"https:\/\/i0.wp.com\/afogadosfm.com.br\/afogadosfm\/wp-content\/uploads\/2021\/06\/calor.jpg?fit=2500%2C1667&ssl=1","width":2500,"height":1667},{"@type":"BreadcrumbList","@id":"https:\/\/afogadosfm.com.br\/afogadosfm\/2025\/01\/16\/sul-e-sudeste-do-pais-tera-onda-de-calor-no-fim-de-semana\/#breadcrumb","itemListElement":[{"@type":"ListItem","position":1,"name":"In\u00edcio","item":"https:\/\/afogadosfm.com.br\/afogadosfm\/"},{"@type":"ListItem","position":2,"name":"Sul e Sudeste do pa\u00eds ter\u00e1 onda de calor no fim de semana"}]},{"@type":"WebSite","@id":"https:\/\/afogadosfm.com.br\/afogadosfm\/#website","url":"https:\/\/afogadosfm.com.br\/afogadosfm\/","name":"Afogados FM","description":"Um site completo!","publisher":{"@id":"https:\/\/afogadosfm.com.br\/afogadosfm\/#organization"},"potentialAction":[{"@type":"SearchAction","target":{"@type":"EntryPoint","urlTemplate":"https:\/\/afogadosfm.com.br\/afogadosfm\/?s={search_term_string}"},"query-input":{"@type":"PropertyValueSpecification","valueRequired":true,"valueName":"search_term_string"}}],"inLanguage":"pt-BR"},{"@type":"Organization","@id":"https:\/\/afogadosfm.com.br\/afogadosfm\/#organization","name":"Afogados FM","url":"https:\/\/afogadosfm.com.br\/afogadosfm\/","logo":{"@type":"ImageObject","inLanguage":"pt-BR","@id":"https:\/\/afogadosfm.com.br\/afogadosfm\/#\/schema\/logo\/image\/","url":"https:\/\/i0.wp.com\/afogadosfm.com.br\/afogadosfm\/wp-content\/uploads\/2020\/06\/cropped-banner-afogados-4.jpg?fit=369%2C137&ssl=1","contentUrl":"https:\/\/i0.wp.com\/afogadosfm.com.br\/afogadosfm\/wp-content\/uploads\/2020\/06\/cropped-banner-afogados-4.jpg?fit=369%2C137&ssl=1","width":369,"height":137,"caption":"Afogados FM"},"image":{"@id":"https:\/\/afogadosfm.com.br\/afogadosfm\/#\/schema\/logo\/image\/"}},{"@type":"Person","@id":"https:\/\/afogadosfm.com.br\/afogadosfm\/#\/schema\/person\/60e56f2cf5dc960fc093fe093d9e9057","name":"afogadosfm","image":{"@type":"ImageObject","inLanguage":"pt-BR","@id":"https:\/\/secure.gravatar.com\/avatar\/e0359add7ed5dc3560906d861b52c6a8cf5c1e199d3a7dd85070998f49bd4701?s=96&d=mm&r=g","url":"https:\/\/secure.gravatar.com\/avatar\/e0359add7ed5dc3560906d861b52c6a8cf5c1e199d3a7dd85070998f49bd4701?s=96&d=mm&r=g","contentUrl":"https:\/\/secure.gravatar.com\/avatar\/e0359add7ed5dc3560906d861b52c6a8cf5c1e199d3a7dd85070998f49bd4701?s=96&d=mm&r=g","caption":"afogadosfm"},"url":"https:\/\/afogadosfm.com.br\/afogadosfm\/author\/afogadosfm\/"}]}},"jetpack_publicize_connections":[],"jetpack_featured_media_url":"https:\/\/i0.wp.com\/afogadosfm.com.br\/afogadosfm\/wp-content\/uploads\/2021\/06\/calor.jpg?fit=2500%2C1667&ssl=1","jetpack-related-posts":[],"jetpack_sharing_enabled":true,"jetpack_likes_enabled":true,"_links":{"self":[{"href":"https:\/\/afogadosfm.com.br\/afogadosfm\/wp-json\/wp\/v2\/posts\/62635","targetHints":{"allow":["GET"]}}],"collection":[{"href":"https:\/\/afogadosfm.com.br\/afogadosfm\/wp-json\/wp\/v2\/posts"}],"about":[{"href":"https:\/\/afogadosfm.com.br\/afogadosfm\/wp-json\/wp\/v2\/types\/post"}],"author":[{"embeddable":true,"href":"https:\/\/afogadosfm.com.br\/afogadosfm\/wp-json\/wp\/v2\/users\/2"}],"replies":[{"embeddable":true,"href":"https:\/\/afogadosfm.com.br\/afogadosfm\/wp-json\/wp\/v2\/comments?post=62635"}],"version-history":[{"count":1,"href":"https:\/\/afogadosfm.com.br\/afogadosfm\/wp-json\/wp\/v2\/posts\/62635\/revisions"}],"predecessor-version":[{"id":62636,"href":"https:\/\/afogadosfm.com.br\/afogadosfm\/wp-json\/wp\/v2\/posts\/62635\/revisions\/62636"}],"wp:featuredmedia":[{"embeddable":true,"href":"https:\/\/afogadosfm.com.br\/afogadosfm\/wp-json\/wp\/v2\/media\/28315"}],"wp:attachment":[{"href":"https:\/\/afogadosfm.com.br\/afogadosfm\/wp-json\/wp\/v2\/media?parent=62635"}],"wp:term":[{"taxonomy":"category","embeddable":true,"href":"https:\/\/afogadosfm.com.br\/afogadosfm\/wp-json\/wp\/v2\/categories?post=62635"},{"taxonomy":"post_tag","embeddable":true,"href":"https:\/\/afogadosfm.com.br\/afogadosfm\/wp-json\/wp\/v2\/tags?post=62635"}],"curies":[{"name":"wp","href":"https:\/\/api.w.org\/{rel}","templated":true}]}}