{"id":62637,"date":"2025-01-16T07:29:45","date_gmt":"2025-01-16T10:29:45","guid":{"rendered":"https:\/\/afogadosfm.com.br\/afogadosfm\/?p=62637"},"modified":"2025-01-16T07:29:49","modified_gmt":"2025-01-16T10:29:49","slug":"prefeito-de-fortaleza-anunciou-reducao-de-20-do-proprio-salario","status":"publish","type":"post","link":"https:\/\/afogadosfm.com.br\/afogadosfm\/2025\/01\/16\/prefeito-de-fortaleza-anunciou-reducao-de-20-do-proprio-salario\/","title":{"rendered":"Prefeito de Fortaleza anunciou redu\u00e7\u00e3o de 20% do pr\u00f3prio sal\u00e1rio"},"content":{"rendered":"\n<p>Prefeito de Fortaleza,&nbsp;Evandro Leit\u00e3o (PT) anunciou uma redu\u00e7\u00e3o de 20% do pr\u00f3prio sal\u00e1rio&nbsp;e dos demais integrantes do primeiro escal\u00e3o do Executivo local, que inclui secret\u00e1rios e a vice-prefeita, Gabriella Aguiar (PSD), nesta quarta-feira. Com a altera\u00e7\u00e3o, o petista passa a receber R$ 22.880,00 mensais.<\/p>\n\n\n\n<p>O prefeito tamb\u00e9m promoveu uma redu\u00e7\u00e3o de quase 30% dos gastos com servidores do munic\u00edpio, em um pacote de conten\u00e7\u00e3o fiscal que explicou em v\u00eddeo publicado no X (antigo Twitter).<\/p>\n\n\n\n<p>Desde que tomou posse na capital cearense, em 1\u00ba de janeiro, Leit\u00e3o afirma ter recebido as chaves da prefeitura com um rombo bilion\u00e1rio deixado pelo antecessor, Jos\u00e9 Sarto (PDT), derrotado ainda no primeiro turno na tentativa de reelei\u00e7\u00e3o. As medidas anunciadas s\u00e3o uma rea\u00e7\u00e3o a esse cen\u00e1rio.<\/p>\n","protected":false},"excerpt":{"rendered":"<p>Prefeito de Fortaleza,&nbsp;Evandro Leit\u00e3o (PT) anunciou uma redu\u00e7\u00e3o de 20% do pr\u00f3prio sal\u00e1rio&nbsp;e dos demais integrantes do primeiro escal\u00e3o do<\/p>\n","protected":false},"author":2,"featured_media":62638,"comment_status":"open","ping_status":"open","sticky":false,"template":"","format":"standard","meta":{"jetpack_post_was_ever_published":false,"_jetpack_newsletter_access":"","_jetpack_dont_email_post_to_subs":false,"_jetpack_newsletter_tier_id":0,"_jetpack_memberships_contains_paywalled_content":false,"_jetpack_memberships_contains_paid_content":false,"footnotes":"","jetpack_publicize_message":"","jetpack_publicize_feature_enabled":true,"jetpack_social_post_already_shared":true,"jetpack_social_options":{"image_generator_settings":{"template":"highway","default_image_id":0,"font":"","enabled":false},"version":2}},"categories":[31],"tags":[],"class_list":["post-62637","post","type-post","status-publish","format-standard","has-post-thumbnail","hentry","category-nordeste"],"yoast_head":"<!-- This site is optimized with the Yoast SEO plugin v27.5 - https:\/\/yoast.com\/product\/yoast-seo-wordpress\/ -->\n<title>Prefeito de Fortaleza anunciou redu\u00e7\u00e3o de 20% do pr\u00f3prio sal\u00e1rio - Afogados FM<\/title>\n<meta name=\"robots\" content=\"index, follow, max-snippet:-1, max-image-preview:large, max-video-preview:-1\" \/>\n<link rel=\"canonical\" href=\"https:\/\/afogadosfm.com.br\/afogadosfm\/2025\/01\/16\/prefeito-de-fortaleza-anunciou-reducao-de-20-do-proprio-salario\/\" \/>\n<meta property=\"og:locale\" content=\"pt_BR\" \/>\n<meta property=\"og:type\" content=\"article\" \/>\n<meta property=\"og:title\" content=\"Prefeito de Fortaleza anunciou redu\u00e7\u00e3o de 20% do pr\u00f3prio sal\u00e1rio - Afogados FM\" \/>\n<meta property=\"og:description\" content=\"Prefeito de Fortaleza,&nbsp;Evandro Leit\u00e3o (PT) anunciou uma redu\u00e7\u00e3o de 20% do pr\u00f3prio sal\u00e1rio&nbsp;e dos demais integrantes do primeiro escal\u00e3o do\" \/>\n<meta property=\"og:url\" content=\"https:\/\/afogadosfm.com.br\/afogadosfm\/2025\/01\/16\/prefeito-de-fortaleza-anunciou-reducao-de-20-do-proprio-salario\/\" \/>\n<meta property=\"og:site_name\" content=\"Afogados FM\" \/>\n<meta property=\"article:published_time\" content=\"2025-01-16T10:29:45+00:00\" \/>\n<meta property=\"article:modified_time\" content=\"2025-01-16T10:29:49+00:00\" \/>\n<meta property=\"og:image\" content=\"https:\/\/afogadosfm.com.br\/afogadosfm\/wp-content\/uploads\/2025\/01\/prefeitofortal.jpg\" \/>\n\t<meta property=\"og:image:width\" content=\"768\" \/>\n\t<meta property=\"og:image:height\" content=\"432\" \/>\n\t<meta property=\"og:image:type\" content=\"image\/jpeg\" \/>\n<meta name=\"author\" content=\"afogadosfm\" \/>\n<meta name=\"twitter:card\" content=\"summary_large_image\" \/>\n<meta name=\"twitter:label1\" content=\"Escrito por\" \/>\n\t<meta name=\"twitter:data1\" content=\"afogadosfm\" \/>\n\t<meta name=\"twitter:label2\" content=\"Est. tempo de leitura\" \/>\n\t<meta name=\"twitter:data2\" content=\"1 minuto\" \/>\n<script type=\"application\/ld+json\" class=\"yoast-schema-graph\">{\"@context\":\"https:\\\/\\\/schema.org\",\"@graph\":[{\"@type\":\"Article\",\"@id\":\"https:\\\/\\\/afogadosfm.com.br\\\/afogadosfm\\\/2025\\\/01\\\/16\\\/prefeito-de-fortaleza-anunciou-reducao-de-20-do-proprio-salario\\\/#article\",\"isPartOf\":{\"@id\":\"https:\\\/\\\/afogadosfm.com.br\\\/afogadosfm\\\/2025\\\/01\\\/16\\\/prefeito-de-fortaleza-anunciou-reducao-de-20-do-proprio-salario\\\/\"},\"author\":{\"name\":\"afogadosfm\",\"@id\":\"https:\\\/\\\/afogadosfm.com.br\\\/afogadosfm\\\/#\\\/schema\\\/person\\\/60e56f2cf5dc960fc093fe093d9e9057\"},\"headline\":\"Prefeito de Fortaleza anunciou redu\u00e7\u00e3o de 20% do pr\u00f3prio sal\u00e1rio\",\"datePublished\":\"2025-01-16T10:29:45+00:00\",\"dateModified\":\"2025-01-16T10:29:49+00:00\",\"mainEntityOfPage\":{\"@id\":\"https:\\\/\\\/afogadosfm.com.br\\\/afogadosfm\\\/2025\\\/01\\\/16\\\/prefeito-de-fortaleza-anunciou-reducao-de-20-do-proprio-salario\\\/\"},\"wordCount\":151,\"commentCount\":0,\"publisher\":{\"@id\":\"https:\\\/\\\/afogadosfm.com.br\\\/afogadosfm\\\/#organization\"},\"image\":{\"@id\":\"https:\\\/\\\/afogadosfm.com.br\\\/afogadosfm\\\/2025\\\/01\\\/16\\\/prefeito-de-fortaleza-anunciou-reducao-de-20-do-proprio-salario\\\/#primaryimage\"},\"thumbnailUrl\":\"https:\\\/\\\/i0.wp.com\\\/afogadosfm.com.br\\\/afogadosfm\\\/wp-content\\\/uploads\\\/2025\\\/01\\\/prefeitofortal.jpg?fit=768%2C432&ssl=1\",\"articleSection\":[\"Nordeste\"],\"inLanguage\":\"pt-BR\",\"potentialAction\":[{\"@type\":\"CommentAction\",\"name\":\"Comment\",\"target\":[\"https:\\\/\\\/afogadosfm.com.br\\\/afogadosfm\\\/2025\\\/01\\\/16\\\/prefeito-de-fortaleza-anunciou-reducao-de-20-do-proprio-salario\\\/#respond\"]}]},{\"@type\":\"WebPage\",\"@id\":\"https:\\\/\\\/afogadosfm.com.br\\\/afogadosfm\\\/2025\\\/01\\\/16\\\/prefeito-de-fortaleza-anunciou-reducao-de-20-do-proprio-salario\\\/\",\"url\":\"https:\\\/\\\/afogadosfm.com.br\\\/afogadosfm\\\/2025\\\/01\\\/16\\\/prefeito-de-fortaleza-anunciou-reducao-de-20-do-proprio-salario\\\/\",\"name\":\"Prefeito de Fortaleza anunciou redu\u00e7\u00e3o de 20% do pr\u00f3prio sal\u00e1rio - Afogados FM\",\"isPartOf\":{\"@id\":\"https:\\\/\\\/afogadosfm.com.br\\\/afogadosfm\\\/#website\"},\"primaryImageOfPage\":{\"@id\":\"https:\\\/\\\/afogadosfm.com.br\\\/afogadosfm\\\/2025\\\/01\\\/16\\\/prefeito-de-fortaleza-anunciou-reducao-de-20-do-proprio-salario\\\/#primaryimage\"},\"image\":{\"@id\":\"https:\\\/\\\/afogadosfm.com.br\\\/afogadosfm\\\/2025\\\/01\\\/16\\\/prefeito-de-fortaleza-anunciou-reducao-de-20-do-proprio-salario\\\/#primaryimage\"},\"thumbnailUrl\":\"https:\\\/\\\/i0.wp.com\\\/afogadosfm.com.br\\\/afogadosfm\\\/wp-content\\\/uploads\\\/2025\\\/01\\\/prefeitofortal.jpg?fit=768%2C432&ssl=1\",\"datePublished\":\"2025-01-16T10:29:45+00:00\",\"dateModified\":\"2025-01-16T10:29:49+00:00\",\"breadcrumb\":{\"@id\":\"https:\\\/\\\/afogadosfm.com.br\\\/afogadosfm\\\/2025\\\/01\\\/16\\\/prefeito-de-fortaleza-anunciou-reducao-de-20-do-proprio-salario\\\/#breadcrumb\"},\"inLanguage\":\"pt-BR\",\"potentialAction\":[{\"@type\":\"ReadAction\",\"target\":[\"https:\\\/\\\/afogadosfm.com.br\\\/afogadosfm\\\/2025\\\/01\\\/16\\\/prefeito-de-fortaleza-anunciou-reducao-de-20-do-proprio-salario\\\/\"]}]},{\"@type\":\"ImageObject\",\"inLanguage\":\"pt-BR\",\"@id\":\"https:\\\/\\\/afogadosfm.com.br\\\/afogadosfm\\\/2025\\\/01\\\/16\\\/prefeito-de-fortaleza-anunciou-reducao-de-20-do-proprio-salario\\\/#primaryimage\",\"url\":\"https:\\\/\\\/i0.wp.com\\\/afogadosfm.com.br\\\/afogadosfm\\\/wp-content\\\/uploads\\\/2025\\\/01\\\/prefeitofortal.jpg?fit=768%2C432&ssl=1\",\"contentUrl\":\"https:\\\/\\\/i0.wp.com\\\/afogadosfm.com.br\\\/afogadosfm\\\/wp-content\\\/uploads\\\/2025\\\/01\\\/prefeitofortal.jpg?fit=768%2C432&ssl=1\",\"width\":768,\"height\":432},{\"@type\":\"BreadcrumbList\",\"@id\":\"https:\\\/\\\/afogadosfm.com.br\\\/afogadosfm\\\/2025\\\/01\\\/16\\\/prefeito-de-fortaleza-anunciou-reducao-de-20-do-proprio-salario\\\/#breadcrumb\",\"itemListElement\":[{\"@type\":\"ListItem\",\"position\":1,\"name\":\"In\u00edcio\",\"item\":\"https:\\\/\\\/afogadosfm.com.br\\\/afogadosfm\\\/\"},{\"@type\":\"ListItem\",\"position\":2,\"name\":\"Prefeito de Fortaleza anunciou redu\u00e7\u00e3o de 20% do pr\u00f3prio sal\u00e1rio\"}]},{\"@type\":\"WebSite\",\"@id\":\"https:\\\/\\\/afogadosfm.com.br\\\/afogadosfm\\\/#website\",\"url\":\"https:\\\/\\\/afogadosfm.com.br\\\/afogadosfm\\\/\",\"name\":\"Afogados FM\",\"description\":\"Um site completo!\",\"publisher\":{\"@id\":\"https:\\\/\\\/afogadosfm.com.br\\\/afogadosfm\\\/#organization\"},\"potentialAction\":[{\"@type\":\"SearchAction\",\"target\":{\"@type\":\"EntryPoint\",\"urlTemplate\":\"https:\\\/\\\/afogadosfm.com.br\\\/afogadosfm\\\/?s={search_term_string}\"},\"query-input\":{\"@type\":\"PropertyValueSpecification\",\"valueRequired\":true,\"valueName\":\"search_term_string\"}}],\"inLanguage\":\"pt-BR\"},{\"@type\":\"Organization\",\"@id\":\"https:\\\/\\\/afogadosfm.com.br\\\/afogadosfm\\\/#organization\",\"name\":\"Afogados FM\",\"url\":\"https:\\\/\\\/afogadosfm.com.br\\\/afogadosfm\\\/\",\"logo\":{\"@type\":\"ImageObject\",\"inLanguage\":\"pt-BR\",\"@id\":\"https:\\\/\\\/afogadosfm.com.br\\\/afogadosfm\\\/#\\\/schema\\\/logo\\\/image\\\/\",\"url\":\"https:\\\/\\\/i0.wp.com\\\/afogadosfm.com.br\\\/afogadosfm\\\/wp-content\\\/uploads\\\/2020\\\/06\\\/cropped-banner-afogados-4.jpg?fit=369%2C137&ssl=1\",\"contentUrl\":\"https:\\\/\\\/i0.wp.com\\\/afogadosfm.com.br\\\/afogadosfm\\\/wp-content\\\/uploads\\\/2020\\\/06\\\/cropped-banner-afogados-4.jpg?fit=369%2C137&ssl=1\",\"width\":369,\"height\":137,\"caption\":\"Afogados FM\"},\"image\":{\"@id\":\"https:\\\/\\\/afogadosfm.com.br\\\/afogadosfm\\\/#\\\/schema\\\/logo\\\/image\\\/\"}},{\"@type\":\"Person\",\"@id\":\"https:\\\/\\\/afogadosfm.com.br\\\/afogadosfm\\\/#\\\/schema\\\/person\\\/60e56f2cf5dc960fc093fe093d9e9057\",\"name\":\"afogadosfm\",\"image\":{\"@type\":\"ImageObject\",\"inLanguage\":\"pt-BR\",\"@id\":\"https:\\\/\\\/secure.gravatar.com\\\/avatar\\\/e0359add7ed5dc3560906d861b52c6a8cf5c1e199d3a7dd85070998f49bd4701?s=96&d=mm&r=g\",\"url\":\"https:\\\/\\\/secure.gravatar.com\\\/avatar\\\/e0359add7ed5dc3560906d861b52c6a8cf5c1e199d3a7dd85070998f49bd4701?s=96&d=mm&r=g\",\"contentUrl\":\"https:\\\/\\\/secure.gravatar.com\\\/avatar\\\/e0359add7ed5dc3560906d861b52c6a8cf5c1e199d3a7dd85070998f49bd4701?s=96&d=mm&r=g\",\"caption\":\"afogadosfm\"},\"url\":\"https:\\\/\\\/afogadosfm.com.br\\\/afogadosfm\\\/author\\\/afogadosfm\\\/\"}]}<\/script>\n<!-- \/ Yoast SEO plugin. -->","yoast_head_json":{"title":"Prefeito de Fortaleza anunciou redu\u00e7\u00e3o de 20% do pr\u00f3prio sal\u00e1rio - Afogados FM","robots":{"index":"index","follow":"follow","max-snippet":"max-snippet:-1","max-image-preview":"max-image-preview:large","max-video-preview":"max-video-preview:-1"},"canonical":"https:\/\/afogadosfm.com.br\/afogadosfm\/2025\/01\/16\/prefeito-de-fortaleza-anunciou-reducao-de-20-do-proprio-salario\/","og_locale":"pt_BR","og_type":"article","og_title":"Prefeito de Fortaleza anunciou redu\u00e7\u00e3o de 20% do pr\u00f3prio sal\u00e1rio - Afogados FM","og_description":"Prefeito de Fortaleza,&nbsp;Evandro Leit\u00e3o (PT) anunciou uma redu\u00e7\u00e3o de 20% do pr\u00f3prio sal\u00e1rio&nbsp;e dos demais integrantes do primeiro escal\u00e3o do","og_url":"https:\/\/afogadosfm.com.br\/afogadosfm\/2025\/01\/16\/prefeito-de-fortaleza-anunciou-reducao-de-20-do-proprio-salario\/","og_site_name":"Afogados FM","article_published_time":"2025-01-16T10:29:45+00:00","article_modified_time":"2025-01-16T10:29:49+00:00","og_image":[{"width":768,"height":432,"url":"https:\/\/afogadosfm.com.br\/afogadosfm\/wp-content\/uploads\/2025\/01\/prefeitofortal.jpg","type":"image\/jpeg"}],"author":"afogadosfm","twitter_card":"summary_large_image","twitter_misc":{"Escrito por":"afogadosfm","Est. tempo de leitura":"1 minuto"},"schema":{"@context":"https:\/\/schema.org","@graph":[{"@type":"Article","@id":"https:\/\/afogadosfm.com.br\/afogadosfm\/2025\/01\/16\/prefeito-de-fortaleza-anunciou-reducao-de-20-do-proprio-salario\/#article","isPartOf":{"@id":"https:\/\/afogadosfm.com.br\/afogadosfm\/2025\/01\/16\/prefeito-de-fortaleza-anunciou-reducao-de-20-do-proprio-salario\/"},"author":{"name":"afogadosfm","@id":"https:\/\/afogadosfm.com.br\/afogadosfm\/#\/schema\/person\/60e56f2cf5dc960fc093fe093d9e9057"},"headline":"Prefeito de Fortaleza anunciou redu\u00e7\u00e3o de 20% do pr\u00f3prio sal\u00e1rio","datePublished":"2025-01-16T10:29:45+00:00","dateModified":"2025-01-16T10:29:49+00:00","mainEntityOfPage":{"@id":"https:\/\/afogadosfm.com.br\/afogadosfm\/2025\/01\/16\/prefeito-de-fortaleza-anunciou-reducao-de-20-do-proprio-salario\/"},"wordCount":151,"commentCount":0,"publisher":{"@id":"https:\/\/afogadosfm.com.br\/afogadosfm\/#organization"},"image":{"@id":"https:\/\/afogadosfm.com.br\/afogadosfm\/2025\/01\/16\/prefeito-de-fortaleza-anunciou-reducao-de-20-do-proprio-salario\/#primaryimage"},"thumbnailUrl":"https:\/\/i0.wp.com\/afogadosfm.com.br\/afogadosfm\/wp-content\/uploads\/2025\/01\/prefeitofortal.jpg?fit=768%2C432&ssl=1","articleSection":["Nordeste"],"inLanguage":"pt-BR","potentialAction":[{"@type":"CommentAction","name":"Comment","target":["https:\/\/afogadosfm.com.br\/afogadosfm\/2025\/01\/16\/prefeito-de-fortaleza-anunciou-reducao-de-20-do-proprio-salario\/#respond"]}]},{"@type":"WebPage","@id":"https:\/\/afogadosfm.com.br\/afogadosfm\/2025\/01\/16\/prefeito-de-fortaleza-anunciou-reducao-de-20-do-proprio-salario\/","url":"https:\/\/afogadosfm.com.br\/afogadosfm\/2025\/01\/16\/prefeito-de-fortaleza-anunciou-reducao-de-20-do-proprio-salario\/","name":"Prefeito de Fortaleza anunciou redu\u00e7\u00e3o de 20% do pr\u00f3prio sal\u00e1rio - Afogados FM","isPartOf":{"@id":"https:\/\/afogadosfm.com.br\/afogadosfm\/#website"},"primaryImageOfPage":{"@id":"https:\/\/afogadosfm.com.br\/afogadosfm\/2025\/01\/16\/prefeito-de-fortaleza-anunciou-reducao-de-20-do-proprio-salario\/#primaryimage"},"image":{"@id":"https:\/\/afogadosfm.com.br\/afogadosfm\/2025\/01\/16\/prefeito-de-fortaleza-anunciou-reducao-de-20-do-proprio-salario\/#primaryimage"},"thumbnailUrl":"https:\/\/i0.wp.com\/afogadosfm.com.br\/afogadosfm\/wp-content\/uploads\/2025\/01\/prefeitofortal.jpg?fit=768%2C432&ssl=1","datePublished":"2025-01-16T10:29:45+00:00","dateModified":"2025-01-16T10:29:49+00:00","breadcrumb":{"@id":"https:\/\/afogadosfm.com.br\/afogadosfm\/2025\/01\/16\/prefeito-de-fortaleza-anunciou-reducao-de-20-do-proprio-salario\/#breadcrumb"},"inLanguage":"pt-BR","potentialAction":[{"@type":"ReadAction","target":["https:\/\/afogadosfm.com.br\/afogadosfm\/2025\/01\/16\/prefeito-de-fortaleza-anunciou-reducao-de-20-do-proprio-salario\/"]}]},{"@type":"ImageObject","inLanguage":"pt-BR","@id":"https:\/\/afogadosfm.com.br\/afogadosfm\/2025\/01\/16\/prefeito-de-fortaleza-anunciou-reducao-de-20-do-proprio-salario\/#primaryimage","url":"https:\/\/i0.wp.com\/afogadosfm.com.br\/afogadosfm\/wp-content\/uploads\/2025\/01\/prefeitofortal.jpg?fit=768%2C432&ssl=1","contentUrl":"https:\/\/i0.wp.com\/afogadosfm.com.br\/afogadosfm\/wp-content\/uploads\/2025\/01\/prefeitofortal.jpg?fit=768%2C432&ssl=1","width":768,"height":432},{"@type":"BreadcrumbList","@id":"https:\/\/afogadosfm.com.br\/afogadosfm\/2025\/01\/16\/prefeito-de-fortaleza-anunciou-reducao-de-20-do-proprio-salario\/#breadcrumb","itemListElement":[{"@type":"ListItem","position":1,"name":"In\u00edcio","item":"https:\/\/afogadosfm.com.br\/afogadosfm\/"},{"@type":"ListItem","position":2,"name":"Prefeito de Fortaleza anunciou redu\u00e7\u00e3o de 20% do pr\u00f3prio sal\u00e1rio"}]},{"@type":"WebSite","@id":"https:\/\/afogadosfm.com.br\/afogadosfm\/#website","url":"https:\/\/afogadosfm.com.br\/afogadosfm\/","name":"Afogados FM","description":"Um site completo!","publisher":{"@id":"https:\/\/afogadosfm.com.br\/afogadosfm\/#organization"},"potentialAction":[{"@type":"SearchAction","target":{"@type":"EntryPoint","urlTemplate":"https:\/\/afogadosfm.com.br\/afogadosfm\/?s={search_term_string}"},"query-input":{"@type":"PropertyValueSpecification","valueRequired":true,"valueName":"search_term_string"}}],"inLanguage":"pt-BR"},{"@type":"Organization","@id":"https:\/\/afogadosfm.com.br\/afogadosfm\/#organization","name":"Afogados FM","url":"https:\/\/afogadosfm.com.br\/afogadosfm\/","logo":{"@type":"ImageObject","inLanguage":"pt-BR","@id":"https:\/\/afogadosfm.com.br\/afogadosfm\/#\/schema\/logo\/image\/","url":"https:\/\/i0.wp.com\/afogadosfm.com.br\/afogadosfm\/wp-content\/uploads\/2020\/06\/cropped-banner-afogados-4.jpg?fit=369%2C137&ssl=1","contentUrl":"https:\/\/i0.wp.com\/afogadosfm.com.br\/afogadosfm\/wp-content\/uploads\/2020\/06\/cropped-banner-afogados-4.jpg?fit=369%2C137&ssl=1","width":369,"height":137,"caption":"Afogados FM"},"image":{"@id":"https:\/\/afogadosfm.com.br\/afogadosfm\/#\/schema\/logo\/image\/"}},{"@type":"Person","@id":"https:\/\/afogadosfm.com.br\/afogadosfm\/#\/schema\/person\/60e56f2cf5dc960fc093fe093d9e9057","name":"afogadosfm","image":{"@type":"ImageObject","inLanguage":"pt-BR","@id":"https:\/\/secure.gravatar.com\/avatar\/e0359add7ed5dc3560906d861b52c6a8cf5c1e199d3a7dd85070998f49bd4701?s=96&d=mm&r=g","url":"https:\/\/secure.gravatar.com\/avatar\/e0359add7ed5dc3560906d861b52c6a8cf5c1e199d3a7dd85070998f49bd4701?s=96&d=mm&r=g","contentUrl":"https:\/\/secure.gravatar.com\/avatar\/e0359add7ed5dc3560906d861b52c6a8cf5c1e199d3a7dd85070998f49bd4701?s=96&d=mm&r=g","caption":"afogadosfm"},"url":"https:\/\/afogadosfm.com.br\/afogadosfm\/author\/afogadosfm\/"}]}},"jetpack_publicize_connections":[],"jetpack_featured_media_url":"https:\/\/i0.wp.com\/afogadosfm.com.br\/afogadosfm\/wp-content\/uploads\/2025\/01\/prefeitofortal.jpg?fit=768%2C432&ssl=1","jetpack-related-posts":[],"jetpack_sharing_enabled":true,"jetpack_likes_enabled":true,"_links":{"self":[{"href":"https:\/\/afogadosfm.com.br\/afogadosfm\/wp-json\/wp\/v2\/posts\/62637","targetHints":{"allow":["GET"]}}],"collection":[{"href":"https:\/\/afogadosfm.com.br\/afogadosfm\/wp-json\/wp\/v2\/posts"}],"about":[{"href":"https:\/\/afogadosfm.com.br\/afogadosfm\/wp-json\/wp\/v2\/types\/post"}],"author":[{"embeddable":true,"href":"https:\/\/afogadosfm.com.br\/afogadosfm\/wp-json\/wp\/v2\/users\/2"}],"replies":[{"embeddable":true,"href":"https:\/\/afogadosfm.com.br\/afogadosfm\/wp-json\/wp\/v2\/comments?post=62637"}],"version-history":[{"count":1,"href":"https:\/\/afogadosfm.com.br\/afogadosfm\/wp-json\/wp\/v2\/posts\/62637\/revisions"}],"predecessor-version":[{"id":62639,"href":"https:\/\/afogadosfm.com.br\/afogadosfm\/wp-json\/wp\/v2\/posts\/62637\/revisions\/62639"}],"wp:featuredmedia":[{"embeddable":true,"href":"https:\/\/afogadosfm.com.br\/afogadosfm\/wp-json\/wp\/v2\/media\/62638"}],"wp:attachment":[{"href":"https:\/\/afogadosfm.com.br\/afogadosfm\/wp-json\/wp\/v2\/media?parent=62637"}],"wp:term":[{"taxonomy":"category","embeddable":true,"href":"https:\/\/afogadosfm.com.br\/afogadosfm\/wp-json\/wp\/v2\/categories?post=62637"},{"taxonomy":"post_tag","embeddable":true,"href":"https:\/\/afogadosfm.com.br\/afogadosfm\/wp-json\/wp\/v2\/tags?post=62637"}],"curies":[{"name":"wp","href":"https:\/\/api.w.org\/{rel}","templated":true}]}}