{"id":62643,"date":"2025-01-16T07:35:00","date_gmt":"2025-01-16T10:35:00","guid":{"rendered":"https:\/\/afogadosfm.com.br\/afogadosfm\/?p=62643"},"modified":"2025-01-16T07:35:04","modified_gmt":"2025-01-16T10:35:04","slug":"governo-federal-revoga-ato-da-receita-sobre-monitoramento-do-pix","status":"publish","type":"post","link":"https:\/\/afogadosfm.com.br\/afogadosfm\/2025\/01\/16\/governo-federal-revoga-ato-da-receita-sobre-monitoramento-do-pix\/","title":{"rendered":"Governo Federal revoga ato da Receita sobre monitoramento do Pix"},"content":{"rendered":"\n<p>O ministro da Fazenda, Fernando Haddad, anunciou nesta quarta-feira (15\/1) que o&nbsp;ato normativo da Receita sobre o monitoramento das movimenta\u00e7\u00f5es por Pix&nbsp;ser\u00e1 revogado. A norma vinha sendo pesadamente criticada pela oposi\u00e7\u00e3o e est\u00e1 causando muito desgaste ao governo Lula.<\/p>\n\n\n\n<p>Entenda a situa\u00e7\u00e3o do Pix:<\/p>\n\n\n\n<p>\u2013 O Pix \u00e9 o sistema de pagamentos cont\u00ednuo e em tempo real do Banco Central (BC), em funcionamento desde novembro de 2020.<\/p>\n\n\n\n<p>\u2013 Pelo ato que agora ser\u00e1 derrubado, transa\u00e7\u00f5es desse tipo que somassem pelo menos R$ 5 mil por m\u00eas para pessoas f\u00edsicas e R$ 15 mil para pessoas jur\u00eddicas (as empresas) seriam informadas \u00e0 Receita.<\/p>\n\n\n\n<p>\u2013 Segundo o Fisco, as normas sempre foram as mesmas, sendo apenas inclu\u00eddo o novo sistema de pagamentos.<\/p>\n\n\n\n<p>\u2013 Apesar disso, o governo federal tem sido acusado de fechar o cerco \u00e0 classe m\u00e9dia, enquanto a&nbsp;Fazenda alega que a medida \u00e9 direcionada aos grandes sonegadores.<\/p>\n\n\n\n<p>\u2013 Oposi\u00e7\u00e3o, com destaque para o deputado Nikolas Ferreira (PL-MG), tem criticado fortemente a medida, que agora cai.<\/p>\n\n\n\n<p>A normativa da Receita sobre o Pix passou a valer no in\u00edcio de janeiro. Apesar de o governo alegar que o objetivo era coibir grandes sonegadores, formou-se na opini\u00e3o p\u00fablica a no\u00e7\u00e3o de que as mudan\u00e7as fechariam o cerco sobre trabalhadores informais, obrigando-os a pagar Imposto de Renda sobre suas movimenta\u00e7\u00f5es.<\/p>\n\n\n\n<p>Em entrevista coletiva convocada para a tarde desta quarta, Haddad criticou o que chamou de fake news em torno do tema e disse que o presidente Lula (PT) vai editar uma Medida Provis\u00f3ria que \u201cgarante a n\u00e3o tributa\u00e7\u00e3o do Pix, e o sigilo [banc\u00e1rio] na forma da legisla\u00e7\u00e3o aplicada\u201d.<\/p>\n\n\n\n<p>Ainda segundo o ministro da Fazenda, a MP que Lula vai assinar \u201crefor\u00e7a tanto os princ\u00edpios da n\u00e3o onera\u00e7\u00e3o do Pix, quanto de todas as cl\u00e1usulas de sigilo banc\u00e1rio do Pix. Que foram objeto de explora\u00e7\u00e3o dessas pessoas que est\u00e3o cometendo crime\u201d, disse ele, criticando uma onda de not\u00edcias falsas sobre suposta taxa\u00e7\u00e3o do Pix que, segundo ele, ser\u00e3o investigadas pela Pol\u00edcia Federal.<\/p>\n\n\n\n<p>O ministro explicou que a MP vai equiparar a modalidade de pagamento ao uso do dinheiro. \u201cO que isso significa? Que essas pr\u00e1ticas que est\u00e3o sendo utilizadas hoje, com base na fake news, de cobrar a mais por aquilo que \u00e9 pago em Pix na compara\u00e7\u00e3o com em dinheiro, est\u00e1 vedado\u201d, disse. O texto deve ser publicado ainda nesta quarta-feira e tem 90 dias para ser votado no Congresso Nacional.<\/p>\n\n\n\n<p>Em rela\u00e7\u00e3o ao monitoramento das transa\u00e7\u00f5es acima de R$ 5 mil, o ministro afirmou que fica mantida a normativa anterior, uma lei complementar de 2001 que regulamenta o tema.<\/p>\n\n\n\n<p>Fonte: Metr\u00f3poles<\/p>\n","protected":false},"excerpt":{"rendered":"<p>O ministro da Fazenda, Fernando Haddad, anunciou nesta quarta-feira (15\/1) que o&nbsp;ato normativo da Receita sobre o monitoramento das movimenta\u00e7\u00f5es<\/p>\n","protected":false},"author":2,"featured_media":23655,"comment_status":"open","ping_status":"open","sticky":false,"template":"","format":"standard","meta":{"jetpack_post_was_ever_published":false,"_jetpack_newsletter_access":"","_jetpack_dont_email_post_to_subs":false,"_jetpack_newsletter_tier_id":0,"_jetpack_memberships_contains_paywalled_content":false,"_jetpack_memberships_contains_paid_content":false,"footnotes":"","jetpack_publicize_message":"","jetpack_publicize_feature_enabled":true,"jetpack_social_post_already_shared":true,"jetpack_social_options":{"image_generator_settings":{"template":"highway","default_image_id":0,"font":"","enabled":false},"version":2}},"categories":[12],"tags":[],"class_list":["post-62643","post","type-post","status-publish","format-standard","has-post-thumbnail","hentry","category-brasil"],"yoast_head":"<!-- This site is optimized with the Yoast SEO plugin v27.5 - https:\/\/yoast.com\/product\/yoast-seo-wordpress\/ -->\n<title>Governo Federal revoga ato da Receita sobre monitoramento do Pix - Afogados FM<\/title>\n<meta name=\"robots\" content=\"index, follow, max-snippet:-1, max-image-preview:large, max-video-preview:-1\" \/>\n<link rel=\"canonical\" href=\"https:\/\/afogadosfm.com.br\/afogadosfm\/2025\/01\/16\/governo-federal-revoga-ato-da-receita-sobre-monitoramento-do-pix\/\" \/>\n<meta property=\"og:locale\" content=\"pt_BR\" \/>\n<meta property=\"og:type\" content=\"article\" \/>\n<meta property=\"og:title\" content=\"Governo Federal revoga ato da Receita sobre monitoramento do Pix - Afogados FM\" \/>\n<meta property=\"og:description\" content=\"O ministro da Fazenda, Fernando Haddad, anunciou nesta quarta-feira (15\/1) que o&nbsp;ato normativo da Receita sobre o monitoramento das movimenta\u00e7\u00f5es\" \/>\n<meta property=\"og:url\" content=\"https:\/\/afogadosfm.com.br\/afogadosfm\/2025\/01\/16\/governo-federal-revoga-ato-da-receita-sobre-monitoramento-do-pix\/\" \/>\n<meta property=\"og:site_name\" content=\"Afogados FM\" \/>\n<meta property=\"article:published_time\" content=\"2025-01-16T10:35:00+00:00\" \/>\n<meta property=\"article:modified_time\" content=\"2025-01-16T10:35:04+00:00\" \/>\n<meta property=\"og:image\" content=\"https:\/\/afogadosfm.com.br\/afogadosfm\/wp-content\/uploads\/2021\/02\/pix.jpg\" \/>\n\t<meta property=\"og:image:width\" content=\"396\" \/>\n\t<meta property=\"og:image:height\" content=\"153\" \/>\n\t<meta property=\"og:image:type\" content=\"image\/jpeg\" \/>\n<meta name=\"author\" content=\"afogadosfm\" \/>\n<meta name=\"twitter:card\" content=\"summary_large_image\" \/>\n<meta name=\"twitter:label1\" content=\"Escrito por\" \/>\n\t<meta name=\"twitter:data1\" content=\"afogadosfm\" \/>\n\t<meta name=\"twitter:label2\" content=\"Est. tempo de leitura\" \/>\n\t<meta name=\"twitter:data2\" content=\"3 minutos\" \/>\n<script type=\"application\/ld+json\" class=\"yoast-schema-graph\">{\"@context\":\"https:\\\/\\\/schema.org\",\"@graph\":[{\"@type\":\"Article\",\"@id\":\"https:\\\/\\\/afogadosfm.com.br\\\/afogadosfm\\\/2025\\\/01\\\/16\\\/governo-federal-revoga-ato-da-receita-sobre-monitoramento-do-pix\\\/#article\",\"isPartOf\":{\"@id\":\"https:\\\/\\\/afogadosfm.com.br\\\/afogadosfm\\\/2025\\\/01\\\/16\\\/governo-federal-revoga-ato-da-receita-sobre-monitoramento-do-pix\\\/\"},\"author\":{\"name\":\"afogadosfm\",\"@id\":\"https:\\\/\\\/afogadosfm.com.br\\\/afogadosfm\\\/#\\\/schema\\\/person\\\/60e56f2cf5dc960fc093fe093d9e9057\"},\"headline\":\"Governo Federal revoga ato da Receita sobre monitoramento do Pix\",\"datePublished\":\"2025-01-16T10:35:00+00:00\",\"dateModified\":\"2025-01-16T10:35:04+00:00\",\"mainEntityOfPage\":{\"@id\":\"https:\\\/\\\/afogadosfm.com.br\\\/afogadosfm\\\/2025\\\/01\\\/16\\\/governo-federal-revoga-ato-da-receita-sobre-monitoramento-do-pix\\\/\"},\"wordCount\":468,\"commentCount\":0,\"publisher\":{\"@id\":\"https:\\\/\\\/afogadosfm.com.br\\\/afogadosfm\\\/#organization\"},\"image\":{\"@id\":\"https:\\\/\\\/afogadosfm.com.br\\\/afogadosfm\\\/2025\\\/01\\\/16\\\/governo-federal-revoga-ato-da-receita-sobre-monitoramento-do-pix\\\/#primaryimage\"},\"thumbnailUrl\":\"https:\\\/\\\/i0.wp.com\\\/afogadosfm.com.br\\\/afogadosfm\\\/wp-content\\\/uploads\\\/2021\\\/02\\\/pix.jpg?fit=396%2C153&ssl=1\",\"articleSection\":[\"Brasil\"],\"inLanguage\":\"pt-BR\",\"potentialAction\":[{\"@type\":\"CommentAction\",\"name\":\"Comment\",\"target\":[\"https:\\\/\\\/afogadosfm.com.br\\\/afogadosfm\\\/2025\\\/01\\\/16\\\/governo-federal-revoga-ato-da-receita-sobre-monitoramento-do-pix\\\/#respond\"]}]},{\"@type\":\"WebPage\",\"@id\":\"https:\\\/\\\/afogadosfm.com.br\\\/afogadosfm\\\/2025\\\/01\\\/16\\\/governo-federal-revoga-ato-da-receita-sobre-monitoramento-do-pix\\\/\",\"url\":\"https:\\\/\\\/afogadosfm.com.br\\\/afogadosfm\\\/2025\\\/01\\\/16\\\/governo-federal-revoga-ato-da-receita-sobre-monitoramento-do-pix\\\/\",\"name\":\"Governo Federal revoga ato da Receita sobre monitoramento do Pix - Afogados FM\",\"isPartOf\":{\"@id\":\"https:\\\/\\\/afogadosfm.com.br\\\/afogadosfm\\\/#website\"},\"primaryImageOfPage\":{\"@id\":\"https:\\\/\\\/afogadosfm.com.br\\\/afogadosfm\\\/2025\\\/01\\\/16\\\/governo-federal-revoga-ato-da-receita-sobre-monitoramento-do-pix\\\/#primaryimage\"},\"image\":{\"@id\":\"https:\\\/\\\/afogadosfm.com.br\\\/afogadosfm\\\/2025\\\/01\\\/16\\\/governo-federal-revoga-ato-da-receita-sobre-monitoramento-do-pix\\\/#primaryimage\"},\"thumbnailUrl\":\"https:\\\/\\\/i0.wp.com\\\/afogadosfm.com.br\\\/afogadosfm\\\/wp-content\\\/uploads\\\/2021\\\/02\\\/pix.jpg?fit=396%2C153&ssl=1\",\"datePublished\":\"2025-01-16T10:35:00+00:00\",\"dateModified\":\"2025-01-16T10:35:04+00:00\",\"breadcrumb\":{\"@id\":\"https:\\\/\\\/afogadosfm.com.br\\\/afogadosfm\\\/2025\\\/01\\\/16\\\/governo-federal-revoga-ato-da-receita-sobre-monitoramento-do-pix\\\/#breadcrumb\"},\"inLanguage\":\"pt-BR\",\"potentialAction\":[{\"@type\":\"ReadAction\",\"target\":[\"https:\\\/\\\/afogadosfm.com.br\\\/afogadosfm\\\/2025\\\/01\\\/16\\\/governo-federal-revoga-ato-da-receita-sobre-monitoramento-do-pix\\\/\"]}]},{\"@type\":\"ImageObject\",\"inLanguage\":\"pt-BR\",\"@id\":\"https:\\\/\\\/afogadosfm.com.br\\\/afogadosfm\\\/2025\\\/01\\\/16\\\/governo-federal-revoga-ato-da-receita-sobre-monitoramento-do-pix\\\/#primaryimage\",\"url\":\"https:\\\/\\\/i0.wp.com\\\/afogadosfm.com.br\\\/afogadosfm\\\/wp-content\\\/uploads\\\/2021\\\/02\\\/pix.jpg?fit=396%2C153&ssl=1\",\"contentUrl\":\"https:\\\/\\\/i0.wp.com\\\/afogadosfm.com.br\\\/afogadosfm\\\/wp-content\\\/uploads\\\/2021\\\/02\\\/pix.jpg?fit=396%2C153&ssl=1\",\"width\":396,\"height\":153},{\"@type\":\"BreadcrumbList\",\"@id\":\"https:\\\/\\\/afogadosfm.com.br\\\/afogadosfm\\\/2025\\\/01\\\/16\\\/governo-federal-revoga-ato-da-receita-sobre-monitoramento-do-pix\\\/#breadcrumb\",\"itemListElement\":[{\"@type\":\"ListItem\",\"position\":1,\"name\":\"In\u00edcio\",\"item\":\"https:\\\/\\\/afogadosfm.com.br\\\/afogadosfm\\\/\"},{\"@type\":\"ListItem\",\"position\":2,\"name\":\"Governo Federal revoga ato da Receita sobre monitoramento do Pix\"}]},{\"@type\":\"WebSite\",\"@id\":\"https:\\\/\\\/afogadosfm.com.br\\\/afogadosfm\\\/#website\",\"url\":\"https:\\\/\\\/afogadosfm.com.br\\\/afogadosfm\\\/\",\"name\":\"Afogados FM\",\"description\":\"Um site completo!\",\"publisher\":{\"@id\":\"https:\\\/\\\/afogadosfm.com.br\\\/afogadosfm\\\/#organization\"},\"potentialAction\":[{\"@type\":\"SearchAction\",\"target\":{\"@type\":\"EntryPoint\",\"urlTemplate\":\"https:\\\/\\\/afogadosfm.com.br\\\/afogadosfm\\\/?s={search_term_string}\"},\"query-input\":{\"@type\":\"PropertyValueSpecification\",\"valueRequired\":true,\"valueName\":\"search_term_string\"}}],\"inLanguage\":\"pt-BR\"},{\"@type\":\"Organization\",\"@id\":\"https:\\\/\\\/afogadosfm.com.br\\\/afogadosfm\\\/#organization\",\"name\":\"Afogados FM\",\"url\":\"https:\\\/\\\/afogadosfm.com.br\\\/afogadosfm\\\/\",\"logo\":{\"@type\":\"ImageObject\",\"inLanguage\":\"pt-BR\",\"@id\":\"https:\\\/\\\/afogadosfm.com.br\\\/afogadosfm\\\/#\\\/schema\\\/logo\\\/image\\\/\",\"url\":\"https:\\\/\\\/i0.wp.com\\\/afogadosfm.com.br\\\/afogadosfm\\\/wp-content\\\/uploads\\\/2020\\\/06\\\/cropped-banner-afogados-4.jpg?fit=369%2C137&ssl=1\",\"contentUrl\":\"https:\\\/\\\/i0.wp.com\\\/afogadosfm.com.br\\\/afogadosfm\\\/wp-content\\\/uploads\\\/2020\\\/06\\\/cropped-banner-afogados-4.jpg?fit=369%2C137&ssl=1\",\"width\":369,\"height\":137,\"caption\":\"Afogados FM\"},\"image\":{\"@id\":\"https:\\\/\\\/afogadosfm.com.br\\\/afogadosfm\\\/#\\\/schema\\\/logo\\\/image\\\/\"}},{\"@type\":\"Person\",\"@id\":\"https:\\\/\\\/afogadosfm.com.br\\\/afogadosfm\\\/#\\\/schema\\\/person\\\/60e56f2cf5dc960fc093fe093d9e9057\",\"name\":\"afogadosfm\",\"image\":{\"@type\":\"ImageObject\",\"inLanguage\":\"pt-BR\",\"@id\":\"https:\\\/\\\/secure.gravatar.com\\\/avatar\\\/e0359add7ed5dc3560906d861b52c6a8cf5c1e199d3a7dd85070998f49bd4701?s=96&d=mm&r=g\",\"url\":\"https:\\\/\\\/secure.gravatar.com\\\/avatar\\\/e0359add7ed5dc3560906d861b52c6a8cf5c1e199d3a7dd85070998f49bd4701?s=96&d=mm&r=g\",\"contentUrl\":\"https:\\\/\\\/secure.gravatar.com\\\/avatar\\\/e0359add7ed5dc3560906d861b52c6a8cf5c1e199d3a7dd85070998f49bd4701?s=96&d=mm&r=g\",\"caption\":\"afogadosfm\"},\"url\":\"https:\\\/\\\/afogadosfm.com.br\\\/afogadosfm\\\/author\\\/afogadosfm\\\/\"}]}<\/script>\n<!-- \/ Yoast SEO plugin. -->","yoast_head_json":{"title":"Governo Federal revoga ato da Receita sobre monitoramento do Pix - Afogados FM","robots":{"index":"index","follow":"follow","max-snippet":"max-snippet:-1","max-image-preview":"max-image-preview:large","max-video-preview":"max-video-preview:-1"},"canonical":"https:\/\/afogadosfm.com.br\/afogadosfm\/2025\/01\/16\/governo-federal-revoga-ato-da-receita-sobre-monitoramento-do-pix\/","og_locale":"pt_BR","og_type":"article","og_title":"Governo Federal revoga ato da Receita sobre monitoramento do Pix - Afogados FM","og_description":"O ministro da Fazenda, Fernando Haddad, anunciou nesta quarta-feira (15\/1) que o&nbsp;ato normativo da Receita sobre o monitoramento das movimenta\u00e7\u00f5es","og_url":"https:\/\/afogadosfm.com.br\/afogadosfm\/2025\/01\/16\/governo-federal-revoga-ato-da-receita-sobre-monitoramento-do-pix\/","og_site_name":"Afogados FM","article_published_time":"2025-01-16T10:35:00+00:00","article_modified_time":"2025-01-16T10:35:04+00:00","og_image":[{"width":396,"height":153,"url":"https:\/\/afogadosfm.com.br\/afogadosfm\/wp-content\/uploads\/2021\/02\/pix.jpg","type":"image\/jpeg"}],"author":"afogadosfm","twitter_card":"summary_large_image","twitter_misc":{"Escrito por":"afogadosfm","Est. tempo de leitura":"3 minutos"},"schema":{"@context":"https:\/\/schema.org","@graph":[{"@type":"Article","@id":"https:\/\/afogadosfm.com.br\/afogadosfm\/2025\/01\/16\/governo-federal-revoga-ato-da-receita-sobre-monitoramento-do-pix\/#article","isPartOf":{"@id":"https:\/\/afogadosfm.com.br\/afogadosfm\/2025\/01\/16\/governo-federal-revoga-ato-da-receita-sobre-monitoramento-do-pix\/"},"author":{"name":"afogadosfm","@id":"https:\/\/afogadosfm.com.br\/afogadosfm\/#\/schema\/person\/60e56f2cf5dc960fc093fe093d9e9057"},"headline":"Governo Federal revoga ato da Receita sobre monitoramento do Pix","datePublished":"2025-01-16T10:35:00+00:00","dateModified":"2025-01-16T10:35:04+00:00","mainEntityOfPage":{"@id":"https:\/\/afogadosfm.com.br\/afogadosfm\/2025\/01\/16\/governo-federal-revoga-ato-da-receita-sobre-monitoramento-do-pix\/"},"wordCount":468,"commentCount":0,"publisher":{"@id":"https:\/\/afogadosfm.com.br\/afogadosfm\/#organization"},"image":{"@id":"https:\/\/afogadosfm.com.br\/afogadosfm\/2025\/01\/16\/governo-federal-revoga-ato-da-receita-sobre-monitoramento-do-pix\/#primaryimage"},"thumbnailUrl":"https:\/\/i0.wp.com\/afogadosfm.com.br\/afogadosfm\/wp-content\/uploads\/2021\/02\/pix.jpg?fit=396%2C153&ssl=1","articleSection":["Brasil"],"inLanguage":"pt-BR","potentialAction":[{"@type":"CommentAction","name":"Comment","target":["https:\/\/afogadosfm.com.br\/afogadosfm\/2025\/01\/16\/governo-federal-revoga-ato-da-receita-sobre-monitoramento-do-pix\/#respond"]}]},{"@type":"WebPage","@id":"https:\/\/afogadosfm.com.br\/afogadosfm\/2025\/01\/16\/governo-federal-revoga-ato-da-receita-sobre-monitoramento-do-pix\/","url":"https:\/\/afogadosfm.com.br\/afogadosfm\/2025\/01\/16\/governo-federal-revoga-ato-da-receita-sobre-monitoramento-do-pix\/","name":"Governo Federal revoga ato da Receita sobre monitoramento do Pix - Afogados FM","isPartOf":{"@id":"https:\/\/afogadosfm.com.br\/afogadosfm\/#website"},"primaryImageOfPage":{"@id":"https:\/\/afogadosfm.com.br\/afogadosfm\/2025\/01\/16\/governo-federal-revoga-ato-da-receita-sobre-monitoramento-do-pix\/#primaryimage"},"image":{"@id":"https:\/\/afogadosfm.com.br\/afogadosfm\/2025\/01\/16\/governo-federal-revoga-ato-da-receita-sobre-monitoramento-do-pix\/#primaryimage"},"thumbnailUrl":"https:\/\/i0.wp.com\/afogadosfm.com.br\/afogadosfm\/wp-content\/uploads\/2021\/02\/pix.jpg?fit=396%2C153&ssl=1","datePublished":"2025-01-16T10:35:00+00:00","dateModified":"2025-01-16T10:35:04+00:00","breadcrumb":{"@id":"https:\/\/afogadosfm.com.br\/afogadosfm\/2025\/01\/16\/governo-federal-revoga-ato-da-receita-sobre-monitoramento-do-pix\/#breadcrumb"},"inLanguage":"pt-BR","potentialAction":[{"@type":"ReadAction","target":["https:\/\/afogadosfm.com.br\/afogadosfm\/2025\/01\/16\/governo-federal-revoga-ato-da-receita-sobre-monitoramento-do-pix\/"]}]},{"@type":"ImageObject","inLanguage":"pt-BR","@id":"https:\/\/afogadosfm.com.br\/afogadosfm\/2025\/01\/16\/governo-federal-revoga-ato-da-receita-sobre-monitoramento-do-pix\/#primaryimage","url":"https:\/\/i0.wp.com\/afogadosfm.com.br\/afogadosfm\/wp-content\/uploads\/2021\/02\/pix.jpg?fit=396%2C153&ssl=1","contentUrl":"https:\/\/i0.wp.com\/afogadosfm.com.br\/afogadosfm\/wp-content\/uploads\/2021\/02\/pix.jpg?fit=396%2C153&ssl=1","width":396,"height":153},{"@type":"BreadcrumbList","@id":"https:\/\/afogadosfm.com.br\/afogadosfm\/2025\/01\/16\/governo-federal-revoga-ato-da-receita-sobre-monitoramento-do-pix\/#breadcrumb","itemListElement":[{"@type":"ListItem","position":1,"name":"In\u00edcio","item":"https:\/\/afogadosfm.com.br\/afogadosfm\/"},{"@type":"ListItem","position":2,"name":"Governo Federal revoga ato da Receita sobre monitoramento do Pix"}]},{"@type":"WebSite","@id":"https:\/\/afogadosfm.com.br\/afogadosfm\/#website","url":"https:\/\/afogadosfm.com.br\/afogadosfm\/","name":"Afogados FM","description":"Um site completo!","publisher":{"@id":"https:\/\/afogadosfm.com.br\/afogadosfm\/#organization"},"potentialAction":[{"@type":"SearchAction","target":{"@type":"EntryPoint","urlTemplate":"https:\/\/afogadosfm.com.br\/afogadosfm\/?s={search_term_string}"},"query-input":{"@type":"PropertyValueSpecification","valueRequired":true,"valueName":"search_term_string"}}],"inLanguage":"pt-BR"},{"@type":"Organization","@id":"https:\/\/afogadosfm.com.br\/afogadosfm\/#organization","name":"Afogados FM","url":"https:\/\/afogadosfm.com.br\/afogadosfm\/","logo":{"@type":"ImageObject","inLanguage":"pt-BR","@id":"https:\/\/afogadosfm.com.br\/afogadosfm\/#\/schema\/logo\/image\/","url":"https:\/\/i0.wp.com\/afogadosfm.com.br\/afogadosfm\/wp-content\/uploads\/2020\/06\/cropped-banner-afogados-4.jpg?fit=369%2C137&ssl=1","contentUrl":"https:\/\/i0.wp.com\/afogadosfm.com.br\/afogadosfm\/wp-content\/uploads\/2020\/06\/cropped-banner-afogados-4.jpg?fit=369%2C137&ssl=1","width":369,"height":137,"caption":"Afogados FM"},"image":{"@id":"https:\/\/afogadosfm.com.br\/afogadosfm\/#\/schema\/logo\/image\/"}},{"@type":"Person","@id":"https:\/\/afogadosfm.com.br\/afogadosfm\/#\/schema\/person\/60e56f2cf5dc960fc093fe093d9e9057","name":"afogadosfm","image":{"@type":"ImageObject","inLanguage":"pt-BR","@id":"https:\/\/secure.gravatar.com\/avatar\/e0359add7ed5dc3560906d861b52c6a8cf5c1e199d3a7dd85070998f49bd4701?s=96&d=mm&r=g","url":"https:\/\/secure.gravatar.com\/avatar\/e0359add7ed5dc3560906d861b52c6a8cf5c1e199d3a7dd85070998f49bd4701?s=96&d=mm&r=g","contentUrl":"https:\/\/secure.gravatar.com\/avatar\/e0359add7ed5dc3560906d861b52c6a8cf5c1e199d3a7dd85070998f49bd4701?s=96&d=mm&r=g","caption":"afogadosfm"},"url":"https:\/\/afogadosfm.com.br\/afogadosfm\/author\/afogadosfm\/"}]}},"jetpack_publicize_connections":[],"jetpack_featured_media_url":"https:\/\/i0.wp.com\/afogadosfm.com.br\/afogadosfm\/wp-content\/uploads\/2021\/02\/pix.jpg?fit=396%2C153&ssl=1","jetpack-related-posts":[],"jetpack_sharing_enabled":true,"jetpack_likes_enabled":true,"_links":{"self":[{"href":"https:\/\/afogadosfm.com.br\/afogadosfm\/wp-json\/wp\/v2\/posts\/62643","targetHints":{"allow":["GET"]}}],"collection":[{"href":"https:\/\/afogadosfm.com.br\/afogadosfm\/wp-json\/wp\/v2\/posts"}],"about":[{"href":"https:\/\/afogadosfm.com.br\/afogadosfm\/wp-json\/wp\/v2\/types\/post"}],"author":[{"embeddable":true,"href":"https:\/\/afogadosfm.com.br\/afogadosfm\/wp-json\/wp\/v2\/users\/2"}],"replies":[{"embeddable":true,"href":"https:\/\/afogadosfm.com.br\/afogadosfm\/wp-json\/wp\/v2\/comments?post=62643"}],"version-history":[{"count":1,"href":"https:\/\/afogadosfm.com.br\/afogadosfm\/wp-json\/wp\/v2\/posts\/62643\/revisions"}],"predecessor-version":[{"id":62644,"href":"https:\/\/afogadosfm.com.br\/afogadosfm\/wp-json\/wp\/v2\/posts\/62643\/revisions\/62644"}],"wp:featuredmedia":[{"embeddable":true,"href":"https:\/\/afogadosfm.com.br\/afogadosfm\/wp-json\/wp\/v2\/media\/23655"}],"wp:attachment":[{"href":"https:\/\/afogadosfm.com.br\/afogadosfm\/wp-json\/wp\/v2\/media?parent=62643"}],"wp:term":[{"taxonomy":"category","embeddable":true,"href":"https:\/\/afogadosfm.com.br\/afogadosfm\/wp-json\/wp\/v2\/categories?post=62643"},{"taxonomy":"post_tag","embeddable":true,"href":"https:\/\/afogadosfm.com.br\/afogadosfm\/wp-json\/wp\/v2\/tags?post=62643"}],"curies":[{"name":"wp","href":"https:\/\/api.w.org\/{rel}","templated":true}]}}