{"id":62655,"date":"2025-01-16T10:31:53","date_gmt":"2025-01-16T13:31:53","guid":{"rendered":"https:\/\/afogadosfm.com.br\/afogadosfm\/?p=62655"},"modified":"2025-01-16T10:31:58","modified_gmt":"2025-01-16T13:31:58","slug":"presidiario-em-regime-de-prisao-domiciliar-foi-morto-a-tiros-apos-incendiar-a-casa-com-a-esposa-e-filhos-dentro","status":"publish","type":"post","link":"https:\/\/afogadosfm.com.br\/afogadosfm\/2025\/01\/16\/presidiario-em-regime-de-prisao-domiciliar-foi-morto-a-tiros-apos-incendiar-a-casa-com-a-esposa-e-filhos-dentro\/","title":{"rendered":"Presidi\u00e1rio em regime de pris\u00e3o domiciliar foi morto a tiros ap\u00f3s incendiar a casa com a esposa e filhos dentro"},"content":{"rendered":"\n<p>Na manh\u00e3 de ontem, dia 15, Daniel Miguel da Silva J\u00fanior, conhecido como \u201cGod\u00f3\u201d, de 31 anos, foi morto a tiros na Comunidade do Tururu, bairro do Janga, em Paulista, no Litoral Norte de Pernambuco.<\/p>\n\n\n\n<p>A v\u00edtima estava em regime de pris\u00e3o domiciliar h\u00e1 cerca de quatro meses e fazia uso de tornozeleira eletr\u00f4nica.<\/p>\n\n\n\n<p>De acordo com relatos, Daniel teria se envolvido em uma discuss\u00e3o com sua companheira. Durante o desentendimento, ele teria trancado a esposa e os filhos dentro da resid\u00eancia e ateado fogo no im\u00f3vel.<\/p>\n\n\n\n<p>A situa\u00e7\u00e3o gerou como\u00e7\u00e3o na comunidade, e homens armados, ao tomarem conhecimento do ocorrido, teriam se deslocado at\u00e9 o local, imobilizado Daniel e executado-o a tiros.<\/p>\n\n\n\n<p>A casa ficou parcialmente destru\u00edda, mas a companheira e os filhos conseguiram sair do local e n\u00e3o sofreram ferimentos graves. Daniel tinha passagens pela pol\u00edcia por tr\u00e1fico de drogas.<\/p>\n\n\n\n<p>A Pol\u00edcia Cient\u00edfica realizou o levantamento cadav\u00e9rico, e o corpo foi encaminhado ao Instituto de Medicina Legal (IML). A Pol\u00edcia Civil investiga o caso<\/p>\n","protected":false},"excerpt":{"rendered":"<p>Na manh\u00e3 de ontem, dia 15, Daniel Miguel da Silva J\u00fanior, conhecido como \u201cGod\u00f3\u201d, de 31 anos, foi morto a<\/p>\n","protected":false},"author":2,"featured_media":273,"comment_status":"open","ping_status":"open","sticky":false,"template":"","format":"standard","meta":{"jetpack_post_was_ever_published":false,"_jetpack_newsletter_access":"","_jetpack_dont_email_post_to_subs":false,"_jetpack_newsletter_tier_id":0,"_jetpack_memberships_contains_paywalled_content":false,"_jetpack_memberships_contains_paid_content":false,"footnotes":"","jetpack_publicize_message":"","jetpack_publicize_feature_enabled":true,"jetpack_social_post_already_shared":true,"jetpack_social_options":{"image_generator_settings":{"template":"highway","default_image_id":0,"font":"","enabled":false},"version":2}},"categories":[34],"tags":[],"class_list":["post-62655","post","type-post","status-publish","format-standard","has-post-thumbnail","hentry","category-policia"],"yoast_head":"<!-- This site is optimized with the Yoast SEO plugin v27.5 - https:\/\/yoast.com\/product\/yoast-seo-wordpress\/ -->\n<title>Presidi\u00e1rio em regime de pris\u00e3o domiciliar foi morto a tiros ap\u00f3s incendiar a casa com a esposa e filhos dentro - Afogados FM<\/title>\n<meta name=\"robots\" content=\"index, follow, max-snippet:-1, max-image-preview:large, max-video-preview:-1\" \/>\n<link rel=\"canonical\" href=\"https:\/\/afogadosfm.com.br\/afogadosfm\/2025\/01\/16\/presidiario-em-regime-de-prisao-domiciliar-foi-morto-a-tiros-apos-incendiar-a-casa-com-a-esposa-e-filhos-dentro\/\" \/>\n<meta property=\"og:locale\" content=\"pt_BR\" \/>\n<meta property=\"og:type\" content=\"article\" \/>\n<meta property=\"og:title\" content=\"Presidi\u00e1rio em regime de pris\u00e3o domiciliar foi morto a tiros ap\u00f3s incendiar a casa com a esposa e filhos dentro - Afogados FM\" \/>\n<meta property=\"og:description\" content=\"Na manh\u00e3 de ontem, dia 15, Daniel Miguel da Silva J\u00fanior, conhecido como \u201cGod\u00f3\u201d, de 31 anos, foi morto a\" \/>\n<meta property=\"og:url\" content=\"https:\/\/afogadosfm.com.br\/afogadosfm\/2025\/01\/16\/presidiario-em-regime-de-prisao-domiciliar-foi-morto-a-tiros-apos-incendiar-a-casa-com-a-esposa-e-filhos-dentro\/\" \/>\n<meta property=\"og:site_name\" content=\"Afogados FM\" \/>\n<meta property=\"article:published_time\" content=\"2025-01-16T13:31:53+00:00\" \/>\n<meta property=\"article:modified_time\" content=\"2025-01-16T13:31:58+00:00\" \/>\n<meta property=\"og:image\" content=\"https:\/\/afogadosfm.com.br\/afogadosfm\/wp-content\/uploads\/2017\/10\/arma.png\" \/>\n\t<meta property=\"og:image:width\" content=\"300\" \/>\n\t<meta property=\"og:image:height\" content=\"168\" \/>\n\t<meta property=\"og:image:type\" content=\"image\/png\" \/>\n<meta name=\"author\" content=\"afogadosfm\" \/>\n<meta name=\"twitter:card\" content=\"summary_large_image\" \/>\n<meta name=\"twitter:label1\" content=\"Escrito por\" \/>\n\t<meta name=\"twitter:data1\" content=\"afogadosfm\" \/>\n\t<meta name=\"twitter:label2\" content=\"Est. tempo de leitura\" \/>\n\t<meta name=\"twitter:data2\" content=\"2 minutos\" \/>\n<script type=\"application\/ld+json\" class=\"yoast-schema-graph\">{\"@context\":\"https:\\\/\\\/schema.org\",\"@graph\":[{\"@type\":\"Article\",\"@id\":\"https:\\\/\\\/afogadosfm.com.br\\\/afogadosfm\\\/2025\\\/01\\\/16\\\/presidiario-em-regime-de-prisao-domiciliar-foi-morto-a-tiros-apos-incendiar-a-casa-com-a-esposa-e-filhos-dentro\\\/#article\",\"isPartOf\":{\"@id\":\"https:\\\/\\\/afogadosfm.com.br\\\/afogadosfm\\\/2025\\\/01\\\/16\\\/presidiario-em-regime-de-prisao-domiciliar-foi-morto-a-tiros-apos-incendiar-a-casa-com-a-esposa-e-filhos-dentro\\\/\"},\"author\":{\"name\":\"afogadosfm\",\"@id\":\"https:\\\/\\\/afogadosfm.com.br\\\/afogadosfm\\\/#\\\/schema\\\/person\\\/60e56f2cf5dc960fc093fe093d9e9057\"},\"headline\":\"Presidi\u00e1rio em regime de pris\u00e3o domiciliar foi morto a tiros ap\u00f3s incendiar a casa com a esposa e filhos dentro\",\"datePublished\":\"2025-01-16T13:31:53+00:00\",\"dateModified\":\"2025-01-16T13:31:58+00:00\",\"mainEntityOfPage\":{\"@id\":\"https:\\\/\\\/afogadosfm.com.br\\\/afogadosfm\\\/2025\\\/01\\\/16\\\/presidiario-em-regime-de-prisao-domiciliar-foi-morto-a-tiros-apos-incendiar-a-casa-com-a-esposa-e-filhos-dentro\\\/\"},\"wordCount\":204,\"commentCount\":0,\"publisher\":{\"@id\":\"https:\\\/\\\/afogadosfm.com.br\\\/afogadosfm\\\/#organization\"},\"image\":{\"@id\":\"https:\\\/\\\/afogadosfm.com.br\\\/afogadosfm\\\/2025\\\/01\\\/16\\\/presidiario-em-regime-de-prisao-domiciliar-foi-morto-a-tiros-apos-incendiar-a-casa-com-a-esposa-e-filhos-dentro\\\/#primaryimage\"},\"thumbnailUrl\":\"https:\\\/\\\/i0.wp.com\\\/afogadosfm.com.br\\\/afogadosfm\\\/wp-content\\\/uploads\\\/2017\\\/10\\\/arma.png?fit=300%2C168&ssl=1\",\"articleSection\":[\"Pol\u00edcia\"],\"inLanguage\":\"pt-BR\",\"potentialAction\":[{\"@type\":\"CommentAction\",\"name\":\"Comment\",\"target\":[\"https:\\\/\\\/afogadosfm.com.br\\\/afogadosfm\\\/2025\\\/01\\\/16\\\/presidiario-em-regime-de-prisao-domiciliar-foi-morto-a-tiros-apos-incendiar-a-casa-com-a-esposa-e-filhos-dentro\\\/#respond\"]}]},{\"@type\":\"WebPage\",\"@id\":\"https:\\\/\\\/afogadosfm.com.br\\\/afogadosfm\\\/2025\\\/01\\\/16\\\/presidiario-em-regime-de-prisao-domiciliar-foi-morto-a-tiros-apos-incendiar-a-casa-com-a-esposa-e-filhos-dentro\\\/\",\"url\":\"https:\\\/\\\/afogadosfm.com.br\\\/afogadosfm\\\/2025\\\/01\\\/16\\\/presidiario-em-regime-de-prisao-domiciliar-foi-morto-a-tiros-apos-incendiar-a-casa-com-a-esposa-e-filhos-dentro\\\/\",\"name\":\"Presidi\u00e1rio em regime de pris\u00e3o domiciliar foi morto a tiros ap\u00f3s incendiar a casa com a esposa e filhos dentro - Afogados FM\",\"isPartOf\":{\"@id\":\"https:\\\/\\\/afogadosfm.com.br\\\/afogadosfm\\\/#website\"},\"primaryImageOfPage\":{\"@id\":\"https:\\\/\\\/afogadosfm.com.br\\\/afogadosfm\\\/2025\\\/01\\\/16\\\/presidiario-em-regime-de-prisao-domiciliar-foi-morto-a-tiros-apos-incendiar-a-casa-com-a-esposa-e-filhos-dentro\\\/#primaryimage\"},\"image\":{\"@id\":\"https:\\\/\\\/afogadosfm.com.br\\\/afogadosfm\\\/2025\\\/01\\\/16\\\/presidiario-em-regime-de-prisao-domiciliar-foi-morto-a-tiros-apos-incendiar-a-casa-com-a-esposa-e-filhos-dentro\\\/#primaryimage\"},\"thumbnailUrl\":\"https:\\\/\\\/i0.wp.com\\\/afogadosfm.com.br\\\/afogadosfm\\\/wp-content\\\/uploads\\\/2017\\\/10\\\/arma.png?fit=300%2C168&ssl=1\",\"datePublished\":\"2025-01-16T13:31:53+00:00\",\"dateModified\":\"2025-01-16T13:31:58+00:00\",\"breadcrumb\":{\"@id\":\"https:\\\/\\\/afogadosfm.com.br\\\/afogadosfm\\\/2025\\\/01\\\/16\\\/presidiario-em-regime-de-prisao-domiciliar-foi-morto-a-tiros-apos-incendiar-a-casa-com-a-esposa-e-filhos-dentro\\\/#breadcrumb\"},\"inLanguage\":\"pt-BR\",\"potentialAction\":[{\"@type\":\"ReadAction\",\"target\":[\"https:\\\/\\\/afogadosfm.com.br\\\/afogadosfm\\\/2025\\\/01\\\/16\\\/presidiario-em-regime-de-prisao-domiciliar-foi-morto-a-tiros-apos-incendiar-a-casa-com-a-esposa-e-filhos-dentro\\\/\"]}]},{\"@type\":\"ImageObject\",\"inLanguage\":\"pt-BR\",\"@id\":\"https:\\\/\\\/afogadosfm.com.br\\\/afogadosfm\\\/2025\\\/01\\\/16\\\/presidiario-em-regime-de-prisao-domiciliar-foi-morto-a-tiros-apos-incendiar-a-casa-com-a-esposa-e-filhos-dentro\\\/#primaryimage\",\"url\":\"https:\\\/\\\/i0.wp.com\\\/afogadosfm.com.br\\\/afogadosfm\\\/wp-content\\\/uploads\\\/2017\\\/10\\\/arma.png?fit=300%2C168&ssl=1\",\"contentUrl\":\"https:\\\/\\\/i0.wp.com\\\/afogadosfm.com.br\\\/afogadosfm\\\/wp-content\\\/uploads\\\/2017\\\/10\\\/arma.png?fit=300%2C168&ssl=1\",\"width\":300,\"height\":168},{\"@type\":\"BreadcrumbList\",\"@id\":\"https:\\\/\\\/afogadosfm.com.br\\\/afogadosfm\\\/2025\\\/01\\\/16\\\/presidiario-em-regime-de-prisao-domiciliar-foi-morto-a-tiros-apos-incendiar-a-casa-com-a-esposa-e-filhos-dentro\\\/#breadcrumb\",\"itemListElement\":[{\"@type\":\"ListItem\",\"position\":1,\"name\":\"In\u00edcio\",\"item\":\"https:\\\/\\\/afogadosfm.com.br\\\/afogadosfm\\\/\"},{\"@type\":\"ListItem\",\"position\":2,\"name\":\"Presidi\u00e1rio em regime de pris\u00e3o domiciliar foi morto a tiros ap\u00f3s incendiar a casa com a esposa e filhos dentro\"}]},{\"@type\":\"WebSite\",\"@id\":\"https:\\\/\\\/afogadosfm.com.br\\\/afogadosfm\\\/#website\",\"url\":\"https:\\\/\\\/afogadosfm.com.br\\\/afogadosfm\\\/\",\"name\":\"Afogados FM\",\"description\":\"Um site completo!\",\"publisher\":{\"@id\":\"https:\\\/\\\/afogadosfm.com.br\\\/afogadosfm\\\/#organization\"},\"potentialAction\":[{\"@type\":\"SearchAction\",\"target\":{\"@type\":\"EntryPoint\",\"urlTemplate\":\"https:\\\/\\\/afogadosfm.com.br\\\/afogadosfm\\\/?s={search_term_string}\"},\"query-input\":{\"@type\":\"PropertyValueSpecification\",\"valueRequired\":true,\"valueName\":\"search_term_string\"}}],\"inLanguage\":\"pt-BR\"},{\"@type\":\"Organization\",\"@id\":\"https:\\\/\\\/afogadosfm.com.br\\\/afogadosfm\\\/#organization\",\"name\":\"Afogados FM\",\"url\":\"https:\\\/\\\/afogadosfm.com.br\\\/afogadosfm\\\/\",\"logo\":{\"@type\":\"ImageObject\",\"inLanguage\":\"pt-BR\",\"@id\":\"https:\\\/\\\/afogadosfm.com.br\\\/afogadosfm\\\/#\\\/schema\\\/logo\\\/image\\\/\",\"url\":\"https:\\\/\\\/i0.wp.com\\\/afogadosfm.com.br\\\/afogadosfm\\\/wp-content\\\/uploads\\\/2020\\\/06\\\/cropped-banner-afogados-4.jpg?fit=369%2C137&ssl=1\",\"contentUrl\":\"https:\\\/\\\/i0.wp.com\\\/afogadosfm.com.br\\\/afogadosfm\\\/wp-content\\\/uploads\\\/2020\\\/06\\\/cropped-banner-afogados-4.jpg?fit=369%2C137&ssl=1\",\"width\":369,\"height\":137,\"caption\":\"Afogados FM\"},\"image\":{\"@id\":\"https:\\\/\\\/afogadosfm.com.br\\\/afogadosfm\\\/#\\\/schema\\\/logo\\\/image\\\/\"}},{\"@type\":\"Person\",\"@id\":\"https:\\\/\\\/afogadosfm.com.br\\\/afogadosfm\\\/#\\\/schema\\\/person\\\/60e56f2cf5dc960fc093fe093d9e9057\",\"name\":\"afogadosfm\",\"image\":{\"@type\":\"ImageObject\",\"inLanguage\":\"pt-BR\",\"@id\":\"https:\\\/\\\/secure.gravatar.com\\\/avatar\\\/e0359add7ed5dc3560906d861b52c6a8cf5c1e199d3a7dd85070998f49bd4701?s=96&d=mm&r=g\",\"url\":\"https:\\\/\\\/secure.gravatar.com\\\/avatar\\\/e0359add7ed5dc3560906d861b52c6a8cf5c1e199d3a7dd85070998f49bd4701?s=96&d=mm&r=g\",\"contentUrl\":\"https:\\\/\\\/secure.gravatar.com\\\/avatar\\\/e0359add7ed5dc3560906d861b52c6a8cf5c1e199d3a7dd85070998f49bd4701?s=96&d=mm&r=g\",\"caption\":\"afogadosfm\"},\"url\":\"https:\\\/\\\/afogadosfm.com.br\\\/afogadosfm\\\/author\\\/afogadosfm\\\/\"}]}<\/script>\n<!-- \/ Yoast SEO plugin. -->","yoast_head_json":{"title":"Presidi\u00e1rio em regime de pris\u00e3o domiciliar foi morto a tiros ap\u00f3s incendiar a casa com a esposa e filhos dentro - Afogados FM","robots":{"index":"index","follow":"follow","max-snippet":"max-snippet:-1","max-image-preview":"max-image-preview:large","max-video-preview":"max-video-preview:-1"},"canonical":"https:\/\/afogadosfm.com.br\/afogadosfm\/2025\/01\/16\/presidiario-em-regime-de-prisao-domiciliar-foi-morto-a-tiros-apos-incendiar-a-casa-com-a-esposa-e-filhos-dentro\/","og_locale":"pt_BR","og_type":"article","og_title":"Presidi\u00e1rio em regime de pris\u00e3o domiciliar foi morto a tiros ap\u00f3s incendiar a casa com a esposa e filhos dentro - Afogados FM","og_description":"Na manh\u00e3 de ontem, dia 15, Daniel Miguel da Silva J\u00fanior, conhecido como \u201cGod\u00f3\u201d, de 31 anos, foi morto a","og_url":"https:\/\/afogadosfm.com.br\/afogadosfm\/2025\/01\/16\/presidiario-em-regime-de-prisao-domiciliar-foi-morto-a-tiros-apos-incendiar-a-casa-com-a-esposa-e-filhos-dentro\/","og_site_name":"Afogados FM","article_published_time":"2025-01-16T13:31:53+00:00","article_modified_time":"2025-01-16T13:31:58+00:00","og_image":[{"width":300,"height":168,"url":"https:\/\/afogadosfm.com.br\/afogadosfm\/wp-content\/uploads\/2017\/10\/arma.png","type":"image\/png"}],"author":"afogadosfm","twitter_card":"summary_large_image","twitter_misc":{"Escrito por":"afogadosfm","Est. tempo de leitura":"2 minutos"},"schema":{"@context":"https:\/\/schema.org","@graph":[{"@type":"Article","@id":"https:\/\/afogadosfm.com.br\/afogadosfm\/2025\/01\/16\/presidiario-em-regime-de-prisao-domiciliar-foi-morto-a-tiros-apos-incendiar-a-casa-com-a-esposa-e-filhos-dentro\/#article","isPartOf":{"@id":"https:\/\/afogadosfm.com.br\/afogadosfm\/2025\/01\/16\/presidiario-em-regime-de-prisao-domiciliar-foi-morto-a-tiros-apos-incendiar-a-casa-com-a-esposa-e-filhos-dentro\/"},"author":{"name":"afogadosfm","@id":"https:\/\/afogadosfm.com.br\/afogadosfm\/#\/schema\/person\/60e56f2cf5dc960fc093fe093d9e9057"},"headline":"Presidi\u00e1rio em regime de pris\u00e3o domiciliar foi morto a tiros ap\u00f3s incendiar a casa com a esposa e filhos dentro","datePublished":"2025-01-16T13:31:53+00:00","dateModified":"2025-01-16T13:31:58+00:00","mainEntityOfPage":{"@id":"https:\/\/afogadosfm.com.br\/afogadosfm\/2025\/01\/16\/presidiario-em-regime-de-prisao-domiciliar-foi-morto-a-tiros-apos-incendiar-a-casa-com-a-esposa-e-filhos-dentro\/"},"wordCount":204,"commentCount":0,"publisher":{"@id":"https:\/\/afogadosfm.com.br\/afogadosfm\/#organization"},"image":{"@id":"https:\/\/afogadosfm.com.br\/afogadosfm\/2025\/01\/16\/presidiario-em-regime-de-prisao-domiciliar-foi-morto-a-tiros-apos-incendiar-a-casa-com-a-esposa-e-filhos-dentro\/#primaryimage"},"thumbnailUrl":"https:\/\/i0.wp.com\/afogadosfm.com.br\/afogadosfm\/wp-content\/uploads\/2017\/10\/arma.png?fit=300%2C168&ssl=1","articleSection":["Pol\u00edcia"],"inLanguage":"pt-BR","potentialAction":[{"@type":"CommentAction","name":"Comment","target":["https:\/\/afogadosfm.com.br\/afogadosfm\/2025\/01\/16\/presidiario-em-regime-de-prisao-domiciliar-foi-morto-a-tiros-apos-incendiar-a-casa-com-a-esposa-e-filhos-dentro\/#respond"]}]},{"@type":"WebPage","@id":"https:\/\/afogadosfm.com.br\/afogadosfm\/2025\/01\/16\/presidiario-em-regime-de-prisao-domiciliar-foi-morto-a-tiros-apos-incendiar-a-casa-com-a-esposa-e-filhos-dentro\/","url":"https:\/\/afogadosfm.com.br\/afogadosfm\/2025\/01\/16\/presidiario-em-regime-de-prisao-domiciliar-foi-morto-a-tiros-apos-incendiar-a-casa-com-a-esposa-e-filhos-dentro\/","name":"Presidi\u00e1rio em regime de pris\u00e3o domiciliar foi morto a tiros ap\u00f3s incendiar a casa com a esposa e filhos dentro - Afogados FM","isPartOf":{"@id":"https:\/\/afogadosfm.com.br\/afogadosfm\/#website"},"primaryImageOfPage":{"@id":"https:\/\/afogadosfm.com.br\/afogadosfm\/2025\/01\/16\/presidiario-em-regime-de-prisao-domiciliar-foi-morto-a-tiros-apos-incendiar-a-casa-com-a-esposa-e-filhos-dentro\/#primaryimage"},"image":{"@id":"https:\/\/afogadosfm.com.br\/afogadosfm\/2025\/01\/16\/presidiario-em-regime-de-prisao-domiciliar-foi-morto-a-tiros-apos-incendiar-a-casa-com-a-esposa-e-filhos-dentro\/#primaryimage"},"thumbnailUrl":"https:\/\/i0.wp.com\/afogadosfm.com.br\/afogadosfm\/wp-content\/uploads\/2017\/10\/arma.png?fit=300%2C168&ssl=1","datePublished":"2025-01-16T13:31:53+00:00","dateModified":"2025-01-16T13:31:58+00:00","breadcrumb":{"@id":"https:\/\/afogadosfm.com.br\/afogadosfm\/2025\/01\/16\/presidiario-em-regime-de-prisao-domiciliar-foi-morto-a-tiros-apos-incendiar-a-casa-com-a-esposa-e-filhos-dentro\/#breadcrumb"},"inLanguage":"pt-BR","potentialAction":[{"@type":"ReadAction","target":["https:\/\/afogadosfm.com.br\/afogadosfm\/2025\/01\/16\/presidiario-em-regime-de-prisao-domiciliar-foi-morto-a-tiros-apos-incendiar-a-casa-com-a-esposa-e-filhos-dentro\/"]}]},{"@type":"ImageObject","inLanguage":"pt-BR","@id":"https:\/\/afogadosfm.com.br\/afogadosfm\/2025\/01\/16\/presidiario-em-regime-de-prisao-domiciliar-foi-morto-a-tiros-apos-incendiar-a-casa-com-a-esposa-e-filhos-dentro\/#primaryimage","url":"https:\/\/i0.wp.com\/afogadosfm.com.br\/afogadosfm\/wp-content\/uploads\/2017\/10\/arma.png?fit=300%2C168&ssl=1","contentUrl":"https:\/\/i0.wp.com\/afogadosfm.com.br\/afogadosfm\/wp-content\/uploads\/2017\/10\/arma.png?fit=300%2C168&ssl=1","width":300,"height":168},{"@type":"BreadcrumbList","@id":"https:\/\/afogadosfm.com.br\/afogadosfm\/2025\/01\/16\/presidiario-em-regime-de-prisao-domiciliar-foi-morto-a-tiros-apos-incendiar-a-casa-com-a-esposa-e-filhos-dentro\/#breadcrumb","itemListElement":[{"@type":"ListItem","position":1,"name":"In\u00edcio","item":"https:\/\/afogadosfm.com.br\/afogadosfm\/"},{"@type":"ListItem","position":2,"name":"Presidi\u00e1rio em regime de pris\u00e3o domiciliar foi morto a tiros ap\u00f3s incendiar a casa com a esposa e filhos dentro"}]},{"@type":"WebSite","@id":"https:\/\/afogadosfm.com.br\/afogadosfm\/#website","url":"https:\/\/afogadosfm.com.br\/afogadosfm\/","name":"Afogados FM","description":"Um site completo!","publisher":{"@id":"https:\/\/afogadosfm.com.br\/afogadosfm\/#organization"},"potentialAction":[{"@type":"SearchAction","target":{"@type":"EntryPoint","urlTemplate":"https:\/\/afogadosfm.com.br\/afogadosfm\/?s={search_term_string}"},"query-input":{"@type":"PropertyValueSpecification","valueRequired":true,"valueName":"search_term_string"}}],"inLanguage":"pt-BR"},{"@type":"Organization","@id":"https:\/\/afogadosfm.com.br\/afogadosfm\/#organization","name":"Afogados FM","url":"https:\/\/afogadosfm.com.br\/afogadosfm\/","logo":{"@type":"ImageObject","inLanguage":"pt-BR","@id":"https:\/\/afogadosfm.com.br\/afogadosfm\/#\/schema\/logo\/image\/","url":"https:\/\/i0.wp.com\/afogadosfm.com.br\/afogadosfm\/wp-content\/uploads\/2020\/06\/cropped-banner-afogados-4.jpg?fit=369%2C137&ssl=1","contentUrl":"https:\/\/i0.wp.com\/afogadosfm.com.br\/afogadosfm\/wp-content\/uploads\/2020\/06\/cropped-banner-afogados-4.jpg?fit=369%2C137&ssl=1","width":369,"height":137,"caption":"Afogados FM"},"image":{"@id":"https:\/\/afogadosfm.com.br\/afogadosfm\/#\/schema\/logo\/image\/"}},{"@type":"Person","@id":"https:\/\/afogadosfm.com.br\/afogadosfm\/#\/schema\/person\/60e56f2cf5dc960fc093fe093d9e9057","name":"afogadosfm","image":{"@type":"ImageObject","inLanguage":"pt-BR","@id":"https:\/\/secure.gravatar.com\/avatar\/e0359add7ed5dc3560906d861b52c6a8cf5c1e199d3a7dd85070998f49bd4701?s=96&d=mm&r=g","url":"https:\/\/secure.gravatar.com\/avatar\/e0359add7ed5dc3560906d861b52c6a8cf5c1e199d3a7dd85070998f49bd4701?s=96&d=mm&r=g","contentUrl":"https:\/\/secure.gravatar.com\/avatar\/e0359add7ed5dc3560906d861b52c6a8cf5c1e199d3a7dd85070998f49bd4701?s=96&d=mm&r=g","caption":"afogadosfm"},"url":"https:\/\/afogadosfm.com.br\/afogadosfm\/author\/afogadosfm\/"}]}},"jetpack_publicize_connections":[],"jetpack_featured_media_url":"https:\/\/i0.wp.com\/afogadosfm.com.br\/afogadosfm\/wp-content\/uploads\/2017\/10\/arma.png?fit=300%2C168&ssl=1","jetpack-related-posts":[],"jetpack_sharing_enabled":true,"jetpack_likes_enabled":true,"_links":{"self":[{"href":"https:\/\/afogadosfm.com.br\/afogadosfm\/wp-json\/wp\/v2\/posts\/62655","targetHints":{"allow":["GET"]}}],"collection":[{"href":"https:\/\/afogadosfm.com.br\/afogadosfm\/wp-json\/wp\/v2\/posts"}],"about":[{"href":"https:\/\/afogadosfm.com.br\/afogadosfm\/wp-json\/wp\/v2\/types\/post"}],"author":[{"embeddable":true,"href":"https:\/\/afogadosfm.com.br\/afogadosfm\/wp-json\/wp\/v2\/users\/2"}],"replies":[{"embeddable":true,"href":"https:\/\/afogadosfm.com.br\/afogadosfm\/wp-json\/wp\/v2\/comments?post=62655"}],"version-history":[{"count":1,"href":"https:\/\/afogadosfm.com.br\/afogadosfm\/wp-json\/wp\/v2\/posts\/62655\/revisions"}],"predecessor-version":[{"id":62656,"href":"https:\/\/afogadosfm.com.br\/afogadosfm\/wp-json\/wp\/v2\/posts\/62655\/revisions\/62656"}],"wp:featuredmedia":[{"embeddable":true,"href":"https:\/\/afogadosfm.com.br\/afogadosfm\/wp-json\/wp\/v2\/media\/273"}],"wp:attachment":[{"href":"https:\/\/afogadosfm.com.br\/afogadosfm\/wp-json\/wp\/v2\/media?parent=62655"}],"wp:term":[{"taxonomy":"category","embeddable":true,"href":"https:\/\/afogadosfm.com.br\/afogadosfm\/wp-json\/wp\/v2\/categories?post=62655"},{"taxonomy":"post_tag","embeddable":true,"href":"https:\/\/afogadosfm.com.br\/afogadosfm\/wp-json\/wp\/v2\/tags?post=62655"}],"curies":[{"name":"wp","href":"https:\/\/api.w.org\/{rel}","templated":true}]}}