{"id":62657,"date":"2025-01-16T14:52:24","date_gmt":"2025-01-16T17:52:24","guid":{"rendered":"https:\/\/afogadosfm.com.br\/afogadosfm\/?p=62657"},"modified":"2025-01-16T14:57:00","modified_gmt":"2025-01-16T17:57:00","slug":"dono-de-loja-arrombada-em-afogados-vai-atras-dos-gatunos-e-recupera-parte-do-que-foi-furtado","status":"publish","type":"post","link":"https:\/\/afogadosfm.com.br\/afogadosfm\/2025\/01\/16\/dono-de-loja-arrombada-em-afogados-vai-atras-dos-gatunos-e-recupera-parte-do-que-foi-furtado\/","title":{"rendered":"Dono de loja arrombada em Afogados vai atr\u00e1s dos gatunos e recupera parte do que foi furtado"},"content":{"rendered":"\n<p>O micro empres\u00e1rio Jorge Allan, dono da loja &#8220;Rei das Grifes&#8221; que foi arrombada na madrugada desta quinta-feira 16, e que teve centenas de produtos furtados na sua loja localizado nas proximidades da UBS do S\u00e3o Br\u00e1s, na cidade de Afogados da Ingazeira, saiu \u00e0 procura dos suspeitos e conseguiu localiz\u00e1-los nas proximidades da comunidade rural da Queimada Grande, na zona rural de Afogados da Ingazeira .<\/p>\n\n\n\n<figure class=\"wp-block-image size-large\"><img data-recalc-dims=\"1\" loading=\"lazy\" decoding=\"async\" width=\"840\" height=\"972\" src=\"https:\/\/i0.wp.com\/afogadosfm.com.br\/afogadosfm\/wp-content\/uploads\/2025\/01\/Imagem-do-WhatsApp-de-2025-01-16-as-14.55.29_5b6caa13.jpg?resize=840%2C972&#038;ssl=1\" alt=\"\" class=\"wp-image-62660\" srcset=\"https:\/\/i0.wp.com\/afogadosfm.com.br\/afogadosfm\/wp-content\/uploads\/2025\/01\/Imagem-do-WhatsApp-de-2025-01-16-as-14.55.29_5b6caa13.jpg?resize=885%2C1024&amp;ssl=1 885w, https:\/\/i0.wp.com\/afogadosfm.com.br\/afogadosfm\/wp-content\/uploads\/2025\/01\/Imagem-do-WhatsApp-de-2025-01-16-as-14.55.29_5b6caa13.jpg?resize=259%2C300&amp;ssl=1 259w, https:\/\/i0.wp.com\/afogadosfm.com.br\/afogadosfm\/wp-content\/uploads\/2025\/01\/Imagem-do-WhatsApp-de-2025-01-16-as-14.55.29_5b6caa13.jpg?resize=768%2C889&amp;ssl=1 768w, https:\/\/i0.wp.com\/afogadosfm.com.br\/afogadosfm\/wp-content\/uploads\/2025\/01\/Imagem-do-WhatsApp-de-2025-01-16-as-14.55.29_5b6caa13.jpg?w=1106&amp;ssl=1 1106w\" sizes=\"auto, (max-width: 840px) 100vw, 840px\" \/><\/figure>\n\n\n\n<p>Com a dupla, Alanzinho conseguiu recuperar parte dos produtos roubados, alguns deles j\u00e1 em estado de desgastes.<\/p>\n\n\n\n<figure class=\"wp-block-image size-large\"><img data-recalc-dims=\"1\" loading=\"lazy\" decoding=\"async\" width=\"840\" height=\"957\" src=\"https:\/\/i0.wp.com\/afogadosfm.com.br\/afogadosfm\/wp-content\/uploads\/2025\/01\/Imagem-do-WhatsApp-de-2025-01-16-as-14.56.11_0da2a704.jpg?resize=840%2C957&#038;ssl=1\" alt=\"\" class=\"wp-image-62661\" srcset=\"https:\/\/i0.wp.com\/afogadosfm.com.br\/afogadosfm\/wp-content\/uploads\/2025\/01\/Imagem-do-WhatsApp-de-2025-01-16-as-14.56.11_0da2a704.jpg?resize=899%2C1024&amp;ssl=1 899w, https:\/\/i0.wp.com\/afogadosfm.com.br\/afogadosfm\/wp-content\/uploads\/2025\/01\/Imagem-do-WhatsApp-de-2025-01-16-as-14.56.11_0da2a704.jpg?resize=263%2C300&amp;ssl=1 263w, https:\/\/i0.wp.com\/afogadosfm.com.br\/afogadosfm\/wp-content\/uploads\/2025\/01\/Imagem-do-WhatsApp-de-2025-01-16-as-14.56.11_0da2a704.jpg?resize=768%2C875&amp;ssl=1 768w, https:\/\/i0.wp.com\/afogadosfm.com.br\/afogadosfm\/wp-content\/uploads\/2025\/01\/Imagem-do-WhatsApp-de-2025-01-16-as-14.56.11_0da2a704.jpg?w=1124&amp;ssl=1 1124w\" sizes=\"auto, (max-width: 840px) 100vw, 840px\" \/><\/figure>\n\n\n\n<p>Alanzinho conseguiu recuperar algumas pe\u00e7as de vestu\u00e1rio e encaminhou o caso a Delegacia de Pol\u00edcia.<\/p>\n\n\n\n<p>Segundo informa\u00e7\u00f5es, a pol\u00edcia ainda n\u00e3o estava na captura dos meliantes por n\u00e3o ter tido acesso \u00e0s imagens de seguran\u00e7a.<\/p>\n\n\n\n<p>Por Cau\u00ea Rodrigues<\/p>\n","protected":false},"excerpt":{"rendered":"<p>O micro empres\u00e1rio Jorge Allan, dono da loja &#8220;Rei das Grifes&#8221; que foi arrombada na madrugada desta quinta-feira 16, e<\/p>\n","protected":false},"author":2,"featured_media":62658,"comment_status":"open","ping_status":"open","sticky":false,"template":"","format":"standard","meta":{"jetpack_post_was_ever_published":false,"_jetpack_newsletter_access":"","_jetpack_dont_email_post_to_subs":false,"_jetpack_newsletter_tier_id":0,"_jetpack_memberships_contains_paywalled_content":false,"_jetpack_memberships_contains_paid_content":false,"footnotes":"","jetpack_publicize_message":"","jetpack_publicize_feature_enabled":true,"jetpack_social_post_already_shared":true,"jetpack_social_options":{"image_generator_settings":{"template":"highway","default_image_id":0,"font":"","enabled":false},"version":2}},"categories":[14],"tags":[],"class_list":["post-62657","post","type-post","status-publish","format-standard","has-post-thumbnail","hentry","category-afogados-da-ingazeira"],"yoast_head":"<!-- This site is optimized with the Yoast SEO plugin v27.5 - https:\/\/yoast.com\/product\/yoast-seo-wordpress\/ -->\n<title>Dono de loja arrombada em Afogados vai atr\u00e1s dos gatunos e recupera parte do que foi furtado - Afogados FM<\/title>\n<meta name=\"robots\" content=\"index, follow, max-snippet:-1, max-image-preview:large, max-video-preview:-1\" \/>\n<link rel=\"canonical\" href=\"https:\/\/afogadosfm.com.br\/afogadosfm\/2025\/01\/16\/dono-de-loja-arrombada-em-afogados-vai-atras-dos-gatunos-e-recupera-parte-do-que-foi-furtado\/\" \/>\n<meta property=\"og:locale\" content=\"pt_BR\" \/>\n<meta property=\"og:type\" content=\"article\" \/>\n<meta property=\"og:title\" content=\"Dono de loja arrombada em Afogados vai atr\u00e1s dos gatunos e recupera parte do que foi furtado - Afogados FM\" \/>\n<meta property=\"og:description\" content=\"O micro empres\u00e1rio Jorge Allan, dono da loja &#8220;Rei das Grifes&#8221; que foi arrombada na madrugada desta quinta-feira 16, e\" \/>\n<meta property=\"og:url\" content=\"https:\/\/afogadosfm.com.br\/afogadosfm\/2025\/01\/16\/dono-de-loja-arrombada-em-afogados-vai-atras-dos-gatunos-e-recupera-parte-do-que-foi-furtado\/\" \/>\n<meta property=\"og:site_name\" content=\"Afogados FM\" \/>\n<meta property=\"article:published_time\" content=\"2025-01-16T17:52:24+00:00\" \/>\n<meta property=\"article:modified_time\" content=\"2025-01-16T17:57:00+00:00\" \/>\n<meta property=\"og:image\" content=\"https:\/\/afogadosfm.com.br\/afogadosfm\/wp-content\/uploads\/2025\/01\/gatuno.jpeg\" \/>\n\t<meta property=\"og:image:width\" content=\"1200\" \/>\n\t<meta property=\"og:image:height\" content=\"1690\" \/>\n\t<meta property=\"og:image:type\" content=\"image\/jpeg\" \/>\n<meta name=\"author\" content=\"afogadosfm\" \/>\n<meta name=\"twitter:card\" content=\"summary_large_image\" \/>\n<meta name=\"twitter:label1\" content=\"Escrito por\" \/>\n\t<meta name=\"twitter:data1\" content=\"afogadosfm\" \/>\n\t<meta name=\"twitter:label2\" content=\"Est. tempo de leitura\" \/>\n\t<meta name=\"twitter:data2\" content=\"2 minutos\" \/>\n<script type=\"application\/ld+json\" class=\"yoast-schema-graph\">{\"@context\":\"https:\\\/\\\/schema.org\",\"@graph\":[{\"@type\":\"Article\",\"@id\":\"https:\\\/\\\/afogadosfm.com.br\\\/afogadosfm\\\/2025\\\/01\\\/16\\\/dono-de-loja-arrombada-em-afogados-vai-atras-dos-gatunos-e-recupera-parte-do-que-foi-furtado\\\/#article\",\"isPartOf\":{\"@id\":\"https:\\\/\\\/afogadosfm.com.br\\\/afogadosfm\\\/2025\\\/01\\\/16\\\/dono-de-loja-arrombada-em-afogados-vai-atras-dos-gatunos-e-recupera-parte-do-que-foi-furtado\\\/\"},\"author\":{\"name\":\"afogadosfm\",\"@id\":\"https:\\\/\\\/afogadosfm.com.br\\\/afogadosfm\\\/#\\\/schema\\\/person\\\/60e56f2cf5dc960fc093fe093d9e9057\"},\"headline\":\"Dono de loja arrombada em Afogados vai atr\u00e1s dos gatunos e recupera parte do que foi furtado\",\"datePublished\":\"2025-01-16T17:52:24+00:00\",\"dateModified\":\"2025-01-16T17:57:00+00:00\",\"mainEntityOfPage\":{\"@id\":\"https:\\\/\\\/afogadosfm.com.br\\\/afogadosfm\\\/2025\\\/01\\\/16\\\/dono-de-loja-arrombada-em-afogados-vai-atras-dos-gatunos-e-recupera-parte-do-que-foi-furtado\\\/\"},\"wordCount\":149,\"commentCount\":0,\"publisher\":{\"@id\":\"https:\\\/\\\/afogadosfm.com.br\\\/afogadosfm\\\/#organization\"},\"image\":{\"@id\":\"https:\\\/\\\/afogadosfm.com.br\\\/afogadosfm\\\/2025\\\/01\\\/16\\\/dono-de-loja-arrombada-em-afogados-vai-atras-dos-gatunos-e-recupera-parte-do-que-foi-furtado\\\/#primaryimage\"},\"thumbnailUrl\":\"https:\\\/\\\/i0.wp.com\\\/afogadosfm.com.br\\\/afogadosfm\\\/wp-content\\\/uploads\\\/2025\\\/01\\\/gatuno.jpeg?fit=1200%2C1690&ssl=1\",\"articleSection\":[\"Afogados da Ingazeira\"],\"inLanguage\":\"pt-BR\",\"potentialAction\":[{\"@type\":\"CommentAction\",\"name\":\"Comment\",\"target\":[\"https:\\\/\\\/afogadosfm.com.br\\\/afogadosfm\\\/2025\\\/01\\\/16\\\/dono-de-loja-arrombada-em-afogados-vai-atras-dos-gatunos-e-recupera-parte-do-que-foi-furtado\\\/#respond\"]}]},{\"@type\":\"WebPage\",\"@id\":\"https:\\\/\\\/afogadosfm.com.br\\\/afogadosfm\\\/2025\\\/01\\\/16\\\/dono-de-loja-arrombada-em-afogados-vai-atras-dos-gatunos-e-recupera-parte-do-que-foi-furtado\\\/\",\"url\":\"https:\\\/\\\/afogadosfm.com.br\\\/afogadosfm\\\/2025\\\/01\\\/16\\\/dono-de-loja-arrombada-em-afogados-vai-atras-dos-gatunos-e-recupera-parte-do-que-foi-furtado\\\/\",\"name\":\"Dono de loja arrombada em Afogados vai atr\u00e1s dos gatunos e recupera parte do que foi furtado - Afogados FM\",\"isPartOf\":{\"@id\":\"https:\\\/\\\/afogadosfm.com.br\\\/afogadosfm\\\/#website\"},\"primaryImageOfPage\":{\"@id\":\"https:\\\/\\\/afogadosfm.com.br\\\/afogadosfm\\\/2025\\\/01\\\/16\\\/dono-de-loja-arrombada-em-afogados-vai-atras-dos-gatunos-e-recupera-parte-do-que-foi-furtado\\\/#primaryimage\"},\"image\":{\"@id\":\"https:\\\/\\\/afogadosfm.com.br\\\/afogadosfm\\\/2025\\\/01\\\/16\\\/dono-de-loja-arrombada-em-afogados-vai-atras-dos-gatunos-e-recupera-parte-do-que-foi-furtado\\\/#primaryimage\"},\"thumbnailUrl\":\"https:\\\/\\\/i0.wp.com\\\/afogadosfm.com.br\\\/afogadosfm\\\/wp-content\\\/uploads\\\/2025\\\/01\\\/gatuno.jpeg?fit=1200%2C1690&ssl=1\",\"datePublished\":\"2025-01-16T17:52:24+00:00\",\"dateModified\":\"2025-01-16T17:57:00+00:00\",\"breadcrumb\":{\"@id\":\"https:\\\/\\\/afogadosfm.com.br\\\/afogadosfm\\\/2025\\\/01\\\/16\\\/dono-de-loja-arrombada-em-afogados-vai-atras-dos-gatunos-e-recupera-parte-do-que-foi-furtado\\\/#breadcrumb\"},\"inLanguage\":\"pt-BR\",\"potentialAction\":[{\"@type\":\"ReadAction\",\"target\":[\"https:\\\/\\\/afogadosfm.com.br\\\/afogadosfm\\\/2025\\\/01\\\/16\\\/dono-de-loja-arrombada-em-afogados-vai-atras-dos-gatunos-e-recupera-parte-do-que-foi-furtado\\\/\"]}]},{\"@type\":\"ImageObject\",\"inLanguage\":\"pt-BR\",\"@id\":\"https:\\\/\\\/afogadosfm.com.br\\\/afogadosfm\\\/2025\\\/01\\\/16\\\/dono-de-loja-arrombada-em-afogados-vai-atras-dos-gatunos-e-recupera-parte-do-que-foi-furtado\\\/#primaryimage\",\"url\":\"https:\\\/\\\/i0.wp.com\\\/afogadosfm.com.br\\\/afogadosfm\\\/wp-content\\\/uploads\\\/2025\\\/01\\\/gatuno.jpeg?fit=1200%2C1690&ssl=1\",\"contentUrl\":\"https:\\\/\\\/i0.wp.com\\\/afogadosfm.com.br\\\/afogadosfm\\\/wp-content\\\/uploads\\\/2025\\\/01\\\/gatuno.jpeg?fit=1200%2C1690&ssl=1\",\"width\":1200,\"height\":1690},{\"@type\":\"BreadcrumbList\",\"@id\":\"https:\\\/\\\/afogadosfm.com.br\\\/afogadosfm\\\/2025\\\/01\\\/16\\\/dono-de-loja-arrombada-em-afogados-vai-atras-dos-gatunos-e-recupera-parte-do-que-foi-furtado\\\/#breadcrumb\",\"itemListElement\":[{\"@type\":\"ListItem\",\"position\":1,\"name\":\"In\u00edcio\",\"item\":\"https:\\\/\\\/afogadosfm.com.br\\\/afogadosfm\\\/\"},{\"@type\":\"ListItem\",\"position\":2,\"name\":\"Dono de loja arrombada em Afogados vai atr\u00e1s dos gatunos e recupera parte do que foi furtado\"}]},{\"@type\":\"WebSite\",\"@id\":\"https:\\\/\\\/afogadosfm.com.br\\\/afogadosfm\\\/#website\",\"url\":\"https:\\\/\\\/afogadosfm.com.br\\\/afogadosfm\\\/\",\"name\":\"Afogados FM\",\"description\":\"Um site completo!\",\"publisher\":{\"@id\":\"https:\\\/\\\/afogadosfm.com.br\\\/afogadosfm\\\/#organization\"},\"potentialAction\":[{\"@type\":\"SearchAction\",\"target\":{\"@type\":\"EntryPoint\",\"urlTemplate\":\"https:\\\/\\\/afogadosfm.com.br\\\/afogadosfm\\\/?s={search_term_string}\"},\"query-input\":{\"@type\":\"PropertyValueSpecification\",\"valueRequired\":true,\"valueName\":\"search_term_string\"}}],\"inLanguage\":\"pt-BR\"},{\"@type\":\"Organization\",\"@id\":\"https:\\\/\\\/afogadosfm.com.br\\\/afogadosfm\\\/#organization\",\"name\":\"Afogados FM\",\"url\":\"https:\\\/\\\/afogadosfm.com.br\\\/afogadosfm\\\/\",\"logo\":{\"@type\":\"ImageObject\",\"inLanguage\":\"pt-BR\",\"@id\":\"https:\\\/\\\/afogadosfm.com.br\\\/afogadosfm\\\/#\\\/schema\\\/logo\\\/image\\\/\",\"url\":\"https:\\\/\\\/i0.wp.com\\\/afogadosfm.com.br\\\/afogadosfm\\\/wp-content\\\/uploads\\\/2020\\\/06\\\/cropped-banner-afogados-4.jpg?fit=369%2C137&ssl=1\",\"contentUrl\":\"https:\\\/\\\/i0.wp.com\\\/afogadosfm.com.br\\\/afogadosfm\\\/wp-content\\\/uploads\\\/2020\\\/06\\\/cropped-banner-afogados-4.jpg?fit=369%2C137&ssl=1\",\"width\":369,\"height\":137,\"caption\":\"Afogados FM\"},\"image\":{\"@id\":\"https:\\\/\\\/afogadosfm.com.br\\\/afogadosfm\\\/#\\\/schema\\\/logo\\\/image\\\/\"}},{\"@type\":\"Person\",\"@id\":\"https:\\\/\\\/afogadosfm.com.br\\\/afogadosfm\\\/#\\\/schema\\\/person\\\/60e56f2cf5dc960fc093fe093d9e9057\",\"name\":\"afogadosfm\",\"image\":{\"@type\":\"ImageObject\",\"inLanguage\":\"pt-BR\",\"@id\":\"https:\\\/\\\/secure.gravatar.com\\\/avatar\\\/e0359add7ed5dc3560906d861b52c6a8cf5c1e199d3a7dd85070998f49bd4701?s=96&d=mm&r=g\",\"url\":\"https:\\\/\\\/secure.gravatar.com\\\/avatar\\\/e0359add7ed5dc3560906d861b52c6a8cf5c1e199d3a7dd85070998f49bd4701?s=96&d=mm&r=g\",\"contentUrl\":\"https:\\\/\\\/secure.gravatar.com\\\/avatar\\\/e0359add7ed5dc3560906d861b52c6a8cf5c1e199d3a7dd85070998f49bd4701?s=96&d=mm&r=g\",\"caption\":\"afogadosfm\"},\"url\":\"https:\\\/\\\/afogadosfm.com.br\\\/afogadosfm\\\/author\\\/afogadosfm\\\/\"}]}<\/script>\n<!-- \/ Yoast SEO plugin. -->","yoast_head_json":{"title":"Dono de loja arrombada em Afogados vai atr\u00e1s dos gatunos e recupera parte do que foi furtado - Afogados FM","robots":{"index":"index","follow":"follow","max-snippet":"max-snippet:-1","max-image-preview":"max-image-preview:large","max-video-preview":"max-video-preview:-1"},"canonical":"https:\/\/afogadosfm.com.br\/afogadosfm\/2025\/01\/16\/dono-de-loja-arrombada-em-afogados-vai-atras-dos-gatunos-e-recupera-parte-do-que-foi-furtado\/","og_locale":"pt_BR","og_type":"article","og_title":"Dono de loja arrombada em Afogados vai atr\u00e1s dos gatunos e recupera parte do que foi furtado - Afogados FM","og_description":"O micro empres\u00e1rio Jorge Allan, dono da loja &#8220;Rei das Grifes&#8221; que foi arrombada na madrugada desta quinta-feira 16, e","og_url":"https:\/\/afogadosfm.com.br\/afogadosfm\/2025\/01\/16\/dono-de-loja-arrombada-em-afogados-vai-atras-dos-gatunos-e-recupera-parte-do-que-foi-furtado\/","og_site_name":"Afogados FM","article_published_time":"2025-01-16T17:52:24+00:00","article_modified_time":"2025-01-16T17:57:00+00:00","og_image":[{"width":1200,"height":1690,"url":"https:\/\/afogadosfm.com.br\/afogadosfm\/wp-content\/uploads\/2025\/01\/gatuno.jpeg","type":"image\/jpeg"}],"author":"afogadosfm","twitter_card":"summary_large_image","twitter_misc":{"Escrito por":"afogadosfm","Est. tempo de leitura":"2 minutos"},"schema":{"@context":"https:\/\/schema.org","@graph":[{"@type":"Article","@id":"https:\/\/afogadosfm.com.br\/afogadosfm\/2025\/01\/16\/dono-de-loja-arrombada-em-afogados-vai-atras-dos-gatunos-e-recupera-parte-do-que-foi-furtado\/#article","isPartOf":{"@id":"https:\/\/afogadosfm.com.br\/afogadosfm\/2025\/01\/16\/dono-de-loja-arrombada-em-afogados-vai-atras-dos-gatunos-e-recupera-parte-do-que-foi-furtado\/"},"author":{"name":"afogadosfm","@id":"https:\/\/afogadosfm.com.br\/afogadosfm\/#\/schema\/person\/60e56f2cf5dc960fc093fe093d9e9057"},"headline":"Dono de loja arrombada em Afogados vai atr\u00e1s dos gatunos e recupera parte do que foi furtado","datePublished":"2025-01-16T17:52:24+00:00","dateModified":"2025-01-16T17:57:00+00:00","mainEntityOfPage":{"@id":"https:\/\/afogadosfm.com.br\/afogadosfm\/2025\/01\/16\/dono-de-loja-arrombada-em-afogados-vai-atras-dos-gatunos-e-recupera-parte-do-que-foi-furtado\/"},"wordCount":149,"commentCount":0,"publisher":{"@id":"https:\/\/afogadosfm.com.br\/afogadosfm\/#organization"},"image":{"@id":"https:\/\/afogadosfm.com.br\/afogadosfm\/2025\/01\/16\/dono-de-loja-arrombada-em-afogados-vai-atras-dos-gatunos-e-recupera-parte-do-que-foi-furtado\/#primaryimage"},"thumbnailUrl":"https:\/\/i0.wp.com\/afogadosfm.com.br\/afogadosfm\/wp-content\/uploads\/2025\/01\/gatuno.jpeg?fit=1200%2C1690&ssl=1","articleSection":["Afogados da Ingazeira"],"inLanguage":"pt-BR","potentialAction":[{"@type":"CommentAction","name":"Comment","target":["https:\/\/afogadosfm.com.br\/afogadosfm\/2025\/01\/16\/dono-de-loja-arrombada-em-afogados-vai-atras-dos-gatunos-e-recupera-parte-do-que-foi-furtado\/#respond"]}]},{"@type":"WebPage","@id":"https:\/\/afogadosfm.com.br\/afogadosfm\/2025\/01\/16\/dono-de-loja-arrombada-em-afogados-vai-atras-dos-gatunos-e-recupera-parte-do-que-foi-furtado\/","url":"https:\/\/afogadosfm.com.br\/afogadosfm\/2025\/01\/16\/dono-de-loja-arrombada-em-afogados-vai-atras-dos-gatunos-e-recupera-parte-do-que-foi-furtado\/","name":"Dono de loja arrombada em Afogados vai atr\u00e1s dos gatunos e recupera parte do que foi furtado - Afogados FM","isPartOf":{"@id":"https:\/\/afogadosfm.com.br\/afogadosfm\/#website"},"primaryImageOfPage":{"@id":"https:\/\/afogadosfm.com.br\/afogadosfm\/2025\/01\/16\/dono-de-loja-arrombada-em-afogados-vai-atras-dos-gatunos-e-recupera-parte-do-que-foi-furtado\/#primaryimage"},"image":{"@id":"https:\/\/afogadosfm.com.br\/afogadosfm\/2025\/01\/16\/dono-de-loja-arrombada-em-afogados-vai-atras-dos-gatunos-e-recupera-parte-do-que-foi-furtado\/#primaryimage"},"thumbnailUrl":"https:\/\/i0.wp.com\/afogadosfm.com.br\/afogadosfm\/wp-content\/uploads\/2025\/01\/gatuno.jpeg?fit=1200%2C1690&ssl=1","datePublished":"2025-01-16T17:52:24+00:00","dateModified":"2025-01-16T17:57:00+00:00","breadcrumb":{"@id":"https:\/\/afogadosfm.com.br\/afogadosfm\/2025\/01\/16\/dono-de-loja-arrombada-em-afogados-vai-atras-dos-gatunos-e-recupera-parte-do-que-foi-furtado\/#breadcrumb"},"inLanguage":"pt-BR","potentialAction":[{"@type":"ReadAction","target":["https:\/\/afogadosfm.com.br\/afogadosfm\/2025\/01\/16\/dono-de-loja-arrombada-em-afogados-vai-atras-dos-gatunos-e-recupera-parte-do-que-foi-furtado\/"]}]},{"@type":"ImageObject","inLanguage":"pt-BR","@id":"https:\/\/afogadosfm.com.br\/afogadosfm\/2025\/01\/16\/dono-de-loja-arrombada-em-afogados-vai-atras-dos-gatunos-e-recupera-parte-do-que-foi-furtado\/#primaryimage","url":"https:\/\/i0.wp.com\/afogadosfm.com.br\/afogadosfm\/wp-content\/uploads\/2025\/01\/gatuno.jpeg?fit=1200%2C1690&ssl=1","contentUrl":"https:\/\/i0.wp.com\/afogadosfm.com.br\/afogadosfm\/wp-content\/uploads\/2025\/01\/gatuno.jpeg?fit=1200%2C1690&ssl=1","width":1200,"height":1690},{"@type":"BreadcrumbList","@id":"https:\/\/afogadosfm.com.br\/afogadosfm\/2025\/01\/16\/dono-de-loja-arrombada-em-afogados-vai-atras-dos-gatunos-e-recupera-parte-do-que-foi-furtado\/#breadcrumb","itemListElement":[{"@type":"ListItem","position":1,"name":"In\u00edcio","item":"https:\/\/afogadosfm.com.br\/afogadosfm\/"},{"@type":"ListItem","position":2,"name":"Dono de loja arrombada em Afogados vai atr\u00e1s dos gatunos e recupera parte do que foi furtado"}]},{"@type":"WebSite","@id":"https:\/\/afogadosfm.com.br\/afogadosfm\/#website","url":"https:\/\/afogadosfm.com.br\/afogadosfm\/","name":"Afogados FM","description":"Um site completo!","publisher":{"@id":"https:\/\/afogadosfm.com.br\/afogadosfm\/#organization"},"potentialAction":[{"@type":"SearchAction","target":{"@type":"EntryPoint","urlTemplate":"https:\/\/afogadosfm.com.br\/afogadosfm\/?s={search_term_string}"},"query-input":{"@type":"PropertyValueSpecification","valueRequired":true,"valueName":"search_term_string"}}],"inLanguage":"pt-BR"},{"@type":"Organization","@id":"https:\/\/afogadosfm.com.br\/afogadosfm\/#organization","name":"Afogados FM","url":"https:\/\/afogadosfm.com.br\/afogadosfm\/","logo":{"@type":"ImageObject","inLanguage":"pt-BR","@id":"https:\/\/afogadosfm.com.br\/afogadosfm\/#\/schema\/logo\/image\/","url":"https:\/\/i0.wp.com\/afogadosfm.com.br\/afogadosfm\/wp-content\/uploads\/2020\/06\/cropped-banner-afogados-4.jpg?fit=369%2C137&ssl=1","contentUrl":"https:\/\/i0.wp.com\/afogadosfm.com.br\/afogadosfm\/wp-content\/uploads\/2020\/06\/cropped-banner-afogados-4.jpg?fit=369%2C137&ssl=1","width":369,"height":137,"caption":"Afogados FM"},"image":{"@id":"https:\/\/afogadosfm.com.br\/afogadosfm\/#\/schema\/logo\/image\/"}},{"@type":"Person","@id":"https:\/\/afogadosfm.com.br\/afogadosfm\/#\/schema\/person\/60e56f2cf5dc960fc093fe093d9e9057","name":"afogadosfm","image":{"@type":"ImageObject","inLanguage":"pt-BR","@id":"https:\/\/secure.gravatar.com\/avatar\/e0359add7ed5dc3560906d861b52c6a8cf5c1e199d3a7dd85070998f49bd4701?s=96&d=mm&r=g","url":"https:\/\/secure.gravatar.com\/avatar\/e0359add7ed5dc3560906d861b52c6a8cf5c1e199d3a7dd85070998f49bd4701?s=96&d=mm&r=g","contentUrl":"https:\/\/secure.gravatar.com\/avatar\/e0359add7ed5dc3560906d861b52c6a8cf5c1e199d3a7dd85070998f49bd4701?s=96&d=mm&r=g","caption":"afogadosfm"},"url":"https:\/\/afogadosfm.com.br\/afogadosfm\/author\/afogadosfm\/"}]}},"jetpack_publicize_connections":[],"jetpack_featured_media_url":"https:\/\/i0.wp.com\/afogadosfm.com.br\/afogadosfm\/wp-content\/uploads\/2025\/01\/gatuno.jpeg?fit=1200%2C1690&ssl=1","jetpack-related-posts":[],"jetpack_sharing_enabled":true,"jetpack_likes_enabled":true,"_links":{"self":[{"href":"https:\/\/afogadosfm.com.br\/afogadosfm\/wp-json\/wp\/v2\/posts\/62657","targetHints":{"allow":["GET"]}}],"collection":[{"href":"https:\/\/afogadosfm.com.br\/afogadosfm\/wp-json\/wp\/v2\/posts"}],"about":[{"href":"https:\/\/afogadosfm.com.br\/afogadosfm\/wp-json\/wp\/v2\/types\/post"}],"author":[{"embeddable":true,"href":"https:\/\/afogadosfm.com.br\/afogadosfm\/wp-json\/wp\/v2\/users\/2"}],"replies":[{"embeddable":true,"href":"https:\/\/afogadosfm.com.br\/afogadosfm\/wp-json\/wp\/v2\/comments?post=62657"}],"version-history":[{"count":2,"href":"https:\/\/afogadosfm.com.br\/afogadosfm\/wp-json\/wp\/v2\/posts\/62657\/revisions"}],"predecessor-version":[{"id":62662,"href":"https:\/\/afogadosfm.com.br\/afogadosfm\/wp-json\/wp\/v2\/posts\/62657\/revisions\/62662"}],"wp:featuredmedia":[{"embeddable":true,"href":"https:\/\/afogadosfm.com.br\/afogadosfm\/wp-json\/wp\/v2\/media\/62658"}],"wp:attachment":[{"href":"https:\/\/afogadosfm.com.br\/afogadosfm\/wp-json\/wp\/v2\/media?parent=62657"}],"wp:term":[{"taxonomy":"category","embeddable":true,"href":"https:\/\/afogadosfm.com.br\/afogadosfm\/wp-json\/wp\/v2\/categories?post=62657"},{"taxonomy":"post_tag","embeddable":true,"href":"https:\/\/afogadosfm.com.br\/afogadosfm\/wp-json\/wp\/v2\/tags?post=62657"}],"curies":[{"name":"wp","href":"https:\/\/api.w.org\/{rel}","templated":true}]}}