{"id":62666,"date":"2025-01-17T06:11:43","date_gmt":"2025-01-17T09:11:43","guid":{"rendered":"https:\/\/afogadosfm.com.br\/afogadosfm\/?p=62666"},"modified":"2025-01-17T06:12:35","modified_gmt":"2025-01-17T09:12:35","slug":"2025-comecou-mais-chuvoso-do-que-2024-em-varias-cidades","status":"publish","type":"post","link":"https:\/\/afogadosfm.com.br\/afogadosfm\/2025\/01\/17\/2025-comecou-mais-chuvoso-do-que-2024-em-varias-cidades\/","title":{"rendered":"2025 come\u00e7ou mais chuvoso do que 2024 em v\u00e1rias cidades"},"content":{"rendered":"\n<p>A primeira quinzena do ano foi marcada por grandes volumes de chuva em boa parte do pa\u00eds. Em compara\u00e7\u00e3o com o mesmo per\u00edodo do ano passado, o volume de chuva acumulada em algumas capitais dobrou de valor.<\/p>\n\n\n\n<ul class=\"wp-block-list\">\n<li><strong>Chuva intensa em 2025:<\/strong>\u00a0capitais como Goi\u00e2nia (325,2 mm) e Vit\u00f3ria (176,2 mm) mais que dobraram o volume de chuva em rela\u00e7\u00e3o a 2024;<\/li>\n\n\n\n<li><strong>Aumento expressivo:<\/strong>\u00a0S\u00e3o Lu\u00eds, Salvador, Palmas, Fortaleza, e outras cidades registraram crescimentos significativos nas precipita\u00e7\u00f5es;<\/li>\n\n\n\n<li><strong>Alertas meteorol\u00f3gicos:<\/strong>\u00a0capitais com maior volume de chuvas lideram os avisos di\u00e1rios do Inmet sobre temporais;<\/li>\n\n\n\n<li><strong>Progn\u00f3stico:<\/strong>\u00a0at\u00e9 20 de janeiro, chuvas intensas s\u00e3o esperadas no Centro-Oeste, Norte e Nordeste, enquanto o tempo segue firme no extremo Norte.<\/li>\n<\/ul>\n\n\n\n<p>\u00c9 o caso de Goi\u00e2nia (GO) e Vit\u00f3ria (ES). Em 2024, Goi\u00e2nia registrou um volume acumulado de 125,2 mm nos primeiros 15 dias do ano. Neste ano o n\u00famero mais que dobrou este ano, saltando para 325,2 mm. Os dados do Instituto Nacional de Meteorologia (Inmet) tamb\u00e9m mostram que a capital capixaba registrou um aumento de 106,3 mm.<\/p>\n\n\n\n<p>S\u00e3o Lu\u00eds (MA), Salvador (BA), Palmas (TO), Aracaju (SE), Cuiab\u00e1 (MT) e Fortaleza (CE) registraram aumento expressivo, de 60,3 mm, 40,2 mm, 41,3 mm, 38,8 mm, 29,5 e 26,9, respectivamente.<\/p>\n\n\n\n<p>O Inmet emite diariamente alertas sobre a possibilidade de chuvas fortes em determinadas regi\u00f5es. As capitais que registraram aumento no volume de chuvas s\u00e3o as que mais figuraram nos alertas publicados.<\/p>\n\n\n\n<p><strong>Redu\u00e7\u00e3o<\/strong><\/p>\n\n\n\n<p>Em contrapartida, capitais como Bel\u00e9m (PA) e Belo Horizonte (BH) tiveram uma redu\u00e7\u00e3o no volume de chuvas em compara\u00e7\u00e3o com 2024, por\u00e9m o volume registrado segue alto.<\/p>\n\n\n\n<p>As chuvas devem continuar nesta semana. De acordo com progn\u00f3stico do Inmet para o per\u00edodo de 13 a 20 de janeiro, as precipita\u00e7\u00f5es ser\u00e3o presentes em todo o pa\u00eds, com acumulados durante a semana podem ultrapassar 80 mm em uma faixa que vai do Centro-Oeste, norte de Minas Gerais, Tocantins, Sul do Par\u00e1 e \u00e1reas do centro-oeste do Nordeste.<\/p>\n","protected":false},"excerpt":{"rendered":"<p>A primeira quinzena do ano foi marcada por grandes volumes de chuva em boa parte do pa\u00eds. Em compara\u00e7\u00e3o com<\/p>\n","protected":false},"author":2,"featured_media":9533,"comment_status":"open","ping_status":"open","sticky":false,"template":"","format":"standard","meta":{"jetpack_post_was_ever_published":false,"_jetpack_newsletter_access":"","_jetpack_dont_email_post_to_subs":false,"_jetpack_newsletter_tier_id":0,"_jetpack_memberships_contains_paywalled_content":false,"_jetpack_memberships_contains_paid_content":false,"footnotes":"","jetpack_publicize_message":"","jetpack_publicize_feature_enabled":true,"jetpack_social_post_already_shared":true,"jetpack_social_options":{"image_generator_settings":{"template":"highway","default_image_id":0,"font":"","enabled":false},"version":2}},"categories":[12],"tags":[],"class_list":["post-62666","post","type-post","status-publish","format-standard","has-post-thumbnail","hentry","category-brasil"],"yoast_head":"<!-- This site is optimized with the Yoast SEO plugin v27.5 - https:\/\/yoast.com\/product\/yoast-seo-wordpress\/ -->\n<title>2025 come\u00e7ou mais chuvoso do que 2024 em v\u00e1rias cidades - Afogados FM<\/title>\n<meta name=\"robots\" content=\"index, follow, max-snippet:-1, max-image-preview:large, max-video-preview:-1\" \/>\n<link rel=\"canonical\" href=\"https:\/\/afogadosfm.com.br\/afogadosfm\/2025\/01\/17\/2025-comecou-mais-chuvoso-do-que-2024-em-varias-cidades\/\" \/>\n<meta property=\"og:locale\" content=\"pt_BR\" \/>\n<meta property=\"og:type\" content=\"article\" \/>\n<meta property=\"og:title\" content=\"2025 come\u00e7ou mais chuvoso do que 2024 em v\u00e1rias cidades - Afogados FM\" \/>\n<meta property=\"og:description\" content=\"A primeira quinzena do ano foi marcada por grandes volumes de chuva em boa parte do pa\u00eds. Em compara\u00e7\u00e3o com\" \/>\n<meta property=\"og:url\" content=\"https:\/\/afogadosfm.com.br\/afogadosfm\/2025\/01\/17\/2025-comecou-mais-chuvoso-do-que-2024-em-varias-cidades\/\" \/>\n<meta property=\"og:site_name\" content=\"Afogados FM\" \/>\n<meta property=\"article:published_time\" content=\"2025-01-17T09:11:43+00:00\" \/>\n<meta property=\"article:modified_time\" content=\"2025-01-17T09:12:35+00:00\" \/>\n<meta property=\"og:image\" content=\"https:\/\/afogadosfm.com.br\/afogadosfm\/wp-content\/uploads\/2019\/03\/chuva.jpg\" \/>\n\t<meta property=\"og:image:width\" content=\"269\" \/>\n\t<meta property=\"og:image:height\" content=\"178\" \/>\n\t<meta property=\"og:image:type\" content=\"image\/jpeg\" \/>\n<meta name=\"author\" content=\"afogadosfm\" \/>\n<meta name=\"twitter:card\" content=\"summary_large_image\" \/>\n<meta name=\"twitter:label1\" content=\"Escrito por\" \/>\n\t<meta name=\"twitter:data1\" content=\"afogadosfm\" \/>\n\t<meta name=\"twitter:label2\" content=\"Est. tempo de leitura\" \/>\n\t<meta name=\"twitter:data2\" content=\"2 minutos\" \/>\n<script type=\"application\/ld+json\" class=\"yoast-schema-graph\">{\"@context\":\"https:\\\/\\\/schema.org\",\"@graph\":[{\"@type\":\"Article\",\"@id\":\"https:\\\/\\\/afogadosfm.com.br\\\/afogadosfm\\\/2025\\\/01\\\/17\\\/2025-comecou-mais-chuvoso-do-que-2024-em-varias-cidades\\\/#article\",\"isPartOf\":{\"@id\":\"https:\\\/\\\/afogadosfm.com.br\\\/afogadosfm\\\/2025\\\/01\\\/17\\\/2025-comecou-mais-chuvoso-do-que-2024-em-varias-cidades\\\/\"},\"author\":{\"name\":\"afogadosfm\",\"@id\":\"https:\\\/\\\/afogadosfm.com.br\\\/afogadosfm\\\/#\\\/schema\\\/person\\\/60e56f2cf5dc960fc093fe093d9e9057\"},\"headline\":\"2025 come\u00e7ou mais chuvoso do que 2024 em v\u00e1rias cidades\",\"datePublished\":\"2025-01-17T09:11:43+00:00\",\"dateModified\":\"2025-01-17T09:12:35+00:00\",\"mainEntityOfPage\":{\"@id\":\"https:\\\/\\\/afogadosfm.com.br\\\/afogadosfm\\\/2025\\\/01\\\/17\\\/2025-comecou-mais-chuvoso-do-que-2024-em-varias-cidades\\\/\"},\"wordCount\":341,\"commentCount\":0,\"publisher\":{\"@id\":\"https:\\\/\\\/afogadosfm.com.br\\\/afogadosfm\\\/#organization\"},\"image\":{\"@id\":\"https:\\\/\\\/afogadosfm.com.br\\\/afogadosfm\\\/2025\\\/01\\\/17\\\/2025-comecou-mais-chuvoso-do-que-2024-em-varias-cidades\\\/#primaryimage\"},\"thumbnailUrl\":\"https:\\\/\\\/i0.wp.com\\\/afogadosfm.com.br\\\/afogadosfm\\\/wp-content\\\/uploads\\\/2019\\\/03\\\/chuva.jpg?fit=269%2C178&ssl=1\",\"articleSection\":[\"Brasil\"],\"inLanguage\":\"pt-BR\",\"potentialAction\":[{\"@type\":\"CommentAction\",\"name\":\"Comment\",\"target\":[\"https:\\\/\\\/afogadosfm.com.br\\\/afogadosfm\\\/2025\\\/01\\\/17\\\/2025-comecou-mais-chuvoso-do-que-2024-em-varias-cidades\\\/#respond\"]}]},{\"@type\":\"WebPage\",\"@id\":\"https:\\\/\\\/afogadosfm.com.br\\\/afogadosfm\\\/2025\\\/01\\\/17\\\/2025-comecou-mais-chuvoso-do-que-2024-em-varias-cidades\\\/\",\"url\":\"https:\\\/\\\/afogadosfm.com.br\\\/afogadosfm\\\/2025\\\/01\\\/17\\\/2025-comecou-mais-chuvoso-do-que-2024-em-varias-cidades\\\/\",\"name\":\"2025 come\u00e7ou mais chuvoso do que 2024 em v\u00e1rias cidades - Afogados FM\",\"isPartOf\":{\"@id\":\"https:\\\/\\\/afogadosfm.com.br\\\/afogadosfm\\\/#website\"},\"primaryImageOfPage\":{\"@id\":\"https:\\\/\\\/afogadosfm.com.br\\\/afogadosfm\\\/2025\\\/01\\\/17\\\/2025-comecou-mais-chuvoso-do-que-2024-em-varias-cidades\\\/#primaryimage\"},\"image\":{\"@id\":\"https:\\\/\\\/afogadosfm.com.br\\\/afogadosfm\\\/2025\\\/01\\\/17\\\/2025-comecou-mais-chuvoso-do-que-2024-em-varias-cidades\\\/#primaryimage\"},\"thumbnailUrl\":\"https:\\\/\\\/i0.wp.com\\\/afogadosfm.com.br\\\/afogadosfm\\\/wp-content\\\/uploads\\\/2019\\\/03\\\/chuva.jpg?fit=269%2C178&ssl=1\",\"datePublished\":\"2025-01-17T09:11:43+00:00\",\"dateModified\":\"2025-01-17T09:12:35+00:00\",\"breadcrumb\":{\"@id\":\"https:\\\/\\\/afogadosfm.com.br\\\/afogadosfm\\\/2025\\\/01\\\/17\\\/2025-comecou-mais-chuvoso-do-que-2024-em-varias-cidades\\\/#breadcrumb\"},\"inLanguage\":\"pt-BR\",\"potentialAction\":[{\"@type\":\"ReadAction\",\"target\":[\"https:\\\/\\\/afogadosfm.com.br\\\/afogadosfm\\\/2025\\\/01\\\/17\\\/2025-comecou-mais-chuvoso-do-que-2024-em-varias-cidades\\\/\"]}]},{\"@type\":\"ImageObject\",\"inLanguage\":\"pt-BR\",\"@id\":\"https:\\\/\\\/afogadosfm.com.br\\\/afogadosfm\\\/2025\\\/01\\\/17\\\/2025-comecou-mais-chuvoso-do-que-2024-em-varias-cidades\\\/#primaryimage\",\"url\":\"https:\\\/\\\/i0.wp.com\\\/afogadosfm.com.br\\\/afogadosfm\\\/wp-content\\\/uploads\\\/2019\\\/03\\\/chuva.jpg?fit=269%2C178&ssl=1\",\"contentUrl\":\"https:\\\/\\\/i0.wp.com\\\/afogadosfm.com.br\\\/afogadosfm\\\/wp-content\\\/uploads\\\/2019\\\/03\\\/chuva.jpg?fit=269%2C178&ssl=1\",\"width\":269,\"height\":178},{\"@type\":\"BreadcrumbList\",\"@id\":\"https:\\\/\\\/afogadosfm.com.br\\\/afogadosfm\\\/2025\\\/01\\\/17\\\/2025-comecou-mais-chuvoso-do-que-2024-em-varias-cidades\\\/#breadcrumb\",\"itemListElement\":[{\"@type\":\"ListItem\",\"position\":1,\"name\":\"In\u00edcio\",\"item\":\"https:\\\/\\\/afogadosfm.com.br\\\/afogadosfm\\\/\"},{\"@type\":\"ListItem\",\"position\":2,\"name\":\"2025 come\u00e7ou mais chuvoso do que 2024 em v\u00e1rias cidades\"}]},{\"@type\":\"WebSite\",\"@id\":\"https:\\\/\\\/afogadosfm.com.br\\\/afogadosfm\\\/#website\",\"url\":\"https:\\\/\\\/afogadosfm.com.br\\\/afogadosfm\\\/\",\"name\":\"Afogados FM\",\"description\":\"Um site completo!\",\"publisher\":{\"@id\":\"https:\\\/\\\/afogadosfm.com.br\\\/afogadosfm\\\/#organization\"},\"potentialAction\":[{\"@type\":\"SearchAction\",\"target\":{\"@type\":\"EntryPoint\",\"urlTemplate\":\"https:\\\/\\\/afogadosfm.com.br\\\/afogadosfm\\\/?s={search_term_string}\"},\"query-input\":{\"@type\":\"PropertyValueSpecification\",\"valueRequired\":true,\"valueName\":\"search_term_string\"}}],\"inLanguage\":\"pt-BR\"},{\"@type\":\"Organization\",\"@id\":\"https:\\\/\\\/afogadosfm.com.br\\\/afogadosfm\\\/#organization\",\"name\":\"Afogados FM\",\"url\":\"https:\\\/\\\/afogadosfm.com.br\\\/afogadosfm\\\/\",\"logo\":{\"@type\":\"ImageObject\",\"inLanguage\":\"pt-BR\",\"@id\":\"https:\\\/\\\/afogadosfm.com.br\\\/afogadosfm\\\/#\\\/schema\\\/logo\\\/image\\\/\",\"url\":\"https:\\\/\\\/i0.wp.com\\\/afogadosfm.com.br\\\/afogadosfm\\\/wp-content\\\/uploads\\\/2020\\\/06\\\/cropped-banner-afogados-4.jpg?fit=369%2C137&ssl=1\",\"contentUrl\":\"https:\\\/\\\/i0.wp.com\\\/afogadosfm.com.br\\\/afogadosfm\\\/wp-content\\\/uploads\\\/2020\\\/06\\\/cropped-banner-afogados-4.jpg?fit=369%2C137&ssl=1\",\"width\":369,\"height\":137,\"caption\":\"Afogados FM\"},\"image\":{\"@id\":\"https:\\\/\\\/afogadosfm.com.br\\\/afogadosfm\\\/#\\\/schema\\\/logo\\\/image\\\/\"}},{\"@type\":\"Person\",\"@id\":\"https:\\\/\\\/afogadosfm.com.br\\\/afogadosfm\\\/#\\\/schema\\\/person\\\/60e56f2cf5dc960fc093fe093d9e9057\",\"name\":\"afogadosfm\",\"image\":{\"@type\":\"ImageObject\",\"inLanguage\":\"pt-BR\",\"@id\":\"https:\\\/\\\/secure.gravatar.com\\\/avatar\\\/e0359add7ed5dc3560906d861b52c6a8cf5c1e199d3a7dd85070998f49bd4701?s=96&d=mm&r=g\",\"url\":\"https:\\\/\\\/secure.gravatar.com\\\/avatar\\\/e0359add7ed5dc3560906d861b52c6a8cf5c1e199d3a7dd85070998f49bd4701?s=96&d=mm&r=g\",\"contentUrl\":\"https:\\\/\\\/secure.gravatar.com\\\/avatar\\\/e0359add7ed5dc3560906d861b52c6a8cf5c1e199d3a7dd85070998f49bd4701?s=96&d=mm&r=g\",\"caption\":\"afogadosfm\"},\"url\":\"https:\\\/\\\/afogadosfm.com.br\\\/afogadosfm\\\/author\\\/afogadosfm\\\/\"}]}<\/script>\n<!-- \/ Yoast SEO plugin. -->","yoast_head_json":{"title":"2025 come\u00e7ou mais chuvoso do que 2024 em v\u00e1rias cidades - Afogados FM","robots":{"index":"index","follow":"follow","max-snippet":"max-snippet:-1","max-image-preview":"max-image-preview:large","max-video-preview":"max-video-preview:-1"},"canonical":"https:\/\/afogadosfm.com.br\/afogadosfm\/2025\/01\/17\/2025-comecou-mais-chuvoso-do-que-2024-em-varias-cidades\/","og_locale":"pt_BR","og_type":"article","og_title":"2025 come\u00e7ou mais chuvoso do que 2024 em v\u00e1rias cidades - Afogados FM","og_description":"A primeira quinzena do ano foi marcada por grandes volumes de chuva em boa parte do pa\u00eds. Em compara\u00e7\u00e3o com","og_url":"https:\/\/afogadosfm.com.br\/afogadosfm\/2025\/01\/17\/2025-comecou-mais-chuvoso-do-que-2024-em-varias-cidades\/","og_site_name":"Afogados FM","article_published_time":"2025-01-17T09:11:43+00:00","article_modified_time":"2025-01-17T09:12:35+00:00","og_image":[{"width":269,"height":178,"url":"https:\/\/afogadosfm.com.br\/afogadosfm\/wp-content\/uploads\/2019\/03\/chuva.jpg","type":"image\/jpeg"}],"author":"afogadosfm","twitter_card":"summary_large_image","twitter_misc":{"Escrito por":"afogadosfm","Est. tempo de leitura":"2 minutos"},"schema":{"@context":"https:\/\/schema.org","@graph":[{"@type":"Article","@id":"https:\/\/afogadosfm.com.br\/afogadosfm\/2025\/01\/17\/2025-comecou-mais-chuvoso-do-que-2024-em-varias-cidades\/#article","isPartOf":{"@id":"https:\/\/afogadosfm.com.br\/afogadosfm\/2025\/01\/17\/2025-comecou-mais-chuvoso-do-que-2024-em-varias-cidades\/"},"author":{"name":"afogadosfm","@id":"https:\/\/afogadosfm.com.br\/afogadosfm\/#\/schema\/person\/60e56f2cf5dc960fc093fe093d9e9057"},"headline":"2025 come\u00e7ou mais chuvoso do que 2024 em v\u00e1rias cidades","datePublished":"2025-01-17T09:11:43+00:00","dateModified":"2025-01-17T09:12:35+00:00","mainEntityOfPage":{"@id":"https:\/\/afogadosfm.com.br\/afogadosfm\/2025\/01\/17\/2025-comecou-mais-chuvoso-do-que-2024-em-varias-cidades\/"},"wordCount":341,"commentCount":0,"publisher":{"@id":"https:\/\/afogadosfm.com.br\/afogadosfm\/#organization"},"image":{"@id":"https:\/\/afogadosfm.com.br\/afogadosfm\/2025\/01\/17\/2025-comecou-mais-chuvoso-do-que-2024-em-varias-cidades\/#primaryimage"},"thumbnailUrl":"https:\/\/i0.wp.com\/afogadosfm.com.br\/afogadosfm\/wp-content\/uploads\/2019\/03\/chuva.jpg?fit=269%2C178&ssl=1","articleSection":["Brasil"],"inLanguage":"pt-BR","potentialAction":[{"@type":"CommentAction","name":"Comment","target":["https:\/\/afogadosfm.com.br\/afogadosfm\/2025\/01\/17\/2025-comecou-mais-chuvoso-do-que-2024-em-varias-cidades\/#respond"]}]},{"@type":"WebPage","@id":"https:\/\/afogadosfm.com.br\/afogadosfm\/2025\/01\/17\/2025-comecou-mais-chuvoso-do-que-2024-em-varias-cidades\/","url":"https:\/\/afogadosfm.com.br\/afogadosfm\/2025\/01\/17\/2025-comecou-mais-chuvoso-do-que-2024-em-varias-cidades\/","name":"2025 come\u00e7ou mais chuvoso do que 2024 em v\u00e1rias cidades - Afogados FM","isPartOf":{"@id":"https:\/\/afogadosfm.com.br\/afogadosfm\/#website"},"primaryImageOfPage":{"@id":"https:\/\/afogadosfm.com.br\/afogadosfm\/2025\/01\/17\/2025-comecou-mais-chuvoso-do-que-2024-em-varias-cidades\/#primaryimage"},"image":{"@id":"https:\/\/afogadosfm.com.br\/afogadosfm\/2025\/01\/17\/2025-comecou-mais-chuvoso-do-que-2024-em-varias-cidades\/#primaryimage"},"thumbnailUrl":"https:\/\/i0.wp.com\/afogadosfm.com.br\/afogadosfm\/wp-content\/uploads\/2019\/03\/chuva.jpg?fit=269%2C178&ssl=1","datePublished":"2025-01-17T09:11:43+00:00","dateModified":"2025-01-17T09:12:35+00:00","breadcrumb":{"@id":"https:\/\/afogadosfm.com.br\/afogadosfm\/2025\/01\/17\/2025-comecou-mais-chuvoso-do-que-2024-em-varias-cidades\/#breadcrumb"},"inLanguage":"pt-BR","potentialAction":[{"@type":"ReadAction","target":["https:\/\/afogadosfm.com.br\/afogadosfm\/2025\/01\/17\/2025-comecou-mais-chuvoso-do-que-2024-em-varias-cidades\/"]}]},{"@type":"ImageObject","inLanguage":"pt-BR","@id":"https:\/\/afogadosfm.com.br\/afogadosfm\/2025\/01\/17\/2025-comecou-mais-chuvoso-do-que-2024-em-varias-cidades\/#primaryimage","url":"https:\/\/i0.wp.com\/afogadosfm.com.br\/afogadosfm\/wp-content\/uploads\/2019\/03\/chuva.jpg?fit=269%2C178&ssl=1","contentUrl":"https:\/\/i0.wp.com\/afogadosfm.com.br\/afogadosfm\/wp-content\/uploads\/2019\/03\/chuva.jpg?fit=269%2C178&ssl=1","width":269,"height":178},{"@type":"BreadcrumbList","@id":"https:\/\/afogadosfm.com.br\/afogadosfm\/2025\/01\/17\/2025-comecou-mais-chuvoso-do-que-2024-em-varias-cidades\/#breadcrumb","itemListElement":[{"@type":"ListItem","position":1,"name":"In\u00edcio","item":"https:\/\/afogadosfm.com.br\/afogadosfm\/"},{"@type":"ListItem","position":2,"name":"2025 come\u00e7ou mais chuvoso do que 2024 em v\u00e1rias cidades"}]},{"@type":"WebSite","@id":"https:\/\/afogadosfm.com.br\/afogadosfm\/#website","url":"https:\/\/afogadosfm.com.br\/afogadosfm\/","name":"Afogados FM","description":"Um site completo!","publisher":{"@id":"https:\/\/afogadosfm.com.br\/afogadosfm\/#organization"},"potentialAction":[{"@type":"SearchAction","target":{"@type":"EntryPoint","urlTemplate":"https:\/\/afogadosfm.com.br\/afogadosfm\/?s={search_term_string}"},"query-input":{"@type":"PropertyValueSpecification","valueRequired":true,"valueName":"search_term_string"}}],"inLanguage":"pt-BR"},{"@type":"Organization","@id":"https:\/\/afogadosfm.com.br\/afogadosfm\/#organization","name":"Afogados FM","url":"https:\/\/afogadosfm.com.br\/afogadosfm\/","logo":{"@type":"ImageObject","inLanguage":"pt-BR","@id":"https:\/\/afogadosfm.com.br\/afogadosfm\/#\/schema\/logo\/image\/","url":"https:\/\/i0.wp.com\/afogadosfm.com.br\/afogadosfm\/wp-content\/uploads\/2020\/06\/cropped-banner-afogados-4.jpg?fit=369%2C137&ssl=1","contentUrl":"https:\/\/i0.wp.com\/afogadosfm.com.br\/afogadosfm\/wp-content\/uploads\/2020\/06\/cropped-banner-afogados-4.jpg?fit=369%2C137&ssl=1","width":369,"height":137,"caption":"Afogados FM"},"image":{"@id":"https:\/\/afogadosfm.com.br\/afogadosfm\/#\/schema\/logo\/image\/"}},{"@type":"Person","@id":"https:\/\/afogadosfm.com.br\/afogadosfm\/#\/schema\/person\/60e56f2cf5dc960fc093fe093d9e9057","name":"afogadosfm","image":{"@type":"ImageObject","inLanguage":"pt-BR","@id":"https:\/\/secure.gravatar.com\/avatar\/e0359add7ed5dc3560906d861b52c6a8cf5c1e199d3a7dd85070998f49bd4701?s=96&d=mm&r=g","url":"https:\/\/secure.gravatar.com\/avatar\/e0359add7ed5dc3560906d861b52c6a8cf5c1e199d3a7dd85070998f49bd4701?s=96&d=mm&r=g","contentUrl":"https:\/\/secure.gravatar.com\/avatar\/e0359add7ed5dc3560906d861b52c6a8cf5c1e199d3a7dd85070998f49bd4701?s=96&d=mm&r=g","caption":"afogadosfm"},"url":"https:\/\/afogadosfm.com.br\/afogadosfm\/author\/afogadosfm\/"}]}},"jetpack_publicize_connections":[],"jetpack_featured_media_url":"https:\/\/i0.wp.com\/afogadosfm.com.br\/afogadosfm\/wp-content\/uploads\/2019\/03\/chuva.jpg?fit=269%2C178&ssl=1","jetpack-related-posts":[],"jetpack_sharing_enabled":true,"jetpack_likes_enabled":true,"_links":{"self":[{"href":"https:\/\/afogadosfm.com.br\/afogadosfm\/wp-json\/wp\/v2\/posts\/62666","targetHints":{"allow":["GET"]}}],"collection":[{"href":"https:\/\/afogadosfm.com.br\/afogadosfm\/wp-json\/wp\/v2\/posts"}],"about":[{"href":"https:\/\/afogadosfm.com.br\/afogadosfm\/wp-json\/wp\/v2\/types\/post"}],"author":[{"embeddable":true,"href":"https:\/\/afogadosfm.com.br\/afogadosfm\/wp-json\/wp\/v2\/users\/2"}],"replies":[{"embeddable":true,"href":"https:\/\/afogadosfm.com.br\/afogadosfm\/wp-json\/wp\/v2\/comments?post=62666"}],"version-history":[{"count":1,"href":"https:\/\/afogadosfm.com.br\/afogadosfm\/wp-json\/wp\/v2\/posts\/62666\/revisions"}],"predecessor-version":[{"id":62667,"href":"https:\/\/afogadosfm.com.br\/afogadosfm\/wp-json\/wp\/v2\/posts\/62666\/revisions\/62667"}],"wp:featuredmedia":[{"embeddable":true,"href":"https:\/\/afogadosfm.com.br\/afogadosfm\/wp-json\/wp\/v2\/media\/9533"}],"wp:attachment":[{"href":"https:\/\/afogadosfm.com.br\/afogadosfm\/wp-json\/wp\/v2\/media?parent=62666"}],"wp:term":[{"taxonomy":"category","embeddable":true,"href":"https:\/\/afogadosfm.com.br\/afogadosfm\/wp-json\/wp\/v2\/categories?post=62666"},{"taxonomy":"post_tag","embeddable":true,"href":"https:\/\/afogadosfm.com.br\/afogadosfm\/wp-json\/wp\/v2\/tags?post=62666"}],"curies":[{"name":"wp","href":"https:\/\/api.w.org\/{rel}","templated":true}]}}