{"id":62668,"date":"2025-01-17T06:13:53","date_gmt":"2025-01-17T09:13:53","guid":{"rendered":"https:\/\/afogadosfm.com.br\/afogadosfm\/?p=62668"},"modified":"2025-01-17T06:13:58","modified_gmt":"2025-01-17T09:13:58","slug":"conferencia-de-meio-ambiente-debateu-o-futuro-de-afogados-da-ingazeira","status":"publish","type":"post","link":"https:\/\/afogadosfm.com.br\/afogadosfm\/2025\/01\/17\/conferencia-de-meio-ambiente-debateu-o-futuro-de-afogados-da-ingazeira\/","title":{"rendered":"Confer\u00eancia de meio ambiente debateu o futuro de Afogados da Ingazeira"},"content":{"rendered":"\n<p>Em nenhuma outra \u00e9poca da civiliza\u00e7\u00e3o, exceto talvez no auge da guerra fria, a vida no planeta esteve t\u00e3o amea\u00e7ada quanto nesses tempos de mudan\u00e7as clim\u00e1ticas e aquecimento global. Nunca foi t\u00e3o urgente implantar a\u00e7\u00f5es para reduzir os danos que j\u00e1 se fazem sentir pelo mundo afora.<\/p>\n\n\n\n<p>Nesse sentido, a confer\u00eancia municipal de meio ambiente realizada durante todo o dia de &nbsp;ontem (16) em Afogados, no audit\u00f3rio da FASP, debateu temas intimamente ligados ao nosso futuro: reflorestamento, cr\u00e9dito de carbono, seguran\u00e7a h\u00eddrica, combate \u00e0 desertifica\u00e7\u00e3o, preserva\u00e7\u00e3o da caatinga, gest\u00e3o de res\u00edduos s\u00f3lidos, sistema agroflorestal, educa\u00e7\u00e3o ambiental, ecoturismo, certifica\u00e7\u00e3o ambiental, dentre in\u00fameros outros.&nbsp;<\/p>\n\n\n\n<p>A confer\u00eancia contou com mais de 150 participantes, quase o dobro do previsto inicialmente. Eles puderam, ao final dos debates em grupo e aprova\u00e7\u00e3o das propostas em plen\u00e1ria, escolher 28 delegados e delegadas para a confer\u00eancia estadual, que acontece em Recife, no m\u00eas de mar\u00e7o. A delega\u00e7\u00e3o de Afogados foi composta respeitando a paridade de g\u00eanero e com 50% de representantes da sociedade civil.&nbsp;<\/p>\n\n\n\n<figure class=\"wp-block-image\"><a href=\"https:\/\/i0.wp.com\/blogger.googleusercontent.com\/img\/b\/R29vZ2xl\/AVvXsEiZdoSIMTunwcKhe0vw1Ke7Ou313vJw-8kIryH1kSS5WGbvEnqJyphfb5pWE-xphlHoZxWvAxyO-1wUR8EyLhsOlEcnbK2AdKIKFs0NGxWoJDdT-Ge0yfnVX-pkxe57Sb00ooHdwgaDcS7wS8algJ3dNiZYnzRRyI5BlmNUPx-ER_K3M4My2NNyLc4HZ_ir\/s1600\/bfa3a2ef-c06b-40a0-ba1a-b1a18e7f5750.jpeg?ssl=1\"><img data-recalc-dims=\"1\" decoding=\"async\" src=\"https:\/\/i0.wp.com\/blogger.googleusercontent.com\/img\/b\/R29vZ2xl\/AVvXsEiZdoSIMTunwcKhe0vw1Ke7Ou313vJw-8kIryH1kSS5WGbvEnqJyphfb5pWE-xphlHoZxWvAxyO-1wUR8EyLhsOlEcnbK2AdKIKFs0NGxWoJDdT-Ge0yfnVX-pkxe57Sb00ooHdwgaDcS7wS8algJ3dNiZYnzRRyI5BlmNUPx-ER_K3M4My2NNyLc4HZ_ir\/w400-h266\/bfa3a2ef-c06b-40a0-ba1a-b1a18e7f5750.jpeg?w=840&#038;ssl=1\" alt=\"\"\/><\/a><\/figure>\n\n\n\n<p>O secret\u00e1rio municipal de meio ambiente, Adelmo Santos, se mostrou feliz n\u00e3o s\u00f3 pela participa\u00e7\u00e3o mas tamb\u00e9m pela qualidade dos debates e propostas apresentadas. \u201cEstou muito feliz com o resultado, a secretaria tem apenas quinze dias mas j\u00e1 conseguimos realizar uma grande confer\u00eancia. Esses resultados tamb\u00e9m ir\u00e3o subsidiar nossas a\u00e7\u00f5es \u00e0 frente da secretaria diante do grande passivo ambiental que temos pra cuidar,\u201d destacou Adelmo.&nbsp;<\/p>\n\n\n\n<p>O Bispo Diocesano, Dom Limac\u00eado Ant\u00f4nio, destacou na abertura que na defesa da vida todos se encontram. \u201cEsse debate mostra que \u00e9 poss\u00edvel fazermos mais, que \u00e9 poss\u00edvel fazermos diferente.\u201d<\/p>\n\n\n\n<p>O vice-prefeito de Afogados, Daniel Valadares, alertou para o fato de que no processo de privatiza\u00e7\u00e3o da Compesa n\u00e3o h\u00e1 previs\u00e3o de destina\u00e7\u00e3o de recursos para abastecimento rural. \u201cRepresentei o Prefeito Sandrinho Palmeira na assembleia da Amupe e levantei essa preocupa\u00e7\u00e3o, que seja destinado um percentual desse recurso para investimentos do Estado na implanta\u00e7\u00e3o de sistemas de abastecimento d\u2019\u00e1gua nas comunidades rurais,\u201d afirmou Daniel.&nbsp;<\/p>\n\n\n\n<p>O Prefeito Sandrinho Palmeira destacou a\u00e7\u00f5es ambientais importantes j\u00e1 implantadas pela Prefeitura de Afogados, como o sistema de reuso de \u00e1gua, a farm\u00e1cia viva, a sementeira com esp\u00e9cies da caatinga, o fim do lix\u00e3o, &nbsp;o c\u00f3digo ambiental, a lei que implantou a educa\u00e7\u00e3o ambiental nas escolas, a instala\u00e7\u00e3o do conselho municipal de meio ambiente, al\u00e9m da pr\u00f3pria cria\u00e7\u00e3o de uma secretaria espec\u00edfica para tratar do tema. \u201cEssa secretaria \u00e9 fruto da luta da sociedade. J\u00e1 v\u00ednhamos desenvolvendo a\u00e7\u00f5es importantes que ser\u00e3o potencializadas nesse segundo mandato, sob o comando desse grande lutador que \u00e9 o nosso secret\u00e1rio Adelmo Santos,\u201d afirmou Sandrinho. O Prefeito ainda fez quest\u00e3o de destacar a import\u00e2ncia da participa\u00e7\u00e3o qualificada de Afogados no comit\u00ea de bacias do Rio S\u00e3o Francisco, que possibilitou a conquista recente de 25 milh\u00f5es de reais para a retomada das obras de saneamento global no munic\u00edpio.&nbsp;<\/p>\n\n\n\n<p>A parte cultural ficou por conta da companhia art\u00edstica brincantes, que &nbsp;atrav\u00e9s do seu espet\u00e1culo trouxe reflex\u00f5es import\u00e2ncia do meio ambiente para a preserva\u00e7\u00e3o da vida.&nbsp;<\/p>\n\n\n\n<p>A confer\u00eancia contou com representantes de diversos segmentos e institui\u00e7\u00f5es, a exemplo da diocese de Afogados, Sindicato de trabalhadores rurais, COMDRUR, conselhos de bairros, Diaconia, IFPE, GRE Alto Sert\u00e3o, col\u00f4nia de pescadores, Sisar, IPA, f\u00f3rum de mulheres do Paje\u00fa, dentre outras.&nbsp;<\/p>\n\n\n\n<p>Estiveram presentes os vereadores Cesar Ten\u00f3rio, Douglas eletricista, Raimundo Lima e as vereadoras Lucineide do Sindicato e Simone da feira. O Presidente da C\u00e2mara de vereadores, Vicentinho, esteve presente no in\u00edcio mas precisou se ausentar em decorr\u00eancia de uma entrevista de r\u00e1dio previamente agendada.<\/p>\n","protected":false},"excerpt":{"rendered":"<p>Em nenhuma outra \u00e9poca da civiliza\u00e7\u00e3o, exceto talvez no auge da guerra fria, a vida no planeta esteve t\u00e3o amea\u00e7ada<\/p>\n","protected":false},"author":2,"featured_media":62669,"comment_status":"open","ping_status":"open","sticky":false,"template":"","format":"standard","meta":{"jetpack_post_was_ever_published":false,"_jetpack_newsletter_access":"","_jetpack_dont_email_post_to_subs":false,"_jetpack_newsletter_tier_id":0,"_jetpack_memberships_contains_paywalled_content":false,"_jetpack_memberships_contains_paid_content":false,"footnotes":"","jetpack_publicize_message":"","jetpack_publicize_feature_enabled":true,"jetpack_social_post_already_shared":true,"jetpack_social_options":{"image_generator_settings":{"template":"highway","default_image_id":0,"font":"","enabled":false},"version":2}},"categories":[14],"tags":[],"class_list":["post-62668","post","type-post","status-publish","format-standard","has-post-thumbnail","hentry","category-afogados-da-ingazeira"],"yoast_head":"<!-- This site is optimized with the Yoast SEO plugin v27.5 - https:\/\/yoast.com\/product\/yoast-seo-wordpress\/ -->\n<title>Confer\u00eancia de meio ambiente debateu o futuro de Afogados da Ingazeira - Afogados FM<\/title>\n<meta name=\"robots\" content=\"index, follow, max-snippet:-1, max-image-preview:large, max-video-preview:-1\" \/>\n<link rel=\"canonical\" href=\"https:\/\/afogadosfm.com.br\/afogadosfm\/2025\/01\/17\/conferencia-de-meio-ambiente-debateu-o-futuro-de-afogados-da-ingazeira\/\" \/>\n<meta property=\"og:locale\" content=\"pt_BR\" \/>\n<meta property=\"og:type\" content=\"article\" \/>\n<meta property=\"og:title\" content=\"Confer\u00eancia de meio ambiente debateu o futuro de Afogados da Ingazeira - Afogados FM\" \/>\n<meta property=\"og:description\" content=\"Em nenhuma outra \u00e9poca da civiliza\u00e7\u00e3o, exceto talvez no auge da guerra fria, a vida no planeta esteve t\u00e3o amea\u00e7ada\" \/>\n<meta property=\"og:url\" content=\"https:\/\/afogadosfm.com.br\/afogadosfm\/2025\/01\/17\/conferencia-de-meio-ambiente-debateu-o-futuro-de-afogados-da-ingazeira\/\" \/>\n<meta property=\"og:site_name\" content=\"Afogados FM\" \/>\n<meta property=\"article:published_time\" content=\"2025-01-17T09:13:53+00:00\" \/>\n<meta property=\"article:modified_time\" content=\"2025-01-17T09:13:58+00:00\" \/>\n<meta property=\"og:image\" content=\"https:\/\/afogadosfm.com.br\/afogadosfm\/wp-content\/uploads\/2025\/01\/268720f0-7e12-4505-b973-77678fb04dd1.jpeg\" \/>\n\t<meta property=\"og:image:width\" content=\"400\" \/>\n\t<meta property=\"og:image:height\" content=\"266\" \/>\n\t<meta property=\"og:image:type\" content=\"image\/jpeg\" \/>\n<meta name=\"author\" content=\"afogadosfm\" \/>\n<meta name=\"twitter:card\" content=\"summary_large_image\" \/>\n<meta name=\"twitter:label1\" content=\"Escrito por\" \/>\n\t<meta name=\"twitter:data1\" content=\"afogadosfm\" \/>\n\t<meta name=\"twitter:label2\" content=\"Est. tempo de leitura\" \/>\n\t<meta name=\"twitter:data2\" content=\"4 minutos\" \/>\n<script type=\"application\/ld+json\" class=\"yoast-schema-graph\">{\"@context\":\"https:\\\/\\\/schema.org\",\"@graph\":[{\"@type\":\"Article\",\"@id\":\"https:\\\/\\\/afogadosfm.com.br\\\/afogadosfm\\\/2025\\\/01\\\/17\\\/conferencia-de-meio-ambiente-debateu-o-futuro-de-afogados-da-ingazeira\\\/#article\",\"isPartOf\":{\"@id\":\"https:\\\/\\\/afogadosfm.com.br\\\/afogadosfm\\\/2025\\\/01\\\/17\\\/conferencia-de-meio-ambiente-debateu-o-futuro-de-afogados-da-ingazeira\\\/\"},\"author\":{\"name\":\"afogadosfm\",\"@id\":\"https:\\\/\\\/afogadosfm.com.br\\\/afogadosfm\\\/#\\\/schema\\\/person\\\/60e56f2cf5dc960fc093fe093d9e9057\"},\"headline\":\"Confer\u00eancia de meio ambiente debateu o futuro de Afogados da Ingazeira\",\"datePublished\":\"2025-01-17T09:13:53+00:00\",\"dateModified\":\"2025-01-17T09:13:58+00:00\",\"mainEntityOfPage\":{\"@id\":\"https:\\\/\\\/afogadosfm.com.br\\\/afogadosfm\\\/2025\\\/01\\\/17\\\/conferencia-de-meio-ambiente-debateu-o-futuro-de-afogados-da-ingazeira\\\/\"},\"wordCount\":673,\"commentCount\":0,\"publisher\":{\"@id\":\"https:\\\/\\\/afogadosfm.com.br\\\/afogadosfm\\\/#organization\"},\"image\":{\"@id\":\"https:\\\/\\\/afogadosfm.com.br\\\/afogadosfm\\\/2025\\\/01\\\/17\\\/conferencia-de-meio-ambiente-debateu-o-futuro-de-afogados-da-ingazeira\\\/#primaryimage\"},\"thumbnailUrl\":\"https:\\\/\\\/i0.wp.com\\\/afogadosfm.com.br\\\/afogadosfm\\\/wp-content\\\/uploads\\\/2025\\\/01\\\/268720f0-7e12-4505-b973-77678fb04dd1.jpeg?fit=400%2C266&ssl=1\",\"articleSection\":[\"Afogados da Ingazeira\"],\"inLanguage\":\"pt-BR\",\"potentialAction\":[{\"@type\":\"CommentAction\",\"name\":\"Comment\",\"target\":[\"https:\\\/\\\/afogadosfm.com.br\\\/afogadosfm\\\/2025\\\/01\\\/17\\\/conferencia-de-meio-ambiente-debateu-o-futuro-de-afogados-da-ingazeira\\\/#respond\"]}]},{\"@type\":\"WebPage\",\"@id\":\"https:\\\/\\\/afogadosfm.com.br\\\/afogadosfm\\\/2025\\\/01\\\/17\\\/conferencia-de-meio-ambiente-debateu-o-futuro-de-afogados-da-ingazeira\\\/\",\"url\":\"https:\\\/\\\/afogadosfm.com.br\\\/afogadosfm\\\/2025\\\/01\\\/17\\\/conferencia-de-meio-ambiente-debateu-o-futuro-de-afogados-da-ingazeira\\\/\",\"name\":\"Confer\u00eancia de meio ambiente debateu o futuro de Afogados da Ingazeira - Afogados FM\",\"isPartOf\":{\"@id\":\"https:\\\/\\\/afogadosfm.com.br\\\/afogadosfm\\\/#website\"},\"primaryImageOfPage\":{\"@id\":\"https:\\\/\\\/afogadosfm.com.br\\\/afogadosfm\\\/2025\\\/01\\\/17\\\/conferencia-de-meio-ambiente-debateu-o-futuro-de-afogados-da-ingazeira\\\/#primaryimage\"},\"image\":{\"@id\":\"https:\\\/\\\/afogadosfm.com.br\\\/afogadosfm\\\/2025\\\/01\\\/17\\\/conferencia-de-meio-ambiente-debateu-o-futuro-de-afogados-da-ingazeira\\\/#primaryimage\"},\"thumbnailUrl\":\"https:\\\/\\\/i0.wp.com\\\/afogadosfm.com.br\\\/afogadosfm\\\/wp-content\\\/uploads\\\/2025\\\/01\\\/268720f0-7e12-4505-b973-77678fb04dd1.jpeg?fit=400%2C266&ssl=1\",\"datePublished\":\"2025-01-17T09:13:53+00:00\",\"dateModified\":\"2025-01-17T09:13:58+00:00\",\"breadcrumb\":{\"@id\":\"https:\\\/\\\/afogadosfm.com.br\\\/afogadosfm\\\/2025\\\/01\\\/17\\\/conferencia-de-meio-ambiente-debateu-o-futuro-de-afogados-da-ingazeira\\\/#breadcrumb\"},\"inLanguage\":\"pt-BR\",\"potentialAction\":[{\"@type\":\"ReadAction\",\"target\":[\"https:\\\/\\\/afogadosfm.com.br\\\/afogadosfm\\\/2025\\\/01\\\/17\\\/conferencia-de-meio-ambiente-debateu-o-futuro-de-afogados-da-ingazeira\\\/\"]}]},{\"@type\":\"ImageObject\",\"inLanguage\":\"pt-BR\",\"@id\":\"https:\\\/\\\/afogadosfm.com.br\\\/afogadosfm\\\/2025\\\/01\\\/17\\\/conferencia-de-meio-ambiente-debateu-o-futuro-de-afogados-da-ingazeira\\\/#primaryimage\",\"url\":\"https:\\\/\\\/i0.wp.com\\\/afogadosfm.com.br\\\/afogadosfm\\\/wp-content\\\/uploads\\\/2025\\\/01\\\/268720f0-7e12-4505-b973-77678fb04dd1.jpeg?fit=400%2C266&ssl=1\",\"contentUrl\":\"https:\\\/\\\/i0.wp.com\\\/afogadosfm.com.br\\\/afogadosfm\\\/wp-content\\\/uploads\\\/2025\\\/01\\\/268720f0-7e12-4505-b973-77678fb04dd1.jpeg?fit=400%2C266&ssl=1\",\"width\":400,\"height\":266},{\"@type\":\"BreadcrumbList\",\"@id\":\"https:\\\/\\\/afogadosfm.com.br\\\/afogadosfm\\\/2025\\\/01\\\/17\\\/conferencia-de-meio-ambiente-debateu-o-futuro-de-afogados-da-ingazeira\\\/#breadcrumb\",\"itemListElement\":[{\"@type\":\"ListItem\",\"position\":1,\"name\":\"In\u00edcio\",\"item\":\"https:\\\/\\\/afogadosfm.com.br\\\/afogadosfm\\\/\"},{\"@type\":\"ListItem\",\"position\":2,\"name\":\"Confer\u00eancia de meio ambiente debateu o futuro de Afogados da Ingazeira\"}]},{\"@type\":\"WebSite\",\"@id\":\"https:\\\/\\\/afogadosfm.com.br\\\/afogadosfm\\\/#website\",\"url\":\"https:\\\/\\\/afogadosfm.com.br\\\/afogadosfm\\\/\",\"name\":\"Afogados FM\",\"description\":\"Um site completo!\",\"publisher\":{\"@id\":\"https:\\\/\\\/afogadosfm.com.br\\\/afogadosfm\\\/#organization\"},\"potentialAction\":[{\"@type\":\"SearchAction\",\"target\":{\"@type\":\"EntryPoint\",\"urlTemplate\":\"https:\\\/\\\/afogadosfm.com.br\\\/afogadosfm\\\/?s={search_term_string}\"},\"query-input\":{\"@type\":\"PropertyValueSpecification\",\"valueRequired\":true,\"valueName\":\"search_term_string\"}}],\"inLanguage\":\"pt-BR\"},{\"@type\":\"Organization\",\"@id\":\"https:\\\/\\\/afogadosfm.com.br\\\/afogadosfm\\\/#organization\",\"name\":\"Afogados FM\",\"url\":\"https:\\\/\\\/afogadosfm.com.br\\\/afogadosfm\\\/\",\"logo\":{\"@type\":\"ImageObject\",\"inLanguage\":\"pt-BR\",\"@id\":\"https:\\\/\\\/afogadosfm.com.br\\\/afogadosfm\\\/#\\\/schema\\\/logo\\\/image\\\/\",\"url\":\"https:\\\/\\\/i0.wp.com\\\/afogadosfm.com.br\\\/afogadosfm\\\/wp-content\\\/uploads\\\/2020\\\/06\\\/cropped-banner-afogados-4.jpg?fit=369%2C137&ssl=1\",\"contentUrl\":\"https:\\\/\\\/i0.wp.com\\\/afogadosfm.com.br\\\/afogadosfm\\\/wp-content\\\/uploads\\\/2020\\\/06\\\/cropped-banner-afogados-4.jpg?fit=369%2C137&ssl=1\",\"width\":369,\"height\":137,\"caption\":\"Afogados FM\"},\"image\":{\"@id\":\"https:\\\/\\\/afogadosfm.com.br\\\/afogadosfm\\\/#\\\/schema\\\/logo\\\/image\\\/\"}},{\"@type\":\"Person\",\"@id\":\"https:\\\/\\\/afogadosfm.com.br\\\/afogadosfm\\\/#\\\/schema\\\/person\\\/60e56f2cf5dc960fc093fe093d9e9057\",\"name\":\"afogadosfm\",\"image\":{\"@type\":\"ImageObject\",\"inLanguage\":\"pt-BR\",\"@id\":\"https:\\\/\\\/secure.gravatar.com\\\/avatar\\\/e0359add7ed5dc3560906d861b52c6a8cf5c1e199d3a7dd85070998f49bd4701?s=96&d=mm&r=g\",\"url\":\"https:\\\/\\\/secure.gravatar.com\\\/avatar\\\/e0359add7ed5dc3560906d861b52c6a8cf5c1e199d3a7dd85070998f49bd4701?s=96&d=mm&r=g\",\"contentUrl\":\"https:\\\/\\\/secure.gravatar.com\\\/avatar\\\/e0359add7ed5dc3560906d861b52c6a8cf5c1e199d3a7dd85070998f49bd4701?s=96&d=mm&r=g\",\"caption\":\"afogadosfm\"},\"url\":\"https:\\\/\\\/afogadosfm.com.br\\\/afogadosfm\\\/author\\\/afogadosfm\\\/\"}]}<\/script>\n<!-- \/ Yoast SEO plugin. -->","yoast_head_json":{"title":"Confer\u00eancia de meio ambiente debateu o futuro de Afogados da Ingazeira - Afogados FM","robots":{"index":"index","follow":"follow","max-snippet":"max-snippet:-1","max-image-preview":"max-image-preview:large","max-video-preview":"max-video-preview:-1"},"canonical":"https:\/\/afogadosfm.com.br\/afogadosfm\/2025\/01\/17\/conferencia-de-meio-ambiente-debateu-o-futuro-de-afogados-da-ingazeira\/","og_locale":"pt_BR","og_type":"article","og_title":"Confer\u00eancia de meio ambiente debateu o futuro de Afogados da Ingazeira - Afogados FM","og_description":"Em nenhuma outra \u00e9poca da civiliza\u00e7\u00e3o, exceto talvez no auge da guerra fria, a vida no planeta esteve t\u00e3o amea\u00e7ada","og_url":"https:\/\/afogadosfm.com.br\/afogadosfm\/2025\/01\/17\/conferencia-de-meio-ambiente-debateu-o-futuro-de-afogados-da-ingazeira\/","og_site_name":"Afogados FM","article_published_time":"2025-01-17T09:13:53+00:00","article_modified_time":"2025-01-17T09:13:58+00:00","og_image":[{"width":400,"height":266,"url":"https:\/\/afogadosfm.com.br\/afogadosfm\/wp-content\/uploads\/2025\/01\/268720f0-7e12-4505-b973-77678fb04dd1.jpeg","type":"image\/jpeg"}],"author":"afogadosfm","twitter_card":"summary_large_image","twitter_misc":{"Escrito por":"afogadosfm","Est. tempo de leitura":"4 minutos"},"schema":{"@context":"https:\/\/schema.org","@graph":[{"@type":"Article","@id":"https:\/\/afogadosfm.com.br\/afogadosfm\/2025\/01\/17\/conferencia-de-meio-ambiente-debateu-o-futuro-de-afogados-da-ingazeira\/#article","isPartOf":{"@id":"https:\/\/afogadosfm.com.br\/afogadosfm\/2025\/01\/17\/conferencia-de-meio-ambiente-debateu-o-futuro-de-afogados-da-ingazeira\/"},"author":{"name":"afogadosfm","@id":"https:\/\/afogadosfm.com.br\/afogadosfm\/#\/schema\/person\/60e56f2cf5dc960fc093fe093d9e9057"},"headline":"Confer\u00eancia de meio ambiente debateu o futuro de Afogados da Ingazeira","datePublished":"2025-01-17T09:13:53+00:00","dateModified":"2025-01-17T09:13:58+00:00","mainEntityOfPage":{"@id":"https:\/\/afogadosfm.com.br\/afogadosfm\/2025\/01\/17\/conferencia-de-meio-ambiente-debateu-o-futuro-de-afogados-da-ingazeira\/"},"wordCount":673,"commentCount":0,"publisher":{"@id":"https:\/\/afogadosfm.com.br\/afogadosfm\/#organization"},"image":{"@id":"https:\/\/afogadosfm.com.br\/afogadosfm\/2025\/01\/17\/conferencia-de-meio-ambiente-debateu-o-futuro-de-afogados-da-ingazeira\/#primaryimage"},"thumbnailUrl":"https:\/\/i0.wp.com\/afogadosfm.com.br\/afogadosfm\/wp-content\/uploads\/2025\/01\/268720f0-7e12-4505-b973-77678fb04dd1.jpeg?fit=400%2C266&ssl=1","articleSection":["Afogados da Ingazeira"],"inLanguage":"pt-BR","potentialAction":[{"@type":"CommentAction","name":"Comment","target":["https:\/\/afogadosfm.com.br\/afogadosfm\/2025\/01\/17\/conferencia-de-meio-ambiente-debateu-o-futuro-de-afogados-da-ingazeira\/#respond"]}]},{"@type":"WebPage","@id":"https:\/\/afogadosfm.com.br\/afogadosfm\/2025\/01\/17\/conferencia-de-meio-ambiente-debateu-o-futuro-de-afogados-da-ingazeira\/","url":"https:\/\/afogadosfm.com.br\/afogadosfm\/2025\/01\/17\/conferencia-de-meio-ambiente-debateu-o-futuro-de-afogados-da-ingazeira\/","name":"Confer\u00eancia de meio ambiente debateu o futuro de Afogados da Ingazeira - Afogados FM","isPartOf":{"@id":"https:\/\/afogadosfm.com.br\/afogadosfm\/#website"},"primaryImageOfPage":{"@id":"https:\/\/afogadosfm.com.br\/afogadosfm\/2025\/01\/17\/conferencia-de-meio-ambiente-debateu-o-futuro-de-afogados-da-ingazeira\/#primaryimage"},"image":{"@id":"https:\/\/afogadosfm.com.br\/afogadosfm\/2025\/01\/17\/conferencia-de-meio-ambiente-debateu-o-futuro-de-afogados-da-ingazeira\/#primaryimage"},"thumbnailUrl":"https:\/\/i0.wp.com\/afogadosfm.com.br\/afogadosfm\/wp-content\/uploads\/2025\/01\/268720f0-7e12-4505-b973-77678fb04dd1.jpeg?fit=400%2C266&ssl=1","datePublished":"2025-01-17T09:13:53+00:00","dateModified":"2025-01-17T09:13:58+00:00","breadcrumb":{"@id":"https:\/\/afogadosfm.com.br\/afogadosfm\/2025\/01\/17\/conferencia-de-meio-ambiente-debateu-o-futuro-de-afogados-da-ingazeira\/#breadcrumb"},"inLanguage":"pt-BR","potentialAction":[{"@type":"ReadAction","target":["https:\/\/afogadosfm.com.br\/afogadosfm\/2025\/01\/17\/conferencia-de-meio-ambiente-debateu-o-futuro-de-afogados-da-ingazeira\/"]}]},{"@type":"ImageObject","inLanguage":"pt-BR","@id":"https:\/\/afogadosfm.com.br\/afogadosfm\/2025\/01\/17\/conferencia-de-meio-ambiente-debateu-o-futuro-de-afogados-da-ingazeira\/#primaryimage","url":"https:\/\/i0.wp.com\/afogadosfm.com.br\/afogadosfm\/wp-content\/uploads\/2025\/01\/268720f0-7e12-4505-b973-77678fb04dd1.jpeg?fit=400%2C266&ssl=1","contentUrl":"https:\/\/i0.wp.com\/afogadosfm.com.br\/afogadosfm\/wp-content\/uploads\/2025\/01\/268720f0-7e12-4505-b973-77678fb04dd1.jpeg?fit=400%2C266&ssl=1","width":400,"height":266},{"@type":"BreadcrumbList","@id":"https:\/\/afogadosfm.com.br\/afogadosfm\/2025\/01\/17\/conferencia-de-meio-ambiente-debateu-o-futuro-de-afogados-da-ingazeira\/#breadcrumb","itemListElement":[{"@type":"ListItem","position":1,"name":"In\u00edcio","item":"https:\/\/afogadosfm.com.br\/afogadosfm\/"},{"@type":"ListItem","position":2,"name":"Confer\u00eancia de meio ambiente debateu o futuro de Afogados da Ingazeira"}]},{"@type":"WebSite","@id":"https:\/\/afogadosfm.com.br\/afogadosfm\/#website","url":"https:\/\/afogadosfm.com.br\/afogadosfm\/","name":"Afogados FM","description":"Um site completo!","publisher":{"@id":"https:\/\/afogadosfm.com.br\/afogadosfm\/#organization"},"potentialAction":[{"@type":"SearchAction","target":{"@type":"EntryPoint","urlTemplate":"https:\/\/afogadosfm.com.br\/afogadosfm\/?s={search_term_string}"},"query-input":{"@type":"PropertyValueSpecification","valueRequired":true,"valueName":"search_term_string"}}],"inLanguage":"pt-BR"},{"@type":"Organization","@id":"https:\/\/afogadosfm.com.br\/afogadosfm\/#organization","name":"Afogados FM","url":"https:\/\/afogadosfm.com.br\/afogadosfm\/","logo":{"@type":"ImageObject","inLanguage":"pt-BR","@id":"https:\/\/afogadosfm.com.br\/afogadosfm\/#\/schema\/logo\/image\/","url":"https:\/\/i0.wp.com\/afogadosfm.com.br\/afogadosfm\/wp-content\/uploads\/2020\/06\/cropped-banner-afogados-4.jpg?fit=369%2C137&ssl=1","contentUrl":"https:\/\/i0.wp.com\/afogadosfm.com.br\/afogadosfm\/wp-content\/uploads\/2020\/06\/cropped-banner-afogados-4.jpg?fit=369%2C137&ssl=1","width":369,"height":137,"caption":"Afogados FM"},"image":{"@id":"https:\/\/afogadosfm.com.br\/afogadosfm\/#\/schema\/logo\/image\/"}},{"@type":"Person","@id":"https:\/\/afogadosfm.com.br\/afogadosfm\/#\/schema\/person\/60e56f2cf5dc960fc093fe093d9e9057","name":"afogadosfm","image":{"@type":"ImageObject","inLanguage":"pt-BR","@id":"https:\/\/secure.gravatar.com\/avatar\/e0359add7ed5dc3560906d861b52c6a8cf5c1e199d3a7dd85070998f49bd4701?s=96&d=mm&r=g","url":"https:\/\/secure.gravatar.com\/avatar\/e0359add7ed5dc3560906d861b52c6a8cf5c1e199d3a7dd85070998f49bd4701?s=96&d=mm&r=g","contentUrl":"https:\/\/secure.gravatar.com\/avatar\/e0359add7ed5dc3560906d861b52c6a8cf5c1e199d3a7dd85070998f49bd4701?s=96&d=mm&r=g","caption":"afogadosfm"},"url":"https:\/\/afogadosfm.com.br\/afogadosfm\/author\/afogadosfm\/"}]}},"jetpack_publicize_connections":[],"jetpack_featured_media_url":"https:\/\/i0.wp.com\/afogadosfm.com.br\/afogadosfm\/wp-content\/uploads\/2025\/01\/268720f0-7e12-4505-b973-77678fb04dd1.jpeg?fit=400%2C266&ssl=1","jetpack-related-posts":[],"jetpack_sharing_enabled":true,"jetpack_likes_enabled":true,"_links":{"self":[{"href":"https:\/\/afogadosfm.com.br\/afogadosfm\/wp-json\/wp\/v2\/posts\/62668","targetHints":{"allow":["GET"]}}],"collection":[{"href":"https:\/\/afogadosfm.com.br\/afogadosfm\/wp-json\/wp\/v2\/posts"}],"about":[{"href":"https:\/\/afogadosfm.com.br\/afogadosfm\/wp-json\/wp\/v2\/types\/post"}],"author":[{"embeddable":true,"href":"https:\/\/afogadosfm.com.br\/afogadosfm\/wp-json\/wp\/v2\/users\/2"}],"replies":[{"embeddable":true,"href":"https:\/\/afogadosfm.com.br\/afogadosfm\/wp-json\/wp\/v2\/comments?post=62668"}],"version-history":[{"count":1,"href":"https:\/\/afogadosfm.com.br\/afogadosfm\/wp-json\/wp\/v2\/posts\/62668\/revisions"}],"predecessor-version":[{"id":62670,"href":"https:\/\/afogadosfm.com.br\/afogadosfm\/wp-json\/wp\/v2\/posts\/62668\/revisions\/62670"}],"wp:featuredmedia":[{"embeddable":true,"href":"https:\/\/afogadosfm.com.br\/afogadosfm\/wp-json\/wp\/v2\/media\/62669"}],"wp:attachment":[{"href":"https:\/\/afogadosfm.com.br\/afogadosfm\/wp-json\/wp\/v2\/media?parent=62668"}],"wp:term":[{"taxonomy":"category","embeddable":true,"href":"https:\/\/afogadosfm.com.br\/afogadosfm\/wp-json\/wp\/v2\/categories?post=62668"},{"taxonomy":"post_tag","embeddable":true,"href":"https:\/\/afogadosfm.com.br\/afogadosfm\/wp-json\/wp\/v2\/tags?post=62668"}],"curies":[{"name":"wp","href":"https:\/\/api.w.org\/{rel}","templated":true}]}}