{"id":62671,"date":"2025-01-17T06:16:27","date_gmt":"2025-01-17T09:16:27","guid":{"rendered":"https:\/\/afogadosfm.com.br\/afogadosfm\/?p=62671"},"modified":"2025-01-17T06:16:34","modified_gmt":"2025-01-17T09:16:34","slug":"jornal-diz-que-raquel-lyra-e-sondada-pelo-pt-para-concorrer-a-reeleicao-pelo-partido","status":"publish","type":"post","link":"https:\/\/afogadosfm.com.br\/afogadosfm\/2025\/01\/17\/jornal-diz-que-raquel-lyra-e-sondada-pelo-pt-para-concorrer-a-reeleicao-pelo-partido\/","title":{"rendered":"Jornal diz que Raquel Lyra \u00e9 sondada pelo PT para concorrer \u00e0 reelei\u00e7\u00e3o pelo partido"},"content":{"rendered":"\n<p>A governadora de Pernambuco, Raquel Lyra (PSDB), tem sido cortejada por diversos partidos, e agora \u00e9 vista como uma poss\u00edvel filiada do Partido dos Trabalhadores (PT). A informa\u00e7\u00e3o \u00e9 o do Jornal O Globo. Pr\u00f3xima do ministro da Casa Civil, Rui Costa, Lyra tem sido sondada para se filiar \u00e0 legenda de Luiz In\u00e1cio Lula da Silva e disputar a reelei\u00e7\u00e3o com o apoio do presidente.<\/p>\n\n\n\n<p>Embora conte com o apoio de figuras de peso do PT, como o senador Humberto Costa e o ex-prefeito de Recife e deputado estadual, Jo\u00e3o Paulo, Lyra ainda enfrenta resist\u00eancias dentro da sigla.<\/p>\n\n\n\n<p>Entretanto, Raquel Lyra enfrenta resist\u00eancia no diret\u00f3rio municipal do PT, em Recife. Ligados ao prefeito Jo\u00e3o Campos (PSB), que tamb\u00e9m ser\u00e1 candidato ao governo de Pernambuco no pr\u00f3ximo ano, os dirigentes do PT na capital n\u00e3o t\u00eam proximidade com a tucana. Fora do cen\u00e1rio local, Campos tamb\u00e9m conta com o apoio de figuras como a senadora Teresa Leit\u00e3o (PT).<\/p>\n","protected":false},"excerpt":{"rendered":"<p>A governadora de Pernambuco, Raquel Lyra (PSDB), tem sido cortejada por diversos partidos, e agora \u00e9 vista como uma poss\u00edvel<\/p>\n","protected":false},"author":2,"featured_media":60927,"comment_status":"open","ping_status":"open","sticky":false,"template":"","format":"standard","meta":{"jetpack_post_was_ever_published":false,"_jetpack_newsletter_access":"","_jetpack_dont_email_post_to_subs":false,"_jetpack_newsletter_tier_id":0,"_jetpack_memberships_contains_paywalled_content":false,"_jetpack_memberships_contains_paid_content":false,"footnotes":"","jetpack_publicize_message":"","jetpack_publicize_feature_enabled":true,"jetpack_social_post_already_shared":true,"jetpack_social_options":{"image_generator_settings":{"template":"highway","default_image_id":0,"font":"","enabled":false},"version":2}},"categories":[13],"tags":[],"class_list":["post-62671","post","type-post","status-publish","format-standard","has-post-thumbnail","hentry","category-pernambuco"],"yoast_head":"<!-- This site is optimized with the Yoast SEO plugin v27.5 - https:\/\/yoast.com\/product\/yoast-seo-wordpress\/ -->\n<title>Jornal diz que Raquel Lyra \u00e9 sondada pelo PT para concorrer \u00e0 reelei\u00e7\u00e3o pelo partido - Afogados FM<\/title>\n<meta name=\"robots\" content=\"index, follow, max-snippet:-1, max-image-preview:large, max-video-preview:-1\" \/>\n<link rel=\"canonical\" href=\"https:\/\/afogadosfm.com.br\/afogadosfm\/2025\/01\/17\/jornal-diz-que-raquel-lyra-e-sondada-pelo-pt-para-concorrer-a-reeleicao-pelo-partido\/\" \/>\n<meta property=\"og:locale\" content=\"pt_BR\" \/>\n<meta property=\"og:type\" content=\"article\" \/>\n<meta property=\"og:title\" content=\"Jornal diz que Raquel Lyra \u00e9 sondada pelo PT para concorrer \u00e0 reelei\u00e7\u00e3o pelo partido - Afogados FM\" \/>\n<meta property=\"og:description\" content=\"A governadora de Pernambuco, Raquel Lyra (PSDB), tem sido cortejada por diversos partidos, e agora \u00e9 vista como uma poss\u00edvel\" \/>\n<meta property=\"og:url\" content=\"https:\/\/afogadosfm.com.br\/afogadosfm\/2025\/01\/17\/jornal-diz-que-raquel-lyra-e-sondada-pelo-pt-para-concorrer-a-reeleicao-pelo-partido\/\" \/>\n<meta property=\"og:site_name\" content=\"Afogados FM\" \/>\n<meta property=\"article:published_time\" content=\"2025-01-17T09:16:27+00:00\" \/>\n<meta property=\"article:modified_time\" content=\"2025-01-17T09:16:34+00:00\" \/>\n<meta property=\"og:image\" content=\"https:\/\/afogadosfm.com.br\/afogadosfm\/wp-content\/uploads\/2024\/11\/raquel-lyra-1.jpg\" \/>\n\t<meta property=\"og:image:width\" content=\"399\" \/>\n\t<meta property=\"og:image:height\" content=\"266\" \/>\n\t<meta property=\"og:image:type\" content=\"image\/jpeg\" \/>\n<meta name=\"author\" content=\"afogadosfm\" \/>\n<meta name=\"twitter:card\" content=\"summary_large_image\" \/>\n<meta name=\"twitter:label1\" content=\"Escrito por\" \/>\n\t<meta name=\"twitter:data1\" content=\"afogadosfm\" \/>\n\t<meta name=\"twitter:label2\" content=\"Est. tempo de leitura\" \/>\n\t<meta name=\"twitter:data2\" content=\"2 minutos\" \/>\n<script type=\"application\/ld+json\" class=\"yoast-schema-graph\">{\"@context\":\"https:\\\/\\\/schema.org\",\"@graph\":[{\"@type\":\"Article\",\"@id\":\"https:\\\/\\\/afogadosfm.com.br\\\/afogadosfm\\\/2025\\\/01\\\/17\\\/jornal-diz-que-raquel-lyra-e-sondada-pelo-pt-para-concorrer-a-reeleicao-pelo-partido\\\/#article\",\"isPartOf\":{\"@id\":\"https:\\\/\\\/afogadosfm.com.br\\\/afogadosfm\\\/2025\\\/01\\\/17\\\/jornal-diz-que-raquel-lyra-e-sondada-pelo-pt-para-concorrer-a-reeleicao-pelo-partido\\\/\"},\"author\":{\"name\":\"afogadosfm\",\"@id\":\"https:\\\/\\\/afogadosfm.com.br\\\/afogadosfm\\\/#\\\/schema\\\/person\\\/60e56f2cf5dc960fc093fe093d9e9057\"},\"headline\":\"Jornal diz que Raquel Lyra \u00e9 sondada pelo PT para concorrer \u00e0 reelei\u00e7\u00e3o pelo partido\",\"datePublished\":\"2025-01-17T09:16:27+00:00\",\"dateModified\":\"2025-01-17T09:16:34+00:00\",\"mainEntityOfPage\":{\"@id\":\"https:\\\/\\\/afogadosfm.com.br\\\/afogadosfm\\\/2025\\\/01\\\/17\\\/jornal-diz-que-raquel-lyra-e-sondada-pelo-pt-para-concorrer-a-reeleicao-pelo-partido\\\/\"},\"wordCount\":186,\"commentCount\":0,\"publisher\":{\"@id\":\"https:\\\/\\\/afogadosfm.com.br\\\/afogadosfm\\\/#organization\"},\"image\":{\"@id\":\"https:\\\/\\\/afogadosfm.com.br\\\/afogadosfm\\\/2025\\\/01\\\/17\\\/jornal-diz-que-raquel-lyra-e-sondada-pelo-pt-para-concorrer-a-reeleicao-pelo-partido\\\/#primaryimage\"},\"thumbnailUrl\":\"https:\\\/\\\/i0.wp.com\\\/afogadosfm.com.br\\\/afogadosfm\\\/wp-content\\\/uploads\\\/2024\\\/11\\\/raquel-lyra-1.jpg?fit=399%2C266&ssl=1\",\"articleSection\":[\"Pernambuco\"],\"inLanguage\":\"pt-BR\",\"potentialAction\":[{\"@type\":\"CommentAction\",\"name\":\"Comment\",\"target\":[\"https:\\\/\\\/afogadosfm.com.br\\\/afogadosfm\\\/2025\\\/01\\\/17\\\/jornal-diz-que-raquel-lyra-e-sondada-pelo-pt-para-concorrer-a-reeleicao-pelo-partido\\\/#respond\"]}]},{\"@type\":\"WebPage\",\"@id\":\"https:\\\/\\\/afogadosfm.com.br\\\/afogadosfm\\\/2025\\\/01\\\/17\\\/jornal-diz-que-raquel-lyra-e-sondada-pelo-pt-para-concorrer-a-reeleicao-pelo-partido\\\/\",\"url\":\"https:\\\/\\\/afogadosfm.com.br\\\/afogadosfm\\\/2025\\\/01\\\/17\\\/jornal-diz-que-raquel-lyra-e-sondada-pelo-pt-para-concorrer-a-reeleicao-pelo-partido\\\/\",\"name\":\"Jornal diz que Raquel Lyra \u00e9 sondada pelo PT para concorrer \u00e0 reelei\u00e7\u00e3o pelo partido - Afogados FM\",\"isPartOf\":{\"@id\":\"https:\\\/\\\/afogadosfm.com.br\\\/afogadosfm\\\/#website\"},\"primaryImageOfPage\":{\"@id\":\"https:\\\/\\\/afogadosfm.com.br\\\/afogadosfm\\\/2025\\\/01\\\/17\\\/jornal-diz-que-raquel-lyra-e-sondada-pelo-pt-para-concorrer-a-reeleicao-pelo-partido\\\/#primaryimage\"},\"image\":{\"@id\":\"https:\\\/\\\/afogadosfm.com.br\\\/afogadosfm\\\/2025\\\/01\\\/17\\\/jornal-diz-que-raquel-lyra-e-sondada-pelo-pt-para-concorrer-a-reeleicao-pelo-partido\\\/#primaryimage\"},\"thumbnailUrl\":\"https:\\\/\\\/i0.wp.com\\\/afogadosfm.com.br\\\/afogadosfm\\\/wp-content\\\/uploads\\\/2024\\\/11\\\/raquel-lyra-1.jpg?fit=399%2C266&ssl=1\",\"datePublished\":\"2025-01-17T09:16:27+00:00\",\"dateModified\":\"2025-01-17T09:16:34+00:00\",\"breadcrumb\":{\"@id\":\"https:\\\/\\\/afogadosfm.com.br\\\/afogadosfm\\\/2025\\\/01\\\/17\\\/jornal-diz-que-raquel-lyra-e-sondada-pelo-pt-para-concorrer-a-reeleicao-pelo-partido\\\/#breadcrumb\"},\"inLanguage\":\"pt-BR\",\"potentialAction\":[{\"@type\":\"ReadAction\",\"target\":[\"https:\\\/\\\/afogadosfm.com.br\\\/afogadosfm\\\/2025\\\/01\\\/17\\\/jornal-diz-que-raquel-lyra-e-sondada-pelo-pt-para-concorrer-a-reeleicao-pelo-partido\\\/\"]}]},{\"@type\":\"ImageObject\",\"inLanguage\":\"pt-BR\",\"@id\":\"https:\\\/\\\/afogadosfm.com.br\\\/afogadosfm\\\/2025\\\/01\\\/17\\\/jornal-diz-que-raquel-lyra-e-sondada-pelo-pt-para-concorrer-a-reeleicao-pelo-partido\\\/#primaryimage\",\"url\":\"https:\\\/\\\/i0.wp.com\\\/afogadosfm.com.br\\\/afogadosfm\\\/wp-content\\\/uploads\\\/2024\\\/11\\\/raquel-lyra-1.jpg?fit=399%2C266&ssl=1\",\"contentUrl\":\"https:\\\/\\\/i0.wp.com\\\/afogadosfm.com.br\\\/afogadosfm\\\/wp-content\\\/uploads\\\/2024\\\/11\\\/raquel-lyra-1.jpg?fit=399%2C266&ssl=1\",\"width\":399,\"height\":266},{\"@type\":\"BreadcrumbList\",\"@id\":\"https:\\\/\\\/afogadosfm.com.br\\\/afogadosfm\\\/2025\\\/01\\\/17\\\/jornal-diz-que-raquel-lyra-e-sondada-pelo-pt-para-concorrer-a-reeleicao-pelo-partido\\\/#breadcrumb\",\"itemListElement\":[{\"@type\":\"ListItem\",\"position\":1,\"name\":\"In\u00edcio\",\"item\":\"https:\\\/\\\/afogadosfm.com.br\\\/afogadosfm\\\/\"},{\"@type\":\"ListItem\",\"position\":2,\"name\":\"Jornal diz que Raquel Lyra \u00e9 sondada pelo PT para concorrer \u00e0 reelei\u00e7\u00e3o pelo partido\"}]},{\"@type\":\"WebSite\",\"@id\":\"https:\\\/\\\/afogadosfm.com.br\\\/afogadosfm\\\/#website\",\"url\":\"https:\\\/\\\/afogadosfm.com.br\\\/afogadosfm\\\/\",\"name\":\"Afogados FM\",\"description\":\"Um site completo!\",\"publisher\":{\"@id\":\"https:\\\/\\\/afogadosfm.com.br\\\/afogadosfm\\\/#organization\"},\"potentialAction\":[{\"@type\":\"SearchAction\",\"target\":{\"@type\":\"EntryPoint\",\"urlTemplate\":\"https:\\\/\\\/afogadosfm.com.br\\\/afogadosfm\\\/?s={search_term_string}\"},\"query-input\":{\"@type\":\"PropertyValueSpecification\",\"valueRequired\":true,\"valueName\":\"search_term_string\"}}],\"inLanguage\":\"pt-BR\"},{\"@type\":\"Organization\",\"@id\":\"https:\\\/\\\/afogadosfm.com.br\\\/afogadosfm\\\/#organization\",\"name\":\"Afogados FM\",\"url\":\"https:\\\/\\\/afogadosfm.com.br\\\/afogadosfm\\\/\",\"logo\":{\"@type\":\"ImageObject\",\"inLanguage\":\"pt-BR\",\"@id\":\"https:\\\/\\\/afogadosfm.com.br\\\/afogadosfm\\\/#\\\/schema\\\/logo\\\/image\\\/\",\"url\":\"https:\\\/\\\/i0.wp.com\\\/afogadosfm.com.br\\\/afogadosfm\\\/wp-content\\\/uploads\\\/2020\\\/06\\\/cropped-banner-afogados-4.jpg?fit=369%2C137&ssl=1\",\"contentUrl\":\"https:\\\/\\\/i0.wp.com\\\/afogadosfm.com.br\\\/afogadosfm\\\/wp-content\\\/uploads\\\/2020\\\/06\\\/cropped-banner-afogados-4.jpg?fit=369%2C137&ssl=1\",\"width\":369,\"height\":137,\"caption\":\"Afogados FM\"},\"image\":{\"@id\":\"https:\\\/\\\/afogadosfm.com.br\\\/afogadosfm\\\/#\\\/schema\\\/logo\\\/image\\\/\"}},{\"@type\":\"Person\",\"@id\":\"https:\\\/\\\/afogadosfm.com.br\\\/afogadosfm\\\/#\\\/schema\\\/person\\\/60e56f2cf5dc960fc093fe093d9e9057\",\"name\":\"afogadosfm\",\"image\":{\"@type\":\"ImageObject\",\"inLanguage\":\"pt-BR\",\"@id\":\"https:\\\/\\\/secure.gravatar.com\\\/avatar\\\/e0359add7ed5dc3560906d861b52c6a8cf5c1e199d3a7dd85070998f49bd4701?s=96&d=mm&r=g\",\"url\":\"https:\\\/\\\/secure.gravatar.com\\\/avatar\\\/e0359add7ed5dc3560906d861b52c6a8cf5c1e199d3a7dd85070998f49bd4701?s=96&d=mm&r=g\",\"contentUrl\":\"https:\\\/\\\/secure.gravatar.com\\\/avatar\\\/e0359add7ed5dc3560906d861b52c6a8cf5c1e199d3a7dd85070998f49bd4701?s=96&d=mm&r=g\",\"caption\":\"afogadosfm\"},\"url\":\"https:\\\/\\\/afogadosfm.com.br\\\/afogadosfm\\\/author\\\/afogadosfm\\\/\"}]}<\/script>\n<!-- \/ Yoast SEO plugin. -->","yoast_head_json":{"title":"Jornal diz que Raquel Lyra \u00e9 sondada pelo PT para concorrer \u00e0 reelei\u00e7\u00e3o pelo partido - Afogados FM","robots":{"index":"index","follow":"follow","max-snippet":"max-snippet:-1","max-image-preview":"max-image-preview:large","max-video-preview":"max-video-preview:-1"},"canonical":"https:\/\/afogadosfm.com.br\/afogadosfm\/2025\/01\/17\/jornal-diz-que-raquel-lyra-e-sondada-pelo-pt-para-concorrer-a-reeleicao-pelo-partido\/","og_locale":"pt_BR","og_type":"article","og_title":"Jornal diz que Raquel Lyra \u00e9 sondada pelo PT para concorrer \u00e0 reelei\u00e7\u00e3o pelo partido - Afogados FM","og_description":"A governadora de Pernambuco, Raquel Lyra (PSDB), tem sido cortejada por diversos partidos, e agora \u00e9 vista como uma poss\u00edvel","og_url":"https:\/\/afogadosfm.com.br\/afogadosfm\/2025\/01\/17\/jornal-diz-que-raquel-lyra-e-sondada-pelo-pt-para-concorrer-a-reeleicao-pelo-partido\/","og_site_name":"Afogados FM","article_published_time":"2025-01-17T09:16:27+00:00","article_modified_time":"2025-01-17T09:16:34+00:00","og_image":[{"width":399,"height":266,"url":"https:\/\/afogadosfm.com.br\/afogadosfm\/wp-content\/uploads\/2024\/11\/raquel-lyra-1.jpg","type":"image\/jpeg"}],"author":"afogadosfm","twitter_card":"summary_large_image","twitter_misc":{"Escrito por":"afogadosfm","Est. tempo de leitura":"2 minutos"},"schema":{"@context":"https:\/\/schema.org","@graph":[{"@type":"Article","@id":"https:\/\/afogadosfm.com.br\/afogadosfm\/2025\/01\/17\/jornal-diz-que-raquel-lyra-e-sondada-pelo-pt-para-concorrer-a-reeleicao-pelo-partido\/#article","isPartOf":{"@id":"https:\/\/afogadosfm.com.br\/afogadosfm\/2025\/01\/17\/jornal-diz-que-raquel-lyra-e-sondada-pelo-pt-para-concorrer-a-reeleicao-pelo-partido\/"},"author":{"name":"afogadosfm","@id":"https:\/\/afogadosfm.com.br\/afogadosfm\/#\/schema\/person\/60e56f2cf5dc960fc093fe093d9e9057"},"headline":"Jornal diz que Raquel Lyra \u00e9 sondada pelo PT para concorrer \u00e0 reelei\u00e7\u00e3o pelo partido","datePublished":"2025-01-17T09:16:27+00:00","dateModified":"2025-01-17T09:16:34+00:00","mainEntityOfPage":{"@id":"https:\/\/afogadosfm.com.br\/afogadosfm\/2025\/01\/17\/jornal-diz-que-raquel-lyra-e-sondada-pelo-pt-para-concorrer-a-reeleicao-pelo-partido\/"},"wordCount":186,"commentCount":0,"publisher":{"@id":"https:\/\/afogadosfm.com.br\/afogadosfm\/#organization"},"image":{"@id":"https:\/\/afogadosfm.com.br\/afogadosfm\/2025\/01\/17\/jornal-diz-que-raquel-lyra-e-sondada-pelo-pt-para-concorrer-a-reeleicao-pelo-partido\/#primaryimage"},"thumbnailUrl":"https:\/\/i0.wp.com\/afogadosfm.com.br\/afogadosfm\/wp-content\/uploads\/2024\/11\/raquel-lyra-1.jpg?fit=399%2C266&ssl=1","articleSection":["Pernambuco"],"inLanguage":"pt-BR","potentialAction":[{"@type":"CommentAction","name":"Comment","target":["https:\/\/afogadosfm.com.br\/afogadosfm\/2025\/01\/17\/jornal-diz-que-raquel-lyra-e-sondada-pelo-pt-para-concorrer-a-reeleicao-pelo-partido\/#respond"]}]},{"@type":"WebPage","@id":"https:\/\/afogadosfm.com.br\/afogadosfm\/2025\/01\/17\/jornal-diz-que-raquel-lyra-e-sondada-pelo-pt-para-concorrer-a-reeleicao-pelo-partido\/","url":"https:\/\/afogadosfm.com.br\/afogadosfm\/2025\/01\/17\/jornal-diz-que-raquel-lyra-e-sondada-pelo-pt-para-concorrer-a-reeleicao-pelo-partido\/","name":"Jornal diz que Raquel Lyra \u00e9 sondada pelo PT para concorrer \u00e0 reelei\u00e7\u00e3o pelo partido - Afogados FM","isPartOf":{"@id":"https:\/\/afogadosfm.com.br\/afogadosfm\/#website"},"primaryImageOfPage":{"@id":"https:\/\/afogadosfm.com.br\/afogadosfm\/2025\/01\/17\/jornal-diz-que-raquel-lyra-e-sondada-pelo-pt-para-concorrer-a-reeleicao-pelo-partido\/#primaryimage"},"image":{"@id":"https:\/\/afogadosfm.com.br\/afogadosfm\/2025\/01\/17\/jornal-diz-que-raquel-lyra-e-sondada-pelo-pt-para-concorrer-a-reeleicao-pelo-partido\/#primaryimage"},"thumbnailUrl":"https:\/\/i0.wp.com\/afogadosfm.com.br\/afogadosfm\/wp-content\/uploads\/2024\/11\/raquel-lyra-1.jpg?fit=399%2C266&ssl=1","datePublished":"2025-01-17T09:16:27+00:00","dateModified":"2025-01-17T09:16:34+00:00","breadcrumb":{"@id":"https:\/\/afogadosfm.com.br\/afogadosfm\/2025\/01\/17\/jornal-diz-que-raquel-lyra-e-sondada-pelo-pt-para-concorrer-a-reeleicao-pelo-partido\/#breadcrumb"},"inLanguage":"pt-BR","potentialAction":[{"@type":"ReadAction","target":["https:\/\/afogadosfm.com.br\/afogadosfm\/2025\/01\/17\/jornal-diz-que-raquel-lyra-e-sondada-pelo-pt-para-concorrer-a-reeleicao-pelo-partido\/"]}]},{"@type":"ImageObject","inLanguage":"pt-BR","@id":"https:\/\/afogadosfm.com.br\/afogadosfm\/2025\/01\/17\/jornal-diz-que-raquel-lyra-e-sondada-pelo-pt-para-concorrer-a-reeleicao-pelo-partido\/#primaryimage","url":"https:\/\/i0.wp.com\/afogadosfm.com.br\/afogadosfm\/wp-content\/uploads\/2024\/11\/raquel-lyra-1.jpg?fit=399%2C266&ssl=1","contentUrl":"https:\/\/i0.wp.com\/afogadosfm.com.br\/afogadosfm\/wp-content\/uploads\/2024\/11\/raquel-lyra-1.jpg?fit=399%2C266&ssl=1","width":399,"height":266},{"@type":"BreadcrumbList","@id":"https:\/\/afogadosfm.com.br\/afogadosfm\/2025\/01\/17\/jornal-diz-que-raquel-lyra-e-sondada-pelo-pt-para-concorrer-a-reeleicao-pelo-partido\/#breadcrumb","itemListElement":[{"@type":"ListItem","position":1,"name":"In\u00edcio","item":"https:\/\/afogadosfm.com.br\/afogadosfm\/"},{"@type":"ListItem","position":2,"name":"Jornal diz que Raquel Lyra \u00e9 sondada pelo PT para concorrer \u00e0 reelei\u00e7\u00e3o pelo partido"}]},{"@type":"WebSite","@id":"https:\/\/afogadosfm.com.br\/afogadosfm\/#website","url":"https:\/\/afogadosfm.com.br\/afogadosfm\/","name":"Afogados FM","description":"Um site completo!","publisher":{"@id":"https:\/\/afogadosfm.com.br\/afogadosfm\/#organization"},"potentialAction":[{"@type":"SearchAction","target":{"@type":"EntryPoint","urlTemplate":"https:\/\/afogadosfm.com.br\/afogadosfm\/?s={search_term_string}"},"query-input":{"@type":"PropertyValueSpecification","valueRequired":true,"valueName":"search_term_string"}}],"inLanguage":"pt-BR"},{"@type":"Organization","@id":"https:\/\/afogadosfm.com.br\/afogadosfm\/#organization","name":"Afogados FM","url":"https:\/\/afogadosfm.com.br\/afogadosfm\/","logo":{"@type":"ImageObject","inLanguage":"pt-BR","@id":"https:\/\/afogadosfm.com.br\/afogadosfm\/#\/schema\/logo\/image\/","url":"https:\/\/i0.wp.com\/afogadosfm.com.br\/afogadosfm\/wp-content\/uploads\/2020\/06\/cropped-banner-afogados-4.jpg?fit=369%2C137&ssl=1","contentUrl":"https:\/\/i0.wp.com\/afogadosfm.com.br\/afogadosfm\/wp-content\/uploads\/2020\/06\/cropped-banner-afogados-4.jpg?fit=369%2C137&ssl=1","width":369,"height":137,"caption":"Afogados FM"},"image":{"@id":"https:\/\/afogadosfm.com.br\/afogadosfm\/#\/schema\/logo\/image\/"}},{"@type":"Person","@id":"https:\/\/afogadosfm.com.br\/afogadosfm\/#\/schema\/person\/60e56f2cf5dc960fc093fe093d9e9057","name":"afogadosfm","image":{"@type":"ImageObject","inLanguage":"pt-BR","@id":"https:\/\/secure.gravatar.com\/avatar\/e0359add7ed5dc3560906d861b52c6a8cf5c1e199d3a7dd85070998f49bd4701?s=96&d=mm&r=g","url":"https:\/\/secure.gravatar.com\/avatar\/e0359add7ed5dc3560906d861b52c6a8cf5c1e199d3a7dd85070998f49bd4701?s=96&d=mm&r=g","contentUrl":"https:\/\/secure.gravatar.com\/avatar\/e0359add7ed5dc3560906d861b52c6a8cf5c1e199d3a7dd85070998f49bd4701?s=96&d=mm&r=g","caption":"afogadosfm"},"url":"https:\/\/afogadosfm.com.br\/afogadosfm\/author\/afogadosfm\/"}]}},"jetpack_publicize_connections":[],"jetpack_featured_media_url":"https:\/\/i0.wp.com\/afogadosfm.com.br\/afogadosfm\/wp-content\/uploads\/2024\/11\/raquel-lyra-1.jpg?fit=399%2C266&ssl=1","jetpack-related-posts":[],"jetpack_sharing_enabled":true,"jetpack_likes_enabled":true,"_links":{"self":[{"href":"https:\/\/afogadosfm.com.br\/afogadosfm\/wp-json\/wp\/v2\/posts\/62671","targetHints":{"allow":["GET"]}}],"collection":[{"href":"https:\/\/afogadosfm.com.br\/afogadosfm\/wp-json\/wp\/v2\/posts"}],"about":[{"href":"https:\/\/afogadosfm.com.br\/afogadosfm\/wp-json\/wp\/v2\/types\/post"}],"author":[{"embeddable":true,"href":"https:\/\/afogadosfm.com.br\/afogadosfm\/wp-json\/wp\/v2\/users\/2"}],"replies":[{"embeddable":true,"href":"https:\/\/afogadosfm.com.br\/afogadosfm\/wp-json\/wp\/v2\/comments?post=62671"}],"version-history":[{"count":1,"href":"https:\/\/afogadosfm.com.br\/afogadosfm\/wp-json\/wp\/v2\/posts\/62671\/revisions"}],"predecessor-version":[{"id":62672,"href":"https:\/\/afogadosfm.com.br\/afogadosfm\/wp-json\/wp\/v2\/posts\/62671\/revisions\/62672"}],"wp:featuredmedia":[{"embeddable":true,"href":"https:\/\/afogadosfm.com.br\/afogadosfm\/wp-json\/wp\/v2\/media\/60927"}],"wp:attachment":[{"href":"https:\/\/afogadosfm.com.br\/afogadosfm\/wp-json\/wp\/v2\/media?parent=62671"}],"wp:term":[{"taxonomy":"category","embeddable":true,"href":"https:\/\/afogadosfm.com.br\/afogadosfm\/wp-json\/wp\/v2\/categories?post=62671"},{"taxonomy":"post_tag","embeddable":true,"href":"https:\/\/afogadosfm.com.br\/afogadosfm\/wp-json\/wp\/v2\/tags?post=62671"}],"curies":[{"name":"wp","href":"https:\/\/api.w.org\/{rel}","templated":true}]}}