{"id":62679,"date":"2025-01-17T07:11:55","date_gmt":"2025-01-17T10:11:55","guid":{"rendered":"https:\/\/afogadosfm.com.br\/afogadosfm\/?p=62679"},"modified":"2025-01-17T07:12:00","modified_gmt":"2025-01-17T10:12:00","slug":"bolsonaro-diz-que-michelle-vai-representa-lo-na-posse-de-trump","status":"publish","type":"post","link":"https:\/\/afogadosfm.com.br\/afogadosfm\/2025\/01\/17\/bolsonaro-diz-que-michelle-vai-representa-lo-na-posse-de-trump\/","title":{"rendered":"Bolsonaro diz que Michelle vai represent\u00e1-lo na posse de Trump"},"content":{"rendered":"\n<p>O ex-presidente Jair Bolsonaro (PL) afirmou nesta quinta-feira, 16, que a mulher dele, Michelle Bolsonaro, vai represent\u00e1-lo pr\u00f3ximo dia 20 na posse do presidente eleito dos Estados Unidos, Donald Trump, em Washington. Bolsonaro teve o pedido de devolu\u00e7\u00e3o do passaporte negado pelo ministro do Supremo Tribunal Federal (STF), Alexandre de Moraes.<\/p>\n\n\n\n<p>Em entrevista \u00e0 Revista Oeste, o ex-presidente afirmou que Michelle viajar\u00e1 no s\u00e1bado, dia 18, e &#8220;ter\u00e1 um tratamento bastante especial&#8221; devido \u00e0 &#8220;considera\u00e7\u00e3o&#8221; e \u00e0 &#8220;amizade constru\u00edda durante dois anos&#8221; entre ele e o presidente americano eleito.<\/p>\n\n\n\n<p>&#8220;\u00c9 comum quando voc\u00ea est\u00e1 no poder ter seus amigos, e, quando deixa o poder, 90% vai embora, quando n\u00e3o lhe viram as costas&#8221;, disse ainda Bolsonaro, afirmando que com Trump &#8220;isso n\u00e3o aconteceu&#8221;.<\/p>\n\n\n\n<p>A defesa do ex-presidente havia pedido a libera\u00e7\u00e3o de seu passaporte, alegando que Bolsonaro foi &#8220;honrado ao receber, diretamente do Comit\u00ea de Posse Presidencial, convite formal&#8221; para participar das solenidades de posse nos EUA.<\/p>\n\n\n\n<p>Nesta quinta-feira, a quatro dias da cerim\u00f4nia, o ministro Alexandre de Moraes negou a devolu\u00e7\u00e3o do passaporte, apreendido desde fevereiro de 2024, quando o ex-presidente foi alvo da Opera\u00e7\u00e3o Tempus Veritatis, deflagrada pela Pol\u00edcia Federal para investigar uma tentativa de golpe de Estado em 2022.<\/p>\n\n\n\n<p>Na decis\u00e3o, Moraes ressaltou haver possibilidade de &#8220;tentativa de evas\u00e3o&#8221; de Bolsonaro, &#8220;para se furtar \u00e0 aplica\u00e7\u00e3o da lei penal&#8221;. O ministro destacou que o ex-presidente vem defendendo a fuga do Pa\u00eds e o asilo no exterior no caso dos condenados pelos atos golpistas de 8 de Janeiro.<\/p>\n\n\n\n<p>O chefe do Minist\u00e9rio P\u00fablico Federal (MPF), Paulo Gonet, afirmou que a viagem pretendia &#8220;satisfazer interesse privado&#8221; de Bolsonaro, o que n\u00e3o \u00e9 &#8220;imprescind\u00edvel&#8221;.<\/p>\n\n\n\n<p>Da FolhaPE<\/p>\n","protected":false},"excerpt":{"rendered":"<p>O ex-presidente Jair Bolsonaro (PL) afirmou nesta quinta-feira, 16, que a mulher dele, Michelle Bolsonaro, vai represent\u00e1-lo pr\u00f3ximo dia 20<\/p>\n","protected":false},"author":2,"featured_media":49958,"comment_status":"open","ping_status":"open","sticky":false,"template":"","format":"standard","meta":{"jetpack_post_was_ever_published":false,"_jetpack_newsletter_access":"","_jetpack_dont_email_post_to_subs":false,"_jetpack_newsletter_tier_id":0,"_jetpack_memberships_contains_paywalled_content":false,"_jetpack_memberships_contains_paid_content":false,"footnotes":"","jetpack_publicize_message":"","jetpack_publicize_feature_enabled":true,"jetpack_social_post_already_shared":true,"jetpack_social_options":{"image_generator_settings":{"template":"highway","default_image_id":0,"font":"","enabled":false},"version":2}},"categories":[12],"tags":[],"class_list":["post-62679","post","type-post","status-publish","format-standard","has-post-thumbnail","hentry","category-brasil"],"yoast_head":"<!-- This site is optimized with the Yoast SEO plugin v27.5 - https:\/\/yoast.com\/product\/yoast-seo-wordpress\/ -->\n<title>Bolsonaro diz que Michelle vai represent\u00e1-lo na posse de Trump - Afogados FM<\/title>\n<meta name=\"robots\" content=\"index, follow, max-snippet:-1, max-image-preview:large, max-video-preview:-1\" \/>\n<link rel=\"canonical\" href=\"https:\/\/afogadosfm.com.br\/afogadosfm\/2025\/01\/17\/bolsonaro-diz-que-michelle-vai-representa-lo-na-posse-de-trump\/\" \/>\n<meta property=\"og:locale\" content=\"pt_BR\" \/>\n<meta property=\"og:type\" content=\"article\" \/>\n<meta property=\"og:title\" content=\"Bolsonaro diz que Michelle vai represent\u00e1-lo na posse de Trump - Afogados FM\" \/>\n<meta property=\"og:description\" content=\"O ex-presidente Jair Bolsonaro (PL) afirmou nesta quinta-feira, 16, que a mulher dele, Michelle Bolsonaro, vai represent\u00e1-lo pr\u00f3ximo dia 20\" \/>\n<meta property=\"og:url\" content=\"https:\/\/afogadosfm.com.br\/afogadosfm\/2025\/01\/17\/bolsonaro-diz-que-michelle-vai-representa-lo-na-posse-de-trump\/\" \/>\n<meta property=\"og:site_name\" content=\"Afogados FM\" \/>\n<meta property=\"article:published_time\" content=\"2025-01-17T10:11:55+00:00\" \/>\n<meta property=\"article:modified_time\" content=\"2025-01-17T10:12:00+00:00\" \/>\n<meta property=\"og:image\" content=\"https:\/\/afogadosfm.com.br\/afogadosfm\/wp-content\/uploads\/2023\/08\/bolsomichele.jpg\" \/>\n\t<meta property=\"og:image:width\" content=\"1024\" \/>\n\t<meta property=\"og:image:height\" content=\"768\" \/>\n\t<meta property=\"og:image:type\" content=\"image\/jpeg\" \/>\n<meta name=\"author\" content=\"afogadosfm\" \/>\n<meta name=\"twitter:card\" content=\"summary_large_image\" \/>\n<meta name=\"twitter:label1\" content=\"Escrito por\" \/>\n\t<meta name=\"twitter:data1\" content=\"afogadosfm\" \/>\n\t<meta name=\"twitter:label2\" content=\"Est. tempo de leitura\" \/>\n\t<meta name=\"twitter:data2\" content=\"2 minutos\" \/>\n<script type=\"application\/ld+json\" class=\"yoast-schema-graph\">{\"@context\":\"https:\\\/\\\/schema.org\",\"@graph\":[{\"@type\":\"Article\",\"@id\":\"https:\\\/\\\/afogadosfm.com.br\\\/afogadosfm\\\/2025\\\/01\\\/17\\\/bolsonaro-diz-que-michelle-vai-representa-lo-na-posse-de-trump\\\/#article\",\"isPartOf\":{\"@id\":\"https:\\\/\\\/afogadosfm.com.br\\\/afogadosfm\\\/2025\\\/01\\\/17\\\/bolsonaro-diz-que-michelle-vai-representa-lo-na-posse-de-trump\\\/\"},\"author\":{\"name\":\"afogadosfm\",\"@id\":\"https:\\\/\\\/afogadosfm.com.br\\\/afogadosfm\\\/#\\\/schema\\\/person\\\/60e56f2cf5dc960fc093fe093d9e9057\"},\"headline\":\"Bolsonaro diz que Michelle vai represent\u00e1-lo na posse de Trump\",\"datePublished\":\"2025-01-17T10:11:55+00:00\",\"dateModified\":\"2025-01-17T10:12:00+00:00\",\"mainEntityOfPage\":{\"@id\":\"https:\\\/\\\/afogadosfm.com.br\\\/afogadosfm\\\/2025\\\/01\\\/17\\\/bolsonaro-diz-que-michelle-vai-representa-lo-na-posse-de-trump\\\/\"},\"wordCount\":295,\"commentCount\":0,\"publisher\":{\"@id\":\"https:\\\/\\\/afogadosfm.com.br\\\/afogadosfm\\\/#organization\"},\"image\":{\"@id\":\"https:\\\/\\\/afogadosfm.com.br\\\/afogadosfm\\\/2025\\\/01\\\/17\\\/bolsonaro-diz-que-michelle-vai-representa-lo-na-posse-de-trump\\\/#primaryimage\"},\"thumbnailUrl\":\"https:\\\/\\\/i0.wp.com\\\/afogadosfm.com.br\\\/afogadosfm\\\/wp-content\\\/uploads\\\/2023\\\/08\\\/bolsomichele.jpg?fit=1024%2C768&ssl=1\",\"articleSection\":[\"Brasil\"],\"inLanguage\":\"pt-BR\",\"potentialAction\":[{\"@type\":\"CommentAction\",\"name\":\"Comment\",\"target\":[\"https:\\\/\\\/afogadosfm.com.br\\\/afogadosfm\\\/2025\\\/01\\\/17\\\/bolsonaro-diz-que-michelle-vai-representa-lo-na-posse-de-trump\\\/#respond\"]}]},{\"@type\":\"WebPage\",\"@id\":\"https:\\\/\\\/afogadosfm.com.br\\\/afogadosfm\\\/2025\\\/01\\\/17\\\/bolsonaro-diz-que-michelle-vai-representa-lo-na-posse-de-trump\\\/\",\"url\":\"https:\\\/\\\/afogadosfm.com.br\\\/afogadosfm\\\/2025\\\/01\\\/17\\\/bolsonaro-diz-que-michelle-vai-representa-lo-na-posse-de-trump\\\/\",\"name\":\"Bolsonaro diz que Michelle vai represent\u00e1-lo na posse de Trump - Afogados FM\",\"isPartOf\":{\"@id\":\"https:\\\/\\\/afogadosfm.com.br\\\/afogadosfm\\\/#website\"},\"primaryImageOfPage\":{\"@id\":\"https:\\\/\\\/afogadosfm.com.br\\\/afogadosfm\\\/2025\\\/01\\\/17\\\/bolsonaro-diz-que-michelle-vai-representa-lo-na-posse-de-trump\\\/#primaryimage\"},\"image\":{\"@id\":\"https:\\\/\\\/afogadosfm.com.br\\\/afogadosfm\\\/2025\\\/01\\\/17\\\/bolsonaro-diz-que-michelle-vai-representa-lo-na-posse-de-trump\\\/#primaryimage\"},\"thumbnailUrl\":\"https:\\\/\\\/i0.wp.com\\\/afogadosfm.com.br\\\/afogadosfm\\\/wp-content\\\/uploads\\\/2023\\\/08\\\/bolsomichele.jpg?fit=1024%2C768&ssl=1\",\"datePublished\":\"2025-01-17T10:11:55+00:00\",\"dateModified\":\"2025-01-17T10:12:00+00:00\",\"breadcrumb\":{\"@id\":\"https:\\\/\\\/afogadosfm.com.br\\\/afogadosfm\\\/2025\\\/01\\\/17\\\/bolsonaro-diz-que-michelle-vai-representa-lo-na-posse-de-trump\\\/#breadcrumb\"},\"inLanguage\":\"pt-BR\",\"potentialAction\":[{\"@type\":\"ReadAction\",\"target\":[\"https:\\\/\\\/afogadosfm.com.br\\\/afogadosfm\\\/2025\\\/01\\\/17\\\/bolsonaro-diz-que-michelle-vai-representa-lo-na-posse-de-trump\\\/\"]}]},{\"@type\":\"ImageObject\",\"inLanguage\":\"pt-BR\",\"@id\":\"https:\\\/\\\/afogadosfm.com.br\\\/afogadosfm\\\/2025\\\/01\\\/17\\\/bolsonaro-diz-que-michelle-vai-representa-lo-na-posse-de-trump\\\/#primaryimage\",\"url\":\"https:\\\/\\\/i0.wp.com\\\/afogadosfm.com.br\\\/afogadosfm\\\/wp-content\\\/uploads\\\/2023\\\/08\\\/bolsomichele.jpg?fit=1024%2C768&ssl=1\",\"contentUrl\":\"https:\\\/\\\/i0.wp.com\\\/afogadosfm.com.br\\\/afogadosfm\\\/wp-content\\\/uploads\\\/2023\\\/08\\\/bolsomichele.jpg?fit=1024%2C768&ssl=1\",\"width\":1024,\"height\":768,\"caption\":\"O presidente Jair Bolsonaro e a primeira-dama, Michelle Bolsonaro, participam do lan\u00e7amento do Canal Educa\u00e7\u00e3o e do Canal Libras, no Pal\u00e1cio do Planalto.\"},{\"@type\":\"BreadcrumbList\",\"@id\":\"https:\\\/\\\/afogadosfm.com.br\\\/afogadosfm\\\/2025\\\/01\\\/17\\\/bolsonaro-diz-que-michelle-vai-representa-lo-na-posse-de-trump\\\/#breadcrumb\",\"itemListElement\":[{\"@type\":\"ListItem\",\"position\":1,\"name\":\"In\u00edcio\",\"item\":\"https:\\\/\\\/afogadosfm.com.br\\\/afogadosfm\\\/\"},{\"@type\":\"ListItem\",\"position\":2,\"name\":\"Bolsonaro diz que Michelle vai represent\u00e1-lo na posse de Trump\"}]},{\"@type\":\"WebSite\",\"@id\":\"https:\\\/\\\/afogadosfm.com.br\\\/afogadosfm\\\/#website\",\"url\":\"https:\\\/\\\/afogadosfm.com.br\\\/afogadosfm\\\/\",\"name\":\"Afogados FM\",\"description\":\"Um site completo!\",\"publisher\":{\"@id\":\"https:\\\/\\\/afogadosfm.com.br\\\/afogadosfm\\\/#organization\"},\"potentialAction\":[{\"@type\":\"SearchAction\",\"target\":{\"@type\":\"EntryPoint\",\"urlTemplate\":\"https:\\\/\\\/afogadosfm.com.br\\\/afogadosfm\\\/?s={search_term_string}\"},\"query-input\":{\"@type\":\"PropertyValueSpecification\",\"valueRequired\":true,\"valueName\":\"search_term_string\"}}],\"inLanguage\":\"pt-BR\"},{\"@type\":\"Organization\",\"@id\":\"https:\\\/\\\/afogadosfm.com.br\\\/afogadosfm\\\/#organization\",\"name\":\"Afogados FM\",\"url\":\"https:\\\/\\\/afogadosfm.com.br\\\/afogadosfm\\\/\",\"logo\":{\"@type\":\"ImageObject\",\"inLanguage\":\"pt-BR\",\"@id\":\"https:\\\/\\\/afogadosfm.com.br\\\/afogadosfm\\\/#\\\/schema\\\/logo\\\/image\\\/\",\"url\":\"https:\\\/\\\/i0.wp.com\\\/afogadosfm.com.br\\\/afogadosfm\\\/wp-content\\\/uploads\\\/2020\\\/06\\\/cropped-banner-afogados-4.jpg?fit=369%2C137&ssl=1\",\"contentUrl\":\"https:\\\/\\\/i0.wp.com\\\/afogadosfm.com.br\\\/afogadosfm\\\/wp-content\\\/uploads\\\/2020\\\/06\\\/cropped-banner-afogados-4.jpg?fit=369%2C137&ssl=1\",\"width\":369,\"height\":137,\"caption\":\"Afogados FM\"},\"image\":{\"@id\":\"https:\\\/\\\/afogadosfm.com.br\\\/afogadosfm\\\/#\\\/schema\\\/logo\\\/image\\\/\"}},{\"@type\":\"Person\",\"@id\":\"https:\\\/\\\/afogadosfm.com.br\\\/afogadosfm\\\/#\\\/schema\\\/person\\\/60e56f2cf5dc960fc093fe093d9e9057\",\"name\":\"afogadosfm\",\"image\":{\"@type\":\"ImageObject\",\"inLanguage\":\"pt-BR\",\"@id\":\"https:\\\/\\\/secure.gravatar.com\\\/avatar\\\/e0359add7ed5dc3560906d861b52c6a8cf5c1e199d3a7dd85070998f49bd4701?s=96&d=mm&r=g\",\"url\":\"https:\\\/\\\/secure.gravatar.com\\\/avatar\\\/e0359add7ed5dc3560906d861b52c6a8cf5c1e199d3a7dd85070998f49bd4701?s=96&d=mm&r=g\",\"contentUrl\":\"https:\\\/\\\/secure.gravatar.com\\\/avatar\\\/e0359add7ed5dc3560906d861b52c6a8cf5c1e199d3a7dd85070998f49bd4701?s=96&d=mm&r=g\",\"caption\":\"afogadosfm\"},\"url\":\"https:\\\/\\\/afogadosfm.com.br\\\/afogadosfm\\\/author\\\/afogadosfm\\\/\"}]}<\/script>\n<!-- \/ Yoast SEO plugin. -->","yoast_head_json":{"title":"Bolsonaro diz que Michelle vai represent\u00e1-lo na posse de Trump - Afogados FM","robots":{"index":"index","follow":"follow","max-snippet":"max-snippet:-1","max-image-preview":"max-image-preview:large","max-video-preview":"max-video-preview:-1"},"canonical":"https:\/\/afogadosfm.com.br\/afogadosfm\/2025\/01\/17\/bolsonaro-diz-que-michelle-vai-representa-lo-na-posse-de-trump\/","og_locale":"pt_BR","og_type":"article","og_title":"Bolsonaro diz que Michelle vai represent\u00e1-lo na posse de Trump - Afogados FM","og_description":"O ex-presidente Jair Bolsonaro (PL) afirmou nesta quinta-feira, 16, que a mulher dele, Michelle Bolsonaro, vai represent\u00e1-lo pr\u00f3ximo dia 20","og_url":"https:\/\/afogadosfm.com.br\/afogadosfm\/2025\/01\/17\/bolsonaro-diz-que-michelle-vai-representa-lo-na-posse-de-trump\/","og_site_name":"Afogados FM","article_published_time":"2025-01-17T10:11:55+00:00","article_modified_time":"2025-01-17T10:12:00+00:00","og_image":[{"width":1024,"height":768,"url":"https:\/\/afogadosfm.com.br\/afogadosfm\/wp-content\/uploads\/2023\/08\/bolsomichele.jpg","type":"image\/jpeg"}],"author":"afogadosfm","twitter_card":"summary_large_image","twitter_misc":{"Escrito por":"afogadosfm","Est. tempo de leitura":"2 minutos"},"schema":{"@context":"https:\/\/schema.org","@graph":[{"@type":"Article","@id":"https:\/\/afogadosfm.com.br\/afogadosfm\/2025\/01\/17\/bolsonaro-diz-que-michelle-vai-representa-lo-na-posse-de-trump\/#article","isPartOf":{"@id":"https:\/\/afogadosfm.com.br\/afogadosfm\/2025\/01\/17\/bolsonaro-diz-que-michelle-vai-representa-lo-na-posse-de-trump\/"},"author":{"name":"afogadosfm","@id":"https:\/\/afogadosfm.com.br\/afogadosfm\/#\/schema\/person\/60e56f2cf5dc960fc093fe093d9e9057"},"headline":"Bolsonaro diz que Michelle vai represent\u00e1-lo na posse de Trump","datePublished":"2025-01-17T10:11:55+00:00","dateModified":"2025-01-17T10:12:00+00:00","mainEntityOfPage":{"@id":"https:\/\/afogadosfm.com.br\/afogadosfm\/2025\/01\/17\/bolsonaro-diz-que-michelle-vai-representa-lo-na-posse-de-trump\/"},"wordCount":295,"commentCount":0,"publisher":{"@id":"https:\/\/afogadosfm.com.br\/afogadosfm\/#organization"},"image":{"@id":"https:\/\/afogadosfm.com.br\/afogadosfm\/2025\/01\/17\/bolsonaro-diz-que-michelle-vai-representa-lo-na-posse-de-trump\/#primaryimage"},"thumbnailUrl":"https:\/\/i0.wp.com\/afogadosfm.com.br\/afogadosfm\/wp-content\/uploads\/2023\/08\/bolsomichele.jpg?fit=1024%2C768&ssl=1","articleSection":["Brasil"],"inLanguage":"pt-BR","potentialAction":[{"@type":"CommentAction","name":"Comment","target":["https:\/\/afogadosfm.com.br\/afogadosfm\/2025\/01\/17\/bolsonaro-diz-que-michelle-vai-representa-lo-na-posse-de-trump\/#respond"]}]},{"@type":"WebPage","@id":"https:\/\/afogadosfm.com.br\/afogadosfm\/2025\/01\/17\/bolsonaro-diz-que-michelle-vai-representa-lo-na-posse-de-trump\/","url":"https:\/\/afogadosfm.com.br\/afogadosfm\/2025\/01\/17\/bolsonaro-diz-que-michelle-vai-representa-lo-na-posse-de-trump\/","name":"Bolsonaro diz que Michelle vai represent\u00e1-lo na posse de Trump - Afogados FM","isPartOf":{"@id":"https:\/\/afogadosfm.com.br\/afogadosfm\/#website"},"primaryImageOfPage":{"@id":"https:\/\/afogadosfm.com.br\/afogadosfm\/2025\/01\/17\/bolsonaro-diz-que-michelle-vai-representa-lo-na-posse-de-trump\/#primaryimage"},"image":{"@id":"https:\/\/afogadosfm.com.br\/afogadosfm\/2025\/01\/17\/bolsonaro-diz-que-michelle-vai-representa-lo-na-posse-de-trump\/#primaryimage"},"thumbnailUrl":"https:\/\/i0.wp.com\/afogadosfm.com.br\/afogadosfm\/wp-content\/uploads\/2023\/08\/bolsomichele.jpg?fit=1024%2C768&ssl=1","datePublished":"2025-01-17T10:11:55+00:00","dateModified":"2025-01-17T10:12:00+00:00","breadcrumb":{"@id":"https:\/\/afogadosfm.com.br\/afogadosfm\/2025\/01\/17\/bolsonaro-diz-que-michelle-vai-representa-lo-na-posse-de-trump\/#breadcrumb"},"inLanguage":"pt-BR","potentialAction":[{"@type":"ReadAction","target":["https:\/\/afogadosfm.com.br\/afogadosfm\/2025\/01\/17\/bolsonaro-diz-que-michelle-vai-representa-lo-na-posse-de-trump\/"]}]},{"@type":"ImageObject","inLanguage":"pt-BR","@id":"https:\/\/afogadosfm.com.br\/afogadosfm\/2025\/01\/17\/bolsonaro-diz-que-michelle-vai-representa-lo-na-posse-de-trump\/#primaryimage","url":"https:\/\/i0.wp.com\/afogadosfm.com.br\/afogadosfm\/wp-content\/uploads\/2023\/08\/bolsomichele.jpg?fit=1024%2C768&ssl=1","contentUrl":"https:\/\/i0.wp.com\/afogadosfm.com.br\/afogadosfm\/wp-content\/uploads\/2023\/08\/bolsomichele.jpg?fit=1024%2C768&ssl=1","width":1024,"height":768,"caption":"O presidente Jair Bolsonaro e a primeira-dama, Michelle Bolsonaro, participam do lan\u00e7amento do Canal Educa\u00e7\u00e3o e do Canal Libras, no Pal\u00e1cio do Planalto."},{"@type":"BreadcrumbList","@id":"https:\/\/afogadosfm.com.br\/afogadosfm\/2025\/01\/17\/bolsonaro-diz-que-michelle-vai-representa-lo-na-posse-de-trump\/#breadcrumb","itemListElement":[{"@type":"ListItem","position":1,"name":"In\u00edcio","item":"https:\/\/afogadosfm.com.br\/afogadosfm\/"},{"@type":"ListItem","position":2,"name":"Bolsonaro diz que Michelle vai represent\u00e1-lo na posse de Trump"}]},{"@type":"WebSite","@id":"https:\/\/afogadosfm.com.br\/afogadosfm\/#website","url":"https:\/\/afogadosfm.com.br\/afogadosfm\/","name":"Afogados FM","description":"Um site completo!","publisher":{"@id":"https:\/\/afogadosfm.com.br\/afogadosfm\/#organization"},"potentialAction":[{"@type":"SearchAction","target":{"@type":"EntryPoint","urlTemplate":"https:\/\/afogadosfm.com.br\/afogadosfm\/?s={search_term_string}"},"query-input":{"@type":"PropertyValueSpecification","valueRequired":true,"valueName":"search_term_string"}}],"inLanguage":"pt-BR"},{"@type":"Organization","@id":"https:\/\/afogadosfm.com.br\/afogadosfm\/#organization","name":"Afogados FM","url":"https:\/\/afogadosfm.com.br\/afogadosfm\/","logo":{"@type":"ImageObject","inLanguage":"pt-BR","@id":"https:\/\/afogadosfm.com.br\/afogadosfm\/#\/schema\/logo\/image\/","url":"https:\/\/i0.wp.com\/afogadosfm.com.br\/afogadosfm\/wp-content\/uploads\/2020\/06\/cropped-banner-afogados-4.jpg?fit=369%2C137&ssl=1","contentUrl":"https:\/\/i0.wp.com\/afogadosfm.com.br\/afogadosfm\/wp-content\/uploads\/2020\/06\/cropped-banner-afogados-4.jpg?fit=369%2C137&ssl=1","width":369,"height":137,"caption":"Afogados FM"},"image":{"@id":"https:\/\/afogadosfm.com.br\/afogadosfm\/#\/schema\/logo\/image\/"}},{"@type":"Person","@id":"https:\/\/afogadosfm.com.br\/afogadosfm\/#\/schema\/person\/60e56f2cf5dc960fc093fe093d9e9057","name":"afogadosfm","image":{"@type":"ImageObject","inLanguage":"pt-BR","@id":"https:\/\/secure.gravatar.com\/avatar\/e0359add7ed5dc3560906d861b52c6a8cf5c1e199d3a7dd85070998f49bd4701?s=96&d=mm&r=g","url":"https:\/\/secure.gravatar.com\/avatar\/e0359add7ed5dc3560906d861b52c6a8cf5c1e199d3a7dd85070998f49bd4701?s=96&d=mm&r=g","contentUrl":"https:\/\/secure.gravatar.com\/avatar\/e0359add7ed5dc3560906d861b52c6a8cf5c1e199d3a7dd85070998f49bd4701?s=96&d=mm&r=g","caption":"afogadosfm"},"url":"https:\/\/afogadosfm.com.br\/afogadosfm\/author\/afogadosfm\/"}]}},"jetpack_publicize_connections":[],"jetpack_featured_media_url":"https:\/\/i0.wp.com\/afogadosfm.com.br\/afogadosfm\/wp-content\/uploads\/2023\/08\/bolsomichele.jpg?fit=1024%2C768&ssl=1","jetpack-related-posts":[],"jetpack_sharing_enabled":true,"jetpack_likes_enabled":true,"_links":{"self":[{"href":"https:\/\/afogadosfm.com.br\/afogadosfm\/wp-json\/wp\/v2\/posts\/62679","targetHints":{"allow":["GET"]}}],"collection":[{"href":"https:\/\/afogadosfm.com.br\/afogadosfm\/wp-json\/wp\/v2\/posts"}],"about":[{"href":"https:\/\/afogadosfm.com.br\/afogadosfm\/wp-json\/wp\/v2\/types\/post"}],"author":[{"embeddable":true,"href":"https:\/\/afogadosfm.com.br\/afogadosfm\/wp-json\/wp\/v2\/users\/2"}],"replies":[{"embeddable":true,"href":"https:\/\/afogadosfm.com.br\/afogadosfm\/wp-json\/wp\/v2\/comments?post=62679"}],"version-history":[{"count":1,"href":"https:\/\/afogadosfm.com.br\/afogadosfm\/wp-json\/wp\/v2\/posts\/62679\/revisions"}],"predecessor-version":[{"id":62680,"href":"https:\/\/afogadosfm.com.br\/afogadosfm\/wp-json\/wp\/v2\/posts\/62679\/revisions\/62680"}],"wp:featuredmedia":[{"embeddable":true,"href":"https:\/\/afogadosfm.com.br\/afogadosfm\/wp-json\/wp\/v2\/media\/49958"}],"wp:attachment":[{"href":"https:\/\/afogadosfm.com.br\/afogadosfm\/wp-json\/wp\/v2\/media?parent=62679"}],"wp:term":[{"taxonomy":"category","embeddable":true,"href":"https:\/\/afogadosfm.com.br\/afogadosfm\/wp-json\/wp\/v2\/categories?post=62679"},{"taxonomy":"post_tag","embeddable":true,"href":"https:\/\/afogadosfm.com.br\/afogadosfm\/wp-json\/wp\/v2\/tags?post=62679"}],"curies":[{"name":"wp","href":"https:\/\/api.w.org\/{rel}","templated":true}]}}