{"id":62687,"date":"2025-01-17T09:00:00","date_gmt":"2025-01-17T12:00:00","guid":{"rendered":"https:\/\/afogadosfm.com.br\/afogadosfm\/?p=62687"},"modified":"2025-01-17T09:10:37","modified_gmt":"2025-01-17T12:10:37","slug":"iguaracy-homem-furta-combustivel-de-caminhao-estaciona-em-via-publica","status":"publish","type":"post","link":"https:\/\/afogadosfm.com.br\/afogadosfm\/2025\/01\/17\/iguaracy-homem-furta-combustivel-de-caminhao-estaciona-em-via-publica\/","title":{"rendered":"Iguaracy: Homem furta combust\u00edvel de caminh\u00e3o estacionado em via p\u00fablica"},"content":{"rendered":"\n<p>Na madrugada desta quinta-feira, 16 de janeiro de 2025, por volta das 02h25, foi registrado um furto de diesel de um caminh\u00e3o ca\u00e7amba estacionado em frente a oficina mec\u00e2nica PH Auto Center, localizado na cidade de Iguaracy, sa\u00edda para Afogados da Ingazeira.<\/p>\n\n\n\n<p>O propriet\u00e1rio do estabelecimento, Paulo Henrique, solicitou a publica\u00e7\u00e3o desta mat\u00e9ria para alertar a popula\u00e7\u00e3o sobre o ocorrido e buscar informa\u00e7\u00f5es que possam levar \u00e0 identifica\u00e7\u00e3o do respons\u00e1veil. Ele informou que quem tiver qualquer detalhe sobre o furto ser\u00e1 bem recompensado podendo entrar em contato pelo telefone (87) 98112-9616.<\/p>\n\n\n\n<p>O caso est\u00e1 sendo investigado pelas autoridades locais, que refor\u00e7am a import\u00e2ncia da colabora\u00e7\u00e3o da comunidade para a solu\u00e7\u00e3o do crime. Furtos como esse n\u00e3o s\u00f3 afetam diretamente os propriet\u00e1rios com preju\u00edzos financeiros, mas tamb\u00e9m gera inseguran\u00e7a a popula\u00e7\u00e3o.<\/p>\n\n\n\n<p>Da TV Web Sert\u00e3o<\/p>\n","protected":false},"excerpt":{"rendered":"<p>Na madrugada desta quinta-feira, 16 de janeiro de 2025, por volta das 02h25, foi registrado um furto de diesel de<\/p>\n","protected":false},"author":2,"featured_media":62688,"comment_status":"open","ping_status":"open","sticky":false,"template":"","format":"standard","meta":{"jetpack_post_was_ever_published":false,"_jetpack_newsletter_access":"","_jetpack_dont_email_post_to_subs":false,"_jetpack_newsletter_tier_id":0,"_jetpack_memberships_contains_paywalled_content":false,"_jetpack_memberships_contains_paid_content":false,"footnotes":"","jetpack_publicize_message":"","jetpack_publicize_feature_enabled":true,"jetpack_social_post_already_shared":true,"jetpack_social_options":{"image_generator_settings":{"template":"highway","default_image_id":0,"font":"","enabled":false},"version":2}},"categories":[32],"tags":[],"class_list":["post-62687","post","type-post","status-publish","format-standard","has-post-thumbnail","hentry","category-sertao"],"yoast_head":"<!-- This site is optimized with the Yoast SEO plugin v27.5 - https:\/\/yoast.com\/product\/yoast-seo-wordpress\/ -->\n<title>Iguaracy: Homem furta combust\u00edvel de caminh\u00e3o estacionado em via p\u00fablica - Afogados FM<\/title>\n<meta name=\"robots\" content=\"index, follow, max-snippet:-1, max-image-preview:large, max-video-preview:-1\" \/>\n<link rel=\"canonical\" href=\"https:\/\/afogadosfm.com.br\/afogadosfm\/2025\/01\/17\/iguaracy-homem-furta-combustivel-de-caminhao-estaciona-em-via-publica\/\" \/>\n<meta property=\"og:locale\" content=\"pt_BR\" \/>\n<meta property=\"og:type\" content=\"article\" \/>\n<meta property=\"og:title\" content=\"Iguaracy: Homem furta combust\u00edvel de caminh\u00e3o estacionado em via p\u00fablica - Afogados FM\" \/>\n<meta property=\"og:description\" content=\"Na madrugada desta quinta-feira, 16 de janeiro de 2025, por volta das 02h25, foi registrado um furto de diesel de\" \/>\n<meta property=\"og:url\" content=\"https:\/\/afogadosfm.com.br\/afogadosfm\/2025\/01\/17\/iguaracy-homem-furta-combustivel-de-caminhao-estaciona-em-via-publica\/\" \/>\n<meta property=\"og:site_name\" content=\"Afogados FM\" \/>\n<meta property=\"article:published_time\" content=\"2025-01-17T12:00:00+00:00\" \/>\n<meta property=\"article:modified_time\" content=\"2025-01-17T12:10:37+00:00\" \/>\n<meta property=\"og:image\" content=\"https:\/\/afogadosfm.com.br\/afogadosfm\/wp-content\/uploads\/2025\/01\/Imagem-do-WhatsApp-de-2025-01-17-as-08.56.46_c8c66c6f.jpg\" \/>\n\t<meta property=\"og:image:width\" content=\"1280\" \/>\n\t<meta property=\"og:image:height\" content=\"835\" \/>\n\t<meta property=\"og:image:type\" content=\"image\/jpeg\" \/>\n<meta name=\"author\" content=\"afogadosfm\" \/>\n<meta name=\"twitter:card\" content=\"summary_large_image\" \/>\n<meta name=\"twitter:label1\" content=\"Escrito por\" \/>\n\t<meta name=\"twitter:data1\" content=\"afogadosfm\" \/>\n\t<meta name=\"twitter:label2\" content=\"Est. tempo de leitura\" \/>\n\t<meta name=\"twitter:data2\" content=\"1 minuto\" \/>\n<script type=\"application\/ld+json\" class=\"yoast-schema-graph\">{\"@context\":\"https:\\\/\\\/schema.org\",\"@graph\":[{\"@type\":\"Article\",\"@id\":\"https:\\\/\\\/afogadosfm.com.br\\\/afogadosfm\\\/2025\\\/01\\\/17\\\/iguaracy-homem-furta-combustivel-de-caminhao-estaciona-em-via-publica\\\/#article\",\"isPartOf\":{\"@id\":\"https:\\\/\\\/afogadosfm.com.br\\\/afogadosfm\\\/2025\\\/01\\\/17\\\/iguaracy-homem-furta-combustivel-de-caminhao-estaciona-em-via-publica\\\/\"},\"author\":{\"name\":\"afogadosfm\",\"@id\":\"https:\\\/\\\/afogadosfm.com.br\\\/afogadosfm\\\/#\\\/schema\\\/person\\\/60e56f2cf5dc960fc093fe093d9e9057\"},\"headline\":\"Iguaracy: Homem furta combust\u00edvel de caminh\u00e3o estacionado em via p\u00fablica\",\"datePublished\":\"2025-01-17T12:00:00+00:00\",\"dateModified\":\"2025-01-17T12:10:37+00:00\",\"mainEntityOfPage\":{\"@id\":\"https:\\\/\\\/afogadosfm.com.br\\\/afogadosfm\\\/2025\\\/01\\\/17\\\/iguaracy-homem-furta-combustivel-de-caminhao-estaciona-em-via-publica\\\/\"},\"wordCount\":165,\"commentCount\":0,\"publisher\":{\"@id\":\"https:\\\/\\\/afogadosfm.com.br\\\/afogadosfm\\\/#organization\"},\"image\":{\"@id\":\"https:\\\/\\\/afogadosfm.com.br\\\/afogadosfm\\\/2025\\\/01\\\/17\\\/iguaracy-homem-furta-combustivel-de-caminhao-estaciona-em-via-publica\\\/#primaryimage\"},\"thumbnailUrl\":\"https:\\\/\\\/i0.wp.com\\\/afogadosfm.com.br\\\/afogadosfm\\\/wp-content\\\/uploads\\\/2025\\\/01\\\/Imagem-do-WhatsApp-de-2025-01-17-as-08.56.46_c8c66c6f.jpg?fit=1280%2C835&ssl=1\",\"articleSection\":[\"Sert\u00e3o\"],\"inLanguage\":\"pt-BR\",\"potentialAction\":[{\"@type\":\"CommentAction\",\"name\":\"Comment\",\"target\":[\"https:\\\/\\\/afogadosfm.com.br\\\/afogadosfm\\\/2025\\\/01\\\/17\\\/iguaracy-homem-furta-combustivel-de-caminhao-estaciona-em-via-publica\\\/#respond\"]}]},{\"@type\":\"WebPage\",\"@id\":\"https:\\\/\\\/afogadosfm.com.br\\\/afogadosfm\\\/2025\\\/01\\\/17\\\/iguaracy-homem-furta-combustivel-de-caminhao-estaciona-em-via-publica\\\/\",\"url\":\"https:\\\/\\\/afogadosfm.com.br\\\/afogadosfm\\\/2025\\\/01\\\/17\\\/iguaracy-homem-furta-combustivel-de-caminhao-estaciona-em-via-publica\\\/\",\"name\":\"Iguaracy: Homem furta combust\u00edvel de caminh\u00e3o estacionado em via p\u00fablica - Afogados FM\",\"isPartOf\":{\"@id\":\"https:\\\/\\\/afogadosfm.com.br\\\/afogadosfm\\\/#website\"},\"primaryImageOfPage\":{\"@id\":\"https:\\\/\\\/afogadosfm.com.br\\\/afogadosfm\\\/2025\\\/01\\\/17\\\/iguaracy-homem-furta-combustivel-de-caminhao-estaciona-em-via-publica\\\/#primaryimage\"},\"image\":{\"@id\":\"https:\\\/\\\/afogadosfm.com.br\\\/afogadosfm\\\/2025\\\/01\\\/17\\\/iguaracy-homem-furta-combustivel-de-caminhao-estaciona-em-via-publica\\\/#primaryimage\"},\"thumbnailUrl\":\"https:\\\/\\\/i0.wp.com\\\/afogadosfm.com.br\\\/afogadosfm\\\/wp-content\\\/uploads\\\/2025\\\/01\\\/Imagem-do-WhatsApp-de-2025-01-17-as-08.56.46_c8c66c6f.jpg?fit=1280%2C835&ssl=1\",\"datePublished\":\"2025-01-17T12:00:00+00:00\",\"dateModified\":\"2025-01-17T12:10:37+00:00\",\"breadcrumb\":{\"@id\":\"https:\\\/\\\/afogadosfm.com.br\\\/afogadosfm\\\/2025\\\/01\\\/17\\\/iguaracy-homem-furta-combustivel-de-caminhao-estaciona-em-via-publica\\\/#breadcrumb\"},\"inLanguage\":\"pt-BR\",\"potentialAction\":[{\"@type\":\"ReadAction\",\"target\":[\"https:\\\/\\\/afogadosfm.com.br\\\/afogadosfm\\\/2025\\\/01\\\/17\\\/iguaracy-homem-furta-combustivel-de-caminhao-estaciona-em-via-publica\\\/\"]}]},{\"@type\":\"ImageObject\",\"inLanguage\":\"pt-BR\",\"@id\":\"https:\\\/\\\/afogadosfm.com.br\\\/afogadosfm\\\/2025\\\/01\\\/17\\\/iguaracy-homem-furta-combustivel-de-caminhao-estaciona-em-via-publica\\\/#primaryimage\",\"url\":\"https:\\\/\\\/i0.wp.com\\\/afogadosfm.com.br\\\/afogadosfm\\\/wp-content\\\/uploads\\\/2025\\\/01\\\/Imagem-do-WhatsApp-de-2025-01-17-as-08.56.46_c8c66c6f.jpg?fit=1280%2C835&ssl=1\",\"contentUrl\":\"https:\\\/\\\/i0.wp.com\\\/afogadosfm.com.br\\\/afogadosfm\\\/wp-content\\\/uploads\\\/2025\\\/01\\\/Imagem-do-WhatsApp-de-2025-01-17-as-08.56.46_c8c66c6f.jpg?fit=1280%2C835&ssl=1\",\"width\":1280,\"height\":835},{\"@type\":\"BreadcrumbList\",\"@id\":\"https:\\\/\\\/afogadosfm.com.br\\\/afogadosfm\\\/2025\\\/01\\\/17\\\/iguaracy-homem-furta-combustivel-de-caminhao-estaciona-em-via-publica\\\/#breadcrumb\",\"itemListElement\":[{\"@type\":\"ListItem\",\"position\":1,\"name\":\"In\u00edcio\",\"item\":\"https:\\\/\\\/afogadosfm.com.br\\\/afogadosfm\\\/\"},{\"@type\":\"ListItem\",\"position\":2,\"name\":\"Iguaracy: Homem furta combust\u00edvel de caminh\u00e3o estacionado em via p\u00fablica\"}]},{\"@type\":\"WebSite\",\"@id\":\"https:\\\/\\\/afogadosfm.com.br\\\/afogadosfm\\\/#website\",\"url\":\"https:\\\/\\\/afogadosfm.com.br\\\/afogadosfm\\\/\",\"name\":\"Afogados FM\",\"description\":\"Um site completo!\",\"publisher\":{\"@id\":\"https:\\\/\\\/afogadosfm.com.br\\\/afogadosfm\\\/#organization\"},\"potentialAction\":[{\"@type\":\"SearchAction\",\"target\":{\"@type\":\"EntryPoint\",\"urlTemplate\":\"https:\\\/\\\/afogadosfm.com.br\\\/afogadosfm\\\/?s={search_term_string}\"},\"query-input\":{\"@type\":\"PropertyValueSpecification\",\"valueRequired\":true,\"valueName\":\"search_term_string\"}}],\"inLanguage\":\"pt-BR\"},{\"@type\":\"Organization\",\"@id\":\"https:\\\/\\\/afogadosfm.com.br\\\/afogadosfm\\\/#organization\",\"name\":\"Afogados FM\",\"url\":\"https:\\\/\\\/afogadosfm.com.br\\\/afogadosfm\\\/\",\"logo\":{\"@type\":\"ImageObject\",\"inLanguage\":\"pt-BR\",\"@id\":\"https:\\\/\\\/afogadosfm.com.br\\\/afogadosfm\\\/#\\\/schema\\\/logo\\\/image\\\/\",\"url\":\"https:\\\/\\\/i0.wp.com\\\/afogadosfm.com.br\\\/afogadosfm\\\/wp-content\\\/uploads\\\/2020\\\/06\\\/cropped-banner-afogados-4.jpg?fit=369%2C137&ssl=1\",\"contentUrl\":\"https:\\\/\\\/i0.wp.com\\\/afogadosfm.com.br\\\/afogadosfm\\\/wp-content\\\/uploads\\\/2020\\\/06\\\/cropped-banner-afogados-4.jpg?fit=369%2C137&ssl=1\",\"width\":369,\"height\":137,\"caption\":\"Afogados FM\"},\"image\":{\"@id\":\"https:\\\/\\\/afogadosfm.com.br\\\/afogadosfm\\\/#\\\/schema\\\/logo\\\/image\\\/\"}},{\"@type\":\"Person\",\"@id\":\"https:\\\/\\\/afogadosfm.com.br\\\/afogadosfm\\\/#\\\/schema\\\/person\\\/60e56f2cf5dc960fc093fe093d9e9057\",\"name\":\"afogadosfm\",\"image\":{\"@type\":\"ImageObject\",\"inLanguage\":\"pt-BR\",\"@id\":\"https:\\\/\\\/secure.gravatar.com\\\/avatar\\\/e0359add7ed5dc3560906d861b52c6a8cf5c1e199d3a7dd85070998f49bd4701?s=96&d=mm&r=g\",\"url\":\"https:\\\/\\\/secure.gravatar.com\\\/avatar\\\/e0359add7ed5dc3560906d861b52c6a8cf5c1e199d3a7dd85070998f49bd4701?s=96&d=mm&r=g\",\"contentUrl\":\"https:\\\/\\\/secure.gravatar.com\\\/avatar\\\/e0359add7ed5dc3560906d861b52c6a8cf5c1e199d3a7dd85070998f49bd4701?s=96&d=mm&r=g\",\"caption\":\"afogadosfm\"},\"url\":\"https:\\\/\\\/afogadosfm.com.br\\\/afogadosfm\\\/author\\\/afogadosfm\\\/\"}]}<\/script>\n<!-- \/ Yoast SEO plugin. -->","yoast_head_json":{"title":"Iguaracy: Homem furta combust\u00edvel de caminh\u00e3o estacionado em via p\u00fablica - Afogados FM","robots":{"index":"index","follow":"follow","max-snippet":"max-snippet:-1","max-image-preview":"max-image-preview:large","max-video-preview":"max-video-preview:-1"},"canonical":"https:\/\/afogadosfm.com.br\/afogadosfm\/2025\/01\/17\/iguaracy-homem-furta-combustivel-de-caminhao-estaciona-em-via-publica\/","og_locale":"pt_BR","og_type":"article","og_title":"Iguaracy: Homem furta combust\u00edvel de caminh\u00e3o estacionado em via p\u00fablica - Afogados FM","og_description":"Na madrugada desta quinta-feira, 16 de janeiro de 2025, por volta das 02h25, foi registrado um furto de diesel de","og_url":"https:\/\/afogadosfm.com.br\/afogadosfm\/2025\/01\/17\/iguaracy-homem-furta-combustivel-de-caminhao-estaciona-em-via-publica\/","og_site_name":"Afogados FM","article_published_time":"2025-01-17T12:00:00+00:00","article_modified_time":"2025-01-17T12:10:37+00:00","og_image":[{"width":1280,"height":835,"url":"https:\/\/afogadosfm.com.br\/afogadosfm\/wp-content\/uploads\/2025\/01\/Imagem-do-WhatsApp-de-2025-01-17-as-08.56.46_c8c66c6f.jpg","type":"image\/jpeg"}],"author":"afogadosfm","twitter_card":"summary_large_image","twitter_misc":{"Escrito por":"afogadosfm","Est. tempo de leitura":"1 minuto"},"schema":{"@context":"https:\/\/schema.org","@graph":[{"@type":"Article","@id":"https:\/\/afogadosfm.com.br\/afogadosfm\/2025\/01\/17\/iguaracy-homem-furta-combustivel-de-caminhao-estaciona-em-via-publica\/#article","isPartOf":{"@id":"https:\/\/afogadosfm.com.br\/afogadosfm\/2025\/01\/17\/iguaracy-homem-furta-combustivel-de-caminhao-estaciona-em-via-publica\/"},"author":{"name":"afogadosfm","@id":"https:\/\/afogadosfm.com.br\/afogadosfm\/#\/schema\/person\/60e56f2cf5dc960fc093fe093d9e9057"},"headline":"Iguaracy: Homem furta combust\u00edvel de caminh\u00e3o estacionado em via p\u00fablica","datePublished":"2025-01-17T12:00:00+00:00","dateModified":"2025-01-17T12:10:37+00:00","mainEntityOfPage":{"@id":"https:\/\/afogadosfm.com.br\/afogadosfm\/2025\/01\/17\/iguaracy-homem-furta-combustivel-de-caminhao-estaciona-em-via-publica\/"},"wordCount":165,"commentCount":0,"publisher":{"@id":"https:\/\/afogadosfm.com.br\/afogadosfm\/#organization"},"image":{"@id":"https:\/\/afogadosfm.com.br\/afogadosfm\/2025\/01\/17\/iguaracy-homem-furta-combustivel-de-caminhao-estaciona-em-via-publica\/#primaryimage"},"thumbnailUrl":"https:\/\/i0.wp.com\/afogadosfm.com.br\/afogadosfm\/wp-content\/uploads\/2025\/01\/Imagem-do-WhatsApp-de-2025-01-17-as-08.56.46_c8c66c6f.jpg?fit=1280%2C835&ssl=1","articleSection":["Sert\u00e3o"],"inLanguage":"pt-BR","potentialAction":[{"@type":"CommentAction","name":"Comment","target":["https:\/\/afogadosfm.com.br\/afogadosfm\/2025\/01\/17\/iguaracy-homem-furta-combustivel-de-caminhao-estaciona-em-via-publica\/#respond"]}]},{"@type":"WebPage","@id":"https:\/\/afogadosfm.com.br\/afogadosfm\/2025\/01\/17\/iguaracy-homem-furta-combustivel-de-caminhao-estaciona-em-via-publica\/","url":"https:\/\/afogadosfm.com.br\/afogadosfm\/2025\/01\/17\/iguaracy-homem-furta-combustivel-de-caminhao-estaciona-em-via-publica\/","name":"Iguaracy: Homem furta combust\u00edvel de caminh\u00e3o estacionado em via p\u00fablica - Afogados FM","isPartOf":{"@id":"https:\/\/afogadosfm.com.br\/afogadosfm\/#website"},"primaryImageOfPage":{"@id":"https:\/\/afogadosfm.com.br\/afogadosfm\/2025\/01\/17\/iguaracy-homem-furta-combustivel-de-caminhao-estaciona-em-via-publica\/#primaryimage"},"image":{"@id":"https:\/\/afogadosfm.com.br\/afogadosfm\/2025\/01\/17\/iguaracy-homem-furta-combustivel-de-caminhao-estaciona-em-via-publica\/#primaryimage"},"thumbnailUrl":"https:\/\/i0.wp.com\/afogadosfm.com.br\/afogadosfm\/wp-content\/uploads\/2025\/01\/Imagem-do-WhatsApp-de-2025-01-17-as-08.56.46_c8c66c6f.jpg?fit=1280%2C835&ssl=1","datePublished":"2025-01-17T12:00:00+00:00","dateModified":"2025-01-17T12:10:37+00:00","breadcrumb":{"@id":"https:\/\/afogadosfm.com.br\/afogadosfm\/2025\/01\/17\/iguaracy-homem-furta-combustivel-de-caminhao-estaciona-em-via-publica\/#breadcrumb"},"inLanguage":"pt-BR","potentialAction":[{"@type":"ReadAction","target":["https:\/\/afogadosfm.com.br\/afogadosfm\/2025\/01\/17\/iguaracy-homem-furta-combustivel-de-caminhao-estaciona-em-via-publica\/"]}]},{"@type":"ImageObject","inLanguage":"pt-BR","@id":"https:\/\/afogadosfm.com.br\/afogadosfm\/2025\/01\/17\/iguaracy-homem-furta-combustivel-de-caminhao-estaciona-em-via-publica\/#primaryimage","url":"https:\/\/i0.wp.com\/afogadosfm.com.br\/afogadosfm\/wp-content\/uploads\/2025\/01\/Imagem-do-WhatsApp-de-2025-01-17-as-08.56.46_c8c66c6f.jpg?fit=1280%2C835&ssl=1","contentUrl":"https:\/\/i0.wp.com\/afogadosfm.com.br\/afogadosfm\/wp-content\/uploads\/2025\/01\/Imagem-do-WhatsApp-de-2025-01-17-as-08.56.46_c8c66c6f.jpg?fit=1280%2C835&ssl=1","width":1280,"height":835},{"@type":"BreadcrumbList","@id":"https:\/\/afogadosfm.com.br\/afogadosfm\/2025\/01\/17\/iguaracy-homem-furta-combustivel-de-caminhao-estaciona-em-via-publica\/#breadcrumb","itemListElement":[{"@type":"ListItem","position":1,"name":"In\u00edcio","item":"https:\/\/afogadosfm.com.br\/afogadosfm\/"},{"@type":"ListItem","position":2,"name":"Iguaracy: Homem furta combust\u00edvel de caminh\u00e3o estacionado em via p\u00fablica"}]},{"@type":"WebSite","@id":"https:\/\/afogadosfm.com.br\/afogadosfm\/#website","url":"https:\/\/afogadosfm.com.br\/afogadosfm\/","name":"Afogados FM","description":"Um site completo!","publisher":{"@id":"https:\/\/afogadosfm.com.br\/afogadosfm\/#organization"},"potentialAction":[{"@type":"SearchAction","target":{"@type":"EntryPoint","urlTemplate":"https:\/\/afogadosfm.com.br\/afogadosfm\/?s={search_term_string}"},"query-input":{"@type":"PropertyValueSpecification","valueRequired":true,"valueName":"search_term_string"}}],"inLanguage":"pt-BR"},{"@type":"Organization","@id":"https:\/\/afogadosfm.com.br\/afogadosfm\/#organization","name":"Afogados FM","url":"https:\/\/afogadosfm.com.br\/afogadosfm\/","logo":{"@type":"ImageObject","inLanguage":"pt-BR","@id":"https:\/\/afogadosfm.com.br\/afogadosfm\/#\/schema\/logo\/image\/","url":"https:\/\/i0.wp.com\/afogadosfm.com.br\/afogadosfm\/wp-content\/uploads\/2020\/06\/cropped-banner-afogados-4.jpg?fit=369%2C137&ssl=1","contentUrl":"https:\/\/i0.wp.com\/afogadosfm.com.br\/afogadosfm\/wp-content\/uploads\/2020\/06\/cropped-banner-afogados-4.jpg?fit=369%2C137&ssl=1","width":369,"height":137,"caption":"Afogados FM"},"image":{"@id":"https:\/\/afogadosfm.com.br\/afogadosfm\/#\/schema\/logo\/image\/"}},{"@type":"Person","@id":"https:\/\/afogadosfm.com.br\/afogadosfm\/#\/schema\/person\/60e56f2cf5dc960fc093fe093d9e9057","name":"afogadosfm","image":{"@type":"ImageObject","inLanguage":"pt-BR","@id":"https:\/\/secure.gravatar.com\/avatar\/e0359add7ed5dc3560906d861b52c6a8cf5c1e199d3a7dd85070998f49bd4701?s=96&d=mm&r=g","url":"https:\/\/secure.gravatar.com\/avatar\/e0359add7ed5dc3560906d861b52c6a8cf5c1e199d3a7dd85070998f49bd4701?s=96&d=mm&r=g","contentUrl":"https:\/\/secure.gravatar.com\/avatar\/e0359add7ed5dc3560906d861b52c6a8cf5c1e199d3a7dd85070998f49bd4701?s=96&d=mm&r=g","caption":"afogadosfm"},"url":"https:\/\/afogadosfm.com.br\/afogadosfm\/author\/afogadosfm\/"}]}},"jetpack_publicize_connections":[],"jetpack_featured_media_url":"https:\/\/i0.wp.com\/afogadosfm.com.br\/afogadosfm\/wp-content\/uploads\/2025\/01\/Imagem-do-WhatsApp-de-2025-01-17-as-08.56.46_c8c66c6f.jpg?fit=1280%2C835&ssl=1","jetpack-related-posts":[],"jetpack_sharing_enabled":true,"jetpack_likes_enabled":true,"_links":{"self":[{"href":"https:\/\/afogadosfm.com.br\/afogadosfm\/wp-json\/wp\/v2\/posts\/62687","targetHints":{"allow":["GET"]}}],"collection":[{"href":"https:\/\/afogadosfm.com.br\/afogadosfm\/wp-json\/wp\/v2\/posts"}],"about":[{"href":"https:\/\/afogadosfm.com.br\/afogadosfm\/wp-json\/wp\/v2\/types\/post"}],"author":[{"embeddable":true,"href":"https:\/\/afogadosfm.com.br\/afogadosfm\/wp-json\/wp\/v2\/users\/2"}],"replies":[{"embeddable":true,"href":"https:\/\/afogadosfm.com.br\/afogadosfm\/wp-json\/wp\/v2\/comments?post=62687"}],"version-history":[{"count":4,"href":"https:\/\/afogadosfm.com.br\/afogadosfm\/wp-json\/wp\/v2\/posts\/62687\/revisions"}],"predecessor-version":[{"id":62693,"href":"https:\/\/afogadosfm.com.br\/afogadosfm\/wp-json\/wp\/v2\/posts\/62687\/revisions\/62693"}],"wp:featuredmedia":[{"embeddable":true,"href":"https:\/\/afogadosfm.com.br\/afogadosfm\/wp-json\/wp\/v2\/media\/62688"}],"wp:attachment":[{"href":"https:\/\/afogadosfm.com.br\/afogadosfm\/wp-json\/wp\/v2\/media?parent=62687"}],"wp:term":[{"taxonomy":"category","embeddable":true,"href":"https:\/\/afogadosfm.com.br\/afogadosfm\/wp-json\/wp\/v2\/categories?post=62687"},{"taxonomy":"post_tag","embeddable":true,"href":"https:\/\/afogadosfm.com.br\/afogadosfm\/wp-json\/wp\/v2\/tags?post=62687"}],"curies":[{"name":"wp","href":"https:\/\/api.w.org\/{rel}","templated":true}]}}