{"id":62698,"date":"2025-01-17T10:37:44","date_gmt":"2025-01-17T13:37:44","guid":{"rendered":"https:\/\/afogadosfm.com.br\/afogadosfm\/?p=62698"},"modified":"2025-01-17T10:37:48","modified_gmt":"2025-01-17T13:37:48","slug":"conselhos-municipais-reforcam-participacao-social-na-gestao-de-afogados-da-ingazeira","status":"publish","type":"post","link":"https:\/\/afogadosfm.com.br\/afogadosfm\/2025\/01\/17\/conselhos-municipais-reforcam-participacao-social-na-gestao-de-afogados-da-ingazeira\/","title":{"rendered":"Conselhos municipais refor\u00e7am participa\u00e7\u00e3o social na gest\u00e3o de Afogados da Ingazeira"},"content":{"rendered":"\n<p>Seguindo orienta\u00e7\u00e3o do Prefeito Alessandro Palmeira, os conselhos municipais &#8211; das mais diversas pol\u00edticas p\u00fablicas &#8211; ter\u00e3o fortalecidas as suas participa\u00e7\u00f5es na gest\u00e3o municipal no que tange a implanta\u00e7\u00e3o de pol\u00edticas p\u00fablicas importantes nas \u00e1reas de sa\u00fade, educa\u00e7\u00e3o, pessoa idosa, meio ambiente, mulher, crian\u00e7a e adolescente, dentre outros.<\/p>\n\n\n\n<p>Nessa perspectiva, dois conselhos tiveram elei\u00e7\u00f5es esta semana para escolha de seus novos integrantes: os conselhos municipais de assist\u00eancia social e de seguran\u00e7a alimentar e nutricional (CONSEA), este \u00faltimo com composi\u00e7\u00e3o majorit\u00e1ria de representantes da sociedade civil.<\/p>\n\n\n\n<p>O novo presidente do conselho municipal de assist\u00eancia social ser\u00e1 o advogado Leandro Ramos, representante do segmento dos trabalhadores na assist\u00eancia social. Ele substitui Risolene Lima, que representava o governo municipal.<\/p>\n\n\n\n<p>J\u00e1 no CONSEA, o novo presidente ser\u00e1 o agricultor Divino Nunes, representado o Sindicato de trabalhadores e trabalhadoras rurais de Afogados, em substitui\u00e7\u00e3o a Apol\u00f3nia Rodrigues, do Rede de Mulheres produtoras do Paje\u00fa.<\/p>\n\n\n\n<p>\u201cA participa\u00e7\u00e3o e a presen\u00e7a dos conselhos na formula\u00e7\u00e3o e implanta\u00e7\u00e3o das pol\u00edticas p\u00fablicas municipais \u00e9 fundamental para garantir transpar\u00eancia nas a\u00e7\u00f5es e a participa\u00e7\u00e3o da sociedade nas inst\u00e2ncias decis\u00f3rias,\u201d destacou a Secret\u00e1ria Municipal de Assist\u00eancia social de Afogados, Madalena Leite.<\/p>\n","protected":false},"excerpt":{"rendered":"<p>Seguindo orienta\u00e7\u00e3o do Prefeito Alessandro Palmeira, os conselhos municipais &#8211; das mais diversas pol\u00edticas p\u00fablicas &#8211; ter\u00e3o fortalecidas as suas<\/p>\n","protected":false},"author":2,"featured_media":62699,"comment_status":"open","ping_status":"open","sticky":false,"template":"","format":"standard","meta":{"jetpack_post_was_ever_published":false,"_jetpack_newsletter_access":"","_jetpack_dont_email_post_to_subs":false,"_jetpack_newsletter_tier_id":0,"_jetpack_memberships_contains_paywalled_content":false,"_jetpack_memberships_contains_paid_content":false,"footnotes":"","jetpack_publicize_message":"","jetpack_publicize_feature_enabled":true,"jetpack_social_post_already_shared":true,"jetpack_social_options":{"image_generator_settings":{"template":"highway","default_image_id":0,"font":"","enabled":false},"version":2}},"categories":[14],"tags":[],"class_list":["post-62698","post","type-post","status-publish","format-standard","has-post-thumbnail","hentry","category-afogados-da-ingazeira"],"yoast_head":"<!-- This site is optimized with the Yoast SEO plugin v27.5 - https:\/\/yoast.com\/product\/yoast-seo-wordpress\/ -->\n<title>Conselhos municipais refor\u00e7am participa\u00e7\u00e3o social na gest\u00e3o de Afogados da Ingazeira - Afogados FM<\/title>\n<meta name=\"robots\" content=\"index, follow, max-snippet:-1, max-image-preview:large, max-video-preview:-1\" \/>\n<link rel=\"canonical\" href=\"https:\/\/afogadosfm.com.br\/afogadosfm\/2025\/01\/17\/conselhos-municipais-reforcam-participacao-social-na-gestao-de-afogados-da-ingazeira\/\" \/>\n<meta property=\"og:locale\" content=\"pt_BR\" \/>\n<meta property=\"og:type\" content=\"article\" \/>\n<meta property=\"og:title\" content=\"Conselhos municipais refor\u00e7am participa\u00e7\u00e3o social na gest\u00e3o de Afogados da Ingazeira - Afogados FM\" \/>\n<meta property=\"og:description\" content=\"Seguindo orienta\u00e7\u00e3o do Prefeito Alessandro Palmeira, os conselhos municipais &#8211; das mais diversas pol\u00edticas p\u00fablicas &#8211; ter\u00e3o fortalecidas as suas\" \/>\n<meta property=\"og:url\" content=\"https:\/\/afogadosfm.com.br\/afogadosfm\/2025\/01\/17\/conselhos-municipais-reforcam-participacao-social-na-gestao-de-afogados-da-ingazeira\/\" \/>\n<meta property=\"og:site_name\" content=\"Afogados FM\" \/>\n<meta property=\"article:published_time\" content=\"2025-01-17T13:37:44+00:00\" \/>\n<meta property=\"article:modified_time\" content=\"2025-01-17T13:37:48+00:00\" \/>\n<meta property=\"og:image\" content=\"https:\/\/afogadosfm.com.br\/afogadosfm\/wp-content\/uploads\/2025\/01\/WhatsApp-Image-2025-01-17-at-10.33.51.jpeg\" \/>\n\t<meta property=\"og:image:width\" content=\"1600\" \/>\n\t<meta property=\"og:image:height\" content=\"1066\" \/>\n\t<meta property=\"og:image:type\" content=\"image\/jpeg\" \/>\n<meta name=\"author\" content=\"afogadosfm\" \/>\n<meta name=\"twitter:card\" content=\"summary_large_image\" \/>\n<meta name=\"twitter:label1\" content=\"Escrito por\" \/>\n\t<meta name=\"twitter:data1\" content=\"afogadosfm\" \/>\n\t<meta name=\"twitter:label2\" content=\"Est. tempo de leitura\" \/>\n\t<meta name=\"twitter:data2\" content=\"2 minutos\" \/>\n<script type=\"application\/ld+json\" class=\"yoast-schema-graph\">{\"@context\":\"https:\\\/\\\/schema.org\",\"@graph\":[{\"@type\":\"Article\",\"@id\":\"https:\\\/\\\/afogadosfm.com.br\\\/afogadosfm\\\/2025\\\/01\\\/17\\\/conselhos-municipais-reforcam-participacao-social-na-gestao-de-afogados-da-ingazeira\\\/#article\",\"isPartOf\":{\"@id\":\"https:\\\/\\\/afogadosfm.com.br\\\/afogadosfm\\\/2025\\\/01\\\/17\\\/conselhos-municipais-reforcam-participacao-social-na-gestao-de-afogados-da-ingazeira\\\/\"},\"author\":{\"name\":\"afogadosfm\",\"@id\":\"https:\\\/\\\/afogadosfm.com.br\\\/afogadosfm\\\/#\\\/schema\\\/person\\\/60e56f2cf5dc960fc093fe093d9e9057\"},\"headline\":\"Conselhos municipais refor\u00e7am participa\u00e7\u00e3o social na gest\u00e3o de Afogados da Ingazeira\",\"datePublished\":\"2025-01-17T13:37:44+00:00\",\"dateModified\":\"2025-01-17T13:37:48+00:00\",\"mainEntityOfPage\":{\"@id\":\"https:\\\/\\\/afogadosfm.com.br\\\/afogadosfm\\\/2025\\\/01\\\/17\\\/conselhos-municipais-reforcam-participacao-social-na-gestao-de-afogados-da-ingazeira\\\/\"},\"wordCount\":237,\"commentCount\":0,\"publisher\":{\"@id\":\"https:\\\/\\\/afogadosfm.com.br\\\/afogadosfm\\\/#organization\"},\"image\":{\"@id\":\"https:\\\/\\\/afogadosfm.com.br\\\/afogadosfm\\\/2025\\\/01\\\/17\\\/conselhos-municipais-reforcam-participacao-social-na-gestao-de-afogados-da-ingazeira\\\/#primaryimage\"},\"thumbnailUrl\":\"https:\\\/\\\/i0.wp.com\\\/afogadosfm.com.br\\\/afogadosfm\\\/wp-content\\\/uploads\\\/2025\\\/01\\\/WhatsApp-Image-2025-01-17-at-10.33.51.jpeg?fit=1600%2C1066&ssl=1\",\"articleSection\":[\"Afogados da Ingazeira\"],\"inLanguage\":\"pt-BR\",\"potentialAction\":[{\"@type\":\"CommentAction\",\"name\":\"Comment\",\"target\":[\"https:\\\/\\\/afogadosfm.com.br\\\/afogadosfm\\\/2025\\\/01\\\/17\\\/conselhos-municipais-reforcam-participacao-social-na-gestao-de-afogados-da-ingazeira\\\/#respond\"]}]},{\"@type\":\"WebPage\",\"@id\":\"https:\\\/\\\/afogadosfm.com.br\\\/afogadosfm\\\/2025\\\/01\\\/17\\\/conselhos-municipais-reforcam-participacao-social-na-gestao-de-afogados-da-ingazeira\\\/\",\"url\":\"https:\\\/\\\/afogadosfm.com.br\\\/afogadosfm\\\/2025\\\/01\\\/17\\\/conselhos-municipais-reforcam-participacao-social-na-gestao-de-afogados-da-ingazeira\\\/\",\"name\":\"Conselhos municipais refor\u00e7am participa\u00e7\u00e3o social na gest\u00e3o de Afogados da Ingazeira - Afogados FM\",\"isPartOf\":{\"@id\":\"https:\\\/\\\/afogadosfm.com.br\\\/afogadosfm\\\/#website\"},\"primaryImageOfPage\":{\"@id\":\"https:\\\/\\\/afogadosfm.com.br\\\/afogadosfm\\\/2025\\\/01\\\/17\\\/conselhos-municipais-reforcam-participacao-social-na-gestao-de-afogados-da-ingazeira\\\/#primaryimage\"},\"image\":{\"@id\":\"https:\\\/\\\/afogadosfm.com.br\\\/afogadosfm\\\/2025\\\/01\\\/17\\\/conselhos-municipais-reforcam-participacao-social-na-gestao-de-afogados-da-ingazeira\\\/#primaryimage\"},\"thumbnailUrl\":\"https:\\\/\\\/i0.wp.com\\\/afogadosfm.com.br\\\/afogadosfm\\\/wp-content\\\/uploads\\\/2025\\\/01\\\/WhatsApp-Image-2025-01-17-at-10.33.51.jpeg?fit=1600%2C1066&ssl=1\",\"datePublished\":\"2025-01-17T13:37:44+00:00\",\"dateModified\":\"2025-01-17T13:37:48+00:00\",\"breadcrumb\":{\"@id\":\"https:\\\/\\\/afogadosfm.com.br\\\/afogadosfm\\\/2025\\\/01\\\/17\\\/conselhos-municipais-reforcam-participacao-social-na-gestao-de-afogados-da-ingazeira\\\/#breadcrumb\"},\"inLanguage\":\"pt-BR\",\"potentialAction\":[{\"@type\":\"ReadAction\",\"target\":[\"https:\\\/\\\/afogadosfm.com.br\\\/afogadosfm\\\/2025\\\/01\\\/17\\\/conselhos-municipais-reforcam-participacao-social-na-gestao-de-afogados-da-ingazeira\\\/\"]}]},{\"@type\":\"ImageObject\",\"inLanguage\":\"pt-BR\",\"@id\":\"https:\\\/\\\/afogadosfm.com.br\\\/afogadosfm\\\/2025\\\/01\\\/17\\\/conselhos-municipais-reforcam-participacao-social-na-gestao-de-afogados-da-ingazeira\\\/#primaryimage\",\"url\":\"https:\\\/\\\/i0.wp.com\\\/afogadosfm.com.br\\\/afogadosfm\\\/wp-content\\\/uploads\\\/2025\\\/01\\\/WhatsApp-Image-2025-01-17-at-10.33.51.jpeg?fit=1600%2C1066&ssl=1\",\"contentUrl\":\"https:\\\/\\\/i0.wp.com\\\/afogadosfm.com.br\\\/afogadosfm\\\/wp-content\\\/uploads\\\/2025\\\/01\\\/WhatsApp-Image-2025-01-17-at-10.33.51.jpeg?fit=1600%2C1066&ssl=1\",\"width\":1600,\"height\":1066},{\"@type\":\"BreadcrumbList\",\"@id\":\"https:\\\/\\\/afogadosfm.com.br\\\/afogadosfm\\\/2025\\\/01\\\/17\\\/conselhos-municipais-reforcam-participacao-social-na-gestao-de-afogados-da-ingazeira\\\/#breadcrumb\",\"itemListElement\":[{\"@type\":\"ListItem\",\"position\":1,\"name\":\"In\u00edcio\",\"item\":\"https:\\\/\\\/afogadosfm.com.br\\\/afogadosfm\\\/\"},{\"@type\":\"ListItem\",\"position\":2,\"name\":\"Conselhos municipais refor\u00e7am participa\u00e7\u00e3o social na gest\u00e3o de Afogados da Ingazeira\"}]},{\"@type\":\"WebSite\",\"@id\":\"https:\\\/\\\/afogadosfm.com.br\\\/afogadosfm\\\/#website\",\"url\":\"https:\\\/\\\/afogadosfm.com.br\\\/afogadosfm\\\/\",\"name\":\"Afogados FM\",\"description\":\"Um site completo!\",\"publisher\":{\"@id\":\"https:\\\/\\\/afogadosfm.com.br\\\/afogadosfm\\\/#organization\"},\"potentialAction\":[{\"@type\":\"SearchAction\",\"target\":{\"@type\":\"EntryPoint\",\"urlTemplate\":\"https:\\\/\\\/afogadosfm.com.br\\\/afogadosfm\\\/?s={search_term_string}\"},\"query-input\":{\"@type\":\"PropertyValueSpecification\",\"valueRequired\":true,\"valueName\":\"search_term_string\"}}],\"inLanguage\":\"pt-BR\"},{\"@type\":\"Organization\",\"@id\":\"https:\\\/\\\/afogadosfm.com.br\\\/afogadosfm\\\/#organization\",\"name\":\"Afogados FM\",\"url\":\"https:\\\/\\\/afogadosfm.com.br\\\/afogadosfm\\\/\",\"logo\":{\"@type\":\"ImageObject\",\"inLanguage\":\"pt-BR\",\"@id\":\"https:\\\/\\\/afogadosfm.com.br\\\/afogadosfm\\\/#\\\/schema\\\/logo\\\/image\\\/\",\"url\":\"https:\\\/\\\/i0.wp.com\\\/afogadosfm.com.br\\\/afogadosfm\\\/wp-content\\\/uploads\\\/2020\\\/06\\\/cropped-banner-afogados-4.jpg?fit=369%2C137&ssl=1\",\"contentUrl\":\"https:\\\/\\\/i0.wp.com\\\/afogadosfm.com.br\\\/afogadosfm\\\/wp-content\\\/uploads\\\/2020\\\/06\\\/cropped-banner-afogados-4.jpg?fit=369%2C137&ssl=1\",\"width\":369,\"height\":137,\"caption\":\"Afogados FM\"},\"image\":{\"@id\":\"https:\\\/\\\/afogadosfm.com.br\\\/afogadosfm\\\/#\\\/schema\\\/logo\\\/image\\\/\"}},{\"@type\":\"Person\",\"@id\":\"https:\\\/\\\/afogadosfm.com.br\\\/afogadosfm\\\/#\\\/schema\\\/person\\\/60e56f2cf5dc960fc093fe093d9e9057\",\"name\":\"afogadosfm\",\"image\":{\"@type\":\"ImageObject\",\"inLanguage\":\"pt-BR\",\"@id\":\"https:\\\/\\\/secure.gravatar.com\\\/avatar\\\/e0359add7ed5dc3560906d861b52c6a8cf5c1e199d3a7dd85070998f49bd4701?s=96&d=mm&r=g\",\"url\":\"https:\\\/\\\/secure.gravatar.com\\\/avatar\\\/e0359add7ed5dc3560906d861b52c6a8cf5c1e199d3a7dd85070998f49bd4701?s=96&d=mm&r=g\",\"contentUrl\":\"https:\\\/\\\/secure.gravatar.com\\\/avatar\\\/e0359add7ed5dc3560906d861b52c6a8cf5c1e199d3a7dd85070998f49bd4701?s=96&d=mm&r=g\",\"caption\":\"afogadosfm\"},\"url\":\"https:\\\/\\\/afogadosfm.com.br\\\/afogadosfm\\\/author\\\/afogadosfm\\\/\"}]}<\/script>\n<!-- \/ Yoast SEO plugin. -->","yoast_head_json":{"title":"Conselhos municipais refor\u00e7am participa\u00e7\u00e3o social na gest\u00e3o de Afogados da Ingazeira - Afogados FM","robots":{"index":"index","follow":"follow","max-snippet":"max-snippet:-1","max-image-preview":"max-image-preview:large","max-video-preview":"max-video-preview:-1"},"canonical":"https:\/\/afogadosfm.com.br\/afogadosfm\/2025\/01\/17\/conselhos-municipais-reforcam-participacao-social-na-gestao-de-afogados-da-ingazeira\/","og_locale":"pt_BR","og_type":"article","og_title":"Conselhos municipais refor\u00e7am participa\u00e7\u00e3o social na gest\u00e3o de Afogados da Ingazeira - Afogados FM","og_description":"Seguindo orienta\u00e7\u00e3o do Prefeito Alessandro Palmeira, os conselhos municipais &#8211; das mais diversas pol\u00edticas p\u00fablicas &#8211; ter\u00e3o fortalecidas as suas","og_url":"https:\/\/afogadosfm.com.br\/afogadosfm\/2025\/01\/17\/conselhos-municipais-reforcam-participacao-social-na-gestao-de-afogados-da-ingazeira\/","og_site_name":"Afogados FM","article_published_time":"2025-01-17T13:37:44+00:00","article_modified_time":"2025-01-17T13:37:48+00:00","og_image":[{"width":1600,"height":1066,"url":"https:\/\/afogadosfm.com.br\/afogadosfm\/wp-content\/uploads\/2025\/01\/WhatsApp-Image-2025-01-17-at-10.33.51.jpeg","type":"image\/jpeg"}],"author":"afogadosfm","twitter_card":"summary_large_image","twitter_misc":{"Escrito por":"afogadosfm","Est. tempo de leitura":"2 minutos"},"schema":{"@context":"https:\/\/schema.org","@graph":[{"@type":"Article","@id":"https:\/\/afogadosfm.com.br\/afogadosfm\/2025\/01\/17\/conselhos-municipais-reforcam-participacao-social-na-gestao-de-afogados-da-ingazeira\/#article","isPartOf":{"@id":"https:\/\/afogadosfm.com.br\/afogadosfm\/2025\/01\/17\/conselhos-municipais-reforcam-participacao-social-na-gestao-de-afogados-da-ingazeira\/"},"author":{"name":"afogadosfm","@id":"https:\/\/afogadosfm.com.br\/afogadosfm\/#\/schema\/person\/60e56f2cf5dc960fc093fe093d9e9057"},"headline":"Conselhos municipais refor\u00e7am participa\u00e7\u00e3o social na gest\u00e3o de Afogados da Ingazeira","datePublished":"2025-01-17T13:37:44+00:00","dateModified":"2025-01-17T13:37:48+00:00","mainEntityOfPage":{"@id":"https:\/\/afogadosfm.com.br\/afogadosfm\/2025\/01\/17\/conselhos-municipais-reforcam-participacao-social-na-gestao-de-afogados-da-ingazeira\/"},"wordCount":237,"commentCount":0,"publisher":{"@id":"https:\/\/afogadosfm.com.br\/afogadosfm\/#organization"},"image":{"@id":"https:\/\/afogadosfm.com.br\/afogadosfm\/2025\/01\/17\/conselhos-municipais-reforcam-participacao-social-na-gestao-de-afogados-da-ingazeira\/#primaryimage"},"thumbnailUrl":"https:\/\/i0.wp.com\/afogadosfm.com.br\/afogadosfm\/wp-content\/uploads\/2025\/01\/WhatsApp-Image-2025-01-17-at-10.33.51.jpeg?fit=1600%2C1066&ssl=1","articleSection":["Afogados da Ingazeira"],"inLanguage":"pt-BR","potentialAction":[{"@type":"CommentAction","name":"Comment","target":["https:\/\/afogadosfm.com.br\/afogadosfm\/2025\/01\/17\/conselhos-municipais-reforcam-participacao-social-na-gestao-de-afogados-da-ingazeira\/#respond"]}]},{"@type":"WebPage","@id":"https:\/\/afogadosfm.com.br\/afogadosfm\/2025\/01\/17\/conselhos-municipais-reforcam-participacao-social-na-gestao-de-afogados-da-ingazeira\/","url":"https:\/\/afogadosfm.com.br\/afogadosfm\/2025\/01\/17\/conselhos-municipais-reforcam-participacao-social-na-gestao-de-afogados-da-ingazeira\/","name":"Conselhos municipais refor\u00e7am participa\u00e7\u00e3o social na gest\u00e3o de Afogados da Ingazeira - Afogados FM","isPartOf":{"@id":"https:\/\/afogadosfm.com.br\/afogadosfm\/#website"},"primaryImageOfPage":{"@id":"https:\/\/afogadosfm.com.br\/afogadosfm\/2025\/01\/17\/conselhos-municipais-reforcam-participacao-social-na-gestao-de-afogados-da-ingazeira\/#primaryimage"},"image":{"@id":"https:\/\/afogadosfm.com.br\/afogadosfm\/2025\/01\/17\/conselhos-municipais-reforcam-participacao-social-na-gestao-de-afogados-da-ingazeira\/#primaryimage"},"thumbnailUrl":"https:\/\/i0.wp.com\/afogadosfm.com.br\/afogadosfm\/wp-content\/uploads\/2025\/01\/WhatsApp-Image-2025-01-17-at-10.33.51.jpeg?fit=1600%2C1066&ssl=1","datePublished":"2025-01-17T13:37:44+00:00","dateModified":"2025-01-17T13:37:48+00:00","breadcrumb":{"@id":"https:\/\/afogadosfm.com.br\/afogadosfm\/2025\/01\/17\/conselhos-municipais-reforcam-participacao-social-na-gestao-de-afogados-da-ingazeira\/#breadcrumb"},"inLanguage":"pt-BR","potentialAction":[{"@type":"ReadAction","target":["https:\/\/afogadosfm.com.br\/afogadosfm\/2025\/01\/17\/conselhos-municipais-reforcam-participacao-social-na-gestao-de-afogados-da-ingazeira\/"]}]},{"@type":"ImageObject","inLanguage":"pt-BR","@id":"https:\/\/afogadosfm.com.br\/afogadosfm\/2025\/01\/17\/conselhos-municipais-reforcam-participacao-social-na-gestao-de-afogados-da-ingazeira\/#primaryimage","url":"https:\/\/i0.wp.com\/afogadosfm.com.br\/afogadosfm\/wp-content\/uploads\/2025\/01\/WhatsApp-Image-2025-01-17-at-10.33.51.jpeg?fit=1600%2C1066&ssl=1","contentUrl":"https:\/\/i0.wp.com\/afogadosfm.com.br\/afogadosfm\/wp-content\/uploads\/2025\/01\/WhatsApp-Image-2025-01-17-at-10.33.51.jpeg?fit=1600%2C1066&ssl=1","width":1600,"height":1066},{"@type":"BreadcrumbList","@id":"https:\/\/afogadosfm.com.br\/afogadosfm\/2025\/01\/17\/conselhos-municipais-reforcam-participacao-social-na-gestao-de-afogados-da-ingazeira\/#breadcrumb","itemListElement":[{"@type":"ListItem","position":1,"name":"In\u00edcio","item":"https:\/\/afogadosfm.com.br\/afogadosfm\/"},{"@type":"ListItem","position":2,"name":"Conselhos municipais refor\u00e7am participa\u00e7\u00e3o social na gest\u00e3o de Afogados da Ingazeira"}]},{"@type":"WebSite","@id":"https:\/\/afogadosfm.com.br\/afogadosfm\/#website","url":"https:\/\/afogadosfm.com.br\/afogadosfm\/","name":"Afogados FM","description":"Um site completo!","publisher":{"@id":"https:\/\/afogadosfm.com.br\/afogadosfm\/#organization"},"potentialAction":[{"@type":"SearchAction","target":{"@type":"EntryPoint","urlTemplate":"https:\/\/afogadosfm.com.br\/afogadosfm\/?s={search_term_string}"},"query-input":{"@type":"PropertyValueSpecification","valueRequired":true,"valueName":"search_term_string"}}],"inLanguage":"pt-BR"},{"@type":"Organization","@id":"https:\/\/afogadosfm.com.br\/afogadosfm\/#organization","name":"Afogados FM","url":"https:\/\/afogadosfm.com.br\/afogadosfm\/","logo":{"@type":"ImageObject","inLanguage":"pt-BR","@id":"https:\/\/afogadosfm.com.br\/afogadosfm\/#\/schema\/logo\/image\/","url":"https:\/\/i0.wp.com\/afogadosfm.com.br\/afogadosfm\/wp-content\/uploads\/2020\/06\/cropped-banner-afogados-4.jpg?fit=369%2C137&ssl=1","contentUrl":"https:\/\/i0.wp.com\/afogadosfm.com.br\/afogadosfm\/wp-content\/uploads\/2020\/06\/cropped-banner-afogados-4.jpg?fit=369%2C137&ssl=1","width":369,"height":137,"caption":"Afogados FM"},"image":{"@id":"https:\/\/afogadosfm.com.br\/afogadosfm\/#\/schema\/logo\/image\/"}},{"@type":"Person","@id":"https:\/\/afogadosfm.com.br\/afogadosfm\/#\/schema\/person\/60e56f2cf5dc960fc093fe093d9e9057","name":"afogadosfm","image":{"@type":"ImageObject","inLanguage":"pt-BR","@id":"https:\/\/secure.gravatar.com\/avatar\/e0359add7ed5dc3560906d861b52c6a8cf5c1e199d3a7dd85070998f49bd4701?s=96&d=mm&r=g","url":"https:\/\/secure.gravatar.com\/avatar\/e0359add7ed5dc3560906d861b52c6a8cf5c1e199d3a7dd85070998f49bd4701?s=96&d=mm&r=g","contentUrl":"https:\/\/secure.gravatar.com\/avatar\/e0359add7ed5dc3560906d861b52c6a8cf5c1e199d3a7dd85070998f49bd4701?s=96&d=mm&r=g","caption":"afogadosfm"},"url":"https:\/\/afogadosfm.com.br\/afogadosfm\/author\/afogadosfm\/"}]}},"jetpack_publicize_connections":[],"jetpack_featured_media_url":"https:\/\/i0.wp.com\/afogadosfm.com.br\/afogadosfm\/wp-content\/uploads\/2025\/01\/WhatsApp-Image-2025-01-17-at-10.33.51.jpeg?fit=1600%2C1066&ssl=1","jetpack-related-posts":[],"jetpack_sharing_enabled":true,"jetpack_likes_enabled":true,"_links":{"self":[{"href":"https:\/\/afogadosfm.com.br\/afogadosfm\/wp-json\/wp\/v2\/posts\/62698","targetHints":{"allow":["GET"]}}],"collection":[{"href":"https:\/\/afogadosfm.com.br\/afogadosfm\/wp-json\/wp\/v2\/posts"}],"about":[{"href":"https:\/\/afogadosfm.com.br\/afogadosfm\/wp-json\/wp\/v2\/types\/post"}],"author":[{"embeddable":true,"href":"https:\/\/afogadosfm.com.br\/afogadosfm\/wp-json\/wp\/v2\/users\/2"}],"replies":[{"embeddable":true,"href":"https:\/\/afogadosfm.com.br\/afogadosfm\/wp-json\/wp\/v2\/comments?post=62698"}],"version-history":[{"count":1,"href":"https:\/\/afogadosfm.com.br\/afogadosfm\/wp-json\/wp\/v2\/posts\/62698\/revisions"}],"predecessor-version":[{"id":62700,"href":"https:\/\/afogadosfm.com.br\/afogadosfm\/wp-json\/wp\/v2\/posts\/62698\/revisions\/62700"}],"wp:featuredmedia":[{"embeddable":true,"href":"https:\/\/afogadosfm.com.br\/afogadosfm\/wp-json\/wp\/v2\/media\/62699"}],"wp:attachment":[{"href":"https:\/\/afogadosfm.com.br\/afogadosfm\/wp-json\/wp\/v2\/media?parent=62698"}],"wp:term":[{"taxonomy":"category","embeddable":true,"href":"https:\/\/afogadosfm.com.br\/afogadosfm\/wp-json\/wp\/v2\/categories?post=62698"},{"taxonomy":"post_tag","embeddable":true,"href":"https:\/\/afogadosfm.com.br\/afogadosfm\/wp-json\/wp\/v2\/tags?post=62698"}],"curies":[{"name":"wp","href":"https:\/\/api.w.org\/{rel}","templated":true}]}}