{"id":62701,"date":"2025-01-18T07:22:01","date_gmt":"2025-01-18T10:22:01","guid":{"rendered":"https:\/\/afogadosfm.com.br\/afogadosfm\/?p=62701"},"modified":"2025-01-18T07:22:05","modified_gmt":"2025-01-18T10:22:05","slug":"onibus-do-cantor-thiago-aquino-foi-alvo-de-tiros-na-bahia","status":"publish","type":"post","link":"https:\/\/afogadosfm.com.br\/afogadosfm\/2025\/01\/18\/onibus-do-cantor-thiago-aquino-foi-alvo-de-tiros-na-bahia\/","title":{"rendered":"\u00d4nibus do cantor Thiago Aquino foi alvo de tiros na Bahia"},"content":{"rendered":"\n<p>A equipe do cantor Thiago Aquino passou um sufoco daqueles na madrugada desta sexta-feira (17). O \u00f4nibus que transportava a banda, produtores e t\u00e9cnicos foi alvo de uma tentativa de assalto e tiros enquanto seguia para Entre Rios, na Bahia. O ataque ocorreu em uma estrada da regi\u00e3o, quando cerca de 10 criminosos armados se aproximaram do ve\u00edculo e dispararam contra ele.<\/p>\n\n\n\n<p>Felizmente, o motorista do \u00f4nibus manteve a calma e n\u00e3o parou o ve\u00edculo durante o ataque. Seguindo em alta velocidade, ele conseguiu escapar da emboscada sem que ningu\u00e9m fosse atingido pelos disparos. Ap\u00f3s o susto, a equipe seguiu para a delegacia de Entre Rios para registrar a ocorr\u00eancia, onde a Pol\u00edcia Militar realizou rondas na \u00e1rea. No entanto, os criminosos n\u00e3o foram encontrados.<\/p>\n\n\n\n<p>Apesar de n\u00e3o estar no \u00f4nibus, Thiago Aquino rapidamente gravou um v\u00eddeo para tranquilizar seus familiares, f\u00e3s e os membros de sua equipe. O cantor expressou sua gratid\u00e3o por ningu\u00e9m ter se ferido e explicou o impacto que o epis\u00f3dio causou: \u201cN\u00e3o aconteceu nada porque Ele \u00e9 mais forte. A gente sabe que essa escolha n\u00e3o \u00e9 f\u00e1cil\u201d, disse Aquino, aliviado pela seguran\u00e7a de todos.<\/p>\n\n\n\n<p>Em seu depoimento, Thiago Aquino demonstrou preocupa\u00e7\u00e3o, mas tamb\u00e9m gratid\u00e3o pela prote\u00e7\u00e3o divina. \u201cEu entendo a preocupa\u00e7\u00e3o de todos os familiares, mas estou aqui para tranquilizar a cada um de voc\u00eas e dizer que est\u00e3o todos bem\u201d, disse o cantor.<\/p>\n\n\n\n<p>Fonte: Terra<\/p>\n","protected":false},"excerpt":{"rendered":"<p>A equipe do cantor Thiago Aquino passou um sufoco daqueles na madrugada desta sexta-feira (17). O \u00f4nibus que transportava a<\/p>\n","protected":false},"author":2,"featured_media":62702,"comment_status":"open","ping_status":"open","sticky":false,"template":"","format":"standard","meta":{"jetpack_post_was_ever_published":false,"_jetpack_newsletter_access":"","_jetpack_dont_email_post_to_subs":false,"_jetpack_newsletter_tier_id":0,"_jetpack_memberships_contains_paywalled_content":false,"_jetpack_memberships_contains_paid_content":false,"footnotes":"","jetpack_publicize_message":"","jetpack_publicize_feature_enabled":true,"jetpack_social_post_already_shared":true,"jetpack_social_options":{"image_generator_settings":{"template":"highway","default_image_id":0,"font":"","enabled":false},"version":2}},"categories":[31],"tags":[],"class_list":["post-62701","post","type-post","status-publish","format-standard","has-post-thumbnail","hentry","category-nordeste"],"yoast_head":"<!-- This site is optimized with the Yoast SEO plugin v27.5 - https:\/\/yoast.com\/product\/yoast-seo-wordpress\/ -->\n<title>\u00d4nibus do cantor Thiago Aquino foi alvo de tiros na Bahia - Afogados FM<\/title>\n<meta name=\"robots\" content=\"index, follow, max-snippet:-1, max-image-preview:large, max-video-preview:-1\" \/>\n<link rel=\"canonical\" href=\"https:\/\/afogadosfm.com.br\/afogadosfm\/2025\/01\/18\/onibus-do-cantor-thiago-aquino-foi-alvo-de-tiros-na-bahia\/\" \/>\n<meta property=\"og:locale\" content=\"pt_BR\" \/>\n<meta property=\"og:type\" content=\"article\" \/>\n<meta property=\"og:title\" content=\"\u00d4nibus do cantor Thiago Aquino foi alvo de tiros na Bahia - Afogados FM\" \/>\n<meta property=\"og:description\" content=\"A equipe do cantor Thiago Aquino passou um sufoco daqueles na madrugada desta sexta-feira (17). O \u00f4nibus que transportava a\" \/>\n<meta property=\"og:url\" content=\"https:\/\/afogadosfm.com.br\/afogadosfm\/2025\/01\/18\/onibus-do-cantor-thiago-aquino-foi-alvo-de-tiros-na-bahia\/\" \/>\n<meta property=\"og:site_name\" content=\"Afogados FM\" \/>\n<meta property=\"article:published_time\" content=\"2025-01-18T10:22:01+00:00\" \/>\n<meta property=\"article:modified_time\" content=\"2025-01-18T10:22:05+00:00\" \/>\n<meta property=\"og:image\" content=\"https:\/\/afogadosfm.com.br\/afogadosfm\/wp-content\/uploads\/2025\/01\/OnibusThiagoAquino.jpg\" \/>\n\t<meta property=\"og:image:width\" content=\"400\" \/>\n\t<meta property=\"og:image:height\" content=\"224\" \/>\n\t<meta property=\"og:image:type\" content=\"image\/jpeg\" \/>\n<meta name=\"author\" content=\"afogadosfm\" \/>\n<meta name=\"twitter:card\" content=\"summary_large_image\" \/>\n<meta name=\"twitter:label1\" content=\"Escrito por\" \/>\n\t<meta name=\"twitter:data1\" content=\"afogadosfm\" \/>\n\t<meta name=\"twitter:label2\" content=\"Est. tempo de leitura\" \/>\n\t<meta name=\"twitter:data2\" content=\"2 minutos\" \/>\n<script type=\"application\/ld+json\" class=\"yoast-schema-graph\">{\"@context\":\"https:\\\/\\\/schema.org\",\"@graph\":[{\"@type\":\"Article\",\"@id\":\"https:\\\/\\\/afogadosfm.com.br\\\/afogadosfm\\\/2025\\\/01\\\/18\\\/onibus-do-cantor-thiago-aquino-foi-alvo-de-tiros-na-bahia\\\/#article\",\"isPartOf\":{\"@id\":\"https:\\\/\\\/afogadosfm.com.br\\\/afogadosfm\\\/2025\\\/01\\\/18\\\/onibus-do-cantor-thiago-aquino-foi-alvo-de-tiros-na-bahia\\\/\"},\"author\":{\"name\":\"afogadosfm\",\"@id\":\"https:\\\/\\\/afogadosfm.com.br\\\/afogadosfm\\\/#\\\/schema\\\/person\\\/60e56f2cf5dc960fc093fe093d9e9057\"},\"headline\":\"\u00d4nibus do cantor Thiago Aquino foi alvo de tiros na Bahia\",\"datePublished\":\"2025-01-18T10:22:01+00:00\",\"dateModified\":\"2025-01-18T10:22:05+00:00\",\"mainEntityOfPage\":{\"@id\":\"https:\\\/\\\/afogadosfm.com.br\\\/afogadosfm\\\/2025\\\/01\\\/18\\\/onibus-do-cantor-thiago-aquino-foi-alvo-de-tiros-na-bahia\\\/\"},\"wordCount\":266,\"commentCount\":0,\"publisher\":{\"@id\":\"https:\\\/\\\/afogadosfm.com.br\\\/afogadosfm\\\/#organization\"},\"image\":{\"@id\":\"https:\\\/\\\/afogadosfm.com.br\\\/afogadosfm\\\/2025\\\/01\\\/18\\\/onibus-do-cantor-thiago-aquino-foi-alvo-de-tiros-na-bahia\\\/#primaryimage\"},\"thumbnailUrl\":\"https:\\\/\\\/i0.wp.com\\\/afogadosfm.com.br\\\/afogadosfm\\\/wp-content\\\/uploads\\\/2025\\\/01\\\/OnibusThiagoAquino.jpg?fit=400%2C224&ssl=1\",\"articleSection\":[\"Nordeste\"],\"inLanguage\":\"pt-BR\",\"potentialAction\":[{\"@type\":\"CommentAction\",\"name\":\"Comment\",\"target\":[\"https:\\\/\\\/afogadosfm.com.br\\\/afogadosfm\\\/2025\\\/01\\\/18\\\/onibus-do-cantor-thiago-aquino-foi-alvo-de-tiros-na-bahia\\\/#respond\"]}]},{\"@type\":\"WebPage\",\"@id\":\"https:\\\/\\\/afogadosfm.com.br\\\/afogadosfm\\\/2025\\\/01\\\/18\\\/onibus-do-cantor-thiago-aquino-foi-alvo-de-tiros-na-bahia\\\/\",\"url\":\"https:\\\/\\\/afogadosfm.com.br\\\/afogadosfm\\\/2025\\\/01\\\/18\\\/onibus-do-cantor-thiago-aquino-foi-alvo-de-tiros-na-bahia\\\/\",\"name\":\"\u00d4nibus do cantor Thiago Aquino foi alvo de tiros na Bahia - Afogados FM\",\"isPartOf\":{\"@id\":\"https:\\\/\\\/afogadosfm.com.br\\\/afogadosfm\\\/#website\"},\"primaryImageOfPage\":{\"@id\":\"https:\\\/\\\/afogadosfm.com.br\\\/afogadosfm\\\/2025\\\/01\\\/18\\\/onibus-do-cantor-thiago-aquino-foi-alvo-de-tiros-na-bahia\\\/#primaryimage\"},\"image\":{\"@id\":\"https:\\\/\\\/afogadosfm.com.br\\\/afogadosfm\\\/2025\\\/01\\\/18\\\/onibus-do-cantor-thiago-aquino-foi-alvo-de-tiros-na-bahia\\\/#primaryimage\"},\"thumbnailUrl\":\"https:\\\/\\\/i0.wp.com\\\/afogadosfm.com.br\\\/afogadosfm\\\/wp-content\\\/uploads\\\/2025\\\/01\\\/OnibusThiagoAquino.jpg?fit=400%2C224&ssl=1\",\"datePublished\":\"2025-01-18T10:22:01+00:00\",\"dateModified\":\"2025-01-18T10:22:05+00:00\",\"breadcrumb\":{\"@id\":\"https:\\\/\\\/afogadosfm.com.br\\\/afogadosfm\\\/2025\\\/01\\\/18\\\/onibus-do-cantor-thiago-aquino-foi-alvo-de-tiros-na-bahia\\\/#breadcrumb\"},\"inLanguage\":\"pt-BR\",\"potentialAction\":[{\"@type\":\"ReadAction\",\"target\":[\"https:\\\/\\\/afogadosfm.com.br\\\/afogadosfm\\\/2025\\\/01\\\/18\\\/onibus-do-cantor-thiago-aquino-foi-alvo-de-tiros-na-bahia\\\/\"]}]},{\"@type\":\"ImageObject\",\"inLanguage\":\"pt-BR\",\"@id\":\"https:\\\/\\\/afogadosfm.com.br\\\/afogadosfm\\\/2025\\\/01\\\/18\\\/onibus-do-cantor-thiago-aquino-foi-alvo-de-tiros-na-bahia\\\/#primaryimage\",\"url\":\"https:\\\/\\\/i0.wp.com\\\/afogadosfm.com.br\\\/afogadosfm\\\/wp-content\\\/uploads\\\/2025\\\/01\\\/OnibusThiagoAquino.jpg?fit=400%2C224&ssl=1\",\"contentUrl\":\"https:\\\/\\\/i0.wp.com\\\/afogadosfm.com.br\\\/afogadosfm\\\/wp-content\\\/uploads\\\/2025\\\/01\\\/OnibusThiagoAquino.jpg?fit=400%2C224&ssl=1\",\"width\":400,\"height\":224},{\"@type\":\"BreadcrumbList\",\"@id\":\"https:\\\/\\\/afogadosfm.com.br\\\/afogadosfm\\\/2025\\\/01\\\/18\\\/onibus-do-cantor-thiago-aquino-foi-alvo-de-tiros-na-bahia\\\/#breadcrumb\",\"itemListElement\":[{\"@type\":\"ListItem\",\"position\":1,\"name\":\"In\u00edcio\",\"item\":\"https:\\\/\\\/afogadosfm.com.br\\\/afogadosfm\\\/\"},{\"@type\":\"ListItem\",\"position\":2,\"name\":\"\u00d4nibus do cantor Thiago Aquino foi alvo de tiros na Bahia\"}]},{\"@type\":\"WebSite\",\"@id\":\"https:\\\/\\\/afogadosfm.com.br\\\/afogadosfm\\\/#website\",\"url\":\"https:\\\/\\\/afogadosfm.com.br\\\/afogadosfm\\\/\",\"name\":\"Afogados FM\",\"description\":\"Um site completo!\",\"publisher\":{\"@id\":\"https:\\\/\\\/afogadosfm.com.br\\\/afogadosfm\\\/#organization\"},\"potentialAction\":[{\"@type\":\"SearchAction\",\"target\":{\"@type\":\"EntryPoint\",\"urlTemplate\":\"https:\\\/\\\/afogadosfm.com.br\\\/afogadosfm\\\/?s={search_term_string}\"},\"query-input\":{\"@type\":\"PropertyValueSpecification\",\"valueRequired\":true,\"valueName\":\"search_term_string\"}}],\"inLanguage\":\"pt-BR\"},{\"@type\":\"Organization\",\"@id\":\"https:\\\/\\\/afogadosfm.com.br\\\/afogadosfm\\\/#organization\",\"name\":\"Afogados FM\",\"url\":\"https:\\\/\\\/afogadosfm.com.br\\\/afogadosfm\\\/\",\"logo\":{\"@type\":\"ImageObject\",\"inLanguage\":\"pt-BR\",\"@id\":\"https:\\\/\\\/afogadosfm.com.br\\\/afogadosfm\\\/#\\\/schema\\\/logo\\\/image\\\/\",\"url\":\"https:\\\/\\\/i0.wp.com\\\/afogadosfm.com.br\\\/afogadosfm\\\/wp-content\\\/uploads\\\/2020\\\/06\\\/cropped-banner-afogados-4.jpg?fit=369%2C137&ssl=1\",\"contentUrl\":\"https:\\\/\\\/i0.wp.com\\\/afogadosfm.com.br\\\/afogadosfm\\\/wp-content\\\/uploads\\\/2020\\\/06\\\/cropped-banner-afogados-4.jpg?fit=369%2C137&ssl=1\",\"width\":369,\"height\":137,\"caption\":\"Afogados FM\"},\"image\":{\"@id\":\"https:\\\/\\\/afogadosfm.com.br\\\/afogadosfm\\\/#\\\/schema\\\/logo\\\/image\\\/\"}},{\"@type\":\"Person\",\"@id\":\"https:\\\/\\\/afogadosfm.com.br\\\/afogadosfm\\\/#\\\/schema\\\/person\\\/60e56f2cf5dc960fc093fe093d9e9057\",\"name\":\"afogadosfm\",\"image\":{\"@type\":\"ImageObject\",\"inLanguage\":\"pt-BR\",\"@id\":\"https:\\\/\\\/secure.gravatar.com\\\/avatar\\\/e0359add7ed5dc3560906d861b52c6a8cf5c1e199d3a7dd85070998f49bd4701?s=96&d=mm&r=g\",\"url\":\"https:\\\/\\\/secure.gravatar.com\\\/avatar\\\/e0359add7ed5dc3560906d861b52c6a8cf5c1e199d3a7dd85070998f49bd4701?s=96&d=mm&r=g\",\"contentUrl\":\"https:\\\/\\\/secure.gravatar.com\\\/avatar\\\/e0359add7ed5dc3560906d861b52c6a8cf5c1e199d3a7dd85070998f49bd4701?s=96&d=mm&r=g\",\"caption\":\"afogadosfm\"},\"url\":\"https:\\\/\\\/afogadosfm.com.br\\\/afogadosfm\\\/author\\\/afogadosfm\\\/\"}]}<\/script>\n<!-- \/ Yoast SEO plugin. -->","yoast_head_json":{"title":"\u00d4nibus do cantor Thiago Aquino foi alvo de tiros na Bahia - Afogados FM","robots":{"index":"index","follow":"follow","max-snippet":"max-snippet:-1","max-image-preview":"max-image-preview:large","max-video-preview":"max-video-preview:-1"},"canonical":"https:\/\/afogadosfm.com.br\/afogadosfm\/2025\/01\/18\/onibus-do-cantor-thiago-aquino-foi-alvo-de-tiros-na-bahia\/","og_locale":"pt_BR","og_type":"article","og_title":"\u00d4nibus do cantor Thiago Aquino foi alvo de tiros na Bahia - Afogados FM","og_description":"A equipe do cantor Thiago Aquino passou um sufoco daqueles na madrugada desta sexta-feira (17). O \u00f4nibus que transportava a","og_url":"https:\/\/afogadosfm.com.br\/afogadosfm\/2025\/01\/18\/onibus-do-cantor-thiago-aquino-foi-alvo-de-tiros-na-bahia\/","og_site_name":"Afogados FM","article_published_time":"2025-01-18T10:22:01+00:00","article_modified_time":"2025-01-18T10:22:05+00:00","og_image":[{"width":400,"height":224,"url":"https:\/\/afogadosfm.com.br\/afogadosfm\/wp-content\/uploads\/2025\/01\/OnibusThiagoAquino.jpg","type":"image\/jpeg"}],"author":"afogadosfm","twitter_card":"summary_large_image","twitter_misc":{"Escrito por":"afogadosfm","Est. tempo de leitura":"2 minutos"},"schema":{"@context":"https:\/\/schema.org","@graph":[{"@type":"Article","@id":"https:\/\/afogadosfm.com.br\/afogadosfm\/2025\/01\/18\/onibus-do-cantor-thiago-aquino-foi-alvo-de-tiros-na-bahia\/#article","isPartOf":{"@id":"https:\/\/afogadosfm.com.br\/afogadosfm\/2025\/01\/18\/onibus-do-cantor-thiago-aquino-foi-alvo-de-tiros-na-bahia\/"},"author":{"name":"afogadosfm","@id":"https:\/\/afogadosfm.com.br\/afogadosfm\/#\/schema\/person\/60e56f2cf5dc960fc093fe093d9e9057"},"headline":"\u00d4nibus do cantor Thiago Aquino foi alvo de tiros na Bahia","datePublished":"2025-01-18T10:22:01+00:00","dateModified":"2025-01-18T10:22:05+00:00","mainEntityOfPage":{"@id":"https:\/\/afogadosfm.com.br\/afogadosfm\/2025\/01\/18\/onibus-do-cantor-thiago-aquino-foi-alvo-de-tiros-na-bahia\/"},"wordCount":266,"commentCount":0,"publisher":{"@id":"https:\/\/afogadosfm.com.br\/afogadosfm\/#organization"},"image":{"@id":"https:\/\/afogadosfm.com.br\/afogadosfm\/2025\/01\/18\/onibus-do-cantor-thiago-aquino-foi-alvo-de-tiros-na-bahia\/#primaryimage"},"thumbnailUrl":"https:\/\/i0.wp.com\/afogadosfm.com.br\/afogadosfm\/wp-content\/uploads\/2025\/01\/OnibusThiagoAquino.jpg?fit=400%2C224&ssl=1","articleSection":["Nordeste"],"inLanguage":"pt-BR","potentialAction":[{"@type":"CommentAction","name":"Comment","target":["https:\/\/afogadosfm.com.br\/afogadosfm\/2025\/01\/18\/onibus-do-cantor-thiago-aquino-foi-alvo-de-tiros-na-bahia\/#respond"]}]},{"@type":"WebPage","@id":"https:\/\/afogadosfm.com.br\/afogadosfm\/2025\/01\/18\/onibus-do-cantor-thiago-aquino-foi-alvo-de-tiros-na-bahia\/","url":"https:\/\/afogadosfm.com.br\/afogadosfm\/2025\/01\/18\/onibus-do-cantor-thiago-aquino-foi-alvo-de-tiros-na-bahia\/","name":"\u00d4nibus do cantor Thiago Aquino foi alvo de tiros na Bahia - Afogados FM","isPartOf":{"@id":"https:\/\/afogadosfm.com.br\/afogadosfm\/#website"},"primaryImageOfPage":{"@id":"https:\/\/afogadosfm.com.br\/afogadosfm\/2025\/01\/18\/onibus-do-cantor-thiago-aquino-foi-alvo-de-tiros-na-bahia\/#primaryimage"},"image":{"@id":"https:\/\/afogadosfm.com.br\/afogadosfm\/2025\/01\/18\/onibus-do-cantor-thiago-aquino-foi-alvo-de-tiros-na-bahia\/#primaryimage"},"thumbnailUrl":"https:\/\/i0.wp.com\/afogadosfm.com.br\/afogadosfm\/wp-content\/uploads\/2025\/01\/OnibusThiagoAquino.jpg?fit=400%2C224&ssl=1","datePublished":"2025-01-18T10:22:01+00:00","dateModified":"2025-01-18T10:22:05+00:00","breadcrumb":{"@id":"https:\/\/afogadosfm.com.br\/afogadosfm\/2025\/01\/18\/onibus-do-cantor-thiago-aquino-foi-alvo-de-tiros-na-bahia\/#breadcrumb"},"inLanguage":"pt-BR","potentialAction":[{"@type":"ReadAction","target":["https:\/\/afogadosfm.com.br\/afogadosfm\/2025\/01\/18\/onibus-do-cantor-thiago-aquino-foi-alvo-de-tiros-na-bahia\/"]}]},{"@type":"ImageObject","inLanguage":"pt-BR","@id":"https:\/\/afogadosfm.com.br\/afogadosfm\/2025\/01\/18\/onibus-do-cantor-thiago-aquino-foi-alvo-de-tiros-na-bahia\/#primaryimage","url":"https:\/\/i0.wp.com\/afogadosfm.com.br\/afogadosfm\/wp-content\/uploads\/2025\/01\/OnibusThiagoAquino.jpg?fit=400%2C224&ssl=1","contentUrl":"https:\/\/i0.wp.com\/afogadosfm.com.br\/afogadosfm\/wp-content\/uploads\/2025\/01\/OnibusThiagoAquino.jpg?fit=400%2C224&ssl=1","width":400,"height":224},{"@type":"BreadcrumbList","@id":"https:\/\/afogadosfm.com.br\/afogadosfm\/2025\/01\/18\/onibus-do-cantor-thiago-aquino-foi-alvo-de-tiros-na-bahia\/#breadcrumb","itemListElement":[{"@type":"ListItem","position":1,"name":"In\u00edcio","item":"https:\/\/afogadosfm.com.br\/afogadosfm\/"},{"@type":"ListItem","position":2,"name":"\u00d4nibus do cantor Thiago Aquino foi alvo de tiros na Bahia"}]},{"@type":"WebSite","@id":"https:\/\/afogadosfm.com.br\/afogadosfm\/#website","url":"https:\/\/afogadosfm.com.br\/afogadosfm\/","name":"Afogados FM","description":"Um site completo!","publisher":{"@id":"https:\/\/afogadosfm.com.br\/afogadosfm\/#organization"},"potentialAction":[{"@type":"SearchAction","target":{"@type":"EntryPoint","urlTemplate":"https:\/\/afogadosfm.com.br\/afogadosfm\/?s={search_term_string}"},"query-input":{"@type":"PropertyValueSpecification","valueRequired":true,"valueName":"search_term_string"}}],"inLanguage":"pt-BR"},{"@type":"Organization","@id":"https:\/\/afogadosfm.com.br\/afogadosfm\/#organization","name":"Afogados FM","url":"https:\/\/afogadosfm.com.br\/afogadosfm\/","logo":{"@type":"ImageObject","inLanguage":"pt-BR","@id":"https:\/\/afogadosfm.com.br\/afogadosfm\/#\/schema\/logo\/image\/","url":"https:\/\/i0.wp.com\/afogadosfm.com.br\/afogadosfm\/wp-content\/uploads\/2020\/06\/cropped-banner-afogados-4.jpg?fit=369%2C137&ssl=1","contentUrl":"https:\/\/i0.wp.com\/afogadosfm.com.br\/afogadosfm\/wp-content\/uploads\/2020\/06\/cropped-banner-afogados-4.jpg?fit=369%2C137&ssl=1","width":369,"height":137,"caption":"Afogados FM"},"image":{"@id":"https:\/\/afogadosfm.com.br\/afogadosfm\/#\/schema\/logo\/image\/"}},{"@type":"Person","@id":"https:\/\/afogadosfm.com.br\/afogadosfm\/#\/schema\/person\/60e56f2cf5dc960fc093fe093d9e9057","name":"afogadosfm","image":{"@type":"ImageObject","inLanguage":"pt-BR","@id":"https:\/\/secure.gravatar.com\/avatar\/e0359add7ed5dc3560906d861b52c6a8cf5c1e199d3a7dd85070998f49bd4701?s=96&d=mm&r=g","url":"https:\/\/secure.gravatar.com\/avatar\/e0359add7ed5dc3560906d861b52c6a8cf5c1e199d3a7dd85070998f49bd4701?s=96&d=mm&r=g","contentUrl":"https:\/\/secure.gravatar.com\/avatar\/e0359add7ed5dc3560906d861b52c6a8cf5c1e199d3a7dd85070998f49bd4701?s=96&d=mm&r=g","caption":"afogadosfm"},"url":"https:\/\/afogadosfm.com.br\/afogadosfm\/author\/afogadosfm\/"}]}},"jetpack_publicize_connections":[],"jetpack_featured_media_url":"https:\/\/i0.wp.com\/afogadosfm.com.br\/afogadosfm\/wp-content\/uploads\/2025\/01\/OnibusThiagoAquino.jpg?fit=400%2C224&ssl=1","jetpack-related-posts":[],"jetpack_sharing_enabled":true,"jetpack_likes_enabled":true,"_links":{"self":[{"href":"https:\/\/afogadosfm.com.br\/afogadosfm\/wp-json\/wp\/v2\/posts\/62701","targetHints":{"allow":["GET"]}}],"collection":[{"href":"https:\/\/afogadosfm.com.br\/afogadosfm\/wp-json\/wp\/v2\/posts"}],"about":[{"href":"https:\/\/afogadosfm.com.br\/afogadosfm\/wp-json\/wp\/v2\/types\/post"}],"author":[{"embeddable":true,"href":"https:\/\/afogadosfm.com.br\/afogadosfm\/wp-json\/wp\/v2\/users\/2"}],"replies":[{"embeddable":true,"href":"https:\/\/afogadosfm.com.br\/afogadosfm\/wp-json\/wp\/v2\/comments?post=62701"}],"version-history":[{"count":1,"href":"https:\/\/afogadosfm.com.br\/afogadosfm\/wp-json\/wp\/v2\/posts\/62701\/revisions"}],"predecessor-version":[{"id":62703,"href":"https:\/\/afogadosfm.com.br\/afogadosfm\/wp-json\/wp\/v2\/posts\/62701\/revisions\/62703"}],"wp:featuredmedia":[{"embeddable":true,"href":"https:\/\/afogadosfm.com.br\/afogadosfm\/wp-json\/wp\/v2\/media\/62702"}],"wp:attachment":[{"href":"https:\/\/afogadosfm.com.br\/afogadosfm\/wp-json\/wp\/v2\/media?parent=62701"}],"wp:term":[{"taxonomy":"category","embeddable":true,"href":"https:\/\/afogadosfm.com.br\/afogadosfm\/wp-json\/wp\/v2\/categories?post=62701"},{"taxonomy":"post_tag","embeddable":true,"href":"https:\/\/afogadosfm.com.br\/afogadosfm\/wp-json\/wp\/v2\/tags?post=62701"}],"curies":[{"name":"wp","href":"https:\/\/api.w.org\/{rel}","templated":true}]}}