{"id":62705,"date":"2025-01-18T07:25:35","date_gmt":"2025-01-18T10:25:35","guid":{"rendered":"https:\/\/afogadosfm.com.br\/afogadosfm\/?p=62705"},"modified":"2025-01-18T07:25:40","modified_gmt":"2025-01-18T10:25:40","slug":"alepe-projeto-de-lei-renomeia-legislacao-estadual-para-homenagear-jose-patriota","status":"publish","type":"post","link":"https:\/\/afogadosfm.com.br\/afogadosfm\/2025\/01\/18\/alepe-projeto-de-lei-renomeia-legislacao-estadual-para-homenagear-jose-patriota\/","title":{"rendered":"ALEPE: Projeto de Lei renomeia legisla\u00e7\u00e3o estadual para homenagear Jos\u00e9 Patriota"},"content":{"rendered":"\n<p>O Projeto de Lei n\u00ba 2269\/2024, de autoria do deputado estadual Diogo Moraes, ganhou destaque na Assembleia Legislativa de Pernambuco (ALEPE). A proposta altera a Lei n\u00ba 10.489, de 2 de outubro de 1990, que regulamenta a distribui\u00e7\u00e3o da parcela do ICMS destinada aos munic\u00edpios pernambucanos, para denomin\u00e1-la de \u201cLei Jos\u00e9 Patriota\u201d. A homenagem reconhece a trajet\u00f3ria e o legado do ex-presidente da Comiss\u00e3o de Assuntos Municipais da ALEPE, falecido em 17 de setembro de 2024, aos 63 anos.<\/p>\n\n\n\n<p><strong>Um tributo ao municipalismo<\/strong><\/p>\n\n\n\n<p>A proposi\u00e7\u00e3o foi justificada como uma homenagem justa e necess\u00e1ria ao deputado Jos\u00e9 Coimbra Patriota Filho, uma das figuras mais marcantes da pol\u00edtica pernambucana e defensor incans\u00e1vel da causa municipalista. Natural de Tabira, no Sert\u00e3o de Pernambuco, Patriota cresceu em Afogados da Ingazeira, onde come\u00e7ou sua trajet\u00f3ria pol\u00edtica em defesa das causas sociais e do desenvolvimento regional.<\/p>\n\n\n\n<p>Com origem humilde e experi\u00eancia como l\u00edder sindical, Patriota dedicou-se a trabalhar com agricultores durante per\u00edodos de seca, o que moldou sua vis\u00e3o de fortalecimento das comunidades rurais. Ele foi vereador, vice-prefeito e prefeito de Afogados da Ingazeira por dois mandatos, tendo sido reeleito com 83% de aprova\u00e7\u00e3o popular.<\/p>\n\n\n\n<p><strong>Lideran\u00e7a na Amupe e atua\u00e7\u00e3o estadual<\/strong><\/p>\n\n\n\n<p>Patriota exerceu cinco mandatos consecutivos como presidente da Associa\u00e7\u00e3o Municipalista de Pernambuco (Amupe), onde se destacou ao liderar a\u00e7\u00f5es em defesa dos munic\u00edpios pernambucanos. Entre suas iniciativas, destacou-se a luta pela redistribui\u00e7\u00e3o mais justa do ICMS estadual, priorizando munic\u00edpios mais vulner\u00e1veis.<\/p>\n\n\n\n<p>Com amplo di\u00e1logo envolvendo o Poder Executivo estadual, gestores de cidades desenvolvidas e a sociedade, Patriota liderou a forma\u00e7\u00e3o de grupos de trabalho para criar um pacto social que garantisse maior justi\u00e7a na redistribui\u00e7\u00e3o do ICMS. A proposta, que busca promover a equidade entre os munic\u00edpios, agora \u00e9 consolidada pelo PL n\u00ba 2269\/2024.<\/p>\n\n\n\n<p><strong>Legado pol\u00edtico e social<\/strong><\/p>\n\n\n\n<p>Al\u00e9m de sua atua\u00e7\u00e3o como gestor municipal e l\u00edder da Amupe, Patriota foi deputado estadual desde 2023. Como presidente da Comiss\u00e3o de Assuntos Municipais da ALEPE, dedicou-se a projetos voltados \u00e0s popula\u00e7\u00f5es mais vulner\u00e1veis, al\u00e9m de fortalecer a forma\u00e7\u00e3o de cons\u00f3rcios intermunicipais para ampliar o acesso a servi\u00e7os e reduzir custos.<\/p>\n\n\n\n<p>Patriota tamb\u00e9m foi secret\u00e1rio de Articula\u00e7\u00e3o Regional durante o governo de Eduardo Campos, consolidando sua reputa\u00e7\u00e3o como um articulador comprometido com o desenvolvimento do interior pernambucano.<\/p>\n\n\n\n<p><strong>Reconhecimento un\u00e2nime<\/strong><\/p>\n\n\n\n<p>A proposta de renomear a legisla\u00e7\u00e3o como \u201cLei Jos\u00e9 Patriota\u201d reflete o reconhecimento de sua incans\u00e1vel luta pela justi\u00e7a social e desenvolvimento local. Em defesa do projeto, o deputado Diogo Moraes destacou:<\/p>\n\n\n\n<p>\u201cN\u00e3o restam d\u00favidas da justi\u00e7a dessa proposi\u00e7\u00e3o, que reconhece oficialmente a import\u00e2ncia desse grande homem que tanto honrou a pol\u00edtica do nosso estado.\u201d<\/p>\n\n\n\n<p>Do Junior Campos<\/p>\n","protected":false},"excerpt":{"rendered":"<p>O Projeto de Lei n\u00ba 2269\/2024, de autoria do deputado estadual Diogo Moraes, ganhou destaque na Assembleia Legislativa de Pernambuco<\/p>\n","protected":false},"author":2,"featured_media":52814,"comment_status":"open","ping_status":"open","sticky":false,"template":"","format":"standard","meta":{"jetpack_post_was_ever_published":false,"_jetpack_newsletter_access":"","_jetpack_dont_email_post_to_subs":false,"_jetpack_newsletter_tier_id":0,"_jetpack_memberships_contains_paywalled_content":false,"_jetpack_memberships_contains_paid_content":false,"footnotes":"","jetpack_publicize_message":"","jetpack_publicize_feature_enabled":true,"jetpack_social_post_already_shared":true,"jetpack_social_options":{"image_generator_settings":{"template":"highway","default_image_id":0,"font":"","enabled":false},"version":2}},"categories":[13],"tags":[],"class_list":["post-62705","post","type-post","status-publish","format-standard","has-post-thumbnail","hentry","category-pernambuco"],"yoast_head":"<!-- This site is optimized with the Yoast SEO plugin v27.5 - https:\/\/yoast.com\/product\/yoast-seo-wordpress\/ -->\n<title>ALEPE: Projeto de Lei renomeia legisla\u00e7\u00e3o estadual para homenagear Jos\u00e9 Patriota - Afogados FM<\/title>\n<meta name=\"robots\" content=\"index, follow, max-snippet:-1, max-image-preview:large, max-video-preview:-1\" \/>\n<link rel=\"canonical\" href=\"https:\/\/afogadosfm.com.br\/afogadosfm\/2025\/01\/18\/alepe-projeto-de-lei-renomeia-legislacao-estadual-para-homenagear-jose-patriota\/\" \/>\n<meta property=\"og:locale\" content=\"pt_BR\" \/>\n<meta property=\"og:type\" content=\"article\" \/>\n<meta property=\"og:title\" content=\"ALEPE: Projeto de Lei renomeia legisla\u00e7\u00e3o estadual para homenagear Jos\u00e9 Patriota - Afogados FM\" \/>\n<meta property=\"og:description\" content=\"O Projeto de Lei n\u00ba 2269\/2024, de autoria do deputado estadual Diogo Moraes, ganhou destaque na Assembleia Legislativa de Pernambuco\" \/>\n<meta property=\"og:url\" content=\"https:\/\/afogadosfm.com.br\/afogadosfm\/2025\/01\/18\/alepe-projeto-de-lei-renomeia-legislacao-estadual-para-homenagear-jose-patriota\/\" \/>\n<meta property=\"og:site_name\" content=\"Afogados FM\" \/>\n<meta property=\"article:published_time\" content=\"2025-01-18T10:25:35+00:00\" \/>\n<meta property=\"article:modified_time\" content=\"2025-01-18T10:25:40+00:00\" \/>\n<meta property=\"og:image\" content=\"https:\/\/afogadosfm.com.br\/afogadosfm\/wp-content\/uploads\/2023\/12\/patrio.jpg\" \/>\n\t<meta property=\"og:image:width\" content=\"1600\" \/>\n\t<meta property=\"og:image:height\" content=\"1066\" \/>\n\t<meta property=\"og:image:type\" content=\"image\/jpeg\" \/>\n<meta name=\"author\" content=\"afogadosfm\" \/>\n<meta name=\"twitter:card\" content=\"summary_large_image\" \/>\n<meta name=\"twitter:label1\" content=\"Escrito por\" \/>\n\t<meta name=\"twitter:data1\" content=\"afogadosfm\" \/>\n\t<meta name=\"twitter:label2\" content=\"Est. tempo de leitura\" \/>\n\t<meta name=\"twitter:data2\" content=\"3 minutos\" \/>\n<script type=\"application\/ld+json\" class=\"yoast-schema-graph\">{\"@context\":\"https:\\\/\\\/schema.org\",\"@graph\":[{\"@type\":\"Article\",\"@id\":\"https:\\\/\\\/afogadosfm.com.br\\\/afogadosfm\\\/2025\\\/01\\\/18\\\/alepe-projeto-de-lei-renomeia-legislacao-estadual-para-homenagear-jose-patriota\\\/#article\",\"isPartOf\":{\"@id\":\"https:\\\/\\\/afogadosfm.com.br\\\/afogadosfm\\\/2025\\\/01\\\/18\\\/alepe-projeto-de-lei-renomeia-legislacao-estadual-para-homenagear-jose-patriota\\\/\"},\"author\":{\"name\":\"afogadosfm\",\"@id\":\"https:\\\/\\\/afogadosfm.com.br\\\/afogadosfm\\\/#\\\/schema\\\/person\\\/60e56f2cf5dc960fc093fe093d9e9057\"},\"headline\":\"ALEPE: Projeto de Lei renomeia legisla\u00e7\u00e3o estadual para homenagear Jos\u00e9 Patriota\",\"datePublished\":\"2025-01-18T10:25:35+00:00\",\"dateModified\":\"2025-01-18T10:25:40+00:00\",\"mainEntityOfPage\":{\"@id\":\"https:\\\/\\\/afogadosfm.com.br\\\/afogadosfm\\\/2025\\\/01\\\/18\\\/alepe-projeto-de-lei-renomeia-legislacao-estadual-para-homenagear-jose-patriota\\\/\"},\"wordCount\":487,\"commentCount\":0,\"publisher\":{\"@id\":\"https:\\\/\\\/afogadosfm.com.br\\\/afogadosfm\\\/#organization\"},\"image\":{\"@id\":\"https:\\\/\\\/afogadosfm.com.br\\\/afogadosfm\\\/2025\\\/01\\\/18\\\/alepe-projeto-de-lei-renomeia-legislacao-estadual-para-homenagear-jose-patriota\\\/#primaryimage\"},\"thumbnailUrl\":\"https:\\\/\\\/i0.wp.com\\\/afogadosfm.com.br\\\/afogadosfm\\\/wp-content\\\/uploads\\\/2023\\\/12\\\/patrio.jpg?fit=1600%2C1066&ssl=1\",\"articleSection\":[\"Pernambuco\"],\"inLanguage\":\"pt-BR\",\"potentialAction\":[{\"@type\":\"CommentAction\",\"name\":\"Comment\",\"target\":[\"https:\\\/\\\/afogadosfm.com.br\\\/afogadosfm\\\/2025\\\/01\\\/18\\\/alepe-projeto-de-lei-renomeia-legislacao-estadual-para-homenagear-jose-patriota\\\/#respond\"]}]},{\"@type\":\"WebPage\",\"@id\":\"https:\\\/\\\/afogadosfm.com.br\\\/afogadosfm\\\/2025\\\/01\\\/18\\\/alepe-projeto-de-lei-renomeia-legislacao-estadual-para-homenagear-jose-patriota\\\/\",\"url\":\"https:\\\/\\\/afogadosfm.com.br\\\/afogadosfm\\\/2025\\\/01\\\/18\\\/alepe-projeto-de-lei-renomeia-legislacao-estadual-para-homenagear-jose-patriota\\\/\",\"name\":\"ALEPE: Projeto de Lei renomeia legisla\u00e7\u00e3o estadual para homenagear Jos\u00e9 Patriota - Afogados FM\",\"isPartOf\":{\"@id\":\"https:\\\/\\\/afogadosfm.com.br\\\/afogadosfm\\\/#website\"},\"primaryImageOfPage\":{\"@id\":\"https:\\\/\\\/afogadosfm.com.br\\\/afogadosfm\\\/2025\\\/01\\\/18\\\/alepe-projeto-de-lei-renomeia-legislacao-estadual-para-homenagear-jose-patriota\\\/#primaryimage\"},\"image\":{\"@id\":\"https:\\\/\\\/afogadosfm.com.br\\\/afogadosfm\\\/2025\\\/01\\\/18\\\/alepe-projeto-de-lei-renomeia-legislacao-estadual-para-homenagear-jose-patriota\\\/#primaryimage\"},\"thumbnailUrl\":\"https:\\\/\\\/i0.wp.com\\\/afogadosfm.com.br\\\/afogadosfm\\\/wp-content\\\/uploads\\\/2023\\\/12\\\/patrio.jpg?fit=1600%2C1066&ssl=1\",\"datePublished\":\"2025-01-18T10:25:35+00:00\",\"dateModified\":\"2025-01-18T10:25:40+00:00\",\"breadcrumb\":{\"@id\":\"https:\\\/\\\/afogadosfm.com.br\\\/afogadosfm\\\/2025\\\/01\\\/18\\\/alepe-projeto-de-lei-renomeia-legislacao-estadual-para-homenagear-jose-patriota\\\/#breadcrumb\"},\"inLanguage\":\"pt-BR\",\"potentialAction\":[{\"@type\":\"ReadAction\",\"target\":[\"https:\\\/\\\/afogadosfm.com.br\\\/afogadosfm\\\/2025\\\/01\\\/18\\\/alepe-projeto-de-lei-renomeia-legislacao-estadual-para-homenagear-jose-patriota\\\/\"]}]},{\"@type\":\"ImageObject\",\"inLanguage\":\"pt-BR\",\"@id\":\"https:\\\/\\\/afogadosfm.com.br\\\/afogadosfm\\\/2025\\\/01\\\/18\\\/alepe-projeto-de-lei-renomeia-legislacao-estadual-para-homenagear-jose-patriota\\\/#primaryimage\",\"url\":\"https:\\\/\\\/i0.wp.com\\\/afogadosfm.com.br\\\/afogadosfm\\\/wp-content\\\/uploads\\\/2023\\\/12\\\/patrio.jpg?fit=1600%2C1066&ssl=1\",\"contentUrl\":\"https:\\\/\\\/i0.wp.com\\\/afogadosfm.com.br\\\/afogadosfm\\\/wp-content\\\/uploads\\\/2023\\\/12\\\/patrio.jpg?fit=1600%2C1066&ssl=1\",\"width\":1600,\"height\":1066},{\"@type\":\"BreadcrumbList\",\"@id\":\"https:\\\/\\\/afogadosfm.com.br\\\/afogadosfm\\\/2025\\\/01\\\/18\\\/alepe-projeto-de-lei-renomeia-legislacao-estadual-para-homenagear-jose-patriota\\\/#breadcrumb\",\"itemListElement\":[{\"@type\":\"ListItem\",\"position\":1,\"name\":\"In\u00edcio\",\"item\":\"https:\\\/\\\/afogadosfm.com.br\\\/afogadosfm\\\/\"},{\"@type\":\"ListItem\",\"position\":2,\"name\":\"ALEPE: Projeto de Lei renomeia legisla\u00e7\u00e3o estadual para homenagear Jos\u00e9 Patriota\"}]},{\"@type\":\"WebSite\",\"@id\":\"https:\\\/\\\/afogadosfm.com.br\\\/afogadosfm\\\/#website\",\"url\":\"https:\\\/\\\/afogadosfm.com.br\\\/afogadosfm\\\/\",\"name\":\"Afogados FM\",\"description\":\"Um site completo!\",\"publisher\":{\"@id\":\"https:\\\/\\\/afogadosfm.com.br\\\/afogadosfm\\\/#organization\"},\"potentialAction\":[{\"@type\":\"SearchAction\",\"target\":{\"@type\":\"EntryPoint\",\"urlTemplate\":\"https:\\\/\\\/afogadosfm.com.br\\\/afogadosfm\\\/?s={search_term_string}\"},\"query-input\":{\"@type\":\"PropertyValueSpecification\",\"valueRequired\":true,\"valueName\":\"search_term_string\"}}],\"inLanguage\":\"pt-BR\"},{\"@type\":\"Organization\",\"@id\":\"https:\\\/\\\/afogadosfm.com.br\\\/afogadosfm\\\/#organization\",\"name\":\"Afogados FM\",\"url\":\"https:\\\/\\\/afogadosfm.com.br\\\/afogadosfm\\\/\",\"logo\":{\"@type\":\"ImageObject\",\"inLanguage\":\"pt-BR\",\"@id\":\"https:\\\/\\\/afogadosfm.com.br\\\/afogadosfm\\\/#\\\/schema\\\/logo\\\/image\\\/\",\"url\":\"https:\\\/\\\/i0.wp.com\\\/afogadosfm.com.br\\\/afogadosfm\\\/wp-content\\\/uploads\\\/2020\\\/06\\\/cropped-banner-afogados-4.jpg?fit=369%2C137&ssl=1\",\"contentUrl\":\"https:\\\/\\\/i0.wp.com\\\/afogadosfm.com.br\\\/afogadosfm\\\/wp-content\\\/uploads\\\/2020\\\/06\\\/cropped-banner-afogados-4.jpg?fit=369%2C137&ssl=1\",\"width\":369,\"height\":137,\"caption\":\"Afogados FM\"},\"image\":{\"@id\":\"https:\\\/\\\/afogadosfm.com.br\\\/afogadosfm\\\/#\\\/schema\\\/logo\\\/image\\\/\"}},{\"@type\":\"Person\",\"@id\":\"https:\\\/\\\/afogadosfm.com.br\\\/afogadosfm\\\/#\\\/schema\\\/person\\\/60e56f2cf5dc960fc093fe093d9e9057\",\"name\":\"afogadosfm\",\"image\":{\"@type\":\"ImageObject\",\"inLanguage\":\"pt-BR\",\"@id\":\"https:\\\/\\\/secure.gravatar.com\\\/avatar\\\/e0359add7ed5dc3560906d861b52c6a8cf5c1e199d3a7dd85070998f49bd4701?s=96&d=mm&r=g\",\"url\":\"https:\\\/\\\/secure.gravatar.com\\\/avatar\\\/e0359add7ed5dc3560906d861b52c6a8cf5c1e199d3a7dd85070998f49bd4701?s=96&d=mm&r=g\",\"contentUrl\":\"https:\\\/\\\/secure.gravatar.com\\\/avatar\\\/e0359add7ed5dc3560906d861b52c6a8cf5c1e199d3a7dd85070998f49bd4701?s=96&d=mm&r=g\",\"caption\":\"afogadosfm\"},\"url\":\"https:\\\/\\\/afogadosfm.com.br\\\/afogadosfm\\\/author\\\/afogadosfm\\\/\"}]}<\/script>\n<!-- \/ Yoast SEO plugin. -->","yoast_head_json":{"title":"ALEPE: Projeto de Lei renomeia legisla\u00e7\u00e3o estadual para homenagear Jos\u00e9 Patriota - Afogados FM","robots":{"index":"index","follow":"follow","max-snippet":"max-snippet:-1","max-image-preview":"max-image-preview:large","max-video-preview":"max-video-preview:-1"},"canonical":"https:\/\/afogadosfm.com.br\/afogadosfm\/2025\/01\/18\/alepe-projeto-de-lei-renomeia-legislacao-estadual-para-homenagear-jose-patriota\/","og_locale":"pt_BR","og_type":"article","og_title":"ALEPE: Projeto de Lei renomeia legisla\u00e7\u00e3o estadual para homenagear Jos\u00e9 Patriota - Afogados FM","og_description":"O Projeto de Lei n\u00ba 2269\/2024, de autoria do deputado estadual Diogo Moraes, ganhou destaque na Assembleia Legislativa de Pernambuco","og_url":"https:\/\/afogadosfm.com.br\/afogadosfm\/2025\/01\/18\/alepe-projeto-de-lei-renomeia-legislacao-estadual-para-homenagear-jose-patriota\/","og_site_name":"Afogados FM","article_published_time":"2025-01-18T10:25:35+00:00","article_modified_time":"2025-01-18T10:25:40+00:00","og_image":[{"width":1600,"height":1066,"url":"https:\/\/afogadosfm.com.br\/afogadosfm\/wp-content\/uploads\/2023\/12\/patrio.jpg","type":"image\/jpeg"}],"author":"afogadosfm","twitter_card":"summary_large_image","twitter_misc":{"Escrito por":"afogadosfm","Est. tempo de leitura":"3 minutos"},"schema":{"@context":"https:\/\/schema.org","@graph":[{"@type":"Article","@id":"https:\/\/afogadosfm.com.br\/afogadosfm\/2025\/01\/18\/alepe-projeto-de-lei-renomeia-legislacao-estadual-para-homenagear-jose-patriota\/#article","isPartOf":{"@id":"https:\/\/afogadosfm.com.br\/afogadosfm\/2025\/01\/18\/alepe-projeto-de-lei-renomeia-legislacao-estadual-para-homenagear-jose-patriota\/"},"author":{"name":"afogadosfm","@id":"https:\/\/afogadosfm.com.br\/afogadosfm\/#\/schema\/person\/60e56f2cf5dc960fc093fe093d9e9057"},"headline":"ALEPE: Projeto de Lei renomeia legisla\u00e7\u00e3o estadual para homenagear Jos\u00e9 Patriota","datePublished":"2025-01-18T10:25:35+00:00","dateModified":"2025-01-18T10:25:40+00:00","mainEntityOfPage":{"@id":"https:\/\/afogadosfm.com.br\/afogadosfm\/2025\/01\/18\/alepe-projeto-de-lei-renomeia-legislacao-estadual-para-homenagear-jose-patriota\/"},"wordCount":487,"commentCount":0,"publisher":{"@id":"https:\/\/afogadosfm.com.br\/afogadosfm\/#organization"},"image":{"@id":"https:\/\/afogadosfm.com.br\/afogadosfm\/2025\/01\/18\/alepe-projeto-de-lei-renomeia-legislacao-estadual-para-homenagear-jose-patriota\/#primaryimage"},"thumbnailUrl":"https:\/\/i0.wp.com\/afogadosfm.com.br\/afogadosfm\/wp-content\/uploads\/2023\/12\/patrio.jpg?fit=1600%2C1066&ssl=1","articleSection":["Pernambuco"],"inLanguage":"pt-BR","potentialAction":[{"@type":"CommentAction","name":"Comment","target":["https:\/\/afogadosfm.com.br\/afogadosfm\/2025\/01\/18\/alepe-projeto-de-lei-renomeia-legislacao-estadual-para-homenagear-jose-patriota\/#respond"]}]},{"@type":"WebPage","@id":"https:\/\/afogadosfm.com.br\/afogadosfm\/2025\/01\/18\/alepe-projeto-de-lei-renomeia-legislacao-estadual-para-homenagear-jose-patriota\/","url":"https:\/\/afogadosfm.com.br\/afogadosfm\/2025\/01\/18\/alepe-projeto-de-lei-renomeia-legislacao-estadual-para-homenagear-jose-patriota\/","name":"ALEPE: Projeto de Lei renomeia legisla\u00e7\u00e3o estadual para homenagear Jos\u00e9 Patriota - Afogados FM","isPartOf":{"@id":"https:\/\/afogadosfm.com.br\/afogadosfm\/#website"},"primaryImageOfPage":{"@id":"https:\/\/afogadosfm.com.br\/afogadosfm\/2025\/01\/18\/alepe-projeto-de-lei-renomeia-legislacao-estadual-para-homenagear-jose-patriota\/#primaryimage"},"image":{"@id":"https:\/\/afogadosfm.com.br\/afogadosfm\/2025\/01\/18\/alepe-projeto-de-lei-renomeia-legislacao-estadual-para-homenagear-jose-patriota\/#primaryimage"},"thumbnailUrl":"https:\/\/i0.wp.com\/afogadosfm.com.br\/afogadosfm\/wp-content\/uploads\/2023\/12\/patrio.jpg?fit=1600%2C1066&ssl=1","datePublished":"2025-01-18T10:25:35+00:00","dateModified":"2025-01-18T10:25:40+00:00","breadcrumb":{"@id":"https:\/\/afogadosfm.com.br\/afogadosfm\/2025\/01\/18\/alepe-projeto-de-lei-renomeia-legislacao-estadual-para-homenagear-jose-patriota\/#breadcrumb"},"inLanguage":"pt-BR","potentialAction":[{"@type":"ReadAction","target":["https:\/\/afogadosfm.com.br\/afogadosfm\/2025\/01\/18\/alepe-projeto-de-lei-renomeia-legislacao-estadual-para-homenagear-jose-patriota\/"]}]},{"@type":"ImageObject","inLanguage":"pt-BR","@id":"https:\/\/afogadosfm.com.br\/afogadosfm\/2025\/01\/18\/alepe-projeto-de-lei-renomeia-legislacao-estadual-para-homenagear-jose-patriota\/#primaryimage","url":"https:\/\/i0.wp.com\/afogadosfm.com.br\/afogadosfm\/wp-content\/uploads\/2023\/12\/patrio.jpg?fit=1600%2C1066&ssl=1","contentUrl":"https:\/\/i0.wp.com\/afogadosfm.com.br\/afogadosfm\/wp-content\/uploads\/2023\/12\/patrio.jpg?fit=1600%2C1066&ssl=1","width":1600,"height":1066},{"@type":"BreadcrumbList","@id":"https:\/\/afogadosfm.com.br\/afogadosfm\/2025\/01\/18\/alepe-projeto-de-lei-renomeia-legislacao-estadual-para-homenagear-jose-patriota\/#breadcrumb","itemListElement":[{"@type":"ListItem","position":1,"name":"In\u00edcio","item":"https:\/\/afogadosfm.com.br\/afogadosfm\/"},{"@type":"ListItem","position":2,"name":"ALEPE: Projeto de Lei renomeia legisla\u00e7\u00e3o estadual para homenagear Jos\u00e9 Patriota"}]},{"@type":"WebSite","@id":"https:\/\/afogadosfm.com.br\/afogadosfm\/#website","url":"https:\/\/afogadosfm.com.br\/afogadosfm\/","name":"Afogados FM","description":"Um site completo!","publisher":{"@id":"https:\/\/afogadosfm.com.br\/afogadosfm\/#organization"},"potentialAction":[{"@type":"SearchAction","target":{"@type":"EntryPoint","urlTemplate":"https:\/\/afogadosfm.com.br\/afogadosfm\/?s={search_term_string}"},"query-input":{"@type":"PropertyValueSpecification","valueRequired":true,"valueName":"search_term_string"}}],"inLanguage":"pt-BR"},{"@type":"Organization","@id":"https:\/\/afogadosfm.com.br\/afogadosfm\/#organization","name":"Afogados FM","url":"https:\/\/afogadosfm.com.br\/afogadosfm\/","logo":{"@type":"ImageObject","inLanguage":"pt-BR","@id":"https:\/\/afogadosfm.com.br\/afogadosfm\/#\/schema\/logo\/image\/","url":"https:\/\/i0.wp.com\/afogadosfm.com.br\/afogadosfm\/wp-content\/uploads\/2020\/06\/cropped-banner-afogados-4.jpg?fit=369%2C137&ssl=1","contentUrl":"https:\/\/i0.wp.com\/afogadosfm.com.br\/afogadosfm\/wp-content\/uploads\/2020\/06\/cropped-banner-afogados-4.jpg?fit=369%2C137&ssl=1","width":369,"height":137,"caption":"Afogados FM"},"image":{"@id":"https:\/\/afogadosfm.com.br\/afogadosfm\/#\/schema\/logo\/image\/"}},{"@type":"Person","@id":"https:\/\/afogadosfm.com.br\/afogadosfm\/#\/schema\/person\/60e56f2cf5dc960fc093fe093d9e9057","name":"afogadosfm","image":{"@type":"ImageObject","inLanguage":"pt-BR","@id":"https:\/\/secure.gravatar.com\/avatar\/e0359add7ed5dc3560906d861b52c6a8cf5c1e199d3a7dd85070998f49bd4701?s=96&d=mm&r=g","url":"https:\/\/secure.gravatar.com\/avatar\/e0359add7ed5dc3560906d861b52c6a8cf5c1e199d3a7dd85070998f49bd4701?s=96&d=mm&r=g","contentUrl":"https:\/\/secure.gravatar.com\/avatar\/e0359add7ed5dc3560906d861b52c6a8cf5c1e199d3a7dd85070998f49bd4701?s=96&d=mm&r=g","caption":"afogadosfm"},"url":"https:\/\/afogadosfm.com.br\/afogadosfm\/author\/afogadosfm\/"}]}},"jetpack_publicize_connections":[],"jetpack_featured_media_url":"https:\/\/i0.wp.com\/afogadosfm.com.br\/afogadosfm\/wp-content\/uploads\/2023\/12\/patrio.jpg?fit=1600%2C1066&ssl=1","jetpack-related-posts":[],"jetpack_sharing_enabled":true,"jetpack_likes_enabled":true,"_links":{"self":[{"href":"https:\/\/afogadosfm.com.br\/afogadosfm\/wp-json\/wp\/v2\/posts\/62705","targetHints":{"allow":["GET"]}}],"collection":[{"href":"https:\/\/afogadosfm.com.br\/afogadosfm\/wp-json\/wp\/v2\/posts"}],"about":[{"href":"https:\/\/afogadosfm.com.br\/afogadosfm\/wp-json\/wp\/v2\/types\/post"}],"author":[{"embeddable":true,"href":"https:\/\/afogadosfm.com.br\/afogadosfm\/wp-json\/wp\/v2\/users\/2"}],"replies":[{"embeddable":true,"href":"https:\/\/afogadosfm.com.br\/afogadosfm\/wp-json\/wp\/v2\/comments?post=62705"}],"version-history":[{"count":1,"href":"https:\/\/afogadosfm.com.br\/afogadosfm\/wp-json\/wp\/v2\/posts\/62705\/revisions"}],"predecessor-version":[{"id":62706,"href":"https:\/\/afogadosfm.com.br\/afogadosfm\/wp-json\/wp\/v2\/posts\/62705\/revisions\/62706"}],"wp:featuredmedia":[{"embeddable":true,"href":"https:\/\/afogadosfm.com.br\/afogadosfm\/wp-json\/wp\/v2\/media\/52814"}],"wp:attachment":[{"href":"https:\/\/afogadosfm.com.br\/afogadosfm\/wp-json\/wp\/v2\/media?parent=62705"}],"wp:term":[{"taxonomy":"category","embeddable":true,"href":"https:\/\/afogadosfm.com.br\/afogadosfm\/wp-json\/wp\/v2\/categories?post=62705"},{"taxonomy":"post_tag","embeddable":true,"href":"https:\/\/afogadosfm.com.br\/afogadosfm\/wp-json\/wp\/v2\/tags?post=62705"}],"curies":[{"name":"wp","href":"https:\/\/api.w.org\/{rel}","templated":true}]}}