{"id":62712,"date":"2025-01-18T07:33:19","date_gmt":"2025-01-18T10:33:19","guid":{"rendered":"https:\/\/afogadosfm.com.br\/afogadosfm\/?p=62712"},"modified":"2025-01-18T07:33:24","modified_gmt":"2025-01-18T10:33:24","slug":"pe-porto-de-suape-conquista-segundo-melhor-resultado-em-46-anos","status":"publish","type":"post","link":"https:\/\/afogadosfm.com.br\/afogadosfm\/2025\/01\/18\/pe-porto-de-suape-conquista-segundo-melhor-resultado-em-46-anos\/","title":{"rendered":"PE: Porto de Suape conquista segundo melhor resultado em 46 anos"},"content":{"rendered":"\n<p>O Porto de Suape contabilizou em 2024 o segundo melhor resultado em 46 anos de hist\u00f3ria, totalizando a movimenta\u00e7\u00e3o de 24,8 milh\u00f5es de toneladas, entre gran\u00e9is l\u00edquidos e s\u00f3lidos, carga conteinerizada, ve\u00edculos, entre outras.<\/p>\n\n\n\n<p>De acordo com o Anu\u00e1rio Estat\u00edstico da Ag\u00eancia Nacional de Transportes Aquavi\u00e1rios (Antaq), o atracadouro pernambucano teve crescimento de 3,6% em rela\u00e7\u00e3o ao ano anterior.<\/p>\n\n\n\n<p>Entre as variadas opera\u00e7\u00f5es que movimentaram o porto ao longo de 2024, a que mais cresceu foi a de cont\u00eaineres, com expressivo aumento de 23,4% em rela\u00e7\u00e3o a 2023. Isso se traduz em 646.804 TEUs (unidade equivalente a 20 p\u00e9s), o maior volume j\u00e1 registrado em um \u00fanico ano no Tecon Suape, que ocupa os Cais 2 e 3 do porto interno.<\/p>\n\n\n\n<p>O incremento nas opera\u00e7\u00f5es elevou o n\u00famero de atraca\u00e7\u00f5es em 7,9%, com a entrada de 1.628 embarca\u00e7\u00f5es. Nesse segmento, o porto se destacou com a chegada de navios de classe mundial New Panamax, gigantes do mar com 366 metros de comprimento, o maior a cruzar o Canal do Panam\u00e1. A estreia ocorreu em 27 de julho, com a acostagem do MSC Orion. A frequ\u00eancia semanal se consolidou em 7 de novembro, com a rota de longo curso entre a costa nordestina e Singapura, na \u00c1sia, denominada servi\u00e7o Santana.<\/p>\n\n\n\n<p>\u201cSuape mais uma vez fechou o ano com crescimento nas suas movimenta\u00e7\u00f5es, refor\u00e7ando a sua import\u00e2ncia para Pernambuco e para o Brasil. Os resultados positivos que estamos alcan\u00e7ando s\u00e3o frutos de uma pol\u00edtica adotada pela governadora Raquel Lyra de amplia\u00e7\u00e3o dos investimentos p\u00fablicos em infraestrutura portu\u00e1ria, para tornar o terminal cada vez mais competitivo, atraindo, consequentemente, novos neg\u00f3cios. Fizemos a dragagem do canal externo, estamos recuperando o molhe de prote\u00e7\u00e3o e agora vamos executar a dragagem do canal interno. Com isso, esperamos que Suape cres\u00e7a ainda mais em 2025, atraindo novos investimentos privados, gerando emprego para os pernambucanos\u201d, destaca o secret\u00e1rio de desenvolvimento econ\u00f4mico de Pernambuco, Guilherme Cavalcanti.<\/p>\n\n\n\n<p>No setor de carga geral solta, o aumento foi de 19,3% em rela\u00e7\u00e3o ao ano passado, com a movimenta\u00e7\u00e3o de 656.915 toneladas de mercadorias diversas, entre equipamentos industriais, pe\u00e7as de grande porte, produtos sider\u00fargicos e embalados em sacos, como fertilizantes e gr\u00e3os. J\u00e1 a opera\u00e7\u00e3o de gran\u00e9is s\u00f3lidos tamb\u00e9m segue em expans\u00e3o, com alta de 7,9% (1.224,022 toneladas). Trigo, cl\u00ednquer e coque de petr\u00f3leo fazem parte dessa categoria.<\/p>\n\n\n\n<p><strong>Expans\u00e3o<\/strong><\/p>\n\n\n\n<p>\u201cOs resultados de 2024 mostram que estamos na dire\u00e7\u00e3o certa. Sob a gest\u00e3o da governadora Raquel Lyra, est\u00e3o sendo tocados projetos de infraestrutura para garantir a expans\u00e3o do porto, que s\u00e3o fundamentais para o \u00eaxito das opera\u00e7\u00f5es e a melhoria exponencial dos nossos indicadores no cen\u00e1rio nacional\u201d, pontua o diretor-presidente de Suape, Marcio Guiot.<\/p>\n\n\n\n<p>Entre as grandes interven\u00e7\u00f5es que v\u00e3o impactar positivamente na movimenta\u00e7\u00e3o de carga, de acordo com o gestor da estatal portu\u00e1ria, est\u00e3o a dragagem dos canais externo (j\u00e1 conclu\u00edda) e interno (ordem de servi\u00e7o assinada em 27 de dezembro passado); e a reestrutura\u00e7\u00e3o do molhe de prote\u00e7\u00e3o (quarta e \u00faltima etapa de obras j\u00e1 em andamento).<\/p>\n\n\n\n<p>\u201cAs expectativas para este ano s\u00e3o as melhores poss\u00edveis. A conclus\u00e3o do Trem 1 da Refinaria Abreu e Lima, previsto para o primeiro semestre de 2025, por exemplo, vai gerar crescimento exponencial na movimenta\u00e7\u00e3o de petr\u00f3leo e derivados, que \u00e9 o nosso carro-chefe\u201d, comemora.<\/p>\n\n\n\n<p><strong>Ranking<\/strong><\/p>\n\n\n\n<p>Base oficial de dados do setor portu\u00e1rio, o Anu\u00e1rio da Antaq ainda n\u00e3o consolidou os diversos rankings entre os atracadouros p\u00fablicos e Terminais de Uso Privado (TUPs) do pa\u00eds. Por\u00e9m, at\u00e9 novembro de 2024, Suape mantinha a 6\u00aa posi\u00e7\u00e3o na movimenta\u00e7\u00e3o de cargas entre os portos p\u00fablicos brasileiros, al\u00e9m da lideran\u00e7a nacional na opera\u00e7\u00e3o de gran\u00e9is l\u00edquidos (14.881.829 toneladas at\u00e9 novembro) e no transporte por cabotagem (entre os portos do pa\u00eds).<\/p>\n\n\n\n<p>No Nordeste, Suape \u00e9 l\u00edder na opera\u00e7\u00e3o de cont\u00eaineres e de ve\u00edculos. Entre exporta\u00e7\u00e3o e importa\u00e7\u00e3o, o porto contabilizou, em 2024, a movimenta\u00e7\u00e3o de 80.051 unidades automotivas de modelos e fabricantes diversos. A chegada de milhares de carros el\u00e9tricos e h\u00edbridos da chinesa BYD foi um dos pontos altos do segmento. Numa grandiosa opera\u00e7\u00e3o que durou quase tr\u00eas dias, em maio de 2024, a empresa desembarcou 5.459 unidades.<\/p>\n\n\n\n<p><small>Do<\/small>\u00a0Di\u00e1rio de Pernambuco<\/p>\n","protected":false},"excerpt":{"rendered":"<p>O Porto de Suape contabilizou em 2024 o segundo melhor resultado em 46 anos de hist\u00f3ria, totalizando a movimenta\u00e7\u00e3o de<\/p>\n","protected":false},"author":2,"featured_media":62713,"comment_status":"open","ping_status":"open","sticky":false,"template":"","format":"standard","meta":{"jetpack_post_was_ever_published":false,"_jetpack_newsletter_access":"","_jetpack_dont_email_post_to_subs":false,"_jetpack_newsletter_tier_id":0,"_jetpack_memberships_contains_paywalled_content":false,"_jetpack_memberships_contains_paid_content":false,"footnotes":"","jetpack_publicize_message":"","jetpack_publicize_feature_enabled":true,"jetpack_social_post_already_shared":true,"jetpack_social_options":{"image_generator_settings":{"template":"highway","default_image_id":0,"font":"","enabled":false},"version":2}},"categories":[13],"tags":[],"class_list":["post-62712","post","type-post","status-publish","format-standard","has-post-thumbnail","hentry","category-pernambuco"],"yoast_head":"<!-- This site is optimized with the Yoast SEO plugin v27.5 - https:\/\/yoast.com\/product\/yoast-seo-wordpress\/ -->\n<title>PE: Porto de Suape conquista segundo melhor resultado em 46 anos - Afogados FM<\/title>\n<meta name=\"robots\" content=\"index, follow, max-snippet:-1, max-image-preview:large, max-video-preview:-1\" \/>\n<link rel=\"canonical\" href=\"https:\/\/afogadosfm.com.br\/afogadosfm\/2025\/01\/18\/pe-porto-de-suape-conquista-segundo-melhor-resultado-em-46-anos\/\" \/>\n<meta property=\"og:locale\" content=\"pt_BR\" \/>\n<meta property=\"og:type\" content=\"article\" \/>\n<meta property=\"og:title\" content=\"PE: Porto de Suape conquista segundo melhor resultado em 46 anos - Afogados FM\" \/>\n<meta property=\"og:description\" content=\"O Porto de Suape contabilizou em 2024 o segundo melhor resultado em 46 anos de hist\u00f3ria, totalizando a movimenta\u00e7\u00e3o de\" \/>\n<meta property=\"og:url\" content=\"https:\/\/afogadosfm.com.br\/afogadosfm\/2025\/01\/18\/pe-porto-de-suape-conquista-segundo-melhor-resultado-em-46-anos\/\" \/>\n<meta property=\"og:site_name\" content=\"Afogados FM\" \/>\n<meta property=\"article:published_time\" content=\"2025-01-18T10:33:19+00:00\" \/>\n<meta property=\"article:modified_time\" content=\"2025-01-18T10:33:24+00:00\" \/>\n<meta property=\"og:image\" content=\"https:\/\/afogadosfm.com.br\/afogadosfm\/wp-content\/uploads\/2025\/01\/SUAPE.jpg\" \/>\n\t<meta property=\"og:image:width\" content=\"400\" \/>\n\t<meta property=\"og:image:height\" content=\"266\" \/>\n\t<meta property=\"og:image:type\" content=\"image\/jpeg\" \/>\n<meta name=\"author\" content=\"afogadosfm\" \/>\n<meta name=\"twitter:card\" content=\"summary_large_image\" \/>\n<meta name=\"twitter:label1\" content=\"Escrito por\" \/>\n\t<meta name=\"twitter:data1\" content=\"afogadosfm\" \/>\n\t<meta name=\"twitter:label2\" content=\"Est. tempo de leitura\" \/>\n\t<meta name=\"twitter:data2\" content=\"4 minutos\" \/>\n<script type=\"application\/ld+json\" class=\"yoast-schema-graph\">{\"@context\":\"https:\\\/\\\/schema.org\",\"@graph\":[{\"@type\":\"Article\",\"@id\":\"https:\\\/\\\/afogadosfm.com.br\\\/afogadosfm\\\/2025\\\/01\\\/18\\\/pe-porto-de-suape-conquista-segundo-melhor-resultado-em-46-anos\\\/#article\",\"isPartOf\":{\"@id\":\"https:\\\/\\\/afogadosfm.com.br\\\/afogadosfm\\\/2025\\\/01\\\/18\\\/pe-porto-de-suape-conquista-segundo-melhor-resultado-em-46-anos\\\/\"},\"author\":{\"name\":\"afogadosfm\",\"@id\":\"https:\\\/\\\/afogadosfm.com.br\\\/afogadosfm\\\/#\\\/schema\\\/person\\\/60e56f2cf5dc960fc093fe093d9e9057\"},\"headline\":\"PE: Porto de Suape conquista segundo melhor resultado em 46 anos\",\"datePublished\":\"2025-01-18T10:33:19+00:00\",\"dateModified\":\"2025-01-18T10:33:24+00:00\",\"mainEntityOfPage\":{\"@id\":\"https:\\\/\\\/afogadosfm.com.br\\\/afogadosfm\\\/2025\\\/01\\\/18\\\/pe-porto-de-suape-conquista-segundo-melhor-resultado-em-46-anos\\\/\"},\"wordCount\":756,\"commentCount\":0,\"publisher\":{\"@id\":\"https:\\\/\\\/afogadosfm.com.br\\\/afogadosfm\\\/#organization\"},\"image\":{\"@id\":\"https:\\\/\\\/afogadosfm.com.br\\\/afogadosfm\\\/2025\\\/01\\\/18\\\/pe-porto-de-suape-conquista-segundo-melhor-resultado-em-46-anos\\\/#primaryimage\"},\"thumbnailUrl\":\"https:\\\/\\\/i0.wp.com\\\/afogadosfm.com.br\\\/afogadosfm\\\/wp-content\\\/uploads\\\/2025\\\/01\\\/SUAPE.jpg?fit=400%2C266&ssl=1\",\"articleSection\":[\"Pernambuco\"],\"inLanguage\":\"pt-BR\",\"potentialAction\":[{\"@type\":\"CommentAction\",\"name\":\"Comment\",\"target\":[\"https:\\\/\\\/afogadosfm.com.br\\\/afogadosfm\\\/2025\\\/01\\\/18\\\/pe-porto-de-suape-conquista-segundo-melhor-resultado-em-46-anos\\\/#respond\"]}]},{\"@type\":\"WebPage\",\"@id\":\"https:\\\/\\\/afogadosfm.com.br\\\/afogadosfm\\\/2025\\\/01\\\/18\\\/pe-porto-de-suape-conquista-segundo-melhor-resultado-em-46-anos\\\/\",\"url\":\"https:\\\/\\\/afogadosfm.com.br\\\/afogadosfm\\\/2025\\\/01\\\/18\\\/pe-porto-de-suape-conquista-segundo-melhor-resultado-em-46-anos\\\/\",\"name\":\"PE: Porto de Suape conquista segundo melhor resultado em 46 anos - Afogados FM\",\"isPartOf\":{\"@id\":\"https:\\\/\\\/afogadosfm.com.br\\\/afogadosfm\\\/#website\"},\"primaryImageOfPage\":{\"@id\":\"https:\\\/\\\/afogadosfm.com.br\\\/afogadosfm\\\/2025\\\/01\\\/18\\\/pe-porto-de-suape-conquista-segundo-melhor-resultado-em-46-anos\\\/#primaryimage\"},\"image\":{\"@id\":\"https:\\\/\\\/afogadosfm.com.br\\\/afogadosfm\\\/2025\\\/01\\\/18\\\/pe-porto-de-suape-conquista-segundo-melhor-resultado-em-46-anos\\\/#primaryimage\"},\"thumbnailUrl\":\"https:\\\/\\\/i0.wp.com\\\/afogadosfm.com.br\\\/afogadosfm\\\/wp-content\\\/uploads\\\/2025\\\/01\\\/SUAPE.jpg?fit=400%2C266&ssl=1\",\"datePublished\":\"2025-01-18T10:33:19+00:00\",\"dateModified\":\"2025-01-18T10:33:24+00:00\",\"breadcrumb\":{\"@id\":\"https:\\\/\\\/afogadosfm.com.br\\\/afogadosfm\\\/2025\\\/01\\\/18\\\/pe-porto-de-suape-conquista-segundo-melhor-resultado-em-46-anos\\\/#breadcrumb\"},\"inLanguage\":\"pt-BR\",\"potentialAction\":[{\"@type\":\"ReadAction\",\"target\":[\"https:\\\/\\\/afogadosfm.com.br\\\/afogadosfm\\\/2025\\\/01\\\/18\\\/pe-porto-de-suape-conquista-segundo-melhor-resultado-em-46-anos\\\/\"]}]},{\"@type\":\"ImageObject\",\"inLanguage\":\"pt-BR\",\"@id\":\"https:\\\/\\\/afogadosfm.com.br\\\/afogadosfm\\\/2025\\\/01\\\/18\\\/pe-porto-de-suape-conquista-segundo-melhor-resultado-em-46-anos\\\/#primaryimage\",\"url\":\"https:\\\/\\\/i0.wp.com\\\/afogadosfm.com.br\\\/afogadosfm\\\/wp-content\\\/uploads\\\/2025\\\/01\\\/SUAPE.jpg?fit=400%2C266&ssl=1\",\"contentUrl\":\"https:\\\/\\\/i0.wp.com\\\/afogadosfm.com.br\\\/afogadosfm\\\/wp-content\\\/uploads\\\/2025\\\/01\\\/SUAPE.jpg?fit=400%2C266&ssl=1\",\"width\":400,\"height\":266},{\"@type\":\"BreadcrumbList\",\"@id\":\"https:\\\/\\\/afogadosfm.com.br\\\/afogadosfm\\\/2025\\\/01\\\/18\\\/pe-porto-de-suape-conquista-segundo-melhor-resultado-em-46-anos\\\/#breadcrumb\",\"itemListElement\":[{\"@type\":\"ListItem\",\"position\":1,\"name\":\"In\u00edcio\",\"item\":\"https:\\\/\\\/afogadosfm.com.br\\\/afogadosfm\\\/\"},{\"@type\":\"ListItem\",\"position\":2,\"name\":\"PE: Porto de Suape conquista segundo melhor resultado em 46 anos\"}]},{\"@type\":\"WebSite\",\"@id\":\"https:\\\/\\\/afogadosfm.com.br\\\/afogadosfm\\\/#website\",\"url\":\"https:\\\/\\\/afogadosfm.com.br\\\/afogadosfm\\\/\",\"name\":\"Afogados FM\",\"description\":\"Um site completo!\",\"publisher\":{\"@id\":\"https:\\\/\\\/afogadosfm.com.br\\\/afogadosfm\\\/#organization\"},\"potentialAction\":[{\"@type\":\"SearchAction\",\"target\":{\"@type\":\"EntryPoint\",\"urlTemplate\":\"https:\\\/\\\/afogadosfm.com.br\\\/afogadosfm\\\/?s={search_term_string}\"},\"query-input\":{\"@type\":\"PropertyValueSpecification\",\"valueRequired\":true,\"valueName\":\"search_term_string\"}}],\"inLanguage\":\"pt-BR\"},{\"@type\":\"Organization\",\"@id\":\"https:\\\/\\\/afogadosfm.com.br\\\/afogadosfm\\\/#organization\",\"name\":\"Afogados FM\",\"url\":\"https:\\\/\\\/afogadosfm.com.br\\\/afogadosfm\\\/\",\"logo\":{\"@type\":\"ImageObject\",\"inLanguage\":\"pt-BR\",\"@id\":\"https:\\\/\\\/afogadosfm.com.br\\\/afogadosfm\\\/#\\\/schema\\\/logo\\\/image\\\/\",\"url\":\"https:\\\/\\\/i0.wp.com\\\/afogadosfm.com.br\\\/afogadosfm\\\/wp-content\\\/uploads\\\/2020\\\/06\\\/cropped-banner-afogados-4.jpg?fit=369%2C137&ssl=1\",\"contentUrl\":\"https:\\\/\\\/i0.wp.com\\\/afogadosfm.com.br\\\/afogadosfm\\\/wp-content\\\/uploads\\\/2020\\\/06\\\/cropped-banner-afogados-4.jpg?fit=369%2C137&ssl=1\",\"width\":369,\"height\":137,\"caption\":\"Afogados FM\"},\"image\":{\"@id\":\"https:\\\/\\\/afogadosfm.com.br\\\/afogadosfm\\\/#\\\/schema\\\/logo\\\/image\\\/\"}},{\"@type\":\"Person\",\"@id\":\"https:\\\/\\\/afogadosfm.com.br\\\/afogadosfm\\\/#\\\/schema\\\/person\\\/60e56f2cf5dc960fc093fe093d9e9057\",\"name\":\"afogadosfm\",\"image\":{\"@type\":\"ImageObject\",\"inLanguage\":\"pt-BR\",\"@id\":\"https:\\\/\\\/secure.gravatar.com\\\/avatar\\\/e0359add7ed5dc3560906d861b52c6a8cf5c1e199d3a7dd85070998f49bd4701?s=96&d=mm&r=g\",\"url\":\"https:\\\/\\\/secure.gravatar.com\\\/avatar\\\/e0359add7ed5dc3560906d861b52c6a8cf5c1e199d3a7dd85070998f49bd4701?s=96&d=mm&r=g\",\"contentUrl\":\"https:\\\/\\\/secure.gravatar.com\\\/avatar\\\/e0359add7ed5dc3560906d861b52c6a8cf5c1e199d3a7dd85070998f49bd4701?s=96&d=mm&r=g\",\"caption\":\"afogadosfm\"},\"url\":\"https:\\\/\\\/afogadosfm.com.br\\\/afogadosfm\\\/author\\\/afogadosfm\\\/\"}]}<\/script>\n<!-- \/ Yoast SEO plugin. -->","yoast_head_json":{"title":"PE: Porto de Suape conquista segundo melhor resultado em 46 anos - Afogados FM","robots":{"index":"index","follow":"follow","max-snippet":"max-snippet:-1","max-image-preview":"max-image-preview:large","max-video-preview":"max-video-preview:-1"},"canonical":"https:\/\/afogadosfm.com.br\/afogadosfm\/2025\/01\/18\/pe-porto-de-suape-conquista-segundo-melhor-resultado-em-46-anos\/","og_locale":"pt_BR","og_type":"article","og_title":"PE: Porto de Suape conquista segundo melhor resultado em 46 anos - Afogados FM","og_description":"O Porto de Suape contabilizou em 2024 o segundo melhor resultado em 46 anos de hist\u00f3ria, totalizando a movimenta\u00e7\u00e3o de","og_url":"https:\/\/afogadosfm.com.br\/afogadosfm\/2025\/01\/18\/pe-porto-de-suape-conquista-segundo-melhor-resultado-em-46-anos\/","og_site_name":"Afogados FM","article_published_time":"2025-01-18T10:33:19+00:00","article_modified_time":"2025-01-18T10:33:24+00:00","og_image":[{"width":400,"height":266,"url":"https:\/\/afogadosfm.com.br\/afogadosfm\/wp-content\/uploads\/2025\/01\/SUAPE.jpg","type":"image\/jpeg"}],"author":"afogadosfm","twitter_card":"summary_large_image","twitter_misc":{"Escrito por":"afogadosfm","Est. tempo de leitura":"4 minutos"},"schema":{"@context":"https:\/\/schema.org","@graph":[{"@type":"Article","@id":"https:\/\/afogadosfm.com.br\/afogadosfm\/2025\/01\/18\/pe-porto-de-suape-conquista-segundo-melhor-resultado-em-46-anos\/#article","isPartOf":{"@id":"https:\/\/afogadosfm.com.br\/afogadosfm\/2025\/01\/18\/pe-porto-de-suape-conquista-segundo-melhor-resultado-em-46-anos\/"},"author":{"name":"afogadosfm","@id":"https:\/\/afogadosfm.com.br\/afogadosfm\/#\/schema\/person\/60e56f2cf5dc960fc093fe093d9e9057"},"headline":"PE: Porto de Suape conquista segundo melhor resultado em 46 anos","datePublished":"2025-01-18T10:33:19+00:00","dateModified":"2025-01-18T10:33:24+00:00","mainEntityOfPage":{"@id":"https:\/\/afogadosfm.com.br\/afogadosfm\/2025\/01\/18\/pe-porto-de-suape-conquista-segundo-melhor-resultado-em-46-anos\/"},"wordCount":756,"commentCount":0,"publisher":{"@id":"https:\/\/afogadosfm.com.br\/afogadosfm\/#organization"},"image":{"@id":"https:\/\/afogadosfm.com.br\/afogadosfm\/2025\/01\/18\/pe-porto-de-suape-conquista-segundo-melhor-resultado-em-46-anos\/#primaryimage"},"thumbnailUrl":"https:\/\/i0.wp.com\/afogadosfm.com.br\/afogadosfm\/wp-content\/uploads\/2025\/01\/SUAPE.jpg?fit=400%2C266&ssl=1","articleSection":["Pernambuco"],"inLanguage":"pt-BR","potentialAction":[{"@type":"CommentAction","name":"Comment","target":["https:\/\/afogadosfm.com.br\/afogadosfm\/2025\/01\/18\/pe-porto-de-suape-conquista-segundo-melhor-resultado-em-46-anos\/#respond"]}]},{"@type":"WebPage","@id":"https:\/\/afogadosfm.com.br\/afogadosfm\/2025\/01\/18\/pe-porto-de-suape-conquista-segundo-melhor-resultado-em-46-anos\/","url":"https:\/\/afogadosfm.com.br\/afogadosfm\/2025\/01\/18\/pe-porto-de-suape-conquista-segundo-melhor-resultado-em-46-anos\/","name":"PE: Porto de Suape conquista segundo melhor resultado em 46 anos - Afogados FM","isPartOf":{"@id":"https:\/\/afogadosfm.com.br\/afogadosfm\/#website"},"primaryImageOfPage":{"@id":"https:\/\/afogadosfm.com.br\/afogadosfm\/2025\/01\/18\/pe-porto-de-suape-conquista-segundo-melhor-resultado-em-46-anos\/#primaryimage"},"image":{"@id":"https:\/\/afogadosfm.com.br\/afogadosfm\/2025\/01\/18\/pe-porto-de-suape-conquista-segundo-melhor-resultado-em-46-anos\/#primaryimage"},"thumbnailUrl":"https:\/\/i0.wp.com\/afogadosfm.com.br\/afogadosfm\/wp-content\/uploads\/2025\/01\/SUAPE.jpg?fit=400%2C266&ssl=1","datePublished":"2025-01-18T10:33:19+00:00","dateModified":"2025-01-18T10:33:24+00:00","breadcrumb":{"@id":"https:\/\/afogadosfm.com.br\/afogadosfm\/2025\/01\/18\/pe-porto-de-suape-conquista-segundo-melhor-resultado-em-46-anos\/#breadcrumb"},"inLanguage":"pt-BR","potentialAction":[{"@type":"ReadAction","target":["https:\/\/afogadosfm.com.br\/afogadosfm\/2025\/01\/18\/pe-porto-de-suape-conquista-segundo-melhor-resultado-em-46-anos\/"]}]},{"@type":"ImageObject","inLanguage":"pt-BR","@id":"https:\/\/afogadosfm.com.br\/afogadosfm\/2025\/01\/18\/pe-porto-de-suape-conquista-segundo-melhor-resultado-em-46-anos\/#primaryimage","url":"https:\/\/i0.wp.com\/afogadosfm.com.br\/afogadosfm\/wp-content\/uploads\/2025\/01\/SUAPE.jpg?fit=400%2C266&ssl=1","contentUrl":"https:\/\/i0.wp.com\/afogadosfm.com.br\/afogadosfm\/wp-content\/uploads\/2025\/01\/SUAPE.jpg?fit=400%2C266&ssl=1","width":400,"height":266},{"@type":"BreadcrumbList","@id":"https:\/\/afogadosfm.com.br\/afogadosfm\/2025\/01\/18\/pe-porto-de-suape-conquista-segundo-melhor-resultado-em-46-anos\/#breadcrumb","itemListElement":[{"@type":"ListItem","position":1,"name":"In\u00edcio","item":"https:\/\/afogadosfm.com.br\/afogadosfm\/"},{"@type":"ListItem","position":2,"name":"PE: Porto de Suape conquista segundo melhor resultado em 46 anos"}]},{"@type":"WebSite","@id":"https:\/\/afogadosfm.com.br\/afogadosfm\/#website","url":"https:\/\/afogadosfm.com.br\/afogadosfm\/","name":"Afogados FM","description":"Um site completo!","publisher":{"@id":"https:\/\/afogadosfm.com.br\/afogadosfm\/#organization"},"potentialAction":[{"@type":"SearchAction","target":{"@type":"EntryPoint","urlTemplate":"https:\/\/afogadosfm.com.br\/afogadosfm\/?s={search_term_string}"},"query-input":{"@type":"PropertyValueSpecification","valueRequired":true,"valueName":"search_term_string"}}],"inLanguage":"pt-BR"},{"@type":"Organization","@id":"https:\/\/afogadosfm.com.br\/afogadosfm\/#organization","name":"Afogados FM","url":"https:\/\/afogadosfm.com.br\/afogadosfm\/","logo":{"@type":"ImageObject","inLanguage":"pt-BR","@id":"https:\/\/afogadosfm.com.br\/afogadosfm\/#\/schema\/logo\/image\/","url":"https:\/\/i0.wp.com\/afogadosfm.com.br\/afogadosfm\/wp-content\/uploads\/2020\/06\/cropped-banner-afogados-4.jpg?fit=369%2C137&ssl=1","contentUrl":"https:\/\/i0.wp.com\/afogadosfm.com.br\/afogadosfm\/wp-content\/uploads\/2020\/06\/cropped-banner-afogados-4.jpg?fit=369%2C137&ssl=1","width":369,"height":137,"caption":"Afogados FM"},"image":{"@id":"https:\/\/afogadosfm.com.br\/afogadosfm\/#\/schema\/logo\/image\/"}},{"@type":"Person","@id":"https:\/\/afogadosfm.com.br\/afogadosfm\/#\/schema\/person\/60e56f2cf5dc960fc093fe093d9e9057","name":"afogadosfm","image":{"@type":"ImageObject","inLanguage":"pt-BR","@id":"https:\/\/secure.gravatar.com\/avatar\/e0359add7ed5dc3560906d861b52c6a8cf5c1e199d3a7dd85070998f49bd4701?s=96&d=mm&r=g","url":"https:\/\/secure.gravatar.com\/avatar\/e0359add7ed5dc3560906d861b52c6a8cf5c1e199d3a7dd85070998f49bd4701?s=96&d=mm&r=g","contentUrl":"https:\/\/secure.gravatar.com\/avatar\/e0359add7ed5dc3560906d861b52c6a8cf5c1e199d3a7dd85070998f49bd4701?s=96&d=mm&r=g","caption":"afogadosfm"},"url":"https:\/\/afogadosfm.com.br\/afogadosfm\/author\/afogadosfm\/"}]}},"jetpack_publicize_connections":[],"jetpack_featured_media_url":"https:\/\/i0.wp.com\/afogadosfm.com.br\/afogadosfm\/wp-content\/uploads\/2025\/01\/SUAPE.jpg?fit=400%2C266&ssl=1","jetpack-related-posts":[],"jetpack_sharing_enabled":true,"jetpack_likes_enabled":true,"_links":{"self":[{"href":"https:\/\/afogadosfm.com.br\/afogadosfm\/wp-json\/wp\/v2\/posts\/62712","targetHints":{"allow":["GET"]}}],"collection":[{"href":"https:\/\/afogadosfm.com.br\/afogadosfm\/wp-json\/wp\/v2\/posts"}],"about":[{"href":"https:\/\/afogadosfm.com.br\/afogadosfm\/wp-json\/wp\/v2\/types\/post"}],"author":[{"embeddable":true,"href":"https:\/\/afogadosfm.com.br\/afogadosfm\/wp-json\/wp\/v2\/users\/2"}],"replies":[{"embeddable":true,"href":"https:\/\/afogadosfm.com.br\/afogadosfm\/wp-json\/wp\/v2\/comments?post=62712"}],"version-history":[{"count":1,"href":"https:\/\/afogadosfm.com.br\/afogadosfm\/wp-json\/wp\/v2\/posts\/62712\/revisions"}],"predecessor-version":[{"id":62714,"href":"https:\/\/afogadosfm.com.br\/afogadosfm\/wp-json\/wp\/v2\/posts\/62712\/revisions\/62714"}],"wp:featuredmedia":[{"embeddable":true,"href":"https:\/\/afogadosfm.com.br\/afogadosfm\/wp-json\/wp\/v2\/media\/62713"}],"wp:attachment":[{"href":"https:\/\/afogadosfm.com.br\/afogadosfm\/wp-json\/wp\/v2\/media?parent=62712"}],"wp:term":[{"taxonomy":"category","embeddable":true,"href":"https:\/\/afogadosfm.com.br\/afogadosfm\/wp-json\/wp\/v2\/categories?post=62712"},{"taxonomy":"post_tag","embeddable":true,"href":"https:\/\/afogadosfm.com.br\/afogadosfm\/wp-json\/wp\/v2\/tags?post=62712"}],"curies":[{"name":"wp","href":"https:\/\/api.w.org\/{rel}","templated":true}]}}