{"id":62715,"date":"2025-01-18T07:35:57","date_gmt":"2025-01-18T10:35:57","guid":{"rendered":"https:\/\/afogadosfm.com.br\/afogadosfm\/?p=62715"},"modified":"2025-01-18T07:36:02","modified_gmt":"2025-01-18T10:36:02","slug":"cresce-movimento-liderado-por-anchieta-patriota-em-prol-de-marcia-e-sandrinho-palmeira-na-amupe","status":"publish","type":"post","link":"https:\/\/afogadosfm.com.br\/afogadosfm\/2025\/01\/18\/cresce-movimento-liderado-por-anchieta-patriota-em-prol-de-marcia-e-sandrinho-palmeira-na-amupe\/","title":{"rendered":"Cresce movimento liderado por Anchieta Patriota  em prol de M\u00e1rcia e Sandrinho Palmeira na AMUPE"},"content":{"rendered":"\n<p>As elei\u00e7\u00f5es para a presid\u00eancia da Associa\u00e7\u00e3o Municipalista de Pernambuco (AMUPE), marcadas para fevereiro, prometem ser palco de uma disputa que transcende os interesses municipais, envolvendo uma medi\u00e7\u00e3o de for\u00e7as entre a governadora Raquel Lyra (PSDB) e o prefeito do Recife, Jo\u00e3o Campos (PSB).<\/p>\n\n\n\n<p>Na corrida, dois nomes j\u00e1 despontam: o atual presidente e ex-prefeito de Paudalho, Marcelo Gouveia (Podemos), e o prefeito de Alian\u00e7a, Pedro Erm\u00edrio Freitas (PP), que est\u00e1 em seu primeiro mandato. Ambos integram partidos da base da governadora, evidenciando o esfor\u00e7o de Raquel em manter a presid\u00eancia da AMUPE alinhada ao seu governo.<\/p>\n\n\n\n<p>Contudo, um movimento alternativo vem ganhando corpo. Liderada pelo ex-presidente da AMUPE e ex-prefeito de Carna\u00edba, Anchieta Patriota (PSB), a iniciativa busca consolidar uma terceira via. Filiado ao PSB desde 1993, Anchieta, que \u00e9 aliado de primeira hora do prefeito do Recife, Jo\u00e3o Campos, argumenta que sua proposta n\u00e3o se limita a uma quest\u00e3o partid\u00e1ria, mas defende uma gest\u00e3o independente na AMUPE.<\/p>\n\n\n\n<p>\u201c\u00c9 o conjunto das for\u00e7as que querem uma AMUPE agindo com independ\u00eancia, respeitando todos os prefeitos e fazendo a defesa dos munic\u00edpios\u201d, declarou Anchieta, que, como ex-presidente da associa\u00e7\u00e3o, mant\u00e9m direito a voto e critica o modelo de gest\u00e3o atual.<\/p>\n\n\n\n<p>Anchieta Patriota n\u00e3o poupou cr\u00edticas \u00e0 atual administra\u00e7\u00e3o da AMUPE, destacando o sil\u00eancio da entidade em temas importantes, como o n\u00e3o pagamento de emendas impositivas pelo governo estadual. Segundo ele, dos R$ 188 milh\u00f5es destinados aos munic\u00edpios, apenas R$ 42 milh\u00f5es foram pagos at\u00e9 o final de dezembro.<\/p>\n\n\n\n<p>\u201cN\u00e3o vi a AMUPE dar um pio sobre o assunto\u201d, disparou, ressaltando a necessidade de uma atua\u00e7\u00e3o mais firme da entidade em defesa dos prefeitos e munic\u00edpios.<\/p>\n\n\n\n<p>Al\u00e9m de Marcelo Gouveia e Pedro Erm\u00edrio Freitas, a lista de poss\u00edveis candidatos come\u00e7a a se ampliar com nomes do PSB, aliados de Jo\u00e3o Campos. Entre eles est\u00e3o Ana C\u00e9lia, ex-prefeita de Surubim; Sandrinho Palmeira, prefeito de Afogados da Ingazeira; Sivaldo Albino, prefeito de Garanhuns; e M\u00e1rcia Conrado, prefeita de Serra Talhada.<\/p>\n\n\n\n<p>Do Junior Campos<\/p>\n","protected":false},"excerpt":{"rendered":"<p>As elei\u00e7\u00f5es para a presid\u00eancia da Associa\u00e7\u00e3o Municipalista de Pernambuco (AMUPE), marcadas para fevereiro, prometem ser palco de uma disputa<\/p>\n","protected":false},"author":2,"featured_media":62716,"comment_status":"open","ping_status":"open","sticky":false,"template":"","format":"standard","meta":{"jetpack_post_was_ever_published":false,"_jetpack_newsletter_access":"","_jetpack_dont_email_post_to_subs":false,"_jetpack_newsletter_tier_id":0,"_jetpack_memberships_contains_paywalled_content":false,"_jetpack_memberships_contains_paid_content":false,"footnotes":"","jetpack_publicize_message":"","jetpack_publicize_feature_enabled":true,"jetpack_social_post_already_shared":true,"jetpack_social_options":{"image_generator_settings":{"template":"highway","default_image_id":0,"font":"","enabled":false},"version":2}},"categories":[32],"tags":[],"class_list":["post-62715","post","type-post","status-publish","format-standard","has-post-thumbnail","hentry","category-sertao"],"yoast_head":"<!-- This site is optimized with the Yoast SEO plugin v27.5 - https:\/\/yoast.com\/product\/yoast-seo-wordpress\/ -->\n<title>Cresce movimento liderado por Anchieta Patriota em prol de M\u00e1rcia e Sandrinho Palmeira na AMUPE - Afogados FM<\/title>\n<meta name=\"robots\" content=\"index, follow, max-snippet:-1, max-image-preview:large, max-video-preview:-1\" \/>\n<link rel=\"canonical\" href=\"https:\/\/afogadosfm.com.br\/afogadosfm\/2025\/01\/18\/cresce-movimento-liderado-por-anchieta-patriota-em-prol-de-marcia-e-sandrinho-palmeira-na-amupe\/\" \/>\n<meta property=\"og:locale\" content=\"pt_BR\" \/>\n<meta property=\"og:type\" content=\"article\" \/>\n<meta property=\"og:title\" content=\"Cresce movimento liderado por Anchieta Patriota em prol de M\u00e1rcia e Sandrinho Palmeira na AMUPE - Afogados FM\" \/>\n<meta property=\"og:description\" content=\"As elei\u00e7\u00f5es para a presid\u00eancia da Associa\u00e7\u00e3o Municipalista de Pernambuco (AMUPE), marcadas para fevereiro, prometem ser palco de uma disputa\" \/>\n<meta property=\"og:url\" content=\"https:\/\/afogadosfm.com.br\/afogadosfm\/2025\/01\/18\/cresce-movimento-liderado-por-anchieta-patriota-em-prol-de-marcia-e-sandrinho-palmeira-na-amupe\/\" \/>\n<meta property=\"og:site_name\" content=\"Afogados FM\" \/>\n<meta property=\"article:published_time\" content=\"2025-01-18T10:35:57+00:00\" \/>\n<meta property=\"article:modified_time\" content=\"2025-01-18T10:36:02+00:00\" \/>\n<meta property=\"og:image\" content=\"https:\/\/afogadosfm.com.br\/afogadosfm\/wp-content\/uploads\/2025\/01\/img_9474-1.jpg\" \/>\n\t<meta property=\"og:image:width\" content=\"1284\" \/>\n\t<meta property=\"og:image:height\" content=\"633\" \/>\n\t<meta property=\"og:image:type\" content=\"image\/jpeg\" \/>\n<meta name=\"author\" content=\"afogadosfm\" \/>\n<meta name=\"twitter:card\" content=\"summary_large_image\" \/>\n<meta name=\"twitter:label1\" content=\"Escrito por\" \/>\n\t<meta name=\"twitter:data1\" content=\"afogadosfm\" \/>\n\t<meta name=\"twitter:label2\" content=\"Est. tempo de leitura\" \/>\n\t<meta name=\"twitter:data2\" content=\"3 minutos\" \/>\n<script type=\"application\/ld+json\" class=\"yoast-schema-graph\">{\"@context\":\"https:\\\/\\\/schema.org\",\"@graph\":[{\"@type\":\"Article\",\"@id\":\"https:\\\/\\\/afogadosfm.com.br\\\/afogadosfm\\\/2025\\\/01\\\/18\\\/cresce-movimento-liderado-por-anchieta-patriota-em-prol-de-marcia-e-sandrinho-palmeira-na-amupe\\\/#article\",\"isPartOf\":{\"@id\":\"https:\\\/\\\/afogadosfm.com.br\\\/afogadosfm\\\/2025\\\/01\\\/18\\\/cresce-movimento-liderado-por-anchieta-patriota-em-prol-de-marcia-e-sandrinho-palmeira-na-amupe\\\/\"},\"author\":{\"name\":\"afogadosfm\",\"@id\":\"https:\\\/\\\/afogadosfm.com.br\\\/afogadosfm\\\/#\\\/schema\\\/person\\\/60e56f2cf5dc960fc093fe093d9e9057\"},\"headline\":\"Cresce movimento liderado por Anchieta Patriota em prol de M\u00e1rcia e Sandrinho Palmeira na AMUPE\",\"datePublished\":\"2025-01-18T10:35:57+00:00\",\"dateModified\":\"2025-01-18T10:36:02+00:00\",\"mainEntityOfPage\":{\"@id\":\"https:\\\/\\\/afogadosfm.com.br\\\/afogadosfm\\\/2025\\\/01\\\/18\\\/cresce-movimento-liderado-por-anchieta-patriota-em-prol-de-marcia-e-sandrinho-palmeira-na-amupe\\\/\"},\"wordCount\":380,\"commentCount\":0,\"publisher\":{\"@id\":\"https:\\\/\\\/afogadosfm.com.br\\\/afogadosfm\\\/#organization\"},\"image\":{\"@id\":\"https:\\\/\\\/afogadosfm.com.br\\\/afogadosfm\\\/2025\\\/01\\\/18\\\/cresce-movimento-liderado-por-anchieta-patriota-em-prol-de-marcia-e-sandrinho-palmeira-na-amupe\\\/#primaryimage\"},\"thumbnailUrl\":\"https:\\\/\\\/i0.wp.com\\\/afogadosfm.com.br\\\/afogadosfm\\\/wp-content\\\/uploads\\\/2025\\\/01\\\/img_9474-1.jpg?fit=1284%2C633&ssl=1\",\"articleSection\":[\"Sert\u00e3o\"],\"inLanguage\":\"pt-BR\",\"potentialAction\":[{\"@type\":\"CommentAction\",\"name\":\"Comment\",\"target\":[\"https:\\\/\\\/afogadosfm.com.br\\\/afogadosfm\\\/2025\\\/01\\\/18\\\/cresce-movimento-liderado-por-anchieta-patriota-em-prol-de-marcia-e-sandrinho-palmeira-na-amupe\\\/#respond\"]}]},{\"@type\":\"WebPage\",\"@id\":\"https:\\\/\\\/afogadosfm.com.br\\\/afogadosfm\\\/2025\\\/01\\\/18\\\/cresce-movimento-liderado-por-anchieta-patriota-em-prol-de-marcia-e-sandrinho-palmeira-na-amupe\\\/\",\"url\":\"https:\\\/\\\/afogadosfm.com.br\\\/afogadosfm\\\/2025\\\/01\\\/18\\\/cresce-movimento-liderado-por-anchieta-patriota-em-prol-de-marcia-e-sandrinho-palmeira-na-amupe\\\/\",\"name\":\"Cresce movimento liderado por Anchieta Patriota em prol de M\u00e1rcia e Sandrinho Palmeira na AMUPE - Afogados FM\",\"isPartOf\":{\"@id\":\"https:\\\/\\\/afogadosfm.com.br\\\/afogadosfm\\\/#website\"},\"primaryImageOfPage\":{\"@id\":\"https:\\\/\\\/afogadosfm.com.br\\\/afogadosfm\\\/2025\\\/01\\\/18\\\/cresce-movimento-liderado-por-anchieta-patriota-em-prol-de-marcia-e-sandrinho-palmeira-na-amupe\\\/#primaryimage\"},\"image\":{\"@id\":\"https:\\\/\\\/afogadosfm.com.br\\\/afogadosfm\\\/2025\\\/01\\\/18\\\/cresce-movimento-liderado-por-anchieta-patriota-em-prol-de-marcia-e-sandrinho-palmeira-na-amupe\\\/#primaryimage\"},\"thumbnailUrl\":\"https:\\\/\\\/i0.wp.com\\\/afogadosfm.com.br\\\/afogadosfm\\\/wp-content\\\/uploads\\\/2025\\\/01\\\/img_9474-1.jpg?fit=1284%2C633&ssl=1\",\"datePublished\":\"2025-01-18T10:35:57+00:00\",\"dateModified\":\"2025-01-18T10:36:02+00:00\",\"breadcrumb\":{\"@id\":\"https:\\\/\\\/afogadosfm.com.br\\\/afogadosfm\\\/2025\\\/01\\\/18\\\/cresce-movimento-liderado-por-anchieta-patriota-em-prol-de-marcia-e-sandrinho-palmeira-na-amupe\\\/#breadcrumb\"},\"inLanguage\":\"pt-BR\",\"potentialAction\":[{\"@type\":\"ReadAction\",\"target\":[\"https:\\\/\\\/afogadosfm.com.br\\\/afogadosfm\\\/2025\\\/01\\\/18\\\/cresce-movimento-liderado-por-anchieta-patriota-em-prol-de-marcia-e-sandrinho-palmeira-na-amupe\\\/\"]}]},{\"@type\":\"ImageObject\",\"inLanguage\":\"pt-BR\",\"@id\":\"https:\\\/\\\/afogadosfm.com.br\\\/afogadosfm\\\/2025\\\/01\\\/18\\\/cresce-movimento-liderado-por-anchieta-patriota-em-prol-de-marcia-e-sandrinho-palmeira-na-amupe\\\/#primaryimage\",\"url\":\"https:\\\/\\\/i0.wp.com\\\/afogadosfm.com.br\\\/afogadosfm\\\/wp-content\\\/uploads\\\/2025\\\/01\\\/img_9474-1.jpg?fit=1284%2C633&ssl=1\",\"contentUrl\":\"https:\\\/\\\/i0.wp.com\\\/afogadosfm.com.br\\\/afogadosfm\\\/wp-content\\\/uploads\\\/2025\\\/01\\\/img_9474-1.jpg?fit=1284%2C633&ssl=1\",\"width\":1284,\"height\":633},{\"@type\":\"BreadcrumbList\",\"@id\":\"https:\\\/\\\/afogadosfm.com.br\\\/afogadosfm\\\/2025\\\/01\\\/18\\\/cresce-movimento-liderado-por-anchieta-patriota-em-prol-de-marcia-e-sandrinho-palmeira-na-amupe\\\/#breadcrumb\",\"itemListElement\":[{\"@type\":\"ListItem\",\"position\":1,\"name\":\"In\u00edcio\",\"item\":\"https:\\\/\\\/afogadosfm.com.br\\\/afogadosfm\\\/\"},{\"@type\":\"ListItem\",\"position\":2,\"name\":\"Cresce movimento liderado por Anchieta Patriota em prol de M\u00e1rcia e Sandrinho Palmeira na AMUPE\"}]},{\"@type\":\"WebSite\",\"@id\":\"https:\\\/\\\/afogadosfm.com.br\\\/afogadosfm\\\/#website\",\"url\":\"https:\\\/\\\/afogadosfm.com.br\\\/afogadosfm\\\/\",\"name\":\"Afogados FM\",\"description\":\"Um site completo!\",\"publisher\":{\"@id\":\"https:\\\/\\\/afogadosfm.com.br\\\/afogadosfm\\\/#organization\"},\"potentialAction\":[{\"@type\":\"SearchAction\",\"target\":{\"@type\":\"EntryPoint\",\"urlTemplate\":\"https:\\\/\\\/afogadosfm.com.br\\\/afogadosfm\\\/?s={search_term_string}\"},\"query-input\":{\"@type\":\"PropertyValueSpecification\",\"valueRequired\":true,\"valueName\":\"search_term_string\"}}],\"inLanguage\":\"pt-BR\"},{\"@type\":\"Organization\",\"@id\":\"https:\\\/\\\/afogadosfm.com.br\\\/afogadosfm\\\/#organization\",\"name\":\"Afogados FM\",\"url\":\"https:\\\/\\\/afogadosfm.com.br\\\/afogadosfm\\\/\",\"logo\":{\"@type\":\"ImageObject\",\"inLanguage\":\"pt-BR\",\"@id\":\"https:\\\/\\\/afogadosfm.com.br\\\/afogadosfm\\\/#\\\/schema\\\/logo\\\/image\\\/\",\"url\":\"https:\\\/\\\/i0.wp.com\\\/afogadosfm.com.br\\\/afogadosfm\\\/wp-content\\\/uploads\\\/2020\\\/06\\\/cropped-banner-afogados-4.jpg?fit=369%2C137&ssl=1\",\"contentUrl\":\"https:\\\/\\\/i0.wp.com\\\/afogadosfm.com.br\\\/afogadosfm\\\/wp-content\\\/uploads\\\/2020\\\/06\\\/cropped-banner-afogados-4.jpg?fit=369%2C137&ssl=1\",\"width\":369,\"height\":137,\"caption\":\"Afogados FM\"},\"image\":{\"@id\":\"https:\\\/\\\/afogadosfm.com.br\\\/afogadosfm\\\/#\\\/schema\\\/logo\\\/image\\\/\"}},{\"@type\":\"Person\",\"@id\":\"https:\\\/\\\/afogadosfm.com.br\\\/afogadosfm\\\/#\\\/schema\\\/person\\\/60e56f2cf5dc960fc093fe093d9e9057\",\"name\":\"afogadosfm\",\"image\":{\"@type\":\"ImageObject\",\"inLanguage\":\"pt-BR\",\"@id\":\"https:\\\/\\\/secure.gravatar.com\\\/avatar\\\/e0359add7ed5dc3560906d861b52c6a8cf5c1e199d3a7dd85070998f49bd4701?s=96&d=mm&r=g\",\"url\":\"https:\\\/\\\/secure.gravatar.com\\\/avatar\\\/e0359add7ed5dc3560906d861b52c6a8cf5c1e199d3a7dd85070998f49bd4701?s=96&d=mm&r=g\",\"contentUrl\":\"https:\\\/\\\/secure.gravatar.com\\\/avatar\\\/e0359add7ed5dc3560906d861b52c6a8cf5c1e199d3a7dd85070998f49bd4701?s=96&d=mm&r=g\",\"caption\":\"afogadosfm\"},\"url\":\"https:\\\/\\\/afogadosfm.com.br\\\/afogadosfm\\\/author\\\/afogadosfm\\\/\"}]}<\/script>\n<!-- \/ Yoast SEO plugin. -->","yoast_head_json":{"title":"Cresce movimento liderado por Anchieta Patriota em prol de M\u00e1rcia e Sandrinho Palmeira na AMUPE - Afogados FM","robots":{"index":"index","follow":"follow","max-snippet":"max-snippet:-1","max-image-preview":"max-image-preview:large","max-video-preview":"max-video-preview:-1"},"canonical":"https:\/\/afogadosfm.com.br\/afogadosfm\/2025\/01\/18\/cresce-movimento-liderado-por-anchieta-patriota-em-prol-de-marcia-e-sandrinho-palmeira-na-amupe\/","og_locale":"pt_BR","og_type":"article","og_title":"Cresce movimento liderado por Anchieta Patriota em prol de M\u00e1rcia e Sandrinho Palmeira na AMUPE - Afogados FM","og_description":"As elei\u00e7\u00f5es para a presid\u00eancia da Associa\u00e7\u00e3o Municipalista de Pernambuco (AMUPE), marcadas para fevereiro, prometem ser palco de uma disputa","og_url":"https:\/\/afogadosfm.com.br\/afogadosfm\/2025\/01\/18\/cresce-movimento-liderado-por-anchieta-patriota-em-prol-de-marcia-e-sandrinho-palmeira-na-amupe\/","og_site_name":"Afogados FM","article_published_time":"2025-01-18T10:35:57+00:00","article_modified_time":"2025-01-18T10:36:02+00:00","og_image":[{"width":1284,"height":633,"url":"https:\/\/afogadosfm.com.br\/afogadosfm\/wp-content\/uploads\/2025\/01\/img_9474-1.jpg","type":"image\/jpeg"}],"author":"afogadosfm","twitter_card":"summary_large_image","twitter_misc":{"Escrito por":"afogadosfm","Est. tempo de leitura":"3 minutos"},"schema":{"@context":"https:\/\/schema.org","@graph":[{"@type":"Article","@id":"https:\/\/afogadosfm.com.br\/afogadosfm\/2025\/01\/18\/cresce-movimento-liderado-por-anchieta-patriota-em-prol-de-marcia-e-sandrinho-palmeira-na-amupe\/#article","isPartOf":{"@id":"https:\/\/afogadosfm.com.br\/afogadosfm\/2025\/01\/18\/cresce-movimento-liderado-por-anchieta-patriota-em-prol-de-marcia-e-sandrinho-palmeira-na-amupe\/"},"author":{"name":"afogadosfm","@id":"https:\/\/afogadosfm.com.br\/afogadosfm\/#\/schema\/person\/60e56f2cf5dc960fc093fe093d9e9057"},"headline":"Cresce movimento liderado por Anchieta Patriota em prol de M\u00e1rcia e Sandrinho Palmeira na AMUPE","datePublished":"2025-01-18T10:35:57+00:00","dateModified":"2025-01-18T10:36:02+00:00","mainEntityOfPage":{"@id":"https:\/\/afogadosfm.com.br\/afogadosfm\/2025\/01\/18\/cresce-movimento-liderado-por-anchieta-patriota-em-prol-de-marcia-e-sandrinho-palmeira-na-amupe\/"},"wordCount":380,"commentCount":0,"publisher":{"@id":"https:\/\/afogadosfm.com.br\/afogadosfm\/#organization"},"image":{"@id":"https:\/\/afogadosfm.com.br\/afogadosfm\/2025\/01\/18\/cresce-movimento-liderado-por-anchieta-patriota-em-prol-de-marcia-e-sandrinho-palmeira-na-amupe\/#primaryimage"},"thumbnailUrl":"https:\/\/i0.wp.com\/afogadosfm.com.br\/afogadosfm\/wp-content\/uploads\/2025\/01\/img_9474-1.jpg?fit=1284%2C633&ssl=1","articleSection":["Sert\u00e3o"],"inLanguage":"pt-BR","potentialAction":[{"@type":"CommentAction","name":"Comment","target":["https:\/\/afogadosfm.com.br\/afogadosfm\/2025\/01\/18\/cresce-movimento-liderado-por-anchieta-patriota-em-prol-de-marcia-e-sandrinho-palmeira-na-amupe\/#respond"]}]},{"@type":"WebPage","@id":"https:\/\/afogadosfm.com.br\/afogadosfm\/2025\/01\/18\/cresce-movimento-liderado-por-anchieta-patriota-em-prol-de-marcia-e-sandrinho-palmeira-na-amupe\/","url":"https:\/\/afogadosfm.com.br\/afogadosfm\/2025\/01\/18\/cresce-movimento-liderado-por-anchieta-patriota-em-prol-de-marcia-e-sandrinho-palmeira-na-amupe\/","name":"Cresce movimento liderado por Anchieta Patriota em prol de M\u00e1rcia e Sandrinho Palmeira na AMUPE - Afogados FM","isPartOf":{"@id":"https:\/\/afogadosfm.com.br\/afogadosfm\/#website"},"primaryImageOfPage":{"@id":"https:\/\/afogadosfm.com.br\/afogadosfm\/2025\/01\/18\/cresce-movimento-liderado-por-anchieta-patriota-em-prol-de-marcia-e-sandrinho-palmeira-na-amupe\/#primaryimage"},"image":{"@id":"https:\/\/afogadosfm.com.br\/afogadosfm\/2025\/01\/18\/cresce-movimento-liderado-por-anchieta-patriota-em-prol-de-marcia-e-sandrinho-palmeira-na-amupe\/#primaryimage"},"thumbnailUrl":"https:\/\/i0.wp.com\/afogadosfm.com.br\/afogadosfm\/wp-content\/uploads\/2025\/01\/img_9474-1.jpg?fit=1284%2C633&ssl=1","datePublished":"2025-01-18T10:35:57+00:00","dateModified":"2025-01-18T10:36:02+00:00","breadcrumb":{"@id":"https:\/\/afogadosfm.com.br\/afogadosfm\/2025\/01\/18\/cresce-movimento-liderado-por-anchieta-patriota-em-prol-de-marcia-e-sandrinho-palmeira-na-amupe\/#breadcrumb"},"inLanguage":"pt-BR","potentialAction":[{"@type":"ReadAction","target":["https:\/\/afogadosfm.com.br\/afogadosfm\/2025\/01\/18\/cresce-movimento-liderado-por-anchieta-patriota-em-prol-de-marcia-e-sandrinho-palmeira-na-amupe\/"]}]},{"@type":"ImageObject","inLanguage":"pt-BR","@id":"https:\/\/afogadosfm.com.br\/afogadosfm\/2025\/01\/18\/cresce-movimento-liderado-por-anchieta-patriota-em-prol-de-marcia-e-sandrinho-palmeira-na-amupe\/#primaryimage","url":"https:\/\/i0.wp.com\/afogadosfm.com.br\/afogadosfm\/wp-content\/uploads\/2025\/01\/img_9474-1.jpg?fit=1284%2C633&ssl=1","contentUrl":"https:\/\/i0.wp.com\/afogadosfm.com.br\/afogadosfm\/wp-content\/uploads\/2025\/01\/img_9474-1.jpg?fit=1284%2C633&ssl=1","width":1284,"height":633},{"@type":"BreadcrumbList","@id":"https:\/\/afogadosfm.com.br\/afogadosfm\/2025\/01\/18\/cresce-movimento-liderado-por-anchieta-patriota-em-prol-de-marcia-e-sandrinho-palmeira-na-amupe\/#breadcrumb","itemListElement":[{"@type":"ListItem","position":1,"name":"In\u00edcio","item":"https:\/\/afogadosfm.com.br\/afogadosfm\/"},{"@type":"ListItem","position":2,"name":"Cresce movimento liderado por Anchieta Patriota em prol de M\u00e1rcia e Sandrinho Palmeira na AMUPE"}]},{"@type":"WebSite","@id":"https:\/\/afogadosfm.com.br\/afogadosfm\/#website","url":"https:\/\/afogadosfm.com.br\/afogadosfm\/","name":"Afogados FM","description":"Um site completo!","publisher":{"@id":"https:\/\/afogadosfm.com.br\/afogadosfm\/#organization"},"potentialAction":[{"@type":"SearchAction","target":{"@type":"EntryPoint","urlTemplate":"https:\/\/afogadosfm.com.br\/afogadosfm\/?s={search_term_string}"},"query-input":{"@type":"PropertyValueSpecification","valueRequired":true,"valueName":"search_term_string"}}],"inLanguage":"pt-BR"},{"@type":"Organization","@id":"https:\/\/afogadosfm.com.br\/afogadosfm\/#organization","name":"Afogados FM","url":"https:\/\/afogadosfm.com.br\/afogadosfm\/","logo":{"@type":"ImageObject","inLanguage":"pt-BR","@id":"https:\/\/afogadosfm.com.br\/afogadosfm\/#\/schema\/logo\/image\/","url":"https:\/\/i0.wp.com\/afogadosfm.com.br\/afogadosfm\/wp-content\/uploads\/2020\/06\/cropped-banner-afogados-4.jpg?fit=369%2C137&ssl=1","contentUrl":"https:\/\/i0.wp.com\/afogadosfm.com.br\/afogadosfm\/wp-content\/uploads\/2020\/06\/cropped-banner-afogados-4.jpg?fit=369%2C137&ssl=1","width":369,"height":137,"caption":"Afogados FM"},"image":{"@id":"https:\/\/afogadosfm.com.br\/afogadosfm\/#\/schema\/logo\/image\/"}},{"@type":"Person","@id":"https:\/\/afogadosfm.com.br\/afogadosfm\/#\/schema\/person\/60e56f2cf5dc960fc093fe093d9e9057","name":"afogadosfm","image":{"@type":"ImageObject","inLanguage":"pt-BR","@id":"https:\/\/secure.gravatar.com\/avatar\/e0359add7ed5dc3560906d861b52c6a8cf5c1e199d3a7dd85070998f49bd4701?s=96&d=mm&r=g","url":"https:\/\/secure.gravatar.com\/avatar\/e0359add7ed5dc3560906d861b52c6a8cf5c1e199d3a7dd85070998f49bd4701?s=96&d=mm&r=g","contentUrl":"https:\/\/secure.gravatar.com\/avatar\/e0359add7ed5dc3560906d861b52c6a8cf5c1e199d3a7dd85070998f49bd4701?s=96&d=mm&r=g","caption":"afogadosfm"},"url":"https:\/\/afogadosfm.com.br\/afogadosfm\/author\/afogadosfm\/"}]}},"jetpack_publicize_connections":[],"jetpack_featured_media_url":"https:\/\/i0.wp.com\/afogadosfm.com.br\/afogadosfm\/wp-content\/uploads\/2025\/01\/img_9474-1.jpg?fit=1284%2C633&ssl=1","jetpack-related-posts":[],"jetpack_sharing_enabled":true,"jetpack_likes_enabled":true,"_links":{"self":[{"href":"https:\/\/afogadosfm.com.br\/afogadosfm\/wp-json\/wp\/v2\/posts\/62715","targetHints":{"allow":["GET"]}}],"collection":[{"href":"https:\/\/afogadosfm.com.br\/afogadosfm\/wp-json\/wp\/v2\/posts"}],"about":[{"href":"https:\/\/afogadosfm.com.br\/afogadosfm\/wp-json\/wp\/v2\/types\/post"}],"author":[{"embeddable":true,"href":"https:\/\/afogadosfm.com.br\/afogadosfm\/wp-json\/wp\/v2\/users\/2"}],"replies":[{"embeddable":true,"href":"https:\/\/afogadosfm.com.br\/afogadosfm\/wp-json\/wp\/v2\/comments?post=62715"}],"version-history":[{"count":1,"href":"https:\/\/afogadosfm.com.br\/afogadosfm\/wp-json\/wp\/v2\/posts\/62715\/revisions"}],"predecessor-version":[{"id":62717,"href":"https:\/\/afogadosfm.com.br\/afogadosfm\/wp-json\/wp\/v2\/posts\/62715\/revisions\/62717"}],"wp:featuredmedia":[{"embeddable":true,"href":"https:\/\/afogadosfm.com.br\/afogadosfm\/wp-json\/wp\/v2\/media\/62716"}],"wp:attachment":[{"href":"https:\/\/afogadosfm.com.br\/afogadosfm\/wp-json\/wp\/v2\/media?parent=62715"}],"wp:term":[{"taxonomy":"category","embeddable":true,"href":"https:\/\/afogadosfm.com.br\/afogadosfm\/wp-json\/wp\/v2\/categories?post=62715"},{"taxonomy":"post_tag","embeddable":true,"href":"https:\/\/afogadosfm.com.br\/afogadosfm\/wp-json\/wp\/v2\/tags?post=62715"}],"curies":[{"name":"wp","href":"https:\/\/api.w.org\/{rel}","templated":true}]}}