{"id":62722,"date":"2025-01-18T07:52:06","date_gmt":"2025-01-18T10:52:06","guid":{"rendered":"https:\/\/afogadosfm.com.br\/afogadosfm\/?p=62722"},"modified":"2025-01-18T07:52:12","modified_gmt":"2025-01-18T10:52:12","slug":"pix-procon-pe-alerta-consumidores-a-denunciar-cobranca-extra","status":"publish","type":"post","link":"https:\/\/afogadosfm.com.br\/afogadosfm\/2025\/01\/18\/pix-procon-pe-alerta-consumidores-a-denunciar-cobranca-extra\/","title":{"rendered":"PIX: Procon-PE alerta consumidores a denunciar cobran\u00e7a extra"},"content":{"rendered":"\n<p>Diante de uma onda de fake news de que o Pix passaria a ser taxado, o Procon-PE alerta que os consumidores devem denunciar qualquer tipo de cobran\u00e7a extra no pagamento dessa modalidade. Na \u00faltima quinta-feira (16), o governo federal publicou uma Medida Provis\u00f3ria (MP) que equipara o dinheiro em esp\u00e9cie ao Pix e pro\u00edbe a cobran\u00e7a de taxa nessa forma de pagamento.&nbsp;<\/p>\n\n\n\n<p>Com isso, os estabelecimentos que forem flagrados cobrando taxa extra no pagamento do Pix devem ser punidos por infra\u00e7\u00e3o e pagar multa. De acordo com o Procon-PE, o artigo 39 do C\u00f3digo de Defesa do Consumidor tamb\u00e9m pro\u00edbe essa pr\u00e1tica.&nbsp;<\/p>\n\n\n\n<p><strong>Desinforma\u00e7\u00e3o tem influenciado fraudes<\/strong><\/p>\n\n\n\n<p>O fot\u00f3grafo Francisco Silva, de 29 anos, na \u00faltima quarta-feira (15), passou pela situa\u00e7\u00e3o em um restaurante self-service no bairro de \u00c1gua Fria, na Zona Norte do Recife. \u201cQuando eu cheguei no estabelecimento, eles j\u00e1 perguntaram qual seria o tipo de pagamento, a\u00ed eu falei que seria no Pix, ent\u00e3o me avisaram que seria cobrado 10%, e eu perguntei o motivo. Ent\u00e3o a atendente respondeu que eles resolveram cobrar porque o governo \u2018vai come\u00e7ar a taxar\u2019. Como eu n\u00e3o queria voltar para casa, acabei ficando l\u00e1 e paguei os 10% a mais. Al\u00e9m disso, no d\u00e9bito eles tamb\u00e9m estavam cobrando 10%, s\u00f3 no valor em esp\u00e9cie, que era o normal\u201d, relata.&nbsp;Play Video<\/p>\n\n\n\n<p>O gerente jur\u00eddico do Procon-PE, Ant\u00f4nio Carlos, destaca que a recente onda de desinforma\u00e7\u00e3o e fake news sobre o tema, tem aumentado gerado d\u00favidas na popula\u00e7\u00e3o. \u201cOs consumidores chegam aqui com outras demandas e sempre perguntam sobre a possibilidade de cobran\u00e7a da taxa de 10% no pagamento via Pix e n\u00f3s avisamos que essa pr\u00e1tica \u00e9 proibida\u201d, afirma.<\/p>\n\n\n\n<p>De acordo com Ant\u00f4nio Carlos, muito antes da Medida Provis\u00f3ria do Governo Federal ser publicada, a pr\u00e1tica de taxa\u00e7\u00e3o do Pix j\u00e1 era considerada abusiva pelo C\u00f3digo de Defesa do Consumidor. \u201cEla fere o artigo 39, da Lei 8.078. Nenhum comerciante ou fornecedor de servi\u00e7os pode acrescentar, por menor que seja o valor, uma taxa quando o consumidor tiver interesse em realizar seu pagamento via Pix\u201d, disse.<\/p>\n\n\n\n<p><strong>Como denunciar?<\/strong><\/p>\n\n\n\n<p>O consumidor que se deparar com a cobran\u00e7a extra no pagamento via Pix deve fazer a den\u00fancia ao Procon, alerta o gerente jur\u00eddico do Procon-PE. \u201cCaso ele identifique esse tipo de pr\u00e1tica, por qualquer estabelecimento que seja, do menor ao maior, ele pode denunciar presencialmente na nossa sede, que fica na Rua Floriano Peixoto, n\u00famero 141, no bairro de Santo Ant\u00f4nio, no Recife. Tamb\u00e9m temos o atendimento pelo 0800 282 1512, que est\u00e1 servindo tamb\u00e9m para tirar d\u00favidas dos consumidores e o e-mail: denuncia@procon.pe.gov.br para receber den\u00fancias\u201d.&nbsp;<\/p>\n\n\n\n<p>Caso o consumidor n\u00e3o queira se identificar, a den\u00fancia pode tamb\u00e9m ser feita de forma an\u00f4nima. \u201cN\u00f3s vamos encaminhar uma equipe de fiscaliza\u00e7\u00e3o para verificar presencialmente se est\u00e1 havendo essa situa\u00e7\u00e3o no estabelecimento e, se o consumidor desejar, ele pode trazer a nota fiscal comprovando que houve uma rela\u00e7\u00e3o comercial entre o consumidor e o fornecedor e mostrar que ali est\u00e1 embutido o valor indevido referente \u00e0 taxa de Pix\u201d, orienta Ant\u00f4nio Carlos.&nbsp;<\/p>\n\n\n\n<p>O gerente jur\u00eddico do Procon-PE detalha ainda que, feito isso, ser\u00e1 aberto um procedimento administrativo contra o estabelecimento e ele ter\u00e1 o direito de ampla defesa. Por\u00e9m, se for comprovada a pr\u00e1tica, o infrator ter\u00e1 que pagar uma multa, que vai de acordo com o porte da empresa e a quantidade de vezes que a cobran\u00e7a indevida foi realizada.&nbsp;<\/p>\n\n\n\n<p><strong>Entenda a pol\u00eamica do Pix<\/strong><\/p>\n\n\n\n<p>O Governo Federal revogou, na \u00faltima quarta-feira (15), a Instru\u00e7\u00e3o Normativa 2.219\/2024, que entrou em vigor no dia 1\u00ba de janeiro com o objetivo de aumentar a fiscaliza\u00e7\u00e3o de pagamentos via Pix acima de R$ 5 mil por m\u00eas, feita por pessoas f\u00edsicas. A decis\u00e3o ocorreu porque a medida causou pol\u00eamica e dissemina\u00e7\u00e3o de not\u00edcias falsas sobre uma poss\u00edvel taxa\u00e7\u00e3o do Pix.&nbsp;<\/p>\n","protected":false},"excerpt":{"rendered":"<p>Diante de uma onda de fake news de que o Pix passaria a ser taxado, o Procon-PE alerta que os<\/p>\n","protected":false},"author":2,"featured_media":31306,"comment_status":"open","ping_status":"open","sticky":false,"template":"","format":"standard","meta":{"jetpack_post_was_ever_published":false,"_jetpack_newsletter_access":"","_jetpack_dont_email_post_to_subs":false,"_jetpack_newsletter_tier_id":0,"_jetpack_memberships_contains_paywalled_content":false,"_jetpack_memberships_contains_paid_content":false,"footnotes":"","jetpack_publicize_message":"","jetpack_publicize_feature_enabled":true,"jetpack_social_post_already_shared":true,"jetpack_social_options":{"image_generator_settings":{"template":"highway","default_image_id":0,"font":"","enabled":false},"version":2}},"categories":[13],"tags":[],"class_list":["post-62722","post","type-post","status-publish","format-standard","has-post-thumbnail","hentry","category-pernambuco"],"yoast_head":"<!-- This site is optimized with the Yoast SEO plugin v27.5 - https:\/\/yoast.com\/product\/yoast-seo-wordpress\/ -->\n<title>PIX: Procon-PE alerta consumidores a denunciar cobran\u00e7a extra - Afogados FM<\/title>\n<meta name=\"robots\" content=\"index, follow, max-snippet:-1, max-image-preview:large, max-video-preview:-1\" \/>\n<link rel=\"canonical\" href=\"https:\/\/afogadosfm.com.br\/afogadosfm\/2025\/01\/18\/pix-procon-pe-alerta-consumidores-a-denunciar-cobranca-extra\/\" \/>\n<meta property=\"og:locale\" content=\"pt_BR\" \/>\n<meta property=\"og:type\" content=\"article\" \/>\n<meta property=\"og:title\" content=\"PIX: Procon-PE alerta consumidores a denunciar cobran\u00e7a extra - Afogados FM\" \/>\n<meta property=\"og:description\" content=\"Diante de uma onda de fake news de que o Pix passaria a ser taxado, o Procon-PE alerta que os\" \/>\n<meta property=\"og:url\" content=\"https:\/\/afogadosfm.com.br\/afogadosfm\/2025\/01\/18\/pix-procon-pe-alerta-consumidores-a-denunciar-cobranca-extra\/\" \/>\n<meta property=\"og:site_name\" content=\"Afogados FM\" \/>\n<meta property=\"article:published_time\" content=\"2025-01-18T10:52:06+00:00\" \/>\n<meta property=\"article:modified_time\" content=\"2025-01-18T10:52:12+00:00\" \/>\n<meta property=\"og:image\" content=\"https:\/\/afogadosfm.com.br\/afogadosfm\/wp-content\/uploads\/2021\/10\/pix.jpg\" \/>\n\t<meta property=\"og:image:width\" content=\"1100\" \/>\n\t<meta property=\"og:image:height\" content=\"984\" \/>\n\t<meta property=\"og:image:type\" content=\"image\/jpeg\" \/>\n<meta name=\"author\" content=\"afogadosfm\" \/>\n<meta name=\"twitter:card\" content=\"summary_large_image\" \/>\n<meta name=\"twitter:label1\" content=\"Escrito por\" \/>\n\t<meta name=\"twitter:data1\" content=\"afogadosfm\" \/>\n\t<meta name=\"twitter:label2\" content=\"Est. tempo de leitura\" \/>\n\t<meta name=\"twitter:data2\" content=\"4 minutos\" \/>\n<script type=\"application\/ld+json\" class=\"yoast-schema-graph\">{\"@context\":\"https:\\\/\\\/schema.org\",\"@graph\":[{\"@type\":\"Article\",\"@id\":\"https:\\\/\\\/afogadosfm.com.br\\\/afogadosfm\\\/2025\\\/01\\\/18\\\/pix-procon-pe-alerta-consumidores-a-denunciar-cobranca-extra\\\/#article\",\"isPartOf\":{\"@id\":\"https:\\\/\\\/afogadosfm.com.br\\\/afogadosfm\\\/2025\\\/01\\\/18\\\/pix-procon-pe-alerta-consumidores-a-denunciar-cobranca-extra\\\/\"},\"author\":{\"name\":\"afogadosfm\",\"@id\":\"https:\\\/\\\/afogadosfm.com.br\\\/afogadosfm\\\/#\\\/schema\\\/person\\\/60e56f2cf5dc960fc093fe093d9e9057\"},\"headline\":\"PIX: Procon-PE alerta consumidores a denunciar cobran\u00e7a extra\",\"datePublished\":\"2025-01-18T10:52:06+00:00\",\"dateModified\":\"2025-01-18T10:52:12+00:00\",\"mainEntityOfPage\":{\"@id\":\"https:\\\/\\\/afogadosfm.com.br\\\/afogadosfm\\\/2025\\\/01\\\/18\\\/pix-procon-pe-alerta-consumidores-a-denunciar-cobranca-extra\\\/\"},\"wordCount\":701,\"commentCount\":0,\"publisher\":{\"@id\":\"https:\\\/\\\/afogadosfm.com.br\\\/afogadosfm\\\/#organization\"},\"image\":{\"@id\":\"https:\\\/\\\/afogadosfm.com.br\\\/afogadosfm\\\/2025\\\/01\\\/18\\\/pix-procon-pe-alerta-consumidores-a-denunciar-cobranca-extra\\\/#primaryimage\"},\"thumbnailUrl\":\"https:\\\/\\\/i0.wp.com\\\/afogadosfm.com.br\\\/afogadosfm\\\/wp-content\\\/uploads\\\/2021\\\/10\\\/pix.jpg?fit=1100%2C984&ssl=1\",\"articleSection\":[\"Pernambuco\"],\"inLanguage\":\"pt-BR\",\"potentialAction\":[{\"@type\":\"CommentAction\",\"name\":\"Comment\",\"target\":[\"https:\\\/\\\/afogadosfm.com.br\\\/afogadosfm\\\/2025\\\/01\\\/18\\\/pix-procon-pe-alerta-consumidores-a-denunciar-cobranca-extra\\\/#respond\"]}]},{\"@type\":\"WebPage\",\"@id\":\"https:\\\/\\\/afogadosfm.com.br\\\/afogadosfm\\\/2025\\\/01\\\/18\\\/pix-procon-pe-alerta-consumidores-a-denunciar-cobranca-extra\\\/\",\"url\":\"https:\\\/\\\/afogadosfm.com.br\\\/afogadosfm\\\/2025\\\/01\\\/18\\\/pix-procon-pe-alerta-consumidores-a-denunciar-cobranca-extra\\\/\",\"name\":\"PIX: Procon-PE alerta consumidores a denunciar cobran\u00e7a extra - Afogados FM\",\"isPartOf\":{\"@id\":\"https:\\\/\\\/afogadosfm.com.br\\\/afogadosfm\\\/#website\"},\"primaryImageOfPage\":{\"@id\":\"https:\\\/\\\/afogadosfm.com.br\\\/afogadosfm\\\/2025\\\/01\\\/18\\\/pix-procon-pe-alerta-consumidores-a-denunciar-cobranca-extra\\\/#primaryimage\"},\"image\":{\"@id\":\"https:\\\/\\\/afogadosfm.com.br\\\/afogadosfm\\\/2025\\\/01\\\/18\\\/pix-procon-pe-alerta-consumidores-a-denunciar-cobranca-extra\\\/#primaryimage\"},\"thumbnailUrl\":\"https:\\\/\\\/i0.wp.com\\\/afogadosfm.com.br\\\/afogadosfm\\\/wp-content\\\/uploads\\\/2021\\\/10\\\/pix.jpg?fit=1100%2C984&ssl=1\",\"datePublished\":\"2025-01-18T10:52:06+00:00\",\"dateModified\":\"2025-01-18T10:52:12+00:00\",\"breadcrumb\":{\"@id\":\"https:\\\/\\\/afogadosfm.com.br\\\/afogadosfm\\\/2025\\\/01\\\/18\\\/pix-procon-pe-alerta-consumidores-a-denunciar-cobranca-extra\\\/#breadcrumb\"},\"inLanguage\":\"pt-BR\",\"potentialAction\":[{\"@type\":\"ReadAction\",\"target\":[\"https:\\\/\\\/afogadosfm.com.br\\\/afogadosfm\\\/2025\\\/01\\\/18\\\/pix-procon-pe-alerta-consumidores-a-denunciar-cobranca-extra\\\/\"]}]},{\"@type\":\"ImageObject\",\"inLanguage\":\"pt-BR\",\"@id\":\"https:\\\/\\\/afogadosfm.com.br\\\/afogadosfm\\\/2025\\\/01\\\/18\\\/pix-procon-pe-alerta-consumidores-a-denunciar-cobranca-extra\\\/#primaryimage\",\"url\":\"https:\\\/\\\/i0.wp.com\\\/afogadosfm.com.br\\\/afogadosfm\\\/wp-content\\\/uploads\\\/2021\\\/10\\\/pix.jpg?fit=1100%2C984&ssl=1\",\"contentUrl\":\"https:\\\/\\\/i0.wp.com\\\/afogadosfm.com.br\\\/afogadosfm\\\/wp-content\\\/uploads\\\/2021\\\/10\\\/pix.jpg?fit=1100%2C984&ssl=1\",\"width\":1100,\"height\":984},{\"@type\":\"BreadcrumbList\",\"@id\":\"https:\\\/\\\/afogadosfm.com.br\\\/afogadosfm\\\/2025\\\/01\\\/18\\\/pix-procon-pe-alerta-consumidores-a-denunciar-cobranca-extra\\\/#breadcrumb\",\"itemListElement\":[{\"@type\":\"ListItem\",\"position\":1,\"name\":\"In\u00edcio\",\"item\":\"https:\\\/\\\/afogadosfm.com.br\\\/afogadosfm\\\/\"},{\"@type\":\"ListItem\",\"position\":2,\"name\":\"PIX: Procon-PE alerta consumidores a denunciar cobran\u00e7a extra\"}]},{\"@type\":\"WebSite\",\"@id\":\"https:\\\/\\\/afogadosfm.com.br\\\/afogadosfm\\\/#website\",\"url\":\"https:\\\/\\\/afogadosfm.com.br\\\/afogadosfm\\\/\",\"name\":\"Afogados FM\",\"description\":\"Um site completo!\",\"publisher\":{\"@id\":\"https:\\\/\\\/afogadosfm.com.br\\\/afogadosfm\\\/#organization\"},\"potentialAction\":[{\"@type\":\"SearchAction\",\"target\":{\"@type\":\"EntryPoint\",\"urlTemplate\":\"https:\\\/\\\/afogadosfm.com.br\\\/afogadosfm\\\/?s={search_term_string}\"},\"query-input\":{\"@type\":\"PropertyValueSpecification\",\"valueRequired\":true,\"valueName\":\"search_term_string\"}}],\"inLanguage\":\"pt-BR\"},{\"@type\":\"Organization\",\"@id\":\"https:\\\/\\\/afogadosfm.com.br\\\/afogadosfm\\\/#organization\",\"name\":\"Afogados FM\",\"url\":\"https:\\\/\\\/afogadosfm.com.br\\\/afogadosfm\\\/\",\"logo\":{\"@type\":\"ImageObject\",\"inLanguage\":\"pt-BR\",\"@id\":\"https:\\\/\\\/afogadosfm.com.br\\\/afogadosfm\\\/#\\\/schema\\\/logo\\\/image\\\/\",\"url\":\"https:\\\/\\\/i0.wp.com\\\/afogadosfm.com.br\\\/afogadosfm\\\/wp-content\\\/uploads\\\/2020\\\/06\\\/cropped-banner-afogados-4.jpg?fit=369%2C137&ssl=1\",\"contentUrl\":\"https:\\\/\\\/i0.wp.com\\\/afogadosfm.com.br\\\/afogadosfm\\\/wp-content\\\/uploads\\\/2020\\\/06\\\/cropped-banner-afogados-4.jpg?fit=369%2C137&ssl=1\",\"width\":369,\"height\":137,\"caption\":\"Afogados FM\"},\"image\":{\"@id\":\"https:\\\/\\\/afogadosfm.com.br\\\/afogadosfm\\\/#\\\/schema\\\/logo\\\/image\\\/\"}},{\"@type\":\"Person\",\"@id\":\"https:\\\/\\\/afogadosfm.com.br\\\/afogadosfm\\\/#\\\/schema\\\/person\\\/60e56f2cf5dc960fc093fe093d9e9057\",\"name\":\"afogadosfm\",\"image\":{\"@type\":\"ImageObject\",\"inLanguage\":\"pt-BR\",\"@id\":\"https:\\\/\\\/secure.gravatar.com\\\/avatar\\\/e0359add7ed5dc3560906d861b52c6a8cf5c1e199d3a7dd85070998f49bd4701?s=96&d=mm&r=g\",\"url\":\"https:\\\/\\\/secure.gravatar.com\\\/avatar\\\/e0359add7ed5dc3560906d861b52c6a8cf5c1e199d3a7dd85070998f49bd4701?s=96&d=mm&r=g\",\"contentUrl\":\"https:\\\/\\\/secure.gravatar.com\\\/avatar\\\/e0359add7ed5dc3560906d861b52c6a8cf5c1e199d3a7dd85070998f49bd4701?s=96&d=mm&r=g\",\"caption\":\"afogadosfm\"},\"url\":\"https:\\\/\\\/afogadosfm.com.br\\\/afogadosfm\\\/author\\\/afogadosfm\\\/\"}]}<\/script>\n<!-- \/ Yoast SEO plugin. -->","yoast_head_json":{"title":"PIX: Procon-PE alerta consumidores a denunciar cobran\u00e7a extra - Afogados FM","robots":{"index":"index","follow":"follow","max-snippet":"max-snippet:-1","max-image-preview":"max-image-preview:large","max-video-preview":"max-video-preview:-1"},"canonical":"https:\/\/afogadosfm.com.br\/afogadosfm\/2025\/01\/18\/pix-procon-pe-alerta-consumidores-a-denunciar-cobranca-extra\/","og_locale":"pt_BR","og_type":"article","og_title":"PIX: Procon-PE alerta consumidores a denunciar cobran\u00e7a extra - Afogados FM","og_description":"Diante de uma onda de fake news de que o Pix passaria a ser taxado, o Procon-PE alerta que os","og_url":"https:\/\/afogadosfm.com.br\/afogadosfm\/2025\/01\/18\/pix-procon-pe-alerta-consumidores-a-denunciar-cobranca-extra\/","og_site_name":"Afogados FM","article_published_time":"2025-01-18T10:52:06+00:00","article_modified_time":"2025-01-18T10:52:12+00:00","og_image":[{"width":1100,"height":984,"url":"https:\/\/afogadosfm.com.br\/afogadosfm\/wp-content\/uploads\/2021\/10\/pix.jpg","type":"image\/jpeg"}],"author":"afogadosfm","twitter_card":"summary_large_image","twitter_misc":{"Escrito por":"afogadosfm","Est. tempo de leitura":"4 minutos"},"schema":{"@context":"https:\/\/schema.org","@graph":[{"@type":"Article","@id":"https:\/\/afogadosfm.com.br\/afogadosfm\/2025\/01\/18\/pix-procon-pe-alerta-consumidores-a-denunciar-cobranca-extra\/#article","isPartOf":{"@id":"https:\/\/afogadosfm.com.br\/afogadosfm\/2025\/01\/18\/pix-procon-pe-alerta-consumidores-a-denunciar-cobranca-extra\/"},"author":{"name":"afogadosfm","@id":"https:\/\/afogadosfm.com.br\/afogadosfm\/#\/schema\/person\/60e56f2cf5dc960fc093fe093d9e9057"},"headline":"PIX: Procon-PE alerta consumidores a denunciar cobran\u00e7a extra","datePublished":"2025-01-18T10:52:06+00:00","dateModified":"2025-01-18T10:52:12+00:00","mainEntityOfPage":{"@id":"https:\/\/afogadosfm.com.br\/afogadosfm\/2025\/01\/18\/pix-procon-pe-alerta-consumidores-a-denunciar-cobranca-extra\/"},"wordCount":701,"commentCount":0,"publisher":{"@id":"https:\/\/afogadosfm.com.br\/afogadosfm\/#organization"},"image":{"@id":"https:\/\/afogadosfm.com.br\/afogadosfm\/2025\/01\/18\/pix-procon-pe-alerta-consumidores-a-denunciar-cobranca-extra\/#primaryimage"},"thumbnailUrl":"https:\/\/i0.wp.com\/afogadosfm.com.br\/afogadosfm\/wp-content\/uploads\/2021\/10\/pix.jpg?fit=1100%2C984&ssl=1","articleSection":["Pernambuco"],"inLanguage":"pt-BR","potentialAction":[{"@type":"CommentAction","name":"Comment","target":["https:\/\/afogadosfm.com.br\/afogadosfm\/2025\/01\/18\/pix-procon-pe-alerta-consumidores-a-denunciar-cobranca-extra\/#respond"]}]},{"@type":"WebPage","@id":"https:\/\/afogadosfm.com.br\/afogadosfm\/2025\/01\/18\/pix-procon-pe-alerta-consumidores-a-denunciar-cobranca-extra\/","url":"https:\/\/afogadosfm.com.br\/afogadosfm\/2025\/01\/18\/pix-procon-pe-alerta-consumidores-a-denunciar-cobranca-extra\/","name":"PIX: Procon-PE alerta consumidores a denunciar cobran\u00e7a extra - Afogados FM","isPartOf":{"@id":"https:\/\/afogadosfm.com.br\/afogadosfm\/#website"},"primaryImageOfPage":{"@id":"https:\/\/afogadosfm.com.br\/afogadosfm\/2025\/01\/18\/pix-procon-pe-alerta-consumidores-a-denunciar-cobranca-extra\/#primaryimage"},"image":{"@id":"https:\/\/afogadosfm.com.br\/afogadosfm\/2025\/01\/18\/pix-procon-pe-alerta-consumidores-a-denunciar-cobranca-extra\/#primaryimage"},"thumbnailUrl":"https:\/\/i0.wp.com\/afogadosfm.com.br\/afogadosfm\/wp-content\/uploads\/2021\/10\/pix.jpg?fit=1100%2C984&ssl=1","datePublished":"2025-01-18T10:52:06+00:00","dateModified":"2025-01-18T10:52:12+00:00","breadcrumb":{"@id":"https:\/\/afogadosfm.com.br\/afogadosfm\/2025\/01\/18\/pix-procon-pe-alerta-consumidores-a-denunciar-cobranca-extra\/#breadcrumb"},"inLanguage":"pt-BR","potentialAction":[{"@type":"ReadAction","target":["https:\/\/afogadosfm.com.br\/afogadosfm\/2025\/01\/18\/pix-procon-pe-alerta-consumidores-a-denunciar-cobranca-extra\/"]}]},{"@type":"ImageObject","inLanguage":"pt-BR","@id":"https:\/\/afogadosfm.com.br\/afogadosfm\/2025\/01\/18\/pix-procon-pe-alerta-consumidores-a-denunciar-cobranca-extra\/#primaryimage","url":"https:\/\/i0.wp.com\/afogadosfm.com.br\/afogadosfm\/wp-content\/uploads\/2021\/10\/pix.jpg?fit=1100%2C984&ssl=1","contentUrl":"https:\/\/i0.wp.com\/afogadosfm.com.br\/afogadosfm\/wp-content\/uploads\/2021\/10\/pix.jpg?fit=1100%2C984&ssl=1","width":1100,"height":984},{"@type":"BreadcrumbList","@id":"https:\/\/afogadosfm.com.br\/afogadosfm\/2025\/01\/18\/pix-procon-pe-alerta-consumidores-a-denunciar-cobranca-extra\/#breadcrumb","itemListElement":[{"@type":"ListItem","position":1,"name":"In\u00edcio","item":"https:\/\/afogadosfm.com.br\/afogadosfm\/"},{"@type":"ListItem","position":2,"name":"PIX: Procon-PE alerta consumidores a denunciar cobran\u00e7a extra"}]},{"@type":"WebSite","@id":"https:\/\/afogadosfm.com.br\/afogadosfm\/#website","url":"https:\/\/afogadosfm.com.br\/afogadosfm\/","name":"Afogados FM","description":"Um site completo!","publisher":{"@id":"https:\/\/afogadosfm.com.br\/afogadosfm\/#organization"},"potentialAction":[{"@type":"SearchAction","target":{"@type":"EntryPoint","urlTemplate":"https:\/\/afogadosfm.com.br\/afogadosfm\/?s={search_term_string}"},"query-input":{"@type":"PropertyValueSpecification","valueRequired":true,"valueName":"search_term_string"}}],"inLanguage":"pt-BR"},{"@type":"Organization","@id":"https:\/\/afogadosfm.com.br\/afogadosfm\/#organization","name":"Afogados FM","url":"https:\/\/afogadosfm.com.br\/afogadosfm\/","logo":{"@type":"ImageObject","inLanguage":"pt-BR","@id":"https:\/\/afogadosfm.com.br\/afogadosfm\/#\/schema\/logo\/image\/","url":"https:\/\/i0.wp.com\/afogadosfm.com.br\/afogadosfm\/wp-content\/uploads\/2020\/06\/cropped-banner-afogados-4.jpg?fit=369%2C137&ssl=1","contentUrl":"https:\/\/i0.wp.com\/afogadosfm.com.br\/afogadosfm\/wp-content\/uploads\/2020\/06\/cropped-banner-afogados-4.jpg?fit=369%2C137&ssl=1","width":369,"height":137,"caption":"Afogados FM"},"image":{"@id":"https:\/\/afogadosfm.com.br\/afogadosfm\/#\/schema\/logo\/image\/"}},{"@type":"Person","@id":"https:\/\/afogadosfm.com.br\/afogadosfm\/#\/schema\/person\/60e56f2cf5dc960fc093fe093d9e9057","name":"afogadosfm","image":{"@type":"ImageObject","inLanguage":"pt-BR","@id":"https:\/\/secure.gravatar.com\/avatar\/e0359add7ed5dc3560906d861b52c6a8cf5c1e199d3a7dd85070998f49bd4701?s=96&d=mm&r=g","url":"https:\/\/secure.gravatar.com\/avatar\/e0359add7ed5dc3560906d861b52c6a8cf5c1e199d3a7dd85070998f49bd4701?s=96&d=mm&r=g","contentUrl":"https:\/\/secure.gravatar.com\/avatar\/e0359add7ed5dc3560906d861b52c6a8cf5c1e199d3a7dd85070998f49bd4701?s=96&d=mm&r=g","caption":"afogadosfm"},"url":"https:\/\/afogadosfm.com.br\/afogadosfm\/author\/afogadosfm\/"}]}},"jetpack_publicize_connections":[],"jetpack_featured_media_url":"https:\/\/i0.wp.com\/afogadosfm.com.br\/afogadosfm\/wp-content\/uploads\/2021\/10\/pix.jpg?fit=1100%2C984&ssl=1","jetpack-related-posts":[],"jetpack_sharing_enabled":true,"jetpack_likes_enabled":true,"_links":{"self":[{"href":"https:\/\/afogadosfm.com.br\/afogadosfm\/wp-json\/wp\/v2\/posts\/62722","targetHints":{"allow":["GET"]}}],"collection":[{"href":"https:\/\/afogadosfm.com.br\/afogadosfm\/wp-json\/wp\/v2\/posts"}],"about":[{"href":"https:\/\/afogadosfm.com.br\/afogadosfm\/wp-json\/wp\/v2\/types\/post"}],"author":[{"embeddable":true,"href":"https:\/\/afogadosfm.com.br\/afogadosfm\/wp-json\/wp\/v2\/users\/2"}],"replies":[{"embeddable":true,"href":"https:\/\/afogadosfm.com.br\/afogadosfm\/wp-json\/wp\/v2\/comments?post=62722"}],"version-history":[{"count":1,"href":"https:\/\/afogadosfm.com.br\/afogadosfm\/wp-json\/wp\/v2\/posts\/62722\/revisions"}],"predecessor-version":[{"id":62723,"href":"https:\/\/afogadosfm.com.br\/afogadosfm\/wp-json\/wp\/v2\/posts\/62722\/revisions\/62723"}],"wp:featuredmedia":[{"embeddable":true,"href":"https:\/\/afogadosfm.com.br\/afogadosfm\/wp-json\/wp\/v2\/media\/31306"}],"wp:attachment":[{"href":"https:\/\/afogadosfm.com.br\/afogadosfm\/wp-json\/wp\/v2\/media?parent=62722"}],"wp:term":[{"taxonomy":"category","embeddable":true,"href":"https:\/\/afogadosfm.com.br\/afogadosfm\/wp-json\/wp\/v2\/categories?post=62722"},{"taxonomy":"post_tag","embeddable":true,"href":"https:\/\/afogadosfm.com.br\/afogadosfm\/wp-json\/wp\/v2\/tags?post=62722"}],"curies":[{"name":"wp","href":"https:\/\/api.w.org\/{rel}","templated":true}]}}