{"id":62727,"date":"2025-01-19T08:35:18","date_gmt":"2025-01-19T11:35:18","guid":{"rendered":"https:\/\/afogadosfm.com.br\/afogadosfm\/?p=62727"},"modified":"2025-01-19T08:35:24","modified_gmt":"2025-01-19T11:35:24","slug":"sandrinho-palmeira-coordenou-monitoramento-especifico-sobre-municipalizacao-do-transito","status":"publish","type":"post","link":"https:\/\/afogadosfm.com.br\/afogadosfm\/2025\/01\/19\/sandrinho-palmeira-coordenou-monitoramento-especifico-sobre-municipalizacao-do-transito\/","title":{"rendered":"Sandrinho Palmeira coordenou monitoramento espec\u00edfico sobre municipaliza\u00e7\u00e3o do tr\u00e2nsito"},"content":{"rendered":"\n<p>O Prefeito de Afogados da Ingazeira, Sandrinho Palmeira, coordenou duas importantes reuni\u00f5es de monitoramento de gest\u00e3o nesta \u00faltima sexta (17), no centro de log\u00edstica.&nbsp;<\/p>\n\n\n\n<p>Pela manh\u00e3, a pauta foi a implanta\u00e7\u00e3o efetiva da municipaliza\u00e7\u00e3o do tr\u00e2nsito. Segundo a diretriz do Prefeito repassada para toda a equipe, a municipaliza\u00e7\u00e3o do tr\u00e2nsito deve ser efetiva como prioridade e a\u00e7\u00e3o estrat\u00e9gica das a\u00e7\u00f5es a serem executadas em 2025. Na pauta da reuni\u00e3o, foram discutidos temas como forma\u00e7\u00e3o de equipe de apoio aos agentes de tr\u00e2nsito, aprovados recentemente em concurso, no contexto da fiscaliza\u00e7\u00e3o de tr\u00e2nsito; conclus\u00e3o e inaugura\u00e7\u00e3o do terminal receptivo de passageiros; recadastramento de lota\u00e7\u00f5es e mototaxis; produ\u00e7\u00e3o de material educativo para educa\u00e7\u00e3o no tr\u00e2nsito; aquisi\u00e7\u00e3o de ve\u00edculos, inclusive reboque; conv\u00eanio com a PM para realiza\u00e7\u00e3o de blitz educativa, dentre outros in\u00fameros temas correlatos. Os t\u00f3picos e projetos elaborados pela engenharia de tr\u00e2nsito foram apresentados pela secret\u00e1ria de transportes e tr\u00e2nsito Flaviana Rosa.&nbsp;<\/p>\n\n\n\n<figure class=\"wp-block-image\"><a href=\"https:\/\/i0.wp.com\/blogger.googleusercontent.com\/img\/b\/R29vZ2xl\/AVvXsEhflV_c-pazxItHdxSJRLCllV12HWPAg_2cyj6V6M9gWbmNEm1MWotd4qP5wNXXAe-ezlfXZ_jLALTkb4CZFQOgB_j7NwxBTrE85PnX3aixncwwPfb9g8vwpo0mF6hM3WJGMH6E7B8kvWyvh-yTkC5boifDKrNyzNzGAXJBHVY7GOPeE_hECBInKI2Rtk5I\/s1600\/0245fda3-2ae1-434d-aea7-5efaf75de5d6.jpeg?ssl=1\"><img data-recalc-dims=\"1\" decoding=\"async\" src=\"https:\/\/i0.wp.com\/blogger.googleusercontent.com\/img\/b\/R29vZ2xl\/AVvXsEhflV_c-pazxItHdxSJRLCllV12HWPAg_2cyj6V6M9gWbmNEm1MWotd4qP5wNXXAe-ezlfXZ_jLALTkb4CZFQOgB_j7NwxBTrE85PnX3aixncwwPfb9g8vwpo0mF6hM3WJGMH6E7B8kvWyvh-yTkC5boifDKrNyzNzGAXJBHVY7GOPeE_hECBInKI2Rtk5I\/w400-h266\/0245fda3-2ae1-434d-aea7-5efaf75de5d6.jpeg?w=840&#038;ssl=1\" alt=\"\"\/><\/a><\/figure>\n\n\n\n<figure class=\"wp-block-image\"><a href=\"https:\/\/i0.wp.com\/blogger.googleusercontent.com\/img\/b\/R29vZ2xl\/AVvXsEiq22fFPeu0833E_fXokPw1O-2voYGGrA8ZFS1X5I-7dRMfKYJeItOvxPXRtZkE9c8pReWGd8OcrZ6V2WROd0JS27EXUTnFY4z_Br0oqudAw0z_a3fDcPiI7csnKsWHZO21fesN9tx5sRTZByPigo-OZXCcd4HE4fLk4EvQruIzHfigLTL6Ys1jVhqmEHRY\/s1600\/38468563-a8ef-4a42-9802-774936706d90.jpeg?ssl=1\"><img data-recalc-dims=\"1\" decoding=\"async\" src=\"https:\/\/i0.wp.com\/blogger.googleusercontent.com\/img\/b\/R29vZ2xl\/AVvXsEiq22fFPeu0833E_fXokPw1O-2voYGGrA8ZFS1X5I-7dRMfKYJeItOvxPXRtZkE9c8pReWGd8OcrZ6V2WROd0JS27EXUTnFY4z_Br0oqudAw0z_a3fDcPiI7csnKsWHZO21fesN9tx5sRTZByPigo-OZXCcd4HE4fLk4EvQruIzHfigLTL6Ys1jVhqmEHRY\/w400-h266\/38468563-a8ef-4a42-9802-774936706d90.jpeg?w=840&#038;ssl=1\" alt=\"\"\/><\/a><\/figure>\n\n\n\n<p>Na parte da tarde, o monitoramento se voltou para debater propostas de a\u00e7\u00f5es para melhorias na zona rural, envolvendo n\u00e3o apenas a agricultura, mas todas as secretarias da gest\u00e3o municipal. \u201cForam reuni\u00f5es bastante produtivas, com a\u00e7\u00f5es concretas, respons\u00e1veis, metas a serem alcan\u00e7adas, para atendermos \u00e0s necessidades da popula\u00e7\u00e3o nessas duas \u00e1reas t\u00e3o importantes, que s\u00e3o a municipaliza\u00e7\u00e3o do tr\u00e2nsito e o aumento de investimentos em nossa zona rural,\u201d destacou o Prefeito Sandrinho Palmeira.<\/p>\n","protected":false},"excerpt":{"rendered":"<p>O Prefeito de Afogados da Ingazeira, Sandrinho Palmeira, coordenou duas importantes reuni\u00f5es de monitoramento de gest\u00e3o nesta \u00faltima sexta (17),<\/p>\n","protected":false},"author":2,"featured_media":62728,"comment_status":"open","ping_status":"open","sticky":false,"template":"","format":"standard","meta":{"jetpack_post_was_ever_published":false,"_jetpack_newsletter_access":"","_jetpack_dont_email_post_to_subs":false,"_jetpack_newsletter_tier_id":0,"_jetpack_memberships_contains_paywalled_content":false,"_jetpack_memberships_contains_paid_content":false,"footnotes":"","jetpack_publicize_message":"","jetpack_publicize_feature_enabled":true,"jetpack_social_post_already_shared":true,"jetpack_social_options":{"image_generator_settings":{"template":"highway","default_image_id":0,"font":"","enabled":false},"version":2}},"categories":[14],"tags":[],"class_list":["post-62727","post","type-post","status-publish","format-standard","has-post-thumbnail","hentry","category-afogados-da-ingazeira"],"yoast_head":"<!-- This site is optimized with the Yoast SEO plugin v27.5 - https:\/\/yoast.com\/product\/yoast-seo-wordpress\/ -->\n<title>Sandrinho Palmeira coordenou monitoramento espec\u00edfico sobre municipaliza\u00e7\u00e3o do tr\u00e2nsito - Afogados FM<\/title>\n<meta name=\"robots\" content=\"index, follow, max-snippet:-1, max-image-preview:large, max-video-preview:-1\" \/>\n<link rel=\"canonical\" href=\"https:\/\/afogadosfm.com.br\/afogadosfm\/2025\/01\/19\/sandrinho-palmeira-coordenou-monitoramento-especifico-sobre-municipalizacao-do-transito\/\" \/>\n<meta property=\"og:locale\" content=\"pt_BR\" \/>\n<meta property=\"og:type\" content=\"article\" \/>\n<meta property=\"og:title\" content=\"Sandrinho Palmeira coordenou monitoramento espec\u00edfico sobre municipaliza\u00e7\u00e3o do tr\u00e2nsito - Afogados FM\" \/>\n<meta property=\"og:description\" content=\"O Prefeito de Afogados da Ingazeira, Sandrinho Palmeira, coordenou duas importantes reuni\u00f5es de monitoramento de gest\u00e3o nesta \u00faltima sexta (17),\" \/>\n<meta property=\"og:url\" content=\"https:\/\/afogadosfm.com.br\/afogadosfm\/2025\/01\/19\/sandrinho-palmeira-coordenou-monitoramento-especifico-sobre-municipalizacao-do-transito\/\" \/>\n<meta property=\"og:site_name\" content=\"Afogados FM\" \/>\n<meta property=\"article:published_time\" content=\"2025-01-19T11:35:18+00:00\" \/>\n<meta property=\"article:modified_time\" content=\"2025-01-19T11:35:24+00:00\" \/>\n<meta property=\"og:image\" content=\"https:\/\/afogadosfm.com.br\/afogadosfm\/wp-content\/uploads\/2025\/01\/5d607564-c380-42a8-8982-1905ed181402.jpeg\" \/>\n\t<meta property=\"og:image:width\" content=\"400\" \/>\n\t<meta property=\"og:image:height\" content=\"266\" \/>\n\t<meta property=\"og:image:type\" content=\"image\/jpeg\" \/>\n<meta name=\"author\" content=\"afogadosfm\" \/>\n<meta name=\"twitter:card\" content=\"summary_large_image\" \/>\n<meta name=\"twitter:label1\" content=\"Escrito por\" \/>\n\t<meta name=\"twitter:data1\" content=\"afogadosfm\" \/>\n\t<meta name=\"twitter:label2\" content=\"Est. tempo de leitura\" \/>\n\t<meta name=\"twitter:data2\" content=\"2 minutos\" \/>\n<script type=\"application\/ld+json\" class=\"yoast-schema-graph\">{\"@context\":\"https:\\\/\\\/schema.org\",\"@graph\":[{\"@type\":\"Article\",\"@id\":\"https:\\\/\\\/afogadosfm.com.br\\\/afogadosfm\\\/2025\\\/01\\\/19\\\/sandrinho-palmeira-coordenou-monitoramento-especifico-sobre-municipalizacao-do-transito\\\/#article\",\"isPartOf\":{\"@id\":\"https:\\\/\\\/afogadosfm.com.br\\\/afogadosfm\\\/2025\\\/01\\\/19\\\/sandrinho-palmeira-coordenou-monitoramento-especifico-sobre-municipalizacao-do-transito\\\/\"},\"author\":{\"name\":\"afogadosfm\",\"@id\":\"https:\\\/\\\/afogadosfm.com.br\\\/afogadosfm\\\/#\\\/schema\\\/person\\\/60e56f2cf5dc960fc093fe093d9e9057\"},\"headline\":\"Sandrinho Palmeira coordenou monitoramento espec\u00edfico sobre municipaliza\u00e7\u00e3o do tr\u00e2nsito\",\"datePublished\":\"2025-01-19T11:35:18+00:00\",\"dateModified\":\"2025-01-19T11:35:24+00:00\",\"mainEntityOfPage\":{\"@id\":\"https:\\\/\\\/afogadosfm.com.br\\\/afogadosfm\\\/2025\\\/01\\\/19\\\/sandrinho-palmeira-coordenou-monitoramento-especifico-sobre-municipalizacao-do-transito\\\/\"},\"wordCount\":279,\"commentCount\":0,\"publisher\":{\"@id\":\"https:\\\/\\\/afogadosfm.com.br\\\/afogadosfm\\\/#organization\"},\"image\":{\"@id\":\"https:\\\/\\\/afogadosfm.com.br\\\/afogadosfm\\\/2025\\\/01\\\/19\\\/sandrinho-palmeira-coordenou-monitoramento-especifico-sobre-municipalizacao-do-transito\\\/#primaryimage\"},\"thumbnailUrl\":\"https:\\\/\\\/i0.wp.com\\\/afogadosfm.com.br\\\/afogadosfm\\\/wp-content\\\/uploads\\\/2025\\\/01\\\/5d607564-c380-42a8-8982-1905ed181402.jpeg?fit=400%2C266&ssl=1\",\"articleSection\":[\"Afogados da Ingazeira\"],\"inLanguage\":\"pt-BR\",\"potentialAction\":[{\"@type\":\"CommentAction\",\"name\":\"Comment\",\"target\":[\"https:\\\/\\\/afogadosfm.com.br\\\/afogadosfm\\\/2025\\\/01\\\/19\\\/sandrinho-palmeira-coordenou-monitoramento-especifico-sobre-municipalizacao-do-transito\\\/#respond\"]}]},{\"@type\":\"WebPage\",\"@id\":\"https:\\\/\\\/afogadosfm.com.br\\\/afogadosfm\\\/2025\\\/01\\\/19\\\/sandrinho-palmeira-coordenou-monitoramento-especifico-sobre-municipalizacao-do-transito\\\/\",\"url\":\"https:\\\/\\\/afogadosfm.com.br\\\/afogadosfm\\\/2025\\\/01\\\/19\\\/sandrinho-palmeira-coordenou-monitoramento-especifico-sobre-municipalizacao-do-transito\\\/\",\"name\":\"Sandrinho Palmeira coordenou monitoramento espec\u00edfico sobre municipaliza\u00e7\u00e3o do tr\u00e2nsito - Afogados FM\",\"isPartOf\":{\"@id\":\"https:\\\/\\\/afogadosfm.com.br\\\/afogadosfm\\\/#website\"},\"primaryImageOfPage\":{\"@id\":\"https:\\\/\\\/afogadosfm.com.br\\\/afogadosfm\\\/2025\\\/01\\\/19\\\/sandrinho-palmeira-coordenou-monitoramento-especifico-sobre-municipalizacao-do-transito\\\/#primaryimage\"},\"image\":{\"@id\":\"https:\\\/\\\/afogadosfm.com.br\\\/afogadosfm\\\/2025\\\/01\\\/19\\\/sandrinho-palmeira-coordenou-monitoramento-especifico-sobre-municipalizacao-do-transito\\\/#primaryimage\"},\"thumbnailUrl\":\"https:\\\/\\\/i0.wp.com\\\/afogadosfm.com.br\\\/afogadosfm\\\/wp-content\\\/uploads\\\/2025\\\/01\\\/5d607564-c380-42a8-8982-1905ed181402.jpeg?fit=400%2C266&ssl=1\",\"datePublished\":\"2025-01-19T11:35:18+00:00\",\"dateModified\":\"2025-01-19T11:35:24+00:00\",\"breadcrumb\":{\"@id\":\"https:\\\/\\\/afogadosfm.com.br\\\/afogadosfm\\\/2025\\\/01\\\/19\\\/sandrinho-palmeira-coordenou-monitoramento-especifico-sobre-municipalizacao-do-transito\\\/#breadcrumb\"},\"inLanguage\":\"pt-BR\",\"potentialAction\":[{\"@type\":\"ReadAction\",\"target\":[\"https:\\\/\\\/afogadosfm.com.br\\\/afogadosfm\\\/2025\\\/01\\\/19\\\/sandrinho-palmeira-coordenou-monitoramento-especifico-sobre-municipalizacao-do-transito\\\/\"]}]},{\"@type\":\"ImageObject\",\"inLanguage\":\"pt-BR\",\"@id\":\"https:\\\/\\\/afogadosfm.com.br\\\/afogadosfm\\\/2025\\\/01\\\/19\\\/sandrinho-palmeira-coordenou-monitoramento-especifico-sobre-municipalizacao-do-transito\\\/#primaryimage\",\"url\":\"https:\\\/\\\/i0.wp.com\\\/afogadosfm.com.br\\\/afogadosfm\\\/wp-content\\\/uploads\\\/2025\\\/01\\\/5d607564-c380-42a8-8982-1905ed181402.jpeg?fit=400%2C266&ssl=1\",\"contentUrl\":\"https:\\\/\\\/i0.wp.com\\\/afogadosfm.com.br\\\/afogadosfm\\\/wp-content\\\/uploads\\\/2025\\\/01\\\/5d607564-c380-42a8-8982-1905ed181402.jpeg?fit=400%2C266&ssl=1\",\"width\":400,\"height\":266},{\"@type\":\"BreadcrumbList\",\"@id\":\"https:\\\/\\\/afogadosfm.com.br\\\/afogadosfm\\\/2025\\\/01\\\/19\\\/sandrinho-palmeira-coordenou-monitoramento-especifico-sobre-municipalizacao-do-transito\\\/#breadcrumb\",\"itemListElement\":[{\"@type\":\"ListItem\",\"position\":1,\"name\":\"In\u00edcio\",\"item\":\"https:\\\/\\\/afogadosfm.com.br\\\/afogadosfm\\\/\"},{\"@type\":\"ListItem\",\"position\":2,\"name\":\"Sandrinho Palmeira coordenou monitoramento espec\u00edfico sobre municipaliza\u00e7\u00e3o do tr\u00e2nsito\"}]},{\"@type\":\"WebSite\",\"@id\":\"https:\\\/\\\/afogadosfm.com.br\\\/afogadosfm\\\/#website\",\"url\":\"https:\\\/\\\/afogadosfm.com.br\\\/afogadosfm\\\/\",\"name\":\"Afogados FM\",\"description\":\"Um site completo!\",\"publisher\":{\"@id\":\"https:\\\/\\\/afogadosfm.com.br\\\/afogadosfm\\\/#organization\"},\"potentialAction\":[{\"@type\":\"SearchAction\",\"target\":{\"@type\":\"EntryPoint\",\"urlTemplate\":\"https:\\\/\\\/afogadosfm.com.br\\\/afogadosfm\\\/?s={search_term_string}\"},\"query-input\":{\"@type\":\"PropertyValueSpecification\",\"valueRequired\":true,\"valueName\":\"search_term_string\"}}],\"inLanguage\":\"pt-BR\"},{\"@type\":\"Organization\",\"@id\":\"https:\\\/\\\/afogadosfm.com.br\\\/afogadosfm\\\/#organization\",\"name\":\"Afogados FM\",\"url\":\"https:\\\/\\\/afogadosfm.com.br\\\/afogadosfm\\\/\",\"logo\":{\"@type\":\"ImageObject\",\"inLanguage\":\"pt-BR\",\"@id\":\"https:\\\/\\\/afogadosfm.com.br\\\/afogadosfm\\\/#\\\/schema\\\/logo\\\/image\\\/\",\"url\":\"https:\\\/\\\/i0.wp.com\\\/afogadosfm.com.br\\\/afogadosfm\\\/wp-content\\\/uploads\\\/2020\\\/06\\\/cropped-banner-afogados-4.jpg?fit=369%2C137&ssl=1\",\"contentUrl\":\"https:\\\/\\\/i0.wp.com\\\/afogadosfm.com.br\\\/afogadosfm\\\/wp-content\\\/uploads\\\/2020\\\/06\\\/cropped-banner-afogados-4.jpg?fit=369%2C137&ssl=1\",\"width\":369,\"height\":137,\"caption\":\"Afogados FM\"},\"image\":{\"@id\":\"https:\\\/\\\/afogadosfm.com.br\\\/afogadosfm\\\/#\\\/schema\\\/logo\\\/image\\\/\"}},{\"@type\":\"Person\",\"@id\":\"https:\\\/\\\/afogadosfm.com.br\\\/afogadosfm\\\/#\\\/schema\\\/person\\\/60e56f2cf5dc960fc093fe093d9e9057\",\"name\":\"afogadosfm\",\"image\":{\"@type\":\"ImageObject\",\"inLanguage\":\"pt-BR\",\"@id\":\"https:\\\/\\\/secure.gravatar.com\\\/avatar\\\/e0359add7ed5dc3560906d861b52c6a8cf5c1e199d3a7dd85070998f49bd4701?s=96&d=mm&r=g\",\"url\":\"https:\\\/\\\/secure.gravatar.com\\\/avatar\\\/e0359add7ed5dc3560906d861b52c6a8cf5c1e199d3a7dd85070998f49bd4701?s=96&d=mm&r=g\",\"contentUrl\":\"https:\\\/\\\/secure.gravatar.com\\\/avatar\\\/e0359add7ed5dc3560906d861b52c6a8cf5c1e199d3a7dd85070998f49bd4701?s=96&d=mm&r=g\",\"caption\":\"afogadosfm\"},\"url\":\"https:\\\/\\\/afogadosfm.com.br\\\/afogadosfm\\\/author\\\/afogadosfm\\\/\"}]}<\/script>\n<!-- \/ Yoast SEO plugin. -->","yoast_head_json":{"title":"Sandrinho Palmeira coordenou monitoramento espec\u00edfico sobre municipaliza\u00e7\u00e3o do tr\u00e2nsito - Afogados FM","robots":{"index":"index","follow":"follow","max-snippet":"max-snippet:-1","max-image-preview":"max-image-preview:large","max-video-preview":"max-video-preview:-1"},"canonical":"https:\/\/afogadosfm.com.br\/afogadosfm\/2025\/01\/19\/sandrinho-palmeira-coordenou-monitoramento-especifico-sobre-municipalizacao-do-transito\/","og_locale":"pt_BR","og_type":"article","og_title":"Sandrinho Palmeira coordenou monitoramento espec\u00edfico sobre municipaliza\u00e7\u00e3o do tr\u00e2nsito - Afogados FM","og_description":"O Prefeito de Afogados da Ingazeira, Sandrinho Palmeira, coordenou duas importantes reuni\u00f5es de monitoramento de gest\u00e3o nesta \u00faltima sexta (17),","og_url":"https:\/\/afogadosfm.com.br\/afogadosfm\/2025\/01\/19\/sandrinho-palmeira-coordenou-monitoramento-especifico-sobre-municipalizacao-do-transito\/","og_site_name":"Afogados FM","article_published_time":"2025-01-19T11:35:18+00:00","article_modified_time":"2025-01-19T11:35:24+00:00","og_image":[{"width":400,"height":266,"url":"https:\/\/afogadosfm.com.br\/afogadosfm\/wp-content\/uploads\/2025\/01\/5d607564-c380-42a8-8982-1905ed181402.jpeg","type":"image\/jpeg"}],"author":"afogadosfm","twitter_card":"summary_large_image","twitter_misc":{"Escrito por":"afogadosfm","Est. tempo de leitura":"2 minutos"},"schema":{"@context":"https:\/\/schema.org","@graph":[{"@type":"Article","@id":"https:\/\/afogadosfm.com.br\/afogadosfm\/2025\/01\/19\/sandrinho-palmeira-coordenou-monitoramento-especifico-sobre-municipalizacao-do-transito\/#article","isPartOf":{"@id":"https:\/\/afogadosfm.com.br\/afogadosfm\/2025\/01\/19\/sandrinho-palmeira-coordenou-monitoramento-especifico-sobre-municipalizacao-do-transito\/"},"author":{"name":"afogadosfm","@id":"https:\/\/afogadosfm.com.br\/afogadosfm\/#\/schema\/person\/60e56f2cf5dc960fc093fe093d9e9057"},"headline":"Sandrinho Palmeira coordenou monitoramento espec\u00edfico sobre municipaliza\u00e7\u00e3o do tr\u00e2nsito","datePublished":"2025-01-19T11:35:18+00:00","dateModified":"2025-01-19T11:35:24+00:00","mainEntityOfPage":{"@id":"https:\/\/afogadosfm.com.br\/afogadosfm\/2025\/01\/19\/sandrinho-palmeira-coordenou-monitoramento-especifico-sobre-municipalizacao-do-transito\/"},"wordCount":279,"commentCount":0,"publisher":{"@id":"https:\/\/afogadosfm.com.br\/afogadosfm\/#organization"},"image":{"@id":"https:\/\/afogadosfm.com.br\/afogadosfm\/2025\/01\/19\/sandrinho-palmeira-coordenou-monitoramento-especifico-sobre-municipalizacao-do-transito\/#primaryimage"},"thumbnailUrl":"https:\/\/i0.wp.com\/afogadosfm.com.br\/afogadosfm\/wp-content\/uploads\/2025\/01\/5d607564-c380-42a8-8982-1905ed181402.jpeg?fit=400%2C266&ssl=1","articleSection":["Afogados da Ingazeira"],"inLanguage":"pt-BR","potentialAction":[{"@type":"CommentAction","name":"Comment","target":["https:\/\/afogadosfm.com.br\/afogadosfm\/2025\/01\/19\/sandrinho-palmeira-coordenou-monitoramento-especifico-sobre-municipalizacao-do-transito\/#respond"]}]},{"@type":"WebPage","@id":"https:\/\/afogadosfm.com.br\/afogadosfm\/2025\/01\/19\/sandrinho-palmeira-coordenou-monitoramento-especifico-sobre-municipalizacao-do-transito\/","url":"https:\/\/afogadosfm.com.br\/afogadosfm\/2025\/01\/19\/sandrinho-palmeira-coordenou-monitoramento-especifico-sobre-municipalizacao-do-transito\/","name":"Sandrinho Palmeira coordenou monitoramento espec\u00edfico sobre municipaliza\u00e7\u00e3o do tr\u00e2nsito - Afogados FM","isPartOf":{"@id":"https:\/\/afogadosfm.com.br\/afogadosfm\/#website"},"primaryImageOfPage":{"@id":"https:\/\/afogadosfm.com.br\/afogadosfm\/2025\/01\/19\/sandrinho-palmeira-coordenou-monitoramento-especifico-sobre-municipalizacao-do-transito\/#primaryimage"},"image":{"@id":"https:\/\/afogadosfm.com.br\/afogadosfm\/2025\/01\/19\/sandrinho-palmeira-coordenou-monitoramento-especifico-sobre-municipalizacao-do-transito\/#primaryimage"},"thumbnailUrl":"https:\/\/i0.wp.com\/afogadosfm.com.br\/afogadosfm\/wp-content\/uploads\/2025\/01\/5d607564-c380-42a8-8982-1905ed181402.jpeg?fit=400%2C266&ssl=1","datePublished":"2025-01-19T11:35:18+00:00","dateModified":"2025-01-19T11:35:24+00:00","breadcrumb":{"@id":"https:\/\/afogadosfm.com.br\/afogadosfm\/2025\/01\/19\/sandrinho-palmeira-coordenou-monitoramento-especifico-sobre-municipalizacao-do-transito\/#breadcrumb"},"inLanguage":"pt-BR","potentialAction":[{"@type":"ReadAction","target":["https:\/\/afogadosfm.com.br\/afogadosfm\/2025\/01\/19\/sandrinho-palmeira-coordenou-monitoramento-especifico-sobre-municipalizacao-do-transito\/"]}]},{"@type":"ImageObject","inLanguage":"pt-BR","@id":"https:\/\/afogadosfm.com.br\/afogadosfm\/2025\/01\/19\/sandrinho-palmeira-coordenou-monitoramento-especifico-sobre-municipalizacao-do-transito\/#primaryimage","url":"https:\/\/i0.wp.com\/afogadosfm.com.br\/afogadosfm\/wp-content\/uploads\/2025\/01\/5d607564-c380-42a8-8982-1905ed181402.jpeg?fit=400%2C266&ssl=1","contentUrl":"https:\/\/i0.wp.com\/afogadosfm.com.br\/afogadosfm\/wp-content\/uploads\/2025\/01\/5d607564-c380-42a8-8982-1905ed181402.jpeg?fit=400%2C266&ssl=1","width":400,"height":266},{"@type":"BreadcrumbList","@id":"https:\/\/afogadosfm.com.br\/afogadosfm\/2025\/01\/19\/sandrinho-palmeira-coordenou-monitoramento-especifico-sobre-municipalizacao-do-transito\/#breadcrumb","itemListElement":[{"@type":"ListItem","position":1,"name":"In\u00edcio","item":"https:\/\/afogadosfm.com.br\/afogadosfm\/"},{"@type":"ListItem","position":2,"name":"Sandrinho Palmeira coordenou monitoramento espec\u00edfico sobre municipaliza\u00e7\u00e3o do tr\u00e2nsito"}]},{"@type":"WebSite","@id":"https:\/\/afogadosfm.com.br\/afogadosfm\/#website","url":"https:\/\/afogadosfm.com.br\/afogadosfm\/","name":"Afogados FM","description":"Um site completo!","publisher":{"@id":"https:\/\/afogadosfm.com.br\/afogadosfm\/#organization"},"potentialAction":[{"@type":"SearchAction","target":{"@type":"EntryPoint","urlTemplate":"https:\/\/afogadosfm.com.br\/afogadosfm\/?s={search_term_string}"},"query-input":{"@type":"PropertyValueSpecification","valueRequired":true,"valueName":"search_term_string"}}],"inLanguage":"pt-BR"},{"@type":"Organization","@id":"https:\/\/afogadosfm.com.br\/afogadosfm\/#organization","name":"Afogados FM","url":"https:\/\/afogadosfm.com.br\/afogadosfm\/","logo":{"@type":"ImageObject","inLanguage":"pt-BR","@id":"https:\/\/afogadosfm.com.br\/afogadosfm\/#\/schema\/logo\/image\/","url":"https:\/\/i0.wp.com\/afogadosfm.com.br\/afogadosfm\/wp-content\/uploads\/2020\/06\/cropped-banner-afogados-4.jpg?fit=369%2C137&ssl=1","contentUrl":"https:\/\/i0.wp.com\/afogadosfm.com.br\/afogadosfm\/wp-content\/uploads\/2020\/06\/cropped-banner-afogados-4.jpg?fit=369%2C137&ssl=1","width":369,"height":137,"caption":"Afogados FM"},"image":{"@id":"https:\/\/afogadosfm.com.br\/afogadosfm\/#\/schema\/logo\/image\/"}},{"@type":"Person","@id":"https:\/\/afogadosfm.com.br\/afogadosfm\/#\/schema\/person\/60e56f2cf5dc960fc093fe093d9e9057","name":"afogadosfm","image":{"@type":"ImageObject","inLanguage":"pt-BR","@id":"https:\/\/secure.gravatar.com\/avatar\/e0359add7ed5dc3560906d861b52c6a8cf5c1e199d3a7dd85070998f49bd4701?s=96&d=mm&r=g","url":"https:\/\/secure.gravatar.com\/avatar\/e0359add7ed5dc3560906d861b52c6a8cf5c1e199d3a7dd85070998f49bd4701?s=96&d=mm&r=g","contentUrl":"https:\/\/secure.gravatar.com\/avatar\/e0359add7ed5dc3560906d861b52c6a8cf5c1e199d3a7dd85070998f49bd4701?s=96&d=mm&r=g","caption":"afogadosfm"},"url":"https:\/\/afogadosfm.com.br\/afogadosfm\/author\/afogadosfm\/"}]}},"jetpack_publicize_connections":[],"jetpack_featured_media_url":"https:\/\/i0.wp.com\/afogadosfm.com.br\/afogadosfm\/wp-content\/uploads\/2025\/01\/5d607564-c380-42a8-8982-1905ed181402.jpeg?fit=400%2C266&ssl=1","jetpack-related-posts":[],"jetpack_sharing_enabled":true,"jetpack_likes_enabled":true,"_links":{"self":[{"href":"https:\/\/afogadosfm.com.br\/afogadosfm\/wp-json\/wp\/v2\/posts\/62727","targetHints":{"allow":["GET"]}}],"collection":[{"href":"https:\/\/afogadosfm.com.br\/afogadosfm\/wp-json\/wp\/v2\/posts"}],"about":[{"href":"https:\/\/afogadosfm.com.br\/afogadosfm\/wp-json\/wp\/v2\/types\/post"}],"author":[{"embeddable":true,"href":"https:\/\/afogadosfm.com.br\/afogadosfm\/wp-json\/wp\/v2\/users\/2"}],"replies":[{"embeddable":true,"href":"https:\/\/afogadosfm.com.br\/afogadosfm\/wp-json\/wp\/v2\/comments?post=62727"}],"version-history":[{"count":1,"href":"https:\/\/afogadosfm.com.br\/afogadosfm\/wp-json\/wp\/v2\/posts\/62727\/revisions"}],"predecessor-version":[{"id":62729,"href":"https:\/\/afogadosfm.com.br\/afogadosfm\/wp-json\/wp\/v2\/posts\/62727\/revisions\/62729"}],"wp:featuredmedia":[{"embeddable":true,"href":"https:\/\/afogadosfm.com.br\/afogadosfm\/wp-json\/wp\/v2\/media\/62728"}],"wp:attachment":[{"href":"https:\/\/afogadosfm.com.br\/afogadosfm\/wp-json\/wp\/v2\/media?parent=62727"}],"wp:term":[{"taxonomy":"category","embeddable":true,"href":"https:\/\/afogadosfm.com.br\/afogadosfm\/wp-json\/wp\/v2\/categories?post=62727"},{"taxonomy":"post_tag","embeddable":true,"href":"https:\/\/afogadosfm.com.br\/afogadosfm\/wp-json\/wp\/v2\/tags?post=62727"}],"curies":[{"name":"wp","href":"https:\/\/api.w.org\/{rel}","templated":true}]}}