{"id":62999,"date":"2025-01-30T06:25:22","date_gmt":"2025-01-30T09:25:22","guid":{"rendered":"https:\/\/afogadosfm.com.br\/afogadosfm\/?p=62999"},"modified":"2025-01-30T06:25:27","modified_gmt":"2025-01-30T09:25:27","slug":"afogados-fc-e-central-ficam-no-empate-no-o-vianao","status":"publish","type":"post","link":"https:\/\/afogadosfm.com.br\/afogadosfm\/2025\/01\/30\/afogados-fc-e-central-ficam-no-empate-no-o-vianao\/","title":{"rendered":"Afogados FC e Central ficam no empate no O Vian\u00e3o"},"content":{"rendered":"\n<p>Afogados e Central se enfrentaram pela quinta rodada do Campeonato Pernambucano e empataram por 1 a 1, no est\u00e1dio Vian\u00e3o. O time da casa saiu na frente logo aos dois minutos com Filipe Eduardo. No segundo tempo, o zagueiro Lazarini igualou o placar finalizando de cabe\u00e7a.<\/p>\n\n\n\n<p>Como ficou a classifica\u00e7\u00e3o?<\/p>\n\n\n\n<p>O Afogados chegou ao quinto jogo sem vit\u00f3ria no Pernambucano e permanece na zona de rebaixamento, com tr\u00eas pontos. O Central subiu duas posi\u00e7\u00f5es, tem cinco pontos e conseguiu entrar no grupo de classifica\u00e7\u00e3o para a segunda fase.<\/p>\n\n\n\n<p>Pr\u00f3xima rodada<\/p>\n\n\n\n<p>A Coruja volta a jogar apenas no dia 5 de fevereiro, quando enfrenta o Decis\u00e3o, em Sert\u00e2nia. A Patativa j\u00e1 entra em campo domingo, diante do Petrolina, \u00e0s 19h, no est\u00e1dio Paulo Coelho.<\/p>\n\n\n\n<p>Duelo dos empates<\/p>\n\n\n\n<p>Desde 2017, esta foi a s\u00e9tima vez em que Afogados e Central se enfrentaram oficialmente. Em seis oportunidades, o placar foi o mesmo, 1 a 1. Apenas no ano passado houve um vencedor, quando o time caruaruense goleou por 4 a 1.<\/p>\n\n\n\n<p>Primeiro tempo<\/p>\n\n\n\n<p>O Afogados come\u00e7ou querendo jogo. Com apenas dois minutos, Weslley cobrou lateral direto na \u00e1rea, Diego Arag\u00e3o falhou na hora de cortar, Filipe Eduardo pegou a sobra, limpou a marca\u00e7\u00e3o e chutou forte para abrir o placar. Aos sete, a Coruja ainda teve outra boa chance, no chute de Denner. Depois, a Patativa cresceu e conseguiu segurar a partida no campo de ataque. O empate n\u00e3o saiu por muito pouco nos p\u00e9s de Eudair. Primeiro, o meia bateu com perigo perto do gol. J\u00e1 aos 24 minutos, mandou uma pancada de longe, que carimbou a trave. O Central ainda tentou chegar atrav\u00e9s dos cruzamentos na \u00e1rea, mas Danilo levou vantagem em praticamente todos os lances.<\/p>\n\n\n\n<p>Segundo tempo<\/p>\n\n\n\n<p>Com as mexidas em cada time, o segundo tempo foi melhor, com boas chances para os dois lados, atua\u00e7\u00f5es de destaque dos goleiros e leve dom\u00ednio alvinegro. Com nove minutos, Eudair &#8211; melhor jogador em campo &#8211; bateu escanteio na \u00e1rea, Janelson tentou de cabe\u00e7a e Danilo conseguiu defender. No rebote, Lazarini conseguiu completar de cabe\u00e7a e empatou. O jogo ficou aberto. Milton Raphael salvou a Patativa duas vezes, espalmando o chute de Filipe Eduardo e depois tirando a bola desviada em cima da linha. Com mais presen\u00e7a no ataque, o Central ainda tentou nos chutes de Everton Lino e Eudair. J\u00e1 aos 46, Rodrigo recebeu livre na \u00e1rea, bateu de primeira e o goleiro alvinegro fez grande defesa.<\/p>\n\n\n\n<p>Do GE\/PE<\/p>\n","protected":false},"excerpt":{"rendered":"<p>Afogados e Central se enfrentaram pela quinta rodada do Campeonato Pernambucano e empataram por 1 a 1, no est\u00e1dio Vian\u00e3o.<\/p>\n","protected":false},"author":2,"featured_media":35206,"comment_status":"open","ping_status":"open","sticky":false,"template":"","format":"standard","meta":{"jetpack_post_was_ever_published":false,"_jetpack_newsletter_access":"","_jetpack_dont_email_post_to_subs":false,"_jetpack_newsletter_tier_id":0,"_jetpack_memberships_contains_paywalled_content":false,"_jetpack_memberships_contains_paid_content":false,"footnotes":"","jetpack_publicize_message":"","jetpack_publicize_feature_enabled":true,"jetpack_social_post_already_shared":true,"jetpack_social_options":{"image_generator_settings":{"template":"highway","default_image_id":0,"font":"","enabled":false},"version":2}},"categories":[14],"tags":[],"class_list":["post-62999","post","type-post","status-publish","format-standard","has-post-thumbnail","hentry","category-afogados-da-ingazeira"],"yoast_head":"<!-- This site is optimized with the Yoast SEO plugin v27.5 - https:\/\/yoast.com\/product\/yoast-seo-wordpress\/ -->\n<title>Afogados FC e Central ficam no empate no O Vian\u00e3o - Afogados FM<\/title>\n<meta name=\"robots\" content=\"index, follow, max-snippet:-1, max-image-preview:large, max-video-preview:-1\" \/>\n<link rel=\"canonical\" href=\"https:\/\/afogadosfm.com.br\/afogadosfm\/2025\/01\/30\/afogados-fc-e-central-ficam-no-empate-no-o-vianao\/\" \/>\n<meta property=\"og:locale\" content=\"pt_BR\" \/>\n<meta property=\"og:type\" content=\"article\" \/>\n<meta property=\"og:title\" content=\"Afogados FC e Central ficam no empate no O Vian\u00e3o - Afogados FM\" \/>\n<meta property=\"og:description\" content=\"Afogados e Central se enfrentaram pela quinta rodada do Campeonato Pernambucano e empataram por 1 a 1, no est\u00e1dio Vian\u00e3o.\" \/>\n<meta property=\"og:url\" content=\"https:\/\/afogadosfm.com.br\/afogadosfm\/2025\/01\/30\/afogados-fc-e-central-ficam-no-empate-no-o-vianao\/\" \/>\n<meta property=\"og:site_name\" content=\"Afogados FM\" \/>\n<meta property=\"article:published_time\" content=\"2025-01-30T09:25:22+00:00\" \/>\n<meta property=\"article:modified_time\" content=\"2025-01-30T09:25:27+00:00\" \/>\n<meta property=\"og:image\" content=\"https:\/\/afogadosfm.com.br\/afogadosfm\/wp-content\/uploads\/2022\/02\/AIFC.jpg\" \/>\n\t<meta property=\"og:image:width\" content=\"225\" \/>\n\t<meta property=\"og:image:height\" content=\"225\" \/>\n\t<meta property=\"og:image:type\" content=\"image\/jpeg\" \/>\n<meta name=\"author\" content=\"afogadosfm\" \/>\n<meta name=\"twitter:card\" content=\"summary_large_image\" \/>\n<meta name=\"twitter:label1\" content=\"Escrito por\" \/>\n\t<meta name=\"twitter:data1\" content=\"afogadosfm\" \/>\n\t<meta name=\"twitter:label2\" content=\"Est. tempo de leitura\" \/>\n\t<meta name=\"twitter:data2\" content=\"3 minutos\" \/>\n<script type=\"application\/ld+json\" class=\"yoast-schema-graph\">{\"@context\":\"https:\\\/\\\/schema.org\",\"@graph\":[{\"@type\":\"Article\",\"@id\":\"https:\\\/\\\/afogadosfm.com.br\\\/afogadosfm\\\/2025\\\/01\\\/30\\\/afogados-fc-e-central-ficam-no-empate-no-o-vianao\\\/#article\",\"isPartOf\":{\"@id\":\"https:\\\/\\\/afogadosfm.com.br\\\/afogadosfm\\\/2025\\\/01\\\/30\\\/afogados-fc-e-central-ficam-no-empate-no-o-vianao\\\/\"},\"author\":{\"name\":\"afogadosfm\",\"@id\":\"https:\\\/\\\/afogadosfm.com.br\\\/afogadosfm\\\/#\\\/schema\\\/person\\\/60e56f2cf5dc960fc093fe093d9e9057\"},\"headline\":\"Afogados FC e Central ficam no empate no O Vian\u00e3o\",\"datePublished\":\"2025-01-30T09:25:22+00:00\",\"dateModified\":\"2025-01-30T09:25:27+00:00\",\"mainEntityOfPage\":{\"@id\":\"https:\\\/\\\/afogadosfm.com.br\\\/afogadosfm\\\/2025\\\/01\\\/30\\\/afogados-fc-e-central-ficam-no-empate-no-o-vianao\\\/\"},\"wordCount\":434,\"commentCount\":0,\"publisher\":{\"@id\":\"https:\\\/\\\/afogadosfm.com.br\\\/afogadosfm\\\/#organization\"},\"image\":{\"@id\":\"https:\\\/\\\/afogadosfm.com.br\\\/afogadosfm\\\/2025\\\/01\\\/30\\\/afogados-fc-e-central-ficam-no-empate-no-o-vianao\\\/#primaryimage\"},\"thumbnailUrl\":\"https:\\\/\\\/i0.wp.com\\\/afogadosfm.com.br\\\/afogadosfm\\\/wp-content\\\/uploads\\\/2022\\\/02\\\/AIFC.jpg?fit=225%2C225&ssl=1\",\"articleSection\":[\"Afogados da Ingazeira\"],\"inLanguage\":\"pt-BR\",\"potentialAction\":[{\"@type\":\"CommentAction\",\"name\":\"Comment\",\"target\":[\"https:\\\/\\\/afogadosfm.com.br\\\/afogadosfm\\\/2025\\\/01\\\/30\\\/afogados-fc-e-central-ficam-no-empate-no-o-vianao\\\/#respond\"]}]},{\"@type\":\"WebPage\",\"@id\":\"https:\\\/\\\/afogadosfm.com.br\\\/afogadosfm\\\/2025\\\/01\\\/30\\\/afogados-fc-e-central-ficam-no-empate-no-o-vianao\\\/\",\"url\":\"https:\\\/\\\/afogadosfm.com.br\\\/afogadosfm\\\/2025\\\/01\\\/30\\\/afogados-fc-e-central-ficam-no-empate-no-o-vianao\\\/\",\"name\":\"Afogados FC e Central ficam no empate no O Vian\u00e3o - Afogados FM\",\"isPartOf\":{\"@id\":\"https:\\\/\\\/afogadosfm.com.br\\\/afogadosfm\\\/#website\"},\"primaryImageOfPage\":{\"@id\":\"https:\\\/\\\/afogadosfm.com.br\\\/afogadosfm\\\/2025\\\/01\\\/30\\\/afogados-fc-e-central-ficam-no-empate-no-o-vianao\\\/#primaryimage\"},\"image\":{\"@id\":\"https:\\\/\\\/afogadosfm.com.br\\\/afogadosfm\\\/2025\\\/01\\\/30\\\/afogados-fc-e-central-ficam-no-empate-no-o-vianao\\\/#primaryimage\"},\"thumbnailUrl\":\"https:\\\/\\\/i0.wp.com\\\/afogadosfm.com.br\\\/afogadosfm\\\/wp-content\\\/uploads\\\/2022\\\/02\\\/AIFC.jpg?fit=225%2C225&ssl=1\",\"datePublished\":\"2025-01-30T09:25:22+00:00\",\"dateModified\":\"2025-01-30T09:25:27+00:00\",\"breadcrumb\":{\"@id\":\"https:\\\/\\\/afogadosfm.com.br\\\/afogadosfm\\\/2025\\\/01\\\/30\\\/afogados-fc-e-central-ficam-no-empate-no-o-vianao\\\/#breadcrumb\"},\"inLanguage\":\"pt-BR\",\"potentialAction\":[{\"@type\":\"ReadAction\",\"target\":[\"https:\\\/\\\/afogadosfm.com.br\\\/afogadosfm\\\/2025\\\/01\\\/30\\\/afogados-fc-e-central-ficam-no-empate-no-o-vianao\\\/\"]}]},{\"@type\":\"ImageObject\",\"inLanguage\":\"pt-BR\",\"@id\":\"https:\\\/\\\/afogadosfm.com.br\\\/afogadosfm\\\/2025\\\/01\\\/30\\\/afogados-fc-e-central-ficam-no-empate-no-o-vianao\\\/#primaryimage\",\"url\":\"https:\\\/\\\/i0.wp.com\\\/afogadosfm.com.br\\\/afogadosfm\\\/wp-content\\\/uploads\\\/2022\\\/02\\\/AIFC.jpg?fit=225%2C225&ssl=1\",\"contentUrl\":\"https:\\\/\\\/i0.wp.com\\\/afogadosfm.com.br\\\/afogadosfm\\\/wp-content\\\/uploads\\\/2022\\\/02\\\/AIFC.jpg?fit=225%2C225&ssl=1\",\"width\":225,\"height\":225},{\"@type\":\"BreadcrumbList\",\"@id\":\"https:\\\/\\\/afogadosfm.com.br\\\/afogadosfm\\\/2025\\\/01\\\/30\\\/afogados-fc-e-central-ficam-no-empate-no-o-vianao\\\/#breadcrumb\",\"itemListElement\":[{\"@type\":\"ListItem\",\"position\":1,\"name\":\"In\u00edcio\",\"item\":\"https:\\\/\\\/afogadosfm.com.br\\\/afogadosfm\\\/\"},{\"@type\":\"ListItem\",\"position\":2,\"name\":\"Afogados FC e Central ficam no empate no O Vian\u00e3o\"}]},{\"@type\":\"WebSite\",\"@id\":\"https:\\\/\\\/afogadosfm.com.br\\\/afogadosfm\\\/#website\",\"url\":\"https:\\\/\\\/afogadosfm.com.br\\\/afogadosfm\\\/\",\"name\":\"Afogados FM\",\"description\":\"Um site completo!\",\"publisher\":{\"@id\":\"https:\\\/\\\/afogadosfm.com.br\\\/afogadosfm\\\/#organization\"},\"potentialAction\":[{\"@type\":\"SearchAction\",\"target\":{\"@type\":\"EntryPoint\",\"urlTemplate\":\"https:\\\/\\\/afogadosfm.com.br\\\/afogadosfm\\\/?s={search_term_string}\"},\"query-input\":{\"@type\":\"PropertyValueSpecification\",\"valueRequired\":true,\"valueName\":\"search_term_string\"}}],\"inLanguage\":\"pt-BR\"},{\"@type\":\"Organization\",\"@id\":\"https:\\\/\\\/afogadosfm.com.br\\\/afogadosfm\\\/#organization\",\"name\":\"Afogados FM\",\"url\":\"https:\\\/\\\/afogadosfm.com.br\\\/afogadosfm\\\/\",\"logo\":{\"@type\":\"ImageObject\",\"inLanguage\":\"pt-BR\",\"@id\":\"https:\\\/\\\/afogadosfm.com.br\\\/afogadosfm\\\/#\\\/schema\\\/logo\\\/image\\\/\",\"url\":\"https:\\\/\\\/i0.wp.com\\\/afogadosfm.com.br\\\/afogadosfm\\\/wp-content\\\/uploads\\\/2020\\\/06\\\/cropped-banner-afogados-4.jpg?fit=369%2C137&ssl=1\",\"contentUrl\":\"https:\\\/\\\/i0.wp.com\\\/afogadosfm.com.br\\\/afogadosfm\\\/wp-content\\\/uploads\\\/2020\\\/06\\\/cropped-banner-afogados-4.jpg?fit=369%2C137&ssl=1\",\"width\":369,\"height\":137,\"caption\":\"Afogados FM\"},\"image\":{\"@id\":\"https:\\\/\\\/afogadosfm.com.br\\\/afogadosfm\\\/#\\\/schema\\\/logo\\\/image\\\/\"}},{\"@type\":\"Person\",\"@id\":\"https:\\\/\\\/afogadosfm.com.br\\\/afogadosfm\\\/#\\\/schema\\\/person\\\/60e56f2cf5dc960fc093fe093d9e9057\",\"name\":\"afogadosfm\",\"image\":{\"@type\":\"ImageObject\",\"inLanguage\":\"pt-BR\",\"@id\":\"https:\\\/\\\/secure.gravatar.com\\\/avatar\\\/e0359add7ed5dc3560906d861b52c6a8cf5c1e199d3a7dd85070998f49bd4701?s=96&d=mm&r=g\",\"url\":\"https:\\\/\\\/secure.gravatar.com\\\/avatar\\\/e0359add7ed5dc3560906d861b52c6a8cf5c1e199d3a7dd85070998f49bd4701?s=96&d=mm&r=g\",\"contentUrl\":\"https:\\\/\\\/secure.gravatar.com\\\/avatar\\\/e0359add7ed5dc3560906d861b52c6a8cf5c1e199d3a7dd85070998f49bd4701?s=96&d=mm&r=g\",\"caption\":\"afogadosfm\"},\"url\":\"https:\\\/\\\/afogadosfm.com.br\\\/afogadosfm\\\/author\\\/afogadosfm\\\/\"}]}<\/script>\n<!-- \/ Yoast SEO plugin. -->","yoast_head_json":{"title":"Afogados FC e Central ficam no empate no O Vian\u00e3o - Afogados FM","robots":{"index":"index","follow":"follow","max-snippet":"max-snippet:-1","max-image-preview":"max-image-preview:large","max-video-preview":"max-video-preview:-1"},"canonical":"https:\/\/afogadosfm.com.br\/afogadosfm\/2025\/01\/30\/afogados-fc-e-central-ficam-no-empate-no-o-vianao\/","og_locale":"pt_BR","og_type":"article","og_title":"Afogados FC e Central ficam no empate no O Vian\u00e3o - Afogados FM","og_description":"Afogados e Central se enfrentaram pela quinta rodada do Campeonato Pernambucano e empataram por 1 a 1, no est\u00e1dio Vian\u00e3o.","og_url":"https:\/\/afogadosfm.com.br\/afogadosfm\/2025\/01\/30\/afogados-fc-e-central-ficam-no-empate-no-o-vianao\/","og_site_name":"Afogados FM","article_published_time":"2025-01-30T09:25:22+00:00","article_modified_time":"2025-01-30T09:25:27+00:00","og_image":[{"width":225,"height":225,"url":"https:\/\/afogadosfm.com.br\/afogadosfm\/wp-content\/uploads\/2022\/02\/AIFC.jpg","type":"image\/jpeg"}],"author":"afogadosfm","twitter_card":"summary_large_image","twitter_misc":{"Escrito por":"afogadosfm","Est. tempo de leitura":"3 minutos"},"schema":{"@context":"https:\/\/schema.org","@graph":[{"@type":"Article","@id":"https:\/\/afogadosfm.com.br\/afogadosfm\/2025\/01\/30\/afogados-fc-e-central-ficam-no-empate-no-o-vianao\/#article","isPartOf":{"@id":"https:\/\/afogadosfm.com.br\/afogadosfm\/2025\/01\/30\/afogados-fc-e-central-ficam-no-empate-no-o-vianao\/"},"author":{"name":"afogadosfm","@id":"https:\/\/afogadosfm.com.br\/afogadosfm\/#\/schema\/person\/60e56f2cf5dc960fc093fe093d9e9057"},"headline":"Afogados FC e Central ficam no empate no O Vian\u00e3o","datePublished":"2025-01-30T09:25:22+00:00","dateModified":"2025-01-30T09:25:27+00:00","mainEntityOfPage":{"@id":"https:\/\/afogadosfm.com.br\/afogadosfm\/2025\/01\/30\/afogados-fc-e-central-ficam-no-empate-no-o-vianao\/"},"wordCount":434,"commentCount":0,"publisher":{"@id":"https:\/\/afogadosfm.com.br\/afogadosfm\/#organization"},"image":{"@id":"https:\/\/afogadosfm.com.br\/afogadosfm\/2025\/01\/30\/afogados-fc-e-central-ficam-no-empate-no-o-vianao\/#primaryimage"},"thumbnailUrl":"https:\/\/i0.wp.com\/afogadosfm.com.br\/afogadosfm\/wp-content\/uploads\/2022\/02\/AIFC.jpg?fit=225%2C225&ssl=1","articleSection":["Afogados da Ingazeira"],"inLanguage":"pt-BR","potentialAction":[{"@type":"CommentAction","name":"Comment","target":["https:\/\/afogadosfm.com.br\/afogadosfm\/2025\/01\/30\/afogados-fc-e-central-ficam-no-empate-no-o-vianao\/#respond"]}]},{"@type":"WebPage","@id":"https:\/\/afogadosfm.com.br\/afogadosfm\/2025\/01\/30\/afogados-fc-e-central-ficam-no-empate-no-o-vianao\/","url":"https:\/\/afogadosfm.com.br\/afogadosfm\/2025\/01\/30\/afogados-fc-e-central-ficam-no-empate-no-o-vianao\/","name":"Afogados FC e Central ficam no empate no O Vian\u00e3o - Afogados FM","isPartOf":{"@id":"https:\/\/afogadosfm.com.br\/afogadosfm\/#website"},"primaryImageOfPage":{"@id":"https:\/\/afogadosfm.com.br\/afogadosfm\/2025\/01\/30\/afogados-fc-e-central-ficam-no-empate-no-o-vianao\/#primaryimage"},"image":{"@id":"https:\/\/afogadosfm.com.br\/afogadosfm\/2025\/01\/30\/afogados-fc-e-central-ficam-no-empate-no-o-vianao\/#primaryimage"},"thumbnailUrl":"https:\/\/i0.wp.com\/afogadosfm.com.br\/afogadosfm\/wp-content\/uploads\/2022\/02\/AIFC.jpg?fit=225%2C225&ssl=1","datePublished":"2025-01-30T09:25:22+00:00","dateModified":"2025-01-30T09:25:27+00:00","breadcrumb":{"@id":"https:\/\/afogadosfm.com.br\/afogadosfm\/2025\/01\/30\/afogados-fc-e-central-ficam-no-empate-no-o-vianao\/#breadcrumb"},"inLanguage":"pt-BR","potentialAction":[{"@type":"ReadAction","target":["https:\/\/afogadosfm.com.br\/afogadosfm\/2025\/01\/30\/afogados-fc-e-central-ficam-no-empate-no-o-vianao\/"]}]},{"@type":"ImageObject","inLanguage":"pt-BR","@id":"https:\/\/afogadosfm.com.br\/afogadosfm\/2025\/01\/30\/afogados-fc-e-central-ficam-no-empate-no-o-vianao\/#primaryimage","url":"https:\/\/i0.wp.com\/afogadosfm.com.br\/afogadosfm\/wp-content\/uploads\/2022\/02\/AIFC.jpg?fit=225%2C225&ssl=1","contentUrl":"https:\/\/i0.wp.com\/afogadosfm.com.br\/afogadosfm\/wp-content\/uploads\/2022\/02\/AIFC.jpg?fit=225%2C225&ssl=1","width":225,"height":225},{"@type":"BreadcrumbList","@id":"https:\/\/afogadosfm.com.br\/afogadosfm\/2025\/01\/30\/afogados-fc-e-central-ficam-no-empate-no-o-vianao\/#breadcrumb","itemListElement":[{"@type":"ListItem","position":1,"name":"In\u00edcio","item":"https:\/\/afogadosfm.com.br\/afogadosfm\/"},{"@type":"ListItem","position":2,"name":"Afogados FC e Central ficam no empate no O Vian\u00e3o"}]},{"@type":"WebSite","@id":"https:\/\/afogadosfm.com.br\/afogadosfm\/#website","url":"https:\/\/afogadosfm.com.br\/afogadosfm\/","name":"Afogados FM","description":"Um site completo!","publisher":{"@id":"https:\/\/afogadosfm.com.br\/afogadosfm\/#organization"},"potentialAction":[{"@type":"SearchAction","target":{"@type":"EntryPoint","urlTemplate":"https:\/\/afogadosfm.com.br\/afogadosfm\/?s={search_term_string}"},"query-input":{"@type":"PropertyValueSpecification","valueRequired":true,"valueName":"search_term_string"}}],"inLanguage":"pt-BR"},{"@type":"Organization","@id":"https:\/\/afogadosfm.com.br\/afogadosfm\/#organization","name":"Afogados FM","url":"https:\/\/afogadosfm.com.br\/afogadosfm\/","logo":{"@type":"ImageObject","inLanguage":"pt-BR","@id":"https:\/\/afogadosfm.com.br\/afogadosfm\/#\/schema\/logo\/image\/","url":"https:\/\/i0.wp.com\/afogadosfm.com.br\/afogadosfm\/wp-content\/uploads\/2020\/06\/cropped-banner-afogados-4.jpg?fit=369%2C137&ssl=1","contentUrl":"https:\/\/i0.wp.com\/afogadosfm.com.br\/afogadosfm\/wp-content\/uploads\/2020\/06\/cropped-banner-afogados-4.jpg?fit=369%2C137&ssl=1","width":369,"height":137,"caption":"Afogados FM"},"image":{"@id":"https:\/\/afogadosfm.com.br\/afogadosfm\/#\/schema\/logo\/image\/"}},{"@type":"Person","@id":"https:\/\/afogadosfm.com.br\/afogadosfm\/#\/schema\/person\/60e56f2cf5dc960fc093fe093d9e9057","name":"afogadosfm","image":{"@type":"ImageObject","inLanguage":"pt-BR","@id":"https:\/\/secure.gravatar.com\/avatar\/e0359add7ed5dc3560906d861b52c6a8cf5c1e199d3a7dd85070998f49bd4701?s=96&d=mm&r=g","url":"https:\/\/secure.gravatar.com\/avatar\/e0359add7ed5dc3560906d861b52c6a8cf5c1e199d3a7dd85070998f49bd4701?s=96&d=mm&r=g","contentUrl":"https:\/\/secure.gravatar.com\/avatar\/e0359add7ed5dc3560906d861b52c6a8cf5c1e199d3a7dd85070998f49bd4701?s=96&d=mm&r=g","caption":"afogadosfm"},"url":"https:\/\/afogadosfm.com.br\/afogadosfm\/author\/afogadosfm\/"}]}},"jetpack_publicize_connections":[],"jetpack_featured_media_url":"https:\/\/i0.wp.com\/afogadosfm.com.br\/afogadosfm\/wp-content\/uploads\/2022\/02\/AIFC.jpg?fit=225%2C225&ssl=1","jetpack-related-posts":[],"jetpack_sharing_enabled":true,"jetpack_likes_enabled":true,"_links":{"self":[{"href":"https:\/\/afogadosfm.com.br\/afogadosfm\/wp-json\/wp\/v2\/posts\/62999","targetHints":{"allow":["GET"]}}],"collection":[{"href":"https:\/\/afogadosfm.com.br\/afogadosfm\/wp-json\/wp\/v2\/posts"}],"about":[{"href":"https:\/\/afogadosfm.com.br\/afogadosfm\/wp-json\/wp\/v2\/types\/post"}],"author":[{"embeddable":true,"href":"https:\/\/afogadosfm.com.br\/afogadosfm\/wp-json\/wp\/v2\/users\/2"}],"replies":[{"embeddable":true,"href":"https:\/\/afogadosfm.com.br\/afogadosfm\/wp-json\/wp\/v2\/comments?post=62999"}],"version-history":[{"count":1,"href":"https:\/\/afogadosfm.com.br\/afogadosfm\/wp-json\/wp\/v2\/posts\/62999\/revisions"}],"predecessor-version":[{"id":63000,"href":"https:\/\/afogadosfm.com.br\/afogadosfm\/wp-json\/wp\/v2\/posts\/62999\/revisions\/63000"}],"wp:featuredmedia":[{"embeddable":true,"href":"https:\/\/afogadosfm.com.br\/afogadosfm\/wp-json\/wp\/v2\/media\/35206"}],"wp:attachment":[{"href":"https:\/\/afogadosfm.com.br\/afogadosfm\/wp-json\/wp\/v2\/media?parent=62999"}],"wp:term":[{"taxonomy":"category","embeddable":true,"href":"https:\/\/afogadosfm.com.br\/afogadosfm\/wp-json\/wp\/v2\/categories?post=62999"},{"taxonomy":"post_tag","embeddable":true,"href":"https:\/\/afogadosfm.com.br\/afogadosfm\/wp-json\/wp\/v2\/tags?post=62999"}],"curies":[{"name":"wp","href":"https:\/\/api.w.org\/{rel}","templated":true}]}}