{"id":63005,"date":"2025-01-30T07:02:23","date_gmt":"2025-01-30T10:02:23","guid":{"rendered":"https:\/\/afogadosfm.com.br\/afogadosfm\/?p=63005"},"modified":"2025-01-30T07:02:28","modified_gmt":"2025-01-30T10:02:28","slug":"o-pe-na-estrada-esta-chegando-em-todos-os-cantos-do-estado-diz-raquel-lyra","status":"publish","type":"post","link":"https:\/\/afogadosfm.com.br\/afogadosfm\/2025\/01\/30\/o-pe-na-estrada-esta-chegando-em-todos-os-cantos-do-estado-diz-raquel-lyra\/","title":{"rendered":"\u201cO PE na Estrada est\u00e1 chegando em todos os cantos do Estado&#8221; diz Raquel Lyra"},"content":{"rendered":"\n<p>Em mais uma a\u00e7\u00e3o do PE na Estrada, a governadora Raquel Lyra entregou, na quarta-feira (29), em \u00c1guas Belas, a recupera\u00e7\u00e3o da PE-300, no trecho que liga o munic\u00edpio do Agreste Meridional a Inaj\u00e1, no Sert\u00e3o do Moxot\u00f3. A interven\u00e7\u00e3o, de 96 quil\u00f4metros de extens\u00e3o, contou com investimento de R$ 105,3 milh\u00f5es dentro do maior programa de investimentos em infraestrutura vi\u00e1ria de Pernambuco.<\/p>\n\n\n\n<p>\u201cO PE na Estrada est\u00e1 chegando em todos os cantos do Estado, mais de tr\u00eas mil quil\u00f4metros de estradas ser\u00e3o contempladas, como a PE-300, obra prometida h\u00e1 muito tempo e que agora, no nosso governo, estamos entregando. Inauguramos uma rodovia importante, mas n\u00e3o vamos parar por aqui, pois temos obras do Sert\u00e3o ao Litoral. Todos os dias do ano vamos trabalhar para recuperar a qualidade de vida do povo pernambucano\u201d, destacou a governadora. Na ocasi\u00e3o, Raquel ainda anunciou que, em breve, ser\u00e1 assinada ordem de servi\u00e7o para constru\u00e7\u00e3o de um Centro de Educa\u00e7\u00e3o Infantil em \u00c1guas Belas, unidade que vai ofertar vagas de creche no munic\u00edpio.<\/p>\n\n\n\n<p>A nova PE-300 recebeu uma ampla requalifica\u00e7\u00e3o, incluindo a recupera\u00e7\u00e3o da base do pavimento, novo revestimento asf\u00e1ltico, implanta\u00e7\u00e3o de sistemas de drenagem e sinaliza\u00e7\u00e3o. A entrega representa um avan\u00e7o significativo para a mobilidade e a seguran\u00e7a da popula\u00e7\u00e3o, al\u00e9m de impulsionar o desenvolvimento econ\u00f4mico da regi\u00e3o.<\/p>\n\n\n\n<p>\u201cA entrega da PE-300 \u00e9 um marco significativo para o Agreste pernambucano. Esta restaura\u00e7\u00e3o n\u00e3o apenas melhora a mobilidade e a seguran\u00e7a vi\u00e1ria, mas tamb\u00e9m fortalece a economia local ao facilitar o escoamento da produ\u00e7\u00e3o agropecu\u00e1ria. Estamos comprometidos em continuar investindo em infraestrutura de qualidade para promover o desenvolvimento sustent\u00e1vel e o bem-estar da popula\u00e7\u00e3o atrav\u00e9s do PE na Estrada\u201d, disse o secret\u00e1rio de Mobilidade e Infraestrutura, Diogo Bezerra.<\/p>\n\n\n\n<p>A interven\u00e7\u00e3o j\u00e1 est\u00e1 trazendo benef\u00edcios para os mais de 100 mil moradores dos munic\u00edpios pelos quais a via passa, al\u00e9m de impulsionar o transporte da produ\u00e7\u00e3o agr\u00edcola e pecu\u00e1ria. &#8220;Precisamos dessa estrada para escoar a produ\u00e7\u00e3o de leite, que \u00e9 o ouro da nossa regi\u00e3o, por isso este \u00e9 um momento muito importante para \u00c1guas Belas. O tipo de coisa que a gente s\u00f3 consegue fazer quando se une, e foi isso o que a governadora Raquel Lyra fez, possibilitou essa parceria com o Governo do Estado&#8221;, afirmou o prefeito do munic\u00edpio, Elton Martins.<\/p>\n\n\n\n<p>A regi\u00e3o cortada pela PE-300 abriga a maior bacia leiteira do Estado e ganha agora melhores condi\u00e7\u00f5es para escoar sua produ\u00e7\u00e3o, fortalecendo a cadeia produtiva. A \u00e1rea tamb\u00e9m \u00e9 rica em culturas como feij\u00e3o, tomate, mel\u00e3o, melancia, milho e mandioca. &#8220;Essa estrada era o sonho do povo que mora aqui, que vai para o hospital de ambul\u00e2ncia e antes passava por um grande sofrimento, principalmente quem \u00e9 da zona rural. Agora, com a estrada pronta, vai ser muito mais f\u00e1cil para o com\u00e9rcio local se desenvolver&#8221;, disse o florista Valter Albuquerque de Ara\u00fajo, de 55 anos, morador da regi\u00e3o.<\/p>\n\n\n\n<p>Al\u00e9m da Secretaria de Mobilidade e Infraestrutura (Semobi), tamb\u00e9m participou da entrega o Departamento de Estradas de Rodagem (DER-PE). Para Rivaldo Melo, diretor-presidente do \u00f3rg\u00e3o, a obra simboliza o compromisso do governo estadual com o desenvolvimento e o bem-estar dos pernambucanos.<\/p>\n\n\n\n<p>&#8220;Estamos entregando uma rodovia que representa muito mais do que mobilidade. \u00c9 um avan\u00e7o estrutural e econ\u00f4mico para toda a regi\u00e3o do Agreste. A nossa governadora Raquel Lyra e o secret\u00e1rio Diogo Bezerra t\u00eam feito todo trabalho com olhar para as pessoas, para garantir que o DER tenha todos os recursos necess\u00e1rios para construir e projetar estradas como essa&#8221;, destacou Melo.<\/p>\n\n\n\n<p>O deputado estadual Doriel Barros afirmou que a restaura\u00e7\u00e3o \u00e9 uma alegria para a regi\u00e3o. &#8220;Passamos dez anos com uma estrada ruim, produ\u00e7\u00e3o de leite sem conseguir escoar, caminh\u00e3o-pipa sem conseguir chegar em \u00c1guas Belas, mas hoje \u00e9 uma nova realidade&#8221;, disse. O deputado estadual Claudiano Martins Filho tamb\u00e9m celebrou a conquista. &#8220;Incluir a PE-300 (no PE na Estrada) foi uma decis\u00e3o acertada e hoje celebramos esta estrada de qualidade para escoar a produ\u00e7\u00e3o e para quem est\u00e1 em alguma emerg\u00eancia&#8221;, afirmou.<\/p>\n\n\n\n<p>Estavam presentes na cerim\u00f4nia os prefeitos Saulo Maruim, de Brej\u00e3o; T\u00falio Monteiro, de Bu\u00edque; Z\u00e9 Elias Filho, de Cal\u00e7ado; Camila Souza, de Iati; Pedro Pilota, de Ita\u00edba; J\u00fanior de Rivaldo, de Salo\u00e1; Arn\u00f3bio Gomes, de Terezinha; e Professor Ronaldo, de Tupanatinga, al\u00e9m de vereadores e outras lideran\u00e7as locais.<\/p>\n","protected":false},"excerpt":{"rendered":"<p>Em mais uma a\u00e7\u00e3o do PE na Estrada, a governadora Raquel Lyra entregou, na quarta-feira (29), em \u00c1guas Belas, a<\/p>\n","protected":false},"author":2,"featured_media":61275,"comment_status":"open","ping_status":"open","sticky":false,"template":"","format":"standard","meta":{"jetpack_post_was_ever_published":false,"_jetpack_newsletter_access":"","_jetpack_dont_email_post_to_subs":false,"_jetpack_newsletter_tier_id":0,"_jetpack_memberships_contains_paywalled_content":false,"_jetpack_memberships_contains_paid_content":false,"footnotes":"","jetpack_publicize_message":"","jetpack_publicize_feature_enabled":true,"jetpack_social_post_already_shared":true,"jetpack_social_options":{"image_generator_settings":{"template":"highway","default_image_id":0,"font":"","enabled":false},"version":2}},"categories":[13],"tags":[],"class_list":["post-63005","post","type-post","status-publish","format-standard","has-post-thumbnail","hentry","category-pernambuco"],"yoast_head":"<!-- This site is optimized with the Yoast SEO plugin v27.5 - https:\/\/yoast.com\/product\/yoast-seo-wordpress\/ -->\n<title>\u201cO PE na Estrada est\u00e1 chegando em todos os cantos do Estado&quot; diz Raquel Lyra - Afogados FM<\/title>\n<meta name=\"robots\" content=\"index, follow, max-snippet:-1, max-image-preview:large, max-video-preview:-1\" \/>\n<link rel=\"canonical\" href=\"https:\/\/afogadosfm.com.br\/afogadosfm\/2025\/01\/30\/o-pe-na-estrada-esta-chegando-em-todos-os-cantos-do-estado-diz-raquel-lyra\/\" \/>\n<meta property=\"og:locale\" content=\"pt_BR\" \/>\n<meta property=\"og:type\" content=\"article\" \/>\n<meta property=\"og:title\" content=\"\u201cO PE na Estrada est\u00e1 chegando em todos os cantos do Estado&quot; diz Raquel Lyra - Afogados FM\" \/>\n<meta property=\"og:description\" content=\"Em mais uma a\u00e7\u00e3o do PE na Estrada, a governadora Raquel Lyra entregou, na quarta-feira (29), em \u00c1guas Belas, a\" \/>\n<meta property=\"og:url\" content=\"https:\/\/afogadosfm.com.br\/afogadosfm\/2025\/01\/30\/o-pe-na-estrada-esta-chegando-em-todos-os-cantos-do-estado-diz-raquel-lyra\/\" \/>\n<meta property=\"og:site_name\" content=\"Afogados FM\" \/>\n<meta property=\"article:published_time\" content=\"2025-01-30T10:02:23+00:00\" \/>\n<meta property=\"article:modified_time\" content=\"2025-01-30T10:02:28+00:00\" \/>\n<meta property=\"og:image\" content=\"https:\/\/afogadosfm.com.br\/afogadosfm\/wp-content\/uploads\/2024\/11\/Lula-RaquelLira-Pernambuco-GZovernadora-CEF-RitaSerrano-10-848x477-1.jpg\" \/>\n\t<meta property=\"og:image:width\" content=\"400\" \/>\n\t<meta property=\"og:image:height\" content=\"225\" \/>\n\t<meta property=\"og:image:type\" content=\"image\/jpeg\" \/>\n<meta name=\"author\" content=\"afogadosfm\" \/>\n<meta name=\"twitter:card\" content=\"summary_large_image\" \/>\n<meta name=\"twitter:label1\" content=\"Escrito por\" \/>\n\t<meta name=\"twitter:data1\" content=\"afogadosfm\" \/>\n\t<meta name=\"twitter:label2\" content=\"Est. tempo de leitura\" \/>\n\t<meta name=\"twitter:data2\" content=\"5 minutos\" \/>\n<script type=\"application\/ld+json\" class=\"yoast-schema-graph\">{\"@context\":\"https:\\\/\\\/schema.org\",\"@graph\":[{\"@type\":\"Article\",\"@id\":\"https:\\\/\\\/afogadosfm.com.br\\\/afogadosfm\\\/2025\\\/01\\\/30\\\/o-pe-na-estrada-esta-chegando-em-todos-os-cantos-do-estado-diz-raquel-lyra\\\/#article\",\"isPartOf\":{\"@id\":\"https:\\\/\\\/afogadosfm.com.br\\\/afogadosfm\\\/2025\\\/01\\\/30\\\/o-pe-na-estrada-esta-chegando-em-todos-os-cantos-do-estado-diz-raquel-lyra\\\/\"},\"author\":{\"name\":\"afogadosfm\",\"@id\":\"https:\\\/\\\/afogadosfm.com.br\\\/afogadosfm\\\/#\\\/schema\\\/person\\\/60e56f2cf5dc960fc093fe093d9e9057\"},\"headline\":\"\u201cO PE na Estrada est\u00e1 chegando em todos os cantos do Estado&#8221; diz Raquel Lyra\",\"datePublished\":\"2025-01-30T10:02:23+00:00\",\"dateModified\":\"2025-01-30T10:02:28+00:00\",\"mainEntityOfPage\":{\"@id\":\"https:\\\/\\\/afogadosfm.com.br\\\/afogadosfm\\\/2025\\\/01\\\/30\\\/o-pe-na-estrada-esta-chegando-em-todos-os-cantos-do-estado-diz-raquel-lyra\\\/\"},\"wordCount\":801,\"commentCount\":0,\"publisher\":{\"@id\":\"https:\\\/\\\/afogadosfm.com.br\\\/afogadosfm\\\/#organization\"},\"image\":{\"@id\":\"https:\\\/\\\/afogadosfm.com.br\\\/afogadosfm\\\/2025\\\/01\\\/30\\\/o-pe-na-estrada-esta-chegando-em-todos-os-cantos-do-estado-diz-raquel-lyra\\\/#primaryimage\"},\"thumbnailUrl\":\"https:\\\/\\\/i0.wp.com\\\/afogadosfm.com.br\\\/afogadosfm\\\/wp-content\\\/uploads\\\/2024\\\/11\\\/Lula-RaquelLira-Pernambuco-GZovernadora-CEF-RitaSerrano-10-848x477-1.jpg?fit=400%2C225&ssl=1\",\"articleSection\":[\"Pernambuco\"],\"inLanguage\":\"pt-BR\",\"potentialAction\":[{\"@type\":\"CommentAction\",\"name\":\"Comment\",\"target\":[\"https:\\\/\\\/afogadosfm.com.br\\\/afogadosfm\\\/2025\\\/01\\\/30\\\/o-pe-na-estrada-esta-chegando-em-todos-os-cantos-do-estado-diz-raquel-lyra\\\/#respond\"]}]},{\"@type\":\"WebPage\",\"@id\":\"https:\\\/\\\/afogadosfm.com.br\\\/afogadosfm\\\/2025\\\/01\\\/30\\\/o-pe-na-estrada-esta-chegando-em-todos-os-cantos-do-estado-diz-raquel-lyra\\\/\",\"url\":\"https:\\\/\\\/afogadosfm.com.br\\\/afogadosfm\\\/2025\\\/01\\\/30\\\/o-pe-na-estrada-esta-chegando-em-todos-os-cantos-do-estado-diz-raquel-lyra\\\/\",\"name\":\"\u201cO PE na Estrada est\u00e1 chegando em todos os cantos do Estado\\\" diz Raquel Lyra - Afogados FM\",\"isPartOf\":{\"@id\":\"https:\\\/\\\/afogadosfm.com.br\\\/afogadosfm\\\/#website\"},\"primaryImageOfPage\":{\"@id\":\"https:\\\/\\\/afogadosfm.com.br\\\/afogadosfm\\\/2025\\\/01\\\/30\\\/o-pe-na-estrada-esta-chegando-em-todos-os-cantos-do-estado-diz-raquel-lyra\\\/#primaryimage\"},\"image\":{\"@id\":\"https:\\\/\\\/afogadosfm.com.br\\\/afogadosfm\\\/2025\\\/01\\\/30\\\/o-pe-na-estrada-esta-chegando-em-todos-os-cantos-do-estado-diz-raquel-lyra\\\/#primaryimage\"},\"thumbnailUrl\":\"https:\\\/\\\/i0.wp.com\\\/afogadosfm.com.br\\\/afogadosfm\\\/wp-content\\\/uploads\\\/2024\\\/11\\\/Lula-RaquelLira-Pernambuco-GZovernadora-CEF-RitaSerrano-10-848x477-1.jpg?fit=400%2C225&ssl=1\",\"datePublished\":\"2025-01-30T10:02:23+00:00\",\"dateModified\":\"2025-01-30T10:02:28+00:00\",\"breadcrumb\":{\"@id\":\"https:\\\/\\\/afogadosfm.com.br\\\/afogadosfm\\\/2025\\\/01\\\/30\\\/o-pe-na-estrada-esta-chegando-em-todos-os-cantos-do-estado-diz-raquel-lyra\\\/#breadcrumb\"},\"inLanguage\":\"pt-BR\",\"potentialAction\":[{\"@type\":\"ReadAction\",\"target\":[\"https:\\\/\\\/afogadosfm.com.br\\\/afogadosfm\\\/2025\\\/01\\\/30\\\/o-pe-na-estrada-esta-chegando-em-todos-os-cantos-do-estado-diz-raquel-lyra\\\/\"]}]},{\"@type\":\"ImageObject\",\"inLanguage\":\"pt-BR\",\"@id\":\"https:\\\/\\\/afogadosfm.com.br\\\/afogadosfm\\\/2025\\\/01\\\/30\\\/o-pe-na-estrada-esta-chegando-em-todos-os-cantos-do-estado-diz-raquel-lyra\\\/#primaryimage\",\"url\":\"https:\\\/\\\/i0.wp.com\\\/afogadosfm.com.br\\\/afogadosfm\\\/wp-content\\\/uploads\\\/2024\\\/11\\\/Lula-RaquelLira-Pernambuco-GZovernadora-CEF-RitaSerrano-10-848x477-1.jpg?fit=400%2C225&ssl=1\",\"contentUrl\":\"https:\\\/\\\/i0.wp.com\\\/afogadosfm.com.br\\\/afogadosfm\\\/wp-content\\\/uploads\\\/2024\\\/11\\\/Lula-RaquelLira-Pernambuco-GZovernadora-CEF-RitaSerrano-10-848x477-1.jpg?fit=400%2C225&ssl=1\",\"width\":400,\"height\":225,\"caption\":\"O presidente Lula, ao lado da governadora de Pernambuco, Raquel Lyra, e da Presidente da Caixa, Rita Serrano, participa de cerim\u00f4nia de assinatura de contrato para financiamento \u00e0 Infraestrutura e Saneamento para o estado de Pernambuco. No pal\u00e1cio do Planalto. | S\u00e9rgio Lima\\\/Poder360 12.jul.2023\"},{\"@type\":\"BreadcrumbList\",\"@id\":\"https:\\\/\\\/afogadosfm.com.br\\\/afogadosfm\\\/2025\\\/01\\\/30\\\/o-pe-na-estrada-esta-chegando-em-todos-os-cantos-do-estado-diz-raquel-lyra\\\/#breadcrumb\",\"itemListElement\":[{\"@type\":\"ListItem\",\"position\":1,\"name\":\"In\u00edcio\",\"item\":\"https:\\\/\\\/afogadosfm.com.br\\\/afogadosfm\\\/\"},{\"@type\":\"ListItem\",\"position\":2,\"name\":\"\u201cO PE na Estrada est\u00e1 chegando em todos os cantos do Estado&#8221; diz Raquel Lyra\"}]},{\"@type\":\"WebSite\",\"@id\":\"https:\\\/\\\/afogadosfm.com.br\\\/afogadosfm\\\/#website\",\"url\":\"https:\\\/\\\/afogadosfm.com.br\\\/afogadosfm\\\/\",\"name\":\"Afogados FM\",\"description\":\"Um site completo!\",\"publisher\":{\"@id\":\"https:\\\/\\\/afogadosfm.com.br\\\/afogadosfm\\\/#organization\"},\"potentialAction\":[{\"@type\":\"SearchAction\",\"target\":{\"@type\":\"EntryPoint\",\"urlTemplate\":\"https:\\\/\\\/afogadosfm.com.br\\\/afogadosfm\\\/?s={search_term_string}\"},\"query-input\":{\"@type\":\"PropertyValueSpecification\",\"valueRequired\":true,\"valueName\":\"search_term_string\"}}],\"inLanguage\":\"pt-BR\"},{\"@type\":\"Organization\",\"@id\":\"https:\\\/\\\/afogadosfm.com.br\\\/afogadosfm\\\/#organization\",\"name\":\"Afogados FM\",\"url\":\"https:\\\/\\\/afogadosfm.com.br\\\/afogadosfm\\\/\",\"logo\":{\"@type\":\"ImageObject\",\"inLanguage\":\"pt-BR\",\"@id\":\"https:\\\/\\\/afogadosfm.com.br\\\/afogadosfm\\\/#\\\/schema\\\/logo\\\/image\\\/\",\"url\":\"https:\\\/\\\/i0.wp.com\\\/afogadosfm.com.br\\\/afogadosfm\\\/wp-content\\\/uploads\\\/2020\\\/06\\\/cropped-banner-afogados-4.jpg?fit=369%2C137&ssl=1\",\"contentUrl\":\"https:\\\/\\\/i0.wp.com\\\/afogadosfm.com.br\\\/afogadosfm\\\/wp-content\\\/uploads\\\/2020\\\/06\\\/cropped-banner-afogados-4.jpg?fit=369%2C137&ssl=1\",\"width\":369,\"height\":137,\"caption\":\"Afogados FM\"},\"image\":{\"@id\":\"https:\\\/\\\/afogadosfm.com.br\\\/afogadosfm\\\/#\\\/schema\\\/logo\\\/image\\\/\"}},{\"@type\":\"Person\",\"@id\":\"https:\\\/\\\/afogadosfm.com.br\\\/afogadosfm\\\/#\\\/schema\\\/person\\\/60e56f2cf5dc960fc093fe093d9e9057\",\"name\":\"afogadosfm\",\"image\":{\"@type\":\"ImageObject\",\"inLanguage\":\"pt-BR\",\"@id\":\"https:\\\/\\\/secure.gravatar.com\\\/avatar\\\/e0359add7ed5dc3560906d861b52c6a8cf5c1e199d3a7dd85070998f49bd4701?s=96&d=mm&r=g\",\"url\":\"https:\\\/\\\/secure.gravatar.com\\\/avatar\\\/e0359add7ed5dc3560906d861b52c6a8cf5c1e199d3a7dd85070998f49bd4701?s=96&d=mm&r=g\",\"contentUrl\":\"https:\\\/\\\/secure.gravatar.com\\\/avatar\\\/e0359add7ed5dc3560906d861b52c6a8cf5c1e199d3a7dd85070998f49bd4701?s=96&d=mm&r=g\",\"caption\":\"afogadosfm\"},\"url\":\"https:\\\/\\\/afogadosfm.com.br\\\/afogadosfm\\\/author\\\/afogadosfm\\\/\"}]}<\/script>\n<!-- \/ Yoast SEO plugin. -->","yoast_head_json":{"title":"\u201cO PE na Estrada est\u00e1 chegando em todos os cantos do Estado\" diz Raquel Lyra - Afogados FM","robots":{"index":"index","follow":"follow","max-snippet":"max-snippet:-1","max-image-preview":"max-image-preview:large","max-video-preview":"max-video-preview:-1"},"canonical":"https:\/\/afogadosfm.com.br\/afogadosfm\/2025\/01\/30\/o-pe-na-estrada-esta-chegando-em-todos-os-cantos-do-estado-diz-raquel-lyra\/","og_locale":"pt_BR","og_type":"article","og_title":"\u201cO PE na Estrada est\u00e1 chegando em todos os cantos do Estado\" diz Raquel Lyra - Afogados FM","og_description":"Em mais uma a\u00e7\u00e3o do PE na Estrada, a governadora Raquel Lyra entregou, na quarta-feira (29), em \u00c1guas Belas, a","og_url":"https:\/\/afogadosfm.com.br\/afogadosfm\/2025\/01\/30\/o-pe-na-estrada-esta-chegando-em-todos-os-cantos-do-estado-diz-raquel-lyra\/","og_site_name":"Afogados FM","article_published_time":"2025-01-30T10:02:23+00:00","article_modified_time":"2025-01-30T10:02:28+00:00","og_image":[{"width":400,"height":225,"url":"https:\/\/afogadosfm.com.br\/afogadosfm\/wp-content\/uploads\/2024\/11\/Lula-RaquelLira-Pernambuco-GZovernadora-CEF-RitaSerrano-10-848x477-1.jpg","type":"image\/jpeg"}],"author":"afogadosfm","twitter_card":"summary_large_image","twitter_misc":{"Escrito por":"afogadosfm","Est. tempo de leitura":"5 minutos"},"schema":{"@context":"https:\/\/schema.org","@graph":[{"@type":"Article","@id":"https:\/\/afogadosfm.com.br\/afogadosfm\/2025\/01\/30\/o-pe-na-estrada-esta-chegando-em-todos-os-cantos-do-estado-diz-raquel-lyra\/#article","isPartOf":{"@id":"https:\/\/afogadosfm.com.br\/afogadosfm\/2025\/01\/30\/o-pe-na-estrada-esta-chegando-em-todos-os-cantos-do-estado-diz-raquel-lyra\/"},"author":{"name":"afogadosfm","@id":"https:\/\/afogadosfm.com.br\/afogadosfm\/#\/schema\/person\/60e56f2cf5dc960fc093fe093d9e9057"},"headline":"\u201cO PE na Estrada est\u00e1 chegando em todos os cantos do Estado&#8221; diz Raquel Lyra","datePublished":"2025-01-30T10:02:23+00:00","dateModified":"2025-01-30T10:02:28+00:00","mainEntityOfPage":{"@id":"https:\/\/afogadosfm.com.br\/afogadosfm\/2025\/01\/30\/o-pe-na-estrada-esta-chegando-em-todos-os-cantos-do-estado-diz-raquel-lyra\/"},"wordCount":801,"commentCount":0,"publisher":{"@id":"https:\/\/afogadosfm.com.br\/afogadosfm\/#organization"},"image":{"@id":"https:\/\/afogadosfm.com.br\/afogadosfm\/2025\/01\/30\/o-pe-na-estrada-esta-chegando-em-todos-os-cantos-do-estado-diz-raquel-lyra\/#primaryimage"},"thumbnailUrl":"https:\/\/i0.wp.com\/afogadosfm.com.br\/afogadosfm\/wp-content\/uploads\/2024\/11\/Lula-RaquelLira-Pernambuco-GZovernadora-CEF-RitaSerrano-10-848x477-1.jpg?fit=400%2C225&ssl=1","articleSection":["Pernambuco"],"inLanguage":"pt-BR","potentialAction":[{"@type":"CommentAction","name":"Comment","target":["https:\/\/afogadosfm.com.br\/afogadosfm\/2025\/01\/30\/o-pe-na-estrada-esta-chegando-em-todos-os-cantos-do-estado-diz-raquel-lyra\/#respond"]}]},{"@type":"WebPage","@id":"https:\/\/afogadosfm.com.br\/afogadosfm\/2025\/01\/30\/o-pe-na-estrada-esta-chegando-em-todos-os-cantos-do-estado-diz-raquel-lyra\/","url":"https:\/\/afogadosfm.com.br\/afogadosfm\/2025\/01\/30\/o-pe-na-estrada-esta-chegando-em-todos-os-cantos-do-estado-diz-raquel-lyra\/","name":"\u201cO PE na Estrada est\u00e1 chegando em todos os cantos do Estado\" diz Raquel Lyra - Afogados FM","isPartOf":{"@id":"https:\/\/afogadosfm.com.br\/afogadosfm\/#website"},"primaryImageOfPage":{"@id":"https:\/\/afogadosfm.com.br\/afogadosfm\/2025\/01\/30\/o-pe-na-estrada-esta-chegando-em-todos-os-cantos-do-estado-diz-raquel-lyra\/#primaryimage"},"image":{"@id":"https:\/\/afogadosfm.com.br\/afogadosfm\/2025\/01\/30\/o-pe-na-estrada-esta-chegando-em-todos-os-cantos-do-estado-diz-raquel-lyra\/#primaryimage"},"thumbnailUrl":"https:\/\/i0.wp.com\/afogadosfm.com.br\/afogadosfm\/wp-content\/uploads\/2024\/11\/Lula-RaquelLira-Pernambuco-GZovernadora-CEF-RitaSerrano-10-848x477-1.jpg?fit=400%2C225&ssl=1","datePublished":"2025-01-30T10:02:23+00:00","dateModified":"2025-01-30T10:02:28+00:00","breadcrumb":{"@id":"https:\/\/afogadosfm.com.br\/afogadosfm\/2025\/01\/30\/o-pe-na-estrada-esta-chegando-em-todos-os-cantos-do-estado-diz-raquel-lyra\/#breadcrumb"},"inLanguage":"pt-BR","potentialAction":[{"@type":"ReadAction","target":["https:\/\/afogadosfm.com.br\/afogadosfm\/2025\/01\/30\/o-pe-na-estrada-esta-chegando-em-todos-os-cantos-do-estado-diz-raquel-lyra\/"]}]},{"@type":"ImageObject","inLanguage":"pt-BR","@id":"https:\/\/afogadosfm.com.br\/afogadosfm\/2025\/01\/30\/o-pe-na-estrada-esta-chegando-em-todos-os-cantos-do-estado-diz-raquel-lyra\/#primaryimage","url":"https:\/\/i0.wp.com\/afogadosfm.com.br\/afogadosfm\/wp-content\/uploads\/2024\/11\/Lula-RaquelLira-Pernambuco-GZovernadora-CEF-RitaSerrano-10-848x477-1.jpg?fit=400%2C225&ssl=1","contentUrl":"https:\/\/i0.wp.com\/afogadosfm.com.br\/afogadosfm\/wp-content\/uploads\/2024\/11\/Lula-RaquelLira-Pernambuco-GZovernadora-CEF-RitaSerrano-10-848x477-1.jpg?fit=400%2C225&ssl=1","width":400,"height":225,"caption":"O presidente Lula, ao lado da governadora de Pernambuco, Raquel Lyra, e da Presidente da Caixa, Rita Serrano, participa de cerim\u00f4nia de assinatura de contrato para financiamento \u00e0 Infraestrutura e Saneamento para o estado de Pernambuco. No pal\u00e1cio do Planalto. | S\u00e9rgio Lima\/Poder360 12.jul.2023"},{"@type":"BreadcrumbList","@id":"https:\/\/afogadosfm.com.br\/afogadosfm\/2025\/01\/30\/o-pe-na-estrada-esta-chegando-em-todos-os-cantos-do-estado-diz-raquel-lyra\/#breadcrumb","itemListElement":[{"@type":"ListItem","position":1,"name":"In\u00edcio","item":"https:\/\/afogadosfm.com.br\/afogadosfm\/"},{"@type":"ListItem","position":2,"name":"\u201cO PE na Estrada est\u00e1 chegando em todos os cantos do Estado&#8221; diz Raquel Lyra"}]},{"@type":"WebSite","@id":"https:\/\/afogadosfm.com.br\/afogadosfm\/#website","url":"https:\/\/afogadosfm.com.br\/afogadosfm\/","name":"Afogados FM","description":"Um site completo!","publisher":{"@id":"https:\/\/afogadosfm.com.br\/afogadosfm\/#organization"},"potentialAction":[{"@type":"SearchAction","target":{"@type":"EntryPoint","urlTemplate":"https:\/\/afogadosfm.com.br\/afogadosfm\/?s={search_term_string}"},"query-input":{"@type":"PropertyValueSpecification","valueRequired":true,"valueName":"search_term_string"}}],"inLanguage":"pt-BR"},{"@type":"Organization","@id":"https:\/\/afogadosfm.com.br\/afogadosfm\/#organization","name":"Afogados FM","url":"https:\/\/afogadosfm.com.br\/afogadosfm\/","logo":{"@type":"ImageObject","inLanguage":"pt-BR","@id":"https:\/\/afogadosfm.com.br\/afogadosfm\/#\/schema\/logo\/image\/","url":"https:\/\/i0.wp.com\/afogadosfm.com.br\/afogadosfm\/wp-content\/uploads\/2020\/06\/cropped-banner-afogados-4.jpg?fit=369%2C137&ssl=1","contentUrl":"https:\/\/i0.wp.com\/afogadosfm.com.br\/afogadosfm\/wp-content\/uploads\/2020\/06\/cropped-banner-afogados-4.jpg?fit=369%2C137&ssl=1","width":369,"height":137,"caption":"Afogados FM"},"image":{"@id":"https:\/\/afogadosfm.com.br\/afogadosfm\/#\/schema\/logo\/image\/"}},{"@type":"Person","@id":"https:\/\/afogadosfm.com.br\/afogadosfm\/#\/schema\/person\/60e56f2cf5dc960fc093fe093d9e9057","name":"afogadosfm","image":{"@type":"ImageObject","inLanguage":"pt-BR","@id":"https:\/\/secure.gravatar.com\/avatar\/e0359add7ed5dc3560906d861b52c6a8cf5c1e199d3a7dd85070998f49bd4701?s=96&d=mm&r=g","url":"https:\/\/secure.gravatar.com\/avatar\/e0359add7ed5dc3560906d861b52c6a8cf5c1e199d3a7dd85070998f49bd4701?s=96&d=mm&r=g","contentUrl":"https:\/\/secure.gravatar.com\/avatar\/e0359add7ed5dc3560906d861b52c6a8cf5c1e199d3a7dd85070998f49bd4701?s=96&d=mm&r=g","caption":"afogadosfm"},"url":"https:\/\/afogadosfm.com.br\/afogadosfm\/author\/afogadosfm\/"}]}},"jetpack_publicize_connections":[],"jetpack_featured_media_url":"https:\/\/i0.wp.com\/afogadosfm.com.br\/afogadosfm\/wp-content\/uploads\/2024\/11\/Lula-RaquelLira-Pernambuco-GZovernadora-CEF-RitaSerrano-10-848x477-1.jpg?fit=400%2C225&ssl=1","jetpack-related-posts":[],"jetpack_sharing_enabled":true,"jetpack_likes_enabled":true,"_links":{"self":[{"href":"https:\/\/afogadosfm.com.br\/afogadosfm\/wp-json\/wp\/v2\/posts\/63005","targetHints":{"allow":["GET"]}}],"collection":[{"href":"https:\/\/afogadosfm.com.br\/afogadosfm\/wp-json\/wp\/v2\/posts"}],"about":[{"href":"https:\/\/afogadosfm.com.br\/afogadosfm\/wp-json\/wp\/v2\/types\/post"}],"author":[{"embeddable":true,"href":"https:\/\/afogadosfm.com.br\/afogadosfm\/wp-json\/wp\/v2\/users\/2"}],"replies":[{"embeddable":true,"href":"https:\/\/afogadosfm.com.br\/afogadosfm\/wp-json\/wp\/v2\/comments?post=63005"}],"version-history":[{"count":1,"href":"https:\/\/afogadosfm.com.br\/afogadosfm\/wp-json\/wp\/v2\/posts\/63005\/revisions"}],"predecessor-version":[{"id":63006,"href":"https:\/\/afogadosfm.com.br\/afogadosfm\/wp-json\/wp\/v2\/posts\/63005\/revisions\/63006"}],"wp:featuredmedia":[{"embeddable":true,"href":"https:\/\/afogadosfm.com.br\/afogadosfm\/wp-json\/wp\/v2\/media\/61275"}],"wp:attachment":[{"href":"https:\/\/afogadosfm.com.br\/afogadosfm\/wp-json\/wp\/v2\/media?parent=63005"}],"wp:term":[{"taxonomy":"category","embeddable":true,"href":"https:\/\/afogadosfm.com.br\/afogadosfm\/wp-json\/wp\/v2\/categories?post=63005"},{"taxonomy":"post_tag","embeddable":true,"href":"https:\/\/afogadosfm.com.br\/afogadosfm\/wp-json\/wp\/v2\/tags?post=63005"}],"curies":[{"name":"wp","href":"https:\/\/api.w.org\/{rel}","templated":true}]}}