{"id":63007,"date":"2025-01-30T07:07:45","date_gmt":"2025-01-30T10:07:45","guid":{"rendered":"https:\/\/afogadosfm.com.br\/afogadosfm\/?p=63007"},"modified":"2025-01-30T07:07:50","modified_gmt":"2025-01-30T10:07:50","slug":"homens-sao-presos-com-arsenal-e-drogas-em-custodia-no-sertao","status":"publish","type":"post","link":"https:\/\/afogadosfm.com.br\/afogadosfm\/2025\/01\/30\/homens-sao-presos-com-arsenal-e-drogas-em-custodia-no-sertao\/","title":{"rendered":"Homens s\u00e3o presos com arsenal e drogas em Cust\u00f3dia no Sert\u00e3o\u00a0"},"content":{"rendered":"\n<p>Dois homens foram presos em&nbsp;Cust\u00f3dia, Sert\u00e3o de Pernambuco durante uma opera\u00e7\u00e3o conjunta da&nbsp;Pol\u00edcia Militar&nbsp;do Estado e da PM da Bahia. O suspeitos foram presos com uma grande quantidade de armas de fogo e drogas.&nbsp;<\/p>\n\n\n\n<p>A PM disse que ao levantar a exist\u00eancia de um poss\u00edvel refino de coca\u00edna, bem como armazenamento de drogas, armas e muni\u00e7\u00f5es, em Cust\u00f3dia, uma equipe foi ao local fazer a checagem. Ao chegar no ponto indicado, um grupo deixou o espa\u00e7o em alta velocidade em um carro.&nbsp;<\/p>\n\n\n\n<p>No local, foram localizados dois homens e um tablete de coca\u00edna.&nbsp;Foi descoberto que os foragidos eram de Cura\u00e7\u00e1 (BA) e mantido contato com os policiais baianos, que deram apoio aos policiais, a equipe localizou o esconderijo do grupo.<\/p>\n\n\n\n<p>No local, foram apreendidos uma espingarda e 89 cartuchos de calibre 12; uma pistola e 196 muni\u00e7\u00f5es calibre .9mm; uma pistola e 200 muni\u00e7\u00f5es calibre .40; um rifle calibre .38; um rifle calibre .22; uma espingarda calibre .635; tr\u00eas espingardas de press\u00e3o; uma espingarda artesanal.&nbsp;<\/p>\n\n\n\n<p>A pol\u00edcia tamb\u00e9m localizou quatro balan\u00e7as de precis\u00e3o; tr\u00eas carregadores calibre .9mm; tr\u00eas carregadores calibre .40; sete carregadores alongados; um supressor de ru\u00eddos; um rolo de papel filme; cinco caixas de chumbo calibre .635;\u00a0pequenas por\u00e7\u00f5es de maconha e crack; 2,340kg de coca\u00edna; tr\u00eas celulares e nove c\u00e1psulas deflagradas de calibre .36.\u00a0Os suspeitos e todo o material foram apresentados na Delegacia de Pol\u00edcia Civil de\u00a0Arcoverde, para ado\u00e7\u00e3o das medidas legais cab\u00edveis.\u00a0<\/p>\n","protected":false},"excerpt":{"rendered":"<p>Dois homens foram presos em&nbsp;Cust\u00f3dia, Sert\u00e3o de Pernambuco durante uma opera\u00e7\u00e3o conjunta da&nbsp;Pol\u00edcia Militar&nbsp;do Estado e da PM da Bahia.<\/p>\n","protected":false},"author":2,"featured_media":63008,"comment_status":"open","ping_status":"open","sticky":false,"template":"","format":"standard","meta":{"jetpack_post_was_ever_published":false,"_jetpack_newsletter_access":"","_jetpack_dont_email_post_to_subs":false,"_jetpack_newsletter_tier_id":0,"_jetpack_memberships_contains_paywalled_content":false,"_jetpack_memberships_contains_paid_content":false,"footnotes":"","jetpack_publicize_message":"","jetpack_publicize_feature_enabled":true,"jetpack_social_post_already_shared":true,"jetpack_social_options":{"image_generator_settings":{"template":"highway","default_image_id":0,"font":"","enabled":false},"version":2}},"categories":[32],"tags":[],"class_list":["post-63007","post","type-post","status-publish","format-standard","has-post-thumbnail","hentry","category-sertao"],"yoast_head":"<!-- This site is optimized with the Yoast SEO plugin v27.5 - https:\/\/yoast.com\/product\/yoast-seo-wordpress\/ -->\n<title>Homens s\u00e3o presos com arsenal e drogas em Cust\u00f3dia no Sert\u00e3o\u00a0 - Afogados FM<\/title>\n<meta name=\"robots\" content=\"index, follow, max-snippet:-1, max-image-preview:large, max-video-preview:-1\" \/>\n<link rel=\"canonical\" href=\"https:\/\/afogadosfm.com.br\/afogadosfm\/2025\/01\/30\/homens-sao-presos-com-arsenal-e-drogas-em-custodia-no-sertao\/\" \/>\n<meta property=\"og:locale\" content=\"pt_BR\" \/>\n<meta property=\"og:type\" content=\"article\" \/>\n<meta property=\"og:title\" content=\"Homens s\u00e3o presos com arsenal e drogas em Cust\u00f3dia no Sert\u00e3o\u00a0 - Afogados FM\" \/>\n<meta property=\"og:description\" content=\"Dois homens foram presos em&nbsp;Cust\u00f3dia, Sert\u00e3o de Pernambuco durante uma opera\u00e7\u00e3o conjunta da&nbsp;Pol\u00edcia Militar&nbsp;do Estado e da PM da Bahia.\" \/>\n<meta property=\"og:url\" content=\"https:\/\/afogadosfm.com.br\/afogadosfm\/2025\/01\/30\/homens-sao-presos-com-arsenal-e-drogas-em-custodia-no-sertao\/\" \/>\n<meta property=\"og:site_name\" content=\"Afogados FM\" \/>\n<meta property=\"article:published_time\" content=\"2025-01-30T10:07:45+00:00\" \/>\n<meta property=\"article:modified_time\" content=\"2025-01-30T10:07:50+00:00\" \/>\n<meta property=\"og:image\" content=\"https:\/\/afogadosfm.com.br\/afogadosfm\/wp-content\/uploads\/2025\/01\/img_0053-1.jpg\" \/>\n\t<meta property=\"og:image:width\" content=\"1000\" \/>\n\t<meta property=\"og:image:height\" content=\"757\" \/>\n\t<meta property=\"og:image:type\" content=\"image\/jpeg\" \/>\n<meta name=\"author\" content=\"afogadosfm\" \/>\n<meta name=\"twitter:card\" content=\"summary_large_image\" \/>\n<meta name=\"twitter:label1\" content=\"Escrito por\" \/>\n\t<meta name=\"twitter:data1\" content=\"afogadosfm\" \/>\n\t<meta name=\"twitter:label2\" content=\"Est. tempo de leitura\" \/>\n\t<meta name=\"twitter:data2\" content=\"2 minutos\" \/>\n<script type=\"application\/ld+json\" class=\"yoast-schema-graph\">{\"@context\":\"https:\\\/\\\/schema.org\",\"@graph\":[{\"@type\":\"Article\",\"@id\":\"https:\\\/\\\/afogadosfm.com.br\\\/afogadosfm\\\/2025\\\/01\\\/30\\\/homens-sao-presos-com-arsenal-e-drogas-em-custodia-no-sertao\\\/#article\",\"isPartOf\":{\"@id\":\"https:\\\/\\\/afogadosfm.com.br\\\/afogadosfm\\\/2025\\\/01\\\/30\\\/homens-sao-presos-com-arsenal-e-drogas-em-custodia-no-sertao\\\/\"},\"author\":{\"name\":\"afogadosfm\",\"@id\":\"https:\\\/\\\/afogadosfm.com.br\\\/afogadosfm\\\/#\\\/schema\\\/person\\\/60e56f2cf5dc960fc093fe093d9e9057\"},\"headline\":\"Homens s\u00e3o presos com arsenal e drogas em Cust\u00f3dia no Sert\u00e3o\u00a0\",\"datePublished\":\"2025-01-30T10:07:45+00:00\",\"dateModified\":\"2025-01-30T10:07:50+00:00\",\"mainEntityOfPage\":{\"@id\":\"https:\\\/\\\/afogadosfm.com.br\\\/afogadosfm\\\/2025\\\/01\\\/30\\\/homens-sao-presos-com-arsenal-e-drogas-em-custodia-no-sertao\\\/\"},\"wordCount\":281,\"commentCount\":0,\"publisher\":{\"@id\":\"https:\\\/\\\/afogadosfm.com.br\\\/afogadosfm\\\/#organization\"},\"image\":{\"@id\":\"https:\\\/\\\/afogadosfm.com.br\\\/afogadosfm\\\/2025\\\/01\\\/30\\\/homens-sao-presos-com-arsenal-e-drogas-em-custodia-no-sertao\\\/#primaryimage\"},\"thumbnailUrl\":\"https:\\\/\\\/i0.wp.com\\\/afogadosfm.com.br\\\/afogadosfm\\\/wp-content\\\/uploads\\\/2025\\\/01\\\/img_0053-1.jpg?fit=1000%2C757&ssl=1\",\"articleSection\":[\"Sert\u00e3o\"],\"inLanguage\":\"pt-BR\",\"potentialAction\":[{\"@type\":\"CommentAction\",\"name\":\"Comment\",\"target\":[\"https:\\\/\\\/afogadosfm.com.br\\\/afogadosfm\\\/2025\\\/01\\\/30\\\/homens-sao-presos-com-arsenal-e-drogas-em-custodia-no-sertao\\\/#respond\"]}]},{\"@type\":\"WebPage\",\"@id\":\"https:\\\/\\\/afogadosfm.com.br\\\/afogadosfm\\\/2025\\\/01\\\/30\\\/homens-sao-presos-com-arsenal-e-drogas-em-custodia-no-sertao\\\/\",\"url\":\"https:\\\/\\\/afogadosfm.com.br\\\/afogadosfm\\\/2025\\\/01\\\/30\\\/homens-sao-presos-com-arsenal-e-drogas-em-custodia-no-sertao\\\/\",\"name\":\"Homens s\u00e3o presos com arsenal e drogas em Cust\u00f3dia no Sert\u00e3o\u00a0 - Afogados FM\",\"isPartOf\":{\"@id\":\"https:\\\/\\\/afogadosfm.com.br\\\/afogadosfm\\\/#website\"},\"primaryImageOfPage\":{\"@id\":\"https:\\\/\\\/afogadosfm.com.br\\\/afogadosfm\\\/2025\\\/01\\\/30\\\/homens-sao-presos-com-arsenal-e-drogas-em-custodia-no-sertao\\\/#primaryimage\"},\"image\":{\"@id\":\"https:\\\/\\\/afogadosfm.com.br\\\/afogadosfm\\\/2025\\\/01\\\/30\\\/homens-sao-presos-com-arsenal-e-drogas-em-custodia-no-sertao\\\/#primaryimage\"},\"thumbnailUrl\":\"https:\\\/\\\/i0.wp.com\\\/afogadosfm.com.br\\\/afogadosfm\\\/wp-content\\\/uploads\\\/2025\\\/01\\\/img_0053-1.jpg?fit=1000%2C757&ssl=1\",\"datePublished\":\"2025-01-30T10:07:45+00:00\",\"dateModified\":\"2025-01-30T10:07:50+00:00\",\"breadcrumb\":{\"@id\":\"https:\\\/\\\/afogadosfm.com.br\\\/afogadosfm\\\/2025\\\/01\\\/30\\\/homens-sao-presos-com-arsenal-e-drogas-em-custodia-no-sertao\\\/#breadcrumb\"},\"inLanguage\":\"pt-BR\",\"potentialAction\":[{\"@type\":\"ReadAction\",\"target\":[\"https:\\\/\\\/afogadosfm.com.br\\\/afogadosfm\\\/2025\\\/01\\\/30\\\/homens-sao-presos-com-arsenal-e-drogas-em-custodia-no-sertao\\\/\"]}]},{\"@type\":\"ImageObject\",\"inLanguage\":\"pt-BR\",\"@id\":\"https:\\\/\\\/afogadosfm.com.br\\\/afogadosfm\\\/2025\\\/01\\\/30\\\/homens-sao-presos-com-arsenal-e-drogas-em-custodia-no-sertao\\\/#primaryimage\",\"url\":\"https:\\\/\\\/i0.wp.com\\\/afogadosfm.com.br\\\/afogadosfm\\\/wp-content\\\/uploads\\\/2025\\\/01\\\/img_0053-1.jpg?fit=1000%2C757&ssl=1\",\"contentUrl\":\"https:\\\/\\\/i0.wp.com\\\/afogadosfm.com.br\\\/afogadosfm\\\/wp-content\\\/uploads\\\/2025\\\/01\\\/img_0053-1.jpg?fit=1000%2C757&ssl=1\",\"width\":1000,\"height\":757},{\"@type\":\"BreadcrumbList\",\"@id\":\"https:\\\/\\\/afogadosfm.com.br\\\/afogadosfm\\\/2025\\\/01\\\/30\\\/homens-sao-presos-com-arsenal-e-drogas-em-custodia-no-sertao\\\/#breadcrumb\",\"itemListElement\":[{\"@type\":\"ListItem\",\"position\":1,\"name\":\"In\u00edcio\",\"item\":\"https:\\\/\\\/afogadosfm.com.br\\\/afogadosfm\\\/\"},{\"@type\":\"ListItem\",\"position\":2,\"name\":\"Homens s\u00e3o presos com arsenal e drogas em Cust\u00f3dia no Sert\u00e3o\u00a0\"}]},{\"@type\":\"WebSite\",\"@id\":\"https:\\\/\\\/afogadosfm.com.br\\\/afogadosfm\\\/#website\",\"url\":\"https:\\\/\\\/afogadosfm.com.br\\\/afogadosfm\\\/\",\"name\":\"Afogados FM\",\"description\":\"Um site completo!\",\"publisher\":{\"@id\":\"https:\\\/\\\/afogadosfm.com.br\\\/afogadosfm\\\/#organization\"},\"potentialAction\":[{\"@type\":\"SearchAction\",\"target\":{\"@type\":\"EntryPoint\",\"urlTemplate\":\"https:\\\/\\\/afogadosfm.com.br\\\/afogadosfm\\\/?s={search_term_string}\"},\"query-input\":{\"@type\":\"PropertyValueSpecification\",\"valueRequired\":true,\"valueName\":\"search_term_string\"}}],\"inLanguage\":\"pt-BR\"},{\"@type\":\"Organization\",\"@id\":\"https:\\\/\\\/afogadosfm.com.br\\\/afogadosfm\\\/#organization\",\"name\":\"Afogados FM\",\"url\":\"https:\\\/\\\/afogadosfm.com.br\\\/afogadosfm\\\/\",\"logo\":{\"@type\":\"ImageObject\",\"inLanguage\":\"pt-BR\",\"@id\":\"https:\\\/\\\/afogadosfm.com.br\\\/afogadosfm\\\/#\\\/schema\\\/logo\\\/image\\\/\",\"url\":\"https:\\\/\\\/i0.wp.com\\\/afogadosfm.com.br\\\/afogadosfm\\\/wp-content\\\/uploads\\\/2020\\\/06\\\/cropped-banner-afogados-4.jpg?fit=369%2C137&ssl=1\",\"contentUrl\":\"https:\\\/\\\/i0.wp.com\\\/afogadosfm.com.br\\\/afogadosfm\\\/wp-content\\\/uploads\\\/2020\\\/06\\\/cropped-banner-afogados-4.jpg?fit=369%2C137&ssl=1\",\"width\":369,\"height\":137,\"caption\":\"Afogados FM\"},\"image\":{\"@id\":\"https:\\\/\\\/afogadosfm.com.br\\\/afogadosfm\\\/#\\\/schema\\\/logo\\\/image\\\/\"}},{\"@type\":\"Person\",\"@id\":\"https:\\\/\\\/afogadosfm.com.br\\\/afogadosfm\\\/#\\\/schema\\\/person\\\/60e56f2cf5dc960fc093fe093d9e9057\",\"name\":\"afogadosfm\",\"image\":{\"@type\":\"ImageObject\",\"inLanguage\":\"pt-BR\",\"@id\":\"https:\\\/\\\/secure.gravatar.com\\\/avatar\\\/e0359add7ed5dc3560906d861b52c6a8cf5c1e199d3a7dd85070998f49bd4701?s=96&d=mm&r=g\",\"url\":\"https:\\\/\\\/secure.gravatar.com\\\/avatar\\\/e0359add7ed5dc3560906d861b52c6a8cf5c1e199d3a7dd85070998f49bd4701?s=96&d=mm&r=g\",\"contentUrl\":\"https:\\\/\\\/secure.gravatar.com\\\/avatar\\\/e0359add7ed5dc3560906d861b52c6a8cf5c1e199d3a7dd85070998f49bd4701?s=96&d=mm&r=g\",\"caption\":\"afogadosfm\"},\"url\":\"https:\\\/\\\/afogadosfm.com.br\\\/afogadosfm\\\/author\\\/afogadosfm\\\/\"}]}<\/script>\n<!-- \/ Yoast SEO plugin. -->","yoast_head_json":{"title":"Homens s\u00e3o presos com arsenal e drogas em Cust\u00f3dia no Sert\u00e3o\u00a0 - Afogados FM","robots":{"index":"index","follow":"follow","max-snippet":"max-snippet:-1","max-image-preview":"max-image-preview:large","max-video-preview":"max-video-preview:-1"},"canonical":"https:\/\/afogadosfm.com.br\/afogadosfm\/2025\/01\/30\/homens-sao-presos-com-arsenal-e-drogas-em-custodia-no-sertao\/","og_locale":"pt_BR","og_type":"article","og_title":"Homens s\u00e3o presos com arsenal e drogas em Cust\u00f3dia no Sert\u00e3o\u00a0 - Afogados FM","og_description":"Dois homens foram presos em&nbsp;Cust\u00f3dia, Sert\u00e3o de Pernambuco durante uma opera\u00e7\u00e3o conjunta da&nbsp;Pol\u00edcia Militar&nbsp;do Estado e da PM da Bahia.","og_url":"https:\/\/afogadosfm.com.br\/afogadosfm\/2025\/01\/30\/homens-sao-presos-com-arsenal-e-drogas-em-custodia-no-sertao\/","og_site_name":"Afogados FM","article_published_time":"2025-01-30T10:07:45+00:00","article_modified_time":"2025-01-30T10:07:50+00:00","og_image":[{"width":1000,"height":757,"url":"https:\/\/afogadosfm.com.br\/afogadosfm\/wp-content\/uploads\/2025\/01\/img_0053-1.jpg","type":"image\/jpeg"}],"author":"afogadosfm","twitter_card":"summary_large_image","twitter_misc":{"Escrito por":"afogadosfm","Est. tempo de leitura":"2 minutos"},"schema":{"@context":"https:\/\/schema.org","@graph":[{"@type":"Article","@id":"https:\/\/afogadosfm.com.br\/afogadosfm\/2025\/01\/30\/homens-sao-presos-com-arsenal-e-drogas-em-custodia-no-sertao\/#article","isPartOf":{"@id":"https:\/\/afogadosfm.com.br\/afogadosfm\/2025\/01\/30\/homens-sao-presos-com-arsenal-e-drogas-em-custodia-no-sertao\/"},"author":{"name":"afogadosfm","@id":"https:\/\/afogadosfm.com.br\/afogadosfm\/#\/schema\/person\/60e56f2cf5dc960fc093fe093d9e9057"},"headline":"Homens s\u00e3o presos com arsenal e drogas em Cust\u00f3dia no Sert\u00e3o\u00a0","datePublished":"2025-01-30T10:07:45+00:00","dateModified":"2025-01-30T10:07:50+00:00","mainEntityOfPage":{"@id":"https:\/\/afogadosfm.com.br\/afogadosfm\/2025\/01\/30\/homens-sao-presos-com-arsenal-e-drogas-em-custodia-no-sertao\/"},"wordCount":281,"commentCount":0,"publisher":{"@id":"https:\/\/afogadosfm.com.br\/afogadosfm\/#organization"},"image":{"@id":"https:\/\/afogadosfm.com.br\/afogadosfm\/2025\/01\/30\/homens-sao-presos-com-arsenal-e-drogas-em-custodia-no-sertao\/#primaryimage"},"thumbnailUrl":"https:\/\/i0.wp.com\/afogadosfm.com.br\/afogadosfm\/wp-content\/uploads\/2025\/01\/img_0053-1.jpg?fit=1000%2C757&ssl=1","articleSection":["Sert\u00e3o"],"inLanguage":"pt-BR","potentialAction":[{"@type":"CommentAction","name":"Comment","target":["https:\/\/afogadosfm.com.br\/afogadosfm\/2025\/01\/30\/homens-sao-presos-com-arsenal-e-drogas-em-custodia-no-sertao\/#respond"]}]},{"@type":"WebPage","@id":"https:\/\/afogadosfm.com.br\/afogadosfm\/2025\/01\/30\/homens-sao-presos-com-arsenal-e-drogas-em-custodia-no-sertao\/","url":"https:\/\/afogadosfm.com.br\/afogadosfm\/2025\/01\/30\/homens-sao-presos-com-arsenal-e-drogas-em-custodia-no-sertao\/","name":"Homens s\u00e3o presos com arsenal e drogas em Cust\u00f3dia no Sert\u00e3o\u00a0 - Afogados FM","isPartOf":{"@id":"https:\/\/afogadosfm.com.br\/afogadosfm\/#website"},"primaryImageOfPage":{"@id":"https:\/\/afogadosfm.com.br\/afogadosfm\/2025\/01\/30\/homens-sao-presos-com-arsenal-e-drogas-em-custodia-no-sertao\/#primaryimage"},"image":{"@id":"https:\/\/afogadosfm.com.br\/afogadosfm\/2025\/01\/30\/homens-sao-presos-com-arsenal-e-drogas-em-custodia-no-sertao\/#primaryimage"},"thumbnailUrl":"https:\/\/i0.wp.com\/afogadosfm.com.br\/afogadosfm\/wp-content\/uploads\/2025\/01\/img_0053-1.jpg?fit=1000%2C757&ssl=1","datePublished":"2025-01-30T10:07:45+00:00","dateModified":"2025-01-30T10:07:50+00:00","breadcrumb":{"@id":"https:\/\/afogadosfm.com.br\/afogadosfm\/2025\/01\/30\/homens-sao-presos-com-arsenal-e-drogas-em-custodia-no-sertao\/#breadcrumb"},"inLanguage":"pt-BR","potentialAction":[{"@type":"ReadAction","target":["https:\/\/afogadosfm.com.br\/afogadosfm\/2025\/01\/30\/homens-sao-presos-com-arsenal-e-drogas-em-custodia-no-sertao\/"]}]},{"@type":"ImageObject","inLanguage":"pt-BR","@id":"https:\/\/afogadosfm.com.br\/afogadosfm\/2025\/01\/30\/homens-sao-presos-com-arsenal-e-drogas-em-custodia-no-sertao\/#primaryimage","url":"https:\/\/i0.wp.com\/afogadosfm.com.br\/afogadosfm\/wp-content\/uploads\/2025\/01\/img_0053-1.jpg?fit=1000%2C757&ssl=1","contentUrl":"https:\/\/i0.wp.com\/afogadosfm.com.br\/afogadosfm\/wp-content\/uploads\/2025\/01\/img_0053-1.jpg?fit=1000%2C757&ssl=1","width":1000,"height":757},{"@type":"BreadcrumbList","@id":"https:\/\/afogadosfm.com.br\/afogadosfm\/2025\/01\/30\/homens-sao-presos-com-arsenal-e-drogas-em-custodia-no-sertao\/#breadcrumb","itemListElement":[{"@type":"ListItem","position":1,"name":"In\u00edcio","item":"https:\/\/afogadosfm.com.br\/afogadosfm\/"},{"@type":"ListItem","position":2,"name":"Homens s\u00e3o presos com arsenal e drogas em Cust\u00f3dia no Sert\u00e3o\u00a0"}]},{"@type":"WebSite","@id":"https:\/\/afogadosfm.com.br\/afogadosfm\/#website","url":"https:\/\/afogadosfm.com.br\/afogadosfm\/","name":"Afogados FM","description":"Um site completo!","publisher":{"@id":"https:\/\/afogadosfm.com.br\/afogadosfm\/#organization"},"potentialAction":[{"@type":"SearchAction","target":{"@type":"EntryPoint","urlTemplate":"https:\/\/afogadosfm.com.br\/afogadosfm\/?s={search_term_string}"},"query-input":{"@type":"PropertyValueSpecification","valueRequired":true,"valueName":"search_term_string"}}],"inLanguage":"pt-BR"},{"@type":"Organization","@id":"https:\/\/afogadosfm.com.br\/afogadosfm\/#organization","name":"Afogados FM","url":"https:\/\/afogadosfm.com.br\/afogadosfm\/","logo":{"@type":"ImageObject","inLanguage":"pt-BR","@id":"https:\/\/afogadosfm.com.br\/afogadosfm\/#\/schema\/logo\/image\/","url":"https:\/\/i0.wp.com\/afogadosfm.com.br\/afogadosfm\/wp-content\/uploads\/2020\/06\/cropped-banner-afogados-4.jpg?fit=369%2C137&ssl=1","contentUrl":"https:\/\/i0.wp.com\/afogadosfm.com.br\/afogadosfm\/wp-content\/uploads\/2020\/06\/cropped-banner-afogados-4.jpg?fit=369%2C137&ssl=1","width":369,"height":137,"caption":"Afogados FM"},"image":{"@id":"https:\/\/afogadosfm.com.br\/afogadosfm\/#\/schema\/logo\/image\/"}},{"@type":"Person","@id":"https:\/\/afogadosfm.com.br\/afogadosfm\/#\/schema\/person\/60e56f2cf5dc960fc093fe093d9e9057","name":"afogadosfm","image":{"@type":"ImageObject","inLanguage":"pt-BR","@id":"https:\/\/secure.gravatar.com\/avatar\/e0359add7ed5dc3560906d861b52c6a8cf5c1e199d3a7dd85070998f49bd4701?s=96&d=mm&r=g","url":"https:\/\/secure.gravatar.com\/avatar\/e0359add7ed5dc3560906d861b52c6a8cf5c1e199d3a7dd85070998f49bd4701?s=96&d=mm&r=g","contentUrl":"https:\/\/secure.gravatar.com\/avatar\/e0359add7ed5dc3560906d861b52c6a8cf5c1e199d3a7dd85070998f49bd4701?s=96&d=mm&r=g","caption":"afogadosfm"},"url":"https:\/\/afogadosfm.com.br\/afogadosfm\/author\/afogadosfm\/"}]}},"jetpack_publicize_connections":[],"jetpack_featured_media_url":"https:\/\/i0.wp.com\/afogadosfm.com.br\/afogadosfm\/wp-content\/uploads\/2025\/01\/img_0053-1.jpg?fit=1000%2C757&ssl=1","jetpack-related-posts":[],"jetpack_sharing_enabled":true,"jetpack_likes_enabled":true,"_links":{"self":[{"href":"https:\/\/afogadosfm.com.br\/afogadosfm\/wp-json\/wp\/v2\/posts\/63007","targetHints":{"allow":["GET"]}}],"collection":[{"href":"https:\/\/afogadosfm.com.br\/afogadosfm\/wp-json\/wp\/v2\/posts"}],"about":[{"href":"https:\/\/afogadosfm.com.br\/afogadosfm\/wp-json\/wp\/v2\/types\/post"}],"author":[{"embeddable":true,"href":"https:\/\/afogadosfm.com.br\/afogadosfm\/wp-json\/wp\/v2\/users\/2"}],"replies":[{"embeddable":true,"href":"https:\/\/afogadosfm.com.br\/afogadosfm\/wp-json\/wp\/v2\/comments?post=63007"}],"version-history":[{"count":1,"href":"https:\/\/afogadosfm.com.br\/afogadosfm\/wp-json\/wp\/v2\/posts\/63007\/revisions"}],"predecessor-version":[{"id":63009,"href":"https:\/\/afogadosfm.com.br\/afogadosfm\/wp-json\/wp\/v2\/posts\/63007\/revisions\/63009"}],"wp:featuredmedia":[{"embeddable":true,"href":"https:\/\/afogadosfm.com.br\/afogadosfm\/wp-json\/wp\/v2\/media\/63008"}],"wp:attachment":[{"href":"https:\/\/afogadosfm.com.br\/afogadosfm\/wp-json\/wp\/v2\/media?parent=63007"}],"wp:term":[{"taxonomy":"category","embeddable":true,"href":"https:\/\/afogadosfm.com.br\/afogadosfm\/wp-json\/wp\/v2\/categories?post=63007"},{"taxonomy":"post_tag","embeddable":true,"href":"https:\/\/afogadosfm.com.br\/afogadosfm\/wp-json\/wp\/v2\/tags?post=63007"}],"curies":[{"name":"wp","href":"https:\/\/api.w.org\/{rel}","templated":true}]}}