{"id":63047,"date":"2025-02-01T07:07:55","date_gmt":"2025-02-01T10:07:55","guid":{"rendered":"https:\/\/afogadosfm.com.br\/afogadosfm\/?p=63047"},"modified":"2025-02-01T07:08:09","modified_gmt":"2025-02-01T10:08:09","slug":"pernambuco-confirmou-primeira-morte-por-covid-19-em-2025","status":"publish","type":"post","link":"https:\/\/afogadosfm.com.br\/afogadosfm\/2025\/02\/01\/pernambuco-confirmou-primeira-morte-por-covid-19-em-2025\/","title":{"rendered":"Pernambuco confirmou primeira morte por Covid-19 em 2025"},"content":{"rendered":"\n<p>O boletim epidemiol\u00f3gico dos v\u00edrus respirat\u00f3rios referente \u00e0s quatro primeiras semanas de 2025 em Pernambuco traz o balan\u00e7o de casos de s\u00edndrome respirat\u00f3ria aguda grave (srag) do per\u00edodo. De acordo com o levantamento da Secretaria Estadual de Sa\u00fade (SES-PE), em 2025, j\u00e1 foram feitas&nbsp;179 notifica\u00e7\u00f5es de srag at\u00e9 o dia 25 de janeiro.<\/p>\n\n\n\n<p>Desse total de pacientes que evolu\u00edram para a forma respirat\u00f3ria grave (srag), quatro pessoas foram a \u00f3bito. Os pacientes tinham mais de 80 anos: uma mulher e tr\u00eas homens. Sobre a&nbsp;causa das mortes, a SES-PE informa que \u201cum foi classificado como srag por covid-19; os demais est\u00e3o como srag n\u00e3o especificado (ou seja, sem identifica\u00e7\u00e3o do agente etiol\u00f3gico)\u201d.<\/p>\n\n\n\n<p>Um dos idosos morreu por covid-19,&nbsp;de acordo com a SES-PE. Ele morava em Nazar\u00e9 da Mata, munic\u00edpio da Zona da Mata Norte de Pernambuco, e tinha 84 anos. Ele era cardiopata e tinha \u201co&nbsp;esquema vacinal b\u00e1sico antigo (contra covid), de duas doses, mais uma dose de refor\u00e7o e mais um primeiro refor\u00e7o\u201d.<\/p>\n\n\n\n<p>A reportagem do&nbsp;JC&nbsp;questionou a SES-PE e a Prefeitura de Nazar\u00e9 da Mata sobre a data da \u00faltima dose da vacina contra covid-19 tomada pelo idoso e aguarda um retorno.<\/p>\n\n\n\n<p>\u201cEvid\u00eancias cient\u00edficas mostram que&nbsp;idosos devem receber uma aplica\u00e7\u00e3o contra a doen\u00e7a a cada seis meses, independentemente da quantidade de doses tomadas previamente. O mesmo vale para pessoas imunocomprometidas. J\u00e1 quem tem alguma comorbidade toma uma dose por ano, e isso independe tamb\u00e9m de quantas doses tomou antes\u201d, orienta o m\u00e9dico Eduardo Jorge da Fonseca Lima, conselheiro efetivo do Conselho Federal de Medicina.<\/p>\n\n\n\n<p>Ele destaca que, no Brasil, j\u00e1 circula a&nbsp;variante JN.1, mas o Pa\u00eds ainda n\u00e3o tem a vers\u00e3o atualizada do imunizante.<\/p>\n\n\n\n<p>O Minist\u00e9rio da Sa\u00fade utiliza a&nbsp;vacina XBB&nbsp;\u2013 que, por ser tamb\u00e9m uma subvariante da \u00f4micron, oferece prote\u00e7\u00e3o cruzada para JN.1. A expectativa \u00e9 que a dose atualizada chegue ao Pa\u00eds para se ampliar a resposta imune.<\/p>\n\n\n\n<p>Nos Estados Unidos, o&nbsp;aumento no n\u00famero de casos causados por&nbsp;JN.1&nbsp;corresponde a um crescimento geral nos casos de covid-19.<\/p>\n\n\n\n<p>Doses da&nbsp;JN.1&nbsp;precisam chegar ao Brasil para fazer parte da campanha de imuniza\u00e7\u00e3o como refor\u00e7os para os grupos priorit\u00e1rios, al\u00e9m do esquema prim\u00e1rio de vacina\u00e7\u00e3o para beb\u00eas e aqueles que nunca tomaram sequer uma dose de vacina contra covid-19.<\/p>\n\n\n\n<p>A&nbsp;dose utilizada na campanha de vacina\u00e7\u00e3o brasileira \u00e9 direcionada para a XBB. \u201cPor quatro ou cinco meses, ela oferece&nbsp;60% de prote\u00e7\u00e3o contra formas graves da covid-19 causadas pela variante JN.1. Por isso, \u00e9 t\u00e3o&nbsp;importante os grupos de idosos e imunocomprometidos se protegerem a cada seis meses\u201c, ressalta Eduardo Jorge.<\/p>\n","protected":false},"excerpt":{"rendered":"<p>O boletim epidemiol\u00f3gico dos v\u00edrus respirat\u00f3rios referente \u00e0s quatro primeiras semanas de 2025 em Pernambuco traz o balan\u00e7o de casos<\/p>\n","protected":false},"author":2,"featured_media":34296,"comment_status":"open","ping_status":"open","sticky":false,"template":"","format":"standard","meta":{"jetpack_post_was_ever_published":false,"_jetpack_newsletter_access":"","_jetpack_dont_email_post_to_subs":false,"_jetpack_newsletter_tier_id":0,"_jetpack_memberships_contains_paywalled_content":false,"_jetpack_memberships_contains_paid_content":false,"footnotes":"","jetpack_publicize_message":"","jetpack_publicize_feature_enabled":true,"jetpack_social_post_already_shared":true,"jetpack_social_options":{"image_generator_settings":{"template":"highway","default_image_id":0,"font":"","enabled":false},"version":2}},"categories":[37],"tags":[],"class_list":["post-63047","post","type-post","status-publish","format-standard","has-post-thumbnail","hentry","category-saude"],"yoast_head":"<!-- This site is optimized with the Yoast SEO plugin v27.5 - https:\/\/yoast.com\/product\/yoast-seo-wordpress\/ -->\n<title>Pernambuco confirmou primeira morte por Covid-19 em 2025 - Afogados FM<\/title>\n<meta name=\"robots\" content=\"index, follow, max-snippet:-1, max-image-preview:large, max-video-preview:-1\" \/>\n<link rel=\"canonical\" href=\"https:\/\/afogadosfm.com.br\/afogadosfm\/2025\/02\/01\/pernambuco-confirmou-primeira-morte-por-covid-19-em-2025\/\" \/>\n<meta property=\"og:locale\" content=\"pt_BR\" \/>\n<meta property=\"og:type\" content=\"article\" \/>\n<meta property=\"og:title\" content=\"Pernambuco confirmou primeira morte por Covid-19 em 2025 - Afogados FM\" \/>\n<meta property=\"og:description\" content=\"O boletim epidemiol\u00f3gico dos v\u00edrus respirat\u00f3rios referente \u00e0s quatro primeiras semanas de 2025 em Pernambuco traz o balan\u00e7o de casos\" \/>\n<meta property=\"og:url\" content=\"https:\/\/afogadosfm.com.br\/afogadosfm\/2025\/02\/01\/pernambuco-confirmou-primeira-morte-por-covid-19-em-2025\/\" \/>\n<meta property=\"og:site_name\" content=\"Afogados FM\" \/>\n<meta property=\"article:published_time\" content=\"2025-02-01T10:07:55+00:00\" \/>\n<meta property=\"article:modified_time\" content=\"2025-02-01T10:08:09+00:00\" \/>\n<meta property=\"og:image\" content=\"https:\/\/afogadosfm.com.br\/afogadosfm\/wp-content\/uploads\/2022\/01\/testecovid.jpg\" \/>\n\t<meta property=\"og:image:width\" content=\"334\" \/>\n\t<meta property=\"og:image:height\" content=\"151\" \/>\n\t<meta property=\"og:image:type\" content=\"image\/jpeg\" \/>\n<meta name=\"author\" content=\"afogadosfm\" \/>\n<meta name=\"twitter:card\" content=\"summary_large_image\" \/>\n<meta name=\"twitter:label1\" content=\"Escrito por\" \/>\n\t<meta name=\"twitter:data1\" content=\"afogadosfm\" \/>\n\t<meta name=\"twitter:label2\" content=\"Est. tempo de leitura\" \/>\n\t<meta name=\"twitter:data2\" content=\"3 minutos\" \/>\n<script type=\"application\/ld+json\" class=\"yoast-schema-graph\">{\"@context\":\"https:\\\/\\\/schema.org\",\"@graph\":[{\"@type\":\"Article\",\"@id\":\"https:\\\/\\\/afogadosfm.com.br\\\/afogadosfm\\\/2025\\\/02\\\/01\\\/pernambuco-confirmou-primeira-morte-por-covid-19-em-2025\\\/#article\",\"isPartOf\":{\"@id\":\"https:\\\/\\\/afogadosfm.com.br\\\/afogadosfm\\\/2025\\\/02\\\/01\\\/pernambuco-confirmou-primeira-morte-por-covid-19-em-2025\\\/\"},\"author\":{\"name\":\"afogadosfm\",\"@id\":\"https:\\\/\\\/afogadosfm.com.br\\\/afogadosfm\\\/#\\\/schema\\\/person\\\/60e56f2cf5dc960fc093fe093d9e9057\"},\"headline\":\"Pernambuco confirmou primeira morte por Covid-19 em 2025\",\"datePublished\":\"2025-02-01T10:07:55+00:00\",\"dateModified\":\"2025-02-01T10:08:09+00:00\",\"mainEntityOfPage\":{\"@id\":\"https:\\\/\\\/afogadosfm.com.br\\\/afogadosfm\\\/2025\\\/02\\\/01\\\/pernambuco-confirmou-primeira-morte-por-covid-19-em-2025\\\/\"},\"wordCount\":492,\"commentCount\":0,\"publisher\":{\"@id\":\"https:\\\/\\\/afogadosfm.com.br\\\/afogadosfm\\\/#organization\"},\"image\":{\"@id\":\"https:\\\/\\\/afogadosfm.com.br\\\/afogadosfm\\\/2025\\\/02\\\/01\\\/pernambuco-confirmou-primeira-morte-por-covid-19-em-2025\\\/#primaryimage\"},\"thumbnailUrl\":\"https:\\\/\\\/i0.wp.com\\\/afogadosfm.com.br\\\/afogadosfm\\\/wp-content\\\/uploads\\\/2022\\\/01\\\/testecovid.jpg?fit=334%2C151&ssl=1\",\"articleSection\":[\"Sa\u00fade\"],\"inLanguage\":\"pt-BR\",\"potentialAction\":[{\"@type\":\"CommentAction\",\"name\":\"Comment\",\"target\":[\"https:\\\/\\\/afogadosfm.com.br\\\/afogadosfm\\\/2025\\\/02\\\/01\\\/pernambuco-confirmou-primeira-morte-por-covid-19-em-2025\\\/#respond\"]}]},{\"@type\":\"WebPage\",\"@id\":\"https:\\\/\\\/afogadosfm.com.br\\\/afogadosfm\\\/2025\\\/02\\\/01\\\/pernambuco-confirmou-primeira-morte-por-covid-19-em-2025\\\/\",\"url\":\"https:\\\/\\\/afogadosfm.com.br\\\/afogadosfm\\\/2025\\\/02\\\/01\\\/pernambuco-confirmou-primeira-morte-por-covid-19-em-2025\\\/\",\"name\":\"Pernambuco confirmou primeira morte por Covid-19 em 2025 - Afogados FM\",\"isPartOf\":{\"@id\":\"https:\\\/\\\/afogadosfm.com.br\\\/afogadosfm\\\/#website\"},\"primaryImageOfPage\":{\"@id\":\"https:\\\/\\\/afogadosfm.com.br\\\/afogadosfm\\\/2025\\\/02\\\/01\\\/pernambuco-confirmou-primeira-morte-por-covid-19-em-2025\\\/#primaryimage\"},\"image\":{\"@id\":\"https:\\\/\\\/afogadosfm.com.br\\\/afogadosfm\\\/2025\\\/02\\\/01\\\/pernambuco-confirmou-primeira-morte-por-covid-19-em-2025\\\/#primaryimage\"},\"thumbnailUrl\":\"https:\\\/\\\/i0.wp.com\\\/afogadosfm.com.br\\\/afogadosfm\\\/wp-content\\\/uploads\\\/2022\\\/01\\\/testecovid.jpg?fit=334%2C151&ssl=1\",\"datePublished\":\"2025-02-01T10:07:55+00:00\",\"dateModified\":\"2025-02-01T10:08:09+00:00\",\"breadcrumb\":{\"@id\":\"https:\\\/\\\/afogadosfm.com.br\\\/afogadosfm\\\/2025\\\/02\\\/01\\\/pernambuco-confirmou-primeira-morte-por-covid-19-em-2025\\\/#breadcrumb\"},\"inLanguage\":\"pt-BR\",\"potentialAction\":[{\"@type\":\"ReadAction\",\"target\":[\"https:\\\/\\\/afogadosfm.com.br\\\/afogadosfm\\\/2025\\\/02\\\/01\\\/pernambuco-confirmou-primeira-morte-por-covid-19-em-2025\\\/\"]}]},{\"@type\":\"ImageObject\",\"inLanguage\":\"pt-BR\",\"@id\":\"https:\\\/\\\/afogadosfm.com.br\\\/afogadosfm\\\/2025\\\/02\\\/01\\\/pernambuco-confirmou-primeira-morte-por-covid-19-em-2025\\\/#primaryimage\",\"url\":\"https:\\\/\\\/i0.wp.com\\\/afogadosfm.com.br\\\/afogadosfm\\\/wp-content\\\/uploads\\\/2022\\\/01\\\/testecovid.jpg?fit=334%2C151&ssl=1\",\"contentUrl\":\"https:\\\/\\\/i0.wp.com\\\/afogadosfm.com.br\\\/afogadosfm\\\/wp-content\\\/uploads\\\/2022\\\/01\\\/testecovid.jpg?fit=334%2C151&ssl=1\",\"width\":334,\"height\":151},{\"@type\":\"BreadcrumbList\",\"@id\":\"https:\\\/\\\/afogadosfm.com.br\\\/afogadosfm\\\/2025\\\/02\\\/01\\\/pernambuco-confirmou-primeira-morte-por-covid-19-em-2025\\\/#breadcrumb\",\"itemListElement\":[{\"@type\":\"ListItem\",\"position\":1,\"name\":\"In\u00edcio\",\"item\":\"https:\\\/\\\/afogadosfm.com.br\\\/afogadosfm\\\/\"},{\"@type\":\"ListItem\",\"position\":2,\"name\":\"Pernambuco confirmou primeira morte por Covid-19 em 2025\"}]},{\"@type\":\"WebSite\",\"@id\":\"https:\\\/\\\/afogadosfm.com.br\\\/afogadosfm\\\/#website\",\"url\":\"https:\\\/\\\/afogadosfm.com.br\\\/afogadosfm\\\/\",\"name\":\"Afogados FM\",\"description\":\"Um site completo!\",\"publisher\":{\"@id\":\"https:\\\/\\\/afogadosfm.com.br\\\/afogadosfm\\\/#organization\"},\"potentialAction\":[{\"@type\":\"SearchAction\",\"target\":{\"@type\":\"EntryPoint\",\"urlTemplate\":\"https:\\\/\\\/afogadosfm.com.br\\\/afogadosfm\\\/?s={search_term_string}\"},\"query-input\":{\"@type\":\"PropertyValueSpecification\",\"valueRequired\":true,\"valueName\":\"search_term_string\"}}],\"inLanguage\":\"pt-BR\"},{\"@type\":\"Organization\",\"@id\":\"https:\\\/\\\/afogadosfm.com.br\\\/afogadosfm\\\/#organization\",\"name\":\"Afogados FM\",\"url\":\"https:\\\/\\\/afogadosfm.com.br\\\/afogadosfm\\\/\",\"logo\":{\"@type\":\"ImageObject\",\"inLanguage\":\"pt-BR\",\"@id\":\"https:\\\/\\\/afogadosfm.com.br\\\/afogadosfm\\\/#\\\/schema\\\/logo\\\/image\\\/\",\"url\":\"https:\\\/\\\/i0.wp.com\\\/afogadosfm.com.br\\\/afogadosfm\\\/wp-content\\\/uploads\\\/2020\\\/06\\\/cropped-banner-afogados-4.jpg?fit=369%2C137&ssl=1\",\"contentUrl\":\"https:\\\/\\\/i0.wp.com\\\/afogadosfm.com.br\\\/afogadosfm\\\/wp-content\\\/uploads\\\/2020\\\/06\\\/cropped-banner-afogados-4.jpg?fit=369%2C137&ssl=1\",\"width\":369,\"height\":137,\"caption\":\"Afogados FM\"},\"image\":{\"@id\":\"https:\\\/\\\/afogadosfm.com.br\\\/afogadosfm\\\/#\\\/schema\\\/logo\\\/image\\\/\"}},{\"@type\":\"Person\",\"@id\":\"https:\\\/\\\/afogadosfm.com.br\\\/afogadosfm\\\/#\\\/schema\\\/person\\\/60e56f2cf5dc960fc093fe093d9e9057\",\"name\":\"afogadosfm\",\"image\":{\"@type\":\"ImageObject\",\"inLanguage\":\"pt-BR\",\"@id\":\"https:\\\/\\\/secure.gravatar.com\\\/avatar\\\/e0359add7ed5dc3560906d861b52c6a8cf5c1e199d3a7dd85070998f49bd4701?s=96&d=mm&r=g\",\"url\":\"https:\\\/\\\/secure.gravatar.com\\\/avatar\\\/e0359add7ed5dc3560906d861b52c6a8cf5c1e199d3a7dd85070998f49bd4701?s=96&d=mm&r=g\",\"contentUrl\":\"https:\\\/\\\/secure.gravatar.com\\\/avatar\\\/e0359add7ed5dc3560906d861b52c6a8cf5c1e199d3a7dd85070998f49bd4701?s=96&d=mm&r=g\",\"caption\":\"afogadosfm\"},\"url\":\"https:\\\/\\\/afogadosfm.com.br\\\/afogadosfm\\\/author\\\/afogadosfm\\\/\"}]}<\/script>\n<!-- \/ Yoast SEO plugin. -->","yoast_head_json":{"title":"Pernambuco confirmou primeira morte por Covid-19 em 2025 - Afogados FM","robots":{"index":"index","follow":"follow","max-snippet":"max-snippet:-1","max-image-preview":"max-image-preview:large","max-video-preview":"max-video-preview:-1"},"canonical":"https:\/\/afogadosfm.com.br\/afogadosfm\/2025\/02\/01\/pernambuco-confirmou-primeira-morte-por-covid-19-em-2025\/","og_locale":"pt_BR","og_type":"article","og_title":"Pernambuco confirmou primeira morte por Covid-19 em 2025 - Afogados FM","og_description":"O boletim epidemiol\u00f3gico dos v\u00edrus respirat\u00f3rios referente \u00e0s quatro primeiras semanas de 2025 em Pernambuco traz o balan\u00e7o de casos","og_url":"https:\/\/afogadosfm.com.br\/afogadosfm\/2025\/02\/01\/pernambuco-confirmou-primeira-morte-por-covid-19-em-2025\/","og_site_name":"Afogados FM","article_published_time":"2025-02-01T10:07:55+00:00","article_modified_time":"2025-02-01T10:08:09+00:00","og_image":[{"width":334,"height":151,"url":"https:\/\/afogadosfm.com.br\/afogadosfm\/wp-content\/uploads\/2022\/01\/testecovid.jpg","type":"image\/jpeg"}],"author":"afogadosfm","twitter_card":"summary_large_image","twitter_misc":{"Escrito por":"afogadosfm","Est. tempo de leitura":"3 minutos"},"schema":{"@context":"https:\/\/schema.org","@graph":[{"@type":"Article","@id":"https:\/\/afogadosfm.com.br\/afogadosfm\/2025\/02\/01\/pernambuco-confirmou-primeira-morte-por-covid-19-em-2025\/#article","isPartOf":{"@id":"https:\/\/afogadosfm.com.br\/afogadosfm\/2025\/02\/01\/pernambuco-confirmou-primeira-morte-por-covid-19-em-2025\/"},"author":{"name":"afogadosfm","@id":"https:\/\/afogadosfm.com.br\/afogadosfm\/#\/schema\/person\/60e56f2cf5dc960fc093fe093d9e9057"},"headline":"Pernambuco confirmou primeira morte por Covid-19 em 2025","datePublished":"2025-02-01T10:07:55+00:00","dateModified":"2025-02-01T10:08:09+00:00","mainEntityOfPage":{"@id":"https:\/\/afogadosfm.com.br\/afogadosfm\/2025\/02\/01\/pernambuco-confirmou-primeira-morte-por-covid-19-em-2025\/"},"wordCount":492,"commentCount":0,"publisher":{"@id":"https:\/\/afogadosfm.com.br\/afogadosfm\/#organization"},"image":{"@id":"https:\/\/afogadosfm.com.br\/afogadosfm\/2025\/02\/01\/pernambuco-confirmou-primeira-morte-por-covid-19-em-2025\/#primaryimage"},"thumbnailUrl":"https:\/\/i0.wp.com\/afogadosfm.com.br\/afogadosfm\/wp-content\/uploads\/2022\/01\/testecovid.jpg?fit=334%2C151&ssl=1","articleSection":["Sa\u00fade"],"inLanguage":"pt-BR","potentialAction":[{"@type":"CommentAction","name":"Comment","target":["https:\/\/afogadosfm.com.br\/afogadosfm\/2025\/02\/01\/pernambuco-confirmou-primeira-morte-por-covid-19-em-2025\/#respond"]}]},{"@type":"WebPage","@id":"https:\/\/afogadosfm.com.br\/afogadosfm\/2025\/02\/01\/pernambuco-confirmou-primeira-morte-por-covid-19-em-2025\/","url":"https:\/\/afogadosfm.com.br\/afogadosfm\/2025\/02\/01\/pernambuco-confirmou-primeira-morte-por-covid-19-em-2025\/","name":"Pernambuco confirmou primeira morte por Covid-19 em 2025 - Afogados FM","isPartOf":{"@id":"https:\/\/afogadosfm.com.br\/afogadosfm\/#website"},"primaryImageOfPage":{"@id":"https:\/\/afogadosfm.com.br\/afogadosfm\/2025\/02\/01\/pernambuco-confirmou-primeira-morte-por-covid-19-em-2025\/#primaryimage"},"image":{"@id":"https:\/\/afogadosfm.com.br\/afogadosfm\/2025\/02\/01\/pernambuco-confirmou-primeira-morte-por-covid-19-em-2025\/#primaryimage"},"thumbnailUrl":"https:\/\/i0.wp.com\/afogadosfm.com.br\/afogadosfm\/wp-content\/uploads\/2022\/01\/testecovid.jpg?fit=334%2C151&ssl=1","datePublished":"2025-02-01T10:07:55+00:00","dateModified":"2025-02-01T10:08:09+00:00","breadcrumb":{"@id":"https:\/\/afogadosfm.com.br\/afogadosfm\/2025\/02\/01\/pernambuco-confirmou-primeira-morte-por-covid-19-em-2025\/#breadcrumb"},"inLanguage":"pt-BR","potentialAction":[{"@type":"ReadAction","target":["https:\/\/afogadosfm.com.br\/afogadosfm\/2025\/02\/01\/pernambuco-confirmou-primeira-morte-por-covid-19-em-2025\/"]}]},{"@type":"ImageObject","inLanguage":"pt-BR","@id":"https:\/\/afogadosfm.com.br\/afogadosfm\/2025\/02\/01\/pernambuco-confirmou-primeira-morte-por-covid-19-em-2025\/#primaryimage","url":"https:\/\/i0.wp.com\/afogadosfm.com.br\/afogadosfm\/wp-content\/uploads\/2022\/01\/testecovid.jpg?fit=334%2C151&ssl=1","contentUrl":"https:\/\/i0.wp.com\/afogadosfm.com.br\/afogadosfm\/wp-content\/uploads\/2022\/01\/testecovid.jpg?fit=334%2C151&ssl=1","width":334,"height":151},{"@type":"BreadcrumbList","@id":"https:\/\/afogadosfm.com.br\/afogadosfm\/2025\/02\/01\/pernambuco-confirmou-primeira-morte-por-covid-19-em-2025\/#breadcrumb","itemListElement":[{"@type":"ListItem","position":1,"name":"In\u00edcio","item":"https:\/\/afogadosfm.com.br\/afogadosfm\/"},{"@type":"ListItem","position":2,"name":"Pernambuco confirmou primeira morte por Covid-19 em 2025"}]},{"@type":"WebSite","@id":"https:\/\/afogadosfm.com.br\/afogadosfm\/#website","url":"https:\/\/afogadosfm.com.br\/afogadosfm\/","name":"Afogados FM","description":"Um site completo!","publisher":{"@id":"https:\/\/afogadosfm.com.br\/afogadosfm\/#organization"},"potentialAction":[{"@type":"SearchAction","target":{"@type":"EntryPoint","urlTemplate":"https:\/\/afogadosfm.com.br\/afogadosfm\/?s={search_term_string}"},"query-input":{"@type":"PropertyValueSpecification","valueRequired":true,"valueName":"search_term_string"}}],"inLanguage":"pt-BR"},{"@type":"Organization","@id":"https:\/\/afogadosfm.com.br\/afogadosfm\/#organization","name":"Afogados FM","url":"https:\/\/afogadosfm.com.br\/afogadosfm\/","logo":{"@type":"ImageObject","inLanguage":"pt-BR","@id":"https:\/\/afogadosfm.com.br\/afogadosfm\/#\/schema\/logo\/image\/","url":"https:\/\/i0.wp.com\/afogadosfm.com.br\/afogadosfm\/wp-content\/uploads\/2020\/06\/cropped-banner-afogados-4.jpg?fit=369%2C137&ssl=1","contentUrl":"https:\/\/i0.wp.com\/afogadosfm.com.br\/afogadosfm\/wp-content\/uploads\/2020\/06\/cropped-banner-afogados-4.jpg?fit=369%2C137&ssl=1","width":369,"height":137,"caption":"Afogados FM"},"image":{"@id":"https:\/\/afogadosfm.com.br\/afogadosfm\/#\/schema\/logo\/image\/"}},{"@type":"Person","@id":"https:\/\/afogadosfm.com.br\/afogadosfm\/#\/schema\/person\/60e56f2cf5dc960fc093fe093d9e9057","name":"afogadosfm","image":{"@type":"ImageObject","inLanguage":"pt-BR","@id":"https:\/\/secure.gravatar.com\/avatar\/e0359add7ed5dc3560906d861b52c6a8cf5c1e199d3a7dd85070998f49bd4701?s=96&d=mm&r=g","url":"https:\/\/secure.gravatar.com\/avatar\/e0359add7ed5dc3560906d861b52c6a8cf5c1e199d3a7dd85070998f49bd4701?s=96&d=mm&r=g","contentUrl":"https:\/\/secure.gravatar.com\/avatar\/e0359add7ed5dc3560906d861b52c6a8cf5c1e199d3a7dd85070998f49bd4701?s=96&d=mm&r=g","caption":"afogadosfm"},"url":"https:\/\/afogadosfm.com.br\/afogadosfm\/author\/afogadosfm\/"}]}},"jetpack_publicize_connections":[],"jetpack_featured_media_url":"https:\/\/i0.wp.com\/afogadosfm.com.br\/afogadosfm\/wp-content\/uploads\/2022\/01\/testecovid.jpg?fit=334%2C151&ssl=1","jetpack-related-posts":[],"jetpack_sharing_enabled":true,"jetpack_likes_enabled":true,"_links":{"self":[{"href":"https:\/\/afogadosfm.com.br\/afogadosfm\/wp-json\/wp\/v2\/posts\/63047","targetHints":{"allow":["GET"]}}],"collection":[{"href":"https:\/\/afogadosfm.com.br\/afogadosfm\/wp-json\/wp\/v2\/posts"}],"about":[{"href":"https:\/\/afogadosfm.com.br\/afogadosfm\/wp-json\/wp\/v2\/types\/post"}],"author":[{"embeddable":true,"href":"https:\/\/afogadosfm.com.br\/afogadosfm\/wp-json\/wp\/v2\/users\/2"}],"replies":[{"embeddable":true,"href":"https:\/\/afogadosfm.com.br\/afogadosfm\/wp-json\/wp\/v2\/comments?post=63047"}],"version-history":[{"count":1,"href":"https:\/\/afogadosfm.com.br\/afogadosfm\/wp-json\/wp\/v2\/posts\/63047\/revisions"}],"predecessor-version":[{"id":63048,"href":"https:\/\/afogadosfm.com.br\/afogadosfm\/wp-json\/wp\/v2\/posts\/63047\/revisions\/63048"}],"wp:featuredmedia":[{"embeddable":true,"href":"https:\/\/afogadosfm.com.br\/afogadosfm\/wp-json\/wp\/v2\/media\/34296"}],"wp:attachment":[{"href":"https:\/\/afogadosfm.com.br\/afogadosfm\/wp-json\/wp\/v2\/media?parent=63047"}],"wp:term":[{"taxonomy":"category","embeddable":true,"href":"https:\/\/afogadosfm.com.br\/afogadosfm\/wp-json\/wp\/v2\/categories?post=63047"},{"taxonomy":"post_tag","embeddable":true,"href":"https:\/\/afogadosfm.com.br\/afogadosfm\/wp-json\/wp\/v2\/tags?post=63047"}],"curies":[{"name":"wp","href":"https:\/\/api.w.org\/{rel}","templated":true}]}}