{"id":63150,"date":"2025-02-04T06:54:28","date_gmt":"2025-02-04T09:54:28","guid":{"rendered":"https:\/\/afogadosfm.com.br\/afogadosfm\/?p=63150"},"modified":"2025-02-04T07:10:05","modified_gmt":"2025-02-04T10:10:05","slug":"policia-civil-prende-elder-santos-autor-do-homicidio-de-pedro-gabriel","status":"publish","type":"post","link":"https:\/\/afogadosfm.com.br\/afogadosfm\/2025\/02\/04\/policia-civil-prende-elder-santos-autor-do-homicidio-de-pedro-gabriel\/","title":{"rendered":"Policia Civil prende Elder Santos autor do homic\u00eddio de Pedro Gabriel"},"content":{"rendered":"\n<p>Na manh\u00e3 desta ter\u00e7a 04 em Afogados da Ingazeira-PE, a Pol\u00edcia Civil do Estado de Pernambuco, por meio da Delegacia de Pol\u00edcia da 167\u00aa Circunscri\u00e7\u00e3o \u2013 Afogados da Ingazeira, e com o apoio da Pol\u00edcia Militar de Pernambuco, atrav\u00e9s do 23\u00ba BPM \u2013 Afogados da Ingazeira, deflagrou opera\u00e7\u00e3o para o cumprimento de mandados de pris\u00e3o preventiva e busca e apreens\u00e3o.<\/p>\n\n\n\n<p>As medidas foram expedidas pelo Juiz de Direito da Vara Criminal da Comarca de Afogados da Ingazeira, Dr. Osvaldo Teles Lobo J\u00fanior, ap\u00f3s parecer favor\u00e1vel do representante do Minist\u00e9rio P\u00fablico, Dr. Romero Tadeu Borja de Melo Filho.<\/p>\n\n\n\n<p>O alvo da opera\u00e7\u00e3o foi Elder Santos Souza, investigado pelo homic\u00eddio ocorrido no dia 26\/01\/2025, que vitimou o jovem Pedro Gabriel Silva Gomes. A a\u00e7\u00e3o resultou na localiza\u00e7\u00e3o e pris\u00e3o do investigado, que foi conduzido e se encontra \u00e0 disposi\u00e7\u00e3o da Justi\u00e7a para responder pelo crime.<\/p>\n\n\n\n<p>A Pol\u00edcia Civil de Pernambuco refor\u00e7a seu compromisso com o combate aos crimes contra a vida, buscando garantir a seguran\u00e7a da popula\u00e7\u00e3o de Afogados da Ingazeira e regi\u00e3o.<\/p>\n\n\n<div class=\"wp-block-image\">\n<figure class=\"alignleft\"><img data-recalc-dims=\"1\" height=\"1024\" width=\"787\" decoding=\"async\" src=\"https:\/\/i0.wp.com\/blogjulianalima.com.br\/wp-content\/uploads\/2025\/02\/WhatsApp-Image-2025-02-04-at-06.35.48-787x1024.jpeg?resize=787%2C1024&#038;ssl=1\" alt=\"\" class=\"wp-image-5178\"\/><\/figure>\n<\/div>\n\n\n<p><\/p>\n","protected":false},"excerpt":{"rendered":"<p>Na manh\u00e3 desta ter\u00e7a 04 em Afogados da Ingazeira-PE, a Pol\u00edcia Civil do Estado de Pernambuco, por meio da Delegacia<\/p>\n","protected":false},"author":2,"featured_media":54517,"comment_status":"open","ping_status":"open","sticky":false,"template":"","format":"standard","meta":{"jetpack_post_was_ever_published":false,"_jetpack_newsletter_access":"","_jetpack_dont_email_post_to_subs":false,"_jetpack_newsletter_tier_id":0,"_jetpack_memberships_contains_paywalled_content":false,"_jetpack_memberships_contains_paid_content":false,"footnotes":"","jetpack_publicize_message":"","jetpack_publicize_feature_enabled":true,"jetpack_social_post_already_shared":true,"jetpack_social_options":{"image_generator_settings":{"template":"highway","default_image_id":0,"font":"","enabled":false},"version":2}},"categories":[14],"tags":[],"class_list":["post-63150","post","type-post","status-publish","format-standard","has-post-thumbnail","hentry","category-afogados-da-ingazeira"],"yoast_head":"<!-- This site is optimized with the Yoast SEO plugin v27.5 - https:\/\/yoast.com\/product\/yoast-seo-wordpress\/ -->\n<title>Policia Civil prende Elder Santos autor do homic\u00eddio de Pedro Gabriel - Afogados FM<\/title>\n<meta name=\"robots\" content=\"index, follow, max-snippet:-1, max-image-preview:large, max-video-preview:-1\" \/>\n<link rel=\"canonical\" href=\"https:\/\/afogadosfm.com.br\/afogadosfm\/2025\/02\/04\/policia-civil-prende-elder-santos-autor-do-homicidio-de-pedro-gabriel\/\" \/>\n<meta property=\"og:locale\" content=\"pt_BR\" \/>\n<meta property=\"og:type\" content=\"article\" \/>\n<meta property=\"og:title\" content=\"Policia Civil prende Elder Santos autor do homic\u00eddio de Pedro Gabriel - Afogados FM\" \/>\n<meta property=\"og:description\" content=\"Na manh\u00e3 desta ter\u00e7a 04 em Afogados da Ingazeira-PE, a Pol\u00edcia Civil do Estado de Pernambuco, por meio da Delegacia\" \/>\n<meta property=\"og:url\" content=\"https:\/\/afogadosfm.com.br\/afogadosfm\/2025\/02\/04\/policia-civil-prende-elder-santos-autor-do-homicidio-de-pedro-gabriel\/\" \/>\n<meta property=\"og:site_name\" content=\"Afogados FM\" \/>\n<meta property=\"article:published_time\" content=\"2025-02-04T09:54:28+00:00\" \/>\n<meta property=\"article:modified_time\" content=\"2025-02-04T10:10:05+00:00\" \/>\n<meta property=\"og:image\" content=\"https:\/\/afogadosfm.com.br\/afogadosfm\/wp-content\/uploads\/2024\/02\/policiacivil.jpeg\" \/>\n\t<meta property=\"og:image:width\" content=\"474\" \/>\n\t<meta property=\"og:image:height\" content=\"244\" \/>\n\t<meta property=\"og:image:type\" content=\"image\/jpeg\" \/>\n<meta name=\"author\" content=\"afogadosfm\" \/>\n<meta name=\"twitter:card\" content=\"summary_large_image\" \/>\n<meta name=\"twitter:label1\" content=\"Escrito por\" \/>\n\t<meta name=\"twitter:data1\" content=\"afogadosfm\" \/>\n\t<meta name=\"twitter:label2\" content=\"Est. tempo de leitura\" \/>\n\t<meta name=\"twitter:data2\" content=\"2 minutos\" \/>\n<script type=\"application\/ld+json\" class=\"yoast-schema-graph\">{\"@context\":\"https:\\\/\\\/schema.org\",\"@graph\":[{\"@type\":\"Article\",\"@id\":\"https:\\\/\\\/afogadosfm.com.br\\\/afogadosfm\\\/2025\\\/02\\\/04\\\/policia-civil-prende-elder-santos-autor-do-homicidio-de-pedro-gabriel\\\/#article\",\"isPartOf\":{\"@id\":\"https:\\\/\\\/afogadosfm.com.br\\\/afogadosfm\\\/2025\\\/02\\\/04\\\/policia-civil-prende-elder-santos-autor-do-homicidio-de-pedro-gabriel\\\/\"},\"author\":{\"name\":\"afogadosfm\",\"@id\":\"https:\\\/\\\/afogadosfm.com.br\\\/afogadosfm\\\/#\\\/schema\\\/person\\\/60e56f2cf5dc960fc093fe093d9e9057\"},\"headline\":\"Policia Civil prende Elder Santos autor do homic\u00eddio de Pedro Gabriel\",\"datePublished\":\"2025-02-04T09:54:28+00:00\",\"dateModified\":\"2025-02-04T10:10:05+00:00\",\"mainEntityOfPage\":{\"@id\":\"https:\\\/\\\/afogadosfm.com.br\\\/afogadosfm\\\/2025\\\/02\\\/04\\\/policia-civil-prende-elder-santos-autor-do-homicidio-de-pedro-gabriel\\\/\"},\"wordCount\":202,\"commentCount\":0,\"publisher\":{\"@id\":\"https:\\\/\\\/afogadosfm.com.br\\\/afogadosfm\\\/#organization\"},\"image\":{\"@id\":\"https:\\\/\\\/afogadosfm.com.br\\\/afogadosfm\\\/2025\\\/02\\\/04\\\/policia-civil-prende-elder-santos-autor-do-homicidio-de-pedro-gabriel\\\/#primaryimage\"},\"thumbnailUrl\":\"https:\\\/\\\/i0.wp.com\\\/afogadosfm.com.br\\\/afogadosfm\\\/wp-content\\\/uploads\\\/2024\\\/02\\\/policiacivil.jpeg?fit=474%2C244&ssl=1\",\"articleSection\":[\"Afogados da Ingazeira\"],\"inLanguage\":\"pt-BR\",\"potentialAction\":[{\"@type\":\"CommentAction\",\"name\":\"Comment\",\"target\":[\"https:\\\/\\\/afogadosfm.com.br\\\/afogadosfm\\\/2025\\\/02\\\/04\\\/policia-civil-prende-elder-santos-autor-do-homicidio-de-pedro-gabriel\\\/#respond\"]}]},{\"@type\":\"WebPage\",\"@id\":\"https:\\\/\\\/afogadosfm.com.br\\\/afogadosfm\\\/2025\\\/02\\\/04\\\/policia-civil-prende-elder-santos-autor-do-homicidio-de-pedro-gabriel\\\/\",\"url\":\"https:\\\/\\\/afogadosfm.com.br\\\/afogadosfm\\\/2025\\\/02\\\/04\\\/policia-civil-prende-elder-santos-autor-do-homicidio-de-pedro-gabriel\\\/\",\"name\":\"Policia Civil prende Elder Santos autor do homic\u00eddio de Pedro Gabriel - Afogados FM\",\"isPartOf\":{\"@id\":\"https:\\\/\\\/afogadosfm.com.br\\\/afogadosfm\\\/#website\"},\"primaryImageOfPage\":{\"@id\":\"https:\\\/\\\/afogadosfm.com.br\\\/afogadosfm\\\/2025\\\/02\\\/04\\\/policia-civil-prende-elder-santos-autor-do-homicidio-de-pedro-gabriel\\\/#primaryimage\"},\"image\":{\"@id\":\"https:\\\/\\\/afogadosfm.com.br\\\/afogadosfm\\\/2025\\\/02\\\/04\\\/policia-civil-prende-elder-santos-autor-do-homicidio-de-pedro-gabriel\\\/#primaryimage\"},\"thumbnailUrl\":\"https:\\\/\\\/i0.wp.com\\\/afogadosfm.com.br\\\/afogadosfm\\\/wp-content\\\/uploads\\\/2024\\\/02\\\/policiacivil.jpeg?fit=474%2C244&ssl=1\",\"datePublished\":\"2025-02-04T09:54:28+00:00\",\"dateModified\":\"2025-02-04T10:10:05+00:00\",\"breadcrumb\":{\"@id\":\"https:\\\/\\\/afogadosfm.com.br\\\/afogadosfm\\\/2025\\\/02\\\/04\\\/policia-civil-prende-elder-santos-autor-do-homicidio-de-pedro-gabriel\\\/#breadcrumb\"},\"inLanguage\":\"pt-BR\",\"potentialAction\":[{\"@type\":\"ReadAction\",\"target\":[\"https:\\\/\\\/afogadosfm.com.br\\\/afogadosfm\\\/2025\\\/02\\\/04\\\/policia-civil-prende-elder-santos-autor-do-homicidio-de-pedro-gabriel\\\/\"]}]},{\"@type\":\"ImageObject\",\"inLanguage\":\"pt-BR\",\"@id\":\"https:\\\/\\\/afogadosfm.com.br\\\/afogadosfm\\\/2025\\\/02\\\/04\\\/policia-civil-prende-elder-santos-autor-do-homicidio-de-pedro-gabriel\\\/#primaryimage\",\"url\":\"https:\\\/\\\/i0.wp.com\\\/afogadosfm.com.br\\\/afogadosfm\\\/wp-content\\\/uploads\\\/2024\\\/02\\\/policiacivil.jpeg?fit=474%2C244&ssl=1\",\"contentUrl\":\"https:\\\/\\\/i0.wp.com\\\/afogadosfm.com.br\\\/afogadosfm\\\/wp-content\\\/uploads\\\/2024\\\/02\\\/policiacivil.jpeg?fit=474%2C244&ssl=1\",\"width\":474,\"height\":244},{\"@type\":\"BreadcrumbList\",\"@id\":\"https:\\\/\\\/afogadosfm.com.br\\\/afogadosfm\\\/2025\\\/02\\\/04\\\/policia-civil-prende-elder-santos-autor-do-homicidio-de-pedro-gabriel\\\/#breadcrumb\",\"itemListElement\":[{\"@type\":\"ListItem\",\"position\":1,\"name\":\"In\u00edcio\",\"item\":\"https:\\\/\\\/afogadosfm.com.br\\\/afogadosfm\\\/\"},{\"@type\":\"ListItem\",\"position\":2,\"name\":\"Policia Civil prende Elder Santos autor do homic\u00eddio de Pedro Gabriel\"}]},{\"@type\":\"WebSite\",\"@id\":\"https:\\\/\\\/afogadosfm.com.br\\\/afogadosfm\\\/#website\",\"url\":\"https:\\\/\\\/afogadosfm.com.br\\\/afogadosfm\\\/\",\"name\":\"Afogados FM\",\"description\":\"Um site completo!\",\"publisher\":{\"@id\":\"https:\\\/\\\/afogadosfm.com.br\\\/afogadosfm\\\/#organization\"},\"potentialAction\":[{\"@type\":\"SearchAction\",\"target\":{\"@type\":\"EntryPoint\",\"urlTemplate\":\"https:\\\/\\\/afogadosfm.com.br\\\/afogadosfm\\\/?s={search_term_string}\"},\"query-input\":{\"@type\":\"PropertyValueSpecification\",\"valueRequired\":true,\"valueName\":\"search_term_string\"}}],\"inLanguage\":\"pt-BR\"},{\"@type\":\"Organization\",\"@id\":\"https:\\\/\\\/afogadosfm.com.br\\\/afogadosfm\\\/#organization\",\"name\":\"Afogados FM\",\"url\":\"https:\\\/\\\/afogadosfm.com.br\\\/afogadosfm\\\/\",\"logo\":{\"@type\":\"ImageObject\",\"inLanguage\":\"pt-BR\",\"@id\":\"https:\\\/\\\/afogadosfm.com.br\\\/afogadosfm\\\/#\\\/schema\\\/logo\\\/image\\\/\",\"url\":\"https:\\\/\\\/i0.wp.com\\\/afogadosfm.com.br\\\/afogadosfm\\\/wp-content\\\/uploads\\\/2020\\\/06\\\/cropped-banner-afogados-4.jpg?fit=369%2C137&ssl=1\",\"contentUrl\":\"https:\\\/\\\/i0.wp.com\\\/afogadosfm.com.br\\\/afogadosfm\\\/wp-content\\\/uploads\\\/2020\\\/06\\\/cropped-banner-afogados-4.jpg?fit=369%2C137&ssl=1\",\"width\":369,\"height\":137,\"caption\":\"Afogados FM\"},\"image\":{\"@id\":\"https:\\\/\\\/afogadosfm.com.br\\\/afogadosfm\\\/#\\\/schema\\\/logo\\\/image\\\/\"}},{\"@type\":\"Person\",\"@id\":\"https:\\\/\\\/afogadosfm.com.br\\\/afogadosfm\\\/#\\\/schema\\\/person\\\/60e56f2cf5dc960fc093fe093d9e9057\",\"name\":\"afogadosfm\",\"image\":{\"@type\":\"ImageObject\",\"inLanguage\":\"pt-BR\",\"@id\":\"https:\\\/\\\/secure.gravatar.com\\\/avatar\\\/e0359add7ed5dc3560906d861b52c6a8cf5c1e199d3a7dd85070998f49bd4701?s=96&d=mm&r=g\",\"url\":\"https:\\\/\\\/secure.gravatar.com\\\/avatar\\\/e0359add7ed5dc3560906d861b52c6a8cf5c1e199d3a7dd85070998f49bd4701?s=96&d=mm&r=g\",\"contentUrl\":\"https:\\\/\\\/secure.gravatar.com\\\/avatar\\\/e0359add7ed5dc3560906d861b52c6a8cf5c1e199d3a7dd85070998f49bd4701?s=96&d=mm&r=g\",\"caption\":\"afogadosfm\"},\"url\":\"https:\\\/\\\/afogadosfm.com.br\\\/afogadosfm\\\/author\\\/afogadosfm\\\/\"}]}<\/script>\n<!-- \/ Yoast SEO plugin. -->","yoast_head_json":{"title":"Policia Civil prende Elder Santos autor do homic\u00eddio de Pedro Gabriel - Afogados FM","robots":{"index":"index","follow":"follow","max-snippet":"max-snippet:-1","max-image-preview":"max-image-preview:large","max-video-preview":"max-video-preview:-1"},"canonical":"https:\/\/afogadosfm.com.br\/afogadosfm\/2025\/02\/04\/policia-civil-prende-elder-santos-autor-do-homicidio-de-pedro-gabriel\/","og_locale":"pt_BR","og_type":"article","og_title":"Policia Civil prende Elder Santos autor do homic\u00eddio de Pedro Gabriel - Afogados FM","og_description":"Na manh\u00e3 desta ter\u00e7a 04 em Afogados da Ingazeira-PE, a Pol\u00edcia Civil do Estado de Pernambuco, por meio da Delegacia","og_url":"https:\/\/afogadosfm.com.br\/afogadosfm\/2025\/02\/04\/policia-civil-prende-elder-santos-autor-do-homicidio-de-pedro-gabriel\/","og_site_name":"Afogados FM","article_published_time":"2025-02-04T09:54:28+00:00","article_modified_time":"2025-02-04T10:10:05+00:00","og_image":[{"width":474,"height":244,"url":"https:\/\/afogadosfm.com.br\/afogadosfm\/wp-content\/uploads\/2024\/02\/policiacivil.jpeg","type":"image\/jpeg"}],"author":"afogadosfm","twitter_card":"summary_large_image","twitter_misc":{"Escrito por":"afogadosfm","Est. tempo de leitura":"2 minutos"},"schema":{"@context":"https:\/\/schema.org","@graph":[{"@type":"Article","@id":"https:\/\/afogadosfm.com.br\/afogadosfm\/2025\/02\/04\/policia-civil-prende-elder-santos-autor-do-homicidio-de-pedro-gabriel\/#article","isPartOf":{"@id":"https:\/\/afogadosfm.com.br\/afogadosfm\/2025\/02\/04\/policia-civil-prende-elder-santos-autor-do-homicidio-de-pedro-gabriel\/"},"author":{"name":"afogadosfm","@id":"https:\/\/afogadosfm.com.br\/afogadosfm\/#\/schema\/person\/60e56f2cf5dc960fc093fe093d9e9057"},"headline":"Policia Civil prende Elder Santos autor do homic\u00eddio de Pedro Gabriel","datePublished":"2025-02-04T09:54:28+00:00","dateModified":"2025-02-04T10:10:05+00:00","mainEntityOfPage":{"@id":"https:\/\/afogadosfm.com.br\/afogadosfm\/2025\/02\/04\/policia-civil-prende-elder-santos-autor-do-homicidio-de-pedro-gabriel\/"},"wordCount":202,"commentCount":0,"publisher":{"@id":"https:\/\/afogadosfm.com.br\/afogadosfm\/#organization"},"image":{"@id":"https:\/\/afogadosfm.com.br\/afogadosfm\/2025\/02\/04\/policia-civil-prende-elder-santos-autor-do-homicidio-de-pedro-gabriel\/#primaryimage"},"thumbnailUrl":"https:\/\/i0.wp.com\/afogadosfm.com.br\/afogadosfm\/wp-content\/uploads\/2024\/02\/policiacivil.jpeg?fit=474%2C244&ssl=1","articleSection":["Afogados da Ingazeira"],"inLanguage":"pt-BR","potentialAction":[{"@type":"CommentAction","name":"Comment","target":["https:\/\/afogadosfm.com.br\/afogadosfm\/2025\/02\/04\/policia-civil-prende-elder-santos-autor-do-homicidio-de-pedro-gabriel\/#respond"]}]},{"@type":"WebPage","@id":"https:\/\/afogadosfm.com.br\/afogadosfm\/2025\/02\/04\/policia-civil-prende-elder-santos-autor-do-homicidio-de-pedro-gabriel\/","url":"https:\/\/afogadosfm.com.br\/afogadosfm\/2025\/02\/04\/policia-civil-prende-elder-santos-autor-do-homicidio-de-pedro-gabriel\/","name":"Policia Civil prende Elder Santos autor do homic\u00eddio de Pedro Gabriel - Afogados FM","isPartOf":{"@id":"https:\/\/afogadosfm.com.br\/afogadosfm\/#website"},"primaryImageOfPage":{"@id":"https:\/\/afogadosfm.com.br\/afogadosfm\/2025\/02\/04\/policia-civil-prende-elder-santos-autor-do-homicidio-de-pedro-gabriel\/#primaryimage"},"image":{"@id":"https:\/\/afogadosfm.com.br\/afogadosfm\/2025\/02\/04\/policia-civil-prende-elder-santos-autor-do-homicidio-de-pedro-gabriel\/#primaryimage"},"thumbnailUrl":"https:\/\/i0.wp.com\/afogadosfm.com.br\/afogadosfm\/wp-content\/uploads\/2024\/02\/policiacivil.jpeg?fit=474%2C244&ssl=1","datePublished":"2025-02-04T09:54:28+00:00","dateModified":"2025-02-04T10:10:05+00:00","breadcrumb":{"@id":"https:\/\/afogadosfm.com.br\/afogadosfm\/2025\/02\/04\/policia-civil-prende-elder-santos-autor-do-homicidio-de-pedro-gabriel\/#breadcrumb"},"inLanguage":"pt-BR","potentialAction":[{"@type":"ReadAction","target":["https:\/\/afogadosfm.com.br\/afogadosfm\/2025\/02\/04\/policia-civil-prende-elder-santos-autor-do-homicidio-de-pedro-gabriel\/"]}]},{"@type":"ImageObject","inLanguage":"pt-BR","@id":"https:\/\/afogadosfm.com.br\/afogadosfm\/2025\/02\/04\/policia-civil-prende-elder-santos-autor-do-homicidio-de-pedro-gabriel\/#primaryimage","url":"https:\/\/i0.wp.com\/afogadosfm.com.br\/afogadosfm\/wp-content\/uploads\/2024\/02\/policiacivil.jpeg?fit=474%2C244&ssl=1","contentUrl":"https:\/\/i0.wp.com\/afogadosfm.com.br\/afogadosfm\/wp-content\/uploads\/2024\/02\/policiacivil.jpeg?fit=474%2C244&ssl=1","width":474,"height":244},{"@type":"BreadcrumbList","@id":"https:\/\/afogadosfm.com.br\/afogadosfm\/2025\/02\/04\/policia-civil-prende-elder-santos-autor-do-homicidio-de-pedro-gabriel\/#breadcrumb","itemListElement":[{"@type":"ListItem","position":1,"name":"In\u00edcio","item":"https:\/\/afogadosfm.com.br\/afogadosfm\/"},{"@type":"ListItem","position":2,"name":"Policia Civil prende Elder Santos autor do homic\u00eddio de Pedro Gabriel"}]},{"@type":"WebSite","@id":"https:\/\/afogadosfm.com.br\/afogadosfm\/#website","url":"https:\/\/afogadosfm.com.br\/afogadosfm\/","name":"Afogados FM","description":"Um site completo!","publisher":{"@id":"https:\/\/afogadosfm.com.br\/afogadosfm\/#organization"},"potentialAction":[{"@type":"SearchAction","target":{"@type":"EntryPoint","urlTemplate":"https:\/\/afogadosfm.com.br\/afogadosfm\/?s={search_term_string}"},"query-input":{"@type":"PropertyValueSpecification","valueRequired":true,"valueName":"search_term_string"}}],"inLanguage":"pt-BR"},{"@type":"Organization","@id":"https:\/\/afogadosfm.com.br\/afogadosfm\/#organization","name":"Afogados FM","url":"https:\/\/afogadosfm.com.br\/afogadosfm\/","logo":{"@type":"ImageObject","inLanguage":"pt-BR","@id":"https:\/\/afogadosfm.com.br\/afogadosfm\/#\/schema\/logo\/image\/","url":"https:\/\/i0.wp.com\/afogadosfm.com.br\/afogadosfm\/wp-content\/uploads\/2020\/06\/cropped-banner-afogados-4.jpg?fit=369%2C137&ssl=1","contentUrl":"https:\/\/i0.wp.com\/afogadosfm.com.br\/afogadosfm\/wp-content\/uploads\/2020\/06\/cropped-banner-afogados-4.jpg?fit=369%2C137&ssl=1","width":369,"height":137,"caption":"Afogados FM"},"image":{"@id":"https:\/\/afogadosfm.com.br\/afogadosfm\/#\/schema\/logo\/image\/"}},{"@type":"Person","@id":"https:\/\/afogadosfm.com.br\/afogadosfm\/#\/schema\/person\/60e56f2cf5dc960fc093fe093d9e9057","name":"afogadosfm","image":{"@type":"ImageObject","inLanguage":"pt-BR","@id":"https:\/\/secure.gravatar.com\/avatar\/e0359add7ed5dc3560906d861b52c6a8cf5c1e199d3a7dd85070998f49bd4701?s=96&d=mm&r=g","url":"https:\/\/secure.gravatar.com\/avatar\/e0359add7ed5dc3560906d861b52c6a8cf5c1e199d3a7dd85070998f49bd4701?s=96&d=mm&r=g","contentUrl":"https:\/\/secure.gravatar.com\/avatar\/e0359add7ed5dc3560906d861b52c6a8cf5c1e199d3a7dd85070998f49bd4701?s=96&d=mm&r=g","caption":"afogadosfm"},"url":"https:\/\/afogadosfm.com.br\/afogadosfm\/author\/afogadosfm\/"}]}},"jetpack_publicize_connections":[],"jetpack_featured_media_url":"https:\/\/i0.wp.com\/afogadosfm.com.br\/afogadosfm\/wp-content\/uploads\/2024\/02\/policiacivil.jpeg?fit=474%2C244&ssl=1","jetpack-related-posts":[],"jetpack_sharing_enabled":true,"jetpack_likes_enabled":true,"_links":{"self":[{"href":"https:\/\/afogadosfm.com.br\/afogadosfm\/wp-json\/wp\/v2\/posts\/63150","targetHints":{"allow":["GET"]}}],"collection":[{"href":"https:\/\/afogadosfm.com.br\/afogadosfm\/wp-json\/wp\/v2\/posts"}],"about":[{"href":"https:\/\/afogadosfm.com.br\/afogadosfm\/wp-json\/wp\/v2\/types\/post"}],"author":[{"embeddable":true,"href":"https:\/\/afogadosfm.com.br\/afogadosfm\/wp-json\/wp\/v2\/users\/2"}],"replies":[{"embeddable":true,"href":"https:\/\/afogadosfm.com.br\/afogadosfm\/wp-json\/wp\/v2\/comments?post=63150"}],"version-history":[{"count":2,"href":"https:\/\/afogadosfm.com.br\/afogadosfm\/wp-json\/wp\/v2\/posts\/63150\/revisions"}],"predecessor-version":[{"id":63152,"href":"https:\/\/afogadosfm.com.br\/afogadosfm\/wp-json\/wp\/v2\/posts\/63150\/revisions\/63152"}],"wp:featuredmedia":[{"embeddable":true,"href":"https:\/\/afogadosfm.com.br\/afogadosfm\/wp-json\/wp\/v2\/media\/54517"}],"wp:attachment":[{"href":"https:\/\/afogadosfm.com.br\/afogadosfm\/wp-json\/wp\/v2\/media?parent=63150"}],"wp:term":[{"taxonomy":"category","embeddable":true,"href":"https:\/\/afogadosfm.com.br\/afogadosfm\/wp-json\/wp\/v2\/categories?post=63150"},{"taxonomy":"post_tag","embeddable":true,"href":"https:\/\/afogadosfm.com.br\/afogadosfm\/wp-json\/wp\/v2\/tags?post=63150"}],"curies":[{"name":"wp","href":"https:\/\/api.w.org\/{rel}","templated":true}]}}