{"id":63156,"date":"2025-02-04T13:33:07","date_gmt":"2025-02-04T16:33:07","guid":{"rendered":"https:\/\/afogadosfm.com.br\/afogadosfm\/?p=63156"},"modified":"2025-02-04T13:33:13","modified_gmt":"2025-02-04T16:33:13","slug":"brejinho-pe-tem-tres-datas-de-emancipacao-e-nunca-comemoram-da-data-certa","status":"publish","type":"post","link":"https:\/\/afogadosfm.com.br\/afogadosfm\/2025\/02\/04\/brejinho-pe-tem-tres-datas-de-emancipacao-e-nunca-comemoram-da-data-certa\/","title":{"rendered":"Brejinho-PE tem tr\u00eas datas de emancipa\u00e7\u00e3o e nunca comemoram da data certa"},"content":{"rendered":"\n<p>Brejinho foi emancipada em 20 de dezembro de 1963, por for\u00e7a de Lei Estadual n\u00ba 4.996. A exemplo de Iguaracy, Ingazeira e Solid\u00e3o, todas no paje\u00fa, o processo emancipat\u00f3rio foi id\u00eantico, culminando com a san\u00e7\u00e3o da referida lei.<\/p>\n\n\n\n<p>Hist\u00f3rica e tradicionalmente, h\u00e1 60 anos,&nbsp;comemora-seem 31 de mar\u00e7o, 11 dias ap\u00f3s a instala\u00e7\u00e3o do munic\u00edpio, ocorrida no dia 20. Do ponto de vista legal,&nbsp;a&nbsp;referida&nbsp;comemora\u00e7\u00e3o j\u00e1 \u00e9 um equ\u00edvoco, pois deveria&nbsp;observar&nbsp;o que sancionou o ent\u00e3o Gov. Miguel Arraes de Alencar naquela sexta-feira de dezembro, como ocorre com as referidas cidades,&nbsp;em conson\u00e2ncia com&nbsp;o art. 18, \u00a74\u00ba&nbsp;da&nbsp;Constitui\u00e7\u00e3o Federal,&nbsp;dispondo que a cria\u00e7\u00e3o de munic\u00edpio obedecer\u00e1 a Lei Estadual.&nbsp;<\/p>\n\n\n\n<p>H\u00e1 uma corrente que defende um suposto acordo entre vereadores da \u00e9poca para homenagear a ditadura, da mesma maneira que existem correntes&nbsp;opostas&nbsp;alegando inexist\u00eancia de&nbsp;qualquer&nbsp;rela\u00e7\u00e3o entre o derradeiro de mar\u00e7o brejinhense e o golpe militar.<\/p>\n\n\n\n<p>Ocorre que, inesperadamente, a C\u00e2mara de Vereadores aprovou o projeto de Lei Complementar n\u00ba 006\/2024,&nbsp;modificando a Lei org\u00e2nica e alterando a data&nbsp;de emancipa\u00e7\u00e3o para 22 de fevereiro,&nbsp;<strong>sob o surpreendente fr\u00e1gil argumento&nbsp;<\/strong>de que a emancipa\u00e7\u00e3o<em>&nbsp;<\/em>se&nbsp;<em>concluiu com a posse do prefeito interino<\/em><em>, \u201csendo a melhor data para se comemorar nossa emancipa\u00e7\u00e3o pol\u00edtica a de 22\/02\u201d.<\/em><\/p>\n\n\n\n<p>Se houvesse a estrita obedi\u00eancia legal, a emancipa\u00e7\u00e3o seria comemorada em 20 de dezembro&nbsp;(Iguaracy, Ingazeira e Solid\u00e3o).&nbsp;Se respeitassem a&nbsp;tradi\u00e7\u00e3o,&nbsp;a&nbsp;hist\u00f3ria e os antepassados que tanto trabalharam para este processo, optava-se pela manuten\u00e7\u00e3o do 31 de mar\u00e7o.&nbsp;<\/p>\n\n\n\n<p>O&nbsp;que n\u00e3o se admite \u00e9 a pessoalidade do projeto ao condicionar \u00e0 exist\u00eancia do munic\u00edpio \u00e0 figura do prefeito, sendo certo que o prefeito \u00e9 quem depende de um munic\u00edpio previamente emancipado para que seja o prefeito.&nbsp;N\u00f3s estamos em uma Rep\u00fablica, num Estado de Direito.<\/p>\n\n\n\n<p>Em conceito b\u00e1sico, legalmente, emancipa\u00e7\u00e3o pol\u00edtico-administrativa \u00e9 o ato pelo qual o munic\u00edpio passa a existir jur\u00eddica e administrativamente. Todos os munic\u00edpios primeiro existiram por meio de Lei Estadual, depois tiveram seus prefeitos.&nbsp;<\/p>\n\n\n\n<p>Pelo significado literal de \u201cemancipar\u201d, sequer haveria discuss\u00e3o.&nbsp;Se o intuito fosse realmente corrigir, seria alterada para 20 de dezembro, conforme a Lei. \u00c9 uma cidade que \u201ccorrige\u201d um erro com outro erro.<\/p>\n\n\n\n<p>N\u00e3o houve, nos projetos,&nbsp;a m\u00ednima&nbsp;distin\u00e7\u00e3o entre os institutos de emancipa\u00e7\u00e3o (cria\u00e7\u00e3o\/desmembramento de munic\u00edpio) e posse (momento em que o prefeito passa a exercer suas fun\u00e7\u00f5es).<\/p>\n\n\n\n<p>Al\u00e9m disso, por meio do projeto de Lei Ordin\u00e1ria n\u00ba 028\/2024, tamb\u00e9m foram modificados os elementos da bandeira municipal, violando a Lei Org\u00e2nica, e substituindo os desenhos da cana-de-a\u00e7\u00facar pelo agave, al\u00e9m de outras altera\u00e7\u00f5es&nbsp;question\u00e1veis.<\/p>\n\n\n\n<p>Agrava-se a situa\u00e7\u00e3o pelo fato de que a popula\u00e7\u00e3o&nbsp;<strong>n\u00e3o fora consultada<\/strong>,&nbsp;<em>consulta esta que n\u00e3o se restringe \u00e0 determinada quantidade e\/ou grupo, mas deve abranger a maior quantidade poss\u00edvel.<\/em><em>&nbsp;<\/em>Por que em vez de votar&nbsp;esses projetos um m\u00eas depois das elei\u00e7\u00f5es, a C\u00e2mara n\u00e3o discutiu as propostas&nbsp;no per\u00edodo eleitoral?<\/p>\n\n\n\n<p>Lembra-se que, devido a celeridade com que os projetos foram votados e a aus\u00eancia de divulga\u00e7\u00e3o, poucos s\u00e3o os brejinhenses conhecedores destas mudan\u00e7as.&nbsp;O sentimento populacional \u00e9 de insatisfa\u00e7\u00e3o. Em qualquer outra cidade do mundo, um projeto desta magnitude sequer seria discutido, pois contraria a lei, tampouco seria aprovado sem a devida participa\u00e7\u00e3o popular.&nbsp;&nbsp;<\/p>\n\n\n\n<p>Neste sentido, apresentamos, na&nbsp;sexta-feira (24\/01),&nbsp;requerimento \u00e0 C\u00e2mara de Vereadores de Brejinho a fim de que seja designada&nbsp;\u2013 em car\u00e1ter de urg\u00eancia&nbsp;\u2013&nbsp;audi\u00eancia p\u00fablica para debater a altera\u00e7\u00e3o, do qual&nbsp;aguardamosresposta.&nbsp;<\/p>\n\n\n\n<p>Ressaltamos que este \u00e9&nbsp;um&nbsp;requerimentoindependente, impessoal e apartid\u00e1rio pelo qual conclamamos o engajamento de toda a popula\u00e7\u00e3o, bem como dos excelent\u00edssimos vereadores&nbsp;e vereadora, a fim de que este erro&nbsp;in\u00e9dito,&nbsp;sem&nbsp;precedente e semfundamento,&nbsp;seja debatido e corrigido.<\/p>\n\n\n\n<p>Gisl\u00e2ndio Ara\u00fajo&nbsp;dos Santos,<\/p>\n\n\n\n<p>Cidad\u00e3o.<\/p>\n","protected":false},"excerpt":{"rendered":"<p>Brejinho foi emancipada em 20 de dezembro de 1963, por for\u00e7a de Lei Estadual n\u00ba 4.996. A exemplo de Iguaracy,<\/p>\n","protected":false},"author":2,"featured_media":2215,"comment_status":"open","ping_status":"open","sticky":false,"template":"","format":"standard","meta":{"jetpack_post_was_ever_published":false,"_jetpack_newsletter_access":"","_jetpack_dont_email_post_to_subs":false,"_jetpack_newsletter_tier_id":0,"_jetpack_memberships_contains_paywalled_content":false,"_jetpack_memberships_contains_paid_content":false,"footnotes":"","jetpack_publicize_message":"","jetpack_publicize_feature_enabled":true,"jetpack_social_post_already_shared":true,"jetpack_social_options":{"image_generator_settings":{"template":"highway","default_image_id":0,"font":"","enabled":false},"version":2}},"categories":[32],"tags":[],"class_list":["post-63156","post","type-post","status-publish","format-standard","has-post-thumbnail","hentry","category-sertao"],"yoast_head":"<!-- This site is optimized with the Yoast SEO plugin v27.5 - https:\/\/yoast.com\/product\/yoast-seo-wordpress\/ -->\n<title>Brejinho-PE tem tr\u00eas datas de emancipa\u00e7\u00e3o e nunca comemoram da data certa - Afogados FM<\/title>\n<meta name=\"robots\" content=\"index, follow, max-snippet:-1, max-image-preview:large, max-video-preview:-1\" \/>\n<link rel=\"canonical\" href=\"https:\/\/afogadosfm.com.br\/afogadosfm\/2025\/02\/04\/brejinho-pe-tem-tres-datas-de-emancipacao-e-nunca-comemoram-da-data-certa\/\" \/>\n<meta property=\"og:locale\" content=\"pt_BR\" \/>\n<meta property=\"og:type\" content=\"article\" \/>\n<meta property=\"og:title\" content=\"Brejinho-PE tem tr\u00eas datas de emancipa\u00e7\u00e3o e nunca comemoram da data certa - Afogados FM\" \/>\n<meta property=\"og:description\" content=\"Brejinho foi emancipada em 20 de dezembro de 1963, por for\u00e7a de Lei Estadual n\u00ba 4.996. A exemplo de Iguaracy,\" \/>\n<meta property=\"og:url\" content=\"https:\/\/afogadosfm.com.br\/afogadosfm\/2025\/02\/04\/brejinho-pe-tem-tres-datas-de-emancipacao-e-nunca-comemoram-da-data-certa\/\" \/>\n<meta property=\"og:site_name\" content=\"Afogados FM\" \/>\n<meta property=\"article:published_time\" content=\"2025-02-04T16:33:07+00:00\" \/>\n<meta property=\"article:modified_time\" content=\"2025-02-04T16:33:13+00:00\" \/>\n<meta property=\"og:image\" content=\"https:\/\/afogadosfm.com.br\/afogadosfm\/wp-content\/uploads\/2018\/02\/duvida.jpg\" \/>\n\t<meta property=\"og:image:width\" content=\"474\" \/>\n\t<meta property=\"og:image:height\" content=\"443\" \/>\n\t<meta property=\"og:image:type\" content=\"image\/jpeg\" \/>\n<meta name=\"author\" content=\"afogadosfm\" \/>\n<meta name=\"twitter:card\" content=\"summary_large_image\" \/>\n<meta name=\"twitter:label1\" content=\"Escrito por\" \/>\n\t<meta name=\"twitter:data1\" content=\"afogadosfm\" \/>\n\t<meta name=\"twitter:label2\" content=\"Est. tempo de leitura\" \/>\n\t<meta name=\"twitter:data2\" content=\"4 minutos\" \/>\n<script type=\"application\/ld+json\" class=\"yoast-schema-graph\">{\"@context\":\"https:\\\/\\\/schema.org\",\"@graph\":[{\"@type\":\"Article\",\"@id\":\"https:\\\/\\\/afogadosfm.com.br\\\/afogadosfm\\\/2025\\\/02\\\/04\\\/brejinho-pe-tem-tres-datas-de-emancipacao-e-nunca-comemoram-da-data-certa\\\/#article\",\"isPartOf\":{\"@id\":\"https:\\\/\\\/afogadosfm.com.br\\\/afogadosfm\\\/2025\\\/02\\\/04\\\/brejinho-pe-tem-tres-datas-de-emancipacao-e-nunca-comemoram-da-data-certa\\\/\"},\"author\":{\"name\":\"afogadosfm\",\"@id\":\"https:\\\/\\\/afogadosfm.com.br\\\/afogadosfm\\\/#\\\/schema\\\/person\\\/60e56f2cf5dc960fc093fe093d9e9057\"},\"headline\":\"Brejinho-PE tem tr\u00eas datas de emancipa\u00e7\u00e3o e nunca comemoram da data certa\",\"datePublished\":\"2025-02-04T16:33:07+00:00\",\"dateModified\":\"2025-02-04T16:33:13+00:00\",\"mainEntityOfPage\":{\"@id\":\"https:\\\/\\\/afogadosfm.com.br\\\/afogadosfm\\\/2025\\\/02\\\/04\\\/brejinho-pe-tem-tres-datas-de-emancipacao-e-nunca-comemoram-da-data-certa\\\/\"},\"wordCount\":747,\"commentCount\":0,\"publisher\":{\"@id\":\"https:\\\/\\\/afogadosfm.com.br\\\/afogadosfm\\\/#organization\"},\"image\":{\"@id\":\"https:\\\/\\\/afogadosfm.com.br\\\/afogadosfm\\\/2025\\\/02\\\/04\\\/brejinho-pe-tem-tres-datas-de-emancipacao-e-nunca-comemoram-da-data-certa\\\/#primaryimage\"},\"thumbnailUrl\":\"https:\\\/\\\/i0.wp.com\\\/afogadosfm.com.br\\\/afogadosfm\\\/wp-content\\\/uploads\\\/2018\\\/02\\\/duvida.jpg?fit=474%2C443&ssl=1\",\"articleSection\":[\"Sert\u00e3o\"],\"inLanguage\":\"pt-BR\",\"potentialAction\":[{\"@type\":\"CommentAction\",\"name\":\"Comment\",\"target\":[\"https:\\\/\\\/afogadosfm.com.br\\\/afogadosfm\\\/2025\\\/02\\\/04\\\/brejinho-pe-tem-tres-datas-de-emancipacao-e-nunca-comemoram-da-data-certa\\\/#respond\"]}]},{\"@type\":\"WebPage\",\"@id\":\"https:\\\/\\\/afogadosfm.com.br\\\/afogadosfm\\\/2025\\\/02\\\/04\\\/brejinho-pe-tem-tres-datas-de-emancipacao-e-nunca-comemoram-da-data-certa\\\/\",\"url\":\"https:\\\/\\\/afogadosfm.com.br\\\/afogadosfm\\\/2025\\\/02\\\/04\\\/brejinho-pe-tem-tres-datas-de-emancipacao-e-nunca-comemoram-da-data-certa\\\/\",\"name\":\"Brejinho-PE tem tr\u00eas datas de emancipa\u00e7\u00e3o e nunca comemoram da data certa - Afogados FM\",\"isPartOf\":{\"@id\":\"https:\\\/\\\/afogadosfm.com.br\\\/afogadosfm\\\/#website\"},\"primaryImageOfPage\":{\"@id\":\"https:\\\/\\\/afogadosfm.com.br\\\/afogadosfm\\\/2025\\\/02\\\/04\\\/brejinho-pe-tem-tres-datas-de-emancipacao-e-nunca-comemoram-da-data-certa\\\/#primaryimage\"},\"image\":{\"@id\":\"https:\\\/\\\/afogadosfm.com.br\\\/afogadosfm\\\/2025\\\/02\\\/04\\\/brejinho-pe-tem-tres-datas-de-emancipacao-e-nunca-comemoram-da-data-certa\\\/#primaryimage\"},\"thumbnailUrl\":\"https:\\\/\\\/i0.wp.com\\\/afogadosfm.com.br\\\/afogadosfm\\\/wp-content\\\/uploads\\\/2018\\\/02\\\/duvida.jpg?fit=474%2C443&ssl=1\",\"datePublished\":\"2025-02-04T16:33:07+00:00\",\"dateModified\":\"2025-02-04T16:33:13+00:00\",\"breadcrumb\":{\"@id\":\"https:\\\/\\\/afogadosfm.com.br\\\/afogadosfm\\\/2025\\\/02\\\/04\\\/brejinho-pe-tem-tres-datas-de-emancipacao-e-nunca-comemoram-da-data-certa\\\/#breadcrumb\"},\"inLanguage\":\"pt-BR\",\"potentialAction\":[{\"@type\":\"ReadAction\",\"target\":[\"https:\\\/\\\/afogadosfm.com.br\\\/afogadosfm\\\/2025\\\/02\\\/04\\\/brejinho-pe-tem-tres-datas-de-emancipacao-e-nunca-comemoram-da-data-certa\\\/\"]}]},{\"@type\":\"ImageObject\",\"inLanguage\":\"pt-BR\",\"@id\":\"https:\\\/\\\/afogadosfm.com.br\\\/afogadosfm\\\/2025\\\/02\\\/04\\\/brejinho-pe-tem-tres-datas-de-emancipacao-e-nunca-comemoram-da-data-certa\\\/#primaryimage\",\"url\":\"https:\\\/\\\/i0.wp.com\\\/afogadosfm.com.br\\\/afogadosfm\\\/wp-content\\\/uploads\\\/2018\\\/02\\\/duvida.jpg?fit=474%2C443&ssl=1\",\"contentUrl\":\"https:\\\/\\\/i0.wp.com\\\/afogadosfm.com.br\\\/afogadosfm\\\/wp-content\\\/uploads\\\/2018\\\/02\\\/duvida.jpg?fit=474%2C443&ssl=1\",\"width\":474,\"height\":443},{\"@type\":\"BreadcrumbList\",\"@id\":\"https:\\\/\\\/afogadosfm.com.br\\\/afogadosfm\\\/2025\\\/02\\\/04\\\/brejinho-pe-tem-tres-datas-de-emancipacao-e-nunca-comemoram-da-data-certa\\\/#breadcrumb\",\"itemListElement\":[{\"@type\":\"ListItem\",\"position\":1,\"name\":\"In\u00edcio\",\"item\":\"https:\\\/\\\/afogadosfm.com.br\\\/afogadosfm\\\/\"},{\"@type\":\"ListItem\",\"position\":2,\"name\":\"Brejinho-PE tem tr\u00eas datas de emancipa\u00e7\u00e3o e nunca comemoram da data certa\"}]},{\"@type\":\"WebSite\",\"@id\":\"https:\\\/\\\/afogadosfm.com.br\\\/afogadosfm\\\/#website\",\"url\":\"https:\\\/\\\/afogadosfm.com.br\\\/afogadosfm\\\/\",\"name\":\"Afogados FM\",\"description\":\"Um site completo!\",\"publisher\":{\"@id\":\"https:\\\/\\\/afogadosfm.com.br\\\/afogadosfm\\\/#organization\"},\"potentialAction\":[{\"@type\":\"SearchAction\",\"target\":{\"@type\":\"EntryPoint\",\"urlTemplate\":\"https:\\\/\\\/afogadosfm.com.br\\\/afogadosfm\\\/?s={search_term_string}\"},\"query-input\":{\"@type\":\"PropertyValueSpecification\",\"valueRequired\":true,\"valueName\":\"search_term_string\"}}],\"inLanguage\":\"pt-BR\"},{\"@type\":\"Organization\",\"@id\":\"https:\\\/\\\/afogadosfm.com.br\\\/afogadosfm\\\/#organization\",\"name\":\"Afogados FM\",\"url\":\"https:\\\/\\\/afogadosfm.com.br\\\/afogadosfm\\\/\",\"logo\":{\"@type\":\"ImageObject\",\"inLanguage\":\"pt-BR\",\"@id\":\"https:\\\/\\\/afogadosfm.com.br\\\/afogadosfm\\\/#\\\/schema\\\/logo\\\/image\\\/\",\"url\":\"https:\\\/\\\/i0.wp.com\\\/afogadosfm.com.br\\\/afogadosfm\\\/wp-content\\\/uploads\\\/2020\\\/06\\\/cropped-banner-afogados-4.jpg?fit=369%2C137&ssl=1\",\"contentUrl\":\"https:\\\/\\\/i0.wp.com\\\/afogadosfm.com.br\\\/afogadosfm\\\/wp-content\\\/uploads\\\/2020\\\/06\\\/cropped-banner-afogados-4.jpg?fit=369%2C137&ssl=1\",\"width\":369,\"height\":137,\"caption\":\"Afogados FM\"},\"image\":{\"@id\":\"https:\\\/\\\/afogadosfm.com.br\\\/afogadosfm\\\/#\\\/schema\\\/logo\\\/image\\\/\"}},{\"@type\":\"Person\",\"@id\":\"https:\\\/\\\/afogadosfm.com.br\\\/afogadosfm\\\/#\\\/schema\\\/person\\\/60e56f2cf5dc960fc093fe093d9e9057\",\"name\":\"afogadosfm\",\"image\":{\"@type\":\"ImageObject\",\"inLanguage\":\"pt-BR\",\"@id\":\"https:\\\/\\\/secure.gravatar.com\\\/avatar\\\/e0359add7ed5dc3560906d861b52c6a8cf5c1e199d3a7dd85070998f49bd4701?s=96&d=mm&r=g\",\"url\":\"https:\\\/\\\/secure.gravatar.com\\\/avatar\\\/e0359add7ed5dc3560906d861b52c6a8cf5c1e199d3a7dd85070998f49bd4701?s=96&d=mm&r=g\",\"contentUrl\":\"https:\\\/\\\/secure.gravatar.com\\\/avatar\\\/e0359add7ed5dc3560906d861b52c6a8cf5c1e199d3a7dd85070998f49bd4701?s=96&d=mm&r=g\",\"caption\":\"afogadosfm\"},\"url\":\"https:\\\/\\\/afogadosfm.com.br\\\/afogadosfm\\\/author\\\/afogadosfm\\\/\"}]}<\/script>\n<!-- \/ Yoast SEO plugin. -->","yoast_head_json":{"title":"Brejinho-PE tem tr\u00eas datas de emancipa\u00e7\u00e3o e nunca comemoram da data certa - Afogados FM","robots":{"index":"index","follow":"follow","max-snippet":"max-snippet:-1","max-image-preview":"max-image-preview:large","max-video-preview":"max-video-preview:-1"},"canonical":"https:\/\/afogadosfm.com.br\/afogadosfm\/2025\/02\/04\/brejinho-pe-tem-tres-datas-de-emancipacao-e-nunca-comemoram-da-data-certa\/","og_locale":"pt_BR","og_type":"article","og_title":"Brejinho-PE tem tr\u00eas datas de emancipa\u00e7\u00e3o e nunca comemoram da data certa - Afogados FM","og_description":"Brejinho foi emancipada em 20 de dezembro de 1963, por for\u00e7a de Lei Estadual n\u00ba 4.996. A exemplo de Iguaracy,","og_url":"https:\/\/afogadosfm.com.br\/afogadosfm\/2025\/02\/04\/brejinho-pe-tem-tres-datas-de-emancipacao-e-nunca-comemoram-da-data-certa\/","og_site_name":"Afogados FM","article_published_time":"2025-02-04T16:33:07+00:00","article_modified_time":"2025-02-04T16:33:13+00:00","og_image":[{"width":474,"height":443,"url":"https:\/\/afogadosfm.com.br\/afogadosfm\/wp-content\/uploads\/2018\/02\/duvida.jpg","type":"image\/jpeg"}],"author":"afogadosfm","twitter_card":"summary_large_image","twitter_misc":{"Escrito por":"afogadosfm","Est. tempo de leitura":"4 minutos"},"schema":{"@context":"https:\/\/schema.org","@graph":[{"@type":"Article","@id":"https:\/\/afogadosfm.com.br\/afogadosfm\/2025\/02\/04\/brejinho-pe-tem-tres-datas-de-emancipacao-e-nunca-comemoram-da-data-certa\/#article","isPartOf":{"@id":"https:\/\/afogadosfm.com.br\/afogadosfm\/2025\/02\/04\/brejinho-pe-tem-tres-datas-de-emancipacao-e-nunca-comemoram-da-data-certa\/"},"author":{"name":"afogadosfm","@id":"https:\/\/afogadosfm.com.br\/afogadosfm\/#\/schema\/person\/60e56f2cf5dc960fc093fe093d9e9057"},"headline":"Brejinho-PE tem tr\u00eas datas de emancipa\u00e7\u00e3o e nunca comemoram da data certa","datePublished":"2025-02-04T16:33:07+00:00","dateModified":"2025-02-04T16:33:13+00:00","mainEntityOfPage":{"@id":"https:\/\/afogadosfm.com.br\/afogadosfm\/2025\/02\/04\/brejinho-pe-tem-tres-datas-de-emancipacao-e-nunca-comemoram-da-data-certa\/"},"wordCount":747,"commentCount":0,"publisher":{"@id":"https:\/\/afogadosfm.com.br\/afogadosfm\/#organization"},"image":{"@id":"https:\/\/afogadosfm.com.br\/afogadosfm\/2025\/02\/04\/brejinho-pe-tem-tres-datas-de-emancipacao-e-nunca-comemoram-da-data-certa\/#primaryimage"},"thumbnailUrl":"https:\/\/i0.wp.com\/afogadosfm.com.br\/afogadosfm\/wp-content\/uploads\/2018\/02\/duvida.jpg?fit=474%2C443&ssl=1","articleSection":["Sert\u00e3o"],"inLanguage":"pt-BR","potentialAction":[{"@type":"CommentAction","name":"Comment","target":["https:\/\/afogadosfm.com.br\/afogadosfm\/2025\/02\/04\/brejinho-pe-tem-tres-datas-de-emancipacao-e-nunca-comemoram-da-data-certa\/#respond"]}]},{"@type":"WebPage","@id":"https:\/\/afogadosfm.com.br\/afogadosfm\/2025\/02\/04\/brejinho-pe-tem-tres-datas-de-emancipacao-e-nunca-comemoram-da-data-certa\/","url":"https:\/\/afogadosfm.com.br\/afogadosfm\/2025\/02\/04\/brejinho-pe-tem-tres-datas-de-emancipacao-e-nunca-comemoram-da-data-certa\/","name":"Brejinho-PE tem tr\u00eas datas de emancipa\u00e7\u00e3o e nunca comemoram da data certa - Afogados FM","isPartOf":{"@id":"https:\/\/afogadosfm.com.br\/afogadosfm\/#website"},"primaryImageOfPage":{"@id":"https:\/\/afogadosfm.com.br\/afogadosfm\/2025\/02\/04\/brejinho-pe-tem-tres-datas-de-emancipacao-e-nunca-comemoram-da-data-certa\/#primaryimage"},"image":{"@id":"https:\/\/afogadosfm.com.br\/afogadosfm\/2025\/02\/04\/brejinho-pe-tem-tres-datas-de-emancipacao-e-nunca-comemoram-da-data-certa\/#primaryimage"},"thumbnailUrl":"https:\/\/i0.wp.com\/afogadosfm.com.br\/afogadosfm\/wp-content\/uploads\/2018\/02\/duvida.jpg?fit=474%2C443&ssl=1","datePublished":"2025-02-04T16:33:07+00:00","dateModified":"2025-02-04T16:33:13+00:00","breadcrumb":{"@id":"https:\/\/afogadosfm.com.br\/afogadosfm\/2025\/02\/04\/brejinho-pe-tem-tres-datas-de-emancipacao-e-nunca-comemoram-da-data-certa\/#breadcrumb"},"inLanguage":"pt-BR","potentialAction":[{"@type":"ReadAction","target":["https:\/\/afogadosfm.com.br\/afogadosfm\/2025\/02\/04\/brejinho-pe-tem-tres-datas-de-emancipacao-e-nunca-comemoram-da-data-certa\/"]}]},{"@type":"ImageObject","inLanguage":"pt-BR","@id":"https:\/\/afogadosfm.com.br\/afogadosfm\/2025\/02\/04\/brejinho-pe-tem-tres-datas-de-emancipacao-e-nunca-comemoram-da-data-certa\/#primaryimage","url":"https:\/\/i0.wp.com\/afogadosfm.com.br\/afogadosfm\/wp-content\/uploads\/2018\/02\/duvida.jpg?fit=474%2C443&ssl=1","contentUrl":"https:\/\/i0.wp.com\/afogadosfm.com.br\/afogadosfm\/wp-content\/uploads\/2018\/02\/duvida.jpg?fit=474%2C443&ssl=1","width":474,"height":443},{"@type":"BreadcrumbList","@id":"https:\/\/afogadosfm.com.br\/afogadosfm\/2025\/02\/04\/brejinho-pe-tem-tres-datas-de-emancipacao-e-nunca-comemoram-da-data-certa\/#breadcrumb","itemListElement":[{"@type":"ListItem","position":1,"name":"In\u00edcio","item":"https:\/\/afogadosfm.com.br\/afogadosfm\/"},{"@type":"ListItem","position":2,"name":"Brejinho-PE tem tr\u00eas datas de emancipa\u00e7\u00e3o e nunca comemoram da data certa"}]},{"@type":"WebSite","@id":"https:\/\/afogadosfm.com.br\/afogadosfm\/#website","url":"https:\/\/afogadosfm.com.br\/afogadosfm\/","name":"Afogados FM","description":"Um site completo!","publisher":{"@id":"https:\/\/afogadosfm.com.br\/afogadosfm\/#organization"},"potentialAction":[{"@type":"SearchAction","target":{"@type":"EntryPoint","urlTemplate":"https:\/\/afogadosfm.com.br\/afogadosfm\/?s={search_term_string}"},"query-input":{"@type":"PropertyValueSpecification","valueRequired":true,"valueName":"search_term_string"}}],"inLanguage":"pt-BR"},{"@type":"Organization","@id":"https:\/\/afogadosfm.com.br\/afogadosfm\/#organization","name":"Afogados FM","url":"https:\/\/afogadosfm.com.br\/afogadosfm\/","logo":{"@type":"ImageObject","inLanguage":"pt-BR","@id":"https:\/\/afogadosfm.com.br\/afogadosfm\/#\/schema\/logo\/image\/","url":"https:\/\/i0.wp.com\/afogadosfm.com.br\/afogadosfm\/wp-content\/uploads\/2020\/06\/cropped-banner-afogados-4.jpg?fit=369%2C137&ssl=1","contentUrl":"https:\/\/i0.wp.com\/afogadosfm.com.br\/afogadosfm\/wp-content\/uploads\/2020\/06\/cropped-banner-afogados-4.jpg?fit=369%2C137&ssl=1","width":369,"height":137,"caption":"Afogados FM"},"image":{"@id":"https:\/\/afogadosfm.com.br\/afogadosfm\/#\/schema\/logo\/image\/"}},{"@type":"Person","@id":"https:\/\/afogadosfm.com.br\/afogadosfm\/#\/schema\/person\/60e56f2cf5dc960fc093fe093d9e9057","name":"afogadosfm","image":{"@type":"ImageObject","inLanguage":"pt-BR","@id":"https:\/\/secure.gravatar.com\/avatar\/e0359add7ed5dc3560906d861b52c6a8cf5c1e199d3a7dd85070998f49bd4701?s=96&d=mm&r=g","url":"https:\/\/secure.gravatar.com\/avatar\/e0359add7ed5dc3560906d861b52c6a8cf5c1e199d3a7dd85070998f49bd4701?s=96&d=mm&r=g","contentUrl":"https:\/\/secure.gravatar.com\/avatar\/e0359add7ed5dc3560906d861b52c6a8cf5c1e199d3a7dd85070998f49bd4701?s=96&d=mm&r=g","caption":"afogadosfm"},"url":"https:\/\/afogadosfm.com.br\/afogadosfm\/author\/afogadosfm\/"}]}},"jetpack_publicize_connections":[],"jetpack_featured_media_url":"https:\/\/i0.wp.com\/afogadosfm.com.br\/afogadosfm\/wp-content\/uploads\/2018\/02\/duvida.jpg?fit=474%2C443&ssl=1","jetpack-related-posts":[],"jetpack_sharing_enabled":true,"jetpack_likes_enabled":true,"_links":{"self":[{"href":"https:\/\/afogadosfm.com.br\/afogadosfm\/wp-json\/wp\/v2\/posts\/63156","targetHints":{"allow":["GET"]}}],"collection":[{"href":"https:\/\/afogadosfm.com.br\/afogadosfm\/wp-json\/wp\/v2\/posts"}],"about":[{"href":"https:\/\/afogadosfm.com.br\/afogadosfm\/wp-json\/wp\/v2\/types\/post"}],"author":[{"embeddable":true,"href":"https:\/\/afogadosfm.com.br\/afogadosfm\/wp-json\/wp\/v2\/users\/2"}],"replies":[{"embeddable":true,"href":"https:\/\/afogadosfm.com.br\/afogadosfm\/wp-json\/wp\/v2\/comments?post=63156"}],"version-history":[{"count":1,"href":"https:\/\/afogadosfm.com.br\/afogadosfm\/wp-json\/wp\/v2\/posts\/63156\/revisions"}],"predecessor-version":[{"id":63157,"href":"https:\/\/afogadosfm.com.br\/afogadosfm\/wp-json\/wp\/v2\/posts\/63156\/revisions\/63157"}],"wp:featuredmedia":[{"embeddable":true,"href":"https:\/\/afogadosfm.com.br\/afogadosfm\/wp-json\/wp\/v2\/media\/2215"}],"wp:attachment":[{"href":"https:\/\/afogadosfm.com.br\/afogadosfm\/wp-json\/wp\/v2\/media?parent=63156"}],"wp:term":[{"taxonomy":"category","embeddable":true,"href":"https:\/\/afogadosfm.com.br\/afogadosfm\/wp-json\/wp\/v2\/categories?post=63156"},{"taxonomy":"post_tag","embeddable":true,"href":"https:\/\/afogadosfm.com.br\/afogadosfm\/wp-json\/wp\/v2\/tags?post=63156"}],"curies":[{"name":"wp","href":"https:\/\/api.w.org\/{rel}","templated":true}]}}