{"id":63174,"date":"2025-02-05T05:00:30","date_gmt":"2025-02-05T08:00:30","guid":{"rendered":"https:\/\/afogadosfm.com.br\/afogadosfm\/?p=63174"},"modified":"2025-02-05T05:02:01","modified_gmt":"2025-02-05T08:02:01","slug":"prefeitura-de-brejinho-defende-nova-data-de-emancipacao","status":"publish","type":"post","link":"https:\/\/afogadosfm.com.br\/afogadosfm\/2025\/02\/05\/prefeitura-de-brejinho-defende-nova-data-de-emancipacao\/","title":{"rendered":"Prefeitura de Brejinho defende nova data de emancipa\u00e7\u00e3o"},"content":{"rendered":"\n<p>A Prefeitura Municipal de Brejinho vem a p\u00fablico esclarecer que a proposta de corre\u00e7\u00e3o da data de emancipa\u00e7\u00e3o pol\u00edtica do munic\u00edpio, passando do dia 31 de mar\u00e7o para o dia 22 de fevereiro, aprovado na C\u00e2mara Municipal de Vereadores atrav\u00e9s do Projeto de Emenda \u00e0 Lei Org\u00e2nica n\u00ba 003\/2024 de 19 de novembro de 2024, baseia-se em uma criteriosa pesquisa documental.<\/p>\n\n\n\n<p>A referida pesquisa envolveu um minucioso levantamento de documentos hist\u00f3ricos em diversas fontes, incluindo os arquivos do Livro de Tombo da Par\u00f3quia de S\u00e3o Pedro, em Itapetim-PE (munic\u00edpio ao qual Brejinho pertencia antes da emancipa\u00e7\u00e3o), edi\u00e7\u00f5es do Di\u00e1rio Oficial da \u00e9poca, not\u00edcias de jornais, al\u00e9m dos acervos da Prefeitura Municipal e da C\u00e2mara Municipal de Brejinho, entre outros.<\/p>\n\n\n\n<p>A Prefeitura de Brejinho reafirma sua total confian\u00e7a na pesquisa documental realizada, cujo objetivo \u00e9 corrigir uma imprecis\u00e3o hist\u00f3rica. A data anteriormente reconhecida, 31 de mar\u00e7o, foi institu\u00edda em refer\u00eancia ao Golpe Militar de 1964, mas n\u00e3o correspondia ao momento em que Brejinho iniciou oficialmente suas atividades administrativas como munic\u00edpio.<\/p>\n\n\n\n<p>Vale salientar que se fossemos comemorar a emancipa\u00e7\u00e3o pol\u00edtica na data em que a Lei N\u00ba 4.996 de 20 de Dezembro de 1963 foi publicada, estar\u00edamos alterando a contagem hist\u00f3rica e cronol\u00f3gica do tempo de emancipa\u00e7\u00e3o, causando nova confus\u00e3o de datas para a gera\u00e7\u00e3o futura, dessa forma, tendo em vista que o 31 de mar\u00e7o n\u00e3o tinha nenhuma rela\u00e7\u00e3o com nossa hist\u00f3ria, era necess\u00e1rio encontrar uma data de 1964 que de fato tivesse rela\u00e7\u00e3o com a Hist\u00f3ria de Brejinho, sendo essa data, conforme se comprova em documentos hist\u00f3ricos, o dia 22 de fevereiro, quando nossa cidade come\u00e7ou a caminhar de forma independente, de fato e de direito.<\/p>\n\n\n\n<p>Destacamos tamb\u00e9m, que nesse processo v\u00e1rios setores da sociedade foram ouvidos. O convite para a sess\u00e3o em que o projeto foi votado foi divulgado, e a sess\u00e3o foi transmitida nas redes sociais, bem como foram realizadas a\u00e7\u00f5es como programas de r\u00e1dio, palestras nas escolas municipais, encontro com os presidentes de Associa\u00e7\u00f5es Rurais e assembleia para exposi\u00e7\u00e3o das corre\u00e7\u00f5es.<\/p>\n\n\n\n<p>Reiteramos nosso compromisso com a verdade hist\u00f3rica e com o fortalecimento da identidade municipal, respeitando e valorizando a trajet\u00f3ria de Brejinho e de seus cidad\u00e3os.<\/p>\n\n\n\n<p>Brejinho, 04 de fevereiro de 2025.<\/p>\n\n\n\n<p>Prefeitura Municipal de Brejinho-PE<\/p>\n","protected":false},"excerpt":{"rendered":"<p>A Prefeitura Municipal de Brejinho vem a p\u00fablico esclarecer que a proposta de corre\u00e7\u00e3o da data de emancipa\u00e7\u00e3o pol\u00edtica do<\/p>\n","protected":false},"author":2,"featured_media":63175,"comment_status":"open","ping_status":"open","sticky":false,"template":"","format":"standard","meta":{"jetpack_post_was_ever_published":false,"_jetpack_newsletter_access":"","_jetpack_dont_email_post_to_subs":false,"_jetpack_newsletter_tier_id":0,"_jetpack_memberships_contains_paywalled_content":false,"_jetpack_memberships_contains_paid_content":false,"footnotes":"","jetpack_publicize_message":"","jetpack_publicize_feature_enabled":true,"jetpack_social_post_already_shared":true,"jetpack_social_options":{"image_generator_settings":{"template":"highway","default_image_id":0,"font":"","enabled":false},"version":2}},"categories":[32],"tags":[],"class_list":["post-63174","post","type-post","status-publish","format-standard","has-post-thumbnail","hentry","category-sertao"],"yoast_head":"<!-- This site is optimized with the Yoast SEO plugin v27.5 - https:\/\/yoast.com\/product\/yoast-seo-wordpress\/ -->\n<title>Prefeitura de Brejinho defende nova data de emancipa\u00e7\u00e3o - Afogados FM<\/title>\n<meta name=\"robots\" content=\"index, follow, max-snippet:-1, max-image-preview:large, max-video-preview:-1\" \/>\n<link rel=\"canonical\" href=\"https:\/\/afogadosfm.com.br\/afogadosfm\/2025\/02\/05\/prefeitura-de-brejinho-defende-nova-data-de-emancipacao\/\" \/>\n<meta property=\"og:locale\" content=\"pt_BR\" \/>\n<meta property=\"og:type\" content=\"article\" \/>\n<meta property=\"og:title\" content=\"Prefeitura de Brejinho defende nova data de emancipa\u00e7\u00e3o - Afogados FM\" \/>\n<meta property=\"og:description\" content=\"A Prefeitura Municipal de Brejinho vem a p\u00fablico esclarecer que a proposta de corre\u00e7\u00e3o da data de emancipa\u00e7\u00e3o pol\u00edtica do\" \/>\n<meta property=\"og:url\" content=\"https:\/\/afogadosfm.com.br\/afogadosfm\/2025\/02\/05\/prefeitura-de-brejinho-defende-nova-data-de-emancipacao\/\" \/>\n<meta property=\"og:site_name\" content=\"Afogados FM\" \/>\n<meta property=\"article:published_time\" content=\"2025-02-05T08:00:30+00:00\" \/>\n<meta property=\"article:modified_time\" content=\"2025-02-05T08:02:01+00:00\" \/>\n<meta property=\"og:image\" content=\"https:\/\/afogadosfm.com.br\/afogadosfm\/wp-content\/uploads\/2025\/02\/476503250_1970399206801526_4592357517903714602_n.jpg\" \/>\n\t<meta property=\"og:image:width\" content=\"320\" \/>\n\t<meta property=\"og:image:height\" content=\"400\" \/>\n\t<meta property=\"og:image:type\" content=\"image\/jpeg\" \/>\n<meta name=\"author\" content=\"afogadosfm\" \/>\n<meta name=\"twitter:card\" content=\"summary_large_image\" \/>\n<meta name=\"twitter:label1\" content=\"Escrito por\" \/>\n\t<meta name=\"twitter:data1\" content=\"afogadosfm\" \/>\n\t<meta name=\"twitter:label2\" content=\"Est. tempo de leitura\" \/>\n\t<meta name=\"twitter:data2\" content=\"3 minutos\" \/>\n<script type=\"application\/ld+json\" class=\"yoast-schema-graph\">{\"@context\":\"https:\\\/\\\/schema.org\",\"@graph\":[{\"@type\":\"Article\",\"@id\":\"https:\\\/\\\/afogadosfm.com.br\\\/afogadosfm\\\/2025\\\/02\\\/05\\\/prefeitura-de-brejinho-defende-nova-data-de-emancipacao\\\/#article\",\"isPartOf\":{\"@id\":\"https:\\\/\\\/afogadosfm.com.br\\\/afogadosfm\\\/2025\\\/02\\\/05\\\/prefeitura-de-brejinho-defende-nova-data-de-emancipacao\\\/\"},\"author\":{\"name\":\"afogadosfm\",\"@id\":\"https:\\\/\\\/afogadosfm.com.br\\\/afogadosfm\\\/#\\\/schema\\\/person\\\/60e56f2cf5dc960fc093fe093d9e9057\"},\"headline\":\"Prefeitura de Brejinho defende nova data de emancipa\u00e7\u00e3o\",\"datePublished\":\"2025-02-05T08:00:30+00:00\",\"dateModified\":\"2025-02-05T08:02:01+00:00\",\"mainEntityOfPage\":{\"@id\":\"https:\\\/\\\/afogadosfm.com.br\\\/afogadosfm\\\/2025\\\/02\\\/05\\\/prefeitura-de-brejinho-defende-nova-data-de-emancipacao\\\/\"},\"wordCount\":417,\"commentCount\":0,\"publisher\":{\"@id\":\"https:\\\/\\\/afogadosfm.com.br\\\/afogadosfm\\\/#organization\"},\"image\":{\"@id\":\"https:\\\/\\\/afogadosfm.com.br\\\/afogadosfm\\\/2025\\\/02\\\/05\\\/prefeitura-de-brejinho-defende-nova-data-de-emancipacao\\\/#primaryimage\"},\"thumbnailUrl\":\"https:\\\/\\\/i0.wp.com\\\/afogadosfm.com.br\\\/afogadosfm\\\/wp-content\\\/uploads\\\/2025\\\/02\\\/476503250_1970399206801526_4592357517903714602_n.jpg?fit=320%2C400&ssl=1\",\"articleSection\":[\"Sert\u00e3o\"],\"inLanguage\":\"pt-BR\",\"potentialAction\":[{\"@type\":\"CommentAction\",\"name\":\"Comment\",\"target\":[\"https:\\\/\\\/afogadosfm.com.br\\\/afogadosfm\\\/2025\\\/02\\\/05\\\/prefeitura-de-brejinho-defende-nova-data-de-emancipacao\\\/#respond\"]}]},{\"@type\":\"WebPage\",\"@id\":\"https:\\\/\\\/afogadosfm.com.br\\\/afogadosfm\\\/2025\\\/02\\\/05\\\/prefeitura-de-brejinho-defende-nova-data-de-emancipacao\\\/\",\"url\":\"https:\\\/\\\/afogadosfm.com.br\\\/afogadosfm\\\/2025\\\/02\\\/05\\\/prefeitura-de-brejinho-defende-nova-data-de-emancipacao\\\/\",\"name\":\"Prefeitura de Brejinho defende nova data de emancipa\u00e7\u00e3o - Afogados FM\",\"isPartOf\":{\"@id\":\"https:\\\/\\\/afogadosfm.com.br\\\/afogadosfm\\\/#website\"},\"primaryImageOfPage\":{\"@id\":\"https:\\\/\\\/afogadosfm.com.br\\\/afogadosfm\\\/2025\\\/02\\\/05\\\/prefeitura-de-brejinho-defende-nova-data-de-emancipacao\\\/#primaryimage\"},\"image\":{\"@id\":\"https:\\\/\\\/afogadosfm.com.br\\\/afogadosfm\\\/2025\\\/02\\\/05\\\/prefeitura-de-brejinho-defende-nova-data-de-emancipacao\\\/#primaryimage\"},\"thumbnailUrl\":\"https:\\\/\\\/i0.wp.com\\\/afogadosfm.com.br\\\/afogadosfm\\\/wp-content\\\/uploads\\\/2025\\\/02\\\/476503250_1970399206801526_4592357517903714602_n.jpg?fit=320%2C400&ssl=1\",\"datePublished\":\"2025-02-05T08:00:30+00:00\",\"dateModified\":\"2025-02-05T08:02:01+00:00\",\"breadcrumb\":{\"@id\":\"https:\\\/\\\/afogadosfm.com.br\\\/afogadosfm\\\/2025\\\/02\\\/05\\\/prefeitura-de-brejinho-defende-nova-data-de-emancipacao\\\/#breadcrumb\"},\"inLanguage\":\"pt-BR\",\"potentialAction\":[{\"@type\":\"ReadAction\",\"target\":[\"https:\\\/\\\/afogadosfm.com.br\\\/afogadosfm\\\/2025\\\/02\\\/05\\\/prefeitura-de-brejinho-defende-nova-data-de-emancipacao\\\/\"]}]},{\"@type\":\"ImageObject\",\"inLanguage\":\"pt-BR\",\"@id\":\"https:\\\/\\\/afogadosfm.com.br\\\/afogadosfm\\\/2025\\\/02\\\/05\\\/prefeitura-de-brejinho-defende-nova-data-de-emancipacao\\\/#primaryimage\",\"url\":\"https:\\\/\\\/i0.wp.com\\\/afogadosfm.com.br\\\/afogadosfm\\\/wp-content\\\/uploads\\\/2025\\\/02\\\/476503250_1970399206801526_4592357517903714602_n.jpg?fit=320%2C400&ssl=1\",\"contentUrl\":\"https:\\\/\\\/i0.wp.com\\\/afogadosfm.com.br\\\/afogadosfm\\\/wp-content\\\/uploads\\\/2025\\\/02\\\/476503250_1970399206801526_4592357517903714602_n.jpg?fit=320%2C400&ssl=1\",\"width\":320,\"height\":400},{\"@type\":\"BreadcrumbList\",\"@id\":\"https:\\\/\\\/afogadosfm.com.br\\\/afogadosfm\\\/2025\\\/02\\\/05\\\/prefeitura-de-brejinho-defende-nova-data-de-emancipacao\\\/#breadcrumb\",\"itemListElement\":[{\"@type\":\"ListItem\",\"position\":1,\"name\":\"In\u00edcio\",\"item\":\"https:\\\/\\\/afogadosfm.com.br\\\/afogadosfm\\\/\"},{\"@type\":\"ListItem\",\"position\":2,\"name\":\"Prefeitura de Brejinho defende nova data de emancipa\u00e7\u00e3o\"}]},{\"@type\":\"WebSite\",\"@id\":\"https:\\\/\\\/afogadosfm.com.br\\\/afogadosfm\\\/#website\",\"url\":\"https:\\\/\\\/afogadosfm.com.br\\\/afogadosfm\\\/\",\"name\":\"Afogados FM\",\"description\":\"Um site completo!\",\"publisher\":{\"@id\":\"https:\\\/\\\/afogadosfm.com.br\\\/afogadosfm\\\/#organization\"},\"potentialAction\":[{\"@type\":\"SearchAction\",\"target\":{\"@type\":\"EntryPoint\",\"urlTemplate\":\"https:\\\/\\\/afogadosfm.com.br\\\/afogadosfm\\\/?s={search_term_string}\"},\"query-input\":{\"@type\":\"PropertyValueSpecification\",\"valueRequired\":true,\"valueName\":\"search_term_string\"}}],\"inLanguage\":\"pt-BR\"},{\"@type\":\"Organization\",\"@id\":\"https:\\\/\\\/afogadosfm.com.br\\\/afogadosfm\\\/#organization\",\"name\":\"Afogados FM\",\"url\":\"https:\\\/\\\/afogadosfm.com.br\\\/afogadosfm\\\/\",\"logo\":{\"@type\":\"ImageObject\",\"inLanguage\":\"pt-BR\",\"@id\":\"https:\\\/\\\/afogadosfm.com.br\\\/afogadosfm\\\/#\\\/schema\\\/logo\\\/image\\\/\",\"url\":\"https:\\\/\\\/i0.wp.com\\\/afogadosfm.com.br\\\/afogadosfm\\\/wp-content\\\/uploads\\\/2020\\\/06\\\/cropped-banner-afogados-4.jpg?fit=369%2C137&ssl=1\",\"contentUrl\":\"https:\\\/\\\/i0.wp.com\\\/afogadosfm.com.br\\\/afogadosfm\\\/wp-content\\\/uploads\\\/2020\\\/06\\\/cropped-banner-afogados-4.jpg?fit=369%2C137&ssl=1\",\"width\":369,\"height\":137,\"caption\":\"Afogados FM\"},\"image\":{\"@id\":\"https:\\\/\\\/afogadosfm.com.br\\\/afogadosfm\\\/#\\\/schema\\\/logo\\\/image\\\/\"}},{\"@type\":\"Person\",\"@id\":\"https:\\\/\\\/afogadosfm.com.br\\\/afogadosfm\\\/#\\\/schema\\\/person\\\/60e56f2cf5dc960fc093fe093d9e9057\",\"name\":\"afogadosfm\",\"image\":{\"@type\":\"ImageObject\",\"inLanguage\":\"pt-BR\",\"@id\":\"https:\\\/\\\/secure.gravatar.com\\\/avatar\\\/e0359add7ed5dc3560906d861b52c6a8cf5c1e199d3a7dd85070998f49bd4701?s=96&d=mm&r=g\",\"url\":\"https:\\\/\\\/secure.gravatar.com\\\/avatar\\\/e0359add7ed5dc3560906d861b52c6a8cf5c1e199d3a7dd85070998f49bd4701?s=96&d=mm&r=g\",\"contentUrl\":\"https:\\\/\\\/secure.gravatar.com\\\/avatar\\\/e0359add7ed5dc3560906d861b52c6a8cf5c1e199d3a7dd85070998f49bd4701?s=96&d=mm&r=g\",\"caption\":\"afogadosfm\"},\"url\":\"https:\\\/\\\/afogadosfm.com.br\\\/afogadosfm\\\/author\\\/afogadosfm\\\/\"}]}<\/script>\n<!-- \/ Yoast SEO plugin. -->","yoast_head_json":{"title":"Prefeitura de Brejinho defende nova data de emancipa\u00e7\u00e3o - Afogados FM","robots":{"index":"index","follow":"follow","max-snippet":"max-snippet:-1","max-image-preview":"max-image-preview:large","max-video-preview":"max-video-preview:-1"},"canonical":"https:\/\/afogadosfm.com.br\/afogadosfm\/2025\/02\/05\/prefeitura-de-brejinho-defende-nova-data-de-emancipacao\/","og_locale":"pt_BR","og_type":"article","og_title":"Prefeitura de Brejinho defende nova data de emancipa\u00e7\u00e3o - Afogados FM","og_description":"A Prefeitura Municipal de Brejinho vem a p\u00fablico esclarecer que a proposta de corre\u00e7\u00e3o da data de emancipa\u00e7\u00e3o pol\u00edtica do","og_url":"https:\/\/afogadosfm.com.br\/afogadosfm\/2025\/02\/05\/prefeitura-de-brejinho-defende-nova-data-de-emancipacao\/","og_site_name":"Afogados FM","article_published_time":"2025-02-05T08:00:30+00:00","article_modified_time":"2025-02-05T08:02:01+00:00","og_image":[{"width":320,"height":400,"url":"https:\/\/afogadosfm.com.br\/afogadosfm\/wp-content\/uploads\/2025\/02\/476503250_1970399206801526_4592357517903714602_n.jpg","type":"image\/jpeg"}],"author":"afogadosfm","twitter_card":"summary_large_image","twitter_misc":{"Escrito por":"afogadosfm","Est. tempo de leitura":"3 minutos"},"schema":{"@context":"https:\/\/schema.org","@graph":[{"@type":"Article","@id":"https:\/\/afogadosfm.com.br\/afogadosfm\/2025\/02\/05\/prefeitura-de-brejinho-defende-nova-data-de-emancipacao\/#article","isPartOf":{"@id":"https:\/\/afogadosfm.com.br\/afogadosfm\/2025\/02\/05\/prefeitura-de-brejinho-defende-nova-data-de-emancipacao\/"},"author":{"name":"afogadosfm","@id":"https:\/\/afogadosfm.com.br\/afogadosfm\/#\/schema\/person\/60e56f2cf5dc960fc093fe093d9e9057"},"headline":"Prefeitura de Brejinho defende nova data de emancipa\u00e7\u00e3o","datePublished":"2025-02-05T08:00:30+00:00","dateModified":"2025-02-05T08:02:01+00:00","mainEntityOfPage":{"@id":"https:\/\/afogadosfm.com.br\/afogadosfm\/2025\/02\/05\/prefeitura-de-brejinho-defende-nova-data-de-emancipacao\/"},"wordCount":417,"commentCount":0,"publisher":{"@id":"https:\/\/afogadosfm.com.br\/afogadosfm\/#organization"},"image":{"@id":"https:\/\/afogadosfm.com.br\/afogadosfm\/2025\/02\/05\/prefeitura-de-brejinho-defende-nova-data-de-emancipacao\/#primaryimage"},"thumbnailUrl":"https:\/\/i0.wp.com\/afogadosfm.com.br\/afogadosfm\/wp-content\/uploads\/2025\/02\/476503250_1970399206801526_4592357517903714602_n.jpg?fit=320%2C400&ssl=1","articleSection":["Sert\u00e3o"],"inLanguage":"pt-BR","potentialAction":[{"@type":"CommentAction","name":"Comment","target":["https:\/\/afogadosfm.com.br\/afogadosfm\/2025\/02\/05\/prefeitura-de-brejinho-defende-nova-data-de-emancipacao\/#respond"]}]},{"@type":"WebPage","@id":"https:\/\/afogadosfm.com.br\/afogadosfm\/2025\/02\/05\/prefeitura-de-brejinho-defende-nova-data-de-emancipacao\/","url":"https:\/\/afogadosfm.com.br\/afogadosfm\/2025\/02\/05\/prefeitura-de-brejinho-defende-nova-data-de-emancipacao\/","name":"Prefeitura de Brejinho defende nova data de emancipa\u00e7\u00e3o - Afogados FM","isPartOf":{"@id":"https:\/\/afogadosfm.com.br\/afogadosfm\/#website"},"primaryImageOfPage":{"@id":"https:\/\/afogadosfm.com.br\/afogadosfm\/2025\/02\/05\/prefeitura-de-brejinho-defende-nova-data-de-emancipacao\/#primaryimage"},"image":{"@id":"https:\/\/afogadosfm.com.br\/afogadosfm\/2025\/02\/05\/prefeitura-de-brejinho-defende-nova-data-de-emancipacao\/#primaryimage"},"thumbnailUrl":"https:\/\/i0.wp.com\/afogadosfm.com.br\/afogadosfm\/wp-content\/uploads\/2025\/02\/476503250_1970399206801526_4592357517903714602_n.jpg?fit=320%2C400&ssl=1","datePublished":"2025-02-05T08:00:30+00:00","dateModified":"2025-02-05T08:02:01+00:00","breadcrumb":{"@id":"https:\/\/afogadosfm.com.br\/afogadosfm\/2025\/02\/05\/prefeitura-de-brejinho-defende-nova-data-de-emancipacao\/#breadcrumb"},"inLanguage":"pt-BR","potentialAction":[{"@type":"ReadAction","target":["https:\/\/afogadosfm.com.br\/afogadosfm\/2025\/02\/05\/prefeitura-de-brejinho-defende-nova-data-de-emancipacao\/"]}]},{"@type":"ImageObject","inLanguage":"pt-BR","@id":"https:\/\/afogadosfm.com.br\/afogadosfm\/2025\/02\/05\/prefeitura-de-brejinho-defende-nova-data-de-emancipacao\/#primaryimage","url":"https:\/\/i0.wp.com\/afogadosfm.com.br\/afogadosfm\/wp-content\/uploads\/2025\/02\/476503250_1970399206801526_4592357517903714602_n.jpg?fit=320%2C400&ssl=1","contentUrl":"https:\/\/i0.wp.com\/afogadosfm.com.br\/afogadosfm\/wp-content\/uploads\/2025\/02\/476503250_1970399206801526_4592357517903714602_n.jpg?fit=320%2C400&ssl=1","width":320,"height":400},{"@type":"BreadcrumbList","@id":"https:\/\/afogadosfm.com.br\/afogadosfm\/2025\/02\/05\/prefeitura-de-brejinho-defende-nova-data-de-emancipacao\/#breadcrumb","itemListElement":[{"@type":"ListItem","position":1,"name":"In\u00edcio","item":"https:\/\/afogadosfm.com.br\/afogadosfm\/"},{"@type":"ListItem","position":2,"name":"Prefeitura de Brejinho defende nova data de emancipa\u00e7\u00e3o"}]},{"@type":"WebSite","@id":"https:\/\/afogadosfm.com.br\/afogadosfm\/#website","url":"https:\/\/afogadosfm.com.br\/afogadosfm\/","name":"Afogados FM","description":"Um site completo!","publisher":{"@id":"https:\/\/afogadosfm.com.br\/afogadosfm\/#organization"},"potentialAction":[{"@type":"SearchAction","target":{"@type":"EntryPoint","urlTemplate":"https:\/\/afogadosfm.com.br\/afogadosfm\/?s={search_term_string}"},"query-input":{"@type":"PropertyValueSpecification","valueRequired":true,"valueName":"search_term_string"}}],"inLanguage":"pt-BR"},{"@type":"Organization","@id":"https:\/\/afogadosfm.com.br\/afogadosfm\/#organization","name":"Afogados FM","url":"https:\/\/afogadosfm.com.br\/afogadosfm\/","logo":{"@type":"ImageObject","inLanguage":"pt-BR","@id":"https:\/\/afogadosfm.com.br\/afogadosfm\/#\/schema\/logo\/image\/","url":"https:\/\/i0.wp.com\/afogadosfm.com.br\/afogadosfm\/wp-content\/uploads\/2020\/06\/cropped-banner-afogados-4.jpg?fit=369%2C137&ssl=1","contentUrl":"https:\/\/i0.wp.com\/afogadosfm.com.br\/afogadosfm\/wp-content\/uploads\/2020\/06\/cropped-banner-afogados-4.jpg?fit=369%2C137&ssl=1","width":369,"height":137,"caption":"Afogados FM"},"image":{"@id":"https:\/\/afogadosfm.com.br\/afogadosfm\/#\/schema\/logo\/image\/"}},{"@type":"Person","@id":"https:\/\/afogadosfm.com.br\/afogadosfm\/#\/schema\/person\/60e56f2cf5dc960fc093fe093d9e9057","name":"afogadosfm","image":{"@type":"ImageObject","inLanguage":"pt-BR","@id":"https:\/\/secure.gravatar.com\/avatar\/e0359add7ed5dc3560906d861b52c6a8cf5c1e199d3a7dd85070998f49bd4701?s=96&d=mm&r=g","url":"https:\/\/secure.gravatar.com\/avatar\/e0359add7ed5dc3560906d861b52c6a8cf5c1e199d3a7dd85070998f49bd4701?s=96&d=mm&r=g","contentUrl":"https:\/\/secure.gravatar.com\/avatar\/e0359add7ed5dc3560906d861b52c6a8cf5c1e199d3a7dd85070998f49bd4701?s=96&d=mm&r=g","caption":"afogadosfm"},"url":"https:\/\/afogadosfm.com.br\/afogadosfm\/author\/afogadosfm\/"}]}},"jetpack_publicize_connections":[],"jetpack_featured_media_url":"https:\/\/i0.wp.com\/afogadosfm.com.br\/afogadosfm\/wp-content\/uploads\/2025\/02\/476503250_1970399206801526_4592357517903714602_n.jpg?fit=320%2C400&ssl=1","jetpack-related-posts":[],"jetpack_sharing_enabled":true,"jetpack_likes_enabled":true,"_links":{"self":[{"href":"https:\/\/afogadosfm.com.br\/afogadosfm\/wp-json\/wp\/v2\/posts\/63174","targetHints":{"allow":["GET"]}}],"collection":[{"href":"https:\/\/afogadosfm.com.br\/afogadosfm\/wp-json\/wp\/v2\/posts"}],"about":[{"href":"https:\/\/afogadosfm.com.br\/afogadosfm\/wp-json\/wp\/v2\/types\/post"}],"author":[{"embeddable":true,"href":"https:\/\/afogadosfm.com.br\/afogadosfm\/wp-json\/wp\/v2\/users\/2"}],"replies":[{"embeddable":true,"href":"https:\/\/afogadosfm.com.br\/afogadosfm\/wp-json\/wp\/v2\/comments?post=63174"}],"version-history":[{"count":2,"href":"https:\/\/afogadosfm.com.br\/afogadosfm\/wp-json\/wp\/v2\/posts\/63174\/revisions"}],"predecessor-version":[{"id":63177,"href":"https:\/\/afogadosfm.com.br\/afogadosfm\/wp-json\/wp\/v2\/posts\/63174\/revisions\/63177"}],"wp:featuredmedia":[{"embeddable":true,"href":"https:\/\/afogadosfm.com.br\/afogadosfm\/wp-json\/wp\/v2\/media\/63175"}],"wp:attachment":[{"href":"https:\/\/afogadosfm.com.br\/afogadosfm\/wp-json\/wp\/v2\/media?parent=63174"}],"wp:term":[{"taxonomy":"category","embeddable":true,"href":"https:\/\/afogadosfm.com.br\/afogadosfm\/wp-json\/wp\/v2\/categories?post=63174"},{"taxonomy":"post_tag","embeddable":true,"href":"https:\/\/afogadosfm.com.br\/afogadosfm\/wp-json\/wp\/v2\/tags?post=63174"}],"curies":[{"name":"wp","href":"https:\/\/api.w.org\/{rel}","templated":true}]}}