{"id":63502,"date":"2025-02-15T07:37:27","date_gmt":"2025-02-15T10:37:27","guid":{"rendered":"https:\/\/afogadosfm.com.br\/afogadosfm\/?p=63502"},"modified":"2025-02-15T07:37:31","modified_gmt":"2025-02-15T10:37:31","slug":"mei-2025-inss-atualiza-lista-de-profissoes-excluidas-do-registro-confira","status":"publish","type":"post","link":"https:\/\/afogadosfm.com.br\/afogadosfm\/2025\/02\/15\/mei-2025-inss-atualiza-lista-de-profissoes-excluidas-do-registro-confira\/","title":{"rendered":"MEI 2025: INSS atualiza lista de profiss\u00f5es exclu\u00eddas do registro; confira"},"content":{"rendered":"\n<p>O Instituto Nacional do Seguro Social (INSS) atualizou a lista de profiss\u00f5es impedidas de se registrarem como microempreendedores individuais (MEIs), conforme comunicado divulgado na quarta-feira (12).<\/p>\n\n\n\n<p>Segundo o INSS, ao menos outras 13 ocupa\u00e7\u00f5es foram exclu\u00eddas do MEI neste ano. Atividades regulamentadas, como advocacia, medicina, engenharia e psicologia, j\u00e1 eram proibidas no MEI, pois necessitam de registro em conselhos profissionais.<\/p>\n\n\n\n<p><strong>Confira as novas profiss\u00f5es exclu\u00eddas do MEI<\/strong><\/p>\n\n\n\n<p>\u2013 Alinhador(a) de pneus;<\/p>\n\n\n\n<p>\u2013 Aplicador(a) agr\u00edcola;<\/p>\n\n\n\n<p>\u2013 Arquivista de documentos;<\/p>\n\n\n\n<p>\u2013 Balanceador(a) de pneus;<\/p>\n\n\n\n<p>\u2013 Coletor de res\u00edduos perigosos;<\/p>\n\n\n\n<p>\u2013 Comerciante de fogos de artif\u00edcio;<\/p>\n\n\n\n<p>\u2013 Comerciante de g\u00e1s liquefeito de petr\u00f3leo (GLP);<\/p>\n\n\n\n<p>\u2013 Comerciante de medicamentos veterin\u00e1rios;<\/p>\n\n\n\n<p>\u2013 Confeccionador(a) de fraldas descart\u00e1veis;<\/p>\n\n\n\n<p>\u2013 Contador(a)\/t\u00e9cnico(a) cont\u00e1bil;<\/p>\n\n\n\n<p>\u2013 Dedetizador(a);<\/p>\n\n\n\n<p>\u2013 Fabricante de produtos de limpeza e higiene pessoal;<\/p>\n\n\n\n<p>\u2013 Operador (a) de marketing direto.<\/p>\n\n\n\n<p>O INSS tamb\u00e9m divulgou o calend\u00e1rio de pagamentos de MEIs, conforme novo valor reajustado. O primeiro pagamento com os novos valores vence dia 20 de fevereiro.<\/p>\n\n\n\n<p><strong>Reajustes no valor do MEI<\/strong><\/p>\n\n\n\n<p>O valor da contribui\u00e7\u00e3o do MEI em 2025 aumentou tamb\u00e9m neste ano, conforme reajusto do sal\u00e1rio-m\u00ednimo.<\/p>\n\n\n\n<p>O pagamento passou de R$ 70,60 para R$ 75,90 no caso do MEI geral, que corresponde a 5% do sal\u00e1rio-m\u00ednimo, atualmente em R$ 1.518,00.<\/p>\n\n\n\n<p>Fonte: CNN<\/p>\n","protected":false},"excerpt":{"rendered":"<p>O Instituto Nacional do Seguro Social (INSS) atualizou a lista de profiss\u00f5es impedidas de se registrarem como microempreendedores individuais (MEIs),<\/p>\n","protected":false},"author":2,"featured_media":8409,"comment_status":"open","ping_status":"open","sticky":false,"template":"","format":"standard","meta":{"jetpack_post_was_ever_published":false,"_jetpack_newsletter_access":"","_jetpack_dont_email_post_to_subs":false,"_jetpack_newsletter_tier_id":0,"_jetpack_memberships_contains_paywalled_content":false,"_jetpack_memberships_contains_paid_content":false,"footnotes":"","jetpack_publicize_message":"","jetpack_publicize_feature_enabled":true,"jetpack_social_post_already_shared":true,"jetpack_social_options":{"image_generator_settings":{"template":"highway","default_image_id":0,"font":"","enabled":false},"version":2}},"categories":[12],"tags":[],"class_list":["post-63502","post","type-post","status-publish","format-standard","has-post-thumbnail","hentry","category-brasil"],"yoast_head":"<!-- This site is optimized with the Yoast SEO plugin v27.5 - https:\/\/yoast.com\/product\/yoast-seo-wordpress\/ -->\n<title>MEI 2025: INSS atualiza lista de profiss\u00f5es exclu\u00eddas do registro; confira - Afogados FM<\/title>\n<meta name=\"robots\" content=\"index, follow, max-snippet:-1, max-image-preview:large, max-video-preview:-1\" \/>\n<link rel=\"canonical\" href=\"https:\/\/afogadosfm.com.br\/afogadosfm\/2025\/02\/15\/mei-2025-inss-atualiza-lista-de-profissoes-excluidas-do-registro-confira\/\" \/>\n<meta property=\"og:locale\" content=\"pt_BR\" \/>\n<meta property=\"og:type\" content=\"article\" \/>\n<meta property=\"og:title\" content=\"MEI 2025: INSS atualiza lista de profiss\u00f5es exclu\u00eddas do registro; confira - Afogados FM\" \/>\n<meta property=\"og:description\" content=\"O Instituto Nacional do Seguro Social (INSS) atualizou a lista de profiss\u00f5es impedidas de se registrarem como microempreendedores individuais (MEIs),\" \/>\n<meta property=\"og:url\" content=\"https:\/\/afogadosfm.com.br\/afogadosfm\/2025\/02\/15\/mei-2025-inss-atualiza-lista-de-profissoes-excluidas-do-registro-confira\/\" \/>\n<meta property=\"og:site_name\" content=\"Afogados FM\" \/>\n<meta property=\"article:published_time\" content=\"2025-02-15T10:37:27+00:00\" \/>\n<meta property=\"article:modified_time\" content=\"2025-02-15T10:37:31+00:00\" \/>\n<meta property=\"og:image\" content=\"https:\/\/afogadosfm.com.br\/afogadosfm\/wp-content\/uploads\/2019\/01\/mei.png\" \/>\n\t<meta property=\"og:image:width\" content=\"273\" \/>\n\t<meta property=\"og:image:height\" content=\"160\" \/>\n\t<meta property=\"og:image:type\" content=\"image\/png\" \/>\n<meta name=\"author\" content=\"afogadosfm\" \/>\n<meta name=\"twitter:card\" content=\"summary_large_image\" \/>\n<meta name=\"twitter:label1\" content=\"Escrito por\" \/>\n\t<meta name=\"twitter:data1\" content=\"afogadosfm\" \/>\n\t<meta name=\"twitter:label2\" content=\"Est. tempo de leitura\" \/>\n\t<meta name=\"twitter:data2\" content=\"2 minutos\" \/>\n<script type=\"application\/ld+json\" class=\"yoast-schema-graph\">{\"@context\":\"https:\\\/\\\/schema.org\",\"@graph\":[{\"@type\":\"Article\",\"@id\":\"https:\\\/\\\/afogadosfm.com.br\\\/afogadosfm\\\/2025\\\/02\\\/15\\\/mei-2025-inss-atualiza-lista-de-profissoes-excluidas-do-registro-confira\\\/#article\",\"isPartOf\":{\"@id\":\"https:\\\/\\\/afogadosfm.com.br\\\/afogadosfm\\\/2025\\\/02\\\/15\\\/mei-2025-inss-atualiza-lista-de-profissoes-excluidas-do-registro-confira\\\/\"},\"author\":{\"name\":\"afogadosfm\",\"@id\":\"https:\\\/\\\/afogadosfm.com.br\\\/afogadosfm\\\/#\\\/schema\\\/person\\\/60e56f2cf5dc960fc093fe093d9e9057\"},\"headline\":\"MEI 2025: INSS atualiza lista de profiss\u00f5es exclu\u00eddas do registro; confira\",\"datePublished\":\"2025-02-15T10:37:27+00:00\",\"dateModified\":\"2025-02-15T10:37:31+00:00\",\"mainEntityOfPage\":{\"@id\":\"https:\\\/\\\/afogadosfm.com.br\\\/afogadosfm\\\/2025\\\/02\\\/15\\\/mei-2025-inss-atualiza-lista-de-profissoes-excluidas-do-registro-confira\\\/\"},\"wordCount\":225,\"commentCount\":0,\"publisher\":{\"@id\":\"https:\\\/\\\/afogadosfm.com.br\\\/afogadosfm\\\/#organization\"},\"image\":{\"@id\":\"https:\\\/\\\/afogadosfm.com.br\\\/afogadosfm\\\/2025\\\/02\\\/15\\\/mei-2025-inss-atualiza-lista-de-profissoes-excluidas-do-registro-confira\\\/#primaryimage\"},\"thumbnailUrl\":\"https:\\\/\\\/i0.wp.com\\\/afogadosfm.com.br\\\/afogadosfm\\\/wp-content\\\/uploads\\\/2019\\\/01\\\/mei.png?fit=273%2C160&ssl=1\",\"articleSection\":[\"Brasil\"],\"inLanguage\":\"pt-BR\",\"potentialAction\":[{\"@type\":\"CommentAction\",\"name\":\"Comment\",\"target\":[\"https:\\\/\\\/afogadosfm.com.br\\\/afogadosfm\\\/2025\\\/02\\\/15\\\/mei-2025-inss-atualiza-lista-de-profissoes-excluidas-do-registro-confira\\\/#respond\"]}]},{\"@type\":\"WebPage\",\"@id\":\"https:\\\/\\\/afogadosfm.com.br\\\/afogadosfm\\\/2025\\\/02\\\/15\\\/mei-2025-inss-atualiza-lista-de-profissoes-excluidas-do-registro-confira\\\/\",\"url\":\"https:\\\/\\\/afogadosfm.com.br\\\/afogadosfm\\\/2025\\\/02\\\/15\\\/mei-2025-inss-atualiza-lista-de-profissoes-excluidas-do-registro-confira\\\/\",\"name\":\"MEI 2025: INSS atualiza lista de profiss\u00f5es exclu\u00eddas do registro; confira - Afogados FM\",\"isPartOf\":{\"@id\":\"https:\\\/\\\/afogadosfm.com.br\\\/afogadosfm\\\/#website\"},\"primaryImageOfPage\":{\"@id\":\"https:\\\/\\\/afogadosfm.com.br\\\/afogadosfm\\\/2025\\\/02\\\/15\\\/mei-2025-inss-atualiza-lista-de-profissoes-excluidas-do-registro-confira\\\/#primaryimage\"},\"image\":{\"@id\":\"https:\\\/\\\/afogadosfm.com.br\\\/afogadosfm\\\/2025\\\/02\\\/15\\\/mei-2025-inss-atualiza-lista-de-profissoes-excluidas-do-registro-confira\\\/#primaryimage\"},\"thumbnailUrl\":\"https:\\\/\\\/i0.wp.com\\\/afogadosfm.com.br\\\/afogadosfm\\\/wp-content\\\/uploads\\\/2019\\\/01\\\/mei.png?fit=273%2C160&ssl=1\",\"datePublished\":\"2025-02-15T10:37:27+00:00\",\"dateModified\":\"2025-02-15T10:37:31+00:00\",\"breadcrumb\":{\"@id\":\"https:\\\/\\\/afogadosfm.com.br\\\/afogadosfm\\\/2025\\\/02\\\/15\\\/mei-2025-inss-atualiza-lista-de-profissoes-excluidas-do-registro-confira\\\/#breadcrumb\"},\"inLanguage\":\"pt-BR\",\"potentialAction\":[{\"@type\":\"ReadAction\",\"target\":[\"https:\\\/\\\/afogadosfm.com.br\\\/afogadosfm\\\/2025\\\/02\\\/15\\\/mei-2025-inss-atualiza-lista-de-profissoes-excluidas-do-registro-confira\\\/\"]}]},{\"@type\":\"ImageObject\",\"inLanguage\":\"pt-BR\",\"@id\":\"https:\\\/\\\/afogadosfm.com.br\\\/afogadosfm\\\/2025\\\/02\\\/15\\\/mei-2025-inss-atualiza-lista-de-profissoes-excluidas-do-registro-confira\\\/#primaryimage\",\"url\":\"https:\\\/\\\/i0.wp.com\\\/afogadosfm.com.br\\\/afogadosfm\\\/wp-content\\\/uploads\\\/2019\\\/01\\\/mei.png?fit=273%2C160&ssl=1\",\"contentUrl\":\"https:\\\/\\\/i0.wp.com\\\/afogadosfm.com.br\\\/afogadosfm\\\/wp-content\\\/uploads\\\/2019\\\/01\\\/mei.png?fit=273%2C160&ssl=1\",\"width\":273,\"height\":160},{\"@type\":\"BreadcrumbList\",\"@id\":\"https:\\\/\\\/afogadosfm.com.br\\\/afogadosfm\\\/2025\\\/02\\\/15\\\/mei-2025-inss-atualiza-lista-de-profissoes-excluidas-do-registro-confira\\\/#breadcrumb\",\"itemListElement\":[{\"@type\":\"ListItem\",\"position\":1,\"name\":\"In\u00edcio\",\"item\":\"https:\\\/\\\/afogadosfm.com.br\\\/afogadosfm\\\/\"},{\"@type\":\"ListItem\",\"position\":2,\"name\":\"MEI 2025: INSS atualiza lista de profiss\u00f5es exclu\u00eddas do registro; confira\"}]},{\"@type\":\"WebSite\",\"@id\":\"https:\\\/\\\/afogadosfm.com.br\\\/afogadosfm\\\/#website\",\"url\":\"https:\\\/\\\/afogadosfm.com.br\\\/afogadosfm\\\/\",\"name\":\"Afogados FM\",\"description\":\"Um site completo!\",\"publisher\":{\"@id\":\"https:\\\/\\\/afogadosfm.com.br\\\/afogadosfm\\\/#organization\"},\"potentialAction\":[{\"@type\":\"SearchAction\",\"target\":{\"@type\":\"EntryPoint\",\"urlTemplate\":\"https:\\\/\\\/afogadosfm.com.br\\\/afogadosfm\\\/?s={search_term_string}\"},\"query-input\":{\"@type\":\"PropertyValueSpecification\",\"valueRequired\":true,\"valueName\":\"search_term_string\"}}],\"inLanguage\":\"pt-BR\"},{\"@type\":\"Organization\",\"@id\":\"https:\\\/\\\/afogadosfm.com.br\\\/afogadosfm\\\/#organization\",\"name\":\"Afogados FM\",\"url\":\"https:\\\/\\\/afogadosfm.com.br\\\/afogadosfm\\\/\",\"logo\":{\"@type\":\"ImageObject\",\"inLanguage\":\"pt-BR\",\"@id\":\"https:\\\/\\\/afogadosfm.com.br\\\/afogadosfm\\\/#\\\/schema\\\/logo\\\/image\\\/\",\"url\":\"https:\\\/\\\/i0.wp.com\\\/afogadosfm.com.br\\\/afogadosfm\\\/wp-content\\\/uploads\\\/2020\\\/06\\\/cropped-banner-afogados-4.jpg?fit=369%2C137&ssl=1\",\"contentUrl\":\"https:\\\/\\\/i0.wp.com\\\/afogadosfm.com.br\\\/afogadosfm\\\/wp-content\\\/uploads\\\/2020\\\/06\\\/cropped-banner-afogados-4.jpg?fit=369%2C137&ssl=1\",\"width\":369,\"height\":137,\"caption\":\"Afogados FM\"},\"image\":{\"@id\":\"https:\\\/\\\/afogadosfm.com.br\\\/afogadosfm\\\/#\\\/schema\\\/logo\\\/image\\\/\"}},{\"@type\":\"Person\",\"@id\":\"https:\\\/\\\/afogadosfm.com.br\\\/afogadosfm\\\/#\\\/schema\\\/person\\\/60e56f2cf5dc960fc093fe093d9e9057\",\"name\":\"afogadosfm\",\"image\":{\"@type\":\"ImageObject\",\"inLanguage\":\"pt-BR\",\"@id\":\"https:\\\/\\\/secure.gravatar.com\\\/avatar\\\/e0359add7ed5dc3560906d861b52c6a8cf5c1e199d3a7dd85070998f49bd4701?s=96&d=mm&r=g\",\"url\":\"https:\\\/\\\/secure.gravatar.com\\\/avatar\\\/e0359add7ed5dc3560906d861b52c6a8cf5c1e199d3a7dd85070998f49bd4701?s=96&d=mm&r=g\",\"contentUrl\":\"https:\\\/\\\/secure.gravatar.com\\\/avatar\\\/e0359add7ed5dc3560906d861b52c6a8cf5c1e199d3a7dd85070998f49bd4701?s=96&d=mm&r=g\",\"caption\":\"afogadosfm\"},\"url\":\"https:\\\/\\\/afogadosfm.com.br\\\/afogadosfm\\\/author\\\/afogadosfm\\\/\"}]}<\/script>\n<!-- \/ Yoast SEO plugin. -->","yoast_head_json":{"title":"MEI 2025: INSS atualiza lista de profiss\u00f5es exclu\u00eddas do registro; confira - Afogados FM","robots":{"index":"index","follow":"follow","max-snippet":"max-snippet:-1","max-image-preview":"max-image-preview:large","max-video-preview":"max-video-preview:-1"},"canonical":"https:\/\/afogadosfm.com.br\/afogadosfm\/2025\/02\/15\/mei-2025-inss-atualiza-lista-de-profissoes-excluidas-do-registro-confira\/","og_locale":"pt_BR","og_type":"article","og_title":"MEI 2025: INSS atualiza lista de profiss\u00f5es exclu\u00eddas do registro; confira - Afogados FM","og_description":"O Instituto Nacional do Seguro Social (INSS) atualizou a lista de profiss\u00f5es impedidas de se registrarem como microempreendedores individuais (MEIs),","og_url":"https:\/\/afogadosfm.com.br\/afogadosfm\/2025\/02\/15\/mei-2025-inss-atualiza-lista-de-profissoes-excluidas-do-registro-confira\/","og_site_name":"Afogados FM","article_published_time":"2025-02-15T10:37:27+00:00","article_modified_time":"2025-02-15T10:37:31+00:00","og_image":[{"width":273,"height":160,"url":"https:\/\/afogadosfm.com.br\/afogadosfm\/wp-content\/uploads\/2019\/01\/mei.png","type":"image\/png"}],"author":"afogadosfm","twitter_card":"summary_large_image","twitter_misc":{"Escrito por":"afogadosfm","Est. tempo de leitura":"2 minutos"},"schema":{"@context":"https:\/\/schema.org","@graph":[{"@type":"Article","@id":"https:\/\/afogadosfm.com.br\/afogadosfm\/2025\/02\/15\/mei-2025-inss-atualiza-lista-de-profissoes-excluidas-do-registro-confira\/#article","isPartOf":{"@id":"https:\/\/afogadosfm.com.br\/afogadosfm\/2025\/02\/15\/mei-2025-inss-atualiza-lista-de-profissoes-excluidas-do-registro-confira\/"},"author":{"name":"afogadosfm","@id":"https:\/\/afogadosfm.com.br\/afogadosfm\/#\/schema\/person\/60e56f2cf5dc960fc093fe093d9e9057"},"headline":"MEI 2025: INSS atualiza lista de profiss\u00f5es exclu\u00eddas do registro; confira","datePublished":"2025-02-15T10:37:27+00:00","dateModified":"2025-02-15T10:37:31+00:00","mainEntityOfPage":{"@id":"https:\/\/afogadosfm.com.br\/afogadosfm\/2025\/02\/15\/mei-2025-inss-atualiza-lista-de-profissoes-excluidas-do-registro-confira\/"},"wordCount":225,"commentCount":0,"publisher":{"@id":"https:\/\/afogadosfm.com.br\/afogadosfm\/#organization"},"image":{"@id":"https:\/\/afogadosfm.com.br\/afogadosfm\/2025\/02\/15\/mei-2025-inss-atualiza-lista-de-profissoes-excluidas-do-registro-confira\/#primaryimage"},"thumbnailUrl":"https:\/\/i0.wp.com\/afogadosfm.com.br\/afogadosfm\/wp-content\/uploads\/2019\/01\/mei.png?fit=273%2C160&ssl=1","articleSection":["Brasil"],"inLanguage":"pt-BR","potentialAction":[{"@type":"CommentAction","name":"Comment","target":["https:\/\/afogadosfm.com.br\/afogadosfm\/2025\/02\/15\/mei-2025-inss-atualiza-lista-de-profissoes-excluidas-do-registro-confira\/#respond"]}]},{"@type":"WebPage","@id":"https:\/\/afogadosfm.com.br\/afogadosfm\/2025\/02\/15\/mei-2025-inss-atualiza-lista-de-profissoes-excluidas-do-registro-confira\/","url":"https:\/\/afogadosfm.com.br\/afogadosfm\/2025\/02\/15\/mei-2025-inss-atualiza-lista-de-profissoes-excluidas-do-registro-confira\/","name":"MEI 2025: INSS atualiza lista de profiss\u00f5es exclu\u00eddas do registro; confira - Afogados FM","isPartOf":{"@id":"https:\/\/afogadosfm.com.br\/afogadosfm\/#website"},"primaryImageOfPage":{"@id":"https:\/\/afogadosfm.com.br\/afogadosfm\/2025\/02\/15\/mei-2025-inss-atualiza-lista-de-profissoes-excluidas-do-registro-confira\/#primaryimage"},"image":{"@id":"https:\/\/afogadosfm.com.br\/afogadosfm\/2025\/02\/15\/mei-2025-inss-atualiza-lista-de-profissoes-excluidas-do-registro-confira\/#primaryimage"},"thumbnailUrl":"https:\/\/i0.wp.com\/afogadosfm.com.br\/afogadosfm\/wp-content\/uploads\/2019\/01\/mei.png?fit=273%2C160&ssl=1","datePublished":"2025-02-15T10:37:27+00:00","dateModified":"2025-02-15T10:37:31+00:00","breadcrumb":{"@id":"https:\/\/afogadosfm.com.br\/afogadosfm\/2025\/02\/15\/mei-2025-inss-atualiza-lista-de-profissoes-excluidas-do-registro-confira\/#breadcrumb"},"inLanguage":"pt-BR","potentialAction":[{"@type":"ReadAction","target":["https:\/\/afogadosfm.com.br\/afogadosfm\/2025\/02\/15\/mei-2025-inss-atualiza-lista-de-profissoes-excluidas-do-registro-confira\/"]}]},{"@type":"ImageObject","inLanguage":"pt-BR","@id":"https:\/\/afogadosfm.com.br\/afogadosfm\/2025\/02\/15\/mei-2025-inss-atualiza-lista-de-profissoes-excluidas-do-registro-confira\/#primaryimage","url":"https:\/\/i0.wp.com\/afogadosfm.com.br\/afogadosfm\/wp-content\/uploads\/2019\/01\/mei.png?fit=273%2C160&ssl=1","contentUrl":"https:\/\/i0.wp.com\/afogadosfm.com.br\/afogadosfm\/wp-content\/uploads\/2019\/01\/mei.png?fit=273%2C160&ssl=1","width":273,"height":160},{"@type":"BreadcrumbList","@id":"https:\/\/afogadosfm.com.br\/afogadosfm\/2025\/02\/15\/mei-2025-inss-atualiza-lista-de-profissoes-excluidas-do-registro-confira\/#breadcrumb","itemListElement":[{"@type":"ListItem","position":1,"name":"In\u00edcio","item":"https:\/\/afogadosfm.com.br\/afogadosfm\/"},{"@type":"ListItem","position":2,"name":"MEI 2025: INSS atualiza lista de profiss\u00f5es exclu\u00eddas do registro; confira"}]},{"@type":"WebSite","@id":"https:\/\/afogadosfm.com.br\/afogadosfm\/#website","url":"https:\/\/afogadosfm.com.br\/afogadosfm\/","name":"Afogados FM","description":"Um site completo!","publisher":{"@id":"https:\/\/afogadosfm.com.br\/afogadosfm\/#organization"},"potentialAction":[{"@type":"SearchAction","target":{"@type":"EntryPoint","urlTemplate":"https:\/\/afogadosfm.com.br\/afogadosfm\/?s={search_term_string}"},"query-input":{"@type":"PropertyValueSpecification","valueRequired":true,"valueName":"search_term_string"}}],"inLanguage":"pt-BR"},{"@type":"Organization","@id":"https:\/\/afogadosfm.com.br\/afogadosfm\/#organization","name":"Afogados FM","url":"https:\/\/afogadosfm.com.br\/afogadosfm\/","logo":{"@type":"ImageObject","inLanguage":"pt-BR","@id":"https:\/\/afogadosfm.com.br\/afogadosfm\/#\/schema\/logo\/image\/","url":"https:\/\/i0.wp.com\/afogadosfm.com.br\/afogadosfm\/wp-content\/uploads\/2020\/06\/cropped-banner-afogados-4.jpg?fit=369%2C137&ssl=1","contentUrl":"https:\/\/i0.wp.com\/afogadosfm.com.br\/afogadosfm\/wp-content\/uploads\/2020\/06\/cropped-banner-afogados-4.jpg?fit=369%2C137&ssl=1","width":369,"height":137,"caption":"Afogados FM"},"image":{"@id":"https:\/\/afogadosfm.com.br\/afogadosfm\/#\/schema\/logo\/image\/"}},{"@type":"Person","@id":"https:\/\/afogadosfm.com.br\/afogadosfm\/#\/schema\/person\/60e56f2cf5dc960fc093fe093d9e9057","name":"afogadosfm","image":{"@type":"ImageObject","inLanguage":"pt-BR","@id":"https:\/\/secure.gravatar.com\/avatar\/e0359add7ed5dc3560906d861b52c6a8cf5c1e199d3a7dd85070998f49bd4701?s=96&d=mm&r=g","url":"https:\/\/secure.gravatar.com\/avatar\/e0359add7ed5dc3560906d861b52c6a8cf5c1e199d3a7dd85070998f49bd4701?s=96&d=mm&r=g","contentUrl":"https:\/\/secure.gravatar.com\/avatar\/e0359add7ed5dc3560906d861b52c6a8cf5c1e199d3a7dd85070998f49bd4701?s=96&d=mm&r=g","caption":"afogadosfm"},"url":"https:\/\/afogadosfm.com.br\/afogadosfm\/author\/afogadosfm\/"}]}},"jetpack_publicize_connections":[],"jetpack_featured_media_url":"https:\/\/i0.wp.com\/afogadosfm.com.br\/afogadosfm\/wp-content\/uploads\/2019\/01\/mei.png?fit=273%2C160&ssl=1","jetpack-related-posts":[],"jetpack_sharing_enabled":true,"jetpack_likes_enabled":true,"_links":{"self":[{"href":"https:\/\/afogadosfm.com.br\/afogadosfm\/wp-json\/wp\/v2\/posts\/63502","targetHints":{"allow":["GET"]}}],"collection":[{"href":"https:\/\/afogadosfm.com.br\/afogadosfm\/wp-json\/wp\/v2\/posts"}],"about":[{"href":"https:\/\/afogadosfm.com.br\/afogadosfm\/wp-json\/wp\/v2\/types\/post"}],"author":[{"embeddable":true,"href":"https:\/\/afogadosfm.com.br\/afogadosfm\/wp-json\/wp\/v2\/users\/2"}],"replies":[{"embeddable":true,"href":"https:\/\/afogadosfm.com.br\/afogadosfm\/wp-json\/wp\/v2\/comments?post=63502"}],"version-history":[{"count":1,"href":"https:\/\/afogadosfm.com.br\/afogadosfm\/wp-json\/wp\/v2\/posts\/63502\/revisions"}],"predecessor-version":[{"id":63503,"href":"https:\/\/afogadosfm.com.br\/afogadosfm\/wp-json\/wp\/v2\/posts\/63502\/revisions\/63503"}],"wp:featuredmedia":[{"embeddable":true,"href":"https:\/\/afogadosfm.com.br\/afogadosfm\/wp-json\/wp\/v2\/media\/8409"}],"wp:attachment":[{"href":"https:\/\/afogadosfm.com.br\/afogadosfm\/wp-json\/wp\/v2\/media?parent=63502"}],"wp:term":[{"taxonomy":"category","embeddable":true,"href":"https:\/\/afogadosfm.com.br\/afogadosfm\/wp-json\/wp\/v2\/categories?post=63502"},{"taxonomy":"post_tag","embeddable":true,"href":"https:\/\/afogadosfm.com.br\/afogadosfm\/wp-json\/wp\/v2\/tags?post=63502"}],"curies":[{"name":"wp","href":"https:\/\/api.w.org\/{rel}","templated":true}]}}