{"id":63546,"date":"2025-02-17T04:18:38","date_gmt":"2025-02-17T07:18:38","guid":{"rendered":"https:\/\/afogadosfm.com.br\/afogadosfm\/?p=63546"},"modified":"2025-02-17T04:19:00","modified_gmt":"2025-02-17T07:19:00","slug":"previsao-de-isaac-newton-diz-que-mundo-pode-em-acabar-em-35-anos","status":"publish","type":"post","link":"https:\/\/afogadosfm.com.br\/afogadosfm\/2025\/02\/17\/previsao-de-isaac-newton-diz-que-mundo-pode-em-acabar-em-35-anos\/","title":{"rendered":"Previs\u00e3o de Isaac Newton diz que o mundo pode em acabar em 35 anos"},"content":{"rendered":"\n<p>Matem\u00e1tico, f\u00edsico, astr\u00f4nomo, te\u00f3logo e autor da lei da gravidade, Isaac Newton (1642-1727) previu o fim do mundo para 2060, em uma carta escrita em 1704. Baseada em textos b\u00edblicos, a teoria de Newton sobre o Armagedom narra a reconstru\u00e7\u00e3o do mundo em 35 anos ap\u00f3s pragas, guerras e &#8220;a ru\u00edna das na\u00e7\u00f5es perversas&#8221;. Al\u00e9m de cientista, Newton era um \u00e1vido estudioso de textos religiosos<\/p>\n\n\n\n<p>Armagedom \u00e9 um termo b\u00edblico cujo significado \u00e9 a batalha entre as for\u00e7as do bem e do mal, descrito no livro Apocalipse, escrito por Jo\u00e3o. Acompanha uma cat\u00e1strofe mundial na qual os maus ser\u00e3o destru\u00eddos e os bons sobreviver\u00e3o. Jesus e os santos, ent\u00e3o, retornariam \u00e0 Terra para estabelecer um reino mundial de paz de mil anos, teoria interpretada por Newton a partir de datas listadas no Livro de Daniel.<\/p>\n\n\n\n<p>Os c\u00e1lculos foram interpretados pelo cientista a partir do princ\u00edpio &#8220;dia-por-ano&#8221;, no qual os dias b\u00edblicos s\u00e3o transformados em anos reais equivalentes. Um per\u00edodo de corrup\u00e7\u00e3o crist\u00e3 foi apontado no estudo a partir de 800 d.C., funda\u00e7\u00e3o do Sacro Imp\u00e9rio Romano. Ao somar 1.260 anos \u00e0 data, Newton apontou 2060 como o fim dos tempos. Embora a hip\u00f3tese possa causar p\u00e2nico, a profecia marca um recome\u00e7o divino.<\/p>\n\n\n\n<p>Segundo Stephen D. Snobelen, professor de hist\u00f3ria da ci\u00eancia e tecnologia da Universidade King&#8217;s College, em Halifax, em Londres, Newton n\u00e3o reconhecia uma diferen\u00e7a entre a religi\u00e3o e a ci\u00eancia. De acordo com o professor, os textos do cientista antecipam o in\u00edcio de uma nova era, profecia b\u00edblica na qual os judeus retornariam a Israel e reconstruiriam o Templo antes da segunda vinda de Cristo.<\/p>\n\n\n\n<p>Na carta, Newton escreveu: &#8220;(O Mundo) Pode acabar mais tarde, mas n\u00e3o vejo raz\u00e3o para acabar mais cedo.&#8221; O ju\u00edzo final visa &#8220;p\u00f4r fim \u00e0s conjecturas precipitadas de homens fantasiosos que frequentemente preveem o tempo do fim e, ao fazer isso, desacreditam as profecias sagradas sempre que suas previs\u00f5es falham.&#8221; As informa\u00e7\u00f5es s\u00e3o do Correio Braziliense.<\/p>\n","protected":false},"excerpt":{"rendered":"<p>Matem\u00e1tico, f\u00edsico, astr\u00f4nomo, te\u00f3logo e autor da lei da gravidade, Isaac Newton (1642-1727) previu o fim do mundo para 2060,<\/p>\n","protected":false},"author":2,"featured_media":11826,"comment_status":"open","ping_status":"open","sticky":false,"template":"","format":"standard","meta":{"jetpack_post_was_ever_published":false,"_jetpack_newsletter_access":"","_jetpack_dont_email_post_to_subs":false,"_jetpack_newsletter_tier_id":0,"_jetpack_memberships_contains_paywalled_content":false,"_jetpack_memberships_contains_paid_content":false,"footnotes":"","jetpack_publicize_message":"","jetpack_publicize_feature_enabled":true,"jetpack_social_post_already_shared":true,"jetpack_social_options":{"image_generator_settings":{"template":"highway","default_image_id":0,"font":"","enabled":false},"version":2}},"categories":[42],"tags":[],"class_list":["post-63546","post","type-post","status-publish","format-standard","has-post-thumbnail","hentry","category-mundo"],"yoast_head":"<!-- This site is optimized with the Yoast SEO plugin v27.5 - https:\/\/yoast.com\/product\/yoast-seo-wordpress\/ -->\n<title>Previs\u00e3o de Isaac Newton diz que o mundo pode em acabar em 35 anos - Afogados FM<\/title>\n<meta name=\"robots\" content=\"index, follow, max-snippet:-1, max-image-preview:large, max-video-preview:-1\" \/>\n<link rel=\"canonical\" href=\"https:\/\/afogadosfm.com.br\/afogadosfm\/2025\/02\/17\/previsao-de-isaac-newton-diz-que-mundo-pode-em-acabar-em-35-anos\/\" \/>\n<meta property=\"og:locale\" content=\"pt_BR\" \/>\n<meta property=\"og:type\" content=\"article\" \/>\n<meta property=\"og:title\" content=\"Previs\u00e3o de Isaac Newton diz que o mundo pode em acabar em 35 anos - Afogados FM\" \/>\n<meta property=\"og:description\" content=\"Matem\u00e1tico, f\u00edsico, astr\u00f4nomo, te\u00f3logo e autor da lei da gravidade, Isaac Newton (1642-1727) previu o fim do mundo para 2060,\" \/>\n<meta property=\"og:url\" content=\"https:\/\/afogadosfm.com.br\/afogadosfm\/2025\/02\/17\/previsao-de-isaac-newton-diz-que-mundo-pode-em-acabar-em-35-anos\/\" \/>\n<meta property=\"og:site_name\" content=\"Afogados FM\" \/>\n<meta property=\"article:published_time\" content=\"2025-02-17T07:18:38+00:00\" \/>\n<meta property=\"article:modified_time\" content=\"2025-02-17T07:19:00+00:00\" \/>\n<meta property=\"og:image\" content=\"https:\/\/afogadosfm.com.br\/afogadosfm\/wp-content\/uploads\/2019\/08\/BOMBA.jpg\" \/>\n\t<meta property=\"og:image:width\" content=\"205\" \/>\n\t<meta property=\"og:image:height\" content=\"246\" \/>\n\t<meta property=\"og:image:type\" content=\"image\/jpeg\" \/>\n<meta name=\"author\" content=\"afogadosfm\" \/>\n<meta name=\"twitter:card\" content=\"summary_large_image\" \/>\n<meta name=\"twitter:label1\" content=\"Escrito por\" \/>\n\t<meta name=\"twitter:data1\" content=\"afogadosfm\" \/>\n\t<meta name=\"twitter:label2\" content=\"Est. tempo de leitura\" \/>\n\t<meta name=\"twitter:data2\" content=\"2 minutos\" \/>\n<script type=\"application\/ld+json\" class=\"yoast-schema-graph\">{\"@context\":\"https:\\\/\\\/schema.org\",\"@graph\":[{\"@type\":\"Article\",\"@id\":\"https:\\\/\\\/afogadosfm.com.br\\\/afogadosfm\\\/2025\\\/02\\\/17\\\/previsao-de-isaac-newton-diz-que-mundo-pode-em-acabar-em-35-anos\\\/#article\",\"isPartOf\":{\"@id\":\"https:\\\/\\\/afogadosfm.com.br\\\/afogadosfm\\\/2025\\\/02\\\/17\\\/previsao-de-isaac-newton-diz-que-mundo-pode-em-acabar-em-35-anos\\\/\"},\"author\":{\"name\":\"afogadosfm\",\"@id\":\"https:\\\/\\\/afogadosfm.com.br\\\/afogadosfm\\\/#\\\/schema\\\/person\\\/60e56f2cf5dc960fc093fe093d9e9057\"},\"headline\":\"Previs\u00e3o de Isaac Newton diz que o mundo pode em acabar em 35 anos\",\"datePublished\":\"2025-02-17T07:18:38+00:00\",\"dateModified\":\"2025-02-17T07:19:00+00:00\",\"mainEntityOfPage\":{\"@id\":\"https:\\\/\\\/afogadosfm.com.br\\\/afogadosfm\\\/2025\\\/02\\\/17\\\/previsao-de-isaac-newton-diz-que-mundo-pode-em-acabar-em-35-anos\\\/\"},\"wordCount\":373,\"commentCount\":0,\"publisher\":{\"@id\":\"https:\\\/\\\/afogadosfm.com.br\\\/afogadosfm\\\/#organization\"},\"image\":{\"@id\":\"https:\\\/\\\/afogadosfm.com.br\\\/afogadosfm\\\/2025\\\/02\\\/17\\\/previsao-de-isaac-newton-diz-que-mundo-pode-em-acabar-em-35-anos\\\/#primaryimage\"},\"thumbnailUrl\":\"https:\\\/\\\/i0.wp.com\\\/afogadosfm.com.br\\\/afogadosfm\\\/wp-content\\\/uploads\\\/2019\\\/08\\\/BOMBA.jpg?fit=205%2C246&ssl=1\",\"articleSection\":[\"Mundo\"],\"inLanguage\":\"pt-BR\",\"potentialAction\":[{\"@type\":\"CommentAction\",\"name\":\"Comment\",\"target\":[\"https:\\\/\\\/afogadosfm.com.br\\\/afogadosfm\\\/2025\\\/02\\\/17\\\/previsao-de-isaac-newton-diz-que-mundo-pode-em-acabar-em-35-anos\\\/#respond\"]}]},{\"@type\":\"WebPage\",\"@id\":\"https:\\\/\\\/afogadosfm.com.br\\\/afogadosfm\\\/2025\\\/02\\\/17\\\/previsao-de-isaac-newton-diz-que-mundo-pode-em-acabar-em-35-anos\\\/\",\"url\":\"https:\\\/\\\/afogadosfm.com.br\\\/afogadosfm\\\/2025\\\/02\\\/17\\\/previsao-de-isaac-newton-diz-que-mundo-pode-em-acabar-em-35-anos\\\/\",\"name\":\"Previs\u00e3o de Isaac Newton diz que o mundo pode em acabar em 35 anos - Afogados FM\",\"isPartOf\":{\"@id\":\"https:\\\/\\\/afogadosfm.com.br\\\/afogadosfm\\\/#website\"},\"primaryImageOfPage\":{\"@id\":\"https:\\\/\\\/afogadosfm.com.br\\\/afogadosfm\\\/2025\\\/02\\\/17\\\/previsao-de-isaac-newton-diz-que-mundo-pode-em-acabar-em-35-anos\\\/#primaryimage\"},\"image\":{\"@id\":\"https:\\\/\\\/afogadosfm.com.br\\\/afogadosfm\\\/2025\\\/02\\\/17\\\/previsao-de-isaac-newton-diz-que-mundo-pode-em-acabar-em-35-anos\\\/#primaryimage\"},\"thumbnailUrl\":\"https:\\\/\\\/i0.wp.com\\\/afogadosfm.com.br\\\/afogadosfm\\\/wp-content\\\/uploads\\\/2019\\\/08\\\/BOMBA.jpg?fit=205%2C246&ssl=1\",\"datePublished\":\"2025-02-17T07:18:38+00:00\",\"dateModified\":\"2025-02-17T07:19:00+00:00\",\"breadcrumb\":{\"@id\":\"https:\\\/\\\/afogadosfm.com.br\\\/afogadosfm\\\/2025\\\/02\\\/17\\\/previsao-de-isaac-newton-diz-que-mundo-pode-em-acabar-em-35-anos\\\/#breadcrumb\"},\"inLanguage\":\"pt-BR\",\"potentialAction\":[{\"@type\":\"ReadAction\",\"target\":[\"https:\\\/\\\/afogadosfm.com.br\\\/afogadosfm\\\/2025\\\/02\\\/17\\\/previsao-de-isaac-newton-diz-que-mundo-pode-em-acabar-em-35-anos\\\/\"]}]},{\"@type\":\"ImageObject\",\"inLanguage\":\"pt-BR\",\"@id\":\"https:\\\/\\\/afogadosfm.com.br\\\/afogadosfm\\\/2025\\\/02\\\/17\\\/previsao-de-isaac-newton-diz-que-mundo-pode-em-acabar-em-35-anos\\\/#primaryimage\",\"url\":\"https:\\\/\\\/i0.wp.com\\\/afogadosfm.com.br\\\/afogadosfm\\\/wp-content\\\/uploads\\\/2019\\\/08\\\/BOMBA.jpg?fit=205%2C246&ssl=1\",\"contentUrl\":\"https:\\\/\\\/i0.wp.com\\\/afogadosfm.com.br\\\/afogadosfm\\\/wp-content\\\/uploads\\\/2019\\\/08\\\/BOMBA.jpg?fit=205%2C246&ssl=1\",\"width\":205,\"height\":246},{\"@type\":\"BreadcrumbList\",\"@id\":\"https:\\\/\\\/afogadosfm.com.br\\\/afogadosfm\\\/2025\\\/02\\\/17\\\/previsao-de-isaac-newton-diz-que-mundo-pode-em-acabar-em-35-anos\\\/#breadcrumb\",\"itemListElement\":[{\"@type\":\"ListItem\",\"position\":1,\"name\":\"In\u00edcio\",\"item\":\"https:\\\/\\\/afogadosfm.com.br\\\/afogadosfm\\\/\"},{\"@type\":\"ListItem\",\"position\":2,\"name\":\"Previs\u00e3o de Isaac Newton diz que o mundo pode em acabar em 35 anos\"}]},{\"@type\":\"WebSite\",\"@id\":\"https:\\\/\\\/afogadosfm.com.br\\\/afogadosfm\\\/#website\",\"url\":\"https:\\\/\\\/afogadosfm.com.br\\\/afogadosfm\\\/\",\"name\":\"Afogados FM\",\"description\":\"Um site completo!\",\"publisher\":{\"@id\":\"https:\\\/\\\/afogadosfm.com.br\\\/afogadosfm\\\/#organization\"},\"potentialAction\":[{\"@type\":\"SearchAction\",\"target\":{\"@type\":\"EntryPoint\",\"urlTemplate\":\"https:\\\/\\\/afogadosfm.com.br\\\/afogadosfm\\\/?s={search_term_string}\"},\"query-input\":{\"@type\":\"PropertyValueSpecification\",\"valueRequired\":true,\"valueName\":\"search_term_string\"}}],\"inLanguage\":\"pt-BR\"},{\"@type\":\"Organization\",\"@id\":\"https:\\\/\\\/afogadosfm.com.br\\\/afogadosfm\\\/#organization\",\"name\":\"Afogados FM\",\"url\":\"https:\\\/\\\/afogadosfm.com.br\\\/afogadosfm\\\/\",\"logo\":{\"@type\":\"ImageObject\",\"inLanguage\":\"pt-BR\",\"@id\":\"https:\\\/\\\/afogadosfm.com.br\\\/afogadosfm\\\/#\\\/schema\\\/logo\\\/image\\\/\",\"url\":\"https:\\\/\\\/i0.wp.com\\\/afogadosfm.com.br\\\/afogadosfm\\\/wp-content\\\/uploads\\\/2020\\\/06\\\/cropped-banner-afogados-4.jpg?fit=369%2C137&ssl=1\",\"contentUrl\":\"https:\\\/\\\/i0.wp.com\\\/afogadosfm.com.br\\\/afogadosfm\\\/wp-content\\\/uploads\\\/2020\\\/06\\\/cropped-banner-afogados-4.jpg?fit=369%2C137&ssl=1\",\"width\":369,\"height\":137,\"caption\":\"Afogados FM\"},\"image\":{\"@id\":\"https:\\\/\\\/afogadosfm.com.br\\\/afogadosfm\\\/#\\\/schema\\\/logo\\\/image\\\/\"}},{\"@type\":\"Person\",\"@id\":\"https:\\\/\\\/afogadosfm.com.br\\\/afogadosfm\\\/#\\\/schema\\\/person\\\/60e56f2cf5dc960fc093fe093d9e9057\",\"name\":\"afogadosfm\",\"image\":{\"@type\":\"ImageObject\",\"inLanguage\":\"pt-BR\",\"@id\":\"https:\\\/\\\/secure.gravatar.com\\\/avatar\\\/e0359add7ed5dc3560906d861b52c6a8cf5c1e199d3a7dd85070998f49bd4701?s=96&d=mm&r=g\",\"url\":\"https:\\\/\\\/secure.gravatar.com\\\/avatar\\\/e0359add7ed5dc3560906d861b52c6a8cf5c1e199d3a7dd85070998f49bd4701?s=96&d=mm&r=g\",\"contentUrl\":\"https:\\\/\\\/secure.gravatar.com\\\/avatar\\\/e0359add7ed5dc3560906d861b52c6a8cf5c1e199d3a7dd85070998f49bd4701?s=96&d=mm&r=g\",\"caption\":\"afogadosfm\"},\"url\":\"https:\\\/\\\/afogadosfm.com.br\\\/afogadosfm\\\/author\\\/afogadosfm\\\/\"}]}<\/script>\n<!-- \/ Yoast SEO plugin. -->","yoast_head_json":{"title":"Previs\u00e3o de Isaac Newton diz que o mundo pode em acabar em 35 anos - Afogados FM","robots":{"index":"index","follow":"follow","max-snippet":"max-snippet:-1","max-image-preview":"max-image-preview:large","max-video-preview":"max-video-preview:-1"},"canonical":"https:\/\/afogadosfm.com.br\/afogadosfm\/2025\/02\/17\/previsao-de-isaac-newton-diz-que-mundo-pode-em-acabar-em-35-anos\/","og_locale":"pt_BR","og_type":"article","og_title":"Previs\u00e3o de Isaac Newton diz que o mundo pode em acabar em 35 anos - Afogados FM","og_description":"Matem\u00e1tico, f\u00edsico, astr\u00f4nomo, te\u00f3logo e autor da lei da gravidade, Isaac Newton (1642-1727) previu o fim do mundo para 2060,","og_url":"https:\/\/afogadosfm.com.br\/afogadosfm\/2025\/02\/17\/previsao-de-isaac-newton-diz-que-mundo-pode-em-acabar-em-35-anos\/","og_site_name":"Afogados FM","article_published_time":"2025-02-17T07:18:38+00:00","article_modified_time":"2025-02-17T07:19:00+00:00","og_image":[{"width":205,"height":246,"url":"https:\/\/afogadosfm.com.br\/afogadosfm\/wp-content\/uploads\/2019\/08\/BOMBA.jpg","type":"image\/jpeg"}],"author":"afogadosfm","twitter_card":"summary_large_image","twitter_misc":{"Escrito por":"afogadosfm","Est. tempo de leitura":"2 minutos"},"schema":{"@context":"https:\/\/schema.org","@graph":[{"@type":"Article","@id":"https:\/\/afogadosfm.com.br\/afogadosfm\/2025\/02\/17\/previsao-de-isaac-newton-diz-que-mundo-pode-em-acabar-em-35-anos\/#article","isPartOf":{"@id":"https:\/\/afogadosfm.com.br\/afogadosfm\/2025\/02\/17\/previsao-de-isaac-newton-diz-que-mundo-pode-em-acabar-em-35-anos\/"},"author":{"name":"afogadosfm","@id":"https:\/\/afogadosfm.com.br\/afogadosfm\/#\/schema\/person\/60e56f2cf5dc960fc093fe093d9e9057"},"headline":"Previs\u00e3o de Isaac Newton diz que o mundo pode em acabar em 35 anos","datePublished":"2025-02-17T07:18:38+00:00","dateModified":"2025-02-17T07:19:00+00:00","mainEntityOfPage":{"@id":"https:\/\/afogadosfm.com.br\/afogadosfm\/2025\/02\/17\/previsao-de-isaac-newton-diz-que-mundo-pode-em-acabar-em-35-anos\/"},"wordCount":373,"commentCount":0,"publisher":{"@id":"https:\/\/afogadosfm.com.br\/afogadosfm\/#organization"},"image":{"@id":"https:\/\/afogadosfm.com.br\/afogadosfm\/2025\/02\/17\/previsao-de-isaac-newton-diz-que-mundo-pode-em-acabar-em-35-anos\/#primaryimage"},"thumbnailUrl":"https:\/\/i0.wp.com\/afogadosfm.com.br\/afogadosfm\/wp-content\/uploads\/2019\/08\/BOMBA.jpg?fit=205%2C246&ssl=1","articleSection":["Mundo"],"inLanguage":"pt-BR","potentialAction":[{"@type":"CommentAction","name":"Comment","target":["https:\/\/afogadosfm.com.br\/afogadosfm\/2025\/02\/17\/previsao-de-isaac-newton-diz-que-mundo-pode-em-acabar-em-35-anos\/#respond"]}]},{"@type":"WebPage","@id":"https:\/\/afogadosfm.com.br\/afogadosfm\/2025\/02\/17\/previsao-de-isaac-newton-diz-que-mundo-pode-em-acabar-em-35-anos\/","url":"https:\/\/afogadosfm.com.br\/afogadosfm\/2025\/02\/17\/previsao-de-isaac-newton-diz-que-mundo-pode-em-acabar-em-35-anos\/","name":"Previs\u00e3o de Isaac Newton diz que o mundo pode em acabar em 35 anos - Afogados FM","isPartOf":{"@id":"https:\/\/afogadosfm.com.br\/afogadosfm\/#website"},"primaryImageOfPage":{"@id":"https:\/\/afogadosfm.com.br\/afogadosfm\/2025\/02\/17\/previsao-de-isaac-newton-diz-que-mundo-pode-em-acabar-em-35-anos\/#primaryimage"},"image":{"@id":"https:\/\/afogadosfm.com.br\/afogadosfm\/2025\/02\/17\/previsao-de-isaac-newton-diz-que-mundo-pode-em-acabar-em-35-anos\/#primaryimage"},"thumbnailUrl":"https:\/\/i0.wp.com\/afogadosfm.com.br\/afogadosfm\/wp-content\/uploads\/2019\/08\/BOMBA.jpg?fit=205%2C246&ssl=1","datePublished":"2025-02-17T07:18:38+00:00","dateModified":"2025-02-17T07:19:00+00:00","breadcrumb":{"@id":"https:\/\/afogadosfm.com.br\/afogadosfm\/2025\/02\/17\/previsao-de-isaac-newton-diz-que-mundo-pode-em-acabar-em-35-anos\/#breadcrumb"},"inLanguage":"pt-BR","potentialAction":[{"@type":"ReadAction","target":["https:\/\/afogadosfm.com.br\/afogadosfm\/2025\/02\/17\/previsao-de-isaac-newton-diz-que-mundo-pode-em-acabar-em-35-anos\/"]}]},{"@type":"ImageObject","inLanguage":"pt-BR","@id":"https:\/\/afogadosfm.com.br\/afogadosfm\/2025\/02\/17\/previsao-de-isaac-newton-diz-que-mundo-pode-em-acabar-em-35-anos\/#primaryimage","url":"https:\/\/i0.wp.com\/afogadosfm.com.br\/afogadosfm\/wp-content\/uploads\/2019\/08\/BOMBA.jpg?fit=205%2C246&ssl=1","contentUrl":"https:\/\/i0.wp.com\/afogadosfm.com.br\/afogadosfm\/wp-content\/uploads\/2019\/08\/BOMBA.jpg?fit=205%2C246&ssl=1","width":205,"height":246},{"@type":"BreadcrumbList","@id":"https:\/\/afogadosfm.com.br\/afogadosfm\/2025\/02\/17\/previsao-de-isaac-newton-diz-que-mundo-pode-em-acabar-em-35-anos\/#breadcrumb","itemListElement":[{"@type":"ListItem","position":1,"name":"In\u00edcio","item":"https:\/\/afogadosfm.com.br\/afogadosfm\/"},{"@type":"ListItem","position":2,"name":"Previs\u00e3o de Isaac Newton diz que o mundo pode em acabar em 35 anos"}]},{"@type":"WebSite","@id":"https:\/\/afogadosfm.com.br\/afogadosfm\/#website","url":"https:\/\/afogadosfm.com.br\/afogadosfm\/","name":"Afogados FM","description":"Um site completo!","publisher":{"@id":"https:\/\/afogadosfm.com.br\/afogadosfm\/#organization"},"potentialAction":[{"@type":"SearchAction","target":{"@type":"EntryPoint","urlTemplate":"https:\/\/afogadosfm.com.br\/afogadosfm\/?s={search_term_string}"},"query-input":{"@type":"PropertyValueSpecification","valueRequired":true,"valueName":"search_term_string"}}],"inLanguage":"pt-BR"},{"@type":"Organization","@id":"https:\/\/afogadosfm.com.br\/afogadosfm\/#organization","name":"Afogados FM","url":"https:\/\/afogadosfm.com.br\/afogadosfm\/","logo":{"@type":"ImageObject","inLanguage":"pt-BR","@id":"https:\/\/afogadosfm.com.br\/afogadosfm\/#\/schema\/logo\/image\/","url":"https:\/\/i0.wp.com\/afogadosfm.com.br\/afogadosfm\/wp-content\/uploads\/2020\/06\/cropped-banner-afogados-4.jpg?fit=369%2C137&ssl=1","contentUrl":"https:\/\/i0.wp.com\/afogadosfm.com.br\/afogadosfm\/wp-content\/uploads\/2020\/06\/cropped-banner-afogados-4.jpg?fit=369%2C137&ssl=1","width":369,"height":137,"caption":"Afogados FM"},"image":{"@id":"https:\/\/afogadosfm.com.br\/afogadosfm\/#\/schema\/logo\/image\/"}},{"@type":"Person","@id":"https:\/\/afogadosfm.com.br\/afogadosfm\/#\/schema\/person\/60e56f2cf5dc960fc093fe093d9e9057","name":"afogadosfm","image":{"@type":"ImageObject","inLanguage":"pt-BR","@id":"https:\/\/secure.gravatar.com\/avatar\/e0359add7ed5dc3560906d861b52c6a8cf5c1e199d3a7dd85070998f49bd4701?s=96&d=mm&r=g","url":"https:\/\/secure.gravatar.com\/avatar\/e0359add7ed5dc3560906d861b52c6a8cf5c1e199d3a7dd85070998f49bd4701?s=96&d=mm&r=g","contentUrl":"https:\/\/secure.gravatar.com\/avatar\/e0359add7ed5dc3560906d861b52c6a8cf5c1e199d3a7dd85070998f49bd4701?s=96&d=mm&r=g","caption":"afogadosfm"},"url":"https:\/\/afogadosfm.com.br\/afogadosfm\/author\/afogadosfm\/"}]}},"jetpack_publicize_connections":[],"jetpack_featured_media_url":"https:\/\/i0.wp.com\/afogadosfm.com.br\/afogadosfm\/wp-content\/uploads\/2019\/08\/BOMBA.jpg?fit=205%2C246&ssl=1","jetpack-related-posts":[],"jetpack_sharing_enabled":true,"jetpack_likes_enabled":true,"_links":{"self":[{"href":"https:\/\/afogadosfm.com.br\/afogadosfm\/wp-json\/wp\/v2\/posts\/63546","targetHints":{"allow":["GET"]}}],"collection":[{"href":"https:\/\/afogadosfm.com.br\/afogadosfm\/wp-json\/wp\/v2\/posts"}],"about":[{"href":"https:\/\/afogadosfm.com.br\/afogadosfm\/wp-json\/wp\/v2\/types\/post"}],"author":[{"embeddable":true,"href":"https:\/\/afogadosfm.com.br\/afogadosfm\/wp-json\/wp\/v2\/users\/2"}],"replies":[{"embeddable":true,"href":"https:\/\/afogadosfm.com.br\/afogadosfm\/wp-json\/wp\/v2\/comments?post=63546"}],"version-history":[{"count":2,"href":"https:\/\/afogadosfm.com.br\/afogadosfm\/wp-json\/wp\/v2\/posts\/63546\/revisions"}],"predecessor-version":[{"id":63548,"href":"https:\/\/afogadosfm.com.br\/afogadosfm\/wp-json\/wp\/v2\/posts\/63546\/revisions\/63548"}],"wp:featuredmedia":[{"embeddable":true,"href":"https:\/\/afogadosfm.com.br\/afogadosfm\/wp-json\/wp\/v2\/media\/11826"}],"wp:attachment":[{"href":"https:\/\/afogadosfm.com.br\/afogadosfm\/wp-json\/wp\/v2\/media?parent=63546"}],"wp:term":[{"taxonomy":"category","embeddable":true,"href":"https:\/\/afogadosfm.com.br\/afogadosfm\/wp-json\/wp\/v2\/categories?post=63546"},{"taxonomy":"post_tag","embeddable":true,"href":"https:\/\/afogadosfm.com.br\/afogadosfm\/wp-json\/wp\/v2\/tags?post=63546"}],"curies":[{"name":"wp","href":"https:\/\/api.w.org\/{rel}","templated":true}]}}