{"id":63553,"date":"2025-02-17T04:29:34","date_gmt":"2025-02-17T07:29:34","guid":{"rendered":"https:\/\/afogadosfm.com.br\/afogadosfm\/?p=63553"},"modified":"2025-02-17T04:29:37","modified_gmt":"2025-02-17T07:29:37","slug":"18o-baile-municipal-agitou-o-final-de-semana-em-afogados-da-ingazeira","status":"publish","type":"post","link":"https:\/\/afogadosfm.com.br\/afogadosfm\/2025\/02\/17\/18o-baile-municipal-agitou-o-final-de-semana-em-afogados-da-ingazeira\/","title":{"rendered":"18\u00ba Baile municipal agitou o final de semana em Afogados da Ingazeira"},"content":{"rendered":"\n<p>A Prefeitura de Afogados da Ingazeira realizou no \u00faltimo s\u00e1bado(15) a 18\u00aa edi\u00e7\u00e3o do Baile Municipal, um dos eventos mais tradicionais e aguardados do calend\u00e1rio pr\u00e9-carnavalesco da cidade. A a\u00e7\u00e3o teve a coordena\u00e7\u00e3o da Secretaria Municipal de Cultura e Esportes.&nbsp;<\/p>\n\n\n\n<p>O homenageado do Carnaval 2025, escolhido atrav\u00e9s de vota\u00e7\u00e3o popular nas r\u00e1dios Paje\u00fa e Afogados FM, \u00e9 Beijamim Almeida Barros. Beijamim tem uma forte rela\u00e7\u00e3o com a tradi\u00e7\u00e3o do carnaval de Afogados. Desde os dez anos de idade corre como tabaqueiro. \u00c9 um incentivador das m\u00e1scaras de papel mach\u00ea, confeccionada pelo pr\u00f3prio foli\u00e3o. J\u00e1 realizou diversas oficinas para repassar a arte da m\u00e1scara original do tabaqueiro tradicional de Afogados, inclusive para alunos da rede municipal de ensino.&nbsp;<\/p>\n\n\n\n<figure class=\"wp-block-image\"><a href=\"https:\/\/i0.wp.com\/blogger.googleusercontent.com\/img\/b\/R29vZ2xl\/AVvXsEgLzucPQY-HlJ5jzoCb6hnRMeVPvGhCX-7JA3I-rw6DfMdi_BhSx4r76B4EU3RIjYwwxocpcDuwRutsRL5u74EC6P90GNSGi6-qucZwwsnC9zrFo8Fngk7WS2ZRzjO8Oma8oH5rhnX-kCUqLVa8yaix5VlIeAm9NRMrxfZnBdtNm9dgmFZp_abxfcY63eoT\/s1280\/7e15931f-0a51-41be-b95c-bb7086a4aba1.jpg?ssl=1\"><img data-recalc-dims=\"1\" decoding=\"async\" src=\"https:\/\/i0.wp.com\/blogger.googleusercontent.com\/img\/b\/R29vZ2xl\/AVvXsEgLzucPQY-HlJ5jzoCb6hnRMeVPvGhCX-7JA3I-rw6DfMdi_BhSx4r76B4EU3RIjYwwxocpcDuwRutsRL5u74EC6P90GNSGi6-qucZwwsnC9zrFo8Fngk7WS2ZRzjO8Oma8oH5rhnX-kCUqLVa8yaix5VlIeAm9NRMrxfZnBdtNm9dgmFZp_abxfcY63eoT\/w400-h266\/7e15931f-0a51-41be-b95c-bb7086a4aba1.jpg?w=840&#038;ssl=1\" alt=\"\"\/><\/a><\/figure>\n\n\n\n<p>&#8220;Quero agradecer a todos que prestigiaram o 18\u00b0 Baile Municipal e tambem agradecer as emissoras de r\u00e1dio que nos ajudaram na escolha do homenageado deste ano. Uma homenagem mais do que justa a Beijamim, por tudo que fez e continua fazendo pelo carnaval de Afogados. Estou feliz em ver o \u00f3timo publico que veio prestigiar mais uma edi\u00e7\u00e3o do baile&#8221;, destacou o Secret\u00e1rio de Cultura e Esportes, Augusto Martins.&nbsp;<\/p>\n\n\n\n<p>Embalada por muita m\u00fasica Pernambucana, a festa iniciou ao som da Orquestra Show de Frevo e a anima\u00e7\u00e3o dos passistas que comp\u00f5e os grupos andarilhos e cultural sanfonar. A noite tamb\u00e9m contou com apresenta\u00e7\u00f5es das cantoras Fabiana Santiago e Bruna Pegon.&nbsp;<\/p>\n\n\n\n<figure class=\"wp-block-image\"><a href=\"https:\/\/i0.wp.com\/blogger.googleusercontent.com\/img\/b\/R29vZ2xl\/AVvXsEihGYFdRJa-IPP25xmEqreglhcBGpFEMAxB85VoEYJN4UphSyuEyF7jyb3BenC7gAp-_25mab1kO8BWun66GzHLcBwqgLsP4ScbxgWnc0iXNpnnviqcMr1OYH0KpwJSCwWxw8f_smoa2Oew49ndE4UKIqCpj2c6cpnEVSxGBLT1Y27W3CRVcPfPD9gN4Upu\/s1280\/481357c1-170a-476a-b950-ed20a9f31971.jpg?ssl=1\"><img data-recalc-dims=\"1\" decoding=\"async\" src=\"https:\/\/i0.wp.com\/blogger.googleusercontent.com\/img\/b\/R29vZ2xl\/AVvXsEihGYFdRJa-IPP25xmEqreglhcBGpFEMAxB85VoEYJN4UphSyuEyF7jyb3BenC7gAp-_25mab1kO8BWun66GzHLcBwqgLsP4ScbxgWnc0iXNpnnviqcMr1OYH0KpwJSCwWxw8f_smoa2Oew49ndE4UKIqCpj2c6cpnEVSxGBLT1Y27W3CRVcPfPD9gN4Upu\/w400-h266\/481357c1-170a-476a-b950-ed20a9f31971.jpg?w=840&#038;ssl=1\" alt=\"\"\/><\/a><\/figure>\n\n\n\n<figure class=\"wp-block-image\"><a href=\"https:\/\/i0.wp.com\/blogger.googleusercontent.com\/img\/b\/R29vZ2xl\/AVvXsEh12LMlxU3OnB8_I7zq1jLs8XlpbExC_UaGD6G2_lG40k6KJnIWKp-EL7dRwsGa8sTYAKQMNEOeRnX0aKAd2g18T-ZtPVQ4fhmBhyI2YEpC6P3tU3k4G4hqJA4ktFsK2P5ENjTUJhsMRAwG4KwPv6A8Swk34xKrWvgFV6wqLRZEhqBOYivBiyPN0OcuuiDu\/s1280\/a241669d-a6e2-4bd1-9f97-603b71d2a50b.jpg?ssl=1\"><img data-recalc-dims=\"1\" decoding=\"async\" src=\"https:\/\/i0.wp.com\/blogger.googleusercontent.com\/img\/b\/R29vZ2xl\/AVvXsEh12LMlxU3OnB8_I7zq1jLs8XlpbExC_UaGD6G2_lG40k6KJnIWKp-EL7dRwsGa8sTYAKQMNEOeRnX0aKAd2g18T-ZtPVQ4fhmBhyI2YEpC6P3tU3k4G4hqJA4ktFsK2P5ENjTUJhsMRAwG4KwPv6A8Swk34xKrWvgFV6wqLRZEhqBOYivBiyPN0OcuuiDu\/w400-h266\/a241669d-a6e2-4bd1-9f97-603b71d2a50b.jpg?w=840&#038;ssl=1\" alt=\"\"\/><\/a><\/figure>\n\n\n\n<p>O Prefeito Alessandro Palmeira participou do baile e fez quest\u00e3o, em sua fala, de parabenizar o homenageado do carnaval 2025. \u201cQuero parabenizar o nosso homenageado deste ano, Beijamim, que tem uma hist\u00f3ria longa com o carnaval de Afogados, de muito amor e de muita dedica\u00e7\u00e3o para preservar a tradi\u00e7\u00e3o dos nossos tabaqueiros. Esse ano vamos fazer mais um carnaval para entrar na hist\u00f3ria, com mais de trinta blocos, com trios el\u00e9tricos e sempre valorizando a tradi\u00e7\u00e3o dos nossos tabaqueiros,\u201ddestacou Sandrinho Palmeira.&nbsp;<\/p>\n\n\n\n<p>A noite tamb\u00e9m contou com o tradicional desfile\/concurso de fantasias, nas categorias individual e grupo. As fantasias vencedoras no individual foram \u201ca rainha dos vampiros\u201d (3\u00b0 lugar), \u201co palha\u00e7o que sequestra gente\u201d (2\u00b0 lugar), e \u201ca rainha do gelo\u201d (1\u00b0 lugar). Na categoria grupo, os vencedores foram as fantasias \u201cla vida \u00e9s una fiesta\u201d (3\u00b0 lugar), \u201cbumba meu boi e o vaqueiro de fita\u201d (2\u00b0 lugar), e o \u201cmega rob\u00f4 Gudan\u201d (1\u00b0 lugar). Ao todo, a prefeitura distribuiu R$ 4.400,00 em premia\u00e7\u00f5es, al\u00e9m de trof\u00e9us. O corpo de jurados foi formado por Emerson Gustavo, Darilene Maria e Luciano Kleber.&nbsp;<\/p>\n\n\n\n<p>O baile contou com as presen\u00e7as do vice-prefeito Daniel Valadares, do secret\u00e1rio executivo de cultura e esportes, Luciano Pires, e do vereador C\u00e9sar Ten\u00f3rio.<\/p>\n","protected":false},"excerpt":{"rendered":"<p>A Prefeitura de Afogados da Ingazeira realizou no \u00faltimo s\u00e1bado(15) a 18\u00aa edi\u00e7\u00e3o do Baile Municipal, um dos eventos mais<\/p>\n","protected":false},"author":2,"featured_media":63554,"comment_status":"open","ping_status":"open","sticky":false,"template":"","format":"standard","meta":{"jetpack_post_was_ever_published":false,"_jetpack_newsletter_access":"","_jetpack_dont_email_post_to_subs":false,"_jetpack_newsletter_tier_id":0,"_jetpack_memberships_contains_paywalled_content":false,"_jetpack_memberships_contains_paid_content":false,"footnotes":"","jetpack_publicize_message":"","jetpack_publicize_feature_enabled":true,"jetpack_social_post_already_shared":true,"jetpack_social_options":{"image_generator_settings":{"template":"highway","default_image_id":0,"font":"","enabled":false},"version":2}},"categories":[14],"tags":[],"class_list":["post-63553","post","type-post","status-publish","format-standard","has-post-thumbnail","hentry","category-afogados-da-ingazeira"],"yoast_head":"<!-- This site is optimized with the Yoast SEO plugin v27.5 - https:\/\/yoast.com\/product\/yoast-seo-wordpress\/ -->\n<title>18\u00ba Baile municipal agitou o final de semana em Afogados da Ingazeira - Afogados FM<\/title>\n<meta name=\"robots\" content=\"index, follow, max-snippet:-1, max-image-preview:large, max-video-preview:-1\" \/>\n<link rel=\"canonical\" href=\"https:\/\/afogadosfm.com.br\/afogadosfm\/2025\/02\/17\/18o-baile-municipal-agitou-o-final-de-semana-em-afogados-da-ingazeira\/\" \/>\n<meta property=\"og:locale\" content=\"pt_BR\" \/>\n<meta property=\"og:type\" content=\"article\" \/>\n<meta property=\"og:title\" content=\"18\u00ba Baile municipal agitou o final de semana em Afogados da Ingazeira - Afogados FM\" \/>\n<meta property=\"og:description\" content=\"A Prefeitura de Afogados da Ingazeira realizou no \u00faltimo s\u00e1bado(15) a 18\u00aa edi\u00e7\u00e3o do Baile Municipal, um dos eventos mais\" \/>\n<meta property=\"og:url\" content=\"https:\/\/afogadosfm.com.br\/afogadosfm\/2025\/02\/17\/18o-baile-municipal-agitou-o-final-de-semana-em-afogados-da-ingazeira\/\" \/>\n<meta property=\"og:site_name\" content=\"Afogados FM\" \/>\n<meta property=\"article:published_time\" content=\"2025-02-17T07:29:34+00:00\" \/>\n<meta property=\"article:modified_time\" content=\"2025-02-17T07:29:37+00:00\" \/>\n<meta property=\"og:image\" content=\"https:\/\/afogadosfm.com.br\/afogadosfm\/wp-content\/uploads\/2025\/02\/16899ba1-84d9-4dba-a1ee-1ca8144c3bae.jpg\" \/>\n\t<meta property=\"og:image:width\" content=\"400\" \/>\n\t<meta property=\"og:image:height\" content=\"266\" \/>\n\t<meta property=\"og:image:type\" content=\"image\/jpeg\" \/>\n<meta name=\"author\" content=\"afogadosfm\" \/>\n<meta name=\"twitter:card\" content=\"summary_large_image\" \/>\n<meta name=\"twitter:label1\" content=\"Escrito por\" \/>\n\t<meta name=\"twitter:data1\" content=\"afogadosfm\" \/>\n\t<meta name=\"twitter:label2\" content=\"Est. tempo de leitura\" \/>\n\t<meta name=\"twitter:data2\" content=\"4 minutos\" \/>\n<script type=\"application\/ld+json\" class=\"yoast-schema-graph\">{\"@context\":\"https:\\\/\\\/schema.org\",\"@graph\":[{\"@type\":\"Article\",\"@id\":\"https:\\\/\\\/afogadosfm.com.br\\\/afogadosfm\\\/2025\\\/02\\\/17\\\/18o-baile-municipal-agitou-o-final-de-semana-em-afogados-da-ingazeira\\\/#article\",\"isPartOf\":{\"@id\":\"https:\\\/\\\/afogadosfm.com.br\\\/afogadosfm\\\/2025\\\/02\\\/17\\\/18o-baile-municipal-agitou-o-final-de-semana-em-afogados-da-ingazeira\\\/\"},\"author\":{\"name\":\"afogadosfm\",\"@id\":\"https:\\\/\\\/afogadosfm.com.br\\\/afogadosfm\\\/#\\\/schema\\\/person\\\/60e56f2cf5dc960fc093fe093d9e9057\"},\"headline\":\"18\u00ba Baile municipal agitou o final de semana em Afogados da Ingazeira\",\"datePublished\":\"2025-02-17T07:29:34+00:00\",\"dateModified\":\"2025-02-17T07:29:37+00:00\",\"mainEntityOfPage\":{\"@id\":\"https:\\\/\\\/afogadosfm.com.br\\\/afogadosfm\\\/2025\\\/02\\\/17\\\/18o-baile-municipal-agitou-o-final-de-semana-em-afogados-da-ingazeira\\\/\"},\"wordCount\":476,\"commentCount\":0,\"publisher\":{\"@id\":\"https:\\\/\\\/afogadosfm.com.br\\\/afogadosfm\\\/#organization\"},\"image\":{\"@id\":\"https:\\\/\\\/afogadosfm.com.br\\\/afogadosfm\\\/2025\\\/02\\\/17\\\/18o-baile-municipal-agitou-o-final-de-semana-em-afogados-da-ingazeira\\\/#primaryimage\"},\"thumbnailUrl\":\"https:\\\/\\\/i0.wp.com\\\/afogadosfm.com.br\\\/afogadosfm\\\/wp-content\\\/uploads\\\/2025\\\/02\\\/16899ba1-84d9-4dba-a1ee-1ca8144c3bae.jpg?fit=400%2C266&ssl=1\",\"articleSection\":[\"Afogados da Ingazeira\"],\"inLanguage\":\"pt-BR\",\"potentialAction\":[{\"@type\":\"CommentAction\",\"name\":\"Comment\",\"target\":[\"https:\\\/\\\/afogadosfm.com.br\\\/afogadosfm\\\/2025\\\/02\\\/17\\\/18o-baile-municipal-agitou-o-final-de-semana-em-afogados-da-ingazeira\\\/#respond\"]}]},{\"@type\":\"WebPage\",\"@id\":\"https:\\\/\\\/afogadosfm.com.br\\\/afogadosfm\\\/2025\\\/02\\\/17\\\/18o-baile-municipal-agitou-o-final-de-semana-em-afogados-da-ingazeira\\\/\",\"url\":\"https:\\\/\\\/afogadosfm.com.br\\\/afogadosfm\\\/2025\\\/02\\\/17\\\/18o-baile-municipal-agitou-o-final-de-semana-em-afogados-da-ingazeira\\\/\",\"name\":\"18\u00ba Baile municipal agitou o final de semana em Afogados da Ingazeira - Afogados FM\",\"isPartOf\":{\"@id\":\"https:\\\/\\\/afogadosfm.com.br\\\/afogadosfm\\\/#website\"},\"primaryImageOfPage\":{\"@id\":\"https:\\\/\\\/afogadosfm.com.br\\\/afogadosfm\\\/2025\\\/02\\\/17\\\/18o-baile-municipal-agitou-o-final-de-semana-em-afogados-da-ingazeira\\\/#primaryimage\"},\"image\":{\"@id\":\"https:\\\/\\\/afogadosfm.com.br\\\/afogadosfm\\\/2025\\\/02\\\/17\\\/18o-baile-municipal-agitou-o-final-de-semana-em-afogados-da-ingazeira\\\/#primaryimage\"},\"thumbnailUrl\":\"https:\\\/\\\/i0.wp.com\\\/afogadosfm.com.br\\\/afogadosfm\\\/wp-content\\\/uploads\\\/2025\\\/02\\\/16899ba1-84d9-4dba-a1ee-1ca8144c3bae.jpg?fit=400%2C266&ssl=1\",\"datePublished\":\"2025-02-17T07:29:34+00:00\",\"dateModified\":\"2025-02-17T07:29:37+00:00\",\"breadcrumb\":{\"@id\":\"https:\\\/\\\/afogadosfm.com.br\\\/afogadosfm\\\/2025\\\/02\\\/17\\\/18o-baile-municipal-agitou-o-final-de-semana-em-afogados-da-ingazeira\\\/#breadcrumb\"},\"inLanguage\":\"pt-BR\",\"potentialAction\":[{\"@type\":\"ReadAction\",\"target\":[\"https:\\\/\\\/afogadosfm.com.br\\\/afogadosfm\\\/2025\\\/02\\\/17\\\/18o-baile-municipal-agitou-o-final-de-semana-em-afogados-da-ingazeira\\\/\"]}]},{\"@type\":\"ImageObject\",\"inLanguage\":\"pt-BR\",\"@id\":\"https:\\\/\\\/afogadosfm.com.br\\\/afogadosfm\\\/2025\\\/02\\\/17\\\/18o-baile-municipal-agitou-o-final-de-semana-em-afogados-da-ingazeira\\\/#primaryimage\",\"url\":\"https:\\\/\\\/i0.wp.com\\\/afogadosfm.com.br\\\/afogadosfm\\\/wp-content\\\/uploads\\\/2025\\\/02\\\/16899ba1-84d9-4dba-a1ee-1ca8144c3bae.jpg?fit=400%2C266&ssl=1\",\"contentUrl\":\"https:\\\/\\\/i0.wp.com\\\/afogadosfm.com.br\\\/afogadosfm\\\/wp-content\\\/uploads\\\/2025\\\/02\\\/16899ba1-84d9-4dba-a1ee-1ca8144c3bae.jpg?fit=400%2C266&ssl=1\",\"width\":400,\"height\":266},{\"@type\":\"BreadcrumbList\",\"@id\":\"https:\\\/\\\/afogadosfm.com.br\\\/afogadosfm\\\/2025\\\/02\\\/17\\\/18o-baile-municipal-agitou-o-final-de-semana-em-afogados-da-ingazeira\\\/#breadcrumb\",\"itemListElement\":[{\"@type\":\"ListItem\",\"position\":1,\"name\":\"In\u00edcio\",\"item\":\"https:\\\/\\\/afogadosfm.com.br\\\/afogadosfm\\\/\"},{\"@type\":\"ListItem\",\"position\":2,\"name\":\"18\u00ba Baile municipal agitou o final de semana em Afogados da Ingazeira\"}]},{\"@type\":\"WebSite\",\"@id\":\"https:\\\/\\\/afogadosfm.com.br\\\/afogadosfm\\\/#website\",\"url\":\"https:\\\/\\\/afogadosfm.com.br\\\/afogadosfm\\\/\",\"name\":\"Afogados FM\",\"description\":\"Um site completo!\",\"publisher\":{\"@id\":\"https:\\\/\\\/afogadosfm.com.br\\\/afogadosfm\\\/#organization\"},\"potentialAction\":[{\"@type\":\"SearchAction\",\"target\":{\"@type\":\"EntryPoint\",\"urlTemplate\":\"https:\\\/\\\/afogadosfm.com.br\\\/afogadosfm\\\/?s={search_term_string}\"},\"query-input\":{\"@type\":\"PropertyValueSpecification\",\"valueRequired\":true,\"valueName\":\"search_term_string\"}}],\"inLanguage\":\"pt-BR\"},{\"@type\":\"Organization\",\"@id\":\"https:\\\/\\\/afogadosfm.com.br\\\/afogadosfm\\\/#organization\",\"name\":\"Afogados FM\",\"url\":\"https:\\\/\\\/afogadosfm.com.br\\\/afogadosfm\\\/\",\"logo\":{\"@type\":\"ImageObject\",\"inLanguage\":\"pt-BR\",\"@id\":\"https:\\\/\\\/afogadosfm.com.br\\\/afogadosfm\\\/#\\\/schema\\\/logo\\\/image\\\/\",\"url\":\"https:\\\/\\\/i0.wp.com\\\/afogadosfm.com.br\\\/afogadosfm\\\/wp-content\\\/uploads\\\/2020\\\/06\\\/cropped-banner-afogados-4.jpg?fit=369%2C137&ssl=1\",\"contentUrl\":\"https:\\\/\\\/i0.wp.com\\\/afogadosfm.com.br\\\/afogadosfm\\\/wp-content\\\/uploads\\\/2020\\\/06\\\/cropped-banner-afogados-4.jpg?fit=369%2C137&ssl=1\",\"width\":369,\"height\":137,\"caption\":\"Afogados FM\"},\"image\":{\"@id\":\"https:\\\/\\\/afogadosfm.com.br\\\/afogadosfm\\\/#\\\/schema\\\/logo\\\/image\\\/\"}},{\"@type\":\"Person\",\"@id\":\"https:\\\/\\\/afogadosfm.com.br\\\/afogadosfm\\\/#\\\/schema\\\/person\\\/60e56f2cf5dc960fc093fe093d9e9057\",\"name\":\"afogadosfm\",\"image\":{\"@type\":\"ImageObject\",\"inLanguage\":\"pt-BR\",\"@id\":\"https:\\\/\\\/secure.gravatar.com\\\/avatar\\\/e0359add7ed5dc3560906d861b52c6a8cf5c1e199d3a7dd85070998f49bd4701?s=96&d=mm&r=g\",\"url\":\"https:\\\/\\\/secure.gravatar.com\\\/avatar\\\/e0359add7ed5dc3560906d861b52c6a8cf5c1e199d3a7dd85070998f49bd4701?s=96&d=mm&r=g\",\"contentUrl\":\"https:\\\/\\\/secure.gravatar.com\\\/avatar\\\/e0359add7ed5dc3560906d861b52c6a8cf5c1e199d3a7dd85070998f49bd4701?s=96&d=mm&r=g\",\"caption\":\"afogadosfm\"},\"url\":\"https:\\\/\\\/afogadosfm.com.br\\\/afogadosfm\\\/author\\\/afogadosfm\\\/\"}]}<\/script>\n<!-- \/ Yoast SEO plugin. -->","yoast_head_json":{"title":"18\u00ba Baile municipal agitou o final de semana em Afogados da Ingazeira - Afogados FM","robots":{"index":"index","follow":"follow","max-snippet":"max-snippet:-1","max-image-preview":"max-image-preview:large","max-video-preview":"max-video-preview:-1"},"canonical":"https:\/\/afogadosfm.com.br\/afogadosfm\/2025\/02\/17\/18o-baile-municipal-agitou-o-final-de-semana-em-afogados-da-ingazeira\/","og_locale":"pt_BR","og_type":"article","og_title":"18\u00ba Baile municipal agitou o final de semana em Afogados da Ingazeira - Afogados FM","og_description":"A Prefeitura de Afogados da Ingazeira realizou no \u00faltimo s\u00e1bado(15) a 18\u00aa edi\u00e7\u00e3o do Baile Municipal, um dos eventos mais","og_url":"https:\/\/afogadosfm.com.br\/afogadosfm\/2025\/02\/17\/18o-baile-municipal-agitou-o-final-de-semana-em-afogados-da-ingazeira\/","og_site_name":"Afogados FM","article_published_time":"2025-02-17T07:29:34+00:00","article_modified_time":"2025-02-17T07:29:37+00:00","og_image":[{"width":400,"height":266,"url":"https:\/\/afogadosfm.com.br\/afogadosfm\/wp-content\/uploads\/2025\/02\/16899ba1-84d9-4dba-a1ee-1ca8144c3bae.jpg","type":"image\/jpeg"}],"author":"afogadosfm","twitter_card":"summary_large_image","twitter_misc":{"Escrito por":"afogadosfm","Est. tempo de leitura":"4 minutos"},"schema":{"@context":"https:\/\/schema.org","@graph":[{"@type":"Article","@id":"https:\/\/afogadosfm.com.br\/afogadosfm\/2025\/02\/17\/18o-baile-municipal-agitou-o-final-de-semana-em-afogados-da-ingazeira\/#article","isPartOf":{"@id":"https:\/\/afogadosfm.com.br\/afogadosfm\/2025\/02\/17\/18o-baile-municipal-agitou-o-final-de-semana-em-afogados-da-ingazeira\/"},"author":{"name":"afogadosfm","@id":"https:\/\/afogadosfm.com.br\/afogadosfm\/#\/schema\/person\/60e56f2cf5dc960fc093fe093d9e9057"},"headline":"18\u00ba Baile municipal agitou o final de semana em Afogados da Ingazeira","datePublished":"2025-02-17T07:29:34+00:00","dateModified":"2025-02-17T07:29:37+00:00","mainEntityOfPage":{"@id":"https:\/\/afogadosfm.com.br\/afogadosfm\/2025\/02\/17\/18o-baile-municipal-agitou-o-final-de-semana-em-afogados-da-ingazeira\/"},"wordCount":476,"commentCount":0,"publisher":{"@id":"https:\/\/afogadosfm.com.br\/afogadosfm\/#organization"},"image":{"@id":"https:\/\/afogadosfm.com.br\/afogadosfm\/2025\/02\/17\/18o-baile-municipal-agitou-o-final-de-semana-em-afogados-da-ingazeira\/#primaryimage"},"thumbnailUrl":"https:\/\/i0.wp.com\/afogadosfm.com.br\/afogadosfm\/wp-content\/uploads\/2025\/02\/16899ba1-84d9-4dba-a1ee-1ca8144c3bae.jpg?fit=400%2C266&ssl=1","articleSection":["Afogados da Ingazeira"],"inLanguage":"pt-BR","potentialAction":[{"@type":"CommentAction","name":"Comment","target":["https:\/\/afogadosfm.com.br\/afogadosfm\/2025\/02\/17\/18o-baile-municipal-agitou-o-final-de-semana-em-afogados-da-ingazeira\/#respond"]}]},{"@type":"WebPage","@id":"https:\/\/afogadosfm.com.br\/afogadosfm\/2025\/02\/17\/18o-baile-municipal-agitou-o-final-de-semana-em-afogados-da-ingazeira\/","url":"https:\/\/afogadosfm.com.br\/afogadosfm\/2025\/02\/17\/18o-baile-municipal-agitou-o-final-de-semana-em-afogados-da-ingazeira\/","name":"18\u00ba Baile municipal agitou o final de semana em Afogados da Ingazeira - Afogados FM","isPartOf":{"@id":"https:\/\/afogadosfm.com.br\/afogadosfm\/#website"},"primaryImageOfPage":{"@id":"https:\/\/afogadosfm.com.br\/afogadosfm\/2025\/02\/17\/18o-baile-municipal-agitou-o-final-de-semana-em-afogados-da-ingazeira\/#primaryimage"},"image":{"@id":"https:\/\/afogadosfm.com.br\/afogadosfm\/2025\/02\/17\/18o-baile-municipal-agitou-o-final-de-semana-em-afogados-da-ingazeira\/#primaryimage"},"thumbnailUrl":"https:\/\/i0.wp.com\/afogadosfm.com.br\/afogadosfm\/wp-content\/uploads\/2025\/02\/16899ba1-84d9-4dba-a1ee-1ca8144c3bae.jpg?fit=400%2C266&ssl=1","datePublished":"2025-02-17T07:29:34+00:00","dateModified":"2025-02-17T07:29:37+00:00","breadcrumb":{"@id":"https:\/\/afogadosfm.com.br\/afogadosfm\/2025\/02\/17\/18o-baile-municipal-agitou-o-final-de-semana-em-afogados-da-ingazeira\/#breadcrumb"},"inLanguage":"pt-BR","potentialAction":[{"@type":"ReadAction","target":["https:\/\/afogadosfm.com.br\/afogadosfm\/2025\/02\/17\/18o-baile-municipal-agitou-o-final-de-semana-em-afogados-da-ingazeira\/"]}]},{"@type":"ImageObject","inLanguage":"pt-BR","@id":"https:\/\/afogadosfm.com.br\/afogadosfm\/2025\/02\/17\/18o-baile-municipal-agitou-o-final-de-semana-em-afogados-da-ingazeira\/#primaryimage","url":"https:\/\/i0.wp.com\/afogadosfm.com.br\/afogadosfm\/wp-content\/uploads\/2025\/02\/16899ba1-84d9-4dba-a1ee-1ca8144c3bae.jpg?fit=400%2C266&ssl=1","contentUrl":"https:\/\/i0.wp.com\/afogadosfm.com.br\/afogadosfm\/wp-content\/uploads\/2025\/02\/16899ba1-84d9-4dba-a1ee-1ca8144c3bae.jpg?fit=400%2C266&ssl=1","width":400,"height":266},{"@type":"BreadcrumbList","@id":"https:\/\/afogadosfm.com.br\/afogadosfm\/2025\/02\/17\/18o-baile-municipal-agitou-o-final-de-semana-em-afogados-da-ingazeira\/#breadcrumb","itemListElement":[{"@type":"ListItem","position":1,"name":"In\u00edcio","item":"https:\/\/afogadosfm.com.br\/afogadosfm\/"},{"@type":"ListItem","position":2,"name":"18\u00ba Baile municipal agitou o final de semana em Afogados da Ingazeira"}]},{"@type":"WebSite","@id":"https:\/\/afogadosfm.com.br\/afogadosfm\/#website","url":"https:\/\/afogadosfm.com.br\/afogadosfm\/","name":"Afogados FM","description":"Um site completo!","publisher":{"@id":"https:\/\/afogadosfm.com.br\/afogadosfm\/#organization"},"potentialAction":[{"@type":"SearchAction","target":{"@type":"EntryPoint","urlTemplate":"https:\/\/afogadosfm.com.br\/afogadosfm\/?s={search_term_string}"},"query-input":{"@type":"PropertyValueSpecification","valueRequired":true,"valueName":"search_term_string"}}],"inLanguage":"pt-BR"},{"@type":"Organization","@id":"https:\/\/afogadosfm.com.br\/afogadosfm\/#organization","name":"Afogados FM","url":"https:\/\/afogadosfm.com.br\/afogadosfm\/","logo":{"@type":"ImageObject","inLanguage":"pt-BR","@id":"https:\/\/afogadosfm.com.br\/afogadosfm\/#\/schema\/logo\/image\/","url":"https:\/\/i0.wp.com\/afogadosfm.com.br\/afogadosfm\/wp-content\/uploads\/2020\/06\/cropped-banner-afogados-4.jpg?fit=369%2C137&ssl=1","contentUrl":"https:\/\/i0.wp.com\/afogadosfm.com.br\/afogadosfm\/wp-content\/uploads\/2020\/06\/cropped-banner-afogados-4.jpg?fit=369%2C137&ssl=1","width":369,"height":137,"caption":"Afogados FM"},"image":{"@id":"https:\/\/afogadosfm.com.br\/afogadosfm\/#\/schema\/logo\/image\/"}},{"@type":"Person","@id":"https:\/\/afogadosfm.com.br\/afogadosfm\/#\/schema\/person\/60e56f2cf5dc960fc093fe093d9e9057","name":"afogadosfm","image":{"@type":"ImageObject","inLanguage":"pt-BR","@id":"https:\/\/secure.gravatar.com\/avatar\/e0359add7ed5dc3560906d861b52c6a8cf5c1e199d3a7dd85070998f49bd4701?s=96&d=mm&r=g","url":"https:\/\/secure.gravatar.com\/avatar\/e0359add7ed5dc3560906d861b52c6a8cf5c1e199d3a7dd85070998f49bd4701?s=96&d=mm&r=g","contentUrl":"https:\/\/secure.gravatar.com\/avatar\/e0359add7ed5dc3560906d861b52c6a8cf5c1e199d3a7dd85070998f49bd4701?s=96&d=mm&r=g","caption":"afogadosfm"},"url":"https:\/\/afogadosfm.com.br\/afogadosfm\/author\/afogadosfm\/"}]}},"jetpack_publicize_connections":[],"jetpack_featured_media_url":"https:\/\/i0.wp.com\/afogadosfm.com.br\/afogadosfm\/wp-content\/uploads\/2025\/02\/16899ba1-84d9-4dba-a1ee-1ca8144c3bae.jpg?fit=400%2C266&ssl=1","jetpack-related-posts":[],"jetpack_sharing_enabled":true,"jetpack_likes_enabled":true,"_links":{"self":[{"href":"https:\/\/afogadosfm.com.br\/afogadosfm\/wp-json\/wp\/v2\/posts\/63553","targetHints":{"allow":["GET"]}}],"collection":[{"href":"https:\/\/afogadosfm.com.br\/afogadosfm\/wp-json\/wp\/v2\/posts"}],"about":[{"href":"https:\/\/afogadosfm.com.br\/afogadosfm\/wp-json\/wp\/v2\/types\/post"}],"author":[{"embeddable":true,"href":"https:\/\/afogadosfm.com.br\/afogadosfm\/wp-json\/wp\/v2\/users\/2"}],"replies":[{"embeddable":true,"href":"https:\/\/afogadosfm.com.br\/afogadosfm\/wp-json\/wp\/v2\/comments?post=63553"}],"version-history":[{"count":1,"href":"https:\/\/afogadosfm.com.br\/afogadosfm\/wp-json\/wp\/v2\/posts\/63553\/revisions"}],"predecessor-version":[{"id":63555,"href":"https:\/\/afogadosfm.com.br\/afogadosfm\/wp-json\/wp\/v2\/posts\/63553\/revisions\/63555"}],"wp:featuredmedia":[{"embeddable":true,"href":"https:\/\/afogadosfm.com.br\/afogadosfm\/wp-json\/wp\/v2\/media\/63554"}],"wp:attachment":[{"href":"https:\/\/afogadosfm.com.br\/afogadosfm\/wp-json\/wp\/v2\/media?parent=63553"}],"wp:term":[{"taxonomy":"category","embeddable":true,"href":"https:\/\/afogadosfm.com.br\/afogadosfm\/wp-json\/wp\/v2\/categories?post=63553"},{"taxonomy":"post_tag","embeddable":true,"href":"https:\/\/afogadosfm.com.br\/afogadosfm\/wp-json\/wp\/v2\/tags?post=63553"}],"curies":[{"name":"wp","href":"https:\/\/api.w.org\/{rel}","templated":true}]}}