{"id":63867,"date":"2025-02-28T05:15:48","date_gmt":"2025-02-28T08:15:48","guid":{"rendered":"https:\/\/afogadosfm.com.br\/afogadosfm\/?p=63867"},"modified":"2025-02-28T05:15:51","modified_gmt":"2025-02-28T08:15:51","slug":"deputado-joel-da-arpa-e-um-dos-investigados-por-peculato-e-lavagem-de-dinheiro","status":"publish","type":"post","link":"https:\/\/afogadosfm.com.br\/afogadosfm\/2025\/02\/28\/deputado-joel-da-arpa-e-um-dos-investigados-por-peculato-e-lavagem-de-dinheiro\/","title":{"rendered":"Deputado Joel da Arpa \u00e9 um dos investigados por peculato e lavagem de dinheiro"},"content":{"rendered":"\n<p>O deputado estadual Joel da Harpa (PL) \u00e9 um dos alvos da Opera\u00e7\u00e3o Projeto Restrito, deflagrada pela Pol\u00edcia Civil na manh\u00e3 desta quinta-feira (27), contra uma suposta organiza\u00e7\u00e3o criminosa voltada \u00e0 pr\u00e1tica dos crimes de peculato, fraude em licita\u00e7\u00e3o e lavagem de dinheiro.<\/p>\n\n\n\n<p>A informa\u00e7\u00e3o foi confirmada pelo pr\u00f3prio deputado em suas redes sociais. Em v\u00eddeo, Joel da Harpa contou que, por volta das 8h, sa\u00eda para trabalhar em uma agenda no interior do Estado quando recebeu uma liga\u00e7\u00e3o da esposa informando que a Pol\u00edcia estava em sua casa.<\/p>\n\n\n\n<p>Em nota, a Pol\u00edcia Civil n\u00e3o divulgou oficialmente a lista de alvos nem detalhou como funcionaria o suposto esquema investigado na opera\u00e7\u00e3o. Ao todo, a a\u00e7\u00e3o cumpriu 14 mandados de busca e apreens\u00e3o domiciliar, em endere\u00e7os n\u00e3o informados pelas autoridades. Tamb\u00e9m houve bloqueio judicial de ativos financeiros, de acordo com a Pol\u00edcia Civil.<\/p>\n\n\n\n<p>\u201cH\u00e1 3 dias, houve autoriza\u00e7\u00e3o para que houvesse essa busca. Autorizei, l\u00f3gico, a entrada da Pol\u00edcia Civil no meu apartamento e o que eles encontraram? Meus filhos dormindo e minha esposa tomando caf\u00e9 da manh\u00e3\u201d, declarou Joel da Harpa, sobre a batida na sua casa.<\/p>\n\n\n\n<p>O parlamentar disse, ainda, que teria conversado com o delegado respons\u00e1vel pela opera\u00e7\u00e3o por telefone e foi informado que \u201chavia uma investiga\u00e7\u00e3o de 2015\u201d contra ele. Esse caso citado pelo deputado, no entanto, n\u00e3o trata de falsifica\u00e7\u00e3o de documento \u2014 e n\u00e3o dos supostos crimes investigados na Opera\u00e7\u00e3o Projeto Restrito.<\/p>\n\n\n\n<p>Do Di\u00e1rio de Pernambuco<\/p>\n","protected":false},"excerpt":{"rendered":"<p>O deputado estadual Joel da Harpa (PL) \u00e9 um dos alvos da Opera\u00e7\u00e3o Projeto Restrito, deflagrada pela Pol\u00edcia Civil na<\/p>\n","protected":false},"author":2,"featured_media":43888,"comment_status":"open","ping_status":"open","sticky":false,"template":"","format":"standard","meta":{"jetpack_post_was_ever_published":false,"_jetpack_newsletter_access":"","_jetpack_dont_email_post_to_subs":false,"_jetpack_newsletter_tier_id":0,"_jetpack_memberships_contains_paywalled_content":false,"_jetpack_memberships_contains_paid_content":false,"footnotes":"","jetpack_publicize_message":"","jetpack_publicize_feature_enabled":true,"jetpack_social_post_already_shared":true,"jetpack_social_options":{"image_generator_settings":{"template":"highway","default_image_id":0,"font":"","enabled":false},"version":2}},"categories":[13],"tags":[],"class_list":["post-63867","post","type-post","status-publish","format-standard","has-post-thumbnail","hentry","category-pernambuco"],"yoast_head":"<!-- This site is optimized with the Yoast SEO plugin v27.5 - https:\/\/yoast.com\/product\/yoast-seo-wordpress\/ -->\n<title>Deputado Joel da Arpa \u00e9 um dos investigados por peculato e lavagem de dinheiro - Afogados FM<\/title>\n<meta name=\"robots\" content=\"index, follow, max-snippet:-1, max-image-preview:large, max-video-preview:-1\" \/>\n<link rel=\"canonical\" href=\"https:\/\/afogadosfm.com.br\/afogadosfm\/2025\/02\/28\/deputado-joel-da-arpa-e-um-dos-investigados-por-peculato-e-lavagem-de-dinheiro\/\" \/>\n<meta property=\"og:locale\" content=\"pt_BR\" \/>\n<meta property=\"og:type\" content=\"article\" \/>\n<meta property=\"og:title\" content=\"Deputado Joel da Arpa \u00e9 um dos investigados por peculato e lavagem de dinheiro - Afogados FM\" \/>\n<meta property=\"og:description\" content=\"O deputado estadual Joel da Harpa (PL) \u00e9 um dos alvos da Opera\u00e7\u00e3o Projeto Restrito, deflagrada pela Pol\u00edcia Civil na\" \/>\n<meta property=\"og:url\" content=\"https:\/\/afogadosfm.com.br\/afogadosfm\/2025\/02\/28\/deputado-joel-da-arpa-e-um-dos-investigados-por-peculato-e-lavagem-de-dinheiro\/\" \/>\n<meta property=\"og:site_name\" content=\"Afogados FM\" \/>\n<meta property=\"article:published_time\" content=\"2025-02-28T08:15:48+00:00\" \/>\n<meta property=\"article:modified_time\" content=\"2025-02-28T08:15:51+00:00\" \/>\n<meta property=\"og:image\" content=\"https:\/\/afogadosfm.com.br\/afogadosfm\/wp-content\/uploads\/2023\/01\/joeldaharpa.webp\" \/>\n\t<meta property=\"og:image:width\" content=\"650\" \/>\n\t<meta property=\"og:image:height\" content=\"433\" \/>\n\t<meta property=\"og:image:type\" content=\"image\/webp\" \/>\n<meta name=\"author\" content=\"afogadosfm\" \/>\n<meta name=\"twitter:card\" content=\"summary_large_image\" \/>\n<meta name=\"twitter:label1\" content=\"Escrito por\" \/>\n\t<meta name=\"twitter:data1\" content=\"afogadosfm\" \/>\n\t<meta name=\"twitter:label2\" content=\"Est. tempo de leitura\" \/>\n\t<meta name=\"twitter:data2\" content=\"2 minutos\" \/>\n<script type=\"application\/ld+json\" class=\"yoast-schema-graph\">{\"@context\":\"https:\\\/\\\/schema.org\",\"@graph\":[{\"@type\":\"Article\",\"@id\":\"https:\\\/\\\/afogadosfm.com.br\\\/afogadosfm\\\/2025\\\/02\\\/28\\\/deputado-joel-da-arpa-e-um-dos-investigados-por-peculato-e-lavagem-de-dinheiro\\\/#article\",\"isPartOf\":{\"@id\":\"https:\\\/\\\/afogadosfm.com.br\\\/afogadosfm\\\/2025\\\/02\\\/28\\\/deputado-joel-da-arpa-e-um-dos-investigados-por-peculato-e-lavagem-de-dinheiro\\\/\"},\"author\":{\"name\":\"afogadosfm\",\"@id\":\"https:\\\/\\\/afogadosfm.com.br\\\/afogadosfm\\\/#\\\/schema\\\/person\\\/60e56f2cf5dc960fc093fe093d9e9057\"},\"headline\":\"Deputado Joel da Arpa \u00e9 um dos investigados por peculato e lavagem de dinheiro\",\"datePublished\":\"2025-02-28T08:15:48+00:00\",\"dateModified\":\"2025-02-28T08:15:51+00:00\",\"mainEntityOfPage\":{\"@id\":\"https:\\\/\\\/afogadosfm.com.br\\\/afogadosfm\\\/2025\\\/02\\\/28\\\/deputado-joel-da-arpa-e-um-dos-investigados-por-peculato-e-lavagem-de-dinheiro\\\/\"},\"wordCount\":278,\"commentCount\":0,\"publisher\":{\"@id\":\"https:\\\/\\\/afogadosfm.com.br\\\/afogadosfm\\\/#organization\"},\"image\":{\"@id\":\"https:\\\/\\\/afogadosfm.com.br\\\/afogadosfm\\\/2025\\\/02\\\/28\\\/deputado-joel-da-arpa-e-um-dos-investigados-por-peculato-e-lavagem-de-dinheiro\\\/#primaryimage\"},\"thumbnailUrl\":\"https:\\\/\\\/i0.wp.com\\\/afogadosfm.com.br\\\/afogadosfm\\\/wp-content\\\/uploads\\\/2023\\\/01\\\/joeldaharpa.webp?fit=650%2C433&ssl=1\",\"articleSection\":[\"Pernambuco\"],\"inLanguage\":\"pt-BR\",\"potentialAction\":[{\"@type\":\"CommentAction\",\"name\":\"Comment\",\"target\":[\"https:\\\/\\\/afogadosfm.com.br\\\/afogadosfm\\\/2025\\\/02\\\/28\\\/deputado-joel-da-arpa-e-um-dos-investigados-por-peculato-e-lavagem-de-dinheiro\\\/#respond\"]}]},{\"@type\":\"WebPage\",\"@id\":\"https:\\\/\\\/afogadosfm.com.br\\\/afogadosfm\\\/2025\\\/02\\\/28\\\/deputado-joel-da-arpa-e-um-dos-investigados-por-peculato-e-lavagem-de-dinheiro\\\/\",\"url\":\"https:\\\/\\\/afogadosfm.com.br\\\/afogadosfm\\\/2025\\\/02\\\/28\\\/deputado-joel-da-arpa-e-um-dos-investigados-por-peculato-e-lavagem-de-dinheiro\\\/\",\"name\":\"Deputado Joel da Arpa \u00e9 um dos investigados por peculato e lavagem de dinheiro - Afogados FM\",\"isPartOf\":{\"@id\":\"https:\\\/\\\/afogadosfm.com.br\\\/afogadosfm\\\/#website\"},\"primaryImageOfPage\":{\"@id\":\"https:\\\/\\\/afogadosfm.com.br\\\/afogadosfm\\\/2025\\\/02\\\/28\\\/deputado-joel-da-arpa-e-um-dos-investigados-por-peculato-e-lavagem-de-dinheiro\\\/#primaryimage\"},\"image\":{\"@id\":\"https:\\\/\\\/afogadosfm.com.br\\\/afogadosfm\\\/2025\\\/02\\\/28\\\/deputado-joel-da-arpa-e-um-dos-investigados-por-peculato-e-lavagem-de-dinheiro\\\/#primaryimage\"},\"thumbnailUrl\":\"https:\\\/\\\/i0.wp.com\\\/afogadosfm.com.br\\\/afogadosfm\\\/wp-content\\\/uploads\\\/2023\\\/01\\\/joeldaharpa.webp?fit=650%2C433&ssl=1\",\"datePublished\":\"2025-02-28T08:15:48+00:00\",\"dateModified\":\"2025-02-28T08:15:51+00:00\",\"breadcrumb\":{\"@id\":\"https:\\\/\\\/afogadosfm.com.br\\\/afogadosfm\\\/2025\\\/02\\\/28\\\/deputado-joel-da-arpa-e-um-dos-investigados-por-peculato-e-lavagem-de-dinheiro\\\/#breadcrumb\"},\"inLanguage\":\"pt-BR\",\"potentialAction\":[{\"@type\":\"ReadAction\",\"target\":[\"https:\\\/\\\/afogadosfm.com.br\\\/afogadosfm\\\/2025\\\/02\\\/28\\\/deputado-joel-da-arpa-e-um-dos-investigados-por-peculato-e-lavagem-de-dinheiro\\\/\"]}]},{\"@type\":\"ImageObject\",\"inLanguage\":\"pt-BR\",\"@id\":\"https:\\\/\\\/afogadosfm.com.br\\\/afogadosfm\\\/2025\\\/02\\\/28\\\/deputado-joel-da-arpa-e-um-dos-investigados-por-peculato-e-lavagem-de-dinheiro\\\/#primaryimage\",\"url\":\"https:\\\/\\\/i0.wp.com\\\/afogadosfm.com.br\\\/afogadosfm\\\/wp-content\\\/uploads\\\/2023\\\/01\\\/joeldaharpa.webp?fit=650%2C433&ssl=1\",\"contentUrl\":\"https:\\\/\\\/i0.wp.com\\\/afogadosfm.com.br\\\/afogadosfm\\\/wp-content\\\/uploads\\\/2023\\\/01\\\/joeldaharpa.webp?fit=650%2C433&ssl=1\",\"width\":650,\"height\":433},{\"@type\":\"BreadcrumbList\",\"@id\":\"https:\\\/\\\/afogadosfm.com.br\\\/afogadosfm\\\/2025\\\/02\\\/28\\\/deputado-joel-da-arpa-e-um-dos-investigados-por-peculato-e-lavagem-de-dinheiro\\\/#breadcrumb\",\"itemListElement\":[{\"@type\":\"ListItem\",\"position\":1,\"name\":\"In\u00edcio\",\"item\":\"https:\\\/\\\/afogadosfm.com.br\\\/afogadosfm\\\/\"},{\"@type\":\"ListItem\",\"position\":2,\"name\":\"Deputado Joel da Arpa \u00e9 um dos investigados por peculato e lavagem de dinheiro\"}]},{\"@type\":\"WebSite\",\"@id\":\"https:\\\/\\\/afogadosfm.com.br\\\/afogadosfm\\\/#website\",\"url\":\"https:\\\/\\\/afogadosfm.com.br\\\/afogadosfm\\\/\",\"name\":\"Afogados FM\",\"description\":\"Um site completo!\",\"publisher\":{\"@id\":\"https:\\\/\\\/afogadosfm.com.br\\\/afogadosfm\\\/#organization\"},\"potentialAction\":[{\"@type\":\"SearchAction\",\"target\":{\"@type\":\"EntryPoint\",\"urlTemplate\":\"https:\\\/\\\/afogadosfm.com.br\\\/afogadosfm\\\/?s={search_term_string}\"},\"query-input\":{\"@type\":\"PropertyValueSpecification\",\"valueRequired\":true,\"valueName\":\"search_term_string\"}}],\"inLanguage\":\"pt-BR\"},{\"@type\":\"Organization\",\"@id\":\"https:\\\/\\\/afogadosfm.com.br\\\/afogadosfm\\\/#organization\",\"name\":\"Afogados FM\",\"url\":\"https:\\\/\\\/afogadosfm.com.br\\\/afogadosfm\\\/\",\"logo\":{\"@type\":\"ImageObject\",\"inLanguage\":\"pt-BR\",\"@id\":\"https:\\\/\\\/afogadosfm.com.br\\\/afogadosfm\\\/#\\\/schema\\\/logo\\\/image\\\/\",\"url\":\"https:\\\/\\\/i0.wp.com\\\/afogadosfm.com.br\\\/afogadosfm\\\/wp-content\\\/uploads\\\/2020\\\/06\\\/cropped-banner-afogados-4.jpg?fit=369%2C137&ssl=1\",\"contentUrl\":\"https:\\\/\\\/i0.wp.com\\\/afogadosfm.com.br\\\/afogadosfm\\\/wp-content\\\/uploads\\\/2020\\\/06\\\/cropped-banner-afogados-4.jpg?fit=369%2C137&ssl=1\",\"width\":369,\"height\":137,\"caption\":\"Afogados FM\"},\"image\":{\"@id\":\"https:\\\/\\\/afogadosfm.com.br\\\/afogadosfm\\\/#\\\/schema\\\/logo\\\/image\\\/\"}},{\"@type\":\"Person\",\"@id\":\"https:\\\/\\\/afogadosfm.com.br\\\/afogadosfm\\\/#\\\/schema\\\/person\\\/60e56f2cf5dc960fc093fe093d9e9057\",\"name\":\"afogadosfm\",\"image\":{\"@type\":\"ImageObject\",\"inLanguage\":\"pt-BR\",\"@id\":\"https:\\\/\\\/secure.gravatar.com\\\/avatar\\\/e0359add7ed5dc3560906d861b52c6a8cf5c1e199d3a7dd85070998f49bd4701?s=96&d=mm&r=g\",\"url\":\"https:\\\/\\\/secure.gravatar.com\\\/avatar\\\/e0359add7ed5dc3560906d861b52c6a8cf5c1e199d3a7dd85070998f49bd4701?s=96&d=mm&r=g\",\"contentUrl\":\"https:\\\/\\\/secure.gravatar.com\\\/avatar\\\/e0359add7ed5dc3560906d861b52c6a8cf5c1e199d3a7dd85070998f49bd4701?s=96&d=mm&r=g\",\"caption\":\"afogadosfm\"},\"url\":\"https:\\\/\\\/afogadosfm.com.br\\\/afogadosfm\\\/author\\\/afogadosfm\\\/\"}]}<\/script>\n<!-- \/ Yoast SEO plugin. -->","yoast_head_json":{"title":"Deputado Joel da Arpa \u00e9 um dos investigados por peculato e lavagem de dinheiro - Afogados FM","robots":{"index":"index","follow":"follow","max-snippet":"max-snippet:-1","max-image-preview":"max-image-preview:large","max-video-preview":"max-video-preview:-1"},"canonical":"https:\/\/afogadosfm.com.br\/afogadosfm\/2025\/02\/28\/deputado-joel-da-arpa-e-um-dos-investigados-por-peculato-e-lavagem-de-dinheiro\/","og_locale":"pt_BR","og_type":"article","og_title":"Deputado Joel da Arpa \u00e9 um dos investigados por peculato e lavagem de dinheiro - Afogados FM","og_description":"O deputado estadual Joel da Harpa (PL) \u00e9 um dos alvos da Opera\u00e7\u00e3o Projeto Restrito, deflagrada pela Pol\u00edcia Civil na","og_url":"https:\/\/afogadosfm.com.br\/afogadosfm\/2025\/02\/28\/deputado-joel-da-arpa-e-um-dos-investigados-por-peculato-e-lavagem-de-dinheiro\/","og_site_name":"Afogados FM","article_published_time":"2025-02-28T08:15:48+00:00","article_modified_time":"2025-02-28T08:15:51+00:00","og_image":[{"width":650,"height":433,"url":"https:\/\/afogadosfm.com.br\/afogadosfm\/wp-content\/uploads\/2023\/01\/joeldaharpa.webp","type":"image\/webp"}],"author":"afogadosfm","twitter_card":"summary_large_image","twitter_misc":{"Escrito por":"afogadosfm","Est. tempo de leitura":"2 minutos"},"schema":{"@context":"https:\/\/schema.org","@graph":[{"@type":"Article","@id":"https:\/\/afogadosfm.com.br\/afogadosfm\/2025\/02\/28\/deputado-joel-da-arpa-e-um-dos-investigados-por-peculato-e-lavagem-de-dinheiro\/#article","isPartOf":{"@id":"https:\/\/afogadosfm.com.br\/afogadosfm\/2025\/02\/28\/deputado-joel-da-arpa-e-um-dos-investigados-por-peculato-e-lavagem-de-dinheiro\/"},"author":{"name":"afogadosfm","@id":"https:\/\/afogadosfm.com.br\/afogadosfm\/#\/schema\/person\/60e56f2cf5dc960fc093fe093d9e9057"},"headline":"Deputado Joel da Arpa \u00e9 um dos investigados por peculato e lavagem de dinheiro","datePublished":"2025-02-28T08:15:48+00:00","dateModified":"2025-02-28T08:15:51+00:00","mainEntityOfPage":{"@id":"https:\/\/afogadosfm.com.br\/afogadosfm\/2025\/02\/28\/deputado-joel-da-arpa-e-um-dos-investigados-por-peculato-e-lavagem-de-dinheiro\/"},"wordCount":278,"commentCount":0,"publisher":{"@id":"https:\/\/afogadosfm.com.br\/afogadosfm\/#organization"},"image":{"@id":"https:\/\/afogadosfm.com.br\/afogadosfm\/2025\/02\/28\/deputado-joel-da-arpa-e-um-dos-investigados-por-peculato-e-lavagem-de-dinheiro\/#primaryimage"},"thumbnailUrl":"https:\/\/i0.wp.com\/afogadosfm.com.br\/afogadosfm\/wp-content\/uploads\/2023\/01\/joeldaharpa.webp?fit=650%2C433&ssl=1","articleSection":["Pernambuco"],"inLanguage":"pt-BR","potentialAction":[{"@type":"CommentAction","name":"Comment","target":["https:\/\/afogadosfm.com.br\/afogadosfm\/2025\/02\/28\/deputado-joel-da-arpa-e-um-dos-investigados-por-peculato-e-lavagem-de-dinheiro\/#respond"]}]},{"@type":"WebPage","@id":"https:\/\/afogadosfm.com.br\/afogadosfm\/2025\/02\/28\/deputado-joel-da-arpa-e-um-dos-investigados-por-peculato-e-lavagem-de-dinheiro\/","url":"https:\/\/afogadosfm.com.br\/afogadosfm\/2025\/02\/28\/deputado-joel-da-arpa-e-um-dos-investigados-por-peculato-e-lavagem-de-dinheiro\/","name":"Deputado Joel da Arpa \u00e9 um dos investigados por peculato e lavagem de dinheiro - Afogados FM","isPartOf":{"@id":"https:\/\/afogadosfm.com.br\/afogadosfm\/#website"},"primaryImageOfPage":{"@id":"https:\/\/afogadosfm.com.br\/afogadosfm\/2025\/02\/28\/deputado-joel-da-arpa-e-um-dos-investigados-por-peculato-e-lavagem-de-dinheiro\/#primaryimage"},"image":{"@id":"https:\/\/afogadosfm.com.br\/afogadosfm\/2025\/02\/28\/deputado-joel-da-arpa-e-um-dos-investigados-por-peculato-e-lavagem-de-dinheiro\/#primaryimage"},"thumbnailUrl":"https:\/\/i0.wp.com\/afogadosfm.com.br\/afogadosfm\/wp-content\/uploads\/2023\/01\/joeldaharpa.webp?fit=650%2C433&ssl=1","datePublished":"2025-02-28T08:15:48+00:00","dateModified":"2025-02-28T08:15:51+00:00","breadcrumb":{"@id":"https:\/\/afogadosfm.com.br\/afogadosfm\/2025\/02\/28\/deputado-joel-da-arpa-e-um-dos-investigados-por-peculato-e-lavagem-de-dinheiro\/#breadcrumb"},"inLanguage":"pt-BR","potentialAction":[{"@type":"ReadAction","target":["https:\/\/afogadosfm.com.br\/afogadosfm\/2025\/02\/28\/deputado-joel-da-arpa-e-um-dos-investigados-por-peculato-e-lavagem-de-dinheiro\/"]}]},{"@type":"ImageObject","inLanguage":"pt-BR","@id":"https:\/\/afogadosfm.com.br\/afogadosfm\/2025\/02\/28\/deputado-joel-da-arpa-e-um-dos-investigados-por-peculato-e-lavagem-de-dinheiro\/#primaryimage","url":"https:\/\/i0.wp.com\/afogadosfm.com.br\/afogadosfm\/wp-content\/uploads\/2023\/01\/joeldaharpa.webp?fit=650%2C433&ssl=1","contentUrl":"https:\/\/i0.wp.com\/afogadosfm.com.br\/afogadosfm\/wp-content\/uploads\/2023\/01\/joeldaharpa.webp?fit=650%2C433&ssl=1","width":650,"height":433},{"@type":"BreadcrumbList","@id":"https:\/\/afogadosfm.com.br\/afogadosfm\/2025\/02\/28\/deputado-joel-da-arpa-e-um-dos-investigados-por-peculato-e-lavagem-de-dinheiro\/#breadcrumb","itemListElement":[{"@type":"ListItem","position":1,"name":"In\u00edcio","item":"https:\/\/afogadosfm.com.br\/afogadosfm\/"},{"@type":"ListItem","position":2,"name":"Deputado Joel da Arpa \u00e9 um dos investigados por peculato e lavagem de dinheiro"}]},{"@type":"WebSite","@id":"https:\/\/afogadosfm.com.br\/afogadosfm\/#website","url":"https:\/\/afogadosfm.com.br\/afogadosfm\/","name":"Afogados FM","description":"Um site completo!","publisher":{"@id":"https:\/\/afogadosfm.com.br\/afogadosfm\/#organization"},"potentialAction":[{"@type":"SearchAction","target":{"@type":"EntryPoint","urlTemplate":"https:\/\/afogadosfm.com.br\/afogadosfm\/?s={search_term_string}"},"query-input":{"@type":"PropertyValueSpecification","valueRequired":true,"valueName":"search_term_string"}}],"inLanguage":"pt-BR"},{"@type":"Organization","@id":"https:\/\/afogadosfm.com.br\/afogadosfm\/#organization","name":"Afogados FM","url":"https:\/\/afogadosfm.com.br\/afogadosfm\/","logo":{"@type":"ImageObject","inLanguage":"pt-BR","@id":"https:\/\/afogadosfm.com.br\/afogadosfm\/#\/schema\/logo\/image\/","url":"https:\/\/i0.wp.com\/afogadosfm.com.br\/afogadosfm\/wp-content\/uploads\/2020\/06\/cropped-banner-afogados-4.jpg?fit=369%2C137&ssl=1","contentUrl":"https:\/\/i0.wp.com\/afogadosfm.com.br\/afogadosfm\/wp-content\/uploads\/2020\/06\/cropped-banner-afogados-4.jpg?fit=369%2C137&ssl=1","width":369,"height":137,"caption":"Afogados FM"},"image":{"@id":"https:\/\/afogadosfm.com.br\/afogadosfm\/#\/schema\/logo\/image\/"}},{"@type":"Person","@id":"https:\/\/afogadosfm.com.br\/afogadosfm\/#\/schema\/person\/60e56f2cf5dc960fc093fe093d9e9057","name":"afogadosfm","image":{"@type":"ImageObject","inLanguage":"pt-BR","@id":"https:\/\/secure.gravatar.com\/avatar\/e0359add7ed5dc3560906d861b52c6a8cf5c1e199d3a7dd85070998f49bd4701?s=96&d=mm&r=g","url":"https:\/\/secure.gravatar.com\/avatar\/e0359add7ed5dc3560906d861b52c6a8cf5c1e199d3a7dd85070998f49bd4701?s=96&d=mm&r=g","contentUrl":"https:\/\/secure.gravatar.com\/avatar\/e0359add7ed5dc3560906d861b52c6a8cf5c1e199d3a7dd85070998f49bd4701?s=96&d=mm&r=g","caption":"afogadosfm"},"url":"https:\/\/afogadosfm.com.br\/afogadosfm\/author\/afogadosfm\/"}]}},"jetpack_publicize_connections":[],"jetpack_featured_media_url":"https:\/\/i0.wp.com\/afogadosfm.com.br\/afogadosfm\/wp-content\/uploads\/2023\/01\/joeldaharpa.webp?fit=650%2C433&ssl=1","jetpack-related-posts":[],"jetpack_sharing_enabled":true,"jetpack_likes_enabled":true,"_links":{"self":[{"href":"https:\/\/afogadosfm.com.br\/afogadosfm\/wp-json\/wp\/v2\/posts\/63867","targetHints":{"allow":["GET"]}}],"collection":[{"href":"https:\/\/afogadosfm.com.br\/afogadosfm\/wp-json\/wp\/v2\/posts"}],"about":[{"href":"https:\/\/afogadosfm.com.br\/afogadosfm\/wp-json\/wp\/v2\/types\/post"}],"author":[{"embeddable":true,"href":"https:\/\/afogadosfm.com.br\/afogadosfm\/wp-json\/wp\/v2\/users\/2"}],"replies":[{"embeddable":true,"href":"https:\/\/afogadosfm.com.br\/afogadosfm\/wp-json\/wp\/v2\/comments?post=63867"}],"version-history":[{"count":1,"href":"https:\/\/afogadosfm.com.br\/afogadosfm\/wp-json\/wp\/v2\/posts\/63867\/revisions"}],"predecessor-version":[{"id":63868,"href":"https:\/\/afogadosfm.com.br\/afogadosfm\/wp-json\/wp\/v2\/posts\/63867\/revisions\/63868"}],"wp:featuredmedia":[{"embeddable":true,"href":"https:\/\/afogadosfm.com.br\/afogadosfm\/wp-json\/wp\/v2\/media\/43888"}],"wp:attachment":[{"href":"https:\/\/afogadosfm.com.br\/afogadosfm\/wp-json\/wp\/v2\/media?parent=63867"}],"wp:term":[{"taxonomy":"category","embeddable":true,"href":"https:\/\/afogadosfm.com.br\/afogadosfm\/wp-json\/wp\/v2\/categories?post=63867"},{"taxonomy":"post_tag","embeddable":true,"href":"https:\/\/afogadosfm.com.br\/afogadosfm\/wp-json\/wp\/v2\/tags?post=63867"}],"curies":[{"name":"wp","href":"https:\/\/api.w.org\/{rel}","templated":true}]}}