{"id":63872,"date":"2025-02-28T05:21:31","date_gmt":"2025-02-28T08:21:31","guid":{"rendered":"https:\/\/afogadosfm.com.br\/afogadosfm\/?p=63872"},"modified":"2025-02-28T05:22:24","modified_gmt":"2025-02-28T08:22:24","slug":"arcoverde-pe-e-umas-das-melhores-cidades-para-ver-o-alinhamento-de-planeta-hoje-28","status":"publish","type":"post","link":"https:\/\/afogadosfm.com.br\/afogadosfm\/2025\/02\/28\/arcoverde-pe-e-umas-das-melhores-cidades-para-ver-o-alinhamento-de-planeta-hoje-28\/","title":{"rendered":"Arcoverde\/PE \u00e9 umas das melhores cidades para ver o alinhamento dos planetas hoje (28)"},"content":{"rendered":"\n<p>Nesta sexta-feira (28), sete planetas do Sistema Solar estar\u00e3o vis\u00edveis em um mesmo arco no c\u00e9u noturno \u2013 algo que \u00e9 conhecido como \u201calinhamento dos planetas\u201d. Esse raro alinhamento planet\u00e1rio em Pernambuco poder\u00e1 ser observado em Arcoverde, Sert\u00e3o do estado. Moradores ter\u00e3o a oportunidade de acompanhar o fen\u00f4meno no Cruzeiro Novo, a partir das 17h. A cidade \u00e9 conhecida por ter um dos melhores c\u00e9us para observa\u00e7\u00e3o no pa\u00eds.<\/p>\n\n\n\n<p>O fen\u00f4meno, na verdade, n\u00e3o se trata de um alinhamento de fato. Todos os planetas do Sistema Solar \u2014 incluindo a Terra \u2014 t\u00eam \u00f3rbitas pr\u00f3ximas a um mesmo plano, chamado de plano da ecl\u00edptica. Isso faz com que, da Terra, os outros planetas sempre sejam vis\u00edveis na mesma faixa do c\u00e9u.<\/p>\n\n\n\n<p>A diferen\u00e7a quando ocorre o que \u00e9 conhecido como \u201calinhamento\u201d, como nesta semana, \u00e9 que os planetas ficam vis\u00edveis ao mesmo tempo, parecendo estar alinhados. Astr\u00f4nomos tamb\u00e9m chamam a situa\u00e7\u00e3o de \u201cdesfile planet\u00e1rio\u201d.<\/p>\n\n\n\n<p>De acordo com Marlon Ten\u00f3rio, representante da Associa\u00e7\u00e3o Astron\u00f4mica de Arcoverde, quatro dos setes planetas poder\u00e3o ser visto a olho nu. Para ver os outros tr\u00eas, \u00e9 preciso ter equipamentos de ponta. A associa\u00e7\u00e3o vai disponibilizar em seu espa\u00e7o, alguns telesc\u00f3pios para a popula\u00e7\u00e3o interessada em ver o fen\u00f4meno considerado raro (v\u00eddeo acima).<\/p>\n\n\n\n<p>\u201cOcorrer\u00e1 amanh\u00e3 logo ap\u00f3s o p\u00f4r-do-sol. Quatro estar\u00e3o vis\u00edveis a olho nu. Temos o segundo melhor c\u00e9u do pa\u00eds. Convidamos todos voc\u00eas para acompanhar o fen\u00f4meno. O pr\u00f3ximo s\u00f3 vai acontecer no ano de 2.492\u201d, disse.<\/p>\n\n\n\n<p>No Brasil, os planetas ser\u00e3o vis\u00edveis ao mesmo tempo no c\u00e9u noturno cerca de 1h30 ap\u00f3s o p\u00f4r-do-sol. Para diferenciar um planeta de uma estrela, basta observar se o ponto de luz est\u00e1 cintilando: a luz das estrelas parece \u201cpiscar\u201d levemente, enquanto a refletida pelos planetas \u00e9 constante.<\/p>\n\n\n\n<p>Do Panorama PE<\/p>\n","protected":false},"excerpt":{"rendered":"<p>Nesta sexta-feira (28), sete planetas do Sistema Solar estar\u00e3o vis\u00edveis em um mesmo arco no c\u00e9u noturno \u2013 algo que<\/p>\n","protected":false},"author":2,"featured_media":28753,"comment_status":"open","ping_status":"open","sticky":false,"template":"","format":"standard","meta":{"jetpack_post_was_ever_published":false,"_jetpack_newsletter_access":"","_jetpack_dont_email_post_to_subs":false,"_jetpack_newsletter_tier_id":0,"_jetpack_memberships_contains_paywalled_content":false,"_jetpack_memberships_contains_paid_content":false,"footnotes":"","jetpack_publicize_message":"","jetpack_publicize_feature_enabled":true,"jetpack_social_post_already_shared":true,"jetpack_social_options":{"image_generator_settings":{"template":"highway","default_image_id":0,"font":"","enabled":false},"version":2}},"categories":[32],"tags":[],"class_list":["post-63872","post","type-post","status-publish","format-standard","has-post-thumbnail","hentry","category-sertao"],"yoast_head":"<!-- This site is optimized with the Yoast SEO plugin v27.5 - https:\/\/yoast.com\/product\/yoast-seo-wordpress\/ -->\n<title>Arcoverde\/PE \u00e9 umas das melhores cidades para ver o alinhamento dos planetas hoje (28) - Afogados FM<\/title>\n<meta name=\"robots\" content=\"index, follow, max-snippet:-1, max-image-preview:large, max-video-preview:-1\" \/>\n<link rel=\"canonical\" href=\"https:\/\/afogadosfm.com.br\/afogadosfm\/2025\/02\/28\/arcoverde-pe-e-umas-das-melhores-cidades-para-ver-o-alinhamento-de-planeta-hoje-28\/\" \/>\n<meta property=\"og:locale\" content=\"pt_BR\" \/>\n<meta property=\"og:type\" content=\"article\" \/>\n<meta property=\"og:title\" content=\"Arcoverde\/PE \u00e9 umas das melhores cidades para ver o alinhamento dos planetas hoje (28) - Afogados FM\" \/>\n<meta property=\"og:description\" content=\"Nesta sexta-feira (28), sete planetas do Sistema Solar estar\u00e3o vis\u00edveis em um mesmo arco no c\u00e9u noturno \u2013 algo que\" \/>\n<meta property=\"og:url\" content=\"https:\/\/afogadosfm.com.br\/afogadosfm\/2025\/02\/28\/arcoverde-pe-e-umas-das-melhores-cidades-para-ver-o-alinhamento-de-planeta-hoje-28\/\" \/>\n<meta property=\"og:site_name\" content=\"Afogados FM\" \/>\n<meta property=\"article:published_time\" content=\"2025-02-28T08:21:31+00:00\" \/>\n<meta property=\"article:modified_time\" content=\"2025-02-28T08:22:24+00:00\" \/>\n<meta property=\"og:image\" content=\"https:\/\/afogadosfm.com.br\/afogadosfm\/wp-content\/uploads\/2021\/07\/espaco.jpg\" \/>\n\t<meta property=\"og:image:width\" content=\"367\" \/>\n\t<meta property=\"og:image:height\" content=\"137\" \/>\n\t<meta property=\"og:image:type\" content=\"image\/jpeg\" \/>\n<meta name=\"author\" content=\"afogadosfm\" \/>\n<meta name=\"twitter:card\" content=\"summary_large_image\" \/>\n<meta name=\"twitter:label1\" content=\"Escrito por\" \/>\n\t<meta name=\"twitter:data1\" content=\"afogadosfm\" \/>\n\t<meta name=\"twitter:label2\" content=\"Est. tempo de leitura\" \/>\n\t<meta name=\"twitter:data2\" content=\"2 minutos\" \/>\n<script type=\"application\/ld+json\" class=\"yoast-schema-graph\">{\"@context\":\"https:\\\/\\\/schema.org\",\"@graph\":[{\"@type\":\"Article\",\"@id\":\"https:\\\/\\\/afogadosfm.com.br\\\/afogadosfm\\\/2025\\\/02\\\/28\\\/arcoverde-pe-e-umas-das-melhores-cidades-para-ver-o-alinhamento-de-planeta-hoje-28\\\/#article\",\"isPartOf\":{\"@id\":\"https:\\\/\\\/afogadosfm.com.br\\\/afogadosfm\\\/2025\\\/02\\\/28\\\/arcoverde-pe-e-umas-das-melhores-cidades-para-ver-o-alinhamento-de-planeta-hoje-28\\\/\"},\"author\":{\"name\":\"afogadosfm\",\"@id\":\"https:\\\/\\\/afogadosfm.com.br\\\/afogadosfm\\\/#\\\/schema\\\/person\\\/60e56f2cf5dc960fc093fe093d9e9057\"},\"headline\":\"Arcoverde\\\/PE \u00e9 umas das melhores cidades para ver o alinhamento dos planetas hoje (28)\",\"datePublished\":\"2025-02-28T08:21:31+00:00\",\"dateModified\":\"2025-02-28T08:22:24+00:00\",\"mainEntityOfPage\":{\"@id\":\"https:\\\/\\\/afogadosfm.com.br\\\/afogadosfm\\\/2025\\\/02\\\/28\\\/arcoverde-pe-e-umas-das-melhores-cidades-para-ver-o-alinhamento-de-planeta-hoje-28\\\/\"},\"wordCount\":344,\"commentCount\":0,\"publisher\":{\"@id\":\"https:\\\/\\\/afogadosfm.com.br\\\/afogadosfm\\\/#organization\"},\"image\":{\"@id\":\"https:\\\/\\\/afogadosfm.com.br\\\/afogadosfm\\\/2025\\\/02\\\/28\\\/arcoverde-pe-e-umas-das-melhores-cidades-para-ver-o-alinhamento-de-planeta-hoje-28\\\/#primaryimage\"},\"thumbnailUrl\":\"https:\\\/\\\/i0.wp.com\\\/afogadosfm.com.br\\\/afogadosfm\\\/wp-content\\\/uploads\\\/2021\\\/07\\\/espaco.jpg?fit=367%2C137&ssl=1\",\"articleSection\":[\"Sert\u00e3o\"],\"inLanguage\":\"pt-BR\",\"potentialAction\":[{\"@type\":\"CommentAction\",\"name\":\"Comment\",\"target\":[\"https:\\\/\\\/afogadosfm.com.br\\\/afogadosfm\\\/2025\\\/02\\\/28\\\/arcoverde-pe-e-umas-das-melhores-cidades-para-ver-o-alinhamento-de-planeta-hoje-28\\\/#respond\"]}]},{\"@type\":\"WebPage\",\"@id\":\"https:\\\/\\\/afogadosfm.com.br\\\/afogadosfm\\\/2025\\\/02\\\/28\\\/arcoverde-pe-e-umas-das-melhores-cidades-para-ver-o-alinhamento-de-planeta-hoje-28\\\/\",\"url\":\"https:\\\/\\\/afogadosfm.com.br\\\/afogadosfm\\\/2025\\\/02\\\/28\\\/arcoverde-pe-e-umas-das-melhores-cidades-para-ver-o-alinhamento-de-planeta-hoje-28\\\/\",\"name\":\"Arcoverde\\\/PE \u00e9 umas das melhores cidades para ver o alinhamento dos planetas hoje (28) - Afogados FM\",\"isPartOf\":{\"@id\":\"https:\\\/\\\/afogadosfm.com.br\\\/afogadosfm\\\/#website\"},\"primaryImageOfPage\":{\"@id\":\"https:\\\/\\\/afogadosfm.com.br\\\/afogadosfm\\\/2025\\\/02\\\/28\\\/arcoverde-pe-e-umas-das-melhores-cidades-para-ver-o-alinhamento-de-planeta-hoje-28\\\/#primaryimage\"},\"image\":{\"@id\":\"https:\\\/\\\/afogadosfm.com.br\\\/afogadosfm\\\/2025\\\/02\\\/28\\\/arcoverde-pe-e-umas-das-melhores-cidades-para-ver-o-alinhamento-de-planeta-hoje-28\\\/#primaryimage\"},\"thumbnailUrl\":\"https:\\\/\\\/i0.wp.com\\\/afogadosfm.com.br\\\/afogadosfm\\\/wp-content\\\/uploads\\\/2021\\\/07\\\/espaco.jpg?fit=367%2C137&ssl=1\",\"datePublished\":\"2025-02-28T08:21:31+00:00\",\"dateModified\":\"2025-02-28T08:22:24+00:00\",\"breadcrumb\":{\"@id\":\"https:\\\/\\\/afogadosfm.com.br\\\/afogadosfm\\\/2025\\\/02\\\/28\\\/arcoverde-pe-e-umas-das-melhores-cidades-para-ver-o-alinhamento-de-planeta-hoje-28\\\/#breadcrumb\"},\"inLanguage\":\"pt-BR\",\"potentialAction\":[{\"@type\":\"ReadAction\",\"target\":[\"https:\\\/\\\/afogadosfm.com.br\\\/afogadosfm\\\/2025\\\/02\\\/28\\\/arcoverde-pe-e-umas-das-melhores-cidades-para-ver-o-alinhamento-de-planeta-hoje-28\\\/\"]}]},{\"@type\":\"ImageObject\",\"inLanguage\":\"pt-BR\",\"@id\":\"https:\\\/\\\/afogadosfm.com.br\\\/afogadosfm\\\/2025\\\/02\\\/28\\\/arcoverde-pe-e-umas-das-melhores-cidades-para-ver-o-alinhamento-de-planeta-hoje-28\\\/#primaryimage\",\"url\":\"https:\\\/\\\/i0.wp.com\\\/afogadosfm.com.br\\\/afogadosfm\\\/wp-content\\\/uploads\\\/2021\\\/07\\\/espaco.jpg?fit=367%2C137&ssl=1\",\"contentUrl\":\"https:\\\/\\\/i0.wp.com\\\/afogadosfm.com.br\\\/afogadosfm\\\/wp-content\\\/uploads\\\/2021\\\/07\\\/espaco.jpg?fit=367%2C137&ssl=1\",\"width\":367,\"height\":137},{\"@type\":\"BreadcrumbList\",\"@id\":\"https:\\\/\\\/afogadosfm.com.br\\\/afogadosfm\\\/2025\\\/02\\\/28\\\/arcoverde-pe-e-umas-das-melhores-cidades-para-ver-o-alinhamento-de-planeta-hoje-28\\\/#breadcrumb\",\"itemListElement\":[{\"@type\":\"ListItem\",\"position\":1,\"name\":\"In\u00edcio\",\"item\":\"https:\\\/\\\/afogadosfm.com.br\\\/afogadosfm\\\/\"},{\"@type\":\"ListItem\",\"position\":2,\"name\":\"Arcoverde\\\/PE \u00e9 umas das melhores cidades para ver o alinhamento dos planetas hoje (28)\"}]},{\"@type\":\"WebSite\",\"@id\":\"https:\\\/\\\/afogadosfm.com.br\\\/afogadosfm\\\/#website\",\"url\":\"https:\\\/\\\/afogadosfm.com.br\\\/afogadosfm\\\/\",\"name\":\"Afogados FM\",\"description\":\"Um site completo!\",\"publisher\":{\"@id\":\"https:\\\/\\\/afogadosfm.com.br\\\/afogadosfm\\\/#organization\"},\"potentialAction\":[{\"@type\":\"SearchAction\",\"target\":{\"@type\":\"EntryPoint\",\"urlTemplate\":\"https:\\\/\\\/afogadosfm.com.br\\\/afogadosfm\\\/?s={search_term_string}\"},\"query-input\":{\"@type\":\"PropertyValueSpecification\",\"valueRequired\":true,\"valueName\":\"search_term_string\"}}],\"inLanguage\":\"pt-BR\"},{\"@type\":\"Organization\",\"@id\":\"https:\\\/\\\/afogadosfm.com.br\\\/afogadosfm\\\/#organization\",\"name\":\"Afogados FM\",\"url\":\"https:\\\/\\\/afogadosfm.com.br\\\/afogadosfm\\\/\",\"logo\":{\"@type\":\"ImageObject\",\"inLanguage\":\"pt-BR\",\"@id\":\"https:\\\/\\\/afogadosfm.com.br\\\/afogadosfm\\\/#\\\/schema\\\/logo\\\/image\\\/\",\"url\":\"https:\\\/\\\/i0.wp.com\\\/afogadosfm.com.br\\\/afogadosfm\\\/wp-content\\\/uploads\\\/2020\\\/06\\\/cropped-banner-afogados-4.jpg?fit=369%2C137&ssl=1\",\"contentUrl\":\"https:\\\/\\\/i0.wp.com\\\/afogadosfm.com.br\\\/afogadosfm\\\/wp-content\\\/uploads\\\/2020\\\/06\\\/cropped-banner-afogados-4.jpg?fit=369%2C137&ssl=1\",\"width\":369,\"height\":137,\"caption\":\"Afogados FM\"},\"image\":{\"@id\":\"https:\\\/\\\/afogadosfm.com.br\\\/afogadosfm\\\/#\\\/schema\\\/logo\\\/image\\\/\"}},{\"@type\":\"Person\",\"@id\":\"https:\\\/\\\/afogadosfm.com.br\\\/afogadosfm\\\/#\\\/schema\\\/person\\\/60e56f2cf5dc960fc093fe093d9e9057\",\"name\":\"afogadosfm\",\"image\":{\"@type\":\"ImageObject\",\"inLanguage\":\"pt-BR\",\"@id\":\"https:\\\/\\\/secure.gravatar.com\\\/avatar\\\/e0359add7ed5dc3560906d861b52c6a8cf5c1e199d3a7dd85070998f49bd4701?s=96&d=mm&r=g\",\"url\":\"https:\\\/\\\/secure.gravatar.com\\\/avatar\\\/e0359add7ed5dc3560906d861b52c6a8cf5c1e199d3a7dd85070998f49bd4701?s=96&d=mm&r=g\",\"contentUrl\":\"https:\\\/\\\/secure.gravatar.com\\\/avatar\\\/e0359add7ed5dc3560906d861b52c6a8cf5c1e199d3a7dd85070998f49bd4701?s=96&d=mm&r=g\",\"caption\":\"afogadosfm\"},\"url\":\"https:\\\/\\\/afogadosfm.com.br\\\/afogadosfm\\\/author\\\/afogadosfm\\\/\"}]}<\/script>\n<!-- \/ Yoast SEO plugin. -->","yoast_head_json":{"title":"Arcoverde\/PE \u00e9 umas das melhores cidades para ver o alinhamento dos planetas hoje (28) - Afogados FM","robots":{"index":"index","follow":"follow","max-snippet":"max-snippet:-1","max-image-preview":"max-image-preview:large","max-video-preview":"max-video-preview:-1"},"canonical":"https:\/\/afogadosfm.com.br\/afogadosfm\/2025\/02\/28\/arcoverde-pe-e-umas-das-melhores-cidades-para-ver-o-alinhamento-de-planeta-hoje-28\/","og_locale":"pt_BR","og_type":"article","og_title":"Arcoverde\/PE \u00e9 umas das melhores cidades para ver o alinhamento dos planetas hoje (28) - Afogados FM","og_description":"Nesta sexta-feira (28), sete planetas do Sistema Solar estar\u00e3o vis\u00edveis em um mesmo arco no c\u00e9u noturno \u2013 algo que","og_url":"https:\/\/afogadosfm.com.br\/afogadosfm\/2025\/02\/28\/arcoverde-pe-e-umas-das-melhores-cidades-para-ver-o-alinhamento-de-planeta-hoje-28\/","og_site_name":"Afogados FM","article_published_time":"2025-02-28T08:21:31+00:00","article_modified_time":"2025-02-28T08:22:24+00:00","og_image":[{"width":367,"height":137,"url":"https:\/\/afogadosfm.com.br\/afogadosfm\/wp-content\/uploads\/2021\/07\/espaco.jpg","type":"image\/jpeg"}],"author":"afogadosfm","twitter_card":"summary_large_image","twitter_misc":{"Escrito por":"afogadosfm","Est. tempo de leitura":"2 minutos"},"schema":{"@context":"https:\/\/schema.org","@graph":[{"@type":"Article","@id":"https:\/\/afogadosfm.com.br\/afogadosfm\/2025\/02\/28\/arcoverde-pe-e-umas-das-melhores-cidades-para-ver-o-alinhamento-de-planeta-hoje-28\/#article","isPartOf":{"@id":"https:\/\/afogadosfm.com.br\/afogadosfm\/2025\/02\/28\/arcoverde-pe-e-umas-das-melhores-cidades-para-ver-o-alinhamento-de-planeta-hoje-28\/"},"author":{"name":"afogadosfm","@id":"https:\/\/afogadosfm.com.br\/afogadosfm\/#\/schema\/person\/60e56f2cf5dc960fc093fe093d9e9057"},"headline":"Arcoverde\/PE \u00e9 umas das melhores cidades para ver o alinhamento dos planetas hoje (28)","datePublished":"2025-02-28T08:21:31+00:00","dateModified":"2025-02-28T08:22:24+00:00","mainEntityOfPage":{"@id":"https:\/\/afogadosfm.com.br\/afogadosfm\/2025\/02\/28\/arcoverde-pe-e-umas-das-melhores-cidades-para-ver-o-alinhamento-de-planeta-hoje-28\/"},"wordCount":344,"commentCount":0,"publisher":{"@id":"https:\/\/afogadosfm.com.br\/afogadosfm\/#organization"},"image":{"@id":"https:\/\/afogadosfm.com.br\/afogadosfm\/2025\/02\/28\/arcoverde-pe-e-umas-das-melhores-cidades-para-ver-o-alinhamento-de-planeta-hoje-28\/#primaryimage"},"thumbnailUrl":"https:\/\/i0.wp.com\/afogadosfm.com.br\/afogadosfm\/wp-content\/uploads\/2021\/07\/espaco.jpg?fit=367%2C137&ssl=1","articleSection":["Sert\u00e3o"],"inLanguage":"pt-BR","potentialAction":[{"@type":"CommentAction","name":"Comment","target":["https:\/\/afogadosfm.com.br\/afogadosfm\/2025\/02\/28\/arcoverde-pe-e-umas-das-melhores-cidades-para-ver-o-alinhamento-de-planeta-hoje-28\/#respond"]}]},{"@type":"WebPage","@id":"https:\/\/afogadosfm.com.br\/afogadosfm\/2025\/02\/28\/arcoverde-pe-e-umas-das-melhores-cidades-para-ver-o-alinhamento-de-planeta-hoje-28\/","url":"https:\/\/afogadosfm.com.br\/afogadosfm\/2025\/02\/28\/arcoverde-pe-e-umas-das-melhores-cidades-para-ver-o-alinhamento-de-planeta-hoje-28\/","name":"Arcoverde\/PE \u00e9 umas das melhores cidades para ver o alinhamento dos planetas hoje (28) - Afogados FM","isPartOf":{"@id":"https:\/\/afogadosfm.com.br\/afogadosfm\/#website"},"primaryImageOfPage":{"@id":"https:\/\/afogadosfm.com.br\/afogadosfm\/2025\/02\/28\/arcoverde-pe-e-umas-das-melhores-cidades-para-ver-o-alinhamento-de-planeta-hoje-28\/#primaryimage"},"image":{"@id":"https:\/\/afogadosfm.com.br\/afogadosfm\/2025\/02\/28\/arcoverde-pe-e-umas-das-melhores-cidades-para-ver-o-alinhamento-de-planeta-hoje-28\/#primaryimage"},"thumbnailUrl":"https:\/\/i0.wp.com\/afogadosfm.com.br\/afogadosfm\/wp-content\/uploads\/2021\/07\/espaco.jpg?fit=367%2C137&ssl=1","datePublished":"2025-02-28T08:21:31+00:00","dateModified":"2025-02-28T08:22:24+00:00","breadcrumb":{"@id":"https:\/\/afogadosfm.com.br\/afogadosfm\/2025\/02\/28\/arcoverde-pe-e-umas-das-melhores-cidades-para-ver-o-alinhamento-de-planeta-hoje-28\/#breadcrumb"},"inLanguage":"pt-BR","potentialAction":[{"@type":"ReadAction","target":["https:\/\/afogadosfm.com.br\/afogadosfm\/2025\/02\/28\/arcoverde-pe-e-umas-das-melhores-cidades-para-ver-o-alinhamento-de-planeta-hoje-28\/"]}]},{"@type":"ImageObject","inLanguage":"pt-BR","@id":"https:\/\/afogadosfm.com.br\/afogadosfm\/2025\/02\/28\/arcoverde-pe-e-umas-das-melhores-cidades-para-ver-o-alinhamento-de-planeta-hoje-28\/#primaryimage","url":"https:\/\/i0.wp.com\/afogadosfm.com.br\/afogadosfm\/wp-content\/uploads\/2021\/07\/espaco.jpg?fit=367%2C137&ssl=1","contentUrl":"https:\/\/i0.wp.com\/afogadosfm.com.br\/afogadosfm\/wp-content\/uploads\/2021\/07\/espaco.jpg?fit=367%2C137&ssl=1","width":367,"height":137},{"@type":"BreadcrumbList","@id":"https:\/\/afogadosfm.com.br\/afogadosfm\/2025\/02\/28\/arcoverde-pe-e-umas-das-melhores-cidades-para-ver-o-alinhamento-de-planeta-hoje-28\/#breadcrumb","itemListElement":[{"@type":"ListItem","position":1,"name":"In\u00edcio","item":"https:\/\/afogadosfm.com.br\/afogadosfm\/"},{"@type":"ListItem","position":2,"name":"Arcoverde\/PE \u00e9 umas das melhores cidades para ver o alinhamento dos planetas hoje (28)"}]},{"@type":"WebSite","@id":"https:\/\/afogadosfm.com.br\/afogadosfm\/#website","url":"https:\/\/afogadosfm.com.br\/afogadosfm\/","name":"Afogados FM","description":"Um site completo!","publisher":{"@id":"https:\/\/afogadosfm.com.br\/afogadosfm\/#organization"},"potentialAction":[{"@type":"SearchAction","target":{"@type":"EntryPoint","urlTemplate":"https:\/\/afogadosfm.com.br\/afogadosfm\/?s={search_term_string}"},"query-input":{"@type":"PropertyValueSpecification","valueRequired":true,"valueName":"search_term_string"}}],"inLanguage":"pt-BR"},{"@type":"Organization","@id":"https:\/\/afogadosfm.com.br\/afogadosfm\/#organization","name":"Afogados FM","url":"https:\/\/afogadosfm.com.br\/afogadosfm\/","logo":{"@type":"ImageObject","inLanguage":"pt-BR","@id":"https:\/\/afogadosfm.com.br\/afogadosfm\/#\/schema\/logo\/image\/","url":"https:\/\/i0.wp.com\/afogadosfm.com.br\/afogadosfm\/wp-content\/uploads\/2020\/06\/cropped-banner-afogados-4.jpg?fit=369%2C137&ssl=1","contentUrl":"https:\/\/i0.wp.com\/afogadosfm.com.br\/afogadosfm\/wp-content\/uploads\/2020\/06\/cropped-banner-afogados-4.jpg?fit=369%2C137&ssl=1","width":369,"height":137,"caption":"Afogados FM"},"image":{"@id":"https:\/\/afogadosfm.com.br\/afogadosfm\/#\/schema\/logo\/image\/"}},{"@type":"Person","@id":"https:\/\/afogadosfm.com.br\/afogadosfm\/#\/schema\/person\/60e56f2cf5dc960fc093fe093d9e9057","name":"afogadosfm","image":{"@type":"ImageObject","inLanguage":"pt-BR","@id":"https:\/\/secure.gravatar.com\/avatar\/e0359add7ed5dc3560906d861b52c6a8cf5c1e199d3a7dd85070998f49bd4701?s=96&d=mm&r=g","url":"https:\/\/secure.gravatar.com\/avatar\/e0359add7ed5dc3560906d861b52c6a8cf5c1e199d3a7dd85070998f49bd4701?s=96&d=mm&r=g","contentUrl":"https:\/\/secure.gravatar.com\/avatar\/e0359add7ed5dc3560906d861b52c6a8cf5c1e199d3a7dd85070998f49bd4701?s=96&d=mm&r=g","caption":"afogadosfm"},"url":"https:\/\/afogadosfm.com.br\/afogadosfm\/author\/afogadosfm\/"}]}},"jetpack_publicize_connections":[],"jetpack_featured_media_url":"https:\/\/i0.wp.com\/afogadosfm.com.br\/afogadosfm\/wp-content\/uploads\/2021\/07\/espaco.jpg?fit=367%2C137&ssl=1","jetpack-related-posts":[],"jetpack_sharing_enabled":true,"jetpack_likes_enabled":true,"_links":{"self":[{"href":"https:\/\/afogadosfm.com.br\/afogadosfm\/wp-json\/wp\/v2\/posts\/63872","targetHints":{"allow":["GET"]}}],"collection":[{"href":"https:\/\/afogadosfm.com.br\/afogadosfm\/wp-json\/wp\/v2\/posts"}],"about":[{"href":"https:\/\/afogadosfm.com.br\/afogadosfm\/wp-json\/wp\/v2\/types\/post"}],"author":[{"embeddable":true,"href":"https:\/\/afogadosfm.com.br\/afogadosfm\/wp-json\/wp\/v2\/users\/2"}],"replies":[{"embeddable":true,"href":"https:\/\/afogadosfm.com.br\/afogadosfm\/wp-json\/wp\/v2\/comments?post=63872"}],"version-history":[{"count":3,"href":"https:\/\/afogadosfm.com.br\/afogadosfm\/wp-json\/wp\/v2\/posts\/63872\/revisions"}],"predecessor-version":[{"id":63875,"href":"https:\/\/afogadosfm.com.br\/afogadosfm\/wp-json\/wp\/v2\/posts\/63872\/revisions\/63875"}],"wp:featuredmedia":[{"embeddable":true,"href":"https:\/\/afogadosfm.com.br\/afogadosfm\/wp-json\/wp\/v2\/media\/28753"}],"wp:attachment":[{"href":"https:\/\/afogadosfm.com.br\/afogadosfm\/wp-json\/wp\/v2\/media?parent=63872"}],"wp:term":[{"taxonomy":"category","embeddable":true,"href":"https:\/\/afogadosfm.com.br\/afogadosfm\/wp-json\/wp\/v2\/categories?post=63872"},{"taxonomy":"post_tag","embeddable":true,"href":"https:\/\/afogadosfm.com.br\/afogadosfm\/wp-json\/wp\/v2\/tags?post=63872"}],"curies":[{"name":"wp","href":"https:\/\/api.w.org\/{rel}","templated":true}]}}