{"id":64031,"date":"2025-03-06T06:33:24","date_gmt":"2025-03-06T09:33:24","guid":{"rendered":"https:\/\/afogadosfm.com.br\/afogadosfm\/?p=64031"},"modified":"2025-03-06T06:33:27","modified_gmt":"2025-03-06T09:33:27","slug":"pgr-se-opoe-a-pedido-de-mais-prazo-para-a-defesa-de-bolsonaro","status":"publish","type":"post","link":"https:\/\/afogadosfm.com.br\/afogadosfm\/2025\/03\/06\/pgr-se-opoe-a-pedido-de-mais-prazo-para-a-defesa-de-bolsonaro\/","title":{"rendered":"PGR se op\u00f5e a pedido de mais prazo para a defesa de Bolsonaro"},"content":{"rendered":"\n<p>O procurador-geral da Rep\u00fablica, Paulo Gonet, enviou nesta quarta-feira (5) ao Supremo Tribunal Federal (STF) parecer contra o recurso do ex-presidente Jair Bolsonaro para ampliar o prazo para apresenta\u00e7\u00e3o de defesa sobre a den\u00fancia da trama golpista. O prazo de 15 dias para os advogados se manifestarem termina nesta quinta-feira (6).<\/p>\n\n\n\n<p>Na semana passada, a defesa de Bolsonaro recorreu da decis\u00e3o do ministro Alexandre de Moraes que negou a amplia\u00e7\u00e3o do prazo de defesa para 83 dias. Para a defesa, o prazo de 83 dias \u00e9 para compensar o mesmo per\u00edodo em que o processo ficou na PGR para elabora\u00e7\u00e3o da den\u00fancia. Caso o prazo n\u00e3o seja concedido, os advogados requereram prazo dobrado de 30 dias para se manifestarem.<\/p>\n\n\n\n<p>No parecer, Gonet afirma que a extens\u00e3o do prazo para defesa n\u00e3o est\u00e1 prevista em lei.<\/p>\n\n\n\n<p>&#8220;Inexiste previs\u00e3o legal para prorroga\u00e7\u00e3o de prazo que vise a apresenta\u00e7\u00e3o de resposta preliminar (artigos 4\u00ba da Lei n. 8.038\/1990 e 233 do RISTF). O pretendido prazo id\u00eantico ao per\u00edodo em que os autos permaneceram sob an\u00e1lise do parquet igualmente n\u00e3o encontra respaldo legal&#8221;, justificou Gonet.<\/p>\n\n\n\n<p>Com o parecer da PGR, caber\u00e1 ao ministro Alexandre de Moraes, que j\u00e1 rejeitou o primeiro pedido de aumento do prazo, decidir a quest\u00e3o.<\/p>\n\n\n\n<p>O prazo para entrega da defesa da maioria dos denunciados termina nesta quinta-feira (6), exceto no caso do general Braga Netto e do almirante Almir Garnier, que t\u00eam at\u00e9 sexta-feira (7) para se manifestarem sobre a den\u00fancia.<\/p>\n\n\n\n<p>Ap\u00f3s a entrega de todas as defesas, o julgamento da den\u00fancia vai ser marcado pelo STF. As informa\u00e7\u00f5es s\u00e3o da Ag\u00eancia Brasil.<\/p>\n","protected":false},"excerpt":{"rendered":"<p>O procurador-geral da Rep\u00fablica, Paulo Gonet, enviou nesta quarta-feira (5) ao Supremo Tribunal Federal (STF) parecer contra o recurso do<\/p>\n","protected":false},"author":2,"featured_media":33252,"comment_status":"open","ping_status":"open","sticky":false,"template":"","format":"standard","meta":{"jetpack_post_was_ever_published":false,"_jetpack_newsletter_access":"","_jetpack_dont_email_post_to_subs":false,"_jetpack_newsletter_tier_id":0,"_jetpack_memberships_contains_paywalled_content":false,"_jetpack_memberships_contains_paid_content":false,"footnotes":"","jetpack_publicize_message":"","jetpack_publicize_feature_enabled":true,"jetpack_social_post_already_shared":true,"jetpack_social_options":{"image_generator_settings":{"template":"highway","default_image_id":0,"font":"","enabled":false},"version":2}},"categories":[12],"tags":[],"class_list":["post-64031","post","type-post","status-publish","format-standard","has-post-thumbnail","hentry","category-brasil"],"yoast_head":"<!-- This site is optimized with the Yoast SEO plugin v27.5 - https:\/\/yoast.com\/product\/yoast-seo-wordpress\/ -->\n<title>PGR se op\u00f5e a pedido de mais prazo para a defesa de Bolsonaro - Afogados FM<\/title>\n<meta name=\"robots\" content=\"index, follow, max-snippet:-1, max-image-preview:large, max-video-preview:-1\" \/>\n<link rel=\"canonical\" href=\"https:\/\/afogadosfm.com.br\/afogadosfm\/2025\/03\/06\/pgr-se-opoe-a-pedido-de-mais-prazo-para-a-defesa-de-bolsonaro\/\" \/>\n<meta property=\"og:locale\" content=\"pt_BR\" \/>\n<meta property=\"og:type\" content=\"article\" \/>\n<meta property=\"og:title\" content=\"PGR se op\u00f5e a pedido de mais prazo para a defesa de Bolsonaro - Afogados FM\" \/>\n<meta property=\"og:description\" content=\"O procurador-geral da Rep\u00fablica, Paulo Gonet, enviou nesta quarta-feira (5) ao Supremo Tribunal Federal (STF) parecer contra o recurso do\" \/>\n<meta property=\"og:url\" content=\"https:\/\/afogadosfm.com.br\/afogadosfm\/2025\/03\/06\/pgr-se-opoe-a-pedido-de-mais-prazo-para-a-defesa-de-bolsonaro\/\" \/>\n<meta property=\"og:site_name\" content=\"Afogados FM\" \/>\n<meta property=\"article:published_time\" content=\"2025-03-06T09:33:24+00:00\" \/>\n<meta property=\"article:modified_time\" content=\"2025-03-06T09:33:27+00:00\" \/>\n<meta property=\"og:image\" content=\"https:\/\/afogadosfm.com.br\/afogadosfm\/wp-content\/uploads\/2021\/12\/pgr.jpg\" \/>\n\t<meta property=\"og:image:width\" content=\"1100\" \/>\n\t<meta property=\"og:image:height\" content=\"600\" \/>\n\t<meta property=\"og:image:type\" content=\"image\/jpeg\" \/>\n<meta name=\"author\" content=\"afogadosfm\" \/>\n<meta name=\"twitter:card\" content=\"summary_large_image\" \/>\n<meta name=\"twitter:label1\" content=\"Escrito por\" \/>\n\t<meta name=\"twitter:data1\" content=\"afogadosfm\" \/>\n\t<meta name=\"twitter:label2\" content=\"Est. tempo de leitura\" \/>\n\t<meta name=\"twitter:data2\" content=\"2 minutos\" \/>\n<script type=\"application\/ld+json\" class=\"yoast-schema-graph\">{\"@context\":\"https:\\\/\\\/schema.org\",\"@graph\":[{\"@type\":\"Article\",\"@id\":\"https:\\\/\\\/afogadosfm.com.br\\\/afogadosfm\\\/2025\\\/03\\\/06\\\/pgr-se-opoe-a-pedido-de-mais-prazo-para-a-defesa-de-bolsonaro\\\/#article\",\"isPartOf\":{\"@id\":\"https:\\\/\\\/afogadosfm.com.br\\\/afogadosfm\\\/2025\\\/03\\\/06\\\/pgr-se-opoe-a-pedido-de-mais-prazo-para-a-defesa-de-bolsonaro\\\/\"},\"author\":{\"name\":\"afogadosfm\",\"@id\":\"https:\\\/\\\/afogadosfm.com.br\\\/afogadosfm\\\/#\\\/schema\\\/person\\\/60e56f2cf5dc960fc093fe093d9e9057\"},\"headline\":\"PGR se op\u00f5e a pedido de mais prazo para a defesa de Bolsonaro\",\"datePublished\":\"2025-03-06T09:33:24+00:00\",\"dateModified\":\"2025-03-06T09:33:27+00:00\",\"mainEntityOfPage\":{\"@id\":\"https:\\\/\\\/afogadosfm.com.br\\\/afogadosfm\\\/2025\\\/03\\\/06\\\/pgr-se-opoe-a-pedido-de-mais-prazo-para-a-defesa-de-bolsonaro\\\/\"},\"wordCount\":292,\"commentCount\":0,\"publisher\":{\"@id\":\"https:\\\/\\\/afogadosfm.com.br\\\/afogadosfm\\\/#organization\"},\"image\":{\"@id\":\"https:\\\/\\\/afogadosfm.com.br\\\/afogadosfm\\\/2025\\\/03\\\/06\\\/pgr-se-opoe-a-pedido-de-mais-prazo-para-a-defesa-de-bolsonaro\\\/#primaryimage\"},\"thumbnailUrl\":\"https:\\\/\\\/i0.wp.com\\\/afogadosfm.com.br\\\/afogadosfm\\\/wp-content\\\/uploads\\\/2021\\\/12\\\/pgr.jpg?fit=1100%2C600&ssl=1\",\"articleSection\":[\"Brasil\"],\"inLanguage\":\"pt-BR\",\"potentialAction\":[{\"@type\":\"CommentAction\",\"name\":\"Comment\",\"target\":[\"https:\\\/\\\/afogadosfm.com.br\\\/afogadosfm\\\/2025\\\/03\\\/06\\\/pgr-se-opoe-a-pedido-de-mais-prazo-para-a-defesa-de-bolsonaro\\\/#respond\"]}]},{\"@type\":\"WebPage\",\"@id\":\"https:\\\/\\\/afogadosfm.com.br\\\/afogadosfm\\\/2025\\\/03\\\/06\\\/pgr-se-opoe-a-pedido-de-mais-prazo-para-a-defesa-de-bolsonaro\\\/\",\"url\":\"https:\\\/\\\/afogadosfm.com.br\\\/afogadosfm\\\/2025\\\/03\\\/06\\\/pgr-se-opoe-a-pedido-de-mais-prazo-para-a-defesa-de-bolsonaro\\\/\",\"name\":\"PGR se op\u00f5e a pedido de mais prazo para a defesa de Bolsonaro - Afogados FM\",\"isPartOf\":{\"@id\":\"https:\\\/\\\/afogadosfm.com.br\\\/afogadosfm\\\/#website\"},\"primaryImageOfPage\":{\"@id\":\"https:\\\/\\\/afogadosfm.com.br\\\/afogadosfm\\\/2025\\\/03\\\/06\\\/pgr-se-opoe-a-pedido-de-mais-prazo-para-a-defesa-de-bolsonaro\\\/#primaryimage\"},\"image\":{\"@id\":\"https:\\\/\\\/afogadosfm.com.br\\\/afogadosfm\\\/2025\\\/03\\\/06\\\/pgr-se-opoe-a-pedido-de-mais-prazo-para-a-defesa-de-bolsonaro\\\/#primaryimage\"},\"thumbnailUrl\":\"https:\\\/\\\/i0.wp.com\\\/afogadosfm.com.br\\\/afogadosfm\\\/wp-content\\\/uploads\\\/2021\\\/12\\\/pgr.jpg?fit=1100%2C600&ssl=1\",\"datePublished\":\"2025-03-06T09:33:24+00:00\",\"dateModified\":\"2025-03-06T09:33:27+00:00\",\"breadcrumb\":{\"@id\":\"https:\\\/\\\/afogadosfm.com.br\\\/afogadosfm\\\/2025\\\/03\\\/06\\\/pgr-se-opoe-a-pedido-de-mais-prazo-para-a-defesa-de-bolsonaro\\\/#breadcrumb\"},\"inLanguage\":\"pt-BR\",\"potentialAction\":[{\"@type\":\"ReadAction\",\"target\":[\"https:\\\/\\\/afogadosfm.com.br\\\/afogadosfm\\\/2025\\\/03\\\/06\\\/pgr-se-opoe-a-pedido-de-mais-prazo-para-a-defesa-de-bolsonaro\\\/\"]}]},{\"@type\":\"ImageObject\",\"inLanguage\":\"pt-BR\",\"@id\":\"https:\\\/\\\/afogadosfm.com.br\\\/afogadosfm\\\/2025\\\/03\\\/06\\\/pgr-se-opoe-a-pedido-de-mais-prazo-para-a-defesa-de-bolsonaro\\\/#primaryimage\",\"url\":\"https:\\\/\\\/i0.wp.com\\\/afogadosfm.com.br\\\/afogadosfm\\\/wp-content\\\/uploads\\\/2021\\\/12\\\/pgr.jpg?fit=1100%2C600&ssl=1\",\"contentUrl\":\"https:\\\/\\\/i0.wp.com\\\/afogadosfm.com.br\\\/afogadosfm\\\/wp-content\\\/uploads\\\/2021\\\/12\\\/pgr.jpg?fit=1100%2C600&ssl=1\",\"width\":1100,\"height\":600},{\"@type\":\"BreadcrumbList\",\"@id\":\"https:\\\/\\\/afogadosfm.com.br\\\/afogadosfm\\\/2025\\\/03\\\/06\\\/pgr-se-opoe-a-pedido-de-mais-prazo-para-a-defesa-de-bolsonaro\\\/#breadcrumb\",\"itemListElement\":[{\"@type\":\"ListItem\",\"position\":1,\"name\":\"In\u00edcio\",\"item\":\"https:\\\/\\\/afogadosfm.com.br\\\/afogadosfm\\\/\"},{\"@type\":\"ListItem\",\"position\":2,\"name\":\"PGR se op\u00f5e a pedido de mais prazo para a defesa de Bolsonaro\"}]},{\"@type\":\"WebSite\",\"@id\":\"https:\\\/\\\/afogadosfm.com.br\\\/afogadosfm\\\/#website\",\"url\":\"https:\\\/\\\/afogadosfm.com.br\\\/afogadosfm\\\/\",\"name\":\"Afogados FM\",\"description\":\"Um site completo!\",\"publisher\":{\"@id\":\"https:\\\/\\\/afogadosfm.com.br\\\/afogadosfm\\\/#organization\"},\"potentialAction\":[{\"@type\":\"SearchAction\",\"target\":{\"@type\":\"EntryPoint\",\"urlTemplate\":\"https:\\\/\\\/afogadosfm.com.br\\\/afogadosfm\\\/?s={search_term_string}\"},\"query-input\":{\"@type\":\"PropertyValueSpecification\",\"valueRequired\":true,\"valueName\":\"search_term_string\"}}],\"inLanguage\":\"pt-BR\"},{\"@type\":\"Organization\",\"@id\":\"https:\\\/\\\/afogadosfm.com.br\\\/afogadosfm\\\/#organization\",\"name\":\"Afogados FM\",\"url\":\"https:\\\/\\\/afogadosfm.com.br\\\/afogadosfm\\\/\",\"logo\":{\"@type\":\"ImageObject\",\"inLanguage\":\"pt-BR\",\"@id\":\"https:\\\/\\\/afogadosfm.com.br\\\/afogadosfm\\\/#\\\/schema\\\/logo\\\/image\\\/\",\"url\":\"https:\\\/\\\/i0.wp.com\\\/afogadosfm.com.br\\\/afogadosfm\\\/wp-content\\\/uploads\\\/2020\\\/06\\\/cropped-banner-afogados-4.jpg?fit=369%2C137&ssl=1\",\"contentUrl\":\"https:\\\/\\\/i0.wp.com\\\/afogadosfm.com.br\\\/afogadosfm\\\/wp-content\\\/uploads\\\/2020\\\/06\\\/cropped-banner-afogados-4.jpg?fit=369%2C137&ssl=1\",\"width\":369,\"height\":137,\"caption\":\"Afogados FM\"},\"image\":{\"@id\":\"https:\\\/\\\/afogadosfm.com.br\\\/afogadosfm\\\/#\\\/schema\\\/logo\\\/image\\\/\"}},{\"@type\":\"Person\",\"@id\":\"https:\\\/\\\/afogadosfm.com.br\\\/afogadosfm\\\/#\\\/schema\\\/person\\\/60e56f2cf5dc960fc093fe093d9e9057\",\"name\":\"afogadosfm\",\"image\":{\"@type\":\"ImageObject\",\"inLanguage\":\"pt-BR\",\"@id\":\"https:\\\/\\\/secure.gravatar.com\\\/avatar\\\/e0359add7ed5dc3560906d861b52c6a8cf5c1e199d3a7dd85070998f49bd4701?s=96&d=mm&r=g\",\"url\":\"https:\\\/\\\/secure.gravatar.com\\\/avatar\\\/e0359add7ed5dc3560906d861b52c6a8cf5c1e199d3a7dd85070998f49bd4701?s=96&d=mm&r=g\",\"contentUrl\":\"https:\\\/\\\/secure.gravatar.com\\\/avatar\\\/e0359add7ed5dc3560906d861b52c6a8cf5c1e199d3a7dd85070998f49bd4701?s=96&d=mm&r=g\",\"caption\":\"afogadosfm\"},\"url\":\"https:\\\/\\\/afogadosfm.com.br\\\/afogadosfm\\\/author\\\/afogadosfm\\\/\"}]}<\/script>\n<!-- \/ Yoast SEO plugin. -->","yoast_head_json":{"title":"PGR se op\u00f5e a pedido de mais prazo para a defesa de Bolsonaro - Afogados FM","robots":{"index":"index","follow":"follow","max-snippet":"max-snippet:-1","max-image-preview":"max-image-preview:large","max-video-preview":"max-video-preview:-1"},"canonical":"https:\/\/afogadosfm.com.br\/afogadosfm\/2025\/03\/06\/pgr-se-opoe-a-pedido-de-mais-prazo-para-a-defesa-de-bolsonaro\/","og_locale":"pt_BR","og_type":"article","og_title":"PGR se op\u00f5e a pedido de mais prazo para a defesa de Bolsonaro - Afogados FM","og_description":"O procurador-geral da Rep\u00fablica, Paulo Gonet, enviou nesta quarta-feira (5) ao Supremo Tribunal Federal (STF) parecer contra o recurso do","og_url":"https:\/\/afogadosfm.com.br\/afogadosfm\/2025\/03\/06\/pgr-se-opoe-a-pedido-de-mais-prazo-para-a-defesa-de-bolsonaro\/","og_site_name":"Afogados FM","article_published_time":"2025-03-06T09:33:24+00:00","article_modified_time":"2025-03-06T09:33:27+00:00","og_image":[{"width":1100,"height":600,"url":"https:\/\/afogadosfm.com.br\/afogadosfm\/wp-content\/uploads\/2021\/12\/pgr.jpg","type":"image\/jpeg"}],"author":"afogadosfm","twitter_card":"summary_large_image","twitter_misc":{"Escrito por":"afogadosfm","Est. tempo de leitura":"2 minutos"},"schema":{"@context":"https:\/\/schema.org","@graph":[{"@type":"Article","@id":"https:\/\/afogadosfm.com.br\/afogadosfm\/2025\/03\/06\/pgr-se-opoe-a-pedido-de-mais-prazo-para-a-defesa-de-bolsonaro\/#article","isPartOf":{"@id":"https:\/\/afogadosfm.com.br\/afogadosfm\/2025\/03\/06\/pgr-se-opoe-a-pedido-de-mais-prazo-para-a-defesa-de-bolsonaro\/"},"author":{"name":"afogadosfm","@id":"https:\/\/afogadosfm.com.br\/afogadosfm\/#\/schema\/person\/60e56f2cf5dc960fc093fe093d9e9057"},"headline":"PGR se op\u00f5e a pedido de mais prazo para a defesa de Bolsonaro","datePublished":"2025-03-06T09:33:24+00:00","dateModified":"2025-03-06T09:33:27+00:00","mainEntityOfPage":{"@id":"https:\/\/afogadosfm.com.br\/afogadosfm\/2025\/03\/06\/pgr-se-opoe-a-pedido-de-mais-prazo-para-a-defesa-de-bolsonaro\/"},"wordCount":292,"commentCount":0,"publisher":{"@id":"https:\/\/afogadosfm.com.br\/afogadosfm\/#organization"},"image":{"@id":"https:\/\/afogadosfm.com.br\/afogadosfm\/2025\/03\/06\/pgr-se-opoe-a-pedido-de-mais-prazo-para-a-defesa-de-bolsonaro\/#primaryimage"},"thumbnailUrl":"https:\/\/i0.wp.com\/afogadosfm.com.br\/afogadosfm\/wp-content\/uploads\/2021\/12\/pgr.jpg?fit=1100%2C600&ssl=1","articleSection":["Brasil"],"inLanguage":"pt-BR","potentialAction":[{"@type":"CommentAction","name":"Comment","target":["https:\/\/afogadosfm.com.br\/afogadosfm\/2025\/03\/06\/pgr-se-opoe-a-pedido-de-mais-prazo-para-a-defesa-de-bolsonaro\/#respond"]}]},{"@type":"WebPage","@id":"https:\/\/afogadosfm.com.br\/afogadosfm\/2025\/03\/06\/pgr-se-opoe-a-pedido-de-mais-prazo-para-a-defesa-de-bolsonaro\/","url":"https:\/\/afogadosfm.com.br\/afogadosfm\/2025\/03\/06\/pgr-se-opoe-a-pedido-de-mais-prazo-para-a-defesa-de-bolsonaro\/","name":"PGR se op\u00f5e a pedido de mais prazo para a defesa de Bolsonaro - Afogados FM","isPartOf":{"@id":"https:\/\/afogadosfm.com.br\/afogadosfm\/#website"},"primaryImageOfPage":{"@id":"https:\/\/afogadosfm.com.br\/afogadosfm\/2025\/03\/06\/pgr-se-opoe-a-pedido-de-mais-prazo-para-a-defesa-de-bolsonaro\/#primaryimage"},"image":{"@id":"https:\/\/afogadosfm.com.br\/afogadosfm\/2025\/03\/06\/pgr-se-opoe-a-pedido-de-mais-prazo-para-a-defesa-de-bolsonaro\/#primaryimage"},"thumbnailUrl":"https:\/\/i0.wp.com\/afogadosfm.com.br\/afogadosfm\/wp-content\/uploads\/2021\/12\/pgr.jpg?fit=1100%2C600&ssl=1","datePublished":"2025-03-06T09:33:24+00:00","dateModified":"2025-03-06T09:33:27+00:00","breadcrumb":{"@id":"https:\/\/afogadosfm.com.br\/afogadosfm\/2025\/03\/06\/pgr-se-opoe-a-pedido-de-mais-prazo-para-a-defesa-de-bolsonaro\/#breadcrumb"},"inLanguage":"pt-BR","potentialAction":[{"@type":"ReadAction","target":["https:\/\/afogadosfm.com.br\/afogadosfm\/2025\/03\/06\/pgr-se-opoe-a-pedido-de-mais-prazo-para-a-defesa-de-bolsonaro\/"]}]},{"@type":"ImageObject","inLanguage":"pt-BR","@id":"https:\/\/afogadosfm.com.br\/afogadosfm\/2025\/03\/06\/pgr-se-opoe-a-pedido-de-mais-prazo-para-a-defesa-de-bolsonaro\/#primaryimage","url":"https:\/\/i0.wp.com\/afogadosfm.com.br\/afogadosfm\/wp-content\/uploads\/2021\/12\/pgr.jpg?fit=1100%2C600&ssl=1","contentUrl":"https:\/\/i0.wp.com\/afogadosfm.com.br\/afogadosfm\/wp-content\/uploads\/2021\/12\/pgr.jpg?fit=1100%2C600&ssl=1","width":1100,"height":600},{"@type":"BreadcrumbList","@id":"https:\/\/afogadosfm.com.br\/afogadosfm\/2025\/03\/06\/pgr-se-opoe-a-pedido-de-mais-prazo-para-a-defesa-de-bolsonaro\/#breadcrumb","itemListElement":[{"@type":"ListItem","position":1,"name":"In\u00edcio","item":"https:\/\/afogadosfm.com.br\/afogadosfm\/"},{"@type":"ListItem","position":2,"name":"PGR se op\u00f5e a pedido de mais prazo para a defesa de Bolsonaro"}]},{"@type":"WebSite","@id":"https:\/\/afogadosfm.com.br\/afogadosfm\/#website","url":"https:\/\/afogadosfm.com.br\/afogadosfm\/","name":"Afogados FM","description":"Um site completo!","publisher":{"@id":"https:\/\/afogadosfm.com.br\/afogadosfm\/#organization"},"potentialAction":[{"@type":"SearchAction","target":{"@type":"EntryPoint","urlTemplate":"https:\/\/afogadosfm.com.br\/afogadosfm\/?s={search_term_string}"},"query-input":{"@type":"PropertyValueSpecification","valueRequired":true,"valueName":"search_term_string"}}],"inLanguage":"pt-BR"},{"@type":"Organization","@id":"https:\/\/afogadosfm.com.br\/afogadosfm\/#organization","name":"Afogados FM","url":"https:\/\/afogadosfm.com.br\/afogadosfm\/","logo":{"@type":"ImageObject","inLanguage":"pt-BR","@id":"https:\/\/afogadosfm.com.br\/afogadosfm\/#\/schema\/logo\/image\/","url":"https:\/\/i0.wp.com\/afogadosfm.com.br\/afogadosfm\/wp-content\/uploads\/2020\/06\/cropped-banner-afogados-4.jpg?fit=369%2C137&ssl=1","contentUrl":"https:\/\/i0.wp.com\/afogadosfm.com.br\/afogadosfm\/wp-content\/uploads\/2020\/06\/cropped-banner-afogados-4.jpg?fit=369%2C137&ssl=1","width":369,"height":137,"caption":"Afogados FM"},"image":{"@id":"https:\/\/afogadosfm.com.br\/afogadosfm\/#\/schema\/logo\/image\/"}},{"@type":"Person","@id":"https:\/\/afogadosfm.com.br\/afogadosfm\/#\/schema\/person\/60e56f2cf5dc960fc093fe093d9e9057","name":"afogadosfm","image":{"@type":"ImageObject","inLanguage":"pt-BR","@id":"https:\/\/secure.gravatar.com\/avatar\/e0359add7ed5dc3560906d861b52c6a8cf5c1e199d3a7dd85070998f49bd4701?s=96&d=mm&r=g","url":"https:\/\/secure.gravatar.com\/avatar\/e0359add7ed5dc3560906d861b52c6a8cf5c1e199d3a7dd85070998f49bd4701?s=96&d=mm&r=g","contentUrl":"https:\/\/secure.gravatar.com\/avatar\/e0359add7ed5dc3560906d861b52c6a8cf5c1e199d3a7dd85070998f49bd4701?s=96&d=mm&r=g","caption":"afogadosfm"},"url":"https:\/\/afogadosfm.com.br\/afogadosfm\/author\/afogadosfm\/"}]}},"jetpack_publicize_connections":[],"jetpack_featured_media_url":"https:\/\/i0.wp.com\/afogadosfm.com.br\/afogadosfm\/wp-content\/uploads\/2021\/12\/pgr.jpg?fit=1100%2C600&ssl=1","jetpack-related-posts":[],"jetpack_sharing_enabled":true,"jetpack_likes_enabled":true,"_links":{"self":[{"href":"https:\/\/afogadosfm.com.br\/afogadosfm\/wp-json\/wp\/v2\/posts\/64031","targetHints":{"allow":["GET"]}}],"collection":[{"href":"https:\/\/afogadosfm.com.br\/afogadosfm\/wp-json\/wp\/v2\/posts"}],"about":[{"href":"https:\/\/afogadosfm.com.br\/afogadosfm\/wp-json\/wp\/v2\/types\/post"}],"author":[{"embeddable":true,"href":"https:\/\/afogadosfm.com.br\/afogadosfm\/wp-json\/wp\/v2\/users\/2"}],"replies":[{"embeddable":true,"href":"https:\/\/afogadosfm.com.br\/afogadosfm\/wp-json\/wp\/v2\/comments?post=64031"}],"version-history":[{"count":1,"href":"https:\/\/afogadosfm.com.br\/afogadosfm\/wp-json\/wp\/v2\/posts\/64031\/revisions"}],"predecessor-version":[{"id":64032,"href":"https:\/\/afogadosfm.com.br\/afogadosfm\/wp-json\/wp\/v2\/posts\/64031\/revisions\/64032"}],"wp:featuredmedia":[{"embeddable":true,"href":"https:\/\/afogadosfm.com.br\/afogadosfm\/wp-json\/wp\/v2\/media\/33252"}],"wp:attachment":[{"href":"https:\/\/afogadosfm.com.br\/afogadosfm\/wp-json\/wp\/v2\/media?parent=64031"}],"wp:term":[{"taxonomy":"category","embeddable":true,"href":"https:\/\/afogadosfm.com.br\/afogadosfm\/wp-json\/wp\/v2\/categories?post=64031"},{"taxonomy":"post_tag","embeddable":true,"href":"https:\/\/afogadosfm.com.br\/afogadosfm\/wp-json\/wp\/v2\/tags?post=64031"}],"curies":[{"name":"wp","href":"https:\/\/api.w.org\/{rel}","templated":true}]}}