{"id":64369,"date":"2025-03-21T02:00:40","date_gmt":"2025-03-21T05:00:40","guid":{"rendered":"https:\/\/afogadosfm.com.br\/afogadosfm\/?p=64369"},"modified":"2025-03-21T02:00:41","modified_gmt":"2025-03-21T05:00:41","slug":"pais-que-se-recusarem-a-vacinar-seus-filhos-contra-covid-19-poderao-ser-multados","status":"publish","type":"post","link":"https:\/\/afogadosfm.com.br\/afogadosfm\/2025\/03\/21\/pais-que-se-recusarem-a-vacinar-seus-filhos-contra-covid-19-poderao-ser-multados\/","title":{"rendered":"Pais que se recusarem a vacinar seus filhos contra Covid-19 poder\u00e3o ser multados"},"content":{"rendered":"\n<p>O Supremo Tribunal de Justi\u00e7a (STJ) decidiu, por unanimidade, que pais que recusarem a vacinar filhos contra a Covid-19 poder\u00e3o ser multados. A decis\u00e3o leva em considera\u00e7\u00e3o as negativas dos respons\u00e1veis ap\u00f3s a aprova\u00e7\u00e3o dos imunizantes pelas autoridades sanit\u00e1rias.<\/p>\n\n\n\n<p>O parecer dos magistrados veio ap\u00f3s a an\u00e1lise, nessa ter\u00e7a-feira (18), do recurso de uma fam\u00edlia contra a Justi\u00e7a do Paran\u00e1, que havia determinado o pagamento de tr\u00eas sal\u00e1rios-m\u00ednimos por recusar imunizar a filha.<\/p>\n\n\n\n<p>O voto da relatora, ministra Nancy Andrighi, foi seguido pelos demais colegas. No seu texto, a ministra rejeitou o recurso e a manuten\u00e7\u00e3o da multa, ressaltando ainda a obrigatoriedade da imuniza\u00e7\u00e3o infantil, que est\u00e1 prevista no Estatuto da Crian\u00e7a e do Adolescente.<\/p>\n\n\n\n<p>&#8220;A vacina\u00e7\u00e3o infantil n\u00e3o significa apenas a prote\u00e7\u00e3o individual das crian\u00e7as e adolescentes, mas representa o pacto coletivo pela sa\u00fade de todos a fim de erradicar doen\u00e7as ou minimizar as suas sequelas, garantindo ser uma inf\u00e2ncia saud\u00e1vel e protegida\u201d, declarou Andrighi.<\/p>\n","protected":false},"excerpt":{"rendered":"<p>O Supremo Tribunal de Justi\u00e7a (STJ) decidiu, por unanimidade, que pais que recusarem a vacinar filhos contra a Covid-19 poder\u00e3o<\/p>\n","protected":false},"author":2,"featured_media":37130,"comment_status":"open","ping_status":"open","sticky":false,"template":"","format":"standard","meta":{"jetpack_post_was_ever_published":false,"_jetpack_newsletter_access":"","_jetpack_dont_email_post_to_subs":false,"_jetpack_newsletter_tier_id":0,"_jetpack_memberships_contains_paywalled_content":false,"_jetpack_memberships_contains_paid_content":false,"footnotes":"","jetpack_publicize_message":"","jetpack_publicize_feature_enabled":true,"jetpack_social_post_already_shared":true,"jetpack_social_options":{"image_generator_settings":{"template":"highway","default_image_id":0,"font":"","enabled":false},"version":2}},"categories":[37],"tags":[],"class_list":["post-64369","post","type-post","status-publish","format-standard","has-post-thumbnail","hentry","category-saude"],"yoast_head":"<!-- This site is optimized with the Yoast SEO plugin v27.5 - https:\/\/yoast.com\/product\/yoast-seo-wordpress\/ -->\n<title>Pais que se recusarem a vacinar seus filhos contra Covid-19 poder\u00e3o ser multados - Afogados FM<\/title>\n<meta name=\"robots\" content=\"index, follow, max-snippet:-1, max-image-preview:large, max-video-preview:-1\" \/>\n<link rel=\"canonical\" href=\"https:\/\/afogadosfm.com.br\/afogadosfm\/2025\/03\/21\/pais-que-se-recusarem-a-vacinar-seus-filhos-contra-covid-19-poderao-ser-multados\/\" \/>\n<meta property=\"og:locale\" content=\"pt_BR\" \/>\n<meta property=\"og:type\" content=\"article\" \/>\n<meta property=\"og:title\" content=\"Pais que se recusarem a vacinar seus filhos contra Covid-19 poder\u00e3o ser multados - Afogados FM\" \/>\n<meta property=\"og:description\" content=\"O Supremo Tribunal de Justi\u00e7a (STJ) decidiu, por unanimidade, que pais que recusarem a vacinar filhos contra a Covid-19 poder\u00e3o\" \/>\n<meta property=\"og:url\" content=\"https:\/\/afogadosfm.com.br\/afogadosfm\/2025\/03\/21\/pais-que-se-recusarem-a-vacinar-seus-filhos-contra-covid-19-poderao-ser-multados\/\" \/>\n<meta property=\"og:site_name\" content=\"Afogados FM\" \/>\n<meta property=\"article:published_time\" content=\"2025-03-21T05:00:40+00:00\" \/>\n<meta property=\"article:modified_time\" content=\"2025-03-21T05:00:41+00:00\" \/>\n<meta property=\"og:image\" content=\"https:\/\/afogadosfm.com.br\/afogadosfm\/wp-content\/uploads\/2022\/04\/mascaracovid.jpg\" \/>\n\t<meta property=\"og:image:width\" content=\"269\" \/>\n\t<meta property=\"og:image:height\" content=\"180\" \/>\n\t<meta property=\"og:image:type\" content=\"image\/jpeg\" \/>\n<meta name=\"author\" content=\"afogadosfm\" \/>\n<meta name=\"twitter:card\" content=\"summary_large_image\" \/>\n<meta name=\"twitter:label1\" content=\"Escrito por\" \/>\n\t<meta name=\"twitter:data1\" content=\"afogadosfm\" \/>\n\t<meta name=\"twitter:label2\" content=\"Est. tempo de leitura\" \/>\n\t<meta name=\"twitter:data2\" content=\"2 minutos\" \/>\n<script type=\"application\/ld+json\" class=\"yoast-schema-graph\">{\"@context\":\"https:\\\/\\\/schema.org\",\"@graph\":[{\"@type\":\"Article\",\"@id\":\"https:\\\/\\\/afogadosfm.com.br\\\/afogadosfm\\\/2025\\\/03\\\/21\\\/pais-que-se-recusarem-a-vacinar-seus-filhos-contra-covid-19-poderao-ser-multados\\\/#article\",\"isPartOf\":{\"@id\":\"https:\\\/\\\/afogadosfm.com.br\\\/afogadosfm\\\/2025\\\/03\\\/21\\\/pais-que-se-recusarem-a-vacinar-seus-filhos-contra-covid-19-poderao-ser-multados\\\/\"},\"author\":{\"name\":\"afogadosfm\",\"@id\":\"https:\\\/\\\/afogadosfm.com.br\\\/afogadosfm\\\/#\\\/schema\\\/person\\\/60e56f2cf5dc960fc093fe093d9e9057\"},\"headline\":\"Pais que se recusarem a vacinar seus filhos contra Covid-19 poder\u00e3o ser multados\",\"datePublished\":\"2025-03-21T05:00:40+00:00\",\"dateModified\":\"2025-03-21T05:00:41+00:00\",\"mainEntityOfPage\":{\"@id\":\"https:\\\/\\\/afogadosfm.com.br\\\/afogadosfm\\\/2025\\\/03\\\/21\\\/pais-que-se-recusarem-a-vacinar-seus-filhos-contra-covid-19-poderao-ser-multados\\\/\"},\"wordCount\":196,\"commentCount\":0,\"publisher\":{\"@id\":\"https:\\\/\\\/afogadosfm.com.br\\\/afogadosfm\\\/#organization\"},\"image\":{\"@id\":\"https:\\\/\\\/afogadosfm.com.br\\\/afogadosfm\\\/2025\\\/03\\\/21\\\/pais-que-se-recusarem-a-vacinar-seus-filhos-contra-covid-19-poderao-ser-multados\\\/#primaryimage\"},\"thumbnailUrl\":\"https:\\\/\\\/i0.wp.com\\\/afogadosfm.com.br\\\/afogadosfm\\\/wp-content\\\/uploads\\\/2022\\\/04\\\/mascaracovid.jpg?fit=269%2C180&ssl=1\",\"articleSection\":[\"Sa\u00fade\"],\"inLanguage\":\"pt-BR\",\"potentialAction\":[{\"@type\":\"CommentAction\",\"name\":\"Comment\",\"target\":[\"https:\\\/\\\/afogadosfm.com.br\\\/afogadosfm\\\/2025\\\/03\\\/21\\\/pais-que-se-recusarem-a-vacinar-seus-filhos-contra-covid-19-poderao-ser-multados\\\/#respond\"]}]},{\"@type\":\"WebPage\",\"@id\":\"https:\\\/\\\/afogadosfm.com.br\\\/afogadosfm\\\/2025\\\/03\\\/21\\\/pais-que-se-recusarem-a-vacinar-seus-filhos-contra-covid-19-poderao-ser-multados\\\/\",\"url\":\"https:\\\/\\\/afogadosfm.com.br\\\/afogadosfm\\\/2025\\\/03\\\/21\\\/pais-que-se-recusarem-a-vacinar-seus-filhos-contra-covid-19-poderao-ser-multados\\\/\",\"name\":\"Pais que se recusarem a vacinar seus filhos contra Covid-19 poder\u00e3o ser multados - Afogados FM\",\"isPartOf\":{\"@id\":\"https:\\\/\\\/afogadosfm.com.br\\\/afogadosfm\\\/#website\"},\"primaryImageOfPage\":{\"@id\":\"https:\\\/\\\/afogadosfm.com.br\\\/afogadosfm\\\/2025\\\/03\\\/21\\\/pais-que-se-recusarem-a-vacinar-seus-filhos-contra-covid-19-poderao-ser-multados\\\/#primaryimage\"},\"image\":{\"@id\":\"https:\\\/\\\/afogadosfm.com.br\\\/afogadosfm\\\/2025\\\/03\\\/21\\\/pais-que-se-recusarem-a-vacinar-seus-filhos-contra-covid-19-poderao-ser-multados\\\/#primaryimage\"},\"thumbnailUrl\":\"https:\\\/\\\/i0.wp.com\\\/afogadosfm.com.br\\\/afogadosfm\\\/wp-content\\\/uploads\\\/2022\\\/04\\\/mascaracovid.jpg?fit=269%2C180&ssl=1\",\"datePublished\":\"2025-03-21T05:00:40+00:00\",\"dateModified\":\"2025-03-21T05:00:41+00:00\",\"breadcrumb\":{\"@id\":\"https:\\\/\\\/afogadosfm.com.br\\\/afogadosfm\\\/2025\\\/03\\\/21\\\/pais-que-se-recusarem-a-vacinar-seus-filhos-contra-covid-19-poderao-ser-multados\\\/#breadcrumb\"},\"inLanguage\":\"pt-BR\",\"potentialAction\":[{\"@type\":\"ReadAction\",\"target\":[\"https:\\\/\\\/afogadosfm.com.br\\\/afogadosfm\\\/2025\\\/03\\\/21\\\/pais-que-se-recusarem-a-vacinar-seus-filhos-contra-covid-19-poderao-ser-multados\\\/\"]}]},{\"@type\":\"ImageObject\",\"inLanguage\":\"pt-BR\",\"@id\":\"https:\\\/\\\/afogadosfm.com.br\\\/afogadosfm\\\/2025\\\/03\\\/21\\\/pais-que-se-recusarem-a-vacinar-seus-filhos-contra-covid-19-poderao-ser-multados\\\/#primaryimage\",\"url\":\"https:\\\/\\\/i0.wp.com\\\/afogadosfm.com.br\\\/afogadosfm\\\/wp-content\\\/uploads\\\/2022\\\/04\\\/mascaracovid.jpg?fit=269%2C180&ssl=1\",\"contentUrl\":\"https:\\\/\\\/i0.wp.com\\\/afogadosfm.com.br\\\/afogadosfm\\\/wp-content\\\/uploads\\\/2022\\\/04\\\/mascaracovid.jpg?fit=269%2C180&ssl=1\",\"width\":269,\"height\":180},{\"@type\":\"BreadcrumbList\",\"@id\":\"https:\\\/\\\/afogadosfm.com.br\\\/afogadosfm\\\/2025\\\/03\\\/21\\\/pais-que-se-recusarem-a-vacinar-seus-filhos-contra-covid-19-poderao-ser-multados\\\/#breadcrumb\",\"itemListElement\":[{\"@type\":\"ListItem\",\"position\":1,\"name\":\"In\u00edcio\",\"item\":\"https:\\\/\\\/afogadosfm.com.br\\\/afogadosfm\\\/\"},{\"@type\":\"ListItem\",\"position\":2,\"name\":\"Pais que se recusarem a vacinar seus filhos contra Covid-19 poder\u00e3o ser multados\"}]},{\"@type\":\"WebSite\",\"@id\":\"https:\\\/\\\/afogadosfm.com.br\\\/afogadosfm\\\/#website\",\"url\":\"https:\\\/\\\/afogadosfm.com.br\\\/afogadosfm\\\/\",\"name\":\"Afogados FM\",\"description\":\"Um site completo!\",\"publisher\":{\"@id\":\"https:\\\/\\\/afogadosfm.com.br\\\/afogadosfm\\\/#organization\"},\"potentialAction\":[{\"@type\":\"SearchAction\",\"target\":{\"@type\":\"EntryPoint\",\"urlTemplate\":\"https:\\\/\\\/afogadosfm.com.br\\\/afogadosfm\\\/?s={search_term_string}\"},\"query-input\":{\"@type\":\"PropertyValueSpecification\",\"valueRequired\":true,\"valueName\":\"search_term_string\"}}],\"inLanguage\":\"pt-BR\"},{\"@type\":\"Organization\",\"@id\":\"https:\\\/\\\/afogadosfm.com.br\\\/afogadosfm\\\/#organization\",\"name\":\"Afogados FM\",\"url\":\"https:\\\/\\\/afogadosfm.com.br\\\/afogadosfm\\\/\",\"logo\":{\"@type\":\"ImageObject\",\"inLanguage\":\"pt-BR\",\"@id\":\"https:\\\/\\\/afogadosfm.com.br\\\/afogadosfm\\\/#\\\/schema\\\/logo\\\/image\\\/\",\"url\":\"https:\\\/\\\/i0.wp.com\\\/afogadosfm.com.br\\\/afogadosfm\\\/wp-content\\\/uploads\\\/2020\\\/06\\\/cropped-banner-afogados-4.jpg?fit=369%2C137&ssl=1\",\"contentUrl\":\"https:\\\/\\\/i0.wp.com\\\/afogadosfm.com.br\\\/afogadosfm\\\/wp-content\\\/uploads\\\/2020\\\/06\\\/cropped-banner-afogados-4.jpg?fit=369%2C137&ssl=1\",\"width\":369,\"height\":137,\"caption\":\"Afogados FM\"},\"image\":{\"@id\":\"https:\\\/\\\/afogadosfm.com.br\\\/afogadosfm\\\/#\\\/schema\\\/logo\\\/image\\\/\"}},{\"@type\":\"Person\",\"@id\":\"https:\\\/\\\/afogadosfm.com.br\\\/afogadosfm\\\/#\\\/schema\\\/person\\\/60e56f2cf5dc960fc093fe093d9e9057\",\"name\":\"afogadosfm\",\"image\":{\"@type\":\"ImageObject\",\"inLanguage\":\"pt-BR\",\"@id\":\"https:\\\/\\\/secure.gravatar.com\\\/avatar\\\/e0359add7ed5dc3560906d861b52c6a8cf5c1e199d3a7dd85070998f49bd4701?s=96&d=mm&r=g\",\"url\":\"https:\\\/\\\/secure.gravatar.com\\\/avatar\\\/e0359add7ed5dc3560906d861b52c6a8cf5c1e199d3a7dd85070998f49bd4701?s=96&d=mm&r=g\",\"contentUrl\":\"https:\\\/\\\/secure.gravatar.com\\\/avatar\\\/e0359add7ed5dc3560906d861b52c6a8cf5c1e199d3a7dd85070998f49bd4701?s=96&d=mm&r=g\",\"caption\":\"afogadosfm\"},\"url\":\"https:\\\/\\\/afogadosfm.com.br\\\/afogadosfm\\\/author\\\/afogadosfm\\\/\"}]}<\/script>\n<!-- \/ Yoast SEO plugin. -->","yoast_head_json":{"title":"Pais que se recusarem a vacinar seus filhos contra Covid-19 poder\u00e3o ser multados - Afogados FM","robots":{"index":"index","follow":"follow","max-snippet":"max-snippet:-1","max-image-preview":"max-image-preview:large","max-video-preview":"max-video-preview:-1"},"canonical":"https:\/\/afogadosfm.com.br\/afogadosfm\/2025\/03\/21\/pais-que-se-recusarem-a-vacinar-seus-filhos-contra-covid-19-poderao-ser-multados\/","og_locale":"pt_BR","og_type":"article","og_title":"Pais que se recusarem a vacinar seus filhos contra Covid-19 poder\u00e3o ser multados - Afogados FM","og_description":"O Supremo Tribunal de Justi\u00e7a (STJ) decidiu, por unanimidade, que pais que recusarem a vacinar filhos contra a Covid-19 poder\u00e3o","og_url":"https:\/\/afogadosfm.com.br\/afogadosfm\/2025\/03\/21\/pais-que-se-recusarem-a-vacinar-seus-filhos-contra-covid-19-poderao-ser-multados\/","og_site_name":"Afogados FM","article_published_time":"2025-03-21T05:00:40+00:00","article_modified_time":"2025-03-21T05:00:41+00:00","og_image":[{"width":269,"height":180,"url":"https:\/\/afogadosfm.com.br\/afogadosfm\/wp-content\/uploads\/2022\/04\/mascaracovid.jpg","type":"image\/jpeg"}],"author":"afogadosfm","twitter_card":"summary_large_image","twitter_misc":{"Escrito por":"afogadosfm","Est. tempo de leitura":"2 minutos"},"schema":{"@context":"https:\/\/schema.org","@graph":[{"@type":"Article","@id":"https:\/\/afogadosfm.com.br\/afogadosfm\/2025\/03\/21\/pais-que-se-recusarem-a-vacinar-seus-filhos-contra-covid-19-poderao-ser-multados\/#article","isPartOf":{"@id":"https:\/\/afogadosfm.com.br\/afogadosfm\/2025\/03\/21\/pais-que-se-recusarem-a-vacinar-seus-filhos-contra-covid-19-poderao-ser-multados\/"},"author":{"name":"afogadosfm","@id":"https:\/\/afogadosfm.com.br\/afogadosfm\/#\/schema\/person\/60e56f2cf5dc960fc093fe093d9e9057"},"headline":"Pais que se recusarem a vacinar seus filhos contra Covid-19 poder\u00e3o ser multados","datePublished":"2025-03-21T05:00:40+00:00","dateModified":"2025-03-21T05:00:41+00:00","mainEntityOfPage":{"@id":"https:\/\/afogadosfm.com.br\/afogadosfm\/2025\/03\/21\/pais-que-se-recusarem-a-vacinar-seus-filhos-contra-covid-19-poderao-ser-multados\/"},"wordCount":196,"commentCount":0,"publisher":{"@id":"https:\/\/afogadosfm.com.br\/afogadosfm\/#organization"},"image":{"@id":"https:\/\/afogadosfm.com.br\/afogadosfm\/2025\/03\/21\/pais-que-se-recusarem-a-vacinar-seus-filhos-contra-covid-19-poderao-ser-multados\/#primaryimage"},"thumbnailUrl":"https:\/\/i0.wp.com\/afogadosfm.com.br\/afogadosfm\/wp-content\/uploads\/2022\/04\/mascaracovid.jpg?fit=269%2C180&ssl=1","articleSection":["Sa\u00fade"],"inLanguage":"pt-BR","potentialAction":[{"@type":"CommentAction","name":"Comment","target":["https:\/\/afogadosfm.com.br\/afogadosfm\/2025\/03\/21\/pais-que-se-recusarem-a-vacinar-seus-filhos-contra-covid-19-poderao-ser-multados\/#respond"]}]},{"@type":"WebPage","@id":"https:\/\/afogadosfm.com.br\/afogadosfm\/2025\/03\/21\/pais-que-se-recusarem-a-vacinar-seus-filhos-contra-covid-19-poderao-ser-multados\/","url":"https:\/\/afogadosfm.com.br\/afogadosfm\/2025\/03\/21\/pais-que-se-recusarem-a-vacinar-seus-filhos-contra-covid-19-poderao-ser-multados\/","name":"Pais que se recusarem a vacinar seus filhos contra Covid-19 poder\u00e3o ser multados - Afogados FM","isPartOf":{"@id":"https:\/\/afogadosfm.com.br\/afogadosfm\/#website"},"primaryImageOfPage":{"@id":"https:\/\/afogadosfm.com.br\/afogadosfm\/2025\/03\/21\/pais-que-se-recusarem-a-vacinar-seus-filhos-contra-covid-19-poderao-ser-multados\/#primaryimage"},"image":{"@id":"https:\/\/afogadosfm.com.br\/afogadosfm\/2025\/03\/21\/pais-que-se-recusarem-a-vacinar-seus-filhos-contra-covid-19-poderao-ser-multados\/#primaryimage"},"thumbnailUrl":"https:\/\/i0.wp.com\/afogadosfm.com.br\/afogadosfm\/wp-content\/uploads\/2022\/04\/mascaracovid.jpg?fit=269%2C180&ssl=1","datePublished":"2025-03-21T05:00:40+00:00","dateModified":"2025-03-21T05:00:41+00:00","breadcrumb":{"@id":"https:\/\/afogadosfm.com.br\/afogadosfm\/2025\/03\/21\/pais-que-se-recusarem-a-vacinar-seus-filhos-contra-covid-19-poderao-ser-multados\/#breadcrumb"},"inLanguage":"pt-BR","potentialAction":[{"@type":"ReadAction","target":["https:\/\/afogadosfm.com.br\/afogadosfm\/2025\/03\/21\/pais-que-se-recusarem-a-vacinar-seus-filhos-contra-covid-19-poderao-ser-multados\/"]}]},{"@type":"ImageObject","inLanguage":"pt-BR","@id":"https:\/\/afogadosfm.com.br\/afogadosfm\/2025\/03\/21\/pais-que-se-recusarem-a-vacinar-seus-filhos-contra-covid-19-poderao-ser-multados\/#primaryimage","url":"https:\/\/i0.wp.com\/afogadosfm.com.br\/afogadosfm\/wp-content\/uploads\/2022\/04\/mascaracovid.jpg?fit=269%2C180&ssl=1","contentUrl":"https:\/\/i0.wp.com\/afogadosfm.com.br\/afogadosfm\/wp-content\/uploads\/2022\/04\/mascaracovid.jpg?fit=269%2C180&ssl=1","width":269,"height":180},{"@type":"BreadcrumbList","@id":"https:\/\/afogadosfm.com.br\/afogadosfm\/2025\/03\/21\/pais-que-se-recusarem-a-vacinar-seus-filhos-contra-covid-19-poderao-ser-multados\/#breadcrumb","itemListElement":[{"@type":"ListItem","position":1,"name":"In\u00edcio","item":"https:\/\/afogadosfm.com.br\/afogadosfm\/"},{"@type":"ListItem","position":2,"name":"Pais que se recusarem a vacinar seus filhos contra Covid-19 poder\u00e3o ser multados"}]},{"@type":"WebSite","@id":"https:\/\/afogadosfm.com.br\/afogadosfm\/#website","url":"https:\/\/afogadosfm.com.br\/afogadosfm\/","name":"Afogados FM","description":"Um site completo!","publisher":{"@id":"https:\/\/afogadosfm.com.br\/afogadosfm\/#organization"},"potentialAction":[{"@type":"SearchAction","target":{"@type":"EntryPoint","urlTemplate":"https:\/\/afogadosfm.com.br\/afogadosfm\/?s={search_term_string}"},"query-input":{"@type":"PropertyValueSpecification","valueRequired":true,"valueName":"search_term_string"}}],"inLanguage":"pt-BR"},{"@type":"Organization","@id":"https:\/\/afogadosfm.com.br\/afogadosfm\/#organization","name":"Afogados FM","url":"https:\/\/afogadosfm.com.br\/afogadosfm\/","logo":{"@type":"ImageObject","inLanguage":"pt-BR","@id":"https:\/\/afogadosfm.com.br\/afogadosfm\/#\/schema\/logo\/image\/","url":"https:\/\/i0.wp.com\/afogadosfm.com.br\/afogadosfm\/wp-content\/uploads\/2020\/06\/cropped-banner-afogados-4.jpg?fit=369%2C137&ssl=1","contentUrl":"https:\/\/i0.wp.com\/afogadosfm.com.br\/afogadosfm\/wp-content\/uploads\/2020\/06\/cropped-banner-afogados-4.jpg?fit=369%2C137&ssl=1","width":369,"height":137,"caption":"Afogados FM"},"image":{"@id":"https:\/\/afogadosfm.com.br\/afogadosfm\/#\/schema\/logo\/image\/"}},{"@type":"Person","@id":"https:\/\/afogadosfm.com.br\/afogadosfm\/#\/schema\/person\/60e56f2cf5dc960fc093fe093d9e9057","name":"afogadosfm","image":{"@type":"ImageObject","inLanguage":"pt-BR","@id":"https:\/\/secure.gravatar.com\/avatar\/e0359add7ed5dc3560906d861b52c6a8cf5c1e199d3a7dd85070998f49bd4701?s=96&d=mm&r=g","url":"https:\/\/secure.gravatar.com\/avatar\/e0359add7ed5dc3560906d861b52c6a8cf5c1e199d3a7dd85070998f49bd4701?s=96&d=mm&r=g","contentUrl":"https:\/\/secure.gravatar.com\/avatar\/e0359add7ed5dc3560906d861b52c6a8cf5c1e199d3a7dd85070998f49bd4701?s=96&d=mm&r=g","caption":"afogadosfm"},"url":"https:\/\/afogadosfm.com.br\/afogadosfm\/author\/afogadosfm\/"}]}},"jetpack_publicize_connections":[],"jetpack_featured_media_url":"https:\/\/i0.wp.com\/afogadosfm.com.br\/afogadosfm\/wp-content\/uploads\/2022\/04\/mascaracovid.jpg?fit=269%2C180&ssl=1","jetpack-related-posts":[],"jetpack_sharing_enabled":true,"jetpack_likes_enabled":true,"_links":{"self":[{"href":"https:\/\/afogadosfm.com.br\/afogadosfm\/wp-json\/wp\/v2\/posts\/64369","targetHints":{"allow":["GET"]}}],"collection":[{"href":"https:\/\/afogadosfm.com.br\/afogadosfm\/wp-json\/wp\/v2\/posts"}],"about":[{"href":"https:\/\/afogadosfm.com.br\/afogadosfm\/wp-json\/wp\/v2\/types\/post"}],"author":[{"embeddable":true,"href":"https:\/\/afogadosfm.com.br\/afogadosfm\/wp-json\/wp\/v2\/users\/2"}],"replies":[{"embeddable":true,"href":"https:\/\/afogadosfm.com.br\/afogadosfm\/wp-json\/wp\/v2\/comments?post=64369"}],"version-history":[{"count":1,"href":"https:\/\/afogadosfm.com.br\/afogadosfm\/wp-json\/wp\/v2\/posts\/64369\/revisions"}],"predecessor-version":[{"id":64370,"href":"https:\/\/afogadosfm.com.br\/afogadosfm\/wp-json\/wp\/v2\/posts\/64369\/revisions\/64370"}],"wp:featuredmedia":[{"embeddable":true,"href":"https:\/\/afogadosfm.com.br\/afogadosfm\/wp-json\/wp\/v2\/media\/37130"}],"wp:attachment":[{"href":"https:\/\/afogadosfm.com.br\/afogadosfm\/wp-json\/wp\/v2\/media?parent=64369"}],"wp:term":[{"taxonomy":"category","embeddable":true,"href":"https:\/\/afogadosfm.com.br\/afogadosfm\/wp-json\/wp\/v2\/categories?post=64369"},{"taxonomy":"post_tag","embeddable":true,"href":"https:\/\/afogadosfm.com.br\/afogadosfm\/wp-json\/wp\/v2\/tags?post=64369"}],"curies":[{"name":"wp","href":"https:\/\/api.w.org\/{rel}","templated":true}]}}