{"id":64384,"date":"2025-03-22T07:09:05","date_gmt":"2025-03-22T10:09:05","guid":{"rendered":"https:\/\/afogadosfm.com.br\/afogadosfm\/?p=64384"},"modified":"2025-03-22T07:09:07","modified_gmt":"2025-03-22T10:09:07","slug":"morre-a-lenda-do-boxe-george-foreman-aos-76-anos","status":"publish","type":"post","link":"https:\/\/afogadosfm.com.br\/afogadosfm\/2025\/03\/22\/morre-a-lenda-do-boxe-george-foreman-aos-76-anos\/","title":{"rendered":"Morre a lenda do Boxe George Foreman aos 76 anos"},"content":{"rendered":"\n<p>O ex-campe\u00e3o mundial de boxe George Foreman, que teve uma luta hist\u00f3rica contra Muhammad Ali antes de recuperar o t\u00edtulo duas d\u00e9cadas depois, morreu nesta sexta-feira (21\/3), aos 76 anos, segundo comunicado publicado pela fam\u00edlia.<\/p>\n\n\n\n<p>\u201d\u00c9 com profunda tristeza que anunciamos o falecimento do nosso amado George Edward Foreman Sr., que partiu em paz em 21 de mar\u00e7o de 2025, cercado por seus entes queridos\u201d, diz a nota publicada pela fam\u00edlia do ex-pugilista.<\/p>\n\n\n\n<p>O primeiro t\u00edtulo mundial de Foreman foi conquistado aos 24 anos, em 1973. Ele repetiu o feito em 1994, quando tinha 45 e se tornou o lutador mais velho a ser campe\u00e3o na categoria. A vit\u00f3ria foi por nocaute sobre Michael Moorer.<\/p>\n\n\n\n<p>Em 1968, na Cidade do M\u00e9xico, o pugilista faturou o ouro ol\u00edmpico, na categoria pesado (+81 kg). Ele derrotou, na luta decisiva, o sovi\u00e9tico Ionas Chepulis. Foreman se aposentou com um cartel de 81 lutas. Foram 76 vit\u00f3rias, sendo 68 por nocaute, e apenas cinco derrotas.<\/p>\n\n\n\n<p>Ao lado de Muhammad Ali, Joe Frazier e Mike Tyson, Foreman \u00e9 considerado um dos maiores pesos-pesados de todos os tempos. Contra Ali, inclusive, ele protagonizou aquela que \u00e9 considerada a maior da hist\u00f3ria.<\/p>\n\n\n\n<p>O confronto ocorreu em 1974, na Rep\u00fablica Democr\u00e1tica do Congo (ainda com o nome de Zaire, na \u00e9poca). Foreman defendia o t\u00edtulo, e o combate ficou conhecido como \u201cA Luta na Selva\u201d. Quando o duelo estava no oitavo round, Ali conseguiu aplicar uma s\u00e9rie de golpes no advers\u00e1rio, que foi derrubado, exausto, teve sua primeira derrota decretada. Ali foi o \u00fanico a venc\u00ea-lo por nocaute.<\/p>\n\n\n\n<p> Correio Braziliense<\/p>\n","protected":false},"excerpt":{"rendered":"<p>O ex-campe\u00e3o mundial de boxe George Foreman, que teve uma luta hist\u00f3rica contra Muhammad Ali antes de recuperar o t\u00edtulo<\/p>\n","protected":false},"author":2,"featured_media":64385,"comment_status":"open","ping_status":"open","sticky":false,"template":"","format":"standard","meta":{"jetpack_post_was_ever_published":false,"_jetpack_newsletter_access":"","_jetpack_dont_email_post_to_subs":false,"_jetpack_newsletter_tier_id":0,"_jetpack_memberships_contains_paywalled_content":false,"_jetpack_memberships_contains_paid_content":false,"footnotes":"","jetpack_publicize_message":"","jetpack_publicize_feature_enabled":true,"jetpack_social_post_already_shared":true,"jetpack_social_options":{"image_generator_settings":{"template":"highway","default_image_id":0,"font":"","enabled":false},"version":2}},"categories":[42],"tags":[],"class_list":["post-64384","post","type-post","status-publish","format-standard","has-post-thumbnail","hentry","category-mundo"],"yoast_head":"<!-- This site is optimized with the Yoast SEO plugin v27.5 - https:\/\/yoast.com\/product\/yoast-seo-wordpress\/ -->\n<title>Morre a lenda do Boxe George Foreman aos 76 anos - Afogados FM<\/title>\n<meta name=\"robots\" content=\"index, follow, max-snippet:-1, max-image-preview:large, max-video-preview:-1\" \/>\n<link rel=\"canonical\" href=\"https:\/\/afogadosfm.com.br\/afogadosfm\/2025\/03\/22\/morre-a-lenda-do-boxe-george-foreman-aos-76-anos\/\" \/>\n<meta property=\"og:locale\" content=\"pt_BR\" \/>\n<meta property=\"og:type\" content=\"article\" \/>\n<meta property=\"og:title\" content=\"Morre a lenda do Boxe George Foreman aos 76 anos - Afogados FM\" \/>\n<meta property=\"og:description\" content=\"O ex-campe\u00e3o mundial de boxe George Foreman, que teve uma luta hist\u00f3rica contra Muhammad Ali antes de recuperar o t\u00edtulo\" \/>\n<meta property=\"og:url\" content=\"https:\/\/afogadosfm.com.br\/afogadosfm\/2025\/03\/22\/morre-a-lenda-do-boxe-george-foreman-aos-76-anos\/\" \/>\n<meta property=\"og:site_name\" content=\"Afogados FM\" \/>\n<meta property=\"article:published_time\" content=\"2025-03-22T10:09:05+00:00\" \/>\n<meta property=\"article:modified_time\" content=\"2025-03-22T10:09:07+00:00\" \/>\n<meta property=\"og:image\" content=\"https:\/\/afogadosfm.com.br\/afogadosfm\/wp-content\/uploads\/2025\/03\/foreman.jpeg\" \/>\n\t<meta property=\"og:image:width\" content=\"322\" \/>\n\t<meta property=\"og:image:height\" content=\"270\" \/>\n\t<meta property=\"og:image:type\" content=\"image\/jpeg\" \/>\n<meta name=\"author\" content=\"afogadosfm\" \/>\n<meta name=\"twitter:card\" content=\"summary_large_image\" \/>\n<meta name=\"twitter:label1\" content=\"Escrito por\" \/>\n\t<meta name=\"twitter:data1\" content=\"afogadosfm\" \/>\n\t<meta name=\"twitter:label2\" content=\"Est. tempo de leitura\" \/>\n\t<meta name=\"twitter:data2\" content=\"2 minutos\" \/>\n<script type=\"application\/ld+json\" class=\"yoast-schema-graph\">{\"@context\":\"https:\\\/\\\/schema.org\",\"@graph\":[{\"@type\":\"Article\",\"@id\":\"https:\\\/\\\/afogadosfm.com.br\\\/afogadosfm\\\/2025\\\/03\\\/22\\\/morre-a-lenda-do-boxe-george-foreman-aos-76-anos\\\/#article\",\"isPartOf\":{\"@id\":\"https:\\\/\\\/afogadosfm.com.br\\\/afogadosfm\\\/2025\\\/03\\\/22\\\/morre-a-lenda-do-boxe-george-foreman-aos-76-anos\\\/\"},\"author\":{\"name\":\"afogadosfm\",\"@id\":\"https:\\\/\\\/afogadosfm.com.br\\\/afogadosfm\\\/#\\\/schema\\\/person\\\/60e56f2cf5dc960fc093fe093d9e9057\"},\"headline\":\"Morre a lenda do Boxe George Foreman aos 76 anos\",\"datePublished\":\"2025-03-22T10:09:05+00:00\",\"dateModified\":\"2025-03-22T10:09:07+00:00\",\"mainEntityOfPage\":{\"@id\":\"https:\\\/\\\/afogadosfm.com.br\\\/afogadosfm\\\/2025\\\/03\\\/22\\\/morre-a-lenda-do-boxe-george-foreman-aos-76-anos\\\/\"},\"wordCount\":275,\"commentCount\":0,\"publisher\":{\"@id\":\"https:\\\/\\\/afogadosfm.com.br\\\/afogadosfm\\\/#organization\"},\"image\":{\"@id\":\"https:\\\/\\\/afogadosfm.com.br\\\/afogadosfm\\\/2025\\\/03\\\/22\\\/morre-a-lenda-do-boxe-george-foreman-aos-76-anos\\\/#primaryimage\"},\"thumbnailUrl\":\"https:\\\/\\\/i0.wp.com\\\/afogadosfm.com.br\\\/afogadosfm\\\/wp-content\\\/uploads\\\/2025\\\/03\\\/foreman.jpeg?fit=322%2C270&ssl=1\",\"articleSection\":[\"Mundo\"],\"inLanguage\":\"pt-BR\",\"potentialAction\":[{\"@type\":\"CommentAction\",\"name\":\"Comment\",\"target\":[\"https:\\\/\\\/afogadosfm.com.br\\\/afogadosfm\\\/2025\\\/03\\\/22\\\/morre-a-lenda-do-boxe-george-foreman-aos-76-anos\\\/#respond\"]}]},{\"@type\":\"WebPage\",\"@id\":\"https:\\\/\\\/afogadosfm.com.br\\\/afogadosfm\\\/2025\\\/03\\\/22\\\/morre-a-lenda-do-boxe-george-foreman-aos-76-anos\\\/\",\"url\":\"https:\\\/\\\/afogadosfm.com.br\\\/afogadosfm\\\/2025\\\/03\\\/22\\\/morre-a-lenda-do-boxe-george-foreman-aos-76-anos\\\/\",\"name\":\"Morre a lenda do Boxe George Foreman aos 76 anos - Afogados FM\",\"isPartOf\":{\"@id\":\"https:\\\/\\\/afogadosfm.com.br\\\/afogadosfm\\\/#website\"},\"primaryImageOfPage\":{\"@id\":\"https:\\\/\\\/afogadosfm.com.br\\\/afogadosfm\\\/2025\\\/03\\\/22\\\/morre-a-lenda-do-boxe-george-foreman-aos-76-anos\\\/#primaryimage\"},\"image\":{\"@id\":\"https:\\\/\\\/afogadosfm.com.br\\\/afogadosfm\\\/2025\\\/03\\\/22\\\/morre-a-lenda-do-boxe-george-foreman-aos-76-anos\\\/#primaryimage\"},\"thumbnailUrl\":\"https:\\\/\\\/i0.wp.com\\\/afogadosfm.com.br\\\/afogadosfm\\\/wp-content\\\/uploads\\\/2025\\\/03\\\/foreman.jpeg?fit=322%2C270&ssl=1\",\"datePublished\":\"2025-03-22T10:09:05+00:00\",\"dateModified\":\"2025-03-22T10:09:07+00:00\",\"breadcrumb\":{\"@id\":\"https:\\\/\\\/afogadosfm.com.br\\\/afogadosfm\\\/2025\\\/03\\\/22\\\/morre-a-lenda-do-boxe-george-foreman-aos-76-anos\\\/#breadcrumb\"},\"inLanguage\":\"pt-BR\",\"potentialAction\":[{\"@type\":\"ReadAction\",\"target\":[\"https:\\\/\\\/afogadosfm.com.br\\\/afogadosfm\\\/2025\\\/03\\\/22\\\/morre-a-lenda-do-boxe-george-foreman-aos-76-anos\\\/\"]}]},{\"@type\":\"ImageObject\",\"inLanguage\":\"pt-BR\",\"@id\":\"https:\\\/\\\/afogadosfm.com.br\\\/afogadosfm\\\/2025\\\/03\\\/22\\\/morre-a-lenda-do-boxe-george-foreman-aos-76-anos\\\/#primaryimage\",\"url\":\"https:\\\/\\\/i0.wp.com\\\/afogadosfm.com.br\\\/afogadosfm\\\/wp-content\\\/uploads\\\/2025\\\/03\\\/foreman.jpeg?fit=322%2C270&ssl=1\",\"contentUrl\":\"https:\\\/\\\/i0.wp.com\\\/afogadosfm.com.br\\\/afogadosfm\\\/wp-content\\\/uploads\\\/2025\\\/03\\\/foreman.jpeg?fit=322%2C270&ssl=1\",\"width\":322,\"height\":270},{\"@type\":\"BreadcrumbList\",\"@id\":\"https:\\\/\\\/afogadosfm.com.br\\\/afogadosfm\\\/2025\\\/03\\\/22\\\/morre-a-lenda-do-boxe-george-foreman-aos-76-anos\\\/#breadcrumb\",\"itemListElement\":[{\"@type\":\"ListItem\",\"position\":1,\"name\":\"In\u00edcio\",\"item\":\"https:\\\/\\\/afogadosfm.com.br\\\/afogadosfm\\\/\"},{\"@type\":\"ListItem\",\"position\":2,\"name\":\"Morre a lenda do Boxe George Foreman aos 76 anos\"}]},{\"@type\":\"WebSite\",\"@id\":\"https:\\\/\\\/afogadosfm.com.br\\\/afogadosfm\\\/#website\",\"url\":\"https:\\\/\\\/afogadosfm.com.br\\\/afogadosfm\\\/\",\"name\":\"Afogados FM\",\"description\":\"Um site completo!\",\"publisher\":{\"@id\":\"https:\\\/\\\/afogadosfm.com.br\\\/afogadosfm\\\/#organization\"},\"potentialAction\":[{\"@type\":\"SearchAction\",\"target\":{\"@type\":\"EntryPoint\",\"urlTemplate\":\"https:\\\/\\\/afogadosfm.com.br\\\/afogadosfm\\\/?s={search_term_string}\"},\"query-input\":{\"@type\":\"PropertyValueSpecification\",\"valueRequired\":true,\"valueName\":\"search_term_string\"}}],\"inLanguage\":\"pt-BR\"},{\"@type\":\"Organization\",\"@id\":\"https:\\\/\\\/afogadosfm.com.br\\\/afogadosfm\\\/#organization\",\"name\":\"Afogados FM\",\"url\":\"https:\\\/\\\/afogadosfm.com.br\\\/afogadosfm\\\/\",\"logo\":{\"@type\":\"ImageObject\",\"inLanguage\":\"pt-BR\",\"@id\":\"https:\\\/\\\/afogadosfm.com.br\\\/afogadosfm\\\/#\\\/schema\\\/logo\\\/image\\\/\",\"url\":\"https:\\\/\\\/i0.wp.com\\\/afogadosfm.com.br\\\/afogadosfm\\\/wp-content\\\/uploads\\\/2020\\\/06\\\/cropped-banner-afogados-4.jpg?fit=369%2C137&ssl=1\",\"contentUrl\":\"https:\\\/\\\/i0.wp.com\\\/afogadosfm.com.br\\\/afogadosfm\\\/wp-content\\\/uploads\\\/2020\\\/06\\\/cropped-banner-afogados-4.jpg?fit=369%2C137&ssl=1\",\"width\":369,\"height\":137,\"caption\":\"Afogados FM\"},\"image\":{\"@id\":\"https:\\\/\\\/afogadosfm.com.br\\\/afogadosfm\\\/#\\\/schema\\\/logo\\\/image\\\/\"}},{\"@type\":\"Person\",\"@id\":\"https:\\\/\\\/afogadosfm.com.br\\\/afogadosfm\\\/#\\\/schema\\\/person\\\/60e56f2cf5dc960fc093fe093d9e9057\",\"name\":\"afogadosfm\",\"image\":{\"@type\":\"ImageObject\",\"inLanguage\":\"pt-BR\",\"@id\":\"https:\\\/\\\/secure.gravatar.com\\\/avatar\\\/e0359add7ed5dc3560906d861b52c6a8cf5c1e199d3a7dd85070998f49bd4701?s=96&d=mm&r=g\",\"url\":\"https:\\\/\\\/secure.gravatar.com\\\/avatar\\\/e0359add7ed5dc3560906d861b52c6a8cf5c1e199d3a7dd85070998f49bd4701?s=96&d=mm&r=g\",\"contentUrl\":\"https:\\\/\\\/secure.gravatar.com\\\/avatar\\\/e0359add7ed5dc3560906d861b52c6a8cf5c1e199d3a7dd85070998f49bd4701?s=96&d=mm&r=g\",\"caption\":\"afogadosfm\"},\"url\":\"https:\\\/\\\/afogadosfm.com.br\\\/afogadosfm\\\/author\\\/afogadosfm\\\/\"}]}<\/script>\n<!-- \/ Yoast SEO plugin. -->","yoast_head_json":{"title":"Morre a lenda do Boxe George Foreman aos 76 anos - Afogados FM","robots":{"index":"index","follow":"follow","max-snippet":"max-snippet:-1","max-image-preview":"max-image-preview:large","max-video-preview":"max-video-preview:-1"},"canonical":"https:\/\/afogadosfm.com.br\/afogadosfm\/2025\/03\/22\/morre-a-lenda-do-boxe-george-foreman-aos-76-anos\/","og_locale":"pt_BR","og_type":"article","og_title":"Morre a lenda do Boxe George Foreman aos 76 anos - Afogados FM","og_description":"O ex-campe\u00e3o mundial de boxe George Foreman, que teve uma luta hist\u00f3rica contra Muhammad Ali antes de recuperar o t\u00edtulo","og_url":"https:\/\/afogadosfm.com.br\/afogadosfm\/2025\/03\/22\/morre-a-lenda-do-boxe-george-foreman-aos-76-anos\/","og_site_name":"Afogados FM","article_published_time":"2025-03-22T10:09:05+00:00","article_modified_time":"2025-03-22T10:09:07+00:00","og_image":[{"width":322,"height":270,"url":"https:\/\/afogadosfm.com.br\/afogadosfm\/wp-content\/uploads\/2025\/03\/foreman.jpeg","type":"image\/jpeg"}],"author":"afogadosfm","twitter_card":"summary_large_image","twitter_misc":{"Escrito por":"afogadosfm","Est. tempo de leitura":"2 minutos"},"schema":{"@context":"https:\/\/schema.org","@graph":[{"@type":"Article","@id":"https:\/\/afogadosfm.com.br\/afogadosfm\/2025\/03\/22\/morre-a-lenda-do-boxe-george-foreman-aos-76-anos\/#article","isPartOf":{"@id":"https:\/\/afogadosfm.com.br\/afogadosfm\/2025\/03\/22\/morre-a-lenda-do-boxe-george-foreman-aos-76-anos\/"},"author":{"name":"afogadosfm","@id":"https:\/\/afogadosfm.com.br\/afogadosfm\/#\/schema\/person\/60e56f2cf5dc960fc093fe093d9e9057"},"headline":"Morre a lenda do Boxe George Foreman aos 76 anos","datePublished":"2025-03-22T10:09:05+00:00","dateModified":"2025-03-22T10:09:07+00:00","mainEntityOfPage":{"@id":"https:\/\/afogadosfm.com.br\/afogadosfm\/2025\/03\/22\/morre-a-lenda-do-boxe-george-foreman-aos-76-anos\/"},"wordCount":275,"commentCount":0,"publisher":{"@id":"https:\/\/afogadosfm.com.br\/afogadosfm\/#organization"},"image":{"@id":"https:\/\/afogadosfm.com.br\/afogadosfm\/2025\/03\/22\/morre-a-lenda-do-boxe-george-foreman-aos-76-anos\/#primaryimage"},"thumbnailUrl":"https:\/\/i0.wp.com\/afogadosfm.com.br\/afogadosfm\/wp-content\/uploads\/2025\/03\/foreman.jpeg?fit=322%2C270&ssl=1","articleSection":["Mundo"],"inLanguage":"pt-BR","potentialAction":[{"@type":"CommentAction","name":"Comment","target":["https:\/\/afogadosfm.com.br\/afogadosfm\/2025\/03\/22\/morre-a-lenda-do-boxe-george-foreman-aos-76-anos\/#respond"]}]},{"@type":"WebPage","@id":"https:\/\/afogadosfm.com.br\/afogadosfm\/2025\/03\/22\/morre-a-lenda-do-boxe-george-foreman-aos-76-anos\/","url":"https:\/\/afogadosfm.com.br\/afogadosfm\/2025\/03\/22\/morre-a-lenda-do-boxe-george-foreman-aos-76-anos\/","name":"Morre a lenda do Boxe George Foreman aos 76 anos - Afogados FM","isPartOf":{"@id":"https:\/\/afogadosfm.com.br\/afogadosfm\/#website"},"primaryImageOfPage":{"@id":"https:\/\/afogadosfm.com.br\/afogadosfm\/2025\/03\/22\/morre-a-lenda-do-boxe-george-foreman-aos-76-anos\/#primaryimage"},"image":{"@id":"https:\/\/afogadosfm.com.br\/afogadosfm\/2025\/03\/22\/morre-a-lenda-do-boxe-george-foreman-aos-76-anos\/#primaryimage"},"thumbnailUrl":"https:\/\/i0.wp.com\/afogadosfm.com.br\/afogadosfm\/wp-content\/uploads\/2025\/03\/foreman.jpeg?fit=322%2C270&ssl=1","datePublished":"2025-03-22T10:09:05+00:00","dateModified":"2025-03-22T10:09:07+00:00","breadcrumb":{"@id":"https:\/\/afogadosfm.com.br\/afogadosfm\/2025\/03\/22\/morre-a-lenda-do-boxe-george-foreman-aos-76-anos\/#breadcrumb"},"inLanguage":"pt-BR","potentialAction":[{"@type":"ReadAction","target":["https:\/\/afogadosfm.com.br\/afogadosfm\/2025\/03\/22\/morre-a-lenda-do-boxe-george-foreman-aos-76-anos\/"]}]},{"@type":"ImageObject","inLanguage":"pt-BR","@id":"https:\/\/afogadosfm.com.br\/afogadosfm\/2025\/03\/22\/morre-a-lenda-do-boxe-george-foreman-aos-76-anos\/#primaryimage","url":"https:\/\/i0.wp.com\/afogadosfm.com.br\/afogadosfm\/wp-content\/uploads\/2025\/03\/foreman.jpeg?fit=322%2C270&ssl=1","contentUrl":"https:\/\/i0.wp.com\/afogadosfm.com.br\/afogadosfm\/wp-content\/uploads\/2025\/03\/foreman.jpeg?fit=322%2C270&ssl=1","width":322,"height":270},{"@type":"BreadcrumbList","@id":"https:\/\/afogadosfm.com.br\/afogadosfm\/2025\/03\/22\/morre-a-lenda-do-boxe-george-foreman-aos-76-anos\/#breadcrumb","itemListElement":[{"@type":"ListItem","position":1,"name":"In\u00edcio","item":"https:\/\/afogadosfm.com.br\/afogadosfm\/"},{"@type":"ListItem","position":2,"name":"Morre a lenda do Boxe George Foreman aos 76 anos"}]},{"@type":"WebSite","@id":"https:\/\/afogadosfm.com.br\/afogadosfm\/#website","url":"https:\/\/afogadosfm.com.br\/afogadosfm\/","name":"Afogados FM","description":"Um site completo!","publisher":{"@id":"https:\/\/afogadosfm.com.br\/afogadosfm\/#organization"},"potentialAction":[{"@type":"SearchAction","target":{"@type":"EntryPoint","urlTemplate":"https:\/\/afogadosfm.com.br\/afogadosfm\/?s={search_term_string}"},"query-input":{"@type":"PropertyValueSpecification","valueRequired":true,"valueName":"search_term_string"}}],"inLanguage":"pt-BR"},{"@type":"Organization","@id":"https:\/\/afogadosfm.com.br\/afogadosfm\/#organization","name":"Afogados FM","url":"https:\/\/afogadosfm.com.br\/afogadosfm\/","logo":{"@type":"ImageObject","inLanguage":"pt-BR","@id":"https:\/\/afogadosfm.com.br\/afogadosfm\/#\/schema\/logo\/image\/","url":"https:\/\/i0.wp.com\/afogadosfm.com.br\/afogadosfm\/wp-content\/uploads\/2020\/06\/cropped-banner-afogados-4.jpg?fit=369%2C137&ssl=1","contentUrl":"https:\/\/i0.wp.com\/afogadosfm.com.br\/afogadosfm\/wp-content\/uploads\/2020\/06\/cropped-banner-afogados-4.jpg?fit=369%2C137&ssl=1","width":369,"height":137,"caption":"Afogados FM"},"image":{"@id":"https:\/\/afogadosfm.com.br\/afogadosfm\/#\/schema\/logo\/image\/"}},{"@type":"Person","@id":"https:\/\/afogadosfm.com.br\/afogadosfm\/#\/schema\/person\/60e56f2cf5dc960fc093fe093d9e9057","name":"afogadosfm","image":{"@type":"ImageObject","inLanguage":"pt-BR","@id":"https:\/\/secure.gravatar.com\/avatar\/e0359add7ed5dc3560906d861b52c6a8cf5c1e199d3a7dd85070998f49bd4701?s=96&d=mm&r=g","url":"https:\/\/secure.gravatar.com\/avatar\/e0359add7ed5dc3560906d861b52c6a8cf5c1e199d3a7dd85070998f49bd4701?s=96&d=mm&r=g","contentUrl":"https:\/\/secure.gravatar.com\/avatar\/e0359add7ed5dc3560906d861b52c6a8cf5c1e199d3a7dd85070998f49bd4701?s=96&d=mm&r=g","caption":"afogadosfm"},"url":"https:\/\/afogadosfm.com.br\/afogadosfm\/author\/afogadosfm\/"}]}},"jetpack_publicize_connections":[],"jetpack_featured_media_url":"https:\/\/i0.wp.com\/afogadosfm.com.br\/afogadosfm\/wp-content\/uploads\/2025\/03\/foreman.jpeg?fit=322%2C270&ssl=1","jetpack-related-posts":[],"jetpack_sharing_enabled":true,"jetpack_likes_enabled":true,"_links":{"self":[{"href":"https:\/\/afogadosfm.com.br\/afogadosfm\/wp-json\/wp\/v2\/posts\/64384","targetHints":{"allow":["GET"]}}],"collection":[{"href":"https:\/\/afogadosfm.com.br\/afogadosfm\/wp-json\/wp\/v2\/posts"}],"about":[{"href":"https:\/\/afogadosfm.com.br\/afogadosfm\/wp-json\/wp\/v2\/types\/post"}],"author":[{"embeddable":true,"href":"https:\/\/afogadosfm.com.br\/afogadosfm\/wp-json\/wp\/v2\/users\/2"}],"replies":[{"embeddable":true,"href":"https:\/\/afogadosfm.com.br\/afogadosfm\/wp-json\/wp\/v2\/comments?post=64384"}],"version-history":[{"count":1,"href":"https:\/\/afogadosfm.com.br\/afogadosfm\/wp-json\/wp\/v2\/posts\/64384\/revisions"}],"predecessor-version":[{"id":64386,"href":"https:\/\/afogadosfm.com.br\/afogadosfm\/wp-json\/wp\/v2\/posts\/64384\/revisions\/64386"}],"wp:featuredmedia":[{"embeddable":true,"href":"https:\/\/afogadosfm.com.br\/afogadosfm\/wp-json\/wp\/v2\/media\/64385"}],"wp:attachment":[{"href":"https:\/\/afogadosfm.com.br\/afogadosfm\/wp-json\/wp\/v2\/media?parent=64384"}],"wp:term":[{"taxonomy":"category","embeddable":true,"href":"https:\/\/afogadosfm.com.br\/afogadosfm\/wp-json\/wp\/v2\/categories?post=64384"},{"taxonomy":"post_tag","embeddable":true,"href":"https:\/\/afogadosfm.com.br\/afogadosfm\/wp-json\/wp\/v2\/tags?post=64384"}],"curies":[{"name":"wp","href":"https:\/\/api.w.org\/{rel}","templated":true}]}}