{"id":64455,"date":"2025-03-25T05:29:02","date_gmt":"2025-03-25T08:29:02","guid":{"rendered":"https:\/\/afogadosfm.com.br\/afogadosfm\/?p=64455"},"modified":"2025-03-25T08:28:53","modified_gmt":"2025-03-25T11:28:53","slug":"carla-zambelli-esta-a-um-voto-de-ser-condenada-pelo-stf","status":"publish","type":"post","link":"https:\/\/afogadosfm.com.br\/afogadosfm\/2025\/03\/25\/carla-zambelli-esta-a-um-voto-de-ser-condenada-pelo-stf\/","title":{"rendered":"Carla Zambelli esta a um voto de ser condenada pelo STF"},"content":{"rendered":"\n<p>A deputada federal Carla Zambelli (PL-SP) tem cinco votos para conden\u00e1-la no julgamento do Supremo Tribunal Federal (STF), que pode resultar na perda do mandato parlamentar.<\/p>\n\n\n\n<p>At\u00e9 por volta das 13h20 desta segunda-feira, 24, o relator do caso, Gilmar Mendes, e os ministros C\u00e1rmen L\u00facia, Alexandre de Moraes, Fl\u00e1vio Dino e Cristiano Zanin votaram pela condena\u00e7\u00e3o da deputada a cinco anos de pris\u00e3o. Os ministros que ainda faltam votar para condenar ou absolver Zambelli s\u00e3o Lu\u00eds Roberto Barroso, Edson Fachin, Dias Toffoli, Luiz Fux, Andr\u00e9 Mendon\u00e7a e Kassio Nunes Marques.<\/p>\n\n\n\n<p>Faltando dois votos favor\u00e1veis \u00e0 condena\u00e7\u00e3o para o plen\u00e1rio formar maioria no julgamento, que tinha a previs\u00e3o de ser encerrado nesta sexta-feira, 28, Nunes Marques pediu vista (mais tempo para an\u00e1lise) e suspendeu a vota\u00e7\u00e3o. Contudo, Zanin votou tamb\u00e9m pela condena\u00e7\u00e3o ap\u00f3s o pedido de vista, levando o placar a 5 a 0.<\/p>\n\n\n\n<p>Nunes Marques e Andr\u00e9 Mendon\u00e7a, ambos indicados pelo ex-presidente Jair Bolsonaro (PL), foram contra a abertura do processo penal quando a den\u00fancia foi recebida pela Corte, em agosto.<\/p>\n\n\n\n<p>Agora, n\u00e3o h\u00e1 data para a retomada do julgamento. As informa\u00e7\u00f5es s\u00e3o do Estad\u00e3o Conte\u00fado.<\/p>\n","protected":false},"excerpt":{"rendered":"<p>A deputada federal Carla Zambelli (PL-SP) tem cinco votos para conden\u00e1-la no julgamento do Supremo Tribunal Federal (STF), que pode<\/p>\n","protected":false},"author":2,"featured_media":3542,"comment_status":"open","ping_status":"open","sticky":false,"template":"","format":"standard","meta":{"jetpack_post_was_ever_published":false,"_jetpack_newsletter_access":"","_jetpack_dont_email_post_to_subs":false,"_jetpack_newsletter_tier_id":0,"_jetpack_memberships_contains_paywalled_content":false,"_jetpack_memberships_contains_paid_content":false,"footnotes":"","jetpack_publicize_message":"","jetpack_publicize_feature_enabled":true,"jetpack_social_post_already_shared":true,"jetpack_social_options":{"image_generator_settings":{"template":"highway","default_image_id":0,"font":"","enabled":false},"version":2}},"categories":[12],"tags":[],"class_list":["post-64455","post","type-post","status-publish","format-standard","has-post-thumbnail","hentry","category-brasil"],"yoast_head":"<!-- This site is optimized with the Yoast SEO plugin v27.5 - https:\/\/yoast.com\/product\/yoast-seo-wordpress\/ -->\n<title>Carla Zambelli esta a um voto de ser condenada pelo STF - Afogados FM<\/title>\n<meta name=\"robots\" content=\"index, follow, max-snippet:-1, max-image-preview:large, max-video-preview:-1\" \/>\n<link rel=\"canonical\" href=\"https:\/\/afogadosfm.com.br\/afogadosfm\/2025\/03\/25\/carla-zambelli-esta-a-um-voto-de-ser-condenada-pelo-stf\/\" \/>\n<meta property=\"og:locale\" content=\"pt_BR\" \/>\n<meta property=\"og:type\" content=\"article\" \/>\n<meta property=\"og:title\" content=\"Carla Zambelli esta a um voto de ser condenada pelo STF - Afogados FM\" \/>\n<meta property=\"og:description\" content=\"A deputada federal Carla Zambelli (PL-SP) tem cinco votos para conden\u00e1-la no julgamento do Supremo Tribunal Federal (STF), que pode\" \/>\n<meta property=\"og:url\" content=\"https:\/\/afogadosfm.com.br\/afogadosfm\/2025\/03\/25\/carla-zambelli-esta-a-um-voto-de-ser-condenada-pelo-stf\/\" \/>\n<meta property=\"og:site_name\" content=\"Afogados FM\" \/>\n<meta property=\"article:published_time\" content=\"2025-03-25T08:29:02+00:00\" \/>\n<meta property=\"article:modified_time\" content=\"2025-03-25T11:28:53+00:00\" \/>\n<meta property=\"og:image\" content=\"https:\/\/afogadosfm.com.br\/afogadosfm\/wp-content\/uploads\/2018\/05\/stf-jus-1.png\" \/>\n\t<meta property=\"og:image:width\" content=\"407\" \/>\n\t<meta property=\"og:image:height\" content=\"212\" \/>\n\t<meta property=\"og:image:type\" content=\"image\/png\" \/>\n<meta name=\"author\" content=\"afogadosfm\" \/>\n<meta name=\"twitter:card\" content=\"summary_large_image\" \/>\n<meta name=\"twitter:label1\" content=\"Escrito por\" \/>\n\t<meta name=\"twitter:data1\" content=\"afogadosfm\" \/>\n\t<meta name=\"twitter:label2\" content=\"Est. tempo de leitura\" \/>\n\t<meta name=\"twitter:data2\" content=\"2 minutos\" \/>\n<script type=\"application\/ld+json\" class=\"yoast-schema-graph\">{\"@context\":\"https:\\\/\\\/schema.org\",\"@graph\":[{\"@type\":\"Article\",\"@id\":\"https:\\\/\\\/afogadosfm.com.br\\\/afogadosfm\\\/2025\\\/03\\\/25\\\/carla-zambelli-esta-a-um-voto-de-ser-condenada-pelo-stf\\\/#article\",\"isPartOf\":{\"@id\":\"https:\\\/\\\/afogadosfm.com.br\\\/afogadosfm\\\/2025\\\/03\\\/25\\\/carla-zambelli-esta-a-um-voto-de-ser-condenada-pelo-stf\\\/\"},\"author\":{\"name\":\"afogadosfm\",\"@id\":\"https:\\\/\\\/afogadosfm.com.br\\\/afogadosfm\\\/#\\\/schema\\\/person\\\/60e56f2cf5dc960fc093fe093d9e9057\"},\"headline\":\"Carla Zambelli esta a um voto de ser condenada pelo STF\",\"datePublished\":\"2025-03-25T08:29:02+00:00\",\"dateModified\":\"2025-03-25T11:28:53+00:00\",\"mainEntityOfPage\":{\"@id\":\"https:\\\/\\\/afogadosfm.com.br\\\/afogadosfm\\\/2025\\\/03\\\/25\\\/carla-zambelli-esta-a-um-voto-de-ser-condenada-pelo-stf\\\/\"},\"wordCount\":217,\"commentCount\":0,\"publisher\":{\"@id\":\"https:\\\/\\\/afogadosfm.com.br\\\/afogadosfm\\\/#organization\"},\"image\":{\"@id\":\"https:\\\/\\\/afogadosfm.com.br\\\/afogadosfm\\\/2025\\\/03\\\/25\\\/carla-zambelli-esta-a-um-voto-de-ser-condenada-pelo-stf\\\/#primaryimage\"},\"thumbnailUrl\":\"https:\\\/\\\/i0.wp.com\\\/afogadosfm.com.br\\\/afogadosfm\\\/wp-content\\\/uploads\\\/2018\\\/05\\\/stf-jus-1.png?fit=407%2C212&ssl=1\",\"articleSection\":[\"Brasil\"],\"inLanguage\":\"pt-BR\",\"potentialAction\":[{\"@type\":\"CommentAction\",\"name\":\"Comment\",\"target\":[\"https:\\\/\\\/afogadosfm.com.br\\\/afogadosfm\\\/2025\\\/03\\\/25\\\/carla-zambelli-esta-a-um-voto-de-ser-condenada-pelo-stf\\\/#respond\"]}]},{\"@type\":\"WebPage\",\"@id\":\"https:\\\/\\\/afogadosfm.com.br\\\/afogadosfm\\\/2025\\\/03\\\/25\\\/carla-zambelli-esta-a-um-voto-de-ser-condenada-pelo-stf\\\/\",\"url\":\"https:\\\/\\\/afogadosfm.com.br\\\/afogadosfm\\\/2025\\\/03\\\/25\\\/carla-zambelli-esta-a-um-voto-de-ser-condenada-pelo-stf\\\/\",\"name\":\"Carla Zambelli esta a um voto de ser condenada pelo STF - Afogados FM\",\"isPartOf\":{\"@id\":\"https:\\\/\\\/afogadosfm.com.br\\\/afogadosfm\\\/#website\"},\"primaryImageOfPage\":{\"@id\":\"https:\\\/\\\/afogadosfm.com.br\\\/afogadosfm\\\/2025\\\/03\\\/25\\\/carla-zambelli-esta-a-um-voto-de-ser-condenada-pelo-stf\\\/#primaryimage\"},\"image\":{\"@id\":\"https:\\\/\\\/afogadosfm.com.br\\\/afogadosfm\\\/2025\\\/03\\\/25\\\/carla-zambelli-esta-a-um-voto-de-ser-condenada-pelo-stf\\\/#primaryimage\"},\"thumbnailUrl\":\"https:\\\/\\\/i0.wp.com\\\/afogadosfm.com.br\\\/afogadosfm\\\/wp-content\\\/uploads\\\/2018\\\/05\\\/stf-jus-1.png?fit=407%2C212&ssl=1\",\"datePublished\":\"2025-03-25T08:29:02+00:00\",\"dateModified\":\"2025-03-25T11:28:53+00:00\",\"breadcrumb\":{\"@id\":\"https:\\\/\\\/afogadosfm.com.br\\\/afogadosfm\\\/2025\\\/03\\\/25\\\/carla-zambelli-esta-a-um-voto-de-ser-condenada-pelo-stf\\\/#breadcrumb\"},\"inLanguage\":\"pt-BR\",\"potentialAction\":[{\"@type\":\"ReadAction\",\"target\":[\"https:\\\/\\\/afogadosfm.com.br\\\/afogadosfm\\\/2025\\\/03\\\/25\\\/carla-zambelli-esta-a-um-voto-de-ser-condenada-pelo-stf\\\/\"]}]},{\"@type\":\"ImageObject\",\"inLanguage\":\"pt-BR\",\"@id\":\"https:\\\/\\\/afogadosfm.com.br\\\/afogadosfm\\\/2025\\\/03\\\/25\\\/carla-zambelli-esta-a-um-voto-de-ser-condenada-pelo-stf\\\/#primaryimage\",\"url\":\"https:\\\/\\\/i0.wp.com\\\/afogadosfm.com.br\\\/afogadosfm\\\/wp-content\\\/uploads\\\/2018\\\/05\\\/stf-jus-1.png?fit=407%2C212&ssl=1\",\"contentUrl\":\"https:\\\/\\\/i0.wp.com\\\/afogadosfm.com.br\\\/afogadosfm\\\/wp-content\\\/uploads\\\/2018\\\/05\\\/stf-jus-1.png?fit=407%2C212&ssl=1\",\"width\":407,\"height\":212},{\"@type\":\"BreadcrumbList\",\"@id\":\"https:\\\/\\\/afogadosfm.com.br\\\/afogadosfm\\\/2025\\\/03\\\/25\\\/carla-zambelli-esta-a-um-voto-de-ser-condenada-pelo-stf\\\/#breadcrumb\",\"itemListElement\":[{\"@type\":\"ListItem\",\"position\":1,\"name\":\"In\u00edcio\",\"item\":\"https:\\\/\\\/afogadosfm.com.br\\\/afogadosfm\\\/\"},{\"@type\":\"ListItem\",\"position\":2,\"name\":\"Carla Zambelli esta a um voto de ser condenada pelo STF\"}]},{\"@type\":\"WebSite\",\"@id\":\"https:\\\/\\\/afogadosfm.com.br\\\/afogadosfm\\\/#website\",\"url\":\"https:\\\/\\\/afogadosfm.com.br\\\/afogadosfm\\\/\",\"name\":\"Afogados FM\",\"description\":\"Um site completo!\",\"publisher\":{\"@id\":\"https:\\\/\\\/afogadosfm.com.br\\\/afogadosfm\\\/#organization\"},\"potentialAction\":[{\"@type\":\"SearchAction\",\"target\":{\"@type\":\"EntryPoint\",\"urlTemplate\":\"https:\\\/\\\/afogadosfm.com.br\\\/afogadosfm\\\/?s={search_term_string}\"},\"query-input\":{\"@type\":\"PropertyValueSpecification\",\"valueRequired\":true,\"valueName\":\"search_term_string\"}}],\"inLanguage\":\"pt-BR\"},{\"@type\":\"Organization\",\"@id\":\"https:\\\/\\\/afogadosfm.com.br\\\/afogadosfm\\\/#organization\",\"name\":\"Afogados FM\",\"url\":\"https:\\\/\\\/afogadosfm.com.br\\\/afogadosfm\\\/\",\"logo\":{\"@type\":\"ImageObject\",\"inLanguage\":\"pt-BR\",\"@id\":\"https:\\\/\\\/afogadosfm.com.br\\\/afogadosfm\\\/#\\\/schema\\\/logo\\\/image\\\/\",\"url\":\"https:\\\/\\\/i0.wp.com\\\/afogadosfm.com.br\\\/afogadosfm\\\/wp-content\\\/uploads\\\/2020\\\/06\\\/cropped-banner-afogados-4.jpg?fit=369%2C137&ssl=1\",\"contentUrl\":\"https:\\\/\\\/i0.wp.com\\\/afogadosfm.com.br\\\/afogadosfm\\\/wp-content\\\/uploads\\\/2020\\\/06\\\/cropped-banner-afogados-4.jpg?fit=369%2C137&ssl=1\",\"width\":369,\"height\":137,\"caption\":\"Afogados FM\"},\"image\":{\"@id\":\"https:\\\/\\\/afogadosfm.com.br\\\/afogadosfm\\\/#\\\/schema\\\/logo\\\/image\\\/\"}},{\"@type\":\"Person\",\"@id\":\"https:\\\/\\\/afogadosfm.com.br\\\/afogadosfm\\\/#\\\/schema\\\/person\\\/60e56f2cf5dc960fc093fe093d9e9057\",\"name\":\"afogadosfm\",\"image\":{\"@type\":\"ImageObject\",\"inLanguage\":\"pt-BR\",\"@id\":\"https:\\\/\\\/secure.gravatar.com\\\/avatar\\\/e0359add7ed5dc3560906d861b52c6a8cf5c1e199d3a7dd85070998f49bd4701?s=96&d=mm&r=g\",\"url\":\"https:\\\/\\\/secure.gravatar.com\\\/avatar\\\/e0359add7ed5dc3560906d861b52c6a8cf5c1e199d3a7dd85070998f49bd4701?s=96&d=mm&r=g\",\"contentUrl\":\"https:\\\/\\\/secure.gravatar.com\\\/avatar\\\/e0359add7ed5dc3560906d861b52c6a8cf5c1e199d3a7dd85070998f49bd4701?s=96&d=mm&r=g\",\"caption\":\"afogadosfm\"},\"url\":\"https:\\\/\\\/afogadosfm.com.br\\\/afogadosfm\\\/author\\\/afogadosfm\\\/\"}]}<\/script>\n<!-- \/ Yoast SEO plugin. -->","yoast_head_json":{"title":"Carla Zambelli esta a um voto de ser condenada pelo STF - Afogados FM","robots":{"index":"index","follow":"follow","max-snippet":"max-snippet:-1","max-image-preview":"max-image-preview:large","max-video-preview":"max-video-preview:-1"},"canonical":"https:\/\/afogadosfm.com.br\/afogadosfm\/2025\/03\/25\/carla-zambelli-esta-a-um-voto-de-ser-condenada-pelo-stf\/","og_locale":"pt_BR","og_type":"article","og_title":"Carla Zambelli esta a um voto de ser condenada pelo STF - Afogados FM","og_description":"A deputada federal Carla Zambelli (PL-SP) tem cinco votos para conden\u00e1-la no julgamento do Supremo Tribunal Federal (STF), que pode","og_url":"https:\/\/afogadosfm.com.br\/afogadosfm\/2025\/03\/25\/carla-zambelli-esta-a-um-voto-de-ser-condenada-pelo-stf\/","og_site_name":"Afogados FM","article_published_time":"2025-03-25T08:29:02+00:00","article_modified_time":"2025-03-25T11:28:53+00:00","og_image":[{"width":407,"height":212,"url":"https:\/\/afogadosfm.com.br\/afogadosfm\/wp-content\/uploads\/2018\/05\/stf-jus-1.png","type":"image\/png"}],"author":"afogadosfm","twitter_card":"summary_large_image","twitter_misc":{"Escrito por":"afogadosfm","Est. tempo de leitura":"2 minutos"},"schema":{"@context":"https:\/\/schema.org","@graph":[{"@type":"Article","@id":"https:\/\/afogadosfm.com.br\/afogadosfm\/2025\/03\/25\/carla-zambelli-esta-a-um-voto-de-ser-condenada-pelo-stf\/#article","isPartOf":{"@id":"https:\/\/afogadosfm.com.br\/afogadosfm\/2025\/03\/25\/carla-zambelli-esta-a-um-voto-de-ser-condenada-pelo-stf\/"},"author":{"name":"afogadosfm","@id":"https:\/\/afogadosfm.com.br\/afogadosfm\/#\/schema\/person\/60e56f2cf5dc960fc093fe093d9e9057"},"headline":"Carla Zambelli esta a um voto de ser condenada pelo STF","datePublished":"2025-03-25T08:29:02+00:00","dateModified":"2025-03-25T11:28:53+00:00","mainEntityOfPage":{"@id":"https:\/\/afogadosfm.com.br\/afogadosfm\/2025\/03\/25\/carla-zambelli-esta-a-um-voto-de-ser-condenada-pelo-stf\/"},"wordCount":217,"commentCount":0,"publisher":{"@id":"https:\/\/afogadosfm.com.br\/afogadosfm\/#organization"},"image":{"@id":"https:\/\/afogadosfm.com.br\/afogadosfm\/2025\/03\/25\/carla-zambelli-esta-a-um-voto-de-ser-condenada-pelo-stf\/#primaryimage"},"thumbnailUrl":"https:\/\/i0.wp.com\/afogadosfm.com.br\/afogadosfm\/wp-content\/uploads\/2018\/05\/stf-jus-1.png?fit=407%2C212&ssl=1","articleSection":["Brasil"],"inLanguage":"pt-BR","potentialAction":[{"@type":"CommentAction","name":"Comment","target":["https:\/\/afogadosfm.com.br\/afogadosfm\/2025\/03\/25\/carla-zambelli-esta-a-um-voto-de-ser-condenada-pelo-stf\/#respond"]}]},{"@type":"WebPage","@id":"https:\/\/afogadosfm.com.br\/afogadosfm\/2025\/03\/25\/carla-zambelli-esta-a-um-voto-de-ser-condenada-pelo-stf\/","url":"https:\/\/afogadosfm.com.br\/afogadosfm\/2025\/03\/25\/carla-zambelli-esta-a-um-voto-de-ser-condenada-pelo-stf\/","name":"Carla Zambelli esta a um voto de ser condenada pelo STF - Afogados FM","isPartOf":{"@id":"https:\/\/afogadosfm.com.br\/afogadosfm\/#website"},"primaryImageOfPage":{"@id":"https:\/\/afogadosfm.com.br\/afogadosfm\/2025\/03\/25\/carla-zambelli-esta-a-um-voto-de-ser-condenada-pelo-stf\/#primaryimage"},"image":{"@id":"https:\/\/afogadosfm.com.br\/afogadosfm\/2025\/03\/25\/carla-zambelli-esta-a-um-voto-de-ser-condenada-pelo-stf\/#primaryimage"},"thumbnailUrl":"https:\/\/i0.wp.com\/afogadosfm.com.br\/afogadosfm\/wp-content\/uploads\/2018\/05\/stf-jus-1.png?fit=407%2C212&ssl=1","datePublished":"2025-03-25T08:29:02+00:00","dateModified":"2025-03-25T11:28:53+00:00","breadcrumb":{"@id":"https:\/\/afogadosfm.com.br\/afogadosfm\/2025\/03\/25\/carla-zambelli-esta-a-um-voto-de-ser-condenada-pelo-stf\/#breadcrumb"},"inLanguage":"pt-BR","potentialAction":[{"@type":"ReadAction","target":["https:\/\/afogadosfm.com.br\/afogadosfm\/2025\/03\/25\/carla-zambelli-esta-a-um-voto-de-ser-condenada-pelo-stf\/"]}]},{"@type":"ImageObject","inLanguage":"pt-BR","@id":"https:\/\/afogadosfm.com.br\/afogadosfm\/2025\/03\/25\/carla-zambelli-esta-a-um-voto-de-ser-condenada-pelo-stf\/#primaryimage","url":"https:\/\/i0.wp.com\/afogadosfm.com.br\/afogadosfm\/wp-content\/uploads\/2018\/05\/stf-jus-1.png?fit=407%2C212&ssl=1","contentUrl":"https:\/\/i0.wp.com\/afogadosfm.com.br\/afogadosfm\/wp-content\/uploads\/2018\/05\/stf-jus-1.png?fit=407%2C212&ssl=1","width":407,"height":212},{"@type":"BreadcrumbList","@id":"https:\/\/afogadosfm.com.br\/afogadosfm\/2025\/03\/25\/carla-zambelli-esta-a-um-voto-de-ser-condenada-pelo-stf\/#breadcrumb","itemListElement":[{"@type":"ListItem","position":1,"name":"In\u00edcio","item":"https:\/\/afogadosfm.com.br\/afogadosfm\/"},{"@type":"ListItem","position":2,"name":"Carla Zambelli esta a um voto de ser condenada pelo STF"}]},{"@type":"WebSite","@id":"https:\/\/afogadosfm.com.br\/afogadosfm\/#website","url":"https:\/\/afogadosfm.com.br\/afogadosfm\/","name":"Afogados FM","description":"Um site completo!","publisher":{"@id":"https:\/\/afogadosfm.com.br\/afogadosfm\/#organization"},"potentialAction":[{"@type":"SearchAction","target":{"@type":"EntryPoint","urlTemplate":"https:\/\/afogadosfm.com.br\/afogadosfm\/?s={search_term_string}"},"query-input":{"@type":"PropertyValueSpecification","valueRequired":true,"valueName":"search_term_string"}}],"inLanguage":"pt-BR"},{"@type":"Organization","@id":"https:\/\/afogadosfm.com.br\/afogadosfm\/#organization","name":"Afogados FM","url":"https:\/\/afogadosfm.com.br\/afogadosfm\/","logo":{"@type":"ImageObject","inLanguage":"pt-BR","@id":"https:\/\/afogadosfm.com.br\/afogadosfm\/#\/schema\/logo\/image\/","url":"https:\/\/i0.wp.com\/afogadosfm.com.br\/afogadosfm\/wp-content\/uploads\/2020\/06\/cropped-banner-afogados-4.jpg?fit=369%2C137&ssl=1","contentUrl":"https:\/\/i0.wp.com\/afogadosfm.com.br\/afogadosfm\/wp-content\/uploads\/2020\/06\/cropped-banner-afogados-4.jpg?fit=369%2C137&ssl=1","width":369,"height":137,"caption":"Afogados FM"},"image":{"@id":"https:\/\/afogadosfm.com.br\/afogadosfm\/#\/schema\/logo\/image\/"}},{"@type":"Person","@id":"https:\/\/afogadosfm.com.br\/afogadosfm\/#\/schema\/person\/60e56f2cf5dc960fc093fe093d9e9057","name":"afogadosfm","image":{"@type":"ImageObject","inLanguage":"pt-BR","@id":"https:\/\/secure.gravatar.com\/avatar\/e0359add7ed5dc3560906d861b52c6a8cf5c1e199d3a7dd85070998f49bd4701?s=96&d=mm&r=g","url":"https:\/\/secure.gravatar.com\/avatar\/e0359add7ed5dc3560906d861b52c6a8cf5c1e199d3a7dd85070998f49bd4701?s=96&d=mm&r=g","contentUrl":"https:\/\/secure.gravatar.com\/avatar\/e0359add7ed5dc3560906d861b52c6a8cf5c1e199d3a7dd85070998f49bd4701?s=96&d=mm&r=g","caption":"afogadosfm"},"url":"https:\/\/afogadosfm.com.br\/afogadosfm\/author\/afogadosfm\/"}]}},"jetpack_publicize_connections":[],"jetpack_featured_media_url":"https:\/\/i0.wp.com\/afogadosfm.com.br\/afogadosfm\/wp-content\/uploads\/2018\/05\/stf-jus-1.png?fit=407%2C212&ssl=1","jetpack-related-posts":[],"jetpack_sharing_enabled":true,"jetpack_likes_enabled":true,"_links":{"self":[{"href":"https:\/\/afogadosfm.com.br\/afogadosfm\/wp-json\/wp\/v2\/posts\/64455","targetHints":{"allow":["GET"]}}],"collection":[{"href":"https:\/\/afogadosfm.com.br\/afogadosfm\/wp-json\/wp\/v2\/posts"}],"about":[{"href":"https:\/\/afogadosfm.com.br\/afogadosfm\/wp-json\/wp\/v2\/types\/post"}],"author":[{"embeddable":true,"href":"https:\/\/afogadosfm.com.br\/afogadosfm\/wp-json\/wp\/v2\/users\/2"}],"replies":[{"embeddable":true,"href":"https:\/\/afogadosfm.com.br\/afogadosfm\/wp-json\/wp\/v2\/comments?post=64455"}],"version-history":[{"count":1,"href":"https:\/\/afogadosfm.com.br\/afogadosfm\/wp-json\/wp\/v2\/posts\/64455\/revisions"}],"predecessor-version":[{"id":64456,"href":"https:\/\/afogadosfm.com.br\/afogadosfm\/wp-json\/wp\/v2\/posts\/64455\/revisions\/64456"}],"wp:featuredmedia":[{"embeddable":true,"href":"https:\/\/afogadosfm.com.br\/afogadosfm\/wp-json\/wp\/v2\/media\/3542"}],"wp:attachment":[{"href":"https:\/\/afogadosfm.com.br\/afogadosfm\/wp-json\/wp\/v2\/media?parent=64455"}],"wp:term":[{"taxonomy":"category","embeddable":true,"href":"https:\/\/afogadosfm.com.br\/afogadosfm\/wp-json\/wp\/v2\/categories?post=64455"},{"taxonomy":"post_tag","embeddable":true,"href":"https:\/\/afogadosfm.com.br\/afogadosfm\/wp-json\/wp\/v2\/tags?post=64455"}],"curies":[{"name":"wp","href":"https:\/\/api.w.org\/{rel}","templated":true}]}}