{"id":65079,"date":"2025-04-16T06:26:06","date_gmt":"2025-04-16T09:26:06","guid":{"rendered":"https:\/\/afogadosfm.com.br\/afogadosfm\/?p=65079"},"modified":"2025-04-16T06:26:07","modified_gmt":"2025-04-16T09:26:07","slug":"oms-anunciou-acordo-historico-sobre-combate-a-futuras-pandemias","status":"publish","type":"post","link":"https:\/\/afogadosfm.com.br\/afogadosfm\/2025\/04\/16\/oms-anunciou-acordo-historico-sobre-combate-a-futuras-pandemias\/","title":{"rendered":"OMS anunciou acordo hist\u00f3rico sobre combate a futuras pandemias"},"content":{"rendered":"\n<p>Ap\u00f3s tr\u00eas anos de negocia\u00e7\u00f5es, os pa\u00edses-membros da Organiza\u00e7\u00e3o Mundial da Sa\u00fade (OMS) aprovaram nesta quarta-feira (16, data local) um acordo hist\u00f3rico para enfrentar pandemias, anunciou a entidade.<\/p>\n\n\n\n<p>&#8220;Os Estados-membros da OMS deram um grande passo adiante em seus esfor\u00e7os para conseguir um mundo mais seguro diante das pandemias, ao elaborar um projeto de acordo que ser\u00e1 debatido na pr\u00f3xima Assembleia Mundial da Sa\u00fade em maio&#8221;, indicou a OMS em comunicado.<\/p>\n\n\n\n<p>O acordo foi alcan\u00e7ado por volta das 2h locais desta quarta-feira (21h da ter\u00e7a-feira em Bras\u00edlia), disse um delegado \u00e0 AFP. &#8220;As na\u00e7\u00f5es do mundo fizeram hist\u00f3ria hoje em Genebra&#8221;, afirmou o diretor-geral da OMS, Tedros Adhanom Ghebreyesus.<\/p>\n\n\n\n<p>&#8220;Ao chegarem a um consenso sobre o Acordo de Pandemia, n\u00e3o s\u00f3 estabeleceram um acordo geracional para tornar o mundo mais seguro, mas tamb\u00e9m demonstraram que o multilateralismo est\u00e1 vivo e bem, e que, em nosso mundo dividido, as na\u00e7\u00f5es ainda podem trabalhar juntas para encontrar um terreno comum e uma resposta compartilhada \u00e0s amea\u00e7as comuns&#8221;, acrescentou Tedros.<\/p>\n\n\n\n<p>Cinco anos depois que a covid-19 come\u00e7ou a matar milh\u00f5es de pessoas e devastou economias, um senso de urg\u00eancia crescente dominou as conversas, em meio ao surgimento de novas amea\u00e7as sanit\u00e1rias como a gripe avi\u00e1ria, o sarampo e o ebola.<\/p>\n\n\n\n<p>O principal obst\u00e1culo nas discuss\u00f5es foi o artigo 11, sobre a transfer\u00eancia de tecnologia para a fabrica\u00e7\u00e3o de produtos de sa\u00fade ligados \u00e0s pandemias, sobretudo em benef\u00edcio dos pa\u00edses em desenvolvimento.<\/p>\n\n\n\n<p>Esse tema foi motivo de numerosas reivindica\u00e7\u00f5es dos pa\u00edses mais pobres durante a pandemia de covid-19, quando viram como as na\u00e7\u00f5es ricas acumulavam doses de vacinas e de testes contra o novo coronav\u00edrus.<\/p>\n\n\n\n<p>Muitos pa\u00edses nos quais a ind\u00fastria farmac\u00eautica representa parte importante de sua economia s\u00e3o contr\u00e1rios \u00e0 transfer\u00eancia obrigat\u00f3ria e insistem em seu car\u00e1ter volunt\u00e1rio.<\/p>\n\n\n\n<p>Por fim, chegou-se a um consenso sobre o princ\u00edpio da transfer\u00eancia tecnol\u00f3gica &#8220;de m\u00fatuo acordo&#8221;.<\/p>\n","protected":false},"excerpt":{"rendered":"<p>Ap\u00f3s tr\u00eas anos de negocia\u00e7\u00f5es, os pa\u00edses-membros da Organiza\u00e7\u00e3o Mundial da Sa\u00fade (OMS) aprovaram nesta quarta-feira (16, data local) um<\/p>\n","protected":false},"author":2,"featured_media":24188,"comment_status":"open","ping_status":"open","sticky":false,"template":"","format":"standard","meta":{"jetpack_post_was_ever_published":false,"_jetpack_newsletter_access":"","_jetpack_dont_email_post_to_subs":false,"_jetpack_newsletter_tier_id":0,"_jetpack_memberships_contains_paywalled_content":false,"_jetpack_memberships_contains_paid_content":false,"footnotes":"","jetpack_publicize_message":"","jetpack_publicize_feature_enabled":true,"jetpack_social_post_already_shared":true,"jetpack_social_options":{"image_generator_settings":{"template":"highway","default_image_id":0,"font":"","enabled":false},"version":2}},"categories":[37],"tags":[],"class_list":["post-65079","post","type-post","status-publish","format-standard","has-post-thumbnail","hentry","category-saude"],"yoast_head":"<!-- This site is optimized with the Yoast SEO plugin v27.5 - https:\/\/yoast.com\/product\/yoast-seo-wordpress\/ -->\n<title>OMS anunciou acordo hist\u00f3rico sobre combate a futuras pandemias - Afogados FM<\/title>\n<meta name=\"robots\" content=\"index, follow, max-snippet:-1, max-image-preview:large, max-video-preview:-1\" \/>\n<link rel=\"canonical\" href=\"https:\/\/afogadosfm.com.br\/afogadosfm\/2025\/04\/16\/oms-anunciou-acordo-historico-sobre-combate-a-futuras-pandemias\/\" \/>\n<meta property=\"og:locale\" content=\"pt_BR\" \/>\n<meta property=\"og:type\" content=\"article\" \/>\n<meta property=\"og:title\" content=\"OMS anunciou acordo hist\u00f3rico sobre combate a futuras pandemias - Afogados FM\" \/>\n<meta property=\"og:description\" content=\"Ap\u00f3s tr\u00eas anos de negocia\u00e7\u00f5es, os pa\u00edses-membros da Organiza\u00e7\u00e3o Mundial da Sa\u00fade (OMS) aprovaram nesta quarta-feira (16, data local) um\" \/>\n<meta property=\"og:url\" content=\"https:\/\/afogadosfm.com.br\/afogadosfm\/2025\/04\/16\/oms-anunciou-acordo-historico-sobre-combate-a-futuras-pandemias\/\" \/>\n<meta property=\"og:site_name\" content=\"Afogados FM\" \/>\n<meta property=\"article:published_time\" content=\"2025-04-16T09:26:06+00:00\" \/>\n<meta property=\"article:modified_time\" content=\"2025-04-16T09:26:07+00:00\" \/>\n<meta property=\"og:image\" content=\"https:\/\/afogadosfm.com.br\/afogadosfm\/wp-content\/uploads\/2021\/03\/mascaracovid.jpg\" \/>\n\t<meta property=\"og:image:width\" content=\"1170\" \/>\n\t<meta property=\"og:image:height\" content=\"700\" \/>\n\t<meta property=\"og:image:type\" content=\"image\/jpeg\" \/>\n<meta name=\"author\" content=\"afogadosfm\" \/>\n<meta name=\"twitter:card\" content=\"summary_large_image\" \/>\n<meta name=\"twitter:label1\" content=\"Escrito por\" \/>\n\t<meta name=\"twitter:data1\" content=\"afogadosfm\" \/>\n\t<meta name=\"twitter:label2\" content=\"Est. tempo de leitura\" \/>\n\t<meta name=\"twitter:data2\" content=\"2 minutos\" \/>\n<script type=\"application\/ld+json\" class=\"yoast-schema-graph\">{\"@context\":\"https:\\\/\\\/schema.org\",\"@graph\":[{\"@type\":\"Article\",\"@id\":\"https:\\\/\\\/afogadosfm.com.br\\\/afogadosfm\\\/2025\\\/04\\\/16\\\/oms-anunciou-acordo-historico-sobre-combate-a-futuras-pandemias\\\/#article\",\"isPartOf\":{\"@id\":\"https:\\\/\\\/afogadosfm.com.br\\\/afogadosfm\\\/2025\\\/04\\\/16\\\/oms-anunciou-acordo-historico-sobre-combate-a-futuras-pandemias\\\/\"},\"author\":{\"name\":\"afogadosfm\",\"@id\":\"https:\\\/\\\/afogadosfm.com.br\\\/afogadosfm\\\/#\\\/schema\\\/person\\\/60e56f2cf5dc960fc093fe093d9e9057\"},\"headline\":\"OMS anunciou acordo hist\u00f3rico sobre combate a futuras pandemias\",\"datePublished\":\"2025-04-16T09:26:06+00:00\",\"dateModified\":\"2025-04-16T09:26:07+00:00\",\"mainEntityOfPage\":{\"@id\":\"https:\\\/\\\/afogadosfm.com.br\\\/afogadosfm\\\/2025\\\/04\\\/16\\\/oms-anunciou-acordo-historico-sobre-combate-a-futuras-pandemias\\\/\"},\"wordCount\":365,\"commentCount\":0,\"publisher\":{\"@id\":\"https:\\\/\\\/afogadosfm.com.br\\\/afogadosfm\\\/#organization\"},\"image\":{\"@id\":\"https:\\\/\\\/afogadosfm.com.br\\\/afogadosfm\\\/2025\\\/04\\\/16\\\/oms-anunciou-acordo-historico-sobre-combate-a-futuras-pandemias\\\/#primaryimage\"},\"thumbnailUrl\":\"https:\\\/\\\/i0.wp.com\\\/afogadosfm.com.br\\\/afogadosfm\\\/wp-content\\\/uploads\\\/2021\\\/03\\\/mascaracovid.jpg?fit=1170%2C700&ssl=1\",\"articleSection\":[\"Sa\u00fade\"],\"inLanguage\":\"pt-BR\",\"potentialAction\":[{\"@type\":\"CommentAction\",\"name\":\"Comment\",\"target\":[\"https:\\\/\\\/afogadosfm.com.br\\\/afogadosfm\\\/2025\\\/04\\\/16\\\/oms-anunciou-acordo-historico-sobre-combate-a-futuras-pandemias\\\/#respond\"]}]},{\"@type\":\"WebPage\",\"@id\":\"https:\\\/\\\/afogadosfm.com.br\\\/afogadosfm\\\/2025\\\/04\\\/16\\\/oms-anunciou-acordo-historico-sobre-combate-a-futuras-pandemias\\\/\",\"url\":\"https:\\\/\\\/afogadosfm.com.br\\\/afogadosfm\\\/2025\\\/04\\\/16\\\/oms-anunciou-acordo-historico-sobre-combate-a-futuras-pandemias\\\/\",\"name\":\"OMS anunciou acordo hist\u00f3rico sobre combate a futuras pandemias - Afogados FM\",\"isPartOf\":{\"@id\":\"https:\\\/\\\/afogadosfm.com.br\\\/afogadosfm\\\/#website\"},\"primaryImageOfPage\":{\"@id\":\"https:\\\/\\\/afogadosfm.com.br\\\/afogadosfm\\\/2025\\\/04\\\/16\\\/oms-anunciou-acordo-historico-sobre-combate-a-futuras-pandemias\\\/#primaryimage\"},\"image\":{\"@id\":\"https:\\\/\\\/afogadosfm.com.br\\\/afogadosfm\\\/2025\\\/04\\\/16\\\/oms-anunciou-acordo-historico-sobre-combate-a-futuras-pandemias\\\/#primaryimage\"},\"thumbnailUrl\":\"https:\\\/\\\/i0.wp.com\\\/afogadosfm.com.br\\\/afogadosfm\\\/wp-content\\\/uploads\\\/2021\\\/03\\\/mascaracovid.jpg?fit=1170%2C700&ssl=1\",\"datePublished\":\"2025-04-16T09:26:06+00:00\",\"dateModified\":\"2025-04-16T09:26:07+00:00\",\"breadcrumb\":{\"@id\":\"https:\\\/\\\/afogadosfm.com.br\\\/afogadosfm\\\/2025\\\/04\\\/16\\\/oms-anunciou-acordo-historico-sobre-combate-a-futuras-pandemias\\\/#breadcrumb\"},\"inLanguage\":\"pt-BR\",\"potentialAction\":[{\"@type\":\"ReadAction\",\"target\":[\"https:\\\/\\\/afogadosfm.com.br\\\/afogadosfm\\\/2025\\\/04\\\/16\\\/oms-anunciou-acordo-historico-sobre-combate-a-futuras-pandemias\\\/\"]}]},{\"@type\":\"ImageObject\",\"inLanguage\":\"pt-BR\",\"@id\":\"https:\\\/\\\/afogadosfm.com.br\\\/afogadosfm\\\/2025\\\/04\\\/16\\\/oms-anunciou-acordo-historico-sobre-combate-a-futuras-pandemias\\\/#primaryimage\",\"url\":\"https:\\\/\\\/i0.wp.com\\\/afogadosfm.com.br\\\/afogadosfm\\\/wp-content\\\/uploads\\\/2021\\\/03\\\/mascaracovid.jpg?fit=1170%2C700&ssl=1\",\"contentUrl\":\"https:\\\/\\\/i0.wp.com\\\/afogadosfm.com.br\\\/afogadosfm\\\/wp-content\\\/uploads\\\/2021\\\/03\\\/mascaracovid.jpg?fit=1170%2C700&ssl=1\",\"width\":1170,\"height\":700,\"caption\":\"Uso de m\u00e1scara para prote\u00e7\u00e3o contra o novo coronav\u00edrus.\"},{\"@type\":\"BreadcrumbList\",\"@id\":\"https:\\\/\\\/afogadosfm.com.br\\\/afogadosfm\\\/2025\\\/04\\\/16\\\/oms-anunciou-acordo-historico-sobre-combate-a-futuras-pandemias\\\/#breadcrumb\",\"itemListElement\":[{\"@type\":\"ListItem\",\"position\":1,\"name\":\"In\u00edcio\",\"item\":\"https:\\\/\\\/afogadosfm.com.br\\\/afogadosfm\\\/\"},{\"@type\":\"ListItem\",\"position\":2,\"name\":\"OMS anunciou acordo hist\u00f3rico sobre combate a futuras pandemias\"}]},{\"@type\":\"WebSite\",\"@id\":\"https:\\\/\\\/afogadosfm.com.br\\\/afogadosfm\\\/#website\",\"url\":\"https:\\\/\\\/afogadosfm.com.br\\\/afogadosfm\\\/\",\"name\":\"Afogados FM\",\"description\":\"Um site completo!\",\"publisher\":{\"@id\":\"https:\\\/\\\/afogadosfm.com.br\\\/afogadosfm\\\/#organization\"},\"potentialAction\":[{\"@type\":\"SearchAction\",\"target\":{\"@type\":\"EntryPoint\",\"urlTemplate\":\"https:\\\/\\\/afogadosfm.com.br\\\/afogadosfm\\\/?s={search_term_string}\"},\"query-input\":{\"@type\":\"PropertyValueSpecification\",\"valueRequired\":true,\"valueName\":\"search_term_string\"}}],\"inLanguage\":\"pt-BR\"},{\"@type\":\"Organization\",\"@id\":\"https:\\\/\\\/afogadosfm.com.br\\\/afogadosfm\\\/#organization\",\"name\":\"Afogados FM\",\"url\":\"https:\\\/\\\/afogadosfm.com.br\\\/afogadosfm\\\/\",\"logo\":{\"@type\":\"ImageObject\",\"inLanguage\":\"pt-BR\",\"@id\":\"https:\\\/\\\/afogadosfm.com.br\\\/afogadosfm\\\/#\\\/schema\\\/logo\\\/image\\\/\",\"url\":\"https:\\\/\\\/i0.wp.com\\\/afogadosfm.com.br\\\/afogadosfm\\\/wp-content\\\/uploads\\\/2020\\\/06\\\/cropped-banner-afogados-4.jpg?fit=369%2C137&ssl=1\",\"contentUrl\":\"https:\\\/\\\/i0.wp.com\\\/afogadosfm.com.br\\\/afogadosfm\\\/wp-content\\\/uploads\\\/2020\\\/06\\\/cropped-banner-afogados-4.jpg?fit=369%2C137&ssl=1\",\"width\":369,\"height\":137,\"caption\":\"Afogados FM\"},\"image\":{\"@id\":\"https:\\\/\\\/afogadosfm.com.br\\\/afogadosfm\\\/#\\\/schema\\\/logo\\\/image\\\/\"}},{\"@type\":\"Person\",\"@id\":\"https:\\\/\\\/afogadosfm.com.br\\\/afogadosfm\\\/#\\\/schema\\\/person\\\/60e56f2cf5dc960fc093fe093d9e9057\",\"name\":\"afogadosfm\",\"image\":{\"@type\":\"ImageObject\",\"inLanguage\":\"pt-BR\",\"@id\":\"https:\\\/\\\/secure.gravatar.com\\\/avatar\\\/e0359add7ed5dc3560906d861b52c6a8cf5c1e199d3a7dd85070998f49bd4701?s=96&d=mm&r=g\",\"url\":\"https:\\\/\\\/secure.gravatar.com\\\/avatar\\\/e0359add7ed5dc3560906d861b52c6a8cf5c1e199d3a7dd85070998f49bd4701?s=96&d=mm&r=g\",\"contentUrl\":\"https:\\\/\\\/secure.gravatar.com\\\/avatar\\\/e0359add7ed5dc3560906d861b52c6a8cf5c1e199d3a7dd85070998f49bd4701?s=96&d=mm&r=g\",\"caption\":\"afogadosfm\"},\"url\":\"https:\\\/\\\/afogadosfm.com.br\\\/afogadosfm\\\/author\\\/afogadosfm\\\/\"}]}<\/script>\n<!-- \/ Yoast SEO plugin. -->","yoast_head_json":{"title":"OMS anunciou acordo hist\u00f3rico sobre combate a futuras pandemias - Afogados FM","robots":{"index":"index","follow":"follow","max-snippet":"max-snippet:-1","max-image-preview":"max-image-preview:large","max-video-preview":"max-video-preview:-1"},"canonical":"https:\/\/afogadosfm.com.br\/afogadosfm\/2025\/04\/16\/oms-anunciou-acordo-historico-sobre-combate-a-futuras-pandemias\/","og_locale":"pt_BR","og_type":"article","og_title":"OMS anunciou acordo hist\u00f3rico sobre combate a futuras pandemias - Afogados FM","og_description":"Ap\u00f3s tr\u00eas anos de negocia\u00e7\u00f5es, os pa\u00edses-membros da Organiza\u00e7\u00e3o Mundial da Sa\u00fade (OMS) aprovaram nesta quarta-feira (16, data local) um","og_url":"https:\/\/afogadosfm.com.br\/afogadosfm\/2025\/04\/16\/oms-anunciou-acordo-historico-sobre-combate-a-futuras-pandemias\/","og_site_name":"Afogados FM","article_published_time":"2025-04-16T09:26:06+00:00","article_modified_time":"2025-04-16T09:26:07+00:00","og_image":[{"width":1170,"height":700,"url":"https:\/\/afogadosfm.com.br\/afogadosfm\/wp-content\/uploads\/2021\/03\/mascaracovid.jpg","type":"image\/jpeg"}],"author":"afogadosfm","twitter_card":"summary_large_image","twitter_misc":{"Escrito por":"afogadosfm","Est. tempo de leitura":"2 minutos"},"schema":{"@context":"https:\/\/schema.org","@graph":[{"@type":"Article","@id":"https:\/\/afogadosfm.com.br\/afogadosfm\/2025\/04\/16\/oms-anunciou-acordo-historico-sobre-combate-a-futuras-pandemias\/#article","isPartOf":{"@id":"https:\/\/afogadosfm.com.br\/afogadosfm\/2025\/04\/16\/oms-anunciou-acordo-historico-sobre-combate-a-futuras-pandemias\/"},"author":{"name":"afogadosfm","@id":"https:\/\/afogadosfm.com.br\/afogadosfm\/#\/schema\/person\/60e56f2cf5dc960fc093fe093d9e9057"},"headline":"OMS anunciou acordo hist\u00f3rico sobre combate a futuras pandemias","datePublished":"2025-04-16T09:26:06+00:00","dateModified":"2025-04-16T09:26:07+00:00","mainEntityOfPage":{"@id":"https:\/\/afogadosfm.com.br\/afogadosfm\/2025\/04\/16\/oms-anunciou-acordo-historico-sobre-combate-a-futuras-pandemias\/"},"wordCount":365,"commentCount":0,"publisher":{"@id":"https:\/\/afogadosfm.com.br\/afogadosfm\/#organization"},"image":{"@id":"https:\/\/afogadosfm.com.br\/afogadosfm\/2025\/04\/16\/oms-anunciou-acordo-historico-sobre-combate-a-futuras-pandemias\/#primaryimage"},"thumbnailUrl":"https:\/\/i0.wp.com\/afogadosfm.com.br\/afogadosfm\/wp-content\/uploads\/2021\/03\/mascaracovid.jpg?fit=1170%2C700&ssl=1","articleSection":["Sa\u00fade"],"inLanguage":"pt-BR","potentialAction":[{"@type":"CommentAction","name":"Comment","target":["https:\/\/afogadosfm.com.br\/afogadosfm\/2025\/04\/16\/oms-anunciou-acordo-historico-sobre-combate-a-futuras-pandemias\/#respond"]}]},{"@type":"WebPage","@id":"https:\/\/afogadosfm.com.br\/afogadosfm\/2025\/04\/16\/oms-anunciou-acordo-historico-sobre-combate-a-futuras-pandemias\/","url":"https:\/\/afogadosfm.com.br\/afogadosfm\/2025\/04\/16\/oms-anunciou-acordo-historico-sobre-combate-a-futuras-pandemias\/","name":"OMS anunciou acordo hist\u00f3rico sobre combate a futuras pandemias - Afogados FM","isPartOf":{"@id":"https:\/\/afogadosfm.com.br\/afogadosfm\/#website"},"primaryImageOfPage":{"@id":"https:\/\/afogadosfm.com.br\/afogadosfm\/2025\/04\/16\/oms-anunciou-acordo-historico-sobre-combate-a-futuras-pandemias\/#primaryimage"},"image":{"@id":"https:\/\/afogadosfm.com.br\/afogadosfm\/2025\/04\/16\/oms-anunciou-acordo-historico-sobre-combate-a-futuras-pandemias\/#primaryimage"},"thumbnailUrl":"https:\/\/i0.wp.com\/afogadosfm.com.br\/afogadosfm\/wp-content\/uploads\/2021\/03\/mascaracovid.jpg?fit=1170%2C700&ssl=1","datePublished":"2025-04-16T09:26:06+00:00","dateModified":"2025-04-16T09:26:07+00:00","breadcrumb":{"@id":"https:\/\/afogadosfm.com.br\/afogadosfm\/2025\/04\/16\/oms-anunciou-acordo-historico-sobre-combate-a-futuras-pandemias\/#breadcrumb"},"inLanguage":"pt-BR","potentialAction":[{"@type":"ReadAction","target":["https:\/\/afogadosfm.com.br\/afogadosfm\/2025\/04\/16\/oms-anunciou-acordo-historico-sobre-combate-a-futuras-pandemias\/"]}]},{"@type":"ImageObject","inLanguage":"pt-BR","@id":"https:\/\/afogadosfm.com.br\/afogadosfm\/2025\/04\/16\/oms-anunciou-acordo-historico-sobre-combate-a-futuras-pandemias\/#primaryimage","url":"https:\/\/i0.wp.com\/afogadosfm.com.br\/afogadosfm\/wp-content\/uploads\/2021\/03\/mascaracovid.jpg?fit=1170%2C700&ssl=1","contentUrl":"https:\/\/i0.wp.com\/afogadosfm.com.br\/afogadosfm\/wp-content\/uploads\/2021\/03\/mascaracovid.jpg?fit=1170%2C700&ssl=1","width":1170,"height":700,"caption":"Uso de m\u00e1scara para prote\u00e7\u00e3o contra o novo coronav\u00edrus."},{"@type":"BreadcrumbList","@id":"https:\/\/afogadosfm.com.br\/afogadosfm\/2025\/04\/16\/oms-anunciou-acordo-historico-sobre-combate-a-futuras-pandemias\/#breadcrumb","itemListElement":[{"@type":"ListItem","position":1,"name":"In\u00edcio","item":"https:\/\/afogadosfm.com.br\/afogadosfm\/"},{"@type":"ListItem","position":2,"name":"OMS anunciou acordo hist\u00f3rico sobre combate a futuras pandemias"}]},{"@type":"WebSite","@id":"https:\/\/afogadosfm.com.br\/afogadosfm\/#website","url":"https:\/\/afogadosfm.com.br\/afogadosfm\/","name":"Afogados FM","description":"Um site completo!","publisher":{"@id":"https:\/\/afogadosfm.com.br\/afogadosfm\/#organization"},"potentialAction":[{"@type":"SearchAction","target":{"@type":"EntryPoint","urlTemplate":"https:\/\/afogadosfm.com.br\/afogadosfm\/?s={search_term_string}"},"query-input":{"@type":"PropertyValueSpecification","valueRequired":true,"valueName":"search_term_string"}}],"inLanguage":"pt-BR"},{"@type":"Organization","@id":"https:\/\/afogadosfm.com.br\/afogadosfm\/#organization","name":"Afogados FM","url":"https:\/\/afogadosfm.com.br\/afogadosfm\/","logo":{"@type":"ImageObject","inLanguage":"pt-BR","@id":"https:\/\/afogadosfm.com.br\/afogadosfm\/#\/schema\/logo\/image\/","url":"https:\/\/i0.wp.com\/afogadosfm.com.br\/afogadosfm\/wp-content\/uploads\/2020\/06\/cropped-banner-afogados-4.jpg?fit=369%2C137&ssl=1","contentUrl":"https:\/\/i0.wp.com\/afogadosfm.com.br\/afogadosfm\/wp-content\/uploads\/2020\/06\/cropped-banner-afogados-4.jpg?fit=369%2C137&ssl=1","width":369,"height":137,"caption":"Afogados FM"},"image":{"@id":"https:\/\/afogadosfm.com.br\/afogadosfm\/#\/schema\/logo\/image\/"}},{"@type":"Person","@id":"https:\/\/afogadosfm.com.br\/afogadosfm\/#\/schema\/person\/60e56f2cf5dc960fc093fe093d9e9057","name":"afogadosfm","image":{"@type":"ImageObject","inLanguage":"pt-BR","@id":"https:\/\/secure.gravatar.com\/avatar\/e0359add7ed5dc3560906d861b52c6a8cf5c1e199d3a7dd85070998f49bd4701?s=96&d=mm&r=g","url":"https:\/\/secure.gravatar.com\/avatar\/e0359add7ed5dc3560906d861b52c6a8cf5c1e199d3a7dd85070998f49bd4701?s=96&d=mm&r=g","contentUrl":"https:\/\/secure.gravatar.com\/avatar\/e0359add7ed5dc3560906d861b52c6a8cf5c1e199d3a7dd85070998f49bd4701?s=96&d=mm&r=g","caption":"afogadosfm"},"url":"https:\/\/afogadosfm.com.br\/afogadosfm\/author\/afogadosfm\/"}]}},"jetpack_publicize_connections":[],"jetpack_featured_media_url":"https:\/\/i0.wp.com\/afogadosfm.com.br\/afogadosfm\/wp-content\/uploads\/2021\/03\/mascaracovid.jpg?fit=1170%2C700&ssl=1","jetpack-related-posts":[],"jetpack_sharing_enabled":true,"jetpack_likes_enabled":true,"_links":{"self":[{"href":"https:\/\/afogadosfm.com.br\/afogadosfm\/wp-json\/wp\/v2\/posts\/65079","targetHints":{"allow":["GET"]}}],"collection":[{"href":"https:\/\/afogadosfm.com.br\/afogadosfm\/wp-json\/wp\/v2\/posts"}],"about":[{"href":"https:\/\/afogadosfm.com.br\/afogadosfm\/wp-json\/wp\/v2\/types\/post"}],"author":[{"embeddable":true,"href":"https:\/\/afogadosfm.com.br\/afogadosfm\/wp-json\/wp\/v2\/users\/2"}],"replies":[{"embeddable":true,"href":"https:\/\/afogadosfm.com.br\/afogadosfm\/wp-json\/wp\/v2\/comments?post=65079"}],"version-history":[{"count":1,"href":"https:\/\/afogadosfm.com.br\/afogadosfm\/wp-json\/wp\/v2\/posts\/65079\/revisions"}],"predecessor-version":[{"id":65080,"href":"https:\/\/afogadosfm.com.br\/afogadosfm\/wp-json\/wp\/v2\/posts\/65079\/revisions\/65080"}],"wp:featuredmedia":[{"embeddable":true,"href":"https:\/\/afogadosfm.com.br\/afogadosfm\/wp-json\/wp\/v2\/media\/24188"}],"wp:attachment":[{"href":"https:\/\/afogadosfm.com.br\/afogadosfm\/wp-json\/wp\/v2\/media?parent=65079"}],"wp:term":[{"taxonomy":"category","embeddable":true,"href":"https:\/\/afogadosfm.com.br\/afogadosfm\/wp-json\/wp\/v2\/categories?post=65079"},{"taxonomy":"post_tag","embeddable":true,"href":"https:\/\/afogadosfm.com.br\/afogadosfm\/wp-json\/wp\/v2\/tags?post=65079"}],"curies":[{"name":"wp","href":"https:\/\/api.w.org\/{rel}","templated":true}]}}