{"id":65191,"date":"2025-04-22T06:32:01","date_gmt":"2025-04-22T09:32:01","guid":{"rendered":"https:\/\/afogadosfm.com.br\/afogadosfm\/?p=65191"},"modified":"2025-04-22T06:32:02","modified_gmt":"2025-04-22T09:32:02","slug":"paraiba-carro-e-alvejado-a-tiros-mulher-morre-e-homem-fica-gravemente-ferido","status":"publish","type":"post","link":"https:\/\/afogadosfm.com.br\/afogadosfm\/2025\/04\/22\/paraiba-carro-e-alvejado-a-tiros-mulher-morre-e-homem-fica-gravemente-ferido\/","title":{"rendered":"Para\u00edba: Carro \u00e9 alvejado a tiros, mulher morre e homem fica gravemente ferido"},"content":{"rendered":"\n<p>De acordo com o\u00a0<em><strong>blog do Jornalista Marcos Lima<\/strong><\/em>\u00a0foi registrado na manh\u00e3 da segunda-feira (21\/04) no trecho da estrada que liga Livramento ao Sete Estrela. Segundo informa\u00e7\u00f5es preliminares uma das v\u00edtimas foi Jos\u00e9 Herculano mais conhecido por Burrego, que foi alvejado por disparos de arma de fogo.<\/p>\n\n\n\n<p>J\u00e1 a segunda v\u00edtima que faleceu no local \u00e9 a senhora Socorro Florentino esposa do saudoso Manoel Paulino. Dona Socorro pegou uma carona do Sitio Sussuarana para Livramento, na hora do atentado contra Burrego, o mesmo que recebeu v\u00e1rios disparos de arma de fogo, perdeu o controle da dire\u00e7\u00e3o do carro, chegando a capotar o ve\u00edculo na localidade conhecida por Barragem de Moacir.<\/p>\n\n\n\n<p>Dona Socorro veio a \u00f3bito no local, o IC-Instituto de Criminalistica fez pericia. O blog n\u00e3o foi informado sobre o estado de sa\u00fade de seu Jos\u00e9 Herculano.<\/p>\n\n\n\n<p>A Policia Militar continua em dilig\u00eancias. N\u00e3o se sabe a motiva\u00e7\u00e3o do crime\/atentado.<\/p>\n\n\n\n<p>Alguns populares relataram a reportagem, que no local do acidente encontram v\u00e1rias c\u00e1psula de muni\u00e7\u00e3o de arma de fogo.<\/p>\n\n\n\n<p>O motorista baleado foi socorrido para o Hospital de Tapero\u00e1 em seguida para o Trauma de Campina Grande.&nbsp;<strong>&nbsp;&nbsp;<\/strong><\/p>\n","protected":false},"excerpt":{"rendered":"<p>De acordo com o\u00a0blog do Jornalista Marcos Lima\u00a0foi registrado na manh\u00e3 da segunda-feira (21\/04) no trecho da estrada que liga<\/p>\n","protected":false},"author":2,"featured_media":65192,"comment_status":"open","ping_status":"open","sticky":false,"template":"","format":"standard","meta":{"jetpack_post_was_ever_published":false,"_jetpack_newsletter_access":"","_jetpack_dont_email_post_to_subs":false,"_jetpack_newsletter_tier_id":0,"_jetpack_memberships_contains_paywalled_content":false,"_jetpack_memberships_contains_paid_content":false,"footnotes":"","jetpack_publicize_message":"","jetpack_publicize_feature_enabled":true,"jetpack_social_post_already_shared":true,"jetpack_social_options":{"image_generator_settings":{"template":"highway","default_image_id":0,"font":"","enabled":false},"version":2}},"categories":[43],"tags":[],"class_list":["post-65191","post","type-post","status-publish","format-standard","has-post-thumbnail","hentry","category-paraiba"],"yoast_head":"<!-- This site is optimized with the Yoast SEO plugin v27.5 - https:\/\/yoast.com\/product\/yoast-seo-wordpress\/ -->\n<title>Para\u00edba: Carro \u00e9 alvejado a tiros, mulher morre e homem fica gravemente ferido - Afogados FM<\/title>\n<meta name=\"robots\" content=\"index, follow, max-snippet:-1, max-image-preview:large, max-video-preview:-1\" \/>\n<link rel=\"canonical\" href=\"https:\/\/afogadosfm.com.br\/afogadosfm\/2025\/04\/22\/paraiba-carro-e-alvejado-a-tiros-mulher-morre-e-homem-fica-gravemente-ferido\/\" \/>\n<meta property=\"og:locale\" content=\"pt_BR\" \/>\n<meta property=\"og:type\" content=\"article\" \/>\n<meta property=\"og:title\" content=\"Para\u00edba: Carro \u00e9 alvejado a tiros, mulher morre e homem fica gravemente ferido - Afogados FM\" \/>\n<meta property=\"og:description\" content=\"De acordo com o\u00a0blog do Jornalista Marcos Lima\u00a0foi registrado na manh\u00e3 da segunda-feira (21\/04) no trecho da estrada que liga\" \/>\n<meta property=\"og:url\" content=\"https:\/\/afogadosfm.com.br\/afogadosfm\/2025\/04\/22\/paraiba-carro-e-alvejado-a-tiros-mulher-morre-e-homem-fica-gravemente-ferido\/\" \/>\n<meta property=\"og:site_name\" content=\"Afogados FM\" \/>\n<meta property=\"article:published_time\" content=\"2025-04-22T09:32:01+00:00\" \/>\n<meta property=\"article:modified_time\" content=\"2025-04-22T09:32:02+00:00\" \/>\n<meta property=\"og:image\" content=\"https:\/\/afogadosfm.com.br\/afogadosfm\/wp-content\/uploads\/2025\/04\/493249095_1303905414791403_3348157821213032098_n.jpg\" \/>\n\t<meta property=\"og:image:width\" content=\"1080\" \/>\n\t<meta property=\"og:image:height\" content=\"1350\" \/>\n\t<meta property=\"og:image:type\" content=\"image\/jpeg\" \/>\n<meta name=\"author\" content=\"afogadosfm\" \/>\n<meta name=\"twitter:card\" content=\"summary_large_image\" \/>\n<meta name=\"twitter:label1\" content=\"Escrito por\" \/>\n\t<meta name=\"twitter:data1\" content=\"afogadosfm\" \/>\n\t<meta name=\"twitter:label2\" content=\"Est. tempo de leitura\" \/>\n\t<meta name=\"twitter:data2\" content=\"2 minutos\" \/>\n<script type=\"application\/ld+json\" class=\"yoast-schema-graph\">{\"@context\":\"https:\\\/\\\/schema.org\",\"@graph\":[{\"@type\":\"Article\",\"@id\":\"https:\\\/\\\/afogadosfm.com.br\\\/afogadosfm\\\/2025\\\/04\\\/22\\\/paraiba-carro-e-alvejado-a-tiros-mulher-morre-e-homem-fica-gravemente-ferido\\\/#article\",\"isPartOf\":{\"@id\":\"https:\\\/\\\/afogadosfm.com.br\\\/afogadosfm\\\/2025\\\/04\\\/22\\\/paraiba-carro-e-alvejado-a-tiros-mulher-morre-e-homem-fica-gravemente-ferido\\\/\"},\"author\":{\"name\":\"afogadosfm\",\"@id\":\"https:\\\/\\\/afogadosfm.com.br\\\/afogadosfm\\\/#\\\/schema\\\/person\\\/60e56f2cf5dc960fc093fe093d9e9057\"},\"headline\":\"Para\u00edba: Carro \u00e9 alvejado a tiros, mulher morre e homem fica gravemente ferido\",\"datePublished\":\"2025-04-22T09:32:01+00:00\",\"dateModified\":\"2025-04-22T09:32:02+00:00\",\"mainEntityOfPage\":{\"@id\":\"https:\\\/\\\/afogadosfm.com.br\\\/afogadosfm\\\/2025\\\/04\\\/22\\\/paraiba-carro-e-alvejado-a-tiros-mulher-morre-e-homem-fica-gravemente-ferido\\\/\"},\"wordCount\":217,\"commentCount\":0,\"publisher\":{\"@id\":\"https:\\\/\\\/afogadosfm.com.br\\\/afogadosfm\\\/#organization\"},\"image\":{\"@id\":\"https:\\\/\\\/afogadosfm.com.br\\\/afogadosfm\\\/2025\\\/04\\\/22\\\/paraiba-carro-e-alvejado-a-tiros-mulher-morre-e-homem-fica-gravemente-ferido\\\/#primaryimage\"},\"thumbnailUrl\":\"https:\\\/\\\/i0.wp.com\\\/afogadosfm.com.br\\\/afogadosfm\\\/wp-content\\\/uploads\\\/2025\\\/04\\\/493249095_1303905414791403_3348157821213032098_n.jpg?fit=1080%2C1350&ssl=1\",\"articleSection\":[\"Para\u00edba\"],\"inLanguage\":\"pt-BR\",\"potentialAction\":[{\"@type\":\"CommentAction\",\"name\":\"Comment\",\"target\":[\"https:\\\/\\\/afogadosfm.com.br\\\/afogadosfm\\\/2025\\\/04\\\/22\\\/paraiba-carro-e-alvejado-a-tiros-mulher-morre-e-homem-fica-gravemente-ferido\\\/#respond\"]}]},{\"@type\":\"WebPage\",\"@id\":\"https:\\\/\\\/afogadosfm.com.br\\\/afogadosfm\\\/2025\\\/04\\\/22\\\/paraiba-carro-e-alvejado-a-tiros-mulher-morre-e-homem-fica-gravemente-ferido\\\/\",\"url\":\"https:\\\/\\\/afogadosfm.com.br\\\/afogadosfm\\\/2025\\\/04\\\/22\\\/paraiba-carro-e-alvejado-a-tiros-mulher-morre-e-homem-fica-gravemente-ferido\\\/\",\"name\":\"Para\u00edba: Carro \u00e9 alvejado a tiros, mulher morre e homem fica gravemente ferido - Afogados FM\",\"isPartOf\":{\"@id\":\"https:\\\/\\\/afogadosfm.com.br\\\/afogadosfm\\\/#website\"},\"primaryImageOfPage\":{\"@id\":\"https:\\\/\\\/afogadosfm.com.br\\\/afogadosfm\\\/2025\\\/04\\\/22\\\/paraiba-carro-e-alvejado-a-tiros-mulher-morre-e-homem-fica-gravemente-ferido\\\/#primaryimage\"},\"image\":{\"@id\":\"https:\\\/\\\/afogadosfm.com.br\\\/afogadosfm\\\/2025\\\/04\\\/22\\\/paraiba-carro-e-alvejado-a-tiros-mulher-morre-e-homem-fica-gravemente-ferido\\\/#primaryimage\"},\"thumbnailUrl\":\"https:\\\/\\\/i0.wp.com\\\/afogadosfm.com.br\\\/afogadosfm\\\/wp-content\\\/uploads\\\/2025\\\/04\\\/493249095_1303905414791403_3348157821213032098_n.jpg?fit=1080%2C1350&ssl=1\",\"datePublished\":\"2025-04-22T09:32:01+00:00\",\"dateModified\":\"2025-04-22T09:32:02+00:00\",\"breadcrumb\":{\"@id\":\"https:\\\/\\\/afogadosfm.com.br\\\/afogadosfm\\\/2025\\\/04\\\/22\\\/paraiba-carro-e-alvejado-a-tiros-mulher-morre-e-homem-fica-gravemente-ferido\\\/#breadcrumb\"},\"inLanguage\":\"pt-BR\",\"potentialAction\":[{\"@type\":\"ReadAction\",\"target\":[\"https:\\\/\\\/afogadosfm.com.br\\\/afogadosfm\\\/2025\\\/04\\\/22\\\/paraiba-carro-e-alvejado-a-tiros-mulher-morre-e-homem-fica-gravemente-ferido\\\/\"]}]},{\"@type\":\"ImageObject\",\"inLanguage\":\"pt-BR\",\"@id\":\"https:\\\/\\\/afogadosfm.com.br\\\/afogadosfm\\\/2025\\\/04\\\/22\\\/paraiba-carro-e-alvejado-a-tiros-mulher-morre-e-homem-fica-gravemente-ferido\\\/#primaryimage\",\"url\":\"https:\\\/\\\/i0.wp.com\\\/afogadosfm.com.br\\\/afogadosfm\\\/wp-content\\\/uploads\\\/2025\\\/04\\\/493249095_1303905414791403_3348157821213032098_n.jpg?fit=1080%2C1350&ssl=1\",\"contentUrl\":\"https:\\\/\\\/i0.wp.com\\\/afogadosfm.com.br\\\/afogadosfm\\\/wp-content\\\/uploads\\\/2025\\\/04\\\/493249095_1303905414791403_3348157821213032098_n.jpg?fit=1080%2C1350&ssl=1\",\"width\":1080,\"height\":1350},{\"@type\":\"BreadcrumbList\",\"@id\":\"https:\\\/\\\/afogadosfm.com.br\\\/afogadosfm\\\/2025\\\/04\\\/22\\\/paraiba-carro-e-alvejado-a-tiros-mulher-morre-e-homem-fica-gravemente-ferido\\\/#breadcrumb\",\"itemListElement\":[{\"@type\":\"ListItem\",\"position\":1,\"name\":\"In\u00edcio\",\"item\":\"https:\\\/\\\/afogadosfm.com.br\\\/afogadosfm\\\/\"},{\"@type\":\"ListItem\",\"position\":2,\"name\":\"Para\u00edba: Carro \u00e9 alvejado a tiros, mulher morre e homem fica gravemente ferido\"}]},{\"@type\":\"WebSite\",\"@id\":\"https:\\\/\\\/afogadosfm.com.br\\\/afogadosfm\\\/#website\",\"url\":\"https:\\\/\\\/afogadosfm.com.br\\\/afogadosfm\\\/\",\"name\":\"Afogados FM\",\"description\":\"Um site completo!\",\"publisher\":{\"@id\":\"https:\\\/\\\/afogadosfm.com.br\\\/afogadosfm\\\/#organization\"},\"potentialAction\":[{\"@type\":\"SearchAction\",\"target\":{\"@type\":\"EntryPoint\",\"urlTemplate\":\"https:\\\/\\\/afogadosfm.com.br\\\/afogadosfm\\\/?s={search_term_string}\"},\"query-input\":{\"@type\":\"PropertyValueSpecification\",\"valueRequired\":true,\"valueName\":\"search_term_string\"}}],\"inLanguage\":\"pt-BR\"},{\"@type\":\"Organization\",\"@id\":\"https:\\\/\\\/afogadosfm.com.br\\\/afogadosfm\\\/#organization\",\"name\":\"Afogados FM\",\"url\":\"https:\\\/\\\/afogadosfm.com.br\\\/afogadosfm\\\/\",\"logo\":{\"@type\":\"ImageObject\",\"inLanguage\":\"pt-BR\",\"@id\":\"https:\\\/\\\/afogadosfm.com.br\\\/afogadosfm\\\/#\\\/schema\\\/logo\\\/image\\\/\",\"url\":\"https:\\\/\\\/i0.wp.com\\\/afogadosfm.com.br\\\/afogadosfm\\\/wp-content\\\/uploads\\\/2020\\\/06\\\/cropped-banner-afogados-4.jpg?fit=369%2C137&ssl=1\",\"contentUrl\":\"https:\\\/\\\/i0.wp.com\\\/afogadosfm.com.br\\\/afogadosfm\\\/wp-content\\\/uploads\\\/2020\\\/06\\\/cropped-banner-afogados-4.jpg?fit=369%2C137&ssl=1\",\"width\":369,\"height\":137,\"caption\":\"Afogados FM\"},\"image\":{\"@id\":\"https:\\\/\\\/afogadosfm.com.br\\\/afogadosfm\\\/#\\\/schema\\\/logo\\\/image\\\/\"}},{\"@type\":\"Person\",\"@id\":\"https:\\\/\\\/afogadosfm.com.br\\\/afogadosfm\\\/#\\\/schema\\\/person\\\/60e56f2cf5dc960fc093fe093d9e9057\",\"name\":\"afogadosfm\",\"image\":{\"@type\":\"ImageObject\",\"inLanguage\":\"pt-BR\",\"@id\":\"https:\\\/\\\/secure.gravatar.com\\\/avatar\\\/e0359add7ed5dc3560906d861b52c6a8cf5c1e199d3a7dd85070998f49bd4701?s=96&d=mm&r=g\",\"url\":\"https:\\\/\\\/secure.gravatar.com\\\/avatar\\\/e0359add7ed5dc3560906d861b52c6a8cf5c1e199d3a7dd85070998f49bd4701?s=96&d=mm&r=g\",\"contentUrl\":\"https:\\\/\\\/secure.gravatar.com\\\/avatar\\\/e0359add7ed5dc3560906d861b52c6a8cf5c1e199d3a7dd85070998f49bd4701?s=96&d=mm&r=g\",\"caption\":\"afogadosfm\"},\"url\":\"https:\\\/\\\/afogadosfm.com.br\\\/afogadosfm\\\/author\\\/afogadosfm\\\/\"}]}<\/script>\n<!-- \/ Yoast SEO plugin. -->","yoast_head_json":{"title":"Para\u00edba: Carro \u00e9 alvejado a tiros, mulher morre e homem fica gravemente ferido - Afogados FM","robots":{"index":"index","follow":"follow","max-snippet":"max-snippet:-1","max-image-preview":"max-image-preview:large","max-video-preview":"max-video-preview:-1"},"canonical":"https:\/\/afogadosfm.com.br\/afogadosfm\/2025\/04\/22\/paraiba-carro-e-alvejado-a-tiros-mulher-morre-e-homem-fica-gravemente-ferido\/","og_locale":"pt_BR","og_type":"article","og_title":"Para\u00edba: Carro \u00e9 alvejado a tiros, mulher morre e homem fica gravemente ferido - Afogados FM","og_description":"De acordo com o\u00a0blog do Jornalista Marcos Lima\u00a0foi registrado na manh\u00e3 da segunda-feira (21\/04) no trecho da estrada que liga","og_url":"https:\/\/afogadosfm.com.br\/afogadosfm\/2025\/04\/22\/paraiba-carro-e-alvejado-a-tiros-mulher-morre-e-homem-fica-gravemente-ferido\/","og_site_name":"Afogados FM","article_published_time":"2025-04-22T09:32:01+00:00","article_modified_time":"2025-04-22T09:32:02+00:00","og_image":[{"width":1080,"height":1350,"url":"https:\/\/afogadosfm.com.br\/afogadosfm\/wp-content\/uploads\/2025\/04\/493249095_1303905414791403_3348157821213032098_n.jpg","type":"image\/jpeg"}],"author":"afogadosfm","twitter_card":"summary_large_image","twitter_misc":{"Escrito por":"afogadosfm","Est. tempo de leitura":"2 minutos"},"schema":{"@context":"https:\/\/schema.org","@graph":[{"@type":"Article","@id":"https:\/\/afogadosfm.com.br\/afogadosfm\/2025\/04\/22\/paraiba-carro-e-alvejado-a-tiros-mulher-morre-e-homem-fica-gravemente-ferido\/#article","isPartOf":{"@id":"https:\/\/afogadosfm.com.br\/afogadosfm\/2025\/04\/22\/paraiba-carro-e-alvejado-a-tiros-mulher-morre-e-homem-fica-gravemente-ferido\/"},"author":{"name":"afogadosfm","@id":"https:\/\/afogadosfm.com.br\/afogadosfm\/#\/schema\/person\/60e56f2cf5dc960fc093fe093d9e9057"},"headline":"Para\u00edba: Carro \u00e9 alvejado a tiros, mulher morre e homem fica gravemente ferido","datePublished":"2025-04-22T09:32:01+00:00","dateModified":"2025-04-22T09:32:02+00:00","mainEntityOfPage":{"@id":"https:\/\/afogadosfm.com.br\/afogadosfm\/2025\/04\/22\/paraiba-carro-e-alvejado-a-tiros-mulher-morre-e-homem-fica-gravemente-ferido\/"},"wordCount":217,"commentCount":0,"publisher":{"@id":"https:\/\/afogadosfm.com.br\/afogadosfm\/#organization"},"image":{"@id":"https:\/\/afogadosfm.com.br\/afogadosfm\/2025\/04\/22\/paraiba-carro-e-alvejado-a-tiros-mulher-morre-e-homem-fica-gravemente-ferido\/#primaryimage"},"thumbnailUrl":"https:\/\/i0.wp.com\/afogadosfm.com.br\/afogadosfm\/wp-content\/uploads\/2025\/04\/493249095_1303905414791403_3348157821213032098_n.jpg?fit=1080%2C1350&ssl=1","articleSection":["Para\u00edba"],"inLanguage":"pt-BR","potentialAction":[{"@type":"CommentAction","name":"Comment","target":["https:\/\/afogadosfm.com.br\/afogadosfm\/2025\/04\/22\/paraiba-carro-e-alvejado-a-tiros-mulher-morre-e-homem-fica-gravemente-ferido\/#respond"]}]},{"@type":"WebPage","@id":"https:\/\/afogadosfm.com.br\/afogadosfm\/2025\/04\/22\/paraiba-carro-e-alvejado-a-tiros-mulher-morre-e-homem-fica-gravemente-ferido\/","url":"https:\/\/afogadosfm.com.br\/afogadosfm\/2025\/04\/22\/paraiba-carro-e-alvejado-a-tiros-mulher-morre-e-homem-fica-gravemente-ferido\/","name":"Para\u00edba: Carro \u00e9 alvejado a tiros, mulher morre e homem fica gravemente ferido - Afogados FM","isPartOf":{"@id":"https:\/\/afogadosfm.com.br\/afogadosfm\/#website"},"primaryImageOfPage":{"@id":"https:\/\/afogadosfm.com.br\/afogadosfm\/2025\/04\/22\/paraiba-carro-e-alvejado-a-tiros-mulher-morre-e-homem-fica-gravemente-ferido\/#primaryimage"},"image":{"@id":"https:\/\/afogadosfm.com.br\/afogadosfm\/2025\/04\/22\/paraiba-carro-e-alvejado-a-tiros-mulher-morre-e-homem-fica-gravemente-ferido\/#primaryimage"},"thumbnailUrl":"https:\/\/i0.wp.com\/afogadosfm.com.br\/afogadosfm\/wp-content\/uploads\/2025\/04\/493249095_1303905414791403_3348157821213032098_n.jpg?fit=1080%2C1350&ssl=1","datePublished":"2025-04-22T09:32:01+00:00","dateModified":"2025-04-22T09:32:02+00:00","breadcrumb":{"@id":"https:\/\/afogadosfm.com.br\/afogadosfm\/2025\/04\/22\/paraiba-carro-e-alvejado-a-tiros-mulher-morre-e-homem-fica-gravemente-ferido\/#breadcrumb"},"inLanguage":"pt-BR","potentialAction":[{"@type":"ReadAction","target":["https:\/\/afogadosfm.com.br\/afogadosfm\/2025\/04\/22\/paraiba-carro-e-alvejado-a-tiros-mulher-morre-e-homem-fica-gravemente-ferido\/"]}]},{"@type":"ImageObject","inLanguage":"pt-BR","@id":"https:\/\/afogadosfm.com.br\/afogadosfm\/2025\/04\/22\/paraiba-carro-e-alvejado-a-tiros-mulher-morre-e-homem-fica-gravemente-ferido\/#primaryimage","url":"https:\/\/i0.wp.com\/afogadosfm.com.br\/afogadosfm\/wp-content\/uploads\/2025\/04\/493249095_1303905414791403_3348157821213032098_n.jpg?fit=1080%2C1350&ssl=1","contentUrl":"https:\/\/i0.wp.com\/afogadosfm.com.br\/afogadosfm\/wp-content\/uploads\/2025\/04\/493249095_1303905414791403_3348157821213032098_n.jpg?fit=1080%2C1350&ssl=1","width":1080,"height":1350},{"@type":"BreadcrumbList","@id":"https:\/\/afogadosfm.com.br\/afogadosfm\/2025\/04\/22\/paraiba-carro-e-alvejado-a-tiros-mulher-morre-e-homem-fica-gravemente-ferido\/#breadcrumb","itemListElement":[{"@type":"ListItem","position":1,"name":"In\u00edcio","item":"https:\/\/afogadosfm.com.br\/afogadosfm\/"},{"@type":"ListItem","position":2,"name":"Para\u00edba: Carro \u00e9 alvejado a tiros, mulher morre e homem fica gravemente ferido"}]},{"@type":"WebSite","@id":"https:\/\/afogadosfm.com.br\/afogadosfm\/#website","url":"https:\/\/afogadosfm.com.br\/afogadosfm\/","name":"Afogados FM","description":"Um site completo!","publisher":{"@id":"https:\/\/afogadosfm.com.br\/afogadosfm\/#organization"},"potentialAction":[{"@type":"SearchAction","target":{"@type":"EntryPoint","urlTemplate":"https:\/\/afogadosfm.com.br\/afogadosfm\/?s={search_term_string}"},"query-input":{"@type":"PropertyValueSpecification","valueRequired":true,"valueName":"search_term_string"}}],"inLanguage":"pt-BR"},{"@type":"Organization","@id":"https:\/\/afogadosfm.com.br\/afogadosfm\/#organization","name":"Afogados FM","url":"https:\/\/afogadosfm.com.br\/afogadosfm\/","logo":{"@type":"ImageObject","inLanguage":"pt-BR","@id":"https:\/\/afogadosfm.com.br\/afogadosfm\/#\/schema\/logo\/image\/","url":"https:\/\/i0.wp.com\/afogadosfm.com.br\/afogadosfm\/wp-content\/uploads\/2020\/06\/cropped-banner-afogados-4.jpg?fit=369%2C137&ssl=1","contentUrl":"https:\/\/i0.wp.com\/afogadosfm.com.br\/afogadosfm\/wp-content\/uploads\/2020\/06\/cropped-banner-afogados-4.jpg?fit=369%2C137&ssl=1","width":369,"height":137,"caption":"Afogados FM"},"image":{"@id":"https:\/\/afogadosfm.com.br\/afogadosfm\/#\/schema\/logo\/image\/"}},{"@type":"Person","@id":"https:\/\/afogadosfm.com.br\/afogadosfm\/#\/schema\/person\/60e56f2cf5dc960fc093fe093d9e9057","name":"afogadosfm","image":{"@type":"ImageObject","inLanguage":"pt-BR","@id":"https:\/\/secure.gravatar.com\/avatar\/e0359add7ed5dc3560906d861b52c6a8cf5c1e199d3a7dd85070998f49bd4701?s=96&d=mm&r=g","url":"https:\/\/secure.gravatar.com\/avatar\/e0359add7ed5dc3560906d861b52c6a8cf5c1e199d3a7dd85070998f49bd4701?s=96&d=mm&r=g","contentUrl":"https:\/\/secure.gravatar.com\/avatar\/e0359add7ed5dc3560906d861b52c6a8cf5c1e199d3a7dd85070998f49bd4701?s=96&d=mm&r=g","caption":"afogadosfm"},"url":"https:\/\/afogadosfm.com.br\/afogadosfm\/author\/afogadosfm\/"}]}},"jetpack_publicize_connections":[],"jetpack_featured_media_url":"https:\/\/i0.wp.com\/afogadosfm.com.br\/afogadosfm\/wp-content\/uploads\/2025\/04\/493249095_1303905414791403_3348157821213032098_n.jpg?fit=1080%2C1350&ssl=1","jetpack-related-posts":[],"jetpack_sharing_enabled":true,"jetpack_likes_enabled":true,"_links":{"self":[{"href":"https:\/\/afogadosfm.com.br\/afogadosfm\/wp-json\/wp\/v2\/posts\/65191","targetHints":{"allow":["GET"]}}],"collection":[{"href":"https:\/\/afogadosfm.com.br\/afogadosfm\/wp-json\/wp\/v2\/posts"}],"about":[{"href":"https:\/\/afogadosfm.com.br\/afogadosfm\/wp-json\/wp\/v2\/types\/post"}],"author":[{"embeddable":true,"href":"https:\/\/afogadosfm.com.br\/afogadosfm\/wp-json\/wp\/v2\/users\/2"}],"replies":[{"embeddable":true,"href":"https:\/\/afogadosfm.com.br\/afogadosfm\/wp-json\/wp\/v2\/comments?post=65191"}],"version-history":[{"count":1,"href":"https:\/\/afogadosfm.com.br\/afogadosfm\/wp-json\/wp\/v2\/posts\/65191\/revisions"}],"predecessor-version":[{"id":65193,"href":"https:\/\/afogadosfm.com.br\/afogadosfm\/wp-json\/wp\/v2\/posts\/65191\/revisions\/65193"}],"wp:featuredmedia":[{"embeddable":true,"href":"https:\/\/afogadosfm.com.br\/afogadosfm\/wp-json\/wp\/v2\/media\/65192"}],"wp:attachment":[{"href":"https:\/\/afogadosfm.com.br\/afogadosfm\/wp-json\/wp\/v2\/media?parent=65191"}],"wp:term":[{"taxonomy":"category","embeddable":true,"href":"https:\/\/afogadosfm.com.br\/afogadosfm\/wp-json\/wp\/v2\/categories?post=65191"},{"taxonomy":"post_tag","embeddable":true,"href":"https:\/\/afogadosfm.com.br\/afogadosfm\/wp-json\/wp\/v2\/tags?post=65191"}],"curies":[{"name":"wp","href":"https:\/\/api.w.org\/{rel}","templated":true}]}}