{"id":65194,"date":"2025-04-22T06:37:40","date_gmt":"2025-04-22T09:37:40","guid":{"rendered":"https:\/\/afogadosfm.com.br\/afogadosfm\/?p=65194"},"modified":"2025-04-22T06:37:41","modified_gmt":"2025-04-22T09:37:41","slug":"entenda-como-sera-feita-a-escolha-de-um-novo-papa","status":"publish","type":"post","link":"https:\/\/afogadosfm.com.br\/afogadosfm\/2025\/04\/22\/entenda-como-sera-feita-a-escolha-de-um-novo-papa\/","title":{"rendered":"Entenda como ser\u00e1 feita a escolha de um novo papa"},"content":{"rendered":"\n<p>Quando o chefe da Igreja cat\u00f3lica renuncia a sua fun\u00e7\u00e3o ou morre, seu sucessor \u00e9 eleito pelos cardeais reunidos em conclave na Capela Sistina, onde ficam isolados do mundo exterior.<\/p>\n\n\n\n<p>Durante seus dois mil anos de hist\u00f3ria, a Igreja Cat\u00f3lica modificou v\u00e1rias vezes as modalidades para a designa\u00e7\u00e3o de um Papa at\u00e9 chegar tardiamente \u00e0 f\u00f3rmula atual do conclave. Nada no Evangelho indica como escolher o sucessor do Santo Padre.<\/p>\n\n\n\n<p>A interven\u00e7\u00e3o de soberanos, de grandes fam\u00edlias, ou at\u00e9 da for\u00e7a armada na escolha dos Papas levou Nicolau II a reagir publicamente em 1060, publicando a bula In Nomine Domini. Este texto codificou permanentemente a elei\u00e7\u00e3o dos Papas, que ficou a cargo exclusivamente dos cardeais.<\/p>\n\n\n\n<p>Em 21 de novembro de 1970, Paulo VI definiu as caracter\u00edsticas atuais do col\u00e9gio eleitoral: a idade limite de um cardeal para participar da elei\u00e7\u00e3o \u00e9 de 80 anos, e no n\u00famero m\u00e1ximo de cardeis eleitores \u00e9 120. Jo\u00e3o Paulo II confirmou essas regras em fevereiro de 1996 em sua constitui\u00e7\u00e3o apost\u00f3lica &#8220;Universi Domini Gregis&#8221;.<\/p>\n\n\n\n<p>Nos \u00faltimos anos, a internacionaliza\u00e7\u00e3o crescente do col\u00e9gio de cardeais tornou cada vez mais aleat\u00f3rio qualquer previs\u00e3o sobre a escolha do conclave.<\/p>\n\n\n\n<p>A elei\u00e7\u00e3o de um Papa deve acontecer distante de toda press\u00e3o externa, para isso, o enclave (cum clave) fica isolado do mundo exterior.<\/p>\n\n\n\n<p>Este isolamento existe desde 1271 quando, em Viterbe (It\u00e1lia), os cardeais, sem conseguir chegar a um acordo para escolher o sucessor de Clemente IV, foram presos pelos crist\u00e3os, que os mantiveram apenas com p\u00e3o e \u00e1gua, para incit\u00e1-los a eleger rapidamente um novo Papa.<\/p>\n\n\n\n<p>O eleito, Greg\u00f3rio X, institui esta pr\u00e1tica como regra, a exce\u00e7\u00e3o do regime de p\u00e3o e \u00e1gua.<\/p>\n\n\n\n<p>Atualmente, mudan\u00e7as especiais foram realizadas no Vaticano a fim de assegurar o isolamento dos &#8220;grandes eleitores&#8221;, mas tamb\u00e9m para permitir o m\u00ednimo de conforto durante a dura\u00e7\u00e3o do conclave, j\u00e1 que v\u00e1rios deles s\u00e3o idosos.<\/p>\n\n\n\n<p>Os cardeais entram em conclave em no m\u00ednimo 15 dias e no m\u00e1ximo 20 dias ap\u00f3s a morte ou renuncia de um Papa. Eles passam em cortejo da Capela Paulina at\u00e9 a Sistina. Em seguida, as portas s\u00e3o fechadas, as chaves retiradas, e o isolamento \u00e9 assegurado pelo cardeal carmelengo no interior, e pelo prefeito da Casa Pontif\u00edcia no exterior.<\/p>\n\n\n\n<p>Os cardeais n\u00e3o t\u00eam o direito de votar em si mesmo e devem, um de cada vez, prestar juramento de respeito ao voto secreto e de aceitar o resultado. Eles juram igualmente que aquele entre eles que for eleito n\u00e3o renunciar\u00e1 jamais a reivindicar a plenitude dos direitos de pont\u00edfice romano.<\/p>\n\n\n\n<p>A elei\u00e7\u00e3o acontece na Capela Sistina, com duas vota\u00e7\u00f5es de manh\u00e3 e duas \u00e0 noite. As c\u00e9dulas de voto s\u00e3o queimadas. O cardeal eleito \u00e9 aquele que recebe pelo menos dois ter\u00e7os dos votos. Em caso de impasse, uma vota\u00e7\u00e3o pela maioria absoluta \u00e9 poss\u00edvel.<\/p>\n\n\n\n<p>Quando o resultado \u00e9 alcan\u00e7ado, o decano dos cardeais imediatamente pergunta ao eleito se ele aceita a elei\u00e7\u00e3o. Se este for o caso, torna-se Papa e sua jurisdi\u00e7\u00e3o estende-se imediatamente para o mundo cat\u00f3lico.<\/p>\n\n\n\n<p>O novo Papa deve declarar o nome que ele escolheu como pont\u00edfice.<\/p>\n\n\n\n<p>Durante o processo de vota\u00e7\u00e3o, uma esp\u00e9cie de fogareiro \u00e9 instalado na Capela Sistina para informar a multid\u00e3o de fi\u00e9is, tradicionalmente reunida na Pra\u00e7a de S\u00e3o Pedro junto com o batalh\u00e3o da imprensa, sobre o resultado da vota\u00e7\u00e3o. Se a fuma\u00e7a \u00e9 preta, n\u00e3o h\u00e1 eleito. Se a fuma\u00e7a \u00e9 branca, um novo Papa foi escolhido.<\/p>\n\n\n\n<p>Da: AFP<\/p>\n","protected":false},"excerpt":{"rendered":"<p>Quando o chefe da Igreja cat\u00f3lica renuncia a sua fun\u00e7\u00e3o ou morre, seu sucessor \u00e9 eleito pelos cardeais reunidos em<\/p>\n","protected":false},"author":2,"featured_media":11328,"comment_status":"open","ping_status":"open","sticky":false,"template":"","format":"standard","meta":{"jetpack_post_was_ever_published":false,"_jetpack_newsletter_access":"","_jetpack_dont_email_post_to_subs":false,"_jetpack_newsletter_tier_id":0,"_jetpack_memberships_contains_paywalled_content":false,"_jetpack_memberships_contains_paid_content":false,"footnotes":"","jetpack_publicize_message":"","jetpack_publicize_feature_enabled":true,"jetpack_social_post_already_shared":true,"jetpack_social_options":{"image_generator_settings":{"template":"highway","default_image_id":0,"font":"","enabled":false},"version":2}},"categories":[2],"tags":[],"class_list":["post-65194","post","type-post","status-publish","format-standard","has-post-thumbnail","hentry","category-noticias"],"yoast_head":"<!-- This site is optimized with the Yoast SEO plugin v27.5 - https:\/\/yoast.com\/product\/yoast-seo-wordpress\/ -->\n<title>Entenda como ser\u00e1 feita a escolha de um novo papa - Afogados FM<\/title>\n<meta name=\"robots\" content=\"index, follow, max-snippet:-1, max-image-preview:large, max-video-preview:-1\" \/>\n<link rel=\"canonical\" href=\"https:\/\/afogadosfm.com.br\/afogadosfm\/2025\/04\/22\/entenda-como-sera-feita-a-escolha-de-um-novo-papa\/\" \/>\n<meta property=\"og:locale\" content=\"pt_BR\" \/>\n<meta property=\"og:type\" content=\"article\" \/>\n<meta property=\"og:title\" content=\"Entenda como ser\u00e1 feita a escolha de um novo papa - Afogados FM\" \/>\n<meta property=\"og:description\" content=\"Quando o chefe da Igreja cat\u00f3lica renuncia a sua fun\u00e7\u00e3o ou morre, seu sucessor \u00e9 eleito pelos cardeais reunidos em\" \/>\n<meta property=\"og:url\" content=\"https:\/\/afogadosfm.com.br\/afogadosfm\/2025\/04\/22\/entenda-como-sera-feita-a-escolha-de-um-novo-papa\/\" \/>\n<meta property=\"og:site_name\" content=\"Afogados FM\" \/>\n<meta property=\"article:published_time\" content=\"2025-04-22T09:37:40+00:00\" \/>\n<meta property=\"article:modified_time\" content=\"2025-04-22T09:37:41+00:00\" \/>\n<meta property=\"og:image\" content=\"https:\/\/afogadosfm.com.br\/afogadosfm\/wp-content\/uploads\/2019\/07\/vaticano.jpg\" \/>\n\t<meta property=\"og:image:width\" content=\"275\" \/>\n\t<meta property=\"og:image:height\" content=\"183\" \/>\n\t<meta property=\"og:image:type\" content=\"image\/jpeg\" \/>\n<meta name=\"author\" content=\"afogadosfm\" \/>\n<meta name=\"twitter:card\" content=\"summary_large_image\" \/>\n<meta name=\"twitter:label1\" content=\"Escrito por\" \/>\n\t<meta name=\"twitter:data1\" content=\"afogadosfm\" \/>\n\t<meta name=\"twitter:label2\" content=\"Est. tempo de leitura\" \/>\n\t<meta name=\"twitter:data2\" content=\"4 minutos\" \/>\n<script type=\"application\/ld+json\" class=\"yoast-schema-graph\">{\"@context\":\"https:\\\/\\\/schema.org\",\"@graph\":[{\"@type\":\"Article\",\"@id\":\"https:\\\/\\\/afogadosfm.com.br\\\/afogadosfm\\\/2025\\\/04\\\/22\\\/entenda-como-sera-feita-a-escolha-de-um-novo-papa\\\/#article\",\"isPartOf\":{\"@id\":\"https:\\\/\\\/afogadosfm.com.br\\\/afogadosfm\\\/2025\\\/04\\\/22\\\/entenda-como-sera-feita-a-escolha-de-um-novo-papa\\\/\"},\"author\":{\"name\":\"afogadosfm\",\"@id\":\"https:\\\/\\\/afogadosfm.com.br\\\/afogadosfm\\\/#\\\/schema\\\/person\\\/60e56f2cf5dc960fc093fe093d9e9057\"},\"headline\":\"Entenda como ser\u00e1 feita a escolha de um novo papa\",\"datePublished\":\"2025-04-22T09:37:40+00:00\",\"dateModified\":\"2025-04-22T09:37:41+00:00\",\"mainEntityOfPage\":{\"@id\":\"https:\\\/\\\/afogadosfm.com.br\\\/afogadosfm\\\/2025\\\/04\\\/22\\\/entenda-como-sera-feita-a-escolha-de-um-novo-papa\\\/\"},\"wordCount\":631,\"commentCount\":0,\"publisher\":{\"@id\":\"https:\\\/\\\/afogadosfm.com.br\\\/afogadosfm\\\/#organization\"},\"image\":{\"@id\":\"https:\\\/\\\/afogadosfm.com.br\\\/afogadosfm\\\/2025\\\/04\\\/22\\\/entenda-como-sera-feita-a-escolha-de-um-novo-papa\\\/#primaryimage\"},\"thumbnailUrl\":\"https:\\\/\\\/i0.wp.com\\\/afogadosfm.com.br\\\/afogadosfm\\\/wp-content\\\/uploads\\\/2019\\\/07\\\/vaticano.jpg?fit=275%2C183&ssl=1\",\"articleSection\":[\"Not\u00edcias\"],\"inLanguage\":\"pt-BR\",\"potentialAction\":[{\"@type\":\"CommentAction\",\"name\":\"Comment\",\"target\":[\"https:\\\/\\\/afogadosfm.com.br\\\/afogadosfm\\\/2025\\\/04\\\/22\\\/entenda-como-sera-feita-a-escolha-de-um-novo-papa\\\/#respond\"]}]},{\"@type\":\"WebPage\",\"@id\":\"https:\\\/\\\/afogadosfm.com.br\\\/afogadosfm\\\/2025\\\/04\\\/22\\\/entenda-como-sera-feita-a-escolha-de-um-novo-papa\\\/\",\"url\":\"https:\\\/\\\/afogadosfm.com.br\\\/afogadosfm\\\/2025\\\/04\\\/22\\\/entenda-como-sera-feita-a-escolha-de-um-novo-papa\\\/\",\"name\":\"Entenda como ser\u00e1 feita a escolha de um novo papa - Afogados FM\",\"isPartOf\":{\"@id\":\"https:\\\/\\\/afogadosfm.com.br\\\/afogadosfm\\\/#website\"},\"primaryImageOfPage\":{\"@id\":\"https:\\\/\\\/afogadosfm.com.br\\\/afogadosfm\\\/2025\\\/04\\\/22\\\/entenda-como-sera-feita-a-escolha-de-um-novo-papa\\\/#primaryimage\"},\"image\":{\"@id\":\"https:\\\/\\\/afogadosfm.com.br\\\/afogadosfm\\\/2025\\\/04\\\/22\\\/entenda-como-sera-feita-a-escolha-de-um-novo-papa\\\/#primaryimage\"},\"thumbnailUrl\":\"https:\\\/\\\/i0.wp.com\\\/afogadosfm.com.br\\\/afogadosfm\\\/wp-content\\\/uploads\\\/2019\\\/07\\\/vaticano.jpg?fit=275%2C183&ssl=1\",\"datePublished\":\"2025-04-22T09:37:40+00:00\",\"dateModified\":\"2025-04-22T09:37:41+00:00\",\"breadcrumb\":{\"@id\":\"https:\\\/\\\/afogadosfm.com.br\\\/afogadosfm\\\/2025\\\/04\\\/22\\\/entenda-como-sera-feita-a-escolha-de-um-novo-papa\\\/#breadcrumb\"},\"inLanguage\":\"pt-BR\",\"potentialAction\":[{\"@type\":\"ReadAction\",\"target\":[\"https:\\\/\\\/afogadosfm.com.br\\\/afogadosfm\\\/2025\\\/04\\\/22\\\/entenda-como-sera-feita-a-escolha-de-um-novo-papa\\\/\"]}]},{\"@type\":\"ImageObject\",\"inLanguage\":\"pt-BR\",\"@id\":\"https:\\\/\\\/afogadosfm.com.br\\\/afogadosfm\\\/2025\\\/04\\\/22\\\/entenda-como-sera-feita-a-escolha-de-um-novo-papa\\\/#primaryimage\",\"url\":\"https:\\\/\\\/i0.wp.com\\\/afogadosfm.com.br\\\/afogadosfm\\\/wp-content\\\/uploads\\\/2019\\\/07\\\/vaticano.jpg?fit=275%2C183&ssl=1\",\"contentUrl\":\"https:\\\/\\\/i0.wp.com\\\/afogadosfm.com.br\\\/afogadosfm\\\/wp-content\\\/uploads\\\/2019\\\/07\\\/vaticano.jpg?fit=275%2C183&ssl=1\",\"width\":275,\"height\":183},{\"@type\":\"BreadcrumbList\",\"@id\":\"https:\\\/\\\/afogadosfm.com.br\\\/afogadosfm\\\/2025\\\/04\\\/22\\\/entenda-como-sera-feita-a-escolha-de-um-novo-papa\\\/#breadcrumb\",\"itemListElement\":[{\"@type\":\"ListItem\",\"position\":1,\"name\":\"In\u00edcio\",\"item\":\"https:\\\/\\\/afogadosfm.com.br\\\/afogadosfm\\\/\"},{\"@type\":\"ListItem\",\"position\":2,\"name\":\"Entenda como ser\u00e1 feita a escolha de um novo papa\"}]},{\"@type\":\"WebSite\",\"@id\":\"https:\\\/\\\/afogadosfm.com.br\\\/afogadosfm\\\/#website\",\"url\":\"https:\\\/\\\/afogadosfm.com.br\\\/afogadosfm\\\/\",\"name\":\"Afogados FM\",\"description\":\"Um site completo!\",\"publisher\":{\"@id\":\"https:\\\/\\\/afogadosfm.com.br\\\/afogadosfm\\\/#organization\"},\"potentialAction\":[{\"@type\":\"SearchAction\",\"target\":{\"@type\":\"EntryPoint\",\"urlTemplate\":\"https:\\\/\\\/afogadosfm.com.br\\\/afogadosfm\\\/?s={search_term_string}\"},\"query-input\":{\"@type\":\"PropertyValueSpecification\",\"valueRequired\":true,\"valueName\":\"search_term_string\"}}],\"inLanguage\":\"pt-BR\"},{\"@type\":\"Organization\",\"@id\":\"https:\\\/\\\/afogadosfm.com.br\\\/afogadosfm\\\/#organization\",\"name\":\"Afogados FM\",\"url\":\"https:\\\/\\\/afogadosfm.com.br\\\/afogadosfm\\\/\",\"logo\":{\"@type\":\"ImageObject\",\"inLanguage\":\"pt-BR\",\"@id\":\"https:\\\/\\\/afogadosfm.com.br\\\/afogadosfm\\\/#\\\/schema\\\/logo\\\/image\\\/\",\"url\":\"https:\\\/\\\/i0.wp.com\\\/afogadosfm.com.br\\\/afogadosfm\\\/wp-content\\\/uploads\\\/2020\\\/06\\\/cropped-banner-afogados-4.jpg?fit=369%2C137&ssl=1\",\"contentUrl\":\"https:\\\/\\\/i0.wp.com\\\/afogadosfm.com.br\\\/afogadosfm\\\/wp-content\\\/uploads\\\/2020\\\/06\\\/cropped-banner-afogados-4.jpg?fit=369%2C137&ssl=1\",\"width\":369,\"height\":137,\"caption\":\"Afogados FM\"},\"image\":{\"@id\":\"https:\\\/\\\/afogadosfm.com.br\\\/afogadosfm\\\/#\\\/schema\\\/logo\\\/image\\\/\"}},{\"@type\":\"Person\",\"@id\":\"https:\\\/\\\/afogadosfm.com.br\\\/afogadosfm\\\/#\\\/schema\\\/person\\\/60e56f2cf5dc960fc093fe093d9e9057\",\"name\":\"afogadosfm\",\"image\":{\"@type\":\"ImageObject\",\"inLanguage\":\"pt-BR\",\"@id\":\"https:\\\/\\\/secure.gravatar.com\\\/avatar\\\/e0359add7ed5dc3560906d861b52c6a8cf5c1e199d3a7dd85070998f49bd4701?s=96&d=mm&r=g\",\"url\":\"https:\\\/\\\/secure.gravatar.com\\\/avatar\\\/e0359add7ed5dc3560906d861b52c6a8cf5c1e199d3a7dd85070998f49bd4701?s=96&d=mm&r=g\",\"contentUrl\":\"https:\\\/\\\/secure.gravatar.com\\\/avatar\\\/e0359add7ed5dc3560906d861b52c6a8cf5c1e199d3a7dd85070998f49bd4701?s=96&d=mm&r=g\",\"caption\":\"afogadosfm\"},\"url\":\"https:\\\/\\\/afogadosfm.com.br\\\/afogadosfm\\\/author\\\/afogadosfm\\\/\"}]}<\/script>\n<!-- \/ Yoast SEO plugin. -->","yoast_head_json":{"title":"Entenda como ser\u00e1 feita a escolha de um novo papa - Afogados FM","robots":{"index":"index","follow":"follow","max-snippet":"max-snippet:-1","max-image-preview":"max-image-preview:large","max-video-preview":"max-video-preview:-1"},"canonical":"https:\/\/afogadosfm.com.br\/afogadosfm\/2025\/04\/22\/entenda-como-sera-feita-a-escolha-de-um-novo-papa\/","og_locale":"pt_BR","og_type":"article","og_title":"Entenda como ser\u00e1 feita a escolha de um novo papa - Afogados FM","og_description":"Quando o chefe da Igreja cat\u00f3lica renuncia a sua fun\u00e7\u00e3o ou morre, seu sucessor \u00e9 eleito pelos cardeais reunidos em","og_url":"https:\/\/afogadosfm.com.br\/afogadosfm\/2025\/04\/22\/entenda-como-sera-feita-a-escolha-de-um-novo-papa\/","og_site_name":"Afogados FM","article_published_time":"2025-04-22T09:37:40+00:00","article_modified_time":"2025-04-22T09:37:41+00:00","og_image":[{"width":275,"height":183,"url":"https:\/\/afogadosfm.com.br\/afogadosfm\/wp-content\/uploads\/2019\/07\/vaticano.jpg","type":"image\/jpeg"}],"author":"afogadosfm","twitter_card":"summary_large_image","twitter_misc":{"Escrito por":"afogadosfm","Est. tempo de leitura":"4 minutos"},"schema":{"@context":"https:\/\/schema.org","@graph":[{"@type":"Article","@id":"https:\/\/afogadosfm.com.br\/afogadosfm\/2025\/04\/22\/entenda-como-sera-feita-a-escolha-de-um-novo-papa\/#article","isPartOf":{"@id":"https:\/\/afogadosfm.com.br\/afogadosfm\/2025\/04\/22\/entenda-como-sera-feita-a-escolha-de-um-novo-papa\/"},"author":{"name":"afogadosfm","@id":"https:\/\/afogadosfm.com.br\/afogadosfm\/#\/schema\/person\/60e56f2cf5dc960fc093fe093d9e9057"},"headline":"Entenda como ser\u00e1 feita a escolha de um novo papa","datePublished":"2025-04-22T09:37:40+00:00","dateModified":"2025-04-22T09:37:41+00:00","mainEntityOfPage":{"@id":"https:\/\/afogadosfm.com.br\/afogadosfm\/2025\/04\/22\/entenda-como-sera-feita-a-escolha-de-um-novo-papa\/"},"wordCount":631,"commentCount":0,"publisher":{"@id":"https:\/\/afogadosfm.com.br\/afogadosfm\/#organization"},"image":{"@id":"https:\/\/afogadosfm.com.br\/afogadosfm\/2025\/04\/22\/entenda-como-sera-feita-a-escolha-de-um-novo-papa\/#primaryimage"},"thumbnailUrl":"https:\/\/i0.wp.com\/afogadosfm.com.br\/afogadosfm\/wp-content\/uploads\/2019\/07\/vaticano.jpg?fit=275%2C183&ssl=1","articleSection":["Not\u00edcias"],"inLanguage":"pt-BR","potentialAction":[{"@type":"CommentAction","name":"Comment","target":["https:\/\/afogadosfm.com.br\/afogadosfm\/2025\/04\/22\/entenda-como-sera-feita-a-escolha-de-um-novo-papa\/#respond"]}]},{"@type":"WebPage","@id":"https:\/\/afogadosfm.com.br\/afogadosfm\/2025\/04\/22\/entenda-como-sera-feita-a-escolha-de-um-novo-papa\/","url":"https:\/\/afogadosfm.com.br\/afogadosfm\/2025\/04\/22\/entenda-como-sera-feita-a-escolha-de-um-novo-papa\/","name":"Entenda como ser\u00e1 feita a escolha de um novo papa - Afogados FM","isPartOf":{"@id":"https:\/\/afogadosfm.com.br\/afogadosfm\/#website"},"primaryImageOfPage":{"@id":"https:\/\/afogadosfm.com.br\/afogadosfm\/2025\/04\/22\/entenda-como-sera-feita-a-escolha-de-um-novo-papa\/#primaryimage"},"image":{"@id":"https:\/\/afogadosfm.com.br\/afogadosfm\/2025\/04\/22\/entenda-como-sera-feita-a-escolha-de-um-novo-papa\/#primaryimage"},"thumbnailUrl":"https:\/\/i0.wp.com\/afogadosfm.com.br\/afogadosfm\/wp-content\/uploads\/2019\/07\/vaticano.jpg?fit=275%2C183&ssl=1","datePublished":"2025-04-22T09:37:40+00:00","dateModified":"2025-04-22T09:37:41+00:00","breadcrumb":{"@id":"https:\/\/afogadosfm.com.br\/afogadosfm\/2025\/04\/22\/entenda-como-sera-feita-a-escolha-de-um-novo-papa\/#breadcrumb"},"inLanguage":"pt-BR","potentialAction":[{"@type":"ReadAction","target":["https:\/\/afogadosfm.com.br\/afogadosfm\/2025\/04\/22\/entenda-como-sera-feita-a-escolha-de-um-novo-papa\/"]}]},{"@type":"ImageObject","inLanguage":"pt-BR","@id":"https:\/\/afogadosfm.com.br\/afogadosfm\/2025\/04\/22\/entenda-como-sera-feita-a-escolha-de-um-novo-papa\/#primaryimage","url":"https:\/\/i0.wp.com\/afogadosfm.com.br\/afogadosfm\/wp-content\/uploads\/2019\/07\/vaticano.jpg?fit=275%2C183&ssl=1","contentUrl":"https:\/\/i0.wp.com\/afogadosfm.com.br\/afogadosfm\/wp-content\/uploads\/2019\/07\/vaticano.jpg?fit=275%2C183&ssl=1","width":275,"height":183},{"@type":"BreadcrumbList","@id":"https:\/\/afogadosfm.com.br\/afogadosfm\/2025\/04\/22\/entenda-como-sera-feita-a-escolha-de-um-novo-papa\/#breadcrumb","itemListElement":[{"@type":"ListItem","position":1,"name":"In\u00edcio","item":"https:\/\/afogadosfm.com.br\/afogadosfm\/"},{"@type":"ListItem","position":2,"name":"Entenda como ser\u00e1 feita a escolha de um novo papa"}]},{"@type":"WebSite","@id":"https:\/\/afogadosfm.com.br\/afogadosfm\/#website","url":"https:\/\/afogadosfm.com.br\/afogadosfm\/","name":"Afogados FM","description":"Um site completo!","publisher":{"@id":"https:\/\/afogadosfm.com.br\/afogadosfm\/#organization"},"potentialAction":[{"@type":"SearchAction","target":{"@type":"EntryPoint","urlTemplate":"https:\/\/afogadosfm.com.br\/afogadosfm\/?s={search_term_string}"},"query-input":{"@type":"PropertyValueSpecification","valueRequired":true,"valueName":"search_term_string"}}],"inLanguage":"pt-BR"},{"@type":"Organization","@id":"https:\/\/afogadosfm.com.br\/afogadosfm\/#organization","name":"Afogados FM","url":"https:\/\/afogadosfm.com.br\/afogadosfm\/","logo":{"@type":"ImageObject","inLanguage":"pt-BR","@id":"https:\/\/afogadosfm.com.br\/afogadosfm\/#\/schema\/logo\/image\/","url":"https:\/\/i0.wp.com\/afogadosfm.com.br\/afogadosfm\/wp-content\/uploads\/2020\/06\/cropped-banner-afogados-4.jpg?fit=369%2C137&ssl=1","contentUrl":"https:\/\/i0.wp.com\/afogadosfm.com.br\/afogadosfm\/wp-content\/uploads\/2020\/06\/cropped-banner-afogados-4.jpg?fit=369%2C137&ssl=1","width":369,"height":137,"caption":"Afogados FM"},"image":{"@id":"https:\/\/afogadosfm.com.br\/afogadosfm\/#\/schema\/logo\/image\/"}},{"@type":"Person","@id":"https:\/\/afogadosfm.com.br\/afogadosfm\/#\/schema\/person\/60e56f2cf5dc960fc093fe093d9e9057","name":"afogadosfm","image":{"@type":"ImageObject","inLanguage":"pt-BR","@id":"https:\/\/secure.gravatar.com\/avatar\/e0359add7ed5dc3560906d861b52c6a8cf5c1e199d3a7dd85070998f49bd4701?s=96&d=mm&r=g","url":"https:\/\/secure.gravatar.com\/avatar\/e0359add7ed5dc3560906d861b52c6a8cf5c1e199d3a7dd85070998f49bd4701?s=96&d=mm&r=g","contentUrl":"https:\/\/secure.gravatar.com\/avatar\/e0359add7ed5dc3560906d861b52c6a8cf5c1e199d3a7dd85070998f49bd4701?s=96&d=mm&r=g","caption":"afogadosfm"},"url":"https:\/\/afogadosfm.com.br\/afogadosfm\/author\/afogadosfm\/"}]}},"jetpack_publicize_connections":[],"jetpack_featured_media_url":"https:\/\/i0.wp.com\/afogadosfm.com.br\/afogadosfm\/wp-content\/uploads\/2019\/07\/vaticano.jpg?fit=275%2C183&ssl=1","jetpack-related-posts":[],"jetpack_sharing_enabled":true,"jetpack_likes_enabled":true,"_links":{"self":[{"href":"https:\/\/afogadosfm.com.br\/afogadosfm\/wp-json\/wp\/v2\/posts\/65194","targetHints":{"allow":["GET"]}}],"collection":[{"href":"https:\/\/afogadosfm.com.br\/afogadosfm\/wp-json\/wp\/v2\/posts"}],"about":[{"href":"https:\/\/afogadosfm.com.br\/afogadosfm\/wp-json\/wp\/v2\/types\/post"}],"author":[{"embeddable":true,"href":"https:\/\/afogadosfm.com.br\/afogadosfm\/wp-json\/wp\/v2\/users\/2"}],"replies":[{"embeddable":true,"href":"https:\/\/afogadosfm.com.br\/afogadosfm\/wp-json\/wp\/v2\/comments?post=65194"}],"version-history":[{"count":1,"href":"https:\/\/afogadosfm.com.br\/afogadosfm\/wp-json\/wp\/v2\/posts\/65194\/revisions"}],"predecessor-version":[{"id":65195,"href":"https:\/\/afogadosfm.com.br\/afogadosfm\/wp-json\/wp\/v2\/posts\/65194\/revisions\/65195"}],"wp:featuredmedia":[{"embeddable":true,"href":"https:\/\/afogadosfm.com.br\/afogadosfm\/wp-json\/wp\/v2\/media\/11328"}],"wp:attachment":[{"href":"https:\/\/afogadosfm.com.br\/afogadosfm\/wp-json\/wp\/v2\/media?parent=65194"}],"wp:term":[{"taxonomy":"category","embeddable":true,"href":"https:\/\/afogadosfm.com.br\/afogadosfm\/wp-json\/wp\/v2\/categories?post=65194"},{"taxonomy":"post_tag","embeddable":true,"href":"https:\/\/afogadosfm.com.br\/afogadosfm\/wp-json\/wp\/v2\/tags?post=65194"}],"curies":[{"name":"wp","href":"https:\/\/api.w.org\/{rel}","templated":true}]}}