{"id":65198,"date":"2025-04-22T07:27:18","date_gmt":"2025-04-22T10:27:18","guid":{"rendered":"https:\/\/afogadosfm.com.br\/afogadosfm\/?p=65198"},"modified":"2025-04-22T07:27:19","modified_gmt":"2025-04-22T10:27:19","slug":"universidade-de-harvard-processa-governo-trump","status":"publish","type":"post","link":"https:\/\/afogadosfm.com.br\/afogadosfm\/2025\/04\/22\/universidade-de-harvard-processa-governo-trump\/","title":{"rendered":"Universidade de Harvard processa governo Trump"},"content":{"rendered":"\n<p>A universidade de Harvard apresentou uma a\u00e7\u00e3o contra o governo do presidente dos Estados Unidos, Donald Trump, pelos cortes &#8220;ilegais&#8221; de financiamento, anunciados em repres\u00e1lia por n\u00e3o acatar as pol\u00edticas impostas pela atual administra\u00e7\u00e3o contra o que considera atos de antissemitismo em seu campus.<\/p>\n\n\n\n<p>&#8220;As a\u00e7\u00f5es dos demandados s\u00e3o ilegais&#8221;, apontam dirigentes da universidade na a\u00e7\u00e3o em que os advogados da institui\u00e7\u00e3o lembram que a tentativa do governo de &#8220;coagir e controlar Harvard ignora&#8221; os princ\u00edpios fundamentais contemplados na Primeira Emenda da Constitui\u00e7\u00e3o e que salvaguardavam a &#8220;liberdade acad\u00eamica&#8221;.<\/p>\n\n\n\n<p>&#8220;Nenhum governo \u2014 independentemente do partido que estiver no poder \u2014 deve ditar o que as universidades privadas podem ensinar, a quem podem admitir e contratar, e quais \u00e1reas de estudo e pesquisa podem seguir&#8221;, destaca a a\u00e7\u00e3o.<\/p>\n\n\n\n<p>O governo Trump anunciou o congelamento de 2,2 bilh\u00f5es de d\u00f3lares (cerca de R$ 13 bilh\u00f5es, na cota\u00e7\u00e3o atual) em subven\u00e7\u00f5es federais e a suspens\u00e3o das isen\u00e7\u00f5es fiscais de Harvard, ap\u00f3s a institui\u00e7\u00e3o se negar a acatar as medidas para combater o antissemitismo e desmantelar suas pol\u00edticas de diversidade, igualdade e inclus\u00e3o.<\/p>\n\n\n\n<p>O reitor de Harvard, Alan Garber, explicou recentemente, em carta dirigida a estudantes e aos funcion\u00e1rios, que a institui\u00e7\u00e3o &#8220;n\u00e3o renunciar\u00e1 \u00e0 sua independ\u00eancia, nem aos direitos que a Constitui\u00e7\u00e3o garante&#8221; diante da escalada de medidas tomadas pelo governo Trump, que muitos consideram um ataque \u00e0 liberdade de express\u00e3o.<\/p>\n\n\n\n<p>Assim como outros centros de ensino nos Estados Unidos, a universidade, situada perto de Boston (nordeste), foi cen\u00e1rio de protestos estudantis contra a guerra de Israel em Gaza, um tema na mira da Casa Branca desde que Trump voltou ao poder, em janeiro. As informa\u00e7\u00f5es s\u00e3o da AFP.<\/p>\n","protected":false},"excerpt":{"rendered":"<p>A universidade de Harvard apresentou uma a\u00e7\u00e3o contra o governo do presidente dos Estados Unidos, Donald Trump, pelos cortes &#8220;ilegais&#8221;<\/p>\n","protected":false},"author":2,"featured_media":11255,"comment_status":"open","ping_status":"open","sticky":false,"template":"","format":"standard","meta":{"jetpack_post_was_ever_published":false,"_jetpack_newsletter_access":"","_jetpack_dont_email_post_to_subs":false,"_jetpack_newsletter_tier_id":0,"_jetpack_memberships_contains_paywalled_content":false,"_jetpack_memberships_contains_paid_content":false,"footnotes":"","jetpack_publicize_message":"","jetpack_publicize_feature_enabled":true,"jetpack_social_post_already_shared":true,"jetpack_social_options":{"image_generator_settings":{"template":"highway","default_image_id":0,"font":"","enabled":false},"version":2}},"categories":[42],"tags":[],"class_list":["post-65198","post","type-post","status-publish","format-standard","has-post-thumbnail","hentry","category-mundo"],"yoast_head":"<!-- This site is optimized with the Yoast SEO plugin v27.5 - https:\/\/yoast.com\/product\/yoast-seo-wordpress\/ -->\n<title>Universidade de Harvard processa governo Trump - Afogados FM<\/title>\n<meta name=\"robots\" content=\"index, follow, max-snippet:-1, max-image-preview:large, max-video-preview:-1\" \/>\n<link rel=\"canonical\" href=\"https:\/\/afogadosfm.com.br\/afogadosfm\/2025\/04\/22\/universidade-de-harvard-processa-governo-trump\/\" \/>\n<meta property=\"og:locale\" content=\"pt_BR\" \/>\n<meta property=\"og:type\" content=\"article\" \/>\n<meta property=\"og:title\" content=\"Universidade de Harvard processa governo Trump - Afogados FM\" \/>\n<meta property=\"og:description\" content=\"A universidade de Harvard apresentou uma a\u00e7\u00e3o contra o governo do presidente dos Estados Unidos, Donald Trump, pelos cortes &#8220;ilegais&#8221;\" \/>\n<meta property=\"og:url\" content=\"https:\/\/afogadosfm.com.br\/afogadosfm\/2025\/04\/22\/universidade-de-harvard-processa-governo-trump\/\" \/>\n<meta property=\"og:site_name\" content=\"Afogados FM\" \/>\n<meta property=\"article:published_time\" content=\"2025-04-22T10:27:18+00:00\" \/>\n<meta property=\"article:modified_time\" content=\"2025-04-22T10:27:19+00:00\" \/>\n<meta property=\"og:image\" content=\"https:\/\/afogadosfm.com.br\/afogadosfm\/wp-content\/uploads\/2019\/07\/trump.jpg\" \/>\n\t<meta property=\"og:image:width\" content=\"1140\" \/>\n\t<meta property=\"og:image:height\" content=\"760\" \/>\n\t<meta property=\"og:image:type\" content=\"image\/jpeg\" \/>\n<meta name=\"author\" content=\"afogadosfm\" \/>\n<meta name=\"twitter:card\" content=\"summary_large_image\" \/>\n<meta name=\"twitter:label1\" content=\"Escrito por\" \/>\n\t<meta name=\"twitter:data1\" content=\"afogadosfm\" \/>\n\t<meta name=\"twitter:label2\" content=\"Est. tempo de leitura\" \/>\n\t<meta name=\"twitter:data2\" content=\"2 minutos\" \/>\n<script type=\"application\/ld+json\" class=\"yoast-schema-graph\">{\"@context\":\"https:\\\/\\\/schema.org\",\"@graph\":[{\"@type\":\"Article\",\"@id\":\"https:\\\/\\\/afogadosfm.com.br\\\/afogadosfm\\\/2025\\\/04\\\/22\\\/universidade-de-harvard-processa-governo-trump\\\/#article\",\"isPartOf\":{\"@id\":\"https:\\\/\\\/afogadosfm.com.br\\\/afogadosfm\\\/2025\\\/04\\\/22\\\/universidade-de-harvard-processa-governo-trump\\\/\"},\"author\":{\"name\":\"afogadosfm\",\"@id\":\"https:\\\/\\\/afogadosfm.com.br\\\/afogadosfm\\\/#\\\/schema\\\/person\\\/60e56f2cf5dc960fc093fe093d9e9057\"},\"headline\":\"Universidade de Harvard processa governo Trump\",\"datePublished\":\"2025-04-22T10:27:18+00:00\",\"dateModified\":\"2025-04-22T10:27:19+00:00\",\"mainEntityOfPage\":{\"@id\":\"https:\\\/\\\/afogadosfm.com.br\\\/afogadosfm\\\/2025\\\/04\\\/22\\\/universidade-de-harvard-processa-governo-trump\\\/\"},\"wordCount\":309,\"commentCount\":0,\"publisher\":{\"@id\":\"https:\\\/\\\/afogadosfm.com.br\\\/afogadosfm\\\/#organization\"},\"image\":{\"@id\":\"https:\\\/\\\/afogadosfm.com.br\\\/afogadosfm\\\/2025\\\/04\\\/22\\\/universidade-de-harvard-processa-governo-trump\\\/#primaryimage\"},\"thumbnailUrl\":\"https:\\\/\\\/i0.wp.com\\\/afogadosfm.com.br\\\/afogadosfm\\\/wp-content\\\/uploads\\\/2019\\\/07\\\/trump.jpg?fit=1140%2C760&ssl=1\",\"articleSection\":[\"Mundo\"],\"inLanguage\":\"pt-BR\",\"potentialAction\":[{\"@type\":\"CommentAction\",\"name\":\"Comment\",\"target\":[\"https:\\\/\\\/afogadosfm.com.br\\\/afogadosfm\\\/2025\\\/04\\\/22\\\/universidade-de-harvard-processa-governo-trump\\\/#respond\"]}]},{\"@type\":\"WebPage\",\"@id\":\"https:\\\/\\\/afogadosfm.com.br\\\/afogadosfm\\\/2025\\\/04\\\/22\\\/universidade-de-harvard-processa-governo-trump\\\/\",\"url\":\"https:\\\/\\\/afogadosfm.com.br\\\/afogadosfm\\\/2025\\\/04\\\/22\\\/universidade-de-harvard-processa-governo-trump\\\/\",\"name\":\"Universidade de Harvard processa governo Trump - Afogados FM\",\"isPartOf\":{\"@id\":\"https:\\\/\\\/afogadosfm.com.br\\\/afogadosfm\\\/#website\"},\"primaryImageOfPage\":{\"@id\":\"https:\\\/\\\/afogadosfm.com.br\\\/afogadosfm\\\/2025\\\/04\\\/22\\\/universidade-de-harvard-processa-governo-trump\\\/#primaryimage\"},\"image\":{\"@id\":\"https:\\\/\\\/afogadosfm.com.br\\\/afogadosfm\\\/2025\\\/04\\\/22\\\/universidade-de-harvard-processa-governo-trump\\\/#primaryimage\"},\"thumbnailUrl\":\"https:\\\/\\\/i0.wp.com\\\/afogadosfm.com.br\\\/afogadosfm\\\/wp-content\\\/uploads\\\/2019\\\/07\\\/trump.jpg?fit=1140%2C760&ssl=1\",\"datePublished\":\"2025-04-22T10:27:18+00:00\",\"dateModified\":\"2025-04-22T10:27:19+00:00\",\"breadcrumb\":{\"@id\":\"https:\\\/\\\/afogadosfm.com.br\\\/afogadosfm\\\/2025\\\/04\\\/22\\\/universidade-de-harvard-processa-governo-trump\\\/#breadcrumb\"},\"inLanguage\":\"pt-BR\",\"potentialAction\":[{\"@type\":\"ReadAction\",\"target\":[\"https:\\\/\\\/afogadosfm.com.br\\\/afogadosfm\\\/2025\\\/04\\\/22\\\/universidade-de-harvard-processa-governo-trump\\\/\"]}]},{\"@type\":\"ImageObject\",\"inLanguage\":\"pt-BR\",\"@id\":\"https:\\\/\\\/afogadosfm.com.br\\\/afogadosfm\\\/2025\\\/04\\\/22\\\/universidade-de-harvard-processa-governo-trump\\\/#primaryimage\",\"url\":\"https:\\\/\\\/i0.wp.com\\\/afogadosfm.com.br\\\/afogadosfm\\\/wp-content\\\/uploads\\\/2019\\\/07\\\/trump.jpg?fit=1140%2C760&ssl=1\",\"contentUrl\":\"https:\\\/\\\/i0.wp.com\\\/afogadosfm.com.br\\\/afogadosfm\\\/wp-content\\\/uploads\\\/2019\\\/07\\\/trump.jpg?fit=1140%2C760&ssl=1\",\"width\":1140,\"height\":760,\"caption\":\"O presidente dos EUA, Donald Trump, se re\u00fane com o presidente do Brasil, Jair Bolsonaro, no Sal\u00e3o Oval da Casa Branca, em Washington (EUA).\"},{\"@type\":\"BreadcrumbList\",\"@id\":\"https:\\\/\\\/afogadosfm.com.br\\\/afogadosfm\\\/2025\\\/04\\\/22\\\/universidade-de-harvard-processa-governo-trump\\\/#breadcrumb\",\"itemListElement\":[{\"@type\":\"ListItem\",\"position\":1,\"name\":\"In\u00edcio\",\"item\":\"https:\\\/\\\/afogadosfm.com.br\\\/afogadosfm\\\/\"},{\"@type\":\"ListItem\",\"position\":2,\"name\":\"Universidade de Harvard processa governo Trump\"}]},{\"@type\":\"WebSite\",\"@id\":\"https:\\\/\\\/afogadosfm.com.br\\\/afogadosfm\\\/#website\",\"url\":\"https:\\\/\\\/afogadosfm.com.br\\\/afogadosfm\\\/\",\"name\":\"Afogados FM\",\"description\":\"Um site completo!\",\"publisher\":{\"@id\":\"https:\\\/\\\/afogadosfm.com.br\\\/afogadosfm\\\/#organization\"},\"potentialAction\":[{\"@type\":\"SearchAction\",\"target\":{\"@type\":\"EntryPoint\",\"urlTemplate\":\"https:\\\/\\\/afogadosfm.com.br\\\/afogadosfm\\\/?s={search_term_string}\"},\"query-input\":{\"@type\":\"PropertyValueSpecification\",\"valueRequired\":true,\"valueName\":\"search_term_string\"}}],\"inLanguage\":\"pt-BR\"},{\"@type\":\"Organization\",\"@id\":\"https:\\\/\\\/afogadosfm.com.br\\\/afogadosfm\\\/#organization\",\"name\":\"Afogados FM\",\"url\":\"https:\\\/\\\/afogadosfm.com.br\\\/afogadosfm\\\/\",\"logo\":{\"@type\":\"ImageObject\",\"inLanguage\":\"pt-BR\",\"@id\":\"https:\\\/\\\/afogadosfm.com.br\\\/afogadosfm\\\/#\\\/schema\\\/logo\\\/image\\\/\",\"url\":\"https:\\\/\\\/i0.wp.com\\\/afogadosfm.com.br\\\/afogadosfm\\\/wp-content\\\/uploads\\\/2020\\\/06\\\/cropped-banner-afogados-4.jpg?fit=369%2C137&ssl=1\",\"contentUrl\":\"https:\\\/\\\/i0.wp.com\\\/afogadosfm.com.br\\\/afogadosfm\\\/wp-content\\\/uploads\\\/2020\\\/06\\\/cropped-banner-afogados-4.jpg?fit=369%2C137&ssl=1\",\"width\":369,\"height\":137,\"caption\":\"Afogados FM\"},\"image\":{\"@id\":\"https:\\\/\\\/afogadosfm.com.br\\\/afogadosfm\\\/#\\\/schema\\\/logo\\\/image\\\/\"}},{\"@type\":\"Person\",\"@id\":\"https:\\\/\\\/afogadosfm.com.br\\\/afogadosfm\\\/#\\\/schema\\\/person\\\/60e56f2cf5dc960fc093fe093d9e9057\",\"name\":\"afogadosfm\",\"image\":{\"@type\":\"ImageObject\",\"inLanguage\":\"pt-BR\",\"@id\":\"https:\\\/\\\/secure.gravatar.com\\\/avatar\\\/e0359add7ed5dc3560906d861b52c6a8cf5c1e199d3a7dd85070998f49bd4701?s=96&d=mm&r=g\",\"url\":\"https:\\\/\\\/secure.gravatar.com\\\/avatar\\\/e0359add7ed5dc3560906d861b52c6a8cf5c1e199d3a7dd85070998f49bd4701?s=96&d=mm&r=g\",\"contentUrl\":\"https:\\\/\\\/secure.gravatar.com\\\/avatar\\\/e0359add7ed5dc3560906d861b52c6a8cf5c1e199d3a7dd85070998f49bd4701?s=96&d=mm&r=g\",\"caption\":\"afogadosfm\"},\"url\":\"https:\\\/\\\/afogadosfm.com.br\\\/afogadosfm\\\/author\\\/afogadosfm\\\/\"}]}<\/script>\n<!-- \/ Yoast SEO plugin. -->","yoast_head_json":{"title":"Universidade de Harvard processa governo Trump - Afogados FM","robots":{"index":"index","follow":"follow","max-snippet":"max-snippet:-1","max-image-preview":"max-image-preview:large","max-video-preview":"max-video-preview:-1"},"canonical":"https:\/\/afogadosfm.com.br\/afogadosfm\/2025\/04\/22\/universidade-de-harvard-processa-governo-trump\/","og_locale":"pt_BR","og_type":"article","og_title":"Universidade de Harvard processa governo Trump - Afogados FM","og_description":"A universidade de Harvard apresentou uma a\u00e7\u00e3o contra o governo do presidente dos Estados Unidos, Donald Trump, pelos cortes &#8220;ilegais&#8221;","og_url":"https:\/\/afogadosfm.com.br\/afogadosfm\/2025\/04\/22\/universidade-de-harvard-processa-governo-trump\/","og_site_name":"Afogados FM","article_published_time":"2025-04-22T10:27:18+00:00","article_modified_time":"2025-04-22T10:27:19+00:00","og_image":[{"width":1140,"height":760,"url":"https:\/\/afogadosfm.com.br\/afogadosfm\/wp-content\/uploads\/2019\/07\/trump.jpg","type":"image\/jpeg"}],"author":"afogadosfm","twitter_card":"summary_large_image","twitter_misc":{"Escrito por":"afogadosfm","Est. tempo de leitura":"2 minutos"},"schema":{"@context":"https:\/\/schema.org","@graph":[{"@type":"Article","@id":"https:\/\/afogadosfm.com.br\/afogadosfm\/2025\/04\/22\/universidade-de-harvard-processa-governo-trump\/#article","isPartOf":{"@id":"https:\/\/afogadosfm.com.br\/afogadosfm\/2025\/04\/22\/universidade-de-harvard-processa-governo-trump\/"},"author":{"name":"afogadosfm","@id":"https:\/\/afogadosfm.com.br\/afogadosfm\/#\/schema\/person\/60e56f2cf5dc960fc093fe093d9e9057"},"headline":"Universidade de Harvard processa governo Trump","datePublished":"2025-04-22T10:27:18+00:00","dateModified":"2025-04-22T10:27:19+00:00","mainEntityOfPage":{"@id":"https:\/\/afogadosfm.com.br\/afogadosfm\/2025\/04\/22\/universidade-de-harvard-processa-governo-trump\/"},"wordCount":309,"commentCount":0,"publisher":{"@id":"https:\/\/afogadosfm.com.br\/afogadosfm\/#organization"},"image":{"@id":"https:\/\/afogadosfm.com.br\/afogadosfm\/2025\/04\/22\/universidade-de-harvard-processa-governo-trump\/#primaryimage"},"thumbnailUrl":"https:\/\/i0.wp.com\/afogadosfm.com.br\/afogadosfm\/wp-content\/uploads\/2019\/07\/trump.jpg?fit=1140%2C760&ssl=1","articleSection":["Mundo"],"inLanguage":"pt-BR","potentialAction":[{"@type":"CommentAction","name":"Comment","target":["https:\/\/afogadosfm.com.br\/afogadosfm\/2025\/04\/22\/universidade-de-harvard-processa-governo-trump\/#respond"]}]},{"@type":"WebPage","@id":"https:\/\/afogadosfm.com.br\/afogadosfm\/2025\/04\/22\/universidade-de-harvard-processa-governo-trump\/","url":"https:\/\/afogadosfm.com.br\/afogadosfm\/2025\/04\/22\/universidade-de-harvard-processa-governo-trump\/","name":"Universidade de Harvard processa governo Trump - Afogados FM","isPartOf":{"@id":"https:\/\/afogadosfm.com.br\/afogadosfm\/#website"},"primaryImageOfPage":{"@id":"https:\/\/afogadosfm.com.br\/afogadosfm\/2025\/04\/22\/universidade-de-harvard-processa-governo-trump\/#primaryimage"},"image":{"@id":"https:\/\/afogadosfm.com.br\/afogadosfm\/2025\/04\/22\/universidade-de-harvard-processa-governo-trump\/#primaryimage"},"thumbnailUrl":"https:\/\/i0.wp.com\/afogadosfm.com.br\/afogadosfm\/wp-content\/uploads\/2019\/07\/trump.jpg?fit=1140%2C760&ssl=1","datePublished":"2025-04-22T10:27:18+00:00","dateModified":"2025-04-22T10:27:19+00:00","breadcrumb":{"@id":"https:\/\/afogadosfm.com.br\/afogadosfm\/2025\/04\/22\/universidade-de-harvard-processa-governo-trump\/#breadcrumb"},"inLanguage":"pt-BR","potentialAction":[{"@type":"ReadAction","target":["https:\/\/afogadosfm.com.br\/afogadosfm\/2025\/04\/22\/universidade-de-harvard-processa-governo-trump\/"]}]},{"@type":"ImageObject","inLanguage":"pt-BR","@id":"https:\/\/afogadosfm.com.br\/afogadosfm\/2025\/04\/22\/universidade-de-harvard-processa-governo-trump\/#primaryimage","url":"https:\/\/i0.wp.com\/afogadosfm.com.br\/afogadosfm\/wp-content\/uploads\/2019\/07\/trump.jpg?fit=1140%2C760&ssl=1","contentUrl":"https:\/\/i0.wp.com\/afogadosfm.com.br\/afogadosfm\/wp-content\/uploads\/2019\/07\/trump.jpg?fit=1140%2C760&ssl=1","width":1140,"height":760,"caption":"O presidente dos EUA, Donald Trump, se re\u00fane com o presidente do Brasil, Jair Bolsonaro, no Sal\u00e3o Oval da Casa Branca, em Washington (EUA)."},{"@type":"BreadcrumbList","@id":"https:\/\/afogadosfm.com.br\/afogadosfm\/2025\/04\/22\/universidade-de-harvard-processa-governo-trump\/#breadcrumb","itemListElement":[{"@type":"ListItem","position":1,"name":"In\u00edcio","item":"https:\/\/afogadosfm.com.br\/afogadosfm\/"},{"@type":"ListItem","position":2,"name":"Universidade de Harvard processa governo Trump"}]},{"@type":"WebSite","@id":"https:\/\/afogadosfm.com.br\/afogadosfm\/#website","url":"https:\/\/afogadosfm.com.br\/afogadosfm\/","name":"Afogados FM","description":"Um site completo!","publisher":{"@id":"https:\/\/afogadosfm.com.br\/afogadosfm\/#organization"},"potentialAction":[{"@type":"SearchAction","target":{"@type":"EntryPoint","urlTemplate":"https:\/\/afogadosfm.com.br\/afogadosfm\/?s={search_term_string}"},"query-input":{"@type":"PropertyValueSpecification","valueRequired":true,"valueName":"search_term_string"}}],"inLanguage":"pt-BR"},{"@type":"Organization","@id":"https:\/\/afogadosfm.com.br\/afogadosfm\/#organization","name":"Afogados FM","url":"https:\/\/afogadosfm.com.br\/afogadosfm\/","logo":{"@type":"ImageObject","inLanguage":"pt-BR","@id":"https:\/\/afogadosfm.com.br\/afogadosfm\/#\/schema\/logo\/image\/","url":"https:\/\/i0.wp.com\/afogadosfm.com.br\/afogadosfm\/wp-content\/uploads\/2020\/06\/cropped-banner-afogados-4.jpg?fit=369%2C137&ssl=1","contentUrl":"https:\/\/i0.wp.com\/afogadosfm.com.br\/afogadosfm\/wp-content\/uploads\/2020\/06\/cropped-banner-afogados-4.jpg?fit=369%2C137&ssl=1","width":369,"height":137,"caption":"Afogados FM"},"image":{"@id":"https:\/\/afogadosfm.com.br\/afogadosfm\/#\/schema\/logo\/image\/"}},{"@type":"Person","@id":"https:\/\/afogadosfm.com.br\/afogadosfm\/#\/schema\/person\/60e56f2cf5dc960fc093fe093d9e9057","name":"afogadosfm","image":{"@type":"ImageObject","inLanguage":"pt-BR","@id":"https:\/\/secure.gravatar.com\/avatar\/e0359add7ed5dc3560906d861b52c6a8cf5c1e199d3a7dd85070998f49bd4701?s=96&d=mm&r=g","url":"https:\/\/secure.gravatar.com\/avatar\/e0359add7ed5dc3560906d861b52c6a8cf5c1e199d3a7dd85070998f49bd4701?s=96&d=mm&r=g","contentUrl":"https:\/\/secure.gravatar.com\/avatar\/e0359add7ed5dc3560906d861b52c6a8cf5c1e199d3a7dd85070998f49bd4701?s=96&d=mm&r=g","caption":"afogadosfm"},"url":"https:\/\/afogadosfm.com.br\/afogadosfm\/author\/afogadosfm\/"}]}},"jetpack_publicize_connections":[],"jetpack_featured_media_url":"https:\/\/i0.wp.com\/afogadosfm.com.br\/afogadosfm\/wp-content\/uploads\/2019\/07\/trump.jpg?fit=1140%2C760&ssl=1","jetpack-related-posts":[],"jetpack_sharing_enabled":true,"jetpack_likes_enabled":true,"_links":{"self":[{"href":"https:\/\/afogadosfm.com.br\/afogadosfm\/wp-json\/wp\/v2\/posts\/65198","targetHints":{"allow":["GET"]}}],"collection":[{"href":"https:\/\/afogadosfm.com.br\/afogadosfm\/wp-json\/wp\/v2\/posts"}],"about":[{"href":"https:\/\/afogadosfm.com.br\/afogadosfm\/wp-json\/wp\/v2\/types\/post"}],"author":[{"embeddable":true,"href":"https:\/\/afogadosfm.com.br\/afogadosfm\/wp-json\/wp\/v2\/users\/2"}],"replies":[{"embeddable":true,"href":"https:\/\/afogadosfm.com.br\/afogadosfm\/wp-json\/wp\/v2\/comments?post=65198"}],"version-history":[{"count":1,"href":"https:\/\/afogadosfm.com.br\/afogadosfm\/wp-json\/wp\/v2\/posts\/65198\/revisions"}],"predecessor-version":[{"id":65199,"href":"https:\/\/afogadosfm.com.br\/afogadosfm\/wp-json\/wp\/v2\/posts\/65198\/revisions\/65199"}],"wp:featuredmedia":[{"embeddable":true,"href":"https:\/\/afogadosfm.com.br\/afogadosfm\/wp-json\/wp\/v2\/media\/11255"}],"wp:attachment":[{"href":"https:\/\/afogadosfm.com.br\/afogadosfm\/wp-json\/wp\/v2\/media?parent=65198"}],"wp:term":[{"taxonomy":"category","embeddable":true,"href":"https:\/\/afogadosfm.com.br\/afogadosfm\/wp-json\/wp\/v2\/categories?post=65198"},{"taxonomy":"post_tag","embeddable":true,"href":"https:\/\/afogadosfm.com.br\/afogadosfm\/wp-json\/wp\/v2\/tags?post=65198"}],"curies":[{"name":"wp","href":"https:\/\/api.w.org\/{rel}","templated":true}]}}