{"id":65245,"date":"2025-04-24T05:57:35","date_gmt":"2025-04-24T08:57:35","guid":{"rendered":"https:\/\/afogadosfm.com.br\/afogadosfm\/?p=65245"},"modified":"2025-04-24T05:57:36","modified_gmt":"2025-04-24T08:57:36","slug":"mae-procura-por-filho-desaparecido-de-princesa-isabel-ha-16-anos","status":"publish","type":"post","link":"https:\/\/afogadosfm.com.br\/afogadosfm\/2025\/04\/24\/mae-procura-por-filho-desaparecido-de-princesa-isabel-ha-16-anos\/","title":{"rendered":"M\u00e3e procura por filho desaparecido de Princesa Isabel h\u00e1 16 anos"},"content":{"rendered":"\n<p>Maria Cleide, natural da cidade de Princesa Isabel, no interior da Para\u00edba, que atualmente reside na cidade pernambucana de Carna\u00edba, continua procurando seu filho Wellington Pereira Leite Lacerda, que desapareceu da cidade de Princesa Isabel acerca de 16 anos, quando tinha apenas 15 anos de idade.<\/p>\n\n\n\n<p>Na manh\u00e3 de 15 de Janeiro de 2009, Wellington estava na casa de sua m\u00e3e, no Bairro Maia, em princesa Isabel e saiu de casa para pegar um carro de lota\u00e7\u00e3o para o sitio Cacimba de Dentro, hoje pertencente ao munic\u00edpio de S\u00e3o Jos\u00e9 de Princesa e nunca mais foi visto.<\/p>\n\n\n\n<figure class=\"wp-block-image\"><a href=\"https:\/\/blogdocauerodrigues.com.br\/mae-procura-por-filho-desaparecido-de-princesa-isabel-ha-16-anos\/wellington-pereira-leite-lacerda-de-princesa-isabel-pb-desaparecido-e-maria-cleide-3\/#main\"><img data-recalc-dims=\"1\" decoding=\"async\" src=\"https:\/\/i0.wp.com\/blogdocauerodrigues.com.br\/wp-content\/uploads\/2025\/04\/Wellington-Pereira-Leite-Lacerda-de-princesa-isabel-pb-desaparecido-e-maria-cleide-3.jpg?w=840&#038;ssl=1\" alt=\"\"\/><\/a><\/figure>\n\n\n\n<p>Ao Blog do Cau\u00ea Rodrigues, sua m\u00e3e Maria Cleide contou que Wellington saiu de casa at\u00e9 o centro da cidade, acompanhado de um tio e do seu irm\u00e3o de 13 anos. O irm\u00e3o estava indo para uma bicicletaria e o tio para o trabalho e&nbsp; Wellington seguiu para pr\u00f3ximo a Agencia do Banco do Brasil para pegar o carro de lota\u00e7\u00e3o.<\/p>\n\n\n<div class=\"wp-block-image\">\n<figure class=\"alignleft\"><img data-recalc-dims=\"1\" height=\"600\" width=\"840\" decoding=\"async\" src=\"https:\/\/i0.wp.com\/blogdocauerodrigues.com.br\/wp-content\/uploads\/2025\/04\/Wellington-Pereira-Leite-Lacerda-de-princesa-isabel-pb-desaparecido-e-maria-cleide-1-972x694.jpg?resize=840%2C600&#038;ssl=1\" alt=\"\" class=\"wp-image-92818\"\/><\/figure>\n<\/div>\n\n\n<p>Na \u00e9poca ela chegou a fazer o Boletim de Ocorr\u00eancia na Delegacia de Policia de Princesa Isabel, mas at\u00e9 hoje nunca obteve uma resposta.<br>Wellington nasceu em 01 de Setembro de 1993 e hoje estaria com 31 anos, completando seus 32 em setembro pr\u00f3ximo. \u00c9 filho de Francisco Pereira Lacerda, j\u00e1 falecido e neto de dona Francisca F\u00e9lix Leite.<\/p>\n\n\n\n<p>Maria Cleide disse ainda que Wellington era um menino bom, religioso e inteligente e espera reencontr\u00e1-lo um dia.<\/p>\n\n\n\n<p>Quem souber de alguma informa\u00e7\u00e3o sobre o paradeiro de Wellington &nbsp;Pereira Leite Lacerda, entrar em contato com a Reda\u00e7\u00e3o do Blog do Cau\u00ea Rodrigues pelo Whatssap&nbsp;<strong>11 9 7789 9787<\/strong>&nbsp;ou com Maria Cleide pelo telefone&nbsp;<strong>83 9 9948 8003.<\/strong><\/p>\n","protected":false},"excerpt":{"rendered":"<p>Maria Cleide, natural da cidade de Princesa Isabel, no interior da Para\u00edba, que atualmente reside na cidade pernambucana de Carna\u00edba,<\/p>\n","protected":false},"author":2,"featured_media":65246,"comment_status":"open","ping_status":"open","sticky":false,"template":"","format":"standard","meta":{"jetpack_post_was_ever_published":false,"_jetpack_newsletter_access":"","_jetpack_dont_email_post_to_subs":false,"_jetpack_newsletter_tier_id":0,"_jetpack_memberships_contains_paywalled_content":false,"_jetpack_memberships_contains_paid_content":false,"footnotes":"","jetpack_publicize_message":"","jetpack_publicize_feature_enabled":true,"jetpack_social_post_already_shared":true,"jetpack_social_options":{"image_generator_settings":{"template":"highway","default_image_id":0,"font":"","enabled":false},"version":2}},"categories":[43],"tags":[],"class_list":["post-65245","post","type-post","status-publish","format-standard","has-post-thumbnail","hentry","category-paraiba"],"yoast_head":"<!-- This site is optimized with the Yoast SEO plugin v27.5 - https:\/\/yoast.com\/product\/yoast-seo-wordpress\/ -->\n<title>M\u00e3e procura por filho desaparecido de Princesa Isabel h\u00e1 16 anos - Afogados FM<\/title>\n<meta name=\"robots\" content=\"index, follow, max-snippet:-1, max-image-preview:large, max-video-preview:-1\" \/>\n<link rel=\"canonical\" href=\"https:\/\/afogadosfm.com.br\/afogadosfm\/2025\/04\/24\/mae-procura-por-filho-desaparecido-de-princesa-isabel-ha-16-anos\/\" \/>\n<meta property=\"og:locale\" content=\"pt_BR\" \/>\n<meta property=\"og:type\" content=\"article\" \/>\n<meta property=\"og:title\" content=\"M\u00e3e procura por filho desaparecido de Princesa Isabel h\u00e1 16 anos - Afogados FM\" \/>\n<meta property=\"og:description\" content=\"Maria Cleide, natural da cidade de Princesa Isabel, no interior da Para\u00edba, que atualmente reside na cidade pernambucana de Carna\u00edba,\" \/>\n<meta property=\"og:url\" content=\"https:\/\/afogadosfm.com.br\/afogadosfm\/2025\/04\/24\/mae-procura-por-filho-desaparecido-de-princesa-isabel-ha-16-anos\/\" \/>\n<meta property=\"og:site_name\" content=\"Afogados FM\" \/>\n<meta property=\"article:published_time\" content=\"2025-04-24T08:57:35+00:00\" \/>\n<meta property=\"article:modified_time\" content=\"2025-04-24T08:57:36+00:00\" \/>\n<meta property=\"og:image\" content=\"https:\/\/afogadosfm.com.br\/afogadosfm\/wp-content\/uploads\/2025\/04\/Wellington-.jpg\" \/>\n\t<meta property=\"og:image:width\" content=\"1197\" \/>\n\t<meta property=\"og:image:height\" content=\"1030\" \/>\n\t<meta property=\"og:image:type\" content=\"image\/jpeg\" \/>\n<meta name=\"author\" content=\"afogadosfm\" \/>\n<meta name=\"twitter:card\" content=\"summary_large_image\" \/>\n<meta name=\"twitter:label1\" content=\"Escrito por\" \/>\n\t<meta name=\"twitter:data1\" content=\"afogadosfm\" \/>\n\t<meta name=\"twitter:label2\" content=\"Est. tempo de leitura\" \/>\n\t<meta name=\"twitter:data2\" content=\"3 minutos\" \/>\n<script type=\"application\/ld+json\" class=\"yoast-schema-graph\">{\"@context\":\"https:\\\/\\\/schema.org\",\"@graph\":[{\"@type\":\"Article\",\"@id\":\"https:\\\/\\\/afogadosfm.com.br\\\/afogadosfm\\\/2025\\\/04\\\/24\\\/mae-procura-por-filho-desaparecido-de-princesa-isabel-ha-16-anos\\\/#article\",\"isPartOf\":{\"@id\":\"https:\\\/\\\/afogadosfm.com.br\\\/afogadosfm\\\/2025\\\/04\\\/24\\\/mae-procura-por-filho-desaparecido-de-princesa-isabel-ha-16-anos\\\/\"},\"author\":{\"name\":\"afogadosfm\",\"@id\":\"https:\\\/\\\/afogadosfm.com.br\\\/afogadosfm\\\/#\\\/schema\\\/person\\\/60e56f2cf5dc960fc093fe093d9e9057\"},\"headline\":\"M\u00e3e procura por filho desaparecido de Princesa Isabel h\u00e1 16 anos\",\"datePublished\":\"2025-04-24T08:57:35+00:00\",\"dateModified\":\"2025-04-24T08:57:36+00:00\",\"mainEntityOfPage\":{\"@id\":\"https:\\\/\\\/afogadosfm.com.br\\\/afogadosfm\\\/2025\\\/04\\\/24\\\/mae-procura-por-filho-desaparecido-de-princesa-isabel-ha-16-anos\\\/\"},\"wordCount\":290,\"commentCount\":0,\"publisher\":{\"@id\":\"https:\\\/\\\/afogadosfm.com.br\\\/afogadosfm\\\/#organization\"},\"image\":{\"@id\":\"https:\\\/\\\/afogadosfm.com.br\\\/afogadosfm\\\/2025\\\/04\\\/24\\\/mae-procura-por-filho-desaparecido-de-princesa-isabel-ha-16-anos\\\/#primaryimage\"},\"thumbnailUrl\":\"https:\\\/\\\/i0.wp.com\\\/afogadosfm.com.br\\\/afogadosfm\\\/wp-content\\\/uploads\\\/2025\\\/04\\\/Wellington-.jpg?fit=1197%2C1030&ssl=1\",\"articleSection\":[\"Para\u00edba\"],\"inLanguage\":\"pt-BR\",\"potentialAction\":[{\"@type\":\"CommentAction\",\"name\":\"Comment\",\"target\":[\"https:\\\/\\\/afogadosfm.com.br\\\/afogadosfm\\\/2025\\\/04\\\/24\\\/mae-procura-por-filho-desaparecido-de-princesa-isabel-ha-16-anos\\\/#respond\"]}]},{\"@type\":\"WebPage\",\"@id\":\"https:\\\/\\\/afogadosfm.com.br\\\/afogadosfm\\\/2025\\\/04\\\/24\\\/mae-procura-por-filho-desaparecido-de-princesa-isabel-ha-16-anos\\\/\",\"url\":\"https:\\\/\\\/afogadosfm.com.br\\\/afogadosfm\\\/2025\\\/04\\\/24\\\/mae-procura-por-filho-desaparecido-de-princesa-isabel-ha-16-anos\\\/\",\"name\":\"M\u00e3e procura por filho desaparecido de Princesa Isabel h\u00e1 16 anos - Afogados FM\",\"isPartOf\":{\"@id\":\"https:\\\/\\\/afogadosfm.com.br\\\/afogadosfm\\\/#website\"},\"primaryImageOfPage\":{\"@id\":\"https:\\\/\\\/afogadosfm.com.br\\\/afogadosfm\\\/2025\\\/04\\\/24\\\/mae-procura-por-filho-desaparecido-de-princesa-isabel-ha-16-anos\\\/#primaryimage\"},\"image\":{\"@id\":\"https:\\\/\\\/afogadosfm.com.br\\\/afogadosfm\\\/2025\\\/04\\\/24\\\/mae-procura-por-filho-desaparecido-de-princesa-isabel-ha-16-anos\\\/#primaryimage\"},\"thumbnailUrl\":\"https:\\\/\\\/i0.wp.com\\\/afogadosfm.com.br\\\/afogadosfm\\\/wp-content\\\/uploads\\\/2025\\\/04\\\/Wellington-.jpg?fit=1197%2C1030&ssl=1\",\"datePublished\":\"2025-04-24T08:57:35+00:00\",\"dateModified\":\"2025-04-24T08:57:36+00:00\",\"breadcrumb\":{\"@id\":\"https:\\\/\\\/afogadosfm.com.br\\\/afogadosfm\\\/2025\\\/04\\\/24\\\/mae-procura-por-filho-desaparecido-de-princesa-isabel-ha-16-anos\\\/#breadcrumb\"},\"inLanguage\":\"pt-BR\",\"potentialAction\":[{\"@type\":\"ReadAction\",\"target\":[\"https:\\\/\\\/afogadosfm.com.br\\\/afogadosfm\\\/2025\\\/04\\\/24\\\/mae-procura-por-filho-desaparecido-de-princesa-isabel-ha-16-anos\\\/\"]}]},{\"@type\":\"ImageObject\",\"inLanguage\":\"pt-BR\",\"@id\":\"https:\\\/\\\/afogadosfm.com.br\\\/afogadosfm\\\/2025\\\/04\\\/24\\\/mae-procura-por-filho-desaparecido-de-princesa-isabel-ha-16-anos\\\/#primaryimage\",\"url\":\"https:\\\/\\\/i0.wp.com\\\/afogadosfm.com.br\\\/afogadosfm\\\/wp-content\\\/uploads\\\/2025\\\/04\\\/Wellington-.jpg?fit=1197%2C1030&ssl=1\",\"contentUrl\":\"https:\\\/\\\/i0.wp.com\\\/afogadosfm.com.br\\\/afogadosfm\\\/wp-content\\\/uploads\\\/2025\\\/04\\\/Wellington-.jpg?fit=1197%2C1030&ssl=1\",\"width\":1197,\"height\":1030},{\"@type\":\"BreadcrumbList\",\"@id\":\"https:\\\/\\\/afogadosfm.com.br\\\/afogadosfm\\\/2025\\\/04\\\/24\\\/mae-procura-por-filho-desaparecido-de-princesa-isabel-ha-16-anos\\\/#breadcrumb\",\"itemListElement\":[{\"@type\":\"ListItem\",\"position\":1,\"name\":\"In\u00edcio\",\"item\":\"https:\\\/\\\/afogadosfm.com.br\\\/afogadosfm\\\/\"},{\"@type\":\"ListItem\",\"position\":2,\"name\":\"M\u00e3e procura por filho desaparecido de Princesa Isabel h\u00e1 16 anos\"}]},{\"@type\":\"WebSite\",\"@id\":\"https:\\\/\\\/afogadosfm.com.br\\\/afogadosfm\\\/#website\",\"url\":\"https:\\\/\\\/afogadosfm.com.br\\\/afogadosfm\\\/\",\"name\":\"Afogados FM\",\"description\":\"Um site completo!\",\"publisher\":{\"@id\":\"https:\\\/\\\/afogadosfm.com.br\\\/afogadosfm\\\/#organization\"},\"potentialAction\":[{\"@type\":\"SearchAction\",\"target\":{\"@type\":\"EntryPoint\",\"urlTemplate\":\"https:\\\/\\\/afogadosfm.com.br\\\/afogadosfm\\\/?s={search_term_string}\"},\"query-input\":{\"@type\":\"PropertyValueSpecification\",\"valueRequired\":true,\"valueName\":\"search_term_string\"}}],\"inLanguage\":\"pt-BR\"},{\"@type\":\"Organization\",\"@id\":\"https:\\\/\\\/afogadosfm.com.br\\\/afogadosfm\\\/#organization\",\"name\":\"Afogados FM\",\"url\":\"https:\\\/\\\/afogadosfm.com.br\\\/afogadosfm\\\/\",\"logo\":{\"@type\":\"ImageObject\",\"inLanguage\":\"pt-BR\",\"@id\":\"https:\\\/\\\/afogadosfm.com.br\\\/afogadosfm\\\/#\\\/schema\\\/logo\\\/image\\\/\",\"url\":\"https:\\\/\\\/i0.wp.com\\\/afogadosfm.com.br\\\/afogadosfm\\\/wp-content\\\/uploads\\\/2020\\\/06\\\/cropped-banner-afogados-4.jpg?fit=369%2C137&ssl=1\",\"contentUrl\":\"https:\\\/\\\/i0.wp.com\\\/afogadosfm.com.br\\\/afogadosfm\\\/wp-content\\\/uploads\\\/2020\\\/06\\\/cropped-banner-afogados-4.jpg?fit=369%2C137&ssl=1\",\"width\":369,\"height\":137,\"caption\":\"Afogados FM\"},\"image\":{\"@id\":\"https:\\\/\\\/afogadosfm.com.br\\\/afogadosfm\\\/#\\\/schema\\\/logo\\\/image\\\/\"}},{\"@type\":\"Person\",\"@id\":\"https:\\\/\\\/afogadosfm.com.br\\\/afogadosfm\\\/#\\\/schema\\\/person\\\/60e56f2cf5dc960fc093fe093d9e9057\",\"name\":\"afogadosfm\",\"image\":{\"@type\":\"ImageObject\",\"inLanguage\":\"pt-BR\",\"@id\":\"https:\\\/\\\/secure.gravatar.com\\\/avatar\\\/e0359add7ed5dc3560906d861b52c6a8cf5c1e199d3a7dd85070998f49bd4701?s=96&d=mm&r=g\",\"url\":\"https:\\\/\\\/secure.gravatar.com\\\/avatar\\\/e0359add7ed5dc3560906d861b52c6a8cf5c1e199d3a7dd85070998f49bd4701?s=96&d=mm&r=g\",\"contentUrl\":\"https:\\\/\\\/secure.gravatar.com\\\/avatar\\\/e0359add7ed5dc3560906d861b52c6a8cf5c1e199d3a7dd85070998f49bd4701?s=96&d=mm&r=g\",\"caption\":\"afogadosfm\"},\"url\":\"https:\\\/\\\/afogadosfm.com.br\\\/afogadosfm\\\/author\\\/afogadosfm\\\/\"}]}<\/script>\n<!-- \/ Yoast SEO plugin. -->","yoast_head_json":{"title":"M\u00e3e procura por filho desaparecido de Princesa Isabel h\u00e1 16 anos - Afogados FM","robots":{"index":"index","follow":"follow","max-snippet":"max-snippet:-1","max-image-preview":"max-image-preview:large","max-video-preview":"max-video-preview:-1"},"canonical":"https:\/\/afogadosfm.com.br\/afogadosfm\/2025\/04\/24\/mae-procura-por-filho-desaparecido-de-princesa-isabel-ha-16-anos\/","og_locale":"pt_BR","og_type":"article","og_title":"M\u00e3e procura por filho desaparecido de Princesa Isabel h\u00e1 16 anos - Afogados FM","og_description":"Maria Cleide, natural da cidade de Princesa Isabel, no interior da Para\u00edba, que atualmente reside na cidade pernambucana de Carna\u00edba,","og_url":"https:\/\/afogadosfm.com.br\/afogadosfm\/2025\/04\/24\/mae-procura-por-filho-desaparecido-de-princesa-isabel-ha-16-anos\/","og_site_name":"Afogados FM","article_published_time":"2025-04-24T08:57:35+00:00","article_modified_time":"2025-04-24T08:57:36+00:00","og_image":[{"width":1197,"height":1030,"url":"https:\/\/afogadosfm.com.br\/afogadosfm\/wp-content\/uploads\/2025\/04\/Wellington-.jpg","type":"image\/jpeg"}],"author":"afogadosfm","twitter_card":"summary_large_image","twitter_misc":{"Escrito por":"afogadosfm","Est. tempo de leitura":"3 minutos"},"schema":{"@context":"https:\/\/schema.org","@graph":[{"@type":"Article","@id":"https:\/\/afogadosfm.com.br\/afogadosfm\/2025\/04\/24\/mae-procura-por-filho-desaparecido-de-princesa-isabel-ha-16-anos\/#article","isPartOf":{"@id":"https:\/\/afogadosfm.com.br\/afogadosfm\/2025\/04\/24\/mae-procura-por-filho-desaparecido-de-princesa-isabel-ha-16-anos\/"},"author":{"name":"afogadosfm","@id":"https:\/\/afogadosfm.com.br\/afogadosfm\/#\/schema\/person\/60e56f2cf5dc960fc093fe093d9e9057"},"headline":"M\u00e3e procura por filho desaparecido de Princesa Isabel h\u00e1 16 anos","datePublished":"2025-04-24T08:57:35+00:00","dateModified":"2025-04-24T08:57:36+00:00","mainEntityOfPage":{"@id":"https:\/\/afogadosfm.com.br\/afogadosfm\/2025\/04\/24\/mae-procura-por-filho-desaparecido-de-princesa-isabel-ha-16-anos\/"},"wordCount":290,"commentCount":0,"publisher":{"@id":"https:\/\/afogadosfm.com.br\/afogadosfm\/#organization"},"image":{"@id":"https:\/\/afogadosfm.com.br\/afogadosfm\/2025\/04\/24\/mae-procura-por-filho-desaparecido-de-princesa-isabel-ha-16-anos\/#primaryimage"},"thumbnailUrl":"https:\/\/i0.wp.com\/afogadosfm.com.br\/afogadosfm\/wp-content\/uploads\/2025\/04\/Wellington-.jpg?fit=1197%2C1030&ssl=1","articleSection":["Para\u00edba"],"inLanguage":"pt-BR","potentialAction":[{"@type":"CommentAction","name":"Comment","target":["https:\/\/afogadosfm.com.br\/afogadosfm\/2025\/04\/24\/mae-procura-por-filho-desaparecido-de-princesa-isabel-ha-16-anos\/#respond"]}]},{"@type":"WebPage","@id":"https:\/\/afogadosfm.com.br\/afogadosfm\/2025\/04\/24\/mae-procura-por-filho-desaparecido-de-princesa-isabel-ha-16-anos\/","url":"https:\/\/afogadosfm.com.br\/afogadosfm\/2025\/04\/24\/mae-procura-por-filho-desaparecido-de-princesa-isabel-ha-16-anos\/","name":"M\u00e3e procura por filho desaparecido de Princesa Isabel h\u00e1 16 anos - Afogados FM","isPartOf":{"@id":"https:\/\/afogadosfm.com.br\/afogadosfm\/#website"},"primaryImageOfPage":{"@id":"https:\/\/afogadosfm.com.br\/afogadosfm\/2025\/04\/24\/mae-procura-por-filho-desaparecido-de-princesa-isabel-ha-16-anos\/#primaryimage"},"image":{"@id":"https:\/\/afogadosfm.com.br\/afogadosfm\/2025\/04\/24\/mae-procura-por-filho-desaparecido-de-princesa-isabel-ha-16-anos\/#primaryimage"},"thumbnailUrl":"https:\/\/i0.wp.com\/afogadosfm.com.br\/afogadosfm\/wp-content\/uploads\/2025\/04\/Wellington-.jpg?fit=1197%2C1030&ssl=1","datePublished":"2025-04-24T08:57:35+00:00","dateModified":"2025-04-24T08:57:36+00:00","breadcrumb":{"@id":"https:\/\/afogadosfm.com.br\/afogadosfm\/2025\/04\/24\/mae-procura-por-filho-desaparecido-de-princesa-isabel-ha-16-anos\/#breadcrumb"},"inLanguage":"pt-BR","potentialAction":[{"@type":"ReadAction","target":["https:\/\/afogadosfm.com.br\/afogadosfm\/2025\/04\/24\/mae-procura-por-filho-desaparecido-de-princesa-isabel-ha-16-anos\/"]}]},{"@type":"ImageObject","inLanguage":"pt-BR","@id":"https:\/\/afogadosfm.com.br\/afogadosfm\/2025\/04\/24\/mae-procura-por-filho-desaparecido-de-princesa-isabel-ha-16-anos\/#primaryimage","url":"https:\/\/i0.wp.com\/afogadosfm.com.br\/afogadosfm\/wp-content\/uploads\/2025\/04\/Wellington-.jpg?fit=1197%2C1030&ssl=1","contentUrl":"https:\/\/i0.wp.com\/afogadosfm.com.br\/afogadosfm\/wp-content\/uploads\/2025\/04\/Wellington-.jpg?fit=1197%2C1030&ssl=1","width":1197,"height":1030},{"@type":"BreadcrumbList","@id":"https:\/\/afogadosfm.com.br\/afogadosfm\/2025\/04\/24\/mae-procura-por-filho-desaparecido-de-princesa-isabel-ha-16-anos\/#breadcrumb","itemListElement":[{"@type":"ListItem","position":1,"name":"In\u00edcio","item":"https:\/\/afogadosfm.com.br\/afogadosfm\/"},{"@type":"ListItem","position":2,"name":"M\u00e3e procura por filho desaparecido de Princesa Isabel h\u00e1 16 anos"}]},{"@type":"WebSite","@id":"https:\/\/afogadosfm.com.br\/afogadosfm\/#website","url":"https:\/\/afogadosfm.com.br\/afogadosfm\/","name":"Afogados FM","description":"Um site completo!","publisher":{"@id":"https:\/\/afogadosfm.com.br\/afogadosfm\/#organization"},"potentialAction":[{"@type":"SearchAction","target":{"@type":"EntryPoint","urlTemplate":"https:\/\/afogadosfm.com.br\/afogadosfm\/?s={search_term_string}"},"query-input":{"@type":"PropertyValueSpecification","valueRequired":true,"valueName":"search_term_string"}}],"inLanguage":"pt-BR"},{"@type":"Organization","@id":"https:\/\/afogadosfm.com.br\/afogadosfm\/#organization","name":"Afogados FM","url":"https:\/\/afogadosfm.com.br\/afogadosfm\/","logo":{"@type":"ImageObject","inLanguage":"pt-BR","@id":"https:\/\/afogadosfm.com.br\/afogadosfm\/#\/schema\/logo\/image\/","url":"https:\/\/i0.wp.com\/afogadosfm.com.br\/afogadosfm\/wp-content\/uploads\/2020\/06\/cropped-banner-afogados-4.jpg?fit=369%2C137&ssl=1","contentUrl":"https:\/\/i0.wp.com\/afogadosfm.com.br\/afogadosfm\/wp-content\/uploads\/2020\/06\/cropped-banner-afogados-4.jpg?fit=369%2C137&ssl=1","width":369,"height":137,"caption":"Afogados FM"},"image":{"@id":"https:\/\/afogadosfm.com.br\/afogadosfm\/#\/schema\/logo\/image\/"}},{"@type":"Person","@id":"https:\/\/afogadosfm.com.br\/afogadosfm\/#\/schema\/person\/60e56f2cf5dc960fc093fe093d9e9057","name":"afogadosfm","image":{"@type":"ImageObject","inLanguage":"pt-BR","@id":"https:\/\/secure.gravatar.com\/avatar\/e0359add7ed5dc3560906d861b52c6a8cf5c1e199d3a7dd85070998f49bd4701?s=96&d=mm&r=g","url":"https:\/\/secure.gravatar.com\/avatar\/e0359add7ed5dc3560906d861b52c6a8cf5c1e199d3a7dd85070998f49bd4701?s=96&d=mm&r=g","contentUrl":"https:\/\/secure.gravatar.com\/avatar\/e0359add7ed5dc3560906d861b52c6a8cf5c1e199d3a7dd85070998f49bd4701?s=96&d=mm&r=g","caption":"afogadosfm"},"url":"https:\/\/afogadosfm.com.br\/afogadosfm\/author\/afogadosfm\/"}]}},"jetpack_publicize_connections":[],"jetpack_featured_media_url":"https:\/\/i0.wp.com\/afogadosfm.com.br\/afogadosfm\/wp-content\/uploads\/2025\/04\/Wellington-.jpg?fit=1197%2C1030&ssl=1","jetpack-related-posts":[],"jetpack_sharing_enabled":true,"jetpack_likes_enabled":true,"_links":{"self":[{"href":"https:\/\/afogadosfm.com.br\/afogadosfm\/wp-json\/wp\/v2\/posts\/65245","targetHints":{"allow":["GET"]}}],"collection":[{"href":"https:\/\/afogadosfm.com.br\/afogadosfm\/wp-json\/wp\/v2\/posts"}],"about":[{"href":"https:\/\/afogadosfm.com.br\/afogadosfm\/wp-json\/wp\/v2\/types\/post"}],"author":[{"embeddable":true,"href":"https:\/\/afogadosfm.com.br\/afogadosfm\/wp-json\/wp\/v2\/users\/2"}],"replies":[{"embeddable":true,"href":"https:\/\/afogadosfm.com.br\/afogadosfm\/wp-json\/wp\/v2\/comments?post=65245"}],"version-history":[{"count":1,"href":"https:\/\/afogadosfm.com.br\/afogadosfm\/wp-json\/wp\/v2\/posts\/65245\/revisions"}],"predecessor-version":[{"id":65247,"href":"https:\/\/afogadosfm.com.br\/afogadosfm\/wp-json\/wp\/v2\/posts\/65245\/revisions\/65247"}],"wp:featuredmedia":[{"embeddable":true,"href":"https:\/\/afogadosfm.com.br\/afogadosfm\/wp-json\/wp\/v2\/media\/65246"}],"wp:attachment":[{"href":"https:\/\/afogadosfm.com.br\/afogadosfm\/wp-json\/wp\/v2\/media?parent=65245"}],"wp:term":[{"taxonomy":"category","embeddable":true,"href":"https:\/\/afogadosfm.com.br\/afogadosfm\/wp-json\/wp\/v2\/categories?post=65245"},{"taxonomy":"post_tag","embeddable":true,"href":"https:\/\/afogadosfm.com.br\/afogadosfm\/wp-json\/wp\/v2\/tags?post=65245"}],"curies":[{"name":"wp","href":"https:\/\/api.w.org\/{rel}","templated":true}]}}