{"id":65253,"date":"2025-04-24T06:35:01","date_gmt":"2025-04-24T09:35:01","guid":{"rendered":"https:\/\/afogadosfm.com.br\/afogadosfm\/?p=65253"},"modified":"2025-04-24T06:51:37","modified_gmt":"2025-04-24T09:51:37","slug":"prefeitura-de-sao-jose-do-egito-diz-que-afastou-motorista-de-ambulancia-que-causou-acidente","status":"publish","type":"post","link":"https:\/\/afogadosfm.com.br\/afogadosfm\/2025\/04\/24\/prefeitura-de-sao-jose-do-egito-diz-que-afastou-motorista-de-ambulancia-que-causou-acidente\/","title":{"rendered":"Prefeitura de S\u00e3o Jos\u00e9 do Egito diz que afastou motorista de ambul\u00e2ncia que causou acidente"},"content":{"rendered":"\n<p>Devido \u00e0 repercuss\u00e3o de um v\u00eddeo nas redes sociais, postado nessa ter\u00e7a feira dia 22 de abril de 2025, gostar\u00edamos de informar que o incidente que consta no v\u00eddeo aconteceu na noite da segunda-feira, dia 14\/04\/2025.<\/p>\n\n\n\n<p>Por volta das 22h, o acontecido foi relatado, por liga\u00e7\u00e3o telef\u00f4nica, a dire\u00e7\u00e3o do hospital sobre um incidente envolvendo uma ambul\u00e2ncia do munic\u00edpio que realizava a transfer\u00eancia de uma paciente para a cidade do Recife.<\/p>\n\n\n\n<p>Segundo relato da t\u00e9cnica de enfermagem que acompanhava a dilig\u00eancia, o motorista do veiculo, ap\u00f3s uma parada no caminho, come\u00e7ou a apresentar sinais de sonol\u00eancia resultado em comportamento inadequado com a condu\u00e7\u00e3o do veiculo. A t\u00e9cnica relatou ainda, que nesse momento escutou um barulho de uma poss\u00edvel colis\u00e3o, danificando o retrovisor e na sequ\u00eancia, a ambul\u00e2ncia colidiu com o meio-fio ou buraco na lateral da pista, o que ocasionou o furo de um dos pneus.<\/p>\n\n\n\n<p>De imediato, adotamos todas as provid\u00eancias para garantir o resgate e a seguran\u00e7a das pessoas envolvidas. Acionamos o SAMU que prontamente prestou atendimento. Gra\u00e7as a Deus, n\u00e3o houve feridos, e todos os envolvidos j\u00e1 se encontram em seguran\u00e7a.<\/p>\n\n\n\n<p>Desde ent\u00e3o, toda nossa equipe se solidarizou e prestou todo o apoio a paciente, sua acompanhante e a t\u00e9cnica de enfermagem, que passaram por um momento dif\u00edcil causado por um ato de irresponsabilidade individual. Ressalto que todos os nossos motoristas s\u00e3o treinados, orientados e preparados para atuar com responsabilidade e zelo com a vida. Trata-se de um caso isolado, que n\u00e3o reflete os princ\u00edpios e o compromisso da nossa equipe.<\/p>\n\n\n\n<p>O motorista em quest\u00e3o foi prontamente desligado do quadro de funcion\u00e1rios, e as devidas investiga\u00e7\u00f5es seguem sendo realizadas para apurar todos os detalhes do ocorrido.<\/p>\n\n\n\n<p>Seguimos firmes em nosso prop\u00f3sito de oferecer uma sa\u00fade de qualidade, com seguran\u00e7a, respeito e compromisso com a popula\u00e7\u00e3o de S\u00e3o Jos\u00e9 do Egito.<\/p>\n\n\n\n<p>Atenciosamente,<\/p>\n\n\n\n<p><strong>Dr. Hugo Rabelo<\/strong><\/p>\n\n\n\n<p><strong>Secret\u00e1rio Municipal de Sa\u00fade<\/strong><\/p>\n\n\n\n<p><strong>S\u00e3o Jos\u00e9 do Egito \u2013 PE<\/strong><\/p>\n\n\n\n<p>Do Marcello Patriota<\/p>\n","protected":false},"excerpt":{"rendered":"<p>Devido \u00e0 repercuss\u00e3o de um v\u00eddeo nas redes sociais, postado nessa ter\u00e7a feira dia 22 de abril de 2025, gostar\u00edamos<\/p>\n","protected":false},"author":2,"featured_media":65254,"comment_status":"open","ping_status":"open","sticky":false,"template":"","format":"standard","meta":{"jetpack_post_was_ever_published":false,"_jetpack_newsletter_access":"","_jetpack_dont_email_post_to_subs":false,"_jetpack_newsletter_tier_id":0,"_jetpack_memberships_contains_paywalled_content":false,"_jetpack_memberships_contains_paid_content":false,"footnotes":"","jetpack_publicize_message":"","jetpack_publicize_feature_enabled":true,"jetpack_social_post_already_shared":true,"jetpack_social_options":{"image_generator_settings":{"template":"highway","default_image_id":0,"font":"","enabled":false},"version":2}},"categories":[32],"tags":[],"class_list":["post-65253","post","type-post","status-publish","format-standard","has-post-thumbnail","hentry","category-sertao"],"yoast_head":"<!-- This site is optimized with the Yoast SEO plugin v27.5 - https:\/\/yoast.com\/product\/yoast-seo-wordpress\/ -->\n<title>Prefeitura de S\u00e3o Jos\u00e9 do Egito diz que afastou motorista de ambul\u00e2ncia que causou acidente - Afogados FM<\/title>\n<meta name=\"robots\" content=\"index, follow, max-snippet:-1, max-image-preview:large, max-video-preview:-1\" \/>\n<link rel=\"canonical\" href=\"https:\/\/afogadosfm.com.br\/afogadosfm\/2025\/04\/24\/prefeitura-de-sao-jose-do-egito-diz-que-afastou-motorista-de-ambulancia-que-causou-acidente\/\" \/>\n<meta property=\"og:locale\" content=\"pt_BR\" \/>\n<meta property=\"og:type\" content=\"article\" \/>\n<meta property=\"og:title\" content=\"Prefeitura de S\u00e3o Jos\u00e9 do Egito diz que afastou motorista de ambul\u00e2ncia que causou acidente - Afogados FM\" \/>\n<meta property=\"og:description\" content=\"Devido \u00e0 repercuss\u00e3o de um v\u00eddeo nas redes sociais, postado nessa ter\u00e7a feira dia 22 de abril de 2025, gostar\u00edamos\" \/>\n<meta property=\"og:url\" content=\"https:\/\/afogadosfm.com.br\/afogadosfm\/2025\/04\/24\/prefeitura-de-sao-jose-do-egito-diz-que-afastou-motorista-de-ambulancia-que-causou-acidente\/\" \/>\n<meta property=\"og:site_name\" content=\"Afogados FM\" \/>\n<meta property=\"article:published_time\" content=\"2025-04-24T09:35:01+00:00\" \/>\n<meta property=\"article:modified_time\" content=\"2025-04-24T09:51:37+00:00\" \/>\n<meta property=\"og:image\" content=\"https:\/\/afogadosfm.com.br\/afogadosfm\/wp-content\/uploads\/2025\/04\/ambusje.webp\" \/>\n\t<meta property=\"og:image:width\" content=\"519\" \/>\n\t<meta property=\"og:image:height\" content=\"400\" \/>\n\t<meta property=\"og:image:type\" content=\"image\/webp\" \/>\n<meta name=\"author\" content=\"afogadosfm\" \/>\n<meta name=\"twitter:card\" content=\"summary_large_image\" \/>\n<meta name=\"twitter:label1\" content=\"Escrito por\" \/>\n\t<meta name=\"twitter:data1\" content=\"afogadosfm\" \/>\n\t<meta name=\"twitter:label2\" content=\"Est. tempo de leitura\" \/>\n\t<meta name=\"twitter:data2\" content=\"2 minutos\" \/>\n<script type=\"application\/ld+json\" class=\"yoast-schema-graph\">{\"@context\":\"https:\\\/\\\/schema.org\",\"@graph\":[{\"@type\":\"Article\",\"@id\":\"https:\\\/\\\/afogadosfm.com.br\\\/afogadosfm\\\/2025\\\/04\\\/24\\\/prefeitura-de-sao-jose-do-egito-diz-que-afastou-motorista-de-ambulancia-que-causou-acidente\\\/#article\",\"isPartOf\":{\"@id\":\"https:\\\/\\\/afogadosfm.com.br\\\/afogadosfm\\\/2025\\\/04\\\/24\\\/prefeitura-de-sao-jose-do-egito-diz-que-afastou-motorista-de-ambulancia-que-causou-acidente\\\/\"},\"author\":{\"name\":\"afogadosfm\",\"@id\":\"https:\\\/\\\/afogadosfm.com.br\\\/afogadosfm\\\/#\\\/schema\\\/person\\\/60e56f2cf5dc960fc093fe093d9e9057\"},\"headline\":\"Prefeitura de S\u00e3o Jos\u00e9 do Egito diz que afastou motorista de ambul\u00e2ncia que causou acidente\",\"datePublished\":\"2025-04-24T09:35:01+00:00\",\"dateModified\":\"2025-04-24T09:51:37+00:00\",\"mainEntityOfPage\":{\"@id\":\"https:\\\/\\\/afogadosfm.com.br\\\/afogadosfm\\\/2025\\\/04\\\/24\\\/prefeitura-de-sao-jose-do-egito-diz-que-afastou-motorista-de-ambulancia-que-causou-acidente\\\/\"},\"wordCount\":376,\"commentCount\":0,\"publisher\":{\"@id\":\"https:\\\/\\\/afogadosfm.com.br\\\/afogadosfm\\\/#organization\"},\"image\":{\"@id\":\"https:\\\/\\\/afogadosfm.com.br\\\/afogadosfm\\\/2025\\\/04\\\/24\\\/prefeitura-de-sao-jose-do-egito-diz-que-afastou-motorista-de-ambulancia-que-causou-acidente\\\/#primaryimage\"},\"thumbnailUrl\":\"https:\\\/\\\/i0.wp.com\\\/afogadosfm.com.br\\\/afogadosfm\\\/wp-content\\\/uploads\\\/2025\\\/04\\\/ambusje.webp?fit=519%2C400&ssl=1\",\"articleSection\":[\"Sert\u00e3o\"],\"inLanguage\":\"pt-BR\",\"potentialAction\":[{\"@type\":\"CommentAction\",\"name\":\"Comment\",\"target\":[\"https:\\\/\\\/afogadosfm.com.br\\\/afogadosfm\\\/2025\\\/04\\\/24\\\/prefeitura-de-sao-jose-do-egito-diz-que-afastou-motorista-de-ambulancia-que-causou-acidente\\\/#respond\"]}]},{\"@type\":\"WebPage\",\"@id\":\"https:\\\/\\\/afogadosfm.com.br\\\/afogadosfm\\\/2025\\\/04\\\/24\\\/prefeitura-de-sao-jose-do-egito-diz-que-afastou-motorista-de-ambulancia-que-causou-acidente\\\/\",\"url\":\"https:\\\/\\\/afogadosfm.com.br\\\/afogadosfm\\\/2025\\\/04\\\/24\\\/prefeitura-de-sao-jose-do-egito-diz-que-afastou-motorista-de-ambulancia-que-causou-acidente\\\/\",\"name\":\"Prefeitura de S\u00e3o Jos\u00e9 do Egito diz que afastou motorista de ambul\u00e2ncia que causou acidente - Afogados FM\",\"isPartOf\":{\"@id\":\"https:\\\/\\\/afogadosfm.com.br\\\/afogadosfm\\\/#website\"},\"primaryImageOfPage\":{\"@id\":\"https:\\\/\\\/afogadosfm.com.br\\\/afogadosfm\\\/2025\\\/04\\\/24\\\/prefeitura-de-sao-jose-do-egito-diz-que-afastou-motorista-de-ambulancia-que-causou-acidente\\\/#primaryimage\"},\"image\":{\"@id\":\"https:\\\/\\\/afogadosfm.com.br\\\/afogadosfm\\\/2025\\\/04\\\/24\\\/prefeitura-de-sao-jose-do-egito-diz-que-afastou-motorista-de-ambulancia-que-causou-acidente\\\/#primaryimage\"},\"thumbnailUrl\":\"https:\\\/\\\/i0.wp.com\\\/afogadosfm.com.br\\\/afogadosfm\\\/wp-content\\\/uploads\\\/2025\\\/04\\\/ambusje.webp?fit=519%2C400&ssl=1\",\"datePublished\":\"2025-04-24T09:35:01+00:00\",\"dateModified\":\"2025-04-24T09:51:37+00:00\",\"breadcrumb\":{\"@id\":\"https:\\\/\\\/afogadosfm.com.br\\\/afogadosfm\\\/2025\\\/04\\\/24\\\/prefeitura-de-sao-jose-do-egito-diz-que-afastou-motorista-de-ambulancia-que-causou-acidente\\\/#breadcrumb\"},\"inLanguage\":\"pt-BR\",\"potentialAction\":[{\"@type\":\"ReadAction\",\"target\":[\"https:\\\/\\\/afogadosfm.com.br\\\/afogadosfm\\\/2025\\\/04\\\/24\\\/prefeitura-de-sao-jose-do-egito-diz-que-afastou-motorista-de-ambulancia-que-causou-acidente\\\/\"]}]},{\"@type\":\"ImageObject\",\"inLanguage\":\"pt-BR\",\"@id\":\"https:\\\/\\\/afogadosfm.com.br\\\/afogadosfm\\\/2025\\\/04\\\/24\\\/prefeitura-de-sao-jose-do-egito-diz-que-afastou-motorista-de-ambulancia-que-causou-acidente\\\/#primaryimage\",\"url\":\"https:\\\/\\\/i0.wp.com\\\/afogadosfm.com.br\\\/afogadosfm\\\/wp-content\\\/uploads\\\/2025\\\/04\\\/ambusje.webp?fit=519%2C400&ssl=1\",\"contentUrl\":\"https:\\\/\\\/i0.wp.com\\\/afogadosfm.com.br\\\/afogadosfm\\\/wp-content\\\/uploads\\\/2025\\\/04\\\/ambusje.webp?fit=519%2C400&ssl=1\",\"width\":519,\"height\":400},{\"@type\":\"BreadcrumbList\",\"@id\":\"https:\\\/\\\/afogadosfm.com.br\\\/afogadosfm\\\/2025\\\/04\\\/24\\\/prefeitura-de-sao-jose-do-egito-diz-que-afastou-motorista-de-ambulancia-que-causou-acidente\\\/#breadcrumb\",\"itemListElement\":[{\"@type\":\"ListItem\",\"position\":1,\"name\":\"In\u00edcio\",\"item\":\"https:\\\/\\\/afogadosfm.com.br\\\/afogadosfm\\\/\"},{\"@type\":\"ListItem\",\"position\":2,\"name\":\"Prefeitura de S\u00e3o Jos\u00e9 do Egito diz que afastou motorista de ambul\u00e2ncia que causou acidente\"}]},{\"@type\":\"WebSite\",\"@id\":\"https:\\\/\\\/afogadosfm.com.br\\\/afogadosfm\\\/#website\",\"url\":\"https:\\\/\\\/afogadosfm.com.br\\\/afogadosfm\\\/\",\"name\":\"Afogados FM\",\"description\":\"Um site completo!\",\"publisher\":{\"@id\":\"https:\\\/\\\/afogadosfm.com.br\\\/afogadosfm\\\/#organization\"},\"potentialAction\":[{\"@type\":\"SearchAction\",\"target\":{\"@type\":\"EntryPoint\",\"urlTemplate\":\"https:\\\/\\\/afogadosfm.com.br\\\/afogadosfm\\\/?s={search_term_string}\"},\"query-input\":{\"@type\":\"PropertyValueSpecification\",\"valueRequired\":true,\"valueName\":\"search_term_string\"}}],\"inLanguage\":\"pt-BR\"},{\"@type\":\"Organization\",\"@id\":\"https:\\\/\\\/afogadosfm.com.br\\\/afogadosfm\\\/#organization\",\"name\":\"Afogados FM\",\"url\":\"https:\\\/\\\/afogadosfm.com.br\\\/afogadosfm\\\/\",\"logo\":{\"@type\":\"ImageObject\",\"inLanguage\":\"pt-BR\",\"@id\":\"https:\\\/\\\/afogadosfm.com.br\\\/afogadosfm\\\/#\\\/schema\\\/logo\\\/image\\\/\",\"url\":\"https:\\\/\\\/i0.wp.com\\\/afogadosfm.com.br\\\/afogadosfm\\\/wp-content\\\/uploads\\\/2020\\\/06\\\/cropped-banner-afogados-4.jpg?fit=369%2C137&ssl=1\",\"contentUrl\":\"https:\\\/\\\/i0.wp.com\\\/afogadosfm.com.br\\\/afogadosfm\\\/wp-content\\\/uploads\\\/2020\\\/06\\\/cropped-banner-afogados-4.jpg?fit=369%2C137&ssl=1\",\"width\":369,\"height\":137,\"caption\":\"Afogados FM\"},\"image\":{\"@id\":\"https:\\\/\\\/afogadosfm.com.br\\\/afogadosfm\\\/#\\\/schema\\\/logo\\\/image\\\/\"}},{\"@type\":\"Person\",\"@id\":\"https:\\\/\\\/afogadosfm.com.br\\\/afogadosfm\\\/#\\\/schema\\\/person\\\/60e56f2cf5dc960fc093fe093d9e9057\",\"name\":\"afogadosfm\",\"image\":{\"@type\":\"ImageObject\",\"inLanguage\":\"pt-BR\",\"@id\":\"https:\\\/\\\/secure.gravatar.com\\\/avatar\\\/e0359add7ed5dc3560906d861b52c6a8cf5c1e199d3a7dd85070998f49bd4701?s=96&d=mm&r=g\",\"url\":\"https:\\\/\\\/secure.gravatar.com\\\/avatar\\\/e0359add7ed5dc3560906d861b52c6a8cf5c1e199d3a7dd85070998f49bd4701?s=96&d=mm&r=g\",\"contentUrl\":\"https:\\\/\\\/secure.gravatar.com\\\/avatar\\\/e0359add7ed5dc3560906d861b52c6a8cf5c1e199d3a7dd85070998f49bd4701?s=96&d=mm&r=g\",\"caption\":\"afogadosfm\"},\"url\":\"https:\\\/\\\/afogadosfm.com.br\\\/afogadosfm\\\/author\\\/afogadosfm\\\/\"}]}<\/script>\n<!-- \/ Yoast SEO plugin. -->","yoast_head_json":{"title":"Prefeitura de S\u00e3o Jos\u00e9 do Egito diz que afastou motorista de ambul\u00e2ncia que causou acidente - Afogados FM","robots":{"index":"index","follow":"follow","max-snippet":"max-snippet:-1","max-image-preview":"max-image-preview:large","max-video-preview":"max-video-preview:-1"},"canonical":"https:\/\/afogadosfm.com.br\/afogadosfm\/2025\/04\/24\/prefeitura-de-sao-jose-do-egito-diz-que-afastou-motorista-de-ambulancia-que-causou-acidente\/","og_locale":"pt_BR","og_type":"article","og_title":"Prefeitura de S\u00e3o Jos\u00e9 do Egito diz que afastou motorista de ambul\u00e2ncia que causou acidente - Afogados FM","og_description":"Devido \u00e0 repercuss\u00e3o de um v\u00eddeo nas redes sociais, postado nessa ter\u00e7a feira dia 22 de abril de 2025, gostar\u00edamos","og_url":"https:\/\/afogadosfm.com.br\/afogadosfm\/2025\/04\/24\/prefeitura-de-sao-jose-do-egito-diz-que-afastou-motorista-de-ambulancia-que-causou-acidente\/","og_site_name":"Afogados FM","article_published_time":"2025-04-24T09:35:01+00:00","article_modified_time":"2025-04-24T09:51:37+00:00","og_image":[{"width":519,"height":400,"url":"https:\/\/afogadosfm.com.br\/afogadosfm\/wp-content\/uploads\/2025\/04\/ambusje.webp","type":"image\/webp"}],"author":"afogadosfm","twitter_card":"summary_large_image","twitter_misc":{"Escrito por":"afogadosfm","Est. tempo de leitura":"2 minutos"},"schema":{"@context":"https:\/\/schema.org","@graph":[{"@type":"Article","@id":"https:\/\/afogadosfm.com.br\/afogadosfm\/2025\/04\/24\/prefeitura-de-sao-jose-do-egito-diz-que-afastou-motorista-de-ambulancia-que-causou-acidente\/#article","isPartOf":{"@id":"https:\/\/afogadosfm.com.br\/afogadosfm\/2025\/04\/24\/prefeitura-de-sao-jose-do-egito-diz-que-afastou-motorista-de-ambulancia-que-causou-acidente\/"},"author":{"name":"afogadosfm","@id":"https:\/\/afogadosfm.com.br\/afogadosfm\/#\/schema\/person\/60e56f2cf5dc960fc093fe093d9e9057"},"headline":"Prefeitura de S\u00e3o Jos\u00e9 do Egito diz que afastou motorista de ambul\u00e2ncia que causou acidente","datePublished":"2025-04-24T09:35:01+00:00","dateModified":"2025-04-24T09:51:37+00:00","mainEntityOfPage":{"@id":"https:\/\/afogadosfm.com.br\/afogadosfm\/2025\/04\/24\/prefeitura-de-sao-jose-do-egito-diz-que-afastou-motorista-de-ambulancia-que-causou-acidente\/"},"wordCount":376,"commentCount":0,"publisher":{"@id":"https:\/\/afogadosfm.com.br\/afogadosfm\/#organization"},"image":{"@id":"https:\/\/afogadosfm.com.br\/afogadosfm\/2025\/04\/24\/prefeitura-de-sao-jose-do-egito-diz-que-afastou-motorista-de-ambulancia-que-causou-acidente\/#primaryimage"},"thumbnailUrl":"https:\/\/i0.wp.com\/afogadosfm.com.br\/afogadosfm\/wp-content\/uploads\/2025\/04\/ambusje.webp?fit=519%2C400&ssl=1","articleSection":["Sert\u00e3o"],"inLanguage":"pt-BR","potentialAction":[{"@type":"CommentAction","name":"Comment","target":["https:\/\/afogadosfm.com.br\/afogadosfm\/2025\/04\/24\/prefeitura-de-sao-jose-do-egito-diz-que-afastou-motorista-de-ambulancia-que-causou-acidente\/#respond"]}]},{"@type":"WebPage","@id":"https:\/\/afogadosfm.com.br\/afogadosfm\/2025\/04\/24\/prefeitura-de-sao-jose-do-egito-diz-que-afastou-motorista-de-ambulancia-que-causou-acidente\/","url":"https:\/\/afogadosfm.com.br\/afogadosfm\/2025\/04\/24\/prefeitura-de-sao-jose-do-egito-diz-que-afastou-motorista-de-ambulancia-que-causou-acidente\/","name":"Prefeitura de S\u00e3o Jos\u00e9 do Egito diz que afastou motorista de ambul\u00e2ncia que causou acidente - Afogados FM","isPartOf":{"@id":"https:\/\/afogadosfm.com.br\/afogadosfm\/#website"},"primaryImageOfPage":{"@id":"https:\/\/afogadosfm.com.br\/afogadosfm\/2025\/04\/24\/prefeitura-de-sao-jose-do-egito-diz-que-afastou-motorista-de-ambulancia-que-causou-acidente\/#primaryimage"},"image":{"@id":"https:\/\/afogadosfm.com.br\/afogadosfm\/2025\/04\/24\/prefeitura-de-sao-jose-do-egito-diz-que-afastou-motorista-de-ambulancia-que-causou-acidente\/#primaryimage"},"thumbnailUrl":"https:\/\/i0.wp.com\/afogadosfm.com.br\/afogadosfm\/wp-content\/uploads\/2025\/04\/ambusje.webp?fit=519%2C400&ssl=1","datePublished":"2025-04-24T09:35:01+00:00","dateModified":"2025-04-24T09:51:37+00:00","breadcrumb":{"@id":"https:\/\/afogadosfm.com.br\/afogadosfm\/2025\/04\/24\/prefeitura-de-sao-jose-do-egito-diz-que-afastou-motorista-de-ambulancia-que-causou-acidente\/#breadcrumb"},"inLanguage":"pt-BR","potentialAction":[{"@type":"ReadAction","target":["https:\/\/afogadosfm.com.br\/afogadosfm\/2025\/04\/24\/prefeitura-de-sao-jose-do-egito-diz-que-afastou-motorista-de-ambulancia-que-causou-acidente\/"]}]},{"@type":"ImageObject","inLanguage":"pt-BR","@id":"https:\/\/afogadosfm.com.br\/afogadosfm\/2025\/04\/24\/prefeitura-de-sao-jose-do-egito-diz-que-afastou-motorista-de-ambulancia-que-causou-acidente\/#primaryimage","url":"https:\/\/i0.wp.com\/afogadosfm.com.br\/afogadosfm\/wp-content\/uploads\/2025\/04\/ambusje.webp?fit=519%2C400&ssl=1","contentUrl":"https:\/\/i0.wp.com\/afogadosfm.com.br\/afogadosfm\/wp-content\/uploads\/2025\/04\/ambusje.webp?fit=519%2C400&ssl=1","width":519,"height":400},{"@type":"BreadcrumbList","@id":"https:\/\/afogadosfm.com.br\/afogadosfm\/2025\/04\/24\/prefeitura-de-sao-jose-do-egito-diz-que-afastou-motorista-de-ambulancia-que-causou-acidente\/#breadcrumb","itemListElement":[{"@type":"ListItem","position":1,"name":"In\u00edcio","item":"https:\/\/afogadosfm.com.br\/afogadosfm\/"},{"@type":"ListItem","position":2,"name":"Prefeitura de S\u00e3o Jos\u00e9 do Egito diz que afastou motorista de ambul\u00e2ncia que causou acidente"}]},{"@type":"WebSite","@id":"https:\/\/afogadosfm.com.br\/afogadosfm\/#website","url":"https:\/\/afogadosfm.com.br\/afogadosfm\/","name":"Afogados FM","description":"Um site completo!","publisher":{"@id":"https:\/\/afogadosfm.com.br\/afogadosfm\/#organization"},"potentialAction":[{"@type":"SearchAction","target":{"@type":"EntryPoint","urlTemplate":"https:\/\/afogadosfm.com.br\/afogadosfm\/?s={search_term_string}"},"query-input":{"@type":"PropertyValueSpecification","valueRequired":true,"valueName":"search_term_string"}}],"inLanguage":"pt-BR"},{"@type":"Organization","@id":"https:\/\/afogadosfm.com.br\/afogadosfm\/#organization","name":"Afogados FM","url":"https:\/\/afogadosfm.com.br\/afogadosfm\/","logo":{"@type":"ImageObject","inLanguage":"pt-BR","@id":"https:\/\/afogadosfm.com.br\/afogadosfm\/#\/schema\/logo\/image\/","url":"https:\/\/i0.wp.com\/afogadosfm.com.br\/afogadosfm\/wp-content\/uploads\/2020\/06\/cropped-banner-afogados-4.jpg?fit=369%2C137&ssl=1","contentUrl":"https:\/\/i0.wp.com\/afogadosfm.com.br\/afogadosfm\/wp-content\/uploads\/2020\/06\/cropped-banner-afogados-4.jpg?fit=369%2C137&ssl=1","width":369,"height":137,"caption":"Afogados FM"},"image":{"@id":"https:\/\/afogadosfm.com.br\/afogadosfm\/#\/schema\/logo\/image\/"}},{"@type":"Person","@id":"https:\/\/afogadosfm.com.br\/afogadosfm\/#\/schema\/person\/60e56f2cf5dc960fc093fe093d9e9057","name":"afogadosfm","image":{"@type":"ImageObject","inLanguage":"pt-BR","@id":"https:\/\/secure.gravatar.com\/avatar\/e0359add7ed5dc3560906d861b52c6a8cf5c1e199d3a7dd85070998f49bd4701?s=96&d=mm&r=g","url":"https:\/\/secure.gravatar.com\/avatar\/e0359add7ed5dc3560906d861b52c6a8cf5c1e199d3a7dd85070998f49bd4701?s=96&d=mm&r=g","contentUrl":"https:\/\/secure.gravatar.com\/avatar\/e0359add7ed5dc3560906d861b52c6a8cf5c1e199d3a7dd85070998f49bd4701?s=96&d=mm&r=g","caption":"afogadosfm"},"url":"https:\/\/afogadosfm.com.br\/afogadosfm\/author\/afogadosfm\/"}]}},"jetpack_publicize_connections":[],"jetpack_featured_media_url":"https:\/\/i0.wp.com\/afogadosfm.com.br\/afogadosfm\/wp-content\/uploads\/2025\/04\/ambusje.webp?fit=519%2C400&ssl=1","jetpack-related-posts":[],"jetpack_sharing_enabled":true,"jetpack_likes_enabled":true,"_links":{"self":[{"href":"https:\/\/afogadosfm.com.br\/afogadosfm\/wp-json\/wp\/v2\/posts\/65253","targetHints":{"allow":["GET"]}}],"collection":[{"href":"https:\/\/afogadosfm.com.br\/afogadosfm\/wp-json\/wp\/v2\/posts"}],"about":[{"href":"https:\/\/afogadosfm.com.br\/afogadosfm\/wp-json\/wp\/v2\/types\/post"}],"author":[{"embeddable":true,"href":"https:\/\/afogadosfm.com.br\/afogadosfm\/wp-json\/wp\/v2\/users\/2"}],"replies":[{"embeddable":true,"href":"https:\/\/afogadosfm.com.br\/afogadosfm\/wp-json\/wp\/v2\/comments?post=65253"}],"version-history":[{"count":2,"href":"https:\/\/afogadosfm.com.br\/afogadosfm\/wp-json\/wp\/v2\/posts\/65253\/revisions"}],"predecessor-version":[{"id":65259,"href":"https:\/\/afogadosfm.com.br\/afogadosfm\/wp-json\/wp\/v2\/posts\/65253\/revisions\/65259"}],"wp:featuredmedia":[{"embeddable":true,"href":"https:\/\/afogadosfm.com.br\/afogadosfm\/wp-json\/wp\/v2\/media\/65254"}],"wp:attachment":[{"href":"https:\/\/afogadosfm.com.br\/afogadosfm\/wp-json\/wp\/v2\/media?parent=65253"}],"wp:term":[{"taxonomy":"category","embeddable":true,"href":"https:\/\/afogadosfm.com.br\/afogadosfm\/wp-json\/wp\/v2\/categories?post=65253"},{"taxonomy":"post_tag","embeddable":true,"href":"https:\/\/afogadosfm.com.br\/afogadosfm\/wp-json\/wp\/v2\/tags?post=65253"}],"curies":[{"name":"wp","href":"https:\/\/api.w.org\/{rel}","templated":true}]}}