{"id":65357,"date":"2025-04-29T05:57:07","date_gmt":"2025-04-29T08:57:07","guid":{"rendered":"https:\/\/afogadosfm.com.br\/afogadosfm\/?p=65357"},"modified":"2025-04-29T05:57:08","modified_gmt":"2025-04-29T08:57:08","slug":"8o-congresso-pernambucano-de-municipios-e-aberto-com-foco-em-planejamento-parcerias-e-fortalecimento-dos-municipios","status":"publish","type":"post","link":"https:\/\/afogadosfm.com.br\/afogadosfm\/2025\/04\/29\/8o-congresso-pernambucano-de-municipios-e-aberto-com-foco-em-planejamento-parcerias-e-fortalecimento-dos-municipios\/","title":{"rendered":"8\u00ba Congresso Pernambucano de Munic\u00edpios \u00e9 aberto com foco em planejamento, parcerias e fortalecimento dos munic\u00edpios"},"content":{"rendered":"\n<p><a href=\"whatsapp:\/\/send?text=https%3A%2F%2Fjuniorcampos.net%2Fpolitica%2F8o-congresso-pernambucano-de-municipios-e-aberto-com-foco-em-planejamento-parcerias-e-fortalecimento-do-municipalismo%2F%208%C2%BA%20Congresso%20Pernambucano%20de%20Munic%C3%ADpios%20%C3%A9%20aberto%20com%20foco%20em%20planejamento%2C%20parcerias%20e%20fortalecimento%20do%20municipalismo%20-%20J%C3%BAnior%20Campos\"><\/a>Teve in\u00edcio na segunda-feira (28), no Centro de Conven\u00e7\u00f5es, o 8\u00ba Congresso Pernambucano de Munic\u00edpios, promovido pela Associa\u00e7\u00e3o Municipalista de Pernambuco (Amupe). A solenidade de abertura foi conduzida pelo presidente da entidade, Marcelo Gouveia, e contou com a presen\u00e7a da governadora Raquel Lyra, dos senadores Humberto Costa e Teresa Leit\u00e3o, al\u00e9m dos ministros Andr\u00e9 de Paula (Pesca e Aquicultura) e Silvio Costa Filho (Portos e Aeroportos), al\u00e9m de deputados federais e estaduais. Com o tema \u201cGest\u00e3o de Sucesso: Planejamento e A\u00e7\u00e3o\u201d, o evento segue at\u00e9 a quarta-feira (30), reunindo representantes de todo o estado em debates e a\u00e7\u00f5es voltadas ao fortalecimento das gest\u00f5es locais.<\/p>\n\n\n\n<p>\u201cO Congresso \u00e9 um espa\u00e7o de constru\u00e7\u00e3o coletiva, de troca de experi\u00eancias e busca por solu\u00e7\u00f5es concretas. Pernambuco se encontra aqui, do litoral ao sert\u00e3o, para trabalhar a melhoria dos munic\u00edpios e da vida das pessoas. Visitem a caravana, os estandes da Feira da Amupe. S\u00e3o muitas inova\u00e7\u00f5es tecnol\u00f3gicas, minist\u00e9rios, bancos e empresas p\u00fablicas \u00e0 disposi\u00e7\u00e3o para destravar projetos parados ou tirar d\u00favidas\u201d, destacou Marcelo Gouveia.<\/p>\n\n\n\n<p>Representando o Governo Federal, o secret\u00e1rio nacional de Rela\u00e7\u00f5es Institucionais, Il\u00e1rio Marques, realizou a abertura oficial da Caravana Federativa, um dos principais destaques do evento. A iniciativa re\u00fane minist\u00e9rios, bancos p\u00fablicos e \u00f3rg\u00e3os federais para oferecer atendimento direto aos gestores municipais. \u201cFortalecer o federalismo \u00e9 fortalecer o municipalismo. Estamos aqui para construir parcerias e abrir caminhos para melhorar a vida das pessoas nos munic\u00edpios\u201d, afirmou Il\u00e1rio.<\/p>\n\n\n\n<p>O presidente do Tribunal de Contas do Estado de Pernambuco (TCE\/PE), Valdecir Pascoal, tamb\u00e9m enalteceu a import\u00e2ncia do Congresso. \u201cTive a oportunidade de ler a programa\u00e7\u00e3o e todos os temas desafiadores dos munic\u00edpios est\u00e3o em pauta, desde educa\u00e7\u00e3o \u00e0 quest\u00e3o fiscal. Parab\u00e9ns \u00e0 Amupe pela organiza\u00e7\u00e3o e por manter essa tradi\u00e7\u00e3o t\u00e3o relevante para a gest\u00e3o p\u00fablica\u201d, pontuou.<\/p>\n\n\n\n<p>Durante os tr\u00eas dias de programa\u00e7\u00e3o, o p\u00fablico poder\u00e1 acompanhar pain\u00e9is tem\u00e1ticos, oficinas, atendimento t\u00e9cnico e institucional da Caravana Federativa e da iniciativa \u201cVamos Mudar Juntos\u201d, do Governo de Pernambuco, que traz mais de 20 secretarias estaduais para o evento. Para a governadora Raquel Lyra, \u201c\u00e9 claro o esfor\u00e7o di\u00e1rio dos prefeitos e prefeitas, que est\u00e3o na ponta, lidando diretamente com os desafios da popula\u00e7\u00e3o. O Governo do Estado est\u00e1 de portas abertas para construir solu\u00e7\u00f5es conjuntas, com di\u00e1logo, escuta e parceria. S\u00f3 com uni\u00e3o conseguiremos transformar a vida das pessoas nos nossos munic\u00edpios\u201d, afirmou.<\/p>\n","protected":false},"excerpt":{"rendered":"<p>Teve in\u00edcio na segunda-feira (28), no Centro de Conven\u00e7\u00f5es, o 8\u00ba Congresso Pernambucano de Munic\u00edpios, promovido pela Associa\u00e7\u00e3o Municipalista de<\/p>\n","protected":false},"author":2,"featured_media":2489,"comment_status":"open","ping_status":"open","sticky":false,"template":"","format":"standard","meta":{"jetpack_post_was_ever_published":false,"_jetpack_newsletter_access":"","_jetpack_dont_email_post_to_subs":false,"_jetpack_newsletter_tier_id":0,"_jetpack_memberships_contains_paywalled_content":false,"_jetpack_memberships_contains_paid_content":false,"footnotes":"","jetpack_publicize_message":"","jetpack_publicize_feature_enabled":true,"jetpack_social_post_already_shared":true,"jetpack_social_options":{"image_generator_settings":{"template":"highway","default_image_id":0,"font":"","enabled":false},"version":2}},"categories":[13],"tags":[],"class_list":["post-65357","post","type-post","status-publish","format-standard","has-post-thumbnail","hentry","category-pernambuco"],"yoast_head":"<!-- This site is optimized with the Yoast SEO plugin v27.5 - https:\/\/yoast.com\/product\/yoast-seo-wordpress\/ -->\n<title>8\u00ba Congresso Pernambucano de Munic\u00edpios \u00e9 aberto com foco em planejamento, parcerias e fortalecimento dos munic\u00edpios - Afogados FM<\/title>\n<meta name=\"robots\" content=\"index, follow, max-snippet:-1, max-image-preview:large, max-video-preview:-1\" \/>\n<link rel=\"canonical\" href=\"https:\/\/afogadosfm.com.br\/afogadosfm\/2025\/04\/29\/8o-congresso-pernambucano-de-municipios-e-aberto-com-foco-em-planejamento-parcerias-e-fortalecimento-dos-municipios\/\" \/>\n<meta property=\"og:locale\" content=\"pt_BR\" \/>\n<meta property=\"og:type\" content=\"article\" \/>\n<meta property=\"og:title\" content=\"8\u00ba Congresso Pernambucano de Munic\u00edpios \u00e9 aberto com foco em planejamento, parcerias e fortalecimento dos munic\u00edpios - Afogados FM\" \/>\n<meta property=\"og:description\" content=\"Teve in\u00edcio na segunda-feira (28), no Centro de Conven\u00e7\u00f5es, o 8\u00ba Congresso Pernambucano de Munic\u00edpios, promovido pela Associa\u00e7\u00e3o Municipalista de\" \/>\n<meta property=\"og:url\" content=\"https:\/\/afogadosfm.com.br\/afogadosfm\/2025\/04\/29\/8o-congresso-pernambucano-de-municipios-e-aberto-com-foco-em-planejamento-parcerias-e-fortalecimento-dos-municipios\/\" \/>\n<meta property=\"og:site_name\" content=\"Afogados FM\" \/>\n<meta property=\"article:published_time\" content=\"2025-04-29T08:57:07+00:00\" \/>\n<meta property=\"article:modified_time\" content=\"2025-04-29T08:57:08+00:00\" \/>\n<meta property=\"og:image\" content=\"https:\/\/afogadosfm.com.br\/afogadosfm\/wp-content\/uploads\/2018\/02\/amupe_1.jpg\" \/>\n\t<meta property=\"og:image:width\" content=\"411\" \/>\n\t<meta property=\"og:image:height\" content=\"168\" \/>\n\t<meta property=\"og:image:type\" content=\"image\/jpeg\" \/>\n<meta name=\"author\" content=\"afogadosfm\" \/>\n<meta name=\"twitter:card\" content=\"summary_large_image\" \/>\n<meta name=\"twitter:label1\" content=\"Escrito por\" \/>\n\t<meta name=\"twitter:data1\" content=\"afogadosfm\" \/>\n\t<meta name=\"twitter:label2\" content=\"Est. tempo de leitura\" \/>\n\t<meta name=\"twitter:data2\" content=\"3 minutos\" \/>\n<script type=\"application\/ld+json\" class=\"yoast-schema-graph\">{\"@context\":\"https:\\\/\\\/schema.org\",\"@graph\":[{\"@type\":\"Article\",\"@id\":\"https:\\\/\\\/afogadosfm.com.br\\\/afogadosfm\\\/2025\\\/04\\\/29\\\/8o-congresso-pernambucano-de-municipios-e-aberto-com-foco-em-planejamento-parcerias-e-fortalecimento-dos-municipios\\\/#article\",\"isPartOf\":{\"@id\":\"https:\\\/\\\/afogadosfm.com.br\\\/afogadosfm\\\/2025\\\/04\\\/29\\\/8o-congresso-pernambucano-de-municipios-e-aberto-com-foco-em-planejamento-parcerias-e-fortalecimento-dos-municipios\\\/\"},\"author\":{\"name\":\"afogadosfm\",\"@id\":\"https:\\\/\\\/afogadosfm.com.br\\\/afogadosfm\\\/#\\\/schema\\\/person\\\/60e56f2cf5dc960fc093fe093d9e9057\"},\"headline\":\"8\u00ba Congresso Pernambucano de Munic\u00edpios \u00e9 aberto com foco em planejamento, parcerias e fortalecimento dos munic\u00edpios\",\"datePublished\":\"2025-04-29T08:57:07+00:00\",\"dateModified\":\"2025-04-29T08:57:08+00:00\",\"mainEntityOfPage\":{\"@id\":\"https:\\\/\\\/afogadosfm.com.br\\\/afogadosfm\\\/2025\\\/04\\\/29\\\/8o-congresso-pernambucano-de-municipios-e-aberto-com-foco-em-planejamento-parcerias-e-fortalecimento-dos-municipios\\\/\"},\"wordCount\":457,\"commentCount\":0,\"publisher\":{\"@id\":\"https:\\\/\\\/afogadosfm.com.br\\\/afogadosfm\\\/#organization\"},\"image\":{\"@id\":\"https:\\\/\\\/afogadosfm.com.br\\\/afogadosfm\\\/2025\\\/04\\\/29\\\/8o-congresso-pernambucano-de-municipios-e-aberto-com-foco-em-planejamento-parcerias-e-fortalecimento-dos-municipios\\\/#primaryimage\"},\"thumbnailUrl\":\"https:\\\/\\\/i0.wp.com\\\/afogadosfm.com.br\\\/afogadosfm\\\/wp-content\\\/uploads\\\/2018\\\/02\\\/amupe_1.jpg?fit=411%2C168&ssl=1\",\"articleSection\":[\"Pernambuco\"],\"inLanguage\":\"pt-BR\",\"potentialAction\":[{\"@type\":\"CommentAction\",\"name\":\"Comment\",\"target\":[\"https:\\\/\\\/afogadosfm.com.br\\\/afogadosfm\\\/2025\\\/04\\\/29\\\/8o-congresso-pernambucano-de-municipios-e-aberto-com-foco-em-planejamento-parcerias-e-fortalecimento-dos-municipios\\\/#respond\"]}]},{\"@type\":\"WebPage\",\"@id\":\"https:\\\/\\\/afogadosfm.com.br\\\/afogadosfm\\\/2025\\\/04\\\/29\\\/8o-congresso-pernambucano-de-municipios-e-aberto-com-foco-em-planejamento-parcerias-e-fortalecimento-dos-municipios\\\/\",\"url\":\"https:\\\/\\\/afogadosfm.com.br\\\/afogadosfm\\\/2025\\\/04\\\/29\\\/8o-congresso-pernambucano-de-municipios-e-aberto-com-foco-em-planejamento-parcerias-e-fortalecimento-dos-municipios\\\/\",\"name\":\"8\u00ba Congresso Pernambucano de Munic\u00edpios \u00e9 aberto com foco em planejamento, parcerias e fortalecimento dos munic\u00edpios - Afogados FM\",\"isPartOf\":{\"@id\":\"https:\\\/\\\/afogadosfm.com.br\\\/afogadosfm\\\/#website\"},\"primaryImageOfPage\":{\"@id\":\"https:\\\/\\\/afogadosfm.com.br\\\/afogadosfm\\\/2025\\\/04\\\/29\\\/8o-congresso-pernambucano-de-municipios-e-aberto-com-foco-em-planejamento-parcerias-e-fortalecimento-dos-municipios\\\/#primaryimage\"},\"image\":{\"@id\":\"https:\\\/\\\/afogadosfm.com.br\\\/afogadosfm\\\/2025\\\/04\\\/29\\\/8o-congresso-pernambucano-de-municipios-e-aberto-com-foco-em-planejamento-parcerias-e-fortalecimento-dos-municipios\\\/#primaryimage\"},\"thumbnailUrl\":\"https:\\\/\\\/i0.wp.com\\\/afogadosfm.com.br\\\/afogadosfm\\\/wp-content\\\/uploads\\\/2018\\\/02\\\/amupe_1.jpg?fit=411%2C168&ssl=1\",\"datePublished\":\"2025-04-29T08:57:07+00:00\",\"dateModified\":\"2025-04-29T08:57:08+00:00\",\"breadcrumb\":{\"@id\":\"https:\\\/\\\/afogadosfm.com.br\\\/afogadosfm\\\/2025\\\/04\\\/29\\\/8o-congresso-pernambucano-de-municipios-e-aberto-com-foco-em-planejamento-parcerias-e-fortalecimento-dos-municipios\\\/#breadcrumb\"},\"inLanguage\":\"pt-BR\",\"potentialAction\":[{\"@type\":\"ReadAction\",\"target\":[\"https:\\\/\\\/afogadosfm.com.br\\\/afogadosfm\\\/2025\\\/04\\\/29\\\/8o-congresso-pernambucano-de-municipios-e-aberto-com-foco-em-planejamento-parcerias-e-fortalecimento-dos-municipios\\\/\"]}]},{\"@type\":\"ImageObject\",\"inLanguage\":\"pt-BR\",\"@id\":\"https:\\\/\\\/afogadosfm.com.br\\\/afogadosfm\\\/2025\\\/04\\\/29\\\/8o-congresso-pernambucano-de-municipios-e-aberto-com-foco-em-planejamento-parcerias-e-fortalecimento-dos-municipios\\\/#primaryimage\",\"url\":\"https:\\\/\\\/i0.wp.com\\\/afogadosfm.com.br\\\/afogadosfm\\\/wp-content\\\/uploads\\\/2018\\\/02\\\/amupe_1.jpg?fit=411%2C168&ssl=1\",\"contentUrl\":\"https:\\\/\\\/i0.wp.com\\\/afogadosfm.com.br\\\/afogadosfm\\\/wp-content\\\/uploads\\\/2018\\\/02\\\/amupe_1.jpg?fit=411%2C168&ssl=1\",\"width\":411,\"height\":168},{\"@type\":\"BreadcrumbList\",\"@id\":\"https:\\\/\\\/afogadosfm.com.br\\\/afogadosfm\\\/2025\\\/04\\\/29\\\/8o-congresso-pernambucano-de-municipios-e-aberto-com-foco-em-planejamento-parcerias-e-fortalecimento-dos-municipios\\\/#breadcrumb\",\"itemListElement\":[{\"@type\":\"ListItem\",\"position\":1,\"name\":\"In\u00edcio\",\"item\":\"https:\\\/\\\/afogadosfm.com.br\\\/afogadosfm\\\/\"},{\"@type\":\"ListItem\",\"position\":2,\"name\":\"8\u00ba Congresso Pernambucano de Munic\u00edpios \u00e9 aberto com foco em planejamento, parcerias e fortalecimento dos munic\u00edpios\"}]},{\"@type\":\"WebSite\",\"@id\":\"https:\\\/\\\/afogadosfm.com.br\\\/afogadosfm\\\/#website\",\"url\":\"https:\\\/\\\/afogadosfm.com.br\\\/afogadosfm\\\/\",\"name\":\"Afogados FM\",\"description\":\"Um site completo!\",\"publisher\":{\"@id\":\"https:\\\/\\\/afogadosfm.com.br\\\/afogadosfm\\\/#organization\"},\"potentialAction\":[{\"@type\":\"SearchAction\",\"target\":{\"@type\":\"EntryPoint\",\"urlTemplate\":\"https:\\\/\\\/afogadosfm.com.br\\\/afogadosfm\\\/?s={search_term_string}\"},\"query-input\":{\"@type\":\"PropertyValueSpecification\",\"valueRequired\":true,\"valueName\":\"search_term_string\"}}],\"inLanguage\":\"pt-BR\"},{\"@type\":\"Organization\",\"@id\":\"https:\\\/\\\/afogadosfm.com.br\\\/afogadosfm\\\/#organization\",\"name\":\"Afogados FM\",\"url\":\"https:\\\/\\\/afogadosfm.com.br\\\/afogadosfm\\\/\",\"logo\":{\"@type\":\"ImageObject\",\"inLanguage\":\"pt-BR\",\"@id\":\"https:\\\/\\\/afogadosfm.com.br\\\/afogadosfm\\\/#\\\/schema\\\/logo\\\/image\\\/\",\"url\":\"https:\\\/\\\/i0.wp.com\\\/afogadosfm.com.br\\\/afogadosfm\\\/wp-content\\\/uploads\\\/2020\\\/06\\\/cropped-banner-afogados-4.jpg?fit=369%2C137&ssl=1\",\"contentUrl\":\"https:\\\/\\\/i0.wp.com\\\/afogadosfm.com.br\\\/afogadosfm\\\/wp-content\\\/uploads\\\/2020\\\/06\\\/cropped-banner-afogados-4.jpg?fit=369%2C137&ssl=1\",\"width\":369,\"height\":137,\"caption\":\"Afogados FM\"},\"image\":{\"@id\":\"https:\\\/\\\/afogadosfm.com.br\\\/afogadosfm\\\/#\\\/schema\\\/logo\\\/image\\\/\"}},{\"@type\":\"Person\",\"@id\":\"https:\\\/\\\/afogadosfm.com.br\\\/afogadosfm\\\/#\\\/schema\\\/person\\\/60e56f2cf5dc960fc093fe093d9e9057\",\"name\":\"afogadosfm\",\"image\":{\"@type\":\"ImageObject\",\"inLanguage\":\"pt-BR\",\"@id\":\"https:\\\/\\\/secure.gravatar.com\\\/avatar\\\/e0359add7ed5dc3560906d861b52c6a8cf5c1e199d3a7dd85070998f49bd4701?s=96&d=mm&r=g\",\"url\":\"https:\\\/\\\/secure.gravatar.com\\\/avatar\\\/e0359add7ed5dc3560906d861b52c6a8cf5c1e199d3a7dd85070998f49bd4701?s=96&d=mm&r=g\",\"contentUrl\":\"https:\\\/\\\/secure.gravatar.com\\\/avatar\\\/e0359add7ed5dc3560906d861b52c6a8cf5c1e199d3a7dd85070998f49bd4701?s=96&d=mm&r=g\",\"caption\":\"afogadosfm\"},\"url\":\"https:\\\/\\\/afogadosfm.com.br\\\/afogadosfm\\\/author\\\/afogadosfm\\\/\"}]}<\/script>\n<!-- \/ Yoast SEO plugin. -->","yoast_head_json":{"title":"8\u00ba Congresso Pernambucano de Munic\u00edpios \u00e9 aberto com foco em planejamento, parcerias e fortalecimento dos munic\u00edpios - Afogados FM","robots":{"index":"index","follow":"follow","max-snippet":"max-snippet:-1","max-image-preview":"max-image-preview:large","max-video-preview":"max-video-preview:-1"},"canonical":"https:\/\/afogadosfm.com.br\/afogadosfm\/2025\/04\/29\/8o-congresso-pernambucano-de-municipios-e-aberto-com-foco-em-planejamento-parcerias-e-fortalecimento-dos-municipios\/","og_locale":"pt_BR","og_type":"article","og_title":"8\u00ba Congresso Pernambucano de Munic\u00edpios \u00e9 aberto com foco em planejamento, parcerias e fortalecimento dos munic\u00edpios - Afogados FM","og_description":"Teve in\u00edcio na segunda-feira (28), no Centro de Conven\u00e7\u00f5es, o 8\u00ba Congresso Pernambucano de Munic\u00edpios, promovido pela Associa\u00e7\u00e3o Municipalista de","og_url":"https:\/\/afogadosfm.com.br\/afogadosfm\/2025\/04\/29\/8o-congresso-pernambucano-de-municipios-e-aberto-com-foco-em-planejamento-parcerias-e-fortalecimento-dos-municipios\/","og_site_name":"Afogados FM","article_published_time":"2025-04-29T08:57:07+00:00","article_modified_time":"2025-04-29T08:57:08+00:00","og_image":[{"width":411,"height":168,"url":"https:\/\/afogadosfm.com.br\/afogadosfm\/wp-content\/uploads\/2018\/02\/amupe_1.jpg","type":"image\/jpeg"}],"author":"afogadosfm","twitter_card":"summary_large_image","twitter_misc":{"Escrito por":"afogadosfm","Est. tempo de leitura":"3 minutos"},"schema":{"@context":"https:\/\/schema.org","@graph":[{"@type":"Article","@id":"https:\/\/afogadosfm.com.br\/afogadosfm\/2025\/04\/29\/8o-congresso-pernambucano-de-municipios-e-aberto-com-foco-em-planejamento-parcerias-e-fortalecimento-dos-municipios\/#article","isPartOf":{"@id":"https:\/\/afogadosfm.com.br\/afogadosfm\/2025\/04\/29\/8o-congresso-pernambucano-de-municipios-e-aberto-com-foco-em-planejamento-parcerias-e-fortalecimento-dos-municipios\/"},"author":{"name":"afogadosfm","@id":"https:\/\/afogadosfm.com.br\/afogadosfm\/#\/schema\/person\/60e56f2cf5dc960fc093fe093d9e9057"},"headline":"8\u00ba Congresso Pernambucano de Munic\u00edpios \u00e9 aberto com foco em planejamento, parcerias e fortalecimento dos munic\u00edpios","datePublished":"2025-04-29T08:57:07+00:00","dateModified":"2025-04-29T08:57:08+00:00","mainEntityOfPage":{"@id":"https:\/\/afogadosfm.com.br\/afogadosfm\/2025\/04\/29\/8o-congresso-pernambucano-de-municipios-e-aberto-com-foco-em-planejamento-parcerias-e-fortalecimento-dos-municipios\/"},"wordCount":457,"commentCount":0,"publisher":{"@id":"https:\/\/afogadosfm.com.br\/afogadosfm\/#organization"},"image":{"@id":"https:\/\/afogadosfm.com.br\/afogadosfm\/2025\/04\/29\/8o-congresso-pernambucano-de-municipios-e-aberto-com-foco-em-planejamento-parcerias-e-fortalecimento-dos-municipios\/#primaryimage"},"thumbnailUrl":"https:\/\/i0.wp.com\/afogadosfm.com.br\/afogadosfm\/wp-content\/uploads\/2018\/02\/amupe_1.jpg?fit=411%2C168&ssl=1","articleSection":["Pernambuco"],"inLanguage":"pt-BR","potentialAction":[{"@type":"CommentAction","name":"Comment","target":["https:\/\/afogadosfm.com.br\/afogadosfm\/2025\/04\/29\/8o-congresso-pernambucano-de-municipios-e-aberto-com-foco-em-planejamento-parcerias-e-fortalecimento-dos-municipios\/#respond"]}]},{"@type":"WebPage","@id":"https:\/\/afogadosfm.com.br\/afogadosfm\/2025\/04\/29\/8o-congresso-pernambucano-de-municipios-e-aberto-com-foco-em-planejamento-parcerias-e-fortalecimento-dos-municipios\/","url":"https:\/\/afogadosfm.com.br\/afogadosfm\/2025\/04\/29\/8o-congresso-pernambucano-de-municipios-e-aberto-com-foco-em-planejamento-parcerias-e-fortalecimento-dos-municipios\/","name":"8\u00ba Congresso Pernambucano de Munic\u00edpios \u00e9 aberto com foco em planejamento, parcerias e fortalecimento dos munic\u00edpios - Afogados FM","isPartOf":{"@id":"https:\/\/afogadosfm.com.br\/afogadosfm\/#website"},"primaryImageOfPage":{"@id":"https:\/\/afogadosfm.com.br\/afogadosfm\/2025\/04\/29\/8o-congresso-pernambucano-de-municipios-e-aberto-com-foco-em-planejamento-parcerias-e-fortalecimento-dos-municipios\/#primaryimage"},"image":{"@id":"https:\/\/afogadosfm.com.br\/afogadosfm\/2025\/04\/29\/8o-congresso-pernambucano-de-municipios-e-aberto-com-foco-em-planejamento-parcerias-e-fortalecimento-dos-municipios\/#primaryimage"},"thumbnailUrl":"https:\/\/i0.wp.com\/afogadosfm.com.br\/afogadosfm\/wp-content\/uploads\/2018\/02\/amupe_1.jpg?fit=411%2C168&ssl=1","datePublished":"2025-04-29T08:57:07+00:00","dateModified":"2025-04-29T08:57:08+00:00","breadcrumb":{"@id":"https:\/\/afogadosfm.com.br\/afogadosfm\/2025\/04\/29\/8o-congresso-pernambucano-de-municipios-e-aberto-com-foco-em-planejamento-parcerias-e-fortalecimento-dos-municipios\/#breadcrumb"},"inLanguage":"pt-BR","potentialAction":[{"@type":"ReadAction","target":["https:\/\/afogadosfm.com.br\/afogadosfm\/2025\/04\/29\/8o-congresso-pernambucano-de-municipios-e-aberto-com-foco-em-planejamento-parcerias-e-fortalecimento-dos-municipios\/"]}]},{"@type":"ImageObject","inLanguage":"pt-BR","@id":"https:\/\/afogadosfm.com.br\/afogadosfm\/2025\/04\/29\/8o-congresso-pernambucano-de-municipios-e-aberto-com-foco-em-planejamento-parcerias-e-fortalecimento-dos-municipios\/#primaryimage","url":"https:\/\/i0.wp.com\/afogadosfm.com.br\/afogadosfm\/wp-content\/uploads\/2018\/02\/amupe_1.jpg?fit=411%2C168&ssl=1","contentUrl":"https:\/\/i0.wp.com\/afogadosfm.com.br\/afogadosfm\/wp-content\/uploads\/2018\/02\/amupe_1.jpg?fit=411%2C168&ssl=1","width":411,"height":168},{"@type":"BreadcrumbList","@id":"https:\/\/afogadosfm.com.br\/afogadosfm\/2025\/04\/29\/8o-congresso-pernambucano-de-municipios-e-aberto-com-foco-em-planejamento-parcerias-e-fortalecimento-dos-municipios\/#breadcrumb","itemListElement":[{"@type":"ListItem","position":1,"name":"In\u00edcio","item":"https:\/\/afogadosfm.com.br\/afogadosfm\/"},{"@type":"ListItem","position":2,"name":"8\u00ba Congresso Pernambucano de Munic\u00edpios \u00e9 aberto com foco em planejamento, parcerias e fortalecimento dos munic\u00edpios"}]},{"@type":"WebSite","@id":"https:\/\/afogadosfm.com.br\/afogadosfm\/#website","url":"https:\/\/afogadosfm.com.br\/afogadosfm\/","name":"Afogados FM","description":"Um site completo!","publisher":{"@id":"https:\/\/afogadosfm.com.br\/afogadosfm\/#organization"},"potentialAction":[{"@type":"SearchAction","target":{"@type":"EntryPoint","urlTemplate":"https:\/\/afogadosfm.com.br\/afogadosfm\/?s={search_term_string}"},"query-input":{"@type":"PropertyValueSpecification","valueRequired":true,"valueName":"search_term_string"}}],"inLanguage":"pt-BR"},{"@type":"Organization","@id":"https:\/\/afogadosfm.com.br\/afogadosfm\/#organization","name":"Afogados FM","url":"https:\/\/afogadosfm.com.br\/afogadosfm\/","logo":{"@type":"ImageObject","inLanguage":"pt-BR","@id":"https:\/\/afogadosfm.com.br\/afogadosfm\/#\/schema\/logo\/image\/","url":"https:\/\/i0.wp.com\/afogadosfm.com.br\/afogadosfm\/wp-content\/uploads\/2020\/06\/cropped-banner-afogados-4.jpg?fit=369%2C137&ssl=1","contentUrl":"https:\/\/i0.wp.com\/afogadosfm.com.br\/afogadosfm\/wp-content\/uploads\/2020\/06\/cropped-banner-afogados-4.jpg?fit=369%2C137&ssl=1","width":369,"height":137,"caption":"Afogados FM"},"image":{"@id":"https:\/\/afogadosfm.com.br\/afogadosfm\/#\/schema\/logo\/image\/"}},{"@type":"Person","@id":"https:\/\/afogadosfm.com.br\/afogadosfm\/#\/schema\/person\/60e56f2cf5dc960fc093fe093d9e9057","name":"afogadosfm","image":{"@type":"ImageObject","inLanguage":"pt-BR","@id":"https:\/\/secure.gravatar.com\/avatar\/e0359add7ed5dc3560906d861b52c6a8cf5c1e199d3a7dd85070998f49bd4701?s=96&d=mm&r=g","url":"https:\/\/secure.gravatar.com\/avatar\/e0359add7ed5dc3560906d861b52c6a8cf5c1e199d3a7dd85070998f49bd4701?s=96&d=mm&r=g","contentUrl":"https:\/\/secure.gravatar.com\/avatar\/e0359add7ed5dc3560906d861b52c6a8cf5c1e199d3a7dd85070998f49bd4701?s=96&d=mm&r=g","caption":"afogadosfm"},"url":"https:\/\/afogadosfm.com.br\/afogadosfm\/author\/afogadosfm\/"}]}},"jetpack_publicize_connections":[],"jetpack_featured_media_url":"https:\/\/i0.wp.com\/afogadosfm.com.br\/afogadosfm\/wp-content\/uploads\/2018\/02\/amupe_1.jpg?fit=411%2C168&ssl=1","jetpack-related-posts":[],"jetpack_sharing_enabled":true,"jetpack_likes_enabled":true,"_links":{"self":[{"href":"https:\/\/afogadosfm.com.br\/afogadosfm\/wp-json\/wp\/v2\/posts\/65357","targetHints":{"allow":["GET"]}}],"collection":[{"href":"https:\/\/afogadosfm.com.br\/afogadosfm\/wp-json\/wp\/v2\/posts"}],"about":[{"href":"https:\/\/afogadosfm.com.br\/afogadosfm\/wp-json\/wp\/v2\/types\/post"}],"author":[{"embeddable":true,"href":"https:\/\/afogadosfm.com.br\/afogadosfm\/wp-json\/wp\/v2\/users\/2"}],"replies":[{"embeddable":true,"href":"https:\/\/afogadosfm.com.br\/afogadosfm\/wp-json\/wp\/v2\/comments?post=65357"}],"version-history":[{"count":1,"href":"https:\/\/afogadosfm.com.br\/afogadosfm\/wp-json\/wp\/v2\/posts\/65357\/revisions"}],"predecessor-version":[{"id":65358,"href":"https:\/\/afogadosfm.com.br\/afogadosfm\/wp-json\/wp\/v2\/posts\/65357\/revisions\/65358"}],"wp:featuredmedia":[{"embeddable":true,"href":"https:\/\/afogadosfm.com.br\/afogadosfm\/wp-json\/wp\/v2\/media\/2489"}],"wp:attachment":[{"href":"https:\/\/afogadosfm.com.br\/afogadosfm\/wp-json\/wp\/v2\/media?parent=65357"}],"wp:term":[{"taxonomy":"category","embeddable":true,"href":"https:\/\/afogadosfm.com.br\/afogadosfm\/wp-json\/wp\/v2\/categories?post=65357"},{"taxonomy":"post_tag","embeddable":true,"href":"https:\/\/afogadosfm.com.br\/afogadosfm\/wp-json\/wp\/v2\/tags?post=65357"}],"curies":[{"name":"wp","href":"https:\/\/api.w.org\/{rel}","templated":true}]}}